{"id":8081,"date":"2021-10-21T13:56:46","date_gmt":"2021-10-21T13:56:46","guid":{"rendered":"https:\/\/sff-camara.com\/sin-categorizar\/los-fondos-private-equity-y-los-fondos-de-isr-unas-inversiones-sostenibles-y-a-largo-plazo\/"},"modified":"2023-09-17T20:42:07","modified_gmt":"2023-09-17T20:42:07","slug":"los-fondos-private-equity-y-los-fondos-de-isr-unas-inversiones-sostenibles-y-a-largo-plazo","status":"publish","type":"post","link":"https:\/\/sff-camara.com\/es\/sff-magazine-octubre-2021\/los-fondos-private-equity-y-los-fondos-de-isr-unas-inversiones-sostenibles-y-a-largo-plazo\/","title":{"rendered":"Los fondos Private Equity y los fondos de ISR: unas inversiones sostenibles y a largo plazo"},"content":{"rendered":"\t\t<div data-elementor-type=\"wp-post\" data-elementor-id=\"8081\" class=\"elementor elementor-8081 elementor-6107\">\n\t\t\t\t\t\t<section class=\" elementor-section elementor-top-section elementor-element elementor-element-76ddf07f elementor-section-boxed elementor-section-height-default elementor-section-height-default\" data-id=\"76ddf07f\" data-element_type=\"section\" data-e-type=\"section\">\r\n\t\t\t\t\t\t\t\t<div class=\"elementor-container elementor-column-gap-default\">\r\n\t\t\t\t\r\n\t\t\t\t\t\t\t\t<div class=\" elementor-column elementor-col-100 elementor-top-column elementor-element elementor-element-3681bc15 \" data-id=\"3681bc15\" data-element_type=\"column\" data-e-type=\"column\">\r\n\r\n\t\t\t\t\r\n\t\t\t\t<div class=\"elementor-widget-wrap elementor-element-populated\">\r\n\t\t\t\t\t\t\t\t\t\t\r\n\t\t\t\t\t\t<div class=\"elementor-element elementor-element-59040271 elementor-widget elementor-widget-heading\" data-id=\"59040271\" data-element_type=\"widget\" data-e-type=\"widget\" data-widget_type=\"heading.default\">\n\t\t\t\t<div class=\"elementor-widget-container\">\n\t\t\t\t\t<h3 class=\"elementor-heading-title elementor-size-default\">Los fondos Private Equity y los fondos de ISR: unas inversiones sostenibles y a largo plazo<\/h3>\t\t\t\t<\/div>\n\t\t\t\t<\/div>\n\t\t\t\t<div class=\"elementor-element elementor-element-48855665 elementor-widget elementor-widget-spacer\" data-id=\"48855665\" data-element_type=\"widget\" data-e-type=\"widget\" data-widget_type=\"spacer.default\">\n\t\t\t\t<div class=\"elementor-widget-container\">\n\t\t\t\t\t\t\t<div class=\"elementor-spacer\">\n\t\t\t<div class=\"elementor-spacer-inner\"><\/div>\n\t\t<\/div>\n\t\t\t\t\t\t<\/div>\n\t\t\t\t<\/div>\n\t\t\t\t<div class=\"elementor-element elementor-element-39cfbfb6 elementor-widget elementor-widget-text-editor\" data-id=\"39cfbfb6\" data-element_type=\"widget\" data-e-type=\"widget\" data-widget_type=\"text-editor.default\">\n\t\t\t\t<div class=\"elementor-widget-container\">\n\t\t\t\t\t\t\t\t\t<a href=\"https:\/\/sff-camara.com\/es\/categoria\/sff-magazine-octubre-2021\/\" rel=\"tag\">SFF Magazine Octubre 2021<\/a>\t\t\t\t\t\t\t\t<\/div>\n\t\t\t\t<\/div>\n\t\t\t\t<div class=\"elementor-element elementor-element-1e17757 elementor-widget elementor-widget-spacer\" data-id=\"1e17757\" data-element_type=\"widget\" data-e-type=\"widget\" data-widget_type=\"spacer.default\">\n\t\t\t\t<div class=\"elementor-widget-container\">\n\t\t\t\t\t\t\t<div class=\"elementor-spacer\">\n\t\t\t<div class=\"elementor-spacer-inner\"><\/div>\n\t\t<\/div>\n\t\t\t\t\t\t<\/div>\n\t\t\t\t<\/div>\n\t\t\t\t<div class=\"elementor-element elementor-element-7631932c elementor-widget elementor-widget-text-editor\" data-id=\"7631932c\" data-element_type=\"widget\" data-e-type=\"widget\" data-widget_type=\"text-editor.default\">\n\t\t\t\t<div class=\"elementor-widget-container\">\n\t\t\t\t\t\t\t\t\tTem\u00e1ticas: <a href=\"https:\/\/sff-camara.com\/es\/temticas\/capital-riesgo\/\" rel=\"tag\">Capital Riesgo<\/a>, <a href=\"https:\/\/sff-camara.com\/es\/temticas\/seguros-de-vida-unit-linked\/\" rel=\"tag\">Seguros de vida Unit-linked<\/a>\t\t\t\t\t\t\t\t<\/div>\n\t\t\t\t<\/div>\n\t\t\t\t\t\t<\/div>\r\n\t\t\t\t<\/div>\r\n\t\t\t\t\t\t\t\t<\/div>\r\n\t\t\t<\/section>\r\n\t\t\t\t\t<section class=\" elementor-section elementor-top-section elementor-element elementor-element-41fbf9cd elementor-section-boxed elementor-section-height-default elementor-section-height-default\" data-id=\"41fbf9cd\" data-element_type=\"section\" data-e-type=\"section\">\r\n\t\t\t\t\t\t\t\t<div class=\"elementor-container elementor-column-gap-default\">\r\n\t\t\t\t\r\n\t\t\t\t\t\t\t\t<div class=\" elementor-column elementor-col-100 elementor-top-column elementor-element elementor-element-4116315f \" data-id=\"4116315f\" data-element_type=\"column\" data-e-type=\"column\">\r\n\r\n\t\t\t\t\r\n\t\t\t\t<div class=\"elementor-widget-wrap elementor-element-populated\">\r\n\t\t\t\t\t\t\t\t\t\t\r\n\t\t\t\t\t\t<div class=\"elementor-element elementor-element-4cdbf11c elementor-widget elementor-widget-text-editor\" data-id=\"4cdbf11c\" data-element_type=\"widget\" data-e-type=\"widget\" data-widget_type=\"text-editor.default\">\n\t\t\t\t<div class=\"elementor-widget-container\">\n\t\t\t\t\t\t\t\t\t<p>Analizamos dos clases de activos decididamente estrat\u00e9gicos en la planificaci\u00f3n patrimonial en un contexto de tipos de inter\u00e9s significativamente bajos o negativos. <\/p>\n<h5><b>Aportar fondos de \u201cPrivate Equity\u201d a una p\u00f3liza de seguro de vida<\/b><\/h5>\n<p>Invertir en fondos de \u201cPrivate Equity\u201d consiste fundamentalmente en invertir en empresas que no cotizan en los mercados financieros. Al estar dicha inversi\u00f3n menos afectada por las fluctuaciones del mercado y las variaciones de los tipos de inter\u00e9s (a diferencia de otras opciones de inversi\u00f3n como las acciones y los bonos) esta permite aumentar la rentabilidad global de una cartera al diversificar los activos y desvincularla de las fluctuaciones burs\u00e1tiles.<\/p>\n<p>Debido a la naturaleza de la inversi\u00f3n, el \u201cPrivate Equity\u201d conlleva una perspectiva de inversi\u00f3n a largo plazo, en perfecta consonancia con la visi\u00f3n a largo plazo del contrato de seguro de vida. Adem\u00e1s, invertir en \u201cPrivate Equity\u201d dentro de una p\u00f3liza permite beneficiarse del marco normativo y fiscal especialmente favorable de los seguros de vida en las diferentes jurisdicciones.<\/p>\n<p>En este sentido, cabe se\u00f1alar que la arquitectura abierta del seguro de vida luxemburgu\u00e9s permite la aportaci\u00f3n de activos de \u201cPrivate Equity\u201d con gran flexibilidad a trav\u00e9s de fondos internos <span class=\"Apple-converted-space\">dedicados<\/span> y fondos de seguros especializados.<\/p>\n<h5><b>La \u201cfinanciaci\u00f3n sostenible\u201d, una tendencia que se acelera en los mercados financieros<\/b><\/h5>\n<h6><b>\u00bfSon compatibles la sostenibilidad y los resultados financieros?<\/b><\/h6>\n<p>La ISR (\u201cInversi\u00f3n Socialmente Responsable\u201d) se basa en la convicci\u00f3n de que tener en cuenta los factores medioambientales, sociales o de gobernanza, garantiza el rendimiento financiero de las sumas invertidas a medio y largo plazo, dado que se analizan mejor los posibles riesgos y conflictos con este marco temporal, lo que, en conjunto, tiene un impacto real positivo en el rendimiento de una empresa y, por lo tanto, de los fondos de inversi\u00f3n que invierten en ella. Adem\u00e1s, antecedentes recientes han demostrado que la ISR es resistente en un contexto de crisis financiera y econ\u00f3mica.<\/p>\n<h6><b>Un sector en auge<\/b><\/h6>\n<p>En las empresas que cotizan en bolsa y en los fondos de inversi\u00f3n que invierten en ellas y que est\u00e1n sujetos a regulaci\u00f3n estricta, los resultados en materia de ASG se suelen analizar de forma correcta ya que el mercado financiero exige m\u00e1s transparencia en este \u00e1mbito. No obstante, existen fondos de capital privado en los cuales faltan sistemas de gesti\u00f3n y control de la informaci\u00f3n en materia de ASG por lo que esperamos que haya una evoluci\u00f3n en este sentido en un futuro.<span class=\"Apple-converted-space\"> <\/span><\/p>\n<p>En nuestra pr\u00e1ctica habitual, observamos como el n\u00famero de gestores de fondos de inversi\u00f3n que incluyen factores ISR y ASG en sus criterios de inversi\u00f3n est\u00e1 aumentado significativamente. En OneLife, estamos convencidos de que dicho tipo de inversiones puede aumentar de forma significativa a medio y largo plazo por lo que ya estamos en conversaciones con varios gestores af\u00edn de incorporar a nuestra oferta de soluciones de inversi\u00f3n, dicho tipo de fondos que cumplan estrictamente con los criterios ISR y ASG.<span class=\"Apple-converted-space\"> <\/span><\/p>\n<h5><b>Las claves del \u00e9xito <span class=\"Apple-converted-space\"> <\/span><\/b><\/h5>\n<h6><b>Flexibilidad de los productos de seguro de vida unit-linked luxemburgueses<\/b><\/h6>\n<p>Al mismo tiempo que garantiza un marco de protecci\u00f3n para los tomadores y asegurados, el regulador luxemburgu\u00e9s (\u201cCommissariat Aux Assurances\u201d) permite desde hace varios a\u00f1os un abanico muy competitivo de opciones en t\u00e9rminos de inversiones subyacentes dentro de un contrato de seguro de vida del tipo unit-linked.<span class=\"Apple-converted-space\"> <\/span><\/p>\n<p>Una de las principales ventajas del mercado luxemburgu\u00e9s es la posibilidad de aceptar activos regulados (por ejemplo, hedge funds) o no regulados (por ejemplo, sociedades \u201cholding\u201d o fondos \u201calternativos\u201d). En efecto y como ya hemos evocado anteriormente, los fondos \u201cPrivate Equity\u201d siguen siendo muy atractivos y populares dentro de la categor\u00eda de activos no regulados por lo que OneLife promueve dichas soluciones de forma activa entre Socios y clientes.<span class=\"Apple-converted-space\"> <\/span><\/p>\n<p>Independientemente de la estrategia de inversi\u00f3n aplicada y del perfil de riesgo del tomador, existe un requisito m\u00ednimo de activos l\u00edquidos dentro del contrato de seguro de vida unit-linked de aproximadamente el 10% af\u00edn de asegurar un cierto nivel apropiado de liquidez dentro de la p\u00f3liza. un 50% para recuperar su valor inicial, sino un 100%. Dicho de otro modo, el valor de esa inversi\u00f3n tiene que duplicarse para eliminar la minusval\u00eda.<span class=\"Apple-converted-space\"> <\/span><\/p>\n<h6><b>Experiencia y Conocimiento<\/b><\/h6>\n<p>La aseguradora sigue siendo la propietaria de todos los activos de la p\u00f3liza, incluidos los no cotizados. Por lo tanto, la aseguradora debe establecer un marco de aceptaci\u00f3n con conocimientos t\u00e9cnicos s\u00f3lidos para poder justificar en todo momento ante el regulador la gesti\u00f3n debida de los posibles riesgos. En efecto, la presencia de un equipo de expertos en activos no cotizados dentro de una aseguradora es esencial para acompa\u00f1ar a los socios y tomadores en el desarrollo de soluciones eficaces dentro de un marco regulado y bajo supervisi\u00f3n. Este es, en efecto, un factor clave dentro del sector asegurador luxemburgu\u00e9s y OneLife puede afirmar con confianza de que dispone de dicha experiencia y equipos.<\/p>\n\t\t\t\t\t\t\t\t<\/div>\n\t\t\t\t<\/div>\n\t\t\t\t\t\t<\/div>\r\n\t\t\t\t<\/div>\r\n\t\t\t\t\t\t\t\t<\/div>\r\n\t\t\t<\/section>\r\n\t\t\t\t\t<section class=\" elementor-section elementor-top-section elementor-element elementor-element-49d75846 elementor-section-boxed elementor-section-height-default elementor-section-height-default\" data-id=\"49d75846\" data-element_type=\"section\" data-e-type=\"section\">\r\n\t\t\t\t\t\t\t\t<div class=\"elementor-container elementor-column-gap-default\">\r\n\t\t\t\t\r\n\t\t\t\t\t\t\t\t<div class=\" elementor-column elementor-col-100 elementor-top-column elementor-element elementor-element-1504a564 \" data-id=\"1504a564\" data-element_type=\"column\" data-e-type=\"column\">\r\n\r\n\t\t\t\t\r\n\t\t\t\t<div class=\"elementor-widget-wrap elementor-element-populated\">\r\n\t\t\t\t\t\t\t\t\t\t\r\n\t\t\t\t\t\t<div class=\"elementor-element elementor-element-5d65f3d5 elementor-widget elementor-widget-spacer\" data-id=\"5d65f3d5\" data-element_type=\"widget\" data-e-type=\"widget\" data-widget_type=\"spacer.default\">\n\t\t\t\t<div class=\"elementor-widget-container\">\n\t\t\t\t\t\t\t<div class=\"elementor-spacer\">\n\t\t\t<div class=\"elementor-spacer-inner\"><\/div>\n\t\t<\/div>\n\t\t\t\t\t\t<\/div>\n\t\t\t\t<\/div>\n\t\t\t\t<div class=\"elementor-element elementor-element-b7c34c5 elementor-widget elementor-widget-heading\" data-id=\"b7c34c5\" data-element_type=\"widget\" data-e-type=\"widget\" data-widget_type=\"heading.default\">\n\t\t\t\t<div class=\"elementor-widget-container\">\n\t\t\t\t\t<h3 class=\"elementor-heading-title elementor-size-default\">Autores<\/h3>\t\t\t\t<\/div>\n\t\t\t\t<\/div>\n\t\t\t\t\t\t<\/div>\r\n\t\t\t\t<\/div>\r\n\t\t\t\t\t\t\t\t<\/div>\r\n\t\t\t<\/section>\r\n\t\t\t\t\t<section class=\" elementor-section elementor-top-section elementor-element elementor-element-44831c50 elementor-section-boxed elementor-section-height-default elementor-section-height-default\" data-id=\"44831c50\" data-element_type=\"section\" data-e-type=\"section\">\r\n\t\t\t\t\t\t\t\t<div class=\"elementor-container elementor-column-gap-default\">\r\n\t\t\t\t\r\n\t\t\t\t\t\t\t\t<div class=\" elementor-column elementor-col-50 elementor-top-column elementor-element elementor-element-32863945 \" data-id=\"32863945\" data-element_type=\"column\" data-e-type=\"column\">\r\n\r\n\t\t\t\t\r\n\t\t\t\t<div class=\"elementor-widget-wrap elementor-element-populated\">\r\n\t\t\t\t\t\t\t\t\t\t\r\n\t\t\t\t\t\t<div class=\"elementor-element elementor-element-52961ce8 elementor-widget elementor-widget-image\" data-id=\"52961ce8\" data-element_type=\"widget\" data-e-type=\"widget\" data-widget_type=\"image.default\">\n\t\t\t\t<div class=\"elementor-widget-container\">\n\t\t\t\t\t\t\t\t\t\t\t\t\t\t\t<img fetchpriority=\"high\" decoding=\"async\" width=\"300\" height=\"200\" src=\"https:\/\/sff-camara.com\/wp-content\/uploads\/2023\/01\/Luis-de-la-Infiesta-300x200.jpg\" class=\"attachment-medium size-medium wp-image-5671\" alt=\"\" \/>\t\t\t\t\t\t\t\t\t\t\t\t\t\t\t<\/div>\n\t\t\t\t<\/div>\n\t\t\t\t<div class=\"elementor-element elementor-element-1bb5c1ba elementor-widget elementor-widget-spacer\" data-id=\"1bb5c1ba\" data-element_type=\"widget\" data-e-type=\"widget\" data-widget_type=\"spacer.default\">\n\t\t\t\t<div class=\"elementor-widget-container\">\n\t\t\t\t\t\t\t<div class=\"elementor-spacer\">\n\t\t\t<div class=\"elementor-spacer-inner\"><\/div>\n\t\t<\/div>\n\t\t\t\t\t\t<\/div>\n\t\t\t\t<\/div>\n\t\t\t\t<div class=\"elementor-element elementor-element-747623c elementor-widget elementor-widget-heading\" data-id=\"747623c\" data-element_type=\"widget\" data-e-type=\"widget\" data-widget_type=\"heading.default\">\n\t\t\t\t<div class=\"elementor-widget-container\">\n\t\t\t\t\t<h4 class=\"elementor-heading-title elementor-size-default\">Luis de la Infiesta<\/h4>\t\t\t\t<\/div>\n\t\t\t\t<\/div>\n\t\t\t\t<div class=\"elementor-element elementor-element-b9991ef elementor-widget elementor-widget-spacer\" data-id=\"b9991ef\" data-element_type=\"widget\" data-e-type=\"widget\" data-widget_type=\"spacer.default\">\n\t\t\t\t<div class=\"elementor-widget-container\">\n\t\t\t\t\t\t\t<div class=\"elementor-spacer\">\n\t\t\t<div class=\"elementor-spacer-inner\"><\/div>\n\t\t<\/div>\n\t\t\t\t\t\t<\/div>\n\t\t\t\t<\/div>\n\t\t\t\t<div class=\"elementor-element elementor-element-976b838 elementor-widget elementor-widget-heading\" data-id=\"976b838\" data-element_type=\"widget\" data-e-type=\"widget\" data-widget_type=\"heading.default\">\n\t\t\t\t<div class=\"elementor-widget-container\">\n\t\t\t\t\t<h6 class=\"elementor-heading-title elementor-size-default\">Country Manager Iberia &amp; LATAM at OneLife<\/h6>\t\t\t\t<\/div>\n\t\t\t\t<\/div>\n\t\t\t\t\t\t<\/div>\r\n\t\t\t\t<\/div>\r\n\t\t\t\t\t\t\t\t\t<div class=\" elementor-column elementor-col-50 elementor-top-column elementor-element elementor-element-69792401 \" data-id=\"69792401\" data-element_type=\"column\" data-e-type=\"column\">\r\n\r\n\t\t\t\t\r\n\t\t\t\t<div class=\"elementor-widget-wrap elementor-element-populated\">\r\n\t\t\t\t\t\t\t\t\t\t\r\n\t\t\t\t\t\t<div class=\"elementor-element elementor-element-688eabdf elementor-widget elementor-widget-image\" data-id=\"688eabdf\" data-element_type=\"widget\" data-e-type=\"widget\" data-widget_type=\"image.default\">\n\t\t\t\t<div class=\"elementor-widget-container\">\n\t\t\t\t\t\t\t\t\t\t\t\t\t\t\t<img decoding=\"async\" width=\"300\" height=\"200\" src=\"https:\/\/sff-camara.com\/wp-content\/uploads\/2023\/01\/Jose-Manuel-Tara-300x200.jpg\" class=\"attachment-medium size-medium wp-image-5669\" alt=\"\" \/>\t\t\t\t\t\t\t\t\t\t\t\t\t\t\t<\/div>\n\t\t\t\t<\/div>\n\t\t\t\t<div class=\"elementor-element elementor-element-753e28f6 elementor-widget elementor-widget-spacer\" data-id=\"753e28f6\" data-element_type=\"widget\" data-e-type=\"widget\" data-widget_type=\"spacer.default\">\n\t\t\t\t<div class=\"elementor-widget-container\">\n\t\t\t\t\t\t\t<div class=\"elementor-spacer\">\n\t\t\t<div class=\"elementor-spacer-inner\"><\/div>\n\t\t<\/div>\n\t\t\t\t\t\t<\/div>\n\t\t\t\t<\/div>\n\t\t\t\t<div class=\"elementor-element elementor-element-1bb0983 elementor-widget elementor-widget-heading\" data-id=\"1bb0983\" data-element_type=\"widget\" data-e-type=\"widget\" data-widget_type=\"heading.default\">\n\t\t\t\t<div class=\"elementor-widget-container\">\n\t\t\t\t\t<h4 class=\"elementor-heading-title elementor-size-default\">Jos\u00e9 Manuel Tara<\/h4>\t\t\t\t<\/div>\n\t\t\t\t<\/div>\n\t\t\t\t<div class=\"elementor-element elementor-element-a4ff58a elementor-widget elementor-widget-spacer\" data-id=\"a4ff58a\" data-element_type=\"widget\" data-e-type=\"widget\" data-widget_type=\"spacer.default\">\n\t\t\t\t<div class=\"elementor-widget-container\">\n\t\t\t\t\t\t\t<div class=\"elementor-spacer\">\n\t\t\t<div class=\"elementor-spacer-inner\"><\/div>\n\t\t<\/div>\n\t\t\t\t\t\t<\/div>\n\t\t\t\t<\/div>\n\t\t\t\t<div class=\"elementor-element elementor-element-457b06e elementor-widget elementor-widget-heading\" data-id=\"457b06e\" data-element_type=\"widget\" data-e-type=\"widget\" data-widget_type=\"heading.default\">\n\t\t\t\t<div class=\"elementor-widget-container\">\n\t\t\t\t\t<h6 class=\"elementor-heading-title elementor-size-default\">Country Manager Iberia &amp; LATAM at OneLife<\/h6>\t\t\t\t<\/div>\n\t\t\t\t<\/div>\n\t\t\t\t\t\t<\/div>\r\n\t\t\t\t<\/div>\r\n\t\t\t\t\t\t\t\t<\/div>\r\n\t\t\t<\/section>\r\n\t\t\t\t\t<section class=\" elementor-section elementor-top-section elementor-element elementor-element-28613ba0 elementor-section-boxed elementor-section-height-default elementor-section-height-default\" data-id=\"28613ba0\" data-element_type=\"section\" data-e-type=\"section\">\r\n\t\t\t\t\t\t\t\t<div class=\"elementor-container elementor-column-gap-default\">\r\n\t\t\t\t\r\n\t\t\t\t\t\t\t\t<div class=\" elementor-column elementor-col-100 elementor-top-column elementor-element elementor-element-3c8001fa \" data-id=\"3c8001fa\" data-element_type=\"column\" data-e-type=\"column\">\r\n\r\n\t\t\t\t\r\n\t\t\t\t<div class=\"elementor-widget-wrap elementor-element-populated\">\r\n\t\t\t\t\t\t\t\t\t\t\r\n\t\t\t\t\t\t<div class=\"elementor-element elementor-element-5a1b5d64 elementor-widget elementor-widget-spacer\" data-id=\"5a1b5d64\" data-element_type=\"widget\" data-e-type=\"widget\" data-widget_type=\"spacer.default\">\n\t\t\t\t<div class=\"elementor-widget-container\">\n\t\t\t\t\t\t\t<div class=\"elementor-spacer\">\n\t\t\t<div class=\"elementor-spacer-inner\"><\/div>\n\t\t<\/div>\n\t\t\t\t\t\t<\/div>\n\t\t\t\t<\/div>\n\t\t\t\t<div class=\"elementor-element elementor-element-3a710b5b elementor-widget elementor-widget-shortcode\" data-id=\"3a710b5b\" data-element_type=\"widget\" data-e-type=\"widget\" data-widget_type=\"shortcode.default\">\n\t\t\t\t<div class=\"elementor-widget-container\">\n\t\t\t\t\t\t\t<div class=\"elementor-shortcode\"><div class=\"sharethis-inline-share-buttons\"><\/div><\/div>\n\t\t\t\t\t\t<\/div>\n\t\t\t\t<\/div>\n\t\t\t\t<div class=\"elementor-element elementor-element-3c73b509 elementor-widget elementor-widget-spacer\" data-id=\"3c73b509\" data-element_type=\"widget\" data-e-type=\"widget\" data-widget_type=\"spacer.default\">\n\t\t\t\t<div class=\"elementor-widget-container\">\n\t\t\t\t\t\t\t<div class=\"elementor-spacer\">\n\t\t\t<div class=\"elementor-spacer-inner\"><\/div>\n\t\t<\/div>\n\t\t\t\t\t\t<\/div>\n\t\t\t\t<\/div>\n\t\t\t\t<div class=\"elementor-element elementor-element-195d5251 elementor-widget-divider--view-line elementor-widget elementor-widget-divider\" data-id=\"195d5251\" data-element_type=\"widget\" data-e-type=\"widget\" data-widget_type=\"divider.default\">\n\t\t\t\t<div class=\"elementor-widget-container\">\n\t\t\t\t\t\t\t<div class=\"elementor-divider\">\n\t\t\t<span class=\"elementor-divider-separator\">\n\t\t\t\t\t\t<\/span>\n\t\t<\/div>\n\t\t\t\t\t\t<\/div>\n\t\t\t\t<\/div>\n\t\t\t\t<section class=\" elementor-section elementor-inner-section elementor-element elementor-element-223f6fc3 elementor-section-boxed elementor-section-height-default elementor-section-height-default\" data-id=\"223f6fc3\" data-element_type=\"section\" data-e-type=\"section\">\r\n\t\t\t\t\t\t\t\t<div class=\"elementor-container elementor-column-gap-default\">\r\n\t\t\t\t\r\n\t\t\t\t\t\t\t\t<div class=\" elementor-column elementor-col-50 elementor-inner-column elementor-element elementor-element-24d30ba5 \" data-id=\"24d30ba5\" data-element_type=\"column\" data-e-type=\"column\">\r\n\r\n\t\t\t\t\r\n\t\t\t\t<div class=\"elementor-widget-wrap elementor-element-populated\">\r\n\t\t\t\t\t\t\t\t\t\t\r\n\t\t\t\t\t\t<div class=\"elementor-element elementor-element-57c6578d elementor-widget elementor-widget-wp-widget-tag_cloud\" data-id=\"57c6578d\" data-element_type=\"widget\" data-e-type=\"widget\" data-widget_type=\"wp-widget-tag_cloud.default\">\n\t\t\t\t<div class=\"elementor-widget-container\">\n\t\t\t\t\t<div class=\"widget widget_tag_cloud widget-collapsible\"><h3 class=\"widget-title\">Buscar publicaciones por tem\u00e1ticas<\/h3><div class=\"tagcloud\"><a href=\"https:\/\/sff-camara.com\/es\/temticas\/activos-digitales\/\" class=\"tag-cloud-link tag-link-302 tag-link-position-1\" style=\"font-size: 11.559322033898pt;\" aria-label=\"Activos Digitales (3 elementos)\">Activos Digitales<span class=\"tag-link-count\"> (3)<\/span><\/a>\n<a href=\"https:\/\/sff-camara.com\/es\/temticas\/alternative-investment-es\/\" class=\"tag-cloud-link tag-link-291 tag-link-position-2\" style=\"font-size: 21.050847457627pt;\" aria-label=\"Alternative Investment (24 elementos)\">Alternative Investment<span class=\"tag-link-count\"> (24)<\/span><\/a>\n<a href=\"https:\/\/sff-camara.com\/es\/temticas\/aml-es\/\" class=\"tag-cloud-link tag-link-266 tag-link-position-3\" style=\"font-size: 8pt;\" aria-label=\"AML (1 elemento)\">AML<span class=\"tag-link-count\"> (1)<\/span><\/a>\n<a href=\"https:\/\/sff-camara.com\/es\/temticas\/arte\/\" class=\"tag-cloud-link tag-link-247 tag-link-position-4\" style=\"font-size: 8pt;\" aria-label=\"Arte (1 elemento)\">Arte<span class=\"tag-link-count\"> (1)<\/span><\/a>\n<a href=\"https:\/\/sff-camara.com\/es\/temticas\/asesoramiento\/\" class=\"tag-cloud-link tag-link-211 tag-link-position-5\" style=\"font-size: 15.118644067797pt;\" aria-label=\"Asesoramiento (7 elementos)\">Asesoramiento<span class=\"tag-link-count\"> (7)<\/span><\/a>\n<a href=\"https:\/\/sff-camara.com\/es\/temticas\/asset-management-es\/\" class=\"tag-cloud-link tag-link-213 tag-link-position-6\" style=\"font-size: 22pt;\" aria-label=\"Asset Management (29 elementos)\">Asset Management<span class=\"tag-link-count\"> (29)<\/span><\/a>\n<a href=\"https:\/\/sff-camara.com\/es\/temticas\/banca-digital\/\" class=\"tag-cloud-link tag-link-164 tag-link-position-7\" style=\"font-size: 15.118644067797pt;\" aria-label=\"Banca Digital (7 elementos)\">Banca Digital<span class=\"tag-link-count\"> (7)<\/span><\/a>\n<a href=\"https:\/\/sff-camara.com\/es\/temticas\/banking-es\/\" class=\"tag-cloud-link tag-link-161 tag-link-position-8\" style=\"font-size: 19.389830508475pt;\" aria-label=\"Banking (17 elementos)\">Banking<span class=\"tag-link-count\"> (17)<\/span><\/a>\n<a href=\"https:\/\/sff-camara.com\/es\/temticas\/capital-riesgo\/\" class=\"tag-cloud-link tag-link-170 tag-link-position-9\" style=\"font-size: 12.745762711864pt;\" aria-label=\"Capital Riesgo (4 elementos)\">Capital Riesgo<span class=\"tag-link-count\"> (4)<\/span><\/a>\n<a href=\"https:\/\/sff-camara.com\/es\/temticas\/compliance-es\/\" class=\"tag-cloud-link tag-link-264 tag-link-position-10\" style=\"font-size: 8pt;\" aria-label=\"Compliance (1 elemento)\">Compliance<span class=\"tag-link-count\"> (1)<\/span><\/a>\n<a href=\"https:\/\/sff-camara.com\/es\/temticas\/consejero-independiente\/\" class=\"tag-cloud-link tag-link-290 tag-link-position-11\" style=\"font-size: 14.525423728814pt;\" aria-label=\"Consejero Independiente (6 elementos)\">Consejero Independiente<span class=\"tag-link-count\"> (6)<\/span><\/a>\n<a href=\"https:\/\/sff-camara.com\/es\/temticas\/criptoactivos\/\" class=\"tag-cloud-link tag-link-175 tag-link-position-12\" style=\"font-size: 11.559322033898pt;\" aria-label=\"Criptoactivos (3 elementos)\">Criptoactivos<span class=\"tag-link-count\"> (3)<\/span><\/a>\n<a href=\"https:\/\/sff-camara.com\/es\/temticas\/distribucion-de-fondos\/\" class=\"tag-cloud-link tag-link-173 tag-link-position-13\" style=\"font-size: 20.576271186441pt;\" aria-label=\"Distribuci\u00f3n de fondos (22 elementos)\">Distribuci\u00f3n de fondos<span class=\"tag-link-count\"> (22)<\/span><\/a>\n<a href=\"https:\/\/sff-camara.com\/es\/temticas\/diversidad\/\" class=\"tag-cloud-link tag-link-278 tag-link-position-14\" style=\"font-size: 15.71186440678pt;\" aria-label=\"Diversidad (8 elementos)\">Diversidad<span class=\"tag-link-count\"> (8)<\/span><\/a>\n<a href=\"https:\/\/sff-camara.com\/es\/temticas\/empresas-familiares\/\" class=\"tag-cloud-link tag-link-269 tag-link-position-15\" style=\"font-size: 12.745762711864pt;\" aria-label=\"Empresas Familiares (4 elementos)\">Empresas Familiares<span class=\"tag-link-count\"> (4)<\/span><\/a>\n<a href=\"https:\/\/sff-camara.com\/es\/temticas\/family-offices-es\/\" class=\"tag-cloud-link tag-link-245 tag-link-position-16\" style=\"font-size: 10.135593220339pt;\" aria-label=\"Family Offices (2 elementos)\">Family Offices<span class=\"tag-link-count\"> (2)<\/span><\/a>\n<a href=\"https:\/\/sff-camara.com\/es\/temticas\/finanzas-sostenibles\/\" class=\"tag-cloud-link tag-link-160 tag-link-position-17\" style=\"font-size: 21.050847457627pt;\" aria-label=\"Finanzas Sostenibles (24 elementos)\">Finanzas Sostenibles<span class=\"tag-link-count\"> (24)<\/span><\/a>\n<a href=\"https:\/\/sff-camara.com\/es\/temticas\/fintech-es\/\" class=\"tag-cloud-link tag-link-163 tag-link-position-18\" style=\"font-size: 16.779661016949pt;\" aria-label=\"Fintech (10 elementos)\">Fintech<span class=\"tag-link-count\"> (10)<\/span><\/a>\n<a href=\"https:\/\/sff-camara.com\/es\/temticas\/gestion-patrimonial\/\" class=\"tag-cloud-link tag-link-176 tag-link-position-19\" style=\"font-size: 17.610169491525pt;\" aria-label=\"Gesti\u00f3n Patrimonial (12 elementos)\">Gesti\u00f3n Patrimonial<span class=\"tag-link-count\"> (12)<\/span><\/a>\n<a href=\"https:\/\/sff-camara.com\/es\/temticas\/gobernanza\/\" class=\"tag-cloud-link tag-link-249 tag-link-position-20\" style=\"font-size: 16.305084745763pt;\" aria-label=\"Gobernanza (9 elementos)\">Gobernanza<span class=\"tag-link-count\"> (9)<\/span><\/a>\n<a href=\"https:\/\/sff-camara.com\/es\/temticas\/hr\/\" class=\"tag-cloud-link tag-link-304 tag-link-position-21\" style=\"font-size: 8pt;\" aria-label=\"HR (1 elemento)\">HR<span class=\"tag-link-count\"> (1)<\/span><\/a>\n<a href=\"https:\/\/sff-camara.com\/es\/temticas\/internacionalizacion\/\" class=\"tag-cloud-link tag-link-280 tag-link-position-22\" style=\"font-size: 8pt;\" aria-label=\"Internacionalizaci\u00f3n (1 elemento)\">Internacionalizaci\u00f3n<span class=\"tag-link-count\"> (1)<\/span><\/a>\n<a href=\"https:\/\/sff-camara.com\/es\/temticas\/inversiones-alternativas\/\" class=\"tag-cloud-link tag-link-297 tag-link-position-23\" style=\"font-size: 11.559322033898pt;\" aria-label=\"Inversiones Alternativas (3 elementos)\">Inversiones Alternativas<span class=\"tag-link-count\"> (3)<\/span><\/a>\n<a href=\"https:\/\/sff-camara.com\/es\/temticas\/latam-es\/\" class=\"tag-cloud-link tag-link-167 tag-link-position-24\" style=\"font-size: 16.305084745763pt;\" aria-label=\"LATAM (9 elementos)\">LATAM<span class=\"tag-link-count\"> (9)<\/span><\/a>\n<a href=\"https:\/\/sff-camara.com\/es\/temticas\/legal-es\/\" class=\"tag-cloud-link tag-link-233 tag-link-position-25\" style=\"font-size: 16.779661016949pt;\" aria-label=\"Legal (10 elementos)\">Legal<span class=\"tag-link-count\"> (10)<\/span><\/a>\n<a href=\"https:\/\/sff-camara.com\/es\/temticas\/mercado-de-capitales\/\" class=\"tag-cloud-link tag-link-309 tag-link-position-26\" style=\"font-size: 8pt;\" aria-label=\"Mercado de Capitales (1 elemento)\">Mercado de Capitales<span class=\"tag-link-count\"> (1)<\/span><\/a>\n<a href=\"https:\/\/sff-camara.com\/es\/temticas\/precios-de-transferencia\/\" class=\"tag-cloud-link tag-link-271 tag-link-position-27\" style=\"font-size: 10.135593220339pt;\" aria-label=\"Precios de Transferencia (2 elementos)\">Precios de Transferencia<span class=\"tag-link-count\"> (2)<\/span><\/a>\n<a href=\"https:\/\/sff-camara.com\/es\/temticas\/real-estate\/\" class=\"tag-cloud-link tag-link-338 tag-link-position-28\" style=\"font-size: 10.135593220339pt;\" aria-label=\"Real Estate (2 elementos)\">Real Estate<span class=\"tag-link-count\"> (2)<\/span><\/a>\n<a href=\"https:\/\/sff-camara.com\/es\/temticas\/reaseguro\/\" class=\"tag-cloud-link tag-link-172 tag-link-position-29\" style=\"font-size: 10.135593220339pt;\" aria-label=\"Reaseguro (2 elementos)\">Reaseguro<span class=\"tag-link-count\"> (2)<\/span><\/a>\n<a href=\"https:\/\/sff-camara.com\/es\/tag\/rrhh\/\" class=\"tag-cloud-link tag-link-178 tag-link-position-30\" style=\"font-size: 16.305084745763pt;\" aria-label=\"RRHH (9 elementos)\">RRHH<span class=\"tag-link-count\"> (9)<\/span><\/a>\n<a href=\"https:\/\/sff-camara.com\/es\/temticas\/seguros\/\" class=\"tag-cloud-link tag-link-180 tag-link-position-31\" style=\"font-size: 10.135593220339pt;\" aria-label=\"Seguros (2 elementos)\">Seguros<span class=\"tag-link-count\"> (2)<\/span><\/a>\n<a href=\"https:\/\/sff-camara.com\/es\/temticas\/seguros-de-vida-unit-linked\/\" class=\"tag-cloud-link tag-link-169 tag-link-position-32\" style=\"font-size: 13.694915254237pt;\" aria-label=\"Seguros de vida Unit-linked (5 elementos)\">Seguros de vida Unit-linked<span class=\"tag-link-count\"> (5)<\/span><\/a>\n<a href=\"https:\/\/sff-camara.com\/es\/temticas\/tax-es\/\" class=\"tag-cloud-link tag-link-162 tag-link-position-33\" style=\"font-size: 19.033898305085pt;\" aria-label=\"Tax (16 elementos)\">Tax<span class=\"tag-link-count\"> (16)<\/span><\/a>\n<a href=\"https:\/\/sff-camara.com\/es\/temticas\/tecnologia\/\" class=\"tag-cloud-link tag-link-231 tag-link-position-34\" style=\"font-size: 14.525423728814pt;\" aria-label=\"Tecnolog\u00eda (6 elementos)\">Tecnolog\u00eda<span class=\"tag-link-count\"> (6)<\/span><\/a>\n<a href=\"https:\/\/sff-camara.com\/es\/temticas\/tendencias\/\" class=\"tag-cloud-link tag-link-223 tag-link-position-35\" style=\"font-size: 20.101694915254pt;\" aria-label=\"Tendencias (20 elementos)\">Tendencias<span class=\"tag-link-count\"> (20)<\/span><\/a>\n<a href=\"https:\/\/sff-camara.com\/es\/temticas\/tic\/\" class=\"tag-cloud-link tag-link-267 tag-link-position-36\" style=\"font-size: 8pt;\" aria-label=\"TIC (1 elemento)\">TIC<span class=\"tag-link-count\"> (1)<\/span><\/a>\n<a href=\"https:\/\/sff-camara.com\/es\/temticas\/ue\/\" class=\"tag-cloud-link tag-link-222 tag-link-position-37\" style=\"font-size: 14.525423728814pt;\" aria-label=\"UE (6 elementos)\">UE<span class=\"tag-link-count\"> (6)<\/span><\/a><\/div>\n<\/div>\t\t\t\t<\/div>\n\t\t\t\t<\/div>\n\t\t\t\t\t\t<\/div>\r\n\t\t\t\t<\/div>\r\n\t\t\t\t\t\t\t\t\t<div class=\" elementor-column elementor-col-50 elementor-inner-column elementor-element elementor-element-9b1b476 \" data-id=\"9b1b476\" data-element_type=\"column\" data-e-type=\"column\">\r\n\r\n\t\t\t\t\r\n\t\t\t\t<div class=\"elementor-widget-wrap elementor-element-populated\">\r\n\t\t\t\t\t\t\t\t\t\t\r\n\t\t\t\t\t\t<div class=\"elementor-element elementor-element-75659890 elementor-widget elementor-widget-sidebar\" data-id=\"75659890\" data-element_type=\"widget\" data-e-type=\"widget\" data-widget_type=\"sidebar.default\">\n\t\t\t\t<div class=\"elementor-widget-container\">\n\t\t\t\t\t<nav id=\"categories-2\" class=\"widget widget_categories\"><h3 class=\"widget-title\">Buscar por ediciones del SFF Magazine<\/h3><form action=\"https:\/\/sff-camara.com\/es\/\" method=\"get\"><label class=\"screen-reader-text\" for=\"cat\">Buscar por ediciones del SFF Magazine<\/label><select  name='cat' aria-label='Categories to search' id='cat' class='postform'>\n\t<option value='-1'>Elegir la categor\u00eda<\/option>\n\t<option class=\"level-0\" value=\"124\">Noticias&nbsp;&nbsp;(44)<\/option>\n\t<option class=\"level-0\" value=\"159\">SFF Magazine Abril 2021&nbsp;&nbsp;(12)<\/option>\n\t<option class=\"level-0\" value=\"174\">SFF Magazine Abril 2022&nbsp;&nbsp;(8)<\/option>\n\t<option class=\"level-0\" value=\"239\">SFF Magazine Diciembre 2023&nbsp;&nbsp;(8)<\/option>\n\t<option class=\"level-0\" value=\"289\">SFF Magazine Diciembre 2024&nbsp;&nbsp;(12)<\/option>\n\t<option class=\"level-0\" value=\"307\">SFF Magazine Diciembre 2025&nbsp;&nbsp;(6)<\/option>\n\t<option class=\"level-0\" value=\"168\">SFF Magazine Julio 2021&nbsp;&nbsp;(13)<\/option>\n\t<option class=\"level-0\" value=\"177\">SFF Magazine Julio 2022&nbsp;&nbsp;(10)<\/option>\n\t<option class=\"level-0\" value=\"215\">SFF Magazine Junio 2023&nbsp;&nbsp;(7)<\/option>\n\t<option class=\"level-0\" value=\"273\">SFF Magazine Junio 2024&nbsp;&nbsp;(10)<\/option>\n\t<option class=\"level-0\" value=\"296\">SFF Magazine Junio 2025&nbsp;&nbsp;(11)<\/option>\n\t<option class=\"level-0\" value=\"205\">SFF Magazine Marzo 2023&nbsp;&nbsp;(9)<\/option>\n\t<option class=\"level-0\" value=\"257\">SFF Magazine Marzo 2024&nbsp;&nbsp;(13)<\/option>\n\t<option class=\"level-0\" value=\"293\">SFF Magazine Marzo 2025&nbsp;&nbsp;(10)<\/option>\n\t<option class=\"level-0\" value=\"336\">SFF Magazine Marzo 2026&nbsp;&nbsp;(13)<\/option>\n\t<option class=\"level-0\" value=\"171\">SFF Magazine Octubre 2021&nbsp;&nbsp;(11)<\/option>\n\t<option class=\"level-0\" value=\"165\">SFF Magazine Octubre 2022&nbsp;&nbsp;(10)<\/option>\n\t<option class=\"level-0\" value=\"230\">SFF Magazine Septiembre 2023&nbsp;&nbsp;(8)<\/option>\n\t<option class=\"level-0\" value=\"282\">SFF Magazine Septiembre 2024&nbsp;&nbsp;(9)<\/option>\n\t<option class=\"level-0\" value=\"299\">SFF Magazine Septiembre 2025&nbsp;&nbsp;(8)<\/option>\n\t<option class=\"level-0\" value=\"53\">Sin categorizar&nbsp;&nbsp;(8)<\/option>\n<\/select>\n<\/form><script>\n( ( dropdownId ) => {\n\tconst dropdown = document.getElementById( dropdownId );\n\tfunction onSelectChange() {\n\t\tsetTimeout( () => {\n\t\t\tif ( 'escape' === dropdown.dataset.lastkey ) {\n\t\t\t\treturn;\n\t\t\t}\n\t\t\tif ( dropdown.value && parseInt( dropdown.value ) > 0 && dropdown instanceof HTMLSelectElement ) {\n\t\t\t\tdropdown.parentElement.submit();\n\t\t\t}\n\t\t}, 250 );\n\t}\n\tfunction onKeyUp( event ) {\n\t\tif ( 'Escape' === event.key ) {\n\t\t\tdropdown.dataset.lastkey = 'escape';\n\t\t} else {\n\t\t\tdelete dropdown.dataset.lastkey;\n\t\t}\n\t}\n\tfunction onClick() {\n\t\tdelete dropdown.dataset.lastkey;\n\t}\n\tdropdown.addEventListener( 'keyup', onKeyUp );\n\tdropdown.addEventListener( 'click', onClick );\n\tdropdown.addEventListener( 'change', onSelectChange );\n})( \"cat\" );\n\n\/\/# sourceURL=WP_Widget_Categories%3A%3Awidget\n<\/script>\n<\/nav><nav id=\"search-3\" class=\"widget widget_search\"><h3 class=\"widget-title\">Buscar publicaciones<\/h3>\r\n\t<div class=\"search-wrapper  hs-start light-style\">\r\n\t\t\r\n\t\t\t\t<form action=\"https:\/\/sff-camara.com\/es\/\/\" method=\"get\" class=\"input-wrapper\">\r\n\t\t\t<input type=\"hidden\" name=\"post_type\" value=\"post\"\/>\r\n\r\n\t\t\t<input type=\"search\" aria-label=\"Search\" class=\"form-control\" name=\"s\" placeholder=\"\" required=\"\" autocomplete=\"off\">\r\n\r\n\t\t\t\r\n\t\t\t\r\n\t\t\t<button class=\"btn btn-search\" aria-label=\"Search Button\" type=\"submit\">\r\n\t\t\t\t<i class=\"a-icon-search\"><\/i>\r\n\t\t\t<\/button>\r\n\r\n\t\t\t\t\t<div class=\"hs-close\">\r\n\t\t\t\t<a href=\"#\" aria-label=\"Close\">\r\n\t\t\t\t\t<span class=\"close-wrap\">\r\n\t\t\t\t\t\t<span class=\"close-line close-line1\"><\/span>\r\n\t\t\t\t\t\t<span class=\"close-line close-line2\"><\/span>\r\n\t\t\t\t\t<\/span>\r\n\t\t\t\t<\/a>\r\n\t\t\t<\/div>\r\n\t\t\r\n\t\t<\/form>\r\n\t\t\t<\/div>\r\n\r\n\t\t<\/nav>\t\t\t\t<\/div>\n\t\t\t\t<\/div>\n\t\t\t\t\t\t<\/div>\r\n\t\t\t\t<\/div>\r\n\t\t\t\t\t\t\t\t<\/div>\r\n\t\t\t<\/section>\r\n\t\t\t\t\t<div class=\"elementor-element elementor-element-4fdb74b8 elementor-widget-divider--view-line elementor-widget elementor-widget-divider\" data-id=\"4fdb74b8\" data-element_type=\"widget\" data-e-type=\"widget\" data-widget_type=\"divider.default\">\n\t\t\t\t<div class=\"elementor-widget-container\">\n\t\t\t\t\t\t\t<div class=\"elementor-divider\">\n\t\t\t<span class=\"elementor-divider-separator\">\n\t\t\t\t\t\t<\/span>\n\t\t<\/div>\n\t\t\t\t\t\t<\/div>\n\t\t\t\t<\/div>\n\t\t\t\t<div class=\"elementor-element elementor-element-761e72e2 elementor-widget elementor-widget-spacer\" data-id=\"761e72e2\" data-element_type=\"widget\" data-e-type=\"widget\" data-widget_type=\"spacer.default\">\n\t\t\t\t<div class=\"elementor-widget-container\">\n\t\t\t\t\t\t\t<div class=\"elementor-spacer\">\n\t\t\t<div class=\"elementor-spacer-inner\"><\/div>\n\t\t<\/div>\n\t\t\t\t\t\t<\/div>\n\t\t\t\t<\/div>\n\t\t\t\t<div class=\"elementor-element elementor-element-4544d073 elementor-widget elementor-widget-heading\" data-id=\"4544d073\" data-element_type=\"widget\" data-e-type=\"widget\" data-widget_type=\"heading.default\">\n\t\t\t\t<div class=\"elementor-widget-container\">\n\t\t\t\t\t<h2 class=\"elementor-heading-title elementor-size-default\">Publicaciones relacionadas<\/h2>\t\t\t\t<\/div>\n\t\t\t\t<\/div>\n\t\t\t\t<div class=\"elementor-element elementor-element-40d0f51 elementor-widget elementor-widget-text-editor\" data-id=\"40d0f51\" data-element_type=\"widget\" data-e-type=\"widget\" data-widget_type=\"text-editor.default\">\n\t\t\t\t<div class=\"elementor-widget-container\">\n\t\t\t\t\t\t\t\t\t<a href=\"https:\/\/sff-camara.com\/es\/categoria\/sff-magazine-octubre-2021\/\" rel=\"tag\">SFF Magazine Octubre 2021<\/a>\t\t\t\t\t\t\t\t<\/div>\n\t\t\t\t<\/div>\n\t\t\t\t<div class=\"elementor-element elementor-element-774349b1 elementor-widget elementor-widget-spacer\" data-id=\"774349b1\" data-element_type=\"widget\" data-e-type=\"widget\" data-widget_type=\"spacer.default\">\n\t\t\t\t<div class=\"elementor-widget-container\">\n\t\t\t\t\t\t\t<div class=\"elementor-spacer\">\n\t\t\t<div class=\"elementor-spacer-inner\"><\/div>\n\t\t<\/div>\n\t\t\t\t\t\t<\/div>\n\t\t\t\t<\/div>\n\t\t\t\t<div class=\"elementor-element elementor-element-47892c4d elementor-widget elementor-widget-udesign_widget_posts elementor-widget-theme-post-content\" data-id=\"47892c4d\" data-element_type=\"widget\" data-e-type=\"widget\" data-widget_type=\"udesign_widget_posts.default\">\n\t\t\t\t<div class=\"elementor-widget-container\">\n\t\t\t\t\t<div class=\"posts  row cols-lg-3 cols-md-2 cols-sm-2 cols-1 cols-xl-3 slider-wrapper posts row cols-lg-3 cols-md-2 cols-sm-2 cols-1 cols-xl-3\" data-slider-options=\"{&quot;spaceBetween&quot;:30,&quot;loop&quot;:true,&quot;autoplay&quot;:{&quot;delay&quot;:5000,&quot;disableOnInteraction&quot;:false},&quot;effect&quot;:&quot;slide&quot;,&quot;slidesPerView&quot;:3,&quot;breakpoints&quot;:{&quot;2401&quot;:{&quot;slidesPerView&quot;:3},&quot;1440&quot;:{&quot;slidesPerView&quot;:3},&quot;1200&quot;:{&quot;slidesPerView&quot;:3},&quot;992&quot;:{&quot;slidesPerView&quot;:3},&quot;768&quot;:{&quot;slidesPerView&quot;:2},&quot;576&quot;:{&quot;slidesPerView&quot;:2},&quot;0&quot;:{&quot;slidesPerView&quot;:1}},&quot;statusClass&quot;:&quot;slider-dots-default&quot;}\" data-post-type=\"modern\">\r\n<div class=\"post-wrap \" data-post-image=\"alpha-post-medium\">\r\n\r\n\t\r\n\t<article class=\"post-8060 post type-post status-publish format-standard has-post-thumbnail hentry category-sff-magazine-octubre-2021 post overlay-zoom overlay-dark  post-modern\">\r\n\t\t\t\t\t<figure class=\"post-media\">\r\n\t\t\t\t\t\t\t\t<a href=\"https:\/\/sff-camara.com\/es\/sff-magazine-octubre-2021\/editorial-de-joseba-arriortua-vicepresidente-de-la-camara\/\" aria-label=\"Post Media\">\r\n\t\t\t\t\t<img decoding=\"async\" width=\"600\" height=\"420\" src=\"https:\/\/sff-camara.com\/wp-content\/uploads\/2021\/04\/Editorial-image-600x420.jpg\" class=\"attachment-alpha-post-medium size-alpha-post-medium wp-post-image\" alt=\"\" srcset=\"https:\/\/sff-camara.com\/wp-content\/uploads\/2021\/04\/Editorial-image-600x420.jpg 600w, https:\/\/sff-camara.com\/wp-content\/uploads\/2021\/04\/Editorial-image-400x280.jpg 400w, https:\/\/sff-camara.com\/wp-content\/uploads\/2021\/04\/Editorial-image-570x400.jpg 570w\" sizes=\"(max-width: 600px) 100vw, 600px\" \/>\t\t\t\t<\/a>\r\n\t\t\t<\/figure>\r\n\t\t\t<div class=\"post-details\">\r\n\t<div class=\"post-meta\">\r\n\t<a class=\"post-date\" href=\"https:\/\/sff-camara.com\/es\/2021\/10\/21\/\">octubre 21, 2021<\/a>\r\n\r\n\t<\/div>\r\n<h3 class=\"post-title\">\r\n\t<a href=\"https:\/\/sff-camara.com\/es\/sff-magazine-octubre-2021\/editorial-de-joseba-arriortua-vicepresidente-de-la-camara\/\">\r\n\t\tEditorial de Joseba Arriortua, Vicepresidente de la C\u00e1mara\t<\/a>\r\n<\/h3>\r\n<a href=\"https:\/\/sff-camara.com\/es\/sff-magazine-octubre-2021\/editorial-de-joseba-arriortua-vicepresidente-de-la-camara\/\" class=\"btn btn-link btn-underline btn-primary\">Leer m\u00e1s <i class=\"a-icon-long-arrow-right\"><\/i><\/a><\/div>\r\n\t<\/article>\r\n\r\n\t\r\n<\/div>\r\n\r\n\r\n<div class=\"post-wrap \" data-post-image=\"alpha-post-medium\">\r\n\r\n\t\r\n\t<article class=\"post-8062 post type-post status-publish format-standard has-post-thumbnail hentry category-sff-magazine-octubre-2021 tag-banking-es post overlay-zoom overlay-dark  post-modern\">\r\n\t\t\t\t\t<figure class=\"post-media\">\r\n\t\t\t\t\t\t\t\t<a href=\"https:\/\/sff-camara.com\/es\/sff-magazine-octubre-2021\/entrevista-con-alvaro-hermida-santos-ceo-de-caixabank-wealth-management-luxembourg\/\" aria-label=\"Post Media\">\r\n\t\t\t\t\t<img loading=\"lazy\" decoding=\"async\" width=\"370\" height=\"201\" src=\"https:\/\/sff-camara.com\/wp-content\/uploads\/2021\/10\/CaixaBank-Global-Pequena.png\" class=\"attachment-alpha-post-medium size-alpha-post-medium wp-post-image\" alt=\"\" \/>\t\t\t\t<\/a>\r\n\t\t\t<\/figure>\r\n\t\t\t<div class=\"post-details\">\r\n\t<div class=\"post-meta\">\r\n\t<a class=\"post-date\" href=\"https:\/\/sff-camara.com\/es\/2021\/10\/21\/\">octubre 21, 2021<\/a>\r\n\r\n\t<\/div>\r\n<h3 class=\"post-title\">\r\n\t<a href=\"https:\/\/sff-camara.com\/es\/sff-magazine-octubre-2021\/entrevista-con-alvaro-hermida-santos-ceo-de-caixabank-wealth-management-luxembourg\/\">\r\n\t\tEntrevista con \u00c1lvaro Hermida Santos, CEO de Caixabank Wealth Management Luxembourg\t<\/a>\r\n<\/h3>\r\n<a href=\"https:\/\/sff-camara.com\/es\/sff-magazine-octubre-2021\/entrevista-con-alvaro-hermida-santos-ceo-de-caixabank-wealth-management-luxembourg\/\" class=\"btn btn-link btn-underline btn-primary\">Leer m\u00e1s <i class=\"a-icon-long-arrow-right\"><\/i><\/a><\/div>\r\n\t<\/article>\r\n\r\n\t\r\n<\/div>\r\n\r\n\r\n<div class=\"post-wrap \" data-post-image=\"alpha-post-medium\">\r\n\r\n\t\r\n\t<article class=\"post-8065 post type-post status-publish format-standard has-post-thumbnail hentry category-sff-magazine-octubre-2021 tag-reaseguro post overlay-zoom overlay-dark  post-modern\">\r\n\t\t\t\t\t<figure class=\"post-media\">\r\n\t\t\t\t\t\t\t\t<a href=\"https:\/\/sff-camara.com\/es\/sff-magazine-octubre-2021\/las-sociedades-cautivas-de-reaseguro-en-luxemburgo\/\" aria-label=\"Post Media\">\r\n\t\t\t\t\t<img loading=\"lazy\" decoding=\"async\" width=\"600\" height=\"420\" src=\"https:\/\/sff-camara.com\/wp-content\/uploads\/2021\/10\/vlad-deep-mCqi3MljC4E-unsplash-600x420.jpg\" class=\"attachment-alpha-post-medium size-alpha-post-medium wp-post-image\" alt=\"\" srcset=\"https:\/\/sff-camara.com\/wp-content\/uploads\/2021\/10\/vlad-deep-mCqi3MljC4E-unsplash-600x420.jpg 600w, https:\/\/sff-camara.com\/wp-content\/uploads\/2021\/10\/vlad-deep-mCqi3MljC4E-unsplash-400x280.jpg 400w, https:\/\/sff-camara.com\/wp-content\/uploads\/2021\/10\/vlad-deep-mCqi3MljC4E-unsplash-570x400.jpg 570w\" sizes=\"(max-width: 600px) 100vw, 600px\" \/>\t\t\t\t<\/a>\r\n\t\t\t<\/figure>\r\n\t\t\t<div class=\"post-details\">\r\n\t<div class=\"post-meta\">\r\n\t<a class=\"post-date\" href=\"https:\/\/sff-camara.com\/es\/2021\/10\/21\/\">octubre 21, 2021<\/a>\r\n\r\n\t<\/div>\r\n<h3 class=\"post-title\">\r\n\t<a href=\"https:\/\/sff-camara.com\/es\/sff-magazine-octubre-2021\/las-sociedades-cautivas-de-reaseguro-en-luxemburgo\/\">\r\n\t\tLas sociedades cautivas de reaseguro en Luxemburgo\t<\/a>\r\n<\/h3>\r\n<a href=\"https:\/\/sff-camara.com\/es\/sff-magazine-octubre-2021\/las-sociedades-cautivas-de-reaseguro-en-luxemburgo\/\" class=\"btn btn-link btn-underline btn-primary\">Leer m\u00e1s <i class=\"a-icon-long-arrow-right\"><\/i><\/a><\/div>\r\n\t<\/article>\r\n\r\n\t\r\n<\/div>\r\n\r\n\r\n<div class=\"post-wrap \" data-post-image=\"alpha-post-medium\">\r\n\r\n\t\r\n\t<article class=\"post-8067 post type-post status-publish format-standard has-post-thumbnail hentry category-sff-magazine-octubre-2021 tag-distribucion-de-fondos post overlay-zoom overlay-dark  post-modern\">\r\n\t\t\t\t\t<figure class=\"post-media\">\r\n\t\t\t\t\t\t\t\t<a href=\"https:\/\/sff-camara.com\/es\/sff-magazine-octubre-2021\/oicvm-un-exito-europeo\/\" aria-label=\"Post Media\">\r\n\t\t\t\t\t<img loading=\"lazy\" decoding=\"async\" width=\"600\" height=\"420\" src=\"https:\/\/sff-camara.com\/wp-content\/uploads\/2023\/01\/Luxemburgo-con-bandera-600x420.jpeg\" class=\"attachment-alpha-post-medium size-alpha-post-medium wp-post-image\" alt=\"\" srcset=\"https:\/\/sff-camara.com\/wp-content\/uploads\/2023\/01\/Luxemburgo-con-bandera-600x420.jpeg 600w, https:\/\/sff-camara.com\/wp-content\/uploads\/2023\/01\/Luxemburgo-con-bandera-400x280.jpeg 400w, https:\/\/sff-camara.com\/wp-content\/uploads\/2023\/01\/Luxemburgo-con-bandera-570x400.jpeg 570w\" sizes=\"(max-width: 600px) 100vw, 600px\" \/>\t\t\t\t<\/a>\r\n\t\t\t<\/figure>\r\n\t\t\t<div class=\"post-details\">\r\n\t<div class=\"post-meta\">\r\n\t<a class=\"post-date\" href=\"https:\/\/sff-camara.com\/es\/2021\/10\/21\/\">octubre 21, 2021<\/a>\r\n\r\n\t<\/div>\r\n<h3 class=\"post-title\">\r\n\t<a href=\"https:\/\/sff-camara.com\/es\/sff-magazine-octubre-2021\/oicvm-un-exito-europeo\/\">\r\n\t\tOICVM: un \u00e9xito europeo\t<\/a>\r\n<\/h3>\r\n<a href=\"https:\/\/sff-camara.com\/es\/sff-magazine-octubre-2021\/oicvm-un-exito-europeo\/\" class=\"btn btn-link btn-underline btn-primary\">Leer m\u00e1s <i class=\"a-icon-long-arrow-right\"><\/i><\/a><\/div>\r\n\t<\/article>\r\n\r\n\t\r\n<\/div>\r\n\r\n\r\n<div class=\"post-wrap \" data-post-image=\"alpha-post-medium\">\r\n\r\n\t\r\n\t<article class=\"post-8069 post type-post status-publish format-standard has-post-thumbnail hentry category-sff-magazine-octubre-2021 tag-distribucion-de-fondos post overlay-zoom overlay-dark  post-modern\">\r\n\t\t\t\t\t<figure class=\"post-media\">\r\n\t\t\t\t\t\t\t\t<a href=\"https:\/\/sff-camara.com\/es\/sff-magazine-octubre-2021\/luxemburgo-la-plataforma-que-permite-el-acceso-a-la-distribucion-global\/\" aria-label=\"Post Media\">\r\n\t\t\t\t\t<img loading=\"lazy\" decoding=\"async\" width=\"600\" height=\"420\" src=\"https:\/\/sff-camara.com\/wp-content\/uploads\/2021\/10\/Santander-AM-600x420.jpeg\" class=\"attachment-alpha-post-medium size-alpha-post-medium wp-post-image\" alt=\"\" srcset=\"https:\/\/sff-camara.com\/wp-content\/uploads\/2021\/10\/Santander-AM-600x420.jpeg 600w, https:\/\/sff-camara.com\/wp-content\/uploads\/2021\/10\/Santander-AM-400x280.jpeg 400w, https:\/\/sff-camara.com\/wp-content\/uploads\/2021\/10\/Santander-AM-570x400.jpeg 570w\" sizes=\"(max-width: 600px) 100vw, 600px\" \/>\t\t\t\t<\/a>\r\n\t\t\t<\/figure>\r\n\t\t\t<div class=\"post-details\">\r\n\t<div class=\"post-meta\">\r\n\t<a class=\"post-date\" href=\"https:\/\/sff-camara.com\/es\/2021\/10\/21\/\">octubre 21, 2021<\/a>\r\n\r\n\t<\/div>\r\n<h3 class=\"post-title\">\r\n\t<a href=\"https:\/\/sff-camara.com\/es\/sff-magazine-octubre-2021\/luxemburgo-la-plataforma-que-permite-el-acceso-a-la-distribucion-global\/\">\r\n\t\tLuxemburgo, la plataforma que permite el acceso a la distribuci\u00f3n global\t<\/a>\r\n<\/h3>\r\n<a href=\"https:\/\/sff-camara.com\/es\/sff-magazine-octubre-2021\/luxemburgo-la-plataforma-que-permite-el-acceso-a-la-distribucion-global\/\" class=\"btn btn-link btn-underline btn-primary\">Leer m\u00e1s <i class=\"a-icon-long-arrow-right\"><\/i><\/a><\/div>\r\n\t<\/article>\r\n\r\n\t\r\n<\/div>\r\n\r\n\r\n<div class=\"post-wrap \" data-post-image=\"alpha-post-medium\">\r\n\r\n\t\r\n\t<article class=\"post-8071 post type-post status-publish format-standard has-post-thumbnail hentry category-sff-magazine-octubre-2021 tag-distribucion-de-fondos post overlay-zoom overlay-dark  post-modern\">\r\n\t\t\t\t\t<figure class=\"post-media\">\r\n\t\t\t\t\t\t\t\t<a href=\"https:\/\/sff-camara.com\/es\/sff-magazine-octubre-2021\/en-caixabank-am-luxembourg-llevamos-nuestros-valores-al-centro-financiero-de-europa\/\" aria-label=\"Post Media\">\r\n\t\t\t\t\t<img loading=\"lazy\" decoding=\"async\" width=\"370\" height=\"201\" src=\"https:\/\/sff-camara.com\/wp-content\/uploads\/2021\/10\/CaixaBank-Global-Pequena.png\" class=\"attachment-alpha-post-medium size-alpha-post-medium wp-post-image\" alt=\"\" \/>\t\t\t\t<\/a>\r\n\t\t\t<\/figure>\r\n\t\t\t<div class=\"post-details\">\r\n\t<div class=\"post-meta\">\r\n\t<a class=\"post-date\" href=\"https:\/\/sff-camara.com\/es\/2021\/10\/21\/\">octubre 21, 2021<\/a>\r\n\r\n\t<\/div>\r\n<h3 class=\"post-title\">\r\n\t<a href=\"https:\/\/sff-camara.com\/es\/sff-magazine-octubre-2021\/en-caixabank-am-luxembourg-llevamos-nuestros-valores-al-centro-financiero-de-europa\/\">\r\n\t\t\u201cEn CaixaBank AM Luxembourg, llevamos nuestros valores al centro financiero de Europa\u201d\t<\/a>\r\n<\/h3>\r\n<a href=\"https:\/\/sff-camara.com\/es\/sff-magazine-octubre-2021\/en-caixabank-am-luxembourg-llevamos-nuestros-valores-al-centro-financiero-de-europa\/\" class=\"btn btn-link btn-underline btn-primary\">Leer m\u00e1s <i class=\"a-icon-long-arrow-right\"><\/i><\/a><\/div>\r\n\t<\/article>\r\n\r\n\t\r\n<\/div>\r\n\r\n\r\n<div class=\"post-wrap \" data-post-image=\"alpha-post-medium\">\r\n\r\n\t\r\n\t<article class=\"post-8073 post type-post status-publish format-standard has-post-thumbnail hentry category-sff-magazine-octubre-2021 tag-distribucion-de-fondos post overlay-zoom overlay-dark  post-modern\">\r\n\t\t\t\t\t<figure class=\"post-media\">\r\n\t\t\t\t\t\t\t\t<a href=\"https:\/\/sff-camara.com\/es\/sff-magazine-octubre-2021\/fundsquare-el-principal-centro-de-datos-financieros-de-fondos-domiciliados-en-luxemburgo\/\" aria-label=\"Post Media\">\r\n\t\t\t\t\t<img loading=\"lazy\" decoding=\"async\" width=\"600\" height=\"420\" src=\"https:\/\/sff-camara.com\/wp-content\/uploads\/2023\/01\/Puente-600x420.jpeg\" class=\"attachment-alpha-post-medium size-alpha-post-medium wp-post-image\" alt=\"\" srcset=\"https:\/\/sff-camara.com\/wp-content\/uploads\/2023\/01\/Puente-600x420.jpeg 600w, https:\/\/sff-camara.com\/wp-content\/uploads\/2023\/01\/Puente-400x280.jpeg 400w, https:\/\/sff-camara.com\/wp-content\/uploads\/2023\/01\/Puente-570x400.jpeg 570w\" sizes=\"(max-width: 600px) 100vw, 600px\" \/>\t\t\t\t<\/a>\r\n\t\t\t<\/figure>\r\n\t\t\t<div class=\"post-details\">\r\n\t<div class=\"post-meta\">\r\n\t<a class=\"post-date\" href=\"https:\/\/sff-camara.com\/es\/2021\/10\/21\/\">octubre 21, 2021<\/a>\r\n\r\n\t<\/div>\r\n<h3 class=\"post-title\">\r\n\t<a href=\"https:\/\/sff-camara.com\/es\/sff-magazine-octubre-2021\/fundsquare-el-principal-centro-de-datos-financieros-de-fondos-domiciliados-en-luxemburgo\/\">\r\n\t\tFundsquare, el principal centro de datos financieros de fondos domiciliados en Luxemburgo\t<\/a>\r\n<\/h3>\r\n<a href=\"https:\/\/sff-camara.com\/es\/sff-magazine-octubre-2021\/fundsquare-el-principal-centro-de-datos-financieros-de-fondos-domiciliados-en-luxemburgo\/\" class=\"btn btn-link btn-underline btn-primary\">Leer m\u00e1s <i class=\"a-icon-long-arrow-right\"><\/i><\/a><\/div>\r\n\t<\/article>\r\n\r\n\t\r\n<\/div>\r\n\r\n\r\n<div class=\"post-wrap \" data-post-image=\"alpha-post-medium\">\r\n\r\n\t\r\n\t<article class=\"post-8075 post type-post status-publish format-standard has-post-thumbnail hentry category-sff-magazine-octubre-2021 tag-distribucion-de-fondos post overlay-zoom overlay-dark  post-modern\">\r\n\t\t\t\t\t<figure class=\"post-media\">\r\n\t\t\t\t\t\t\t\t<a href=\"https:\/\/sff-camara.com\/es\/sff-magazine-octubre-2021\/distribucion-desde-luxemburgo-que-ha-cambiado-el-brexit\/\" aria-label=\"Post Media\">\r\n\t\t\t\t\t<img loading=\"lazy\" decoding=\"async\" width=\"600\" height=\"420\" src=\"https:\/\/sff-camara.com\/wp-content\/uploads\/2021\/10\/dylan-nolte-A4tkGuMKIJU-unsplash-600x420.jpg\" class=\"attachment-alpha-post-medium size-alpha-post-medium wp-post-image\" alt=\"\" srcset=\"https:\/\/sff-camara.com\/wp-content\/uploads\/2021\/10\/dylan-nolte-A4tkGuMKIJU-unsplash-600x420.jpg 600w, https:\/\/sff-camara.com\/wp-content\/uploads\/2021\/10\/dylan-nolte-A4tkGuMKIJU-unsplash-400x280.jpg 400w, https:\/\/sff-camara.com\/wp-content\/uploads\/2021\/10\/dylan-nolte-A4tkGuMKIJU-unsplash-570x400.jpg 570w\" sizes=\"(max-width: 600px) 100vw, 600px\" \/>\t\t\t\t<\/a>\r\n\t\t\t<\/figure>\r\n\t\t\t<div class=\"post-details\">\r\n\t<div class=\"post-meta\">\r\n\t<a class=\"post-date\" href=\"https:\/\/sff-camara.com\/es\/2021\/10\/21\/\">octubre 21, 2021<\/a>\r\n\r\n\t<\/div>\r\n<h3 class=\"post-title\">\r\n\t<a href=\"https:\/\/sff-camara.com\/es\/sff-magazine-octubre-2021\/distribucion-desde-luxemburgo-que-ha-cambiado-el-brexit\/\">\r\n\t\tDistribuci\u00f3n desde Luxemburgo: \u00bfQu\u00e9 ha cambiado el Brexit?\t<\/a>\r\n<\/h3>\r\n<a href=\"https:\/\/sff-camara.com\/es\/sff-magazine-octubre-2021\/distribucion-desde-luxemburgo-que-ha-cambiado-el-brexit\/\" class=\"btn btn-link btn-underline btn-primary\">Leer m\u00e1s <i class=\"a-icon-long-arrow-right\"><\/i><\/a><\/div>\r\n\t<\/article>\r\n\r\n\t\r\n<\/div>\r\n\r\n\r\n<div class=\"post-wrap \" data-post-image=\"alpha-post-medium\">\r\n\r\n\t\r\n\t<article class=\"post-8077 post type-post status-publish format-standard has-post-thumbnail hentry category-sff-magazine-octubre-2021 tag-finanzas-sostenibles tag-fintech-es post overlay-zoom overlay-dark  post-modern\">\r\n\t\t\t\t\t<figure class=\"post-media\">\r\n\t\t\t\t\t\t\t\t<a href=\"https:\/\/sff-camara.com\/es\/sff-magazine-octubre-2021\/principales-tendencias-regulatorias-en-espana-y-luxemburgo\/\" aria-label=\"Post Media\">\r\n\t\t\t\t\t<img loading=\"lazy\" decoding=\"async\" width=\"600\" height=\"420\" src=\"https:\/\/sff-camara.com\/wp-content\/uploads\/2023\/01\/Articulos-600x420.jpeg\" class=\"attachment-alpha-post-medium size-alpha-post-medium wp-post-image\" alt=\"\" srcset=\"https:\/\/sff-camara.com\/wp-content\/uploads\/2023\/01\/Articulos-600x420.jpeg 600w, https:\/\/sff-camara.com\/wp-content\/uploads\/2023\/01\/Articulos-400x280.jpeg 400w, https:\/\/sff-camara.com\/wp-content\/uploads\/2023\/01\/Articulos-570x400.jpeg 570w\" sizes=\"(max-width: 600px) 100vw, 600px\" \/>\t\t\t\t<\/a>\r\n\t\t\t<\/figure>\r\n\t\t\t<div class=\"post-details\">\r\n\t<div class=\"post-meta\">\r\n\t<a class=\"post-date\" href=\"https:\/\/sff-camara.com\/es\/2021\/10\/21\/\">octubre 21, 2021<\/a>\r\n\r\n\t<\/div>\r\n<h3 class=\"post-title\">\r\n\t<a href=\"https:\/\/sff-camara.com\/es\/sff-magazine-octubre-2021\/principales-tendencias-regulatorias-en-espana-y-luxemburgo\/\">\r\n\t\tPrincipales tendencias regulatorias en Espa\u00f1a y Luxemburgo\t<\/a>\r\n<\/h3>\r\n<a href=\"https:\/\/sff-camara.com\/es\/sff-magazine-octubre-2021\/principales-tendencias-regulatorias-en-espana-y-luxemburgo\/\" class=\"btn btn-link btn-underline btn-primary\">Leer m\u00e1s <i class=\"a-icon-long-arrow-right\"><\/i><\/a><\/div>\r\n\t<\/article>\r\n\r\n\t\r\n<\/div>\r\n\r\n\r\n<div class=\"post-wrap \" data-post-image=\"alpha-post-medium\">\r\n\r\n\t\r\n\t<article class=\"post-8079 post type-post status-publish format-standard has-post-thumbnail hentry category-sff-magazine-octubre-2021 post overlay-zoom overlay-dark  post-modern\">\r\n\t\t\t\t\t<figure class=\"post-media\">\r\n\t\t\t\t\t\t\t\t<a href=\"https:\/\/sff-camara.com\/es\/sff-magazine-octubre-2021\/tipos-bajos-cuales-son-las-alternativas\/\" aria-label=\"Post Media\">\r\n\t\t\t\t\t<img loading=\"lazy\" decoding=\"async\" width=\"600\" height=\"420\" src=\"https:\/\/sff-camara.com\/wp-content\/uploads\/2021\/10\/markus-spiske-XrIfY_4cK1w-unsplash-600x420.jpg\" class=\"attachment-alpha-post-medium size-alpha-post-medium wp-post-image\" alt=\"\" srcset=\"https:\/\/sff-camara.com\/wp-content\/uploads\/2021\/10\/markus-spiske-XrIfY_4cK1w-unsplash-600x420.jpg 600w, https:\/\/sff-camara.com\/wp-content\/uploads\/2021\/10\/markus-spiske-XrIfY_4cK1w-unsplash-400x280.jpg 400w, https:\/\/sff-camara.com\/wp-content\/uploads\/2021\/10\/markus-spiske-XrIfY_4cK1w-unsplash-570x400.jpg 570w\" sizes=\"(max-width: 600px) 100vw, 600px\" \/>\t\t\t\t<\/a>\r\n\t\t\t<\/figure>\r\n\t\t\t<div class=\"post-details\">\r\n\t<div class=\"post-meta\">\r\n\t<a class=\"post-date\" href=\"https:\/\/sff-camara.com\/es\/2021\/10\/21\/\">octubre 21, 2021<\/a>\r\n\r\n\t<\/div>\r\n<h3 class=\"post-title\">\r\n\t<a href=\"https:\/\/sff-camara.com\/es\/sff-magazine-octubre-2021\/tipos-bajos-cuales-son-las-alternativas\/\">\r\n\t\tTipos bajos. \u00bfCu\u00e1les son las alternativas?\t<\/a>\r\n<\/h3>\r\n<a href=\"https:\/\/sff-camara.com\/es\/sff-magazine-octubre-2021\/tipos-bajos-cuales-son-las-alternativas\/\" class=\"btn btn-link btn-underline btn-primary\">Leer m\u00e1s <i class=\"a-icon-long-arrow-right\"><\/i><\/a><\/div>\r\n\t<\/article>\r\n\r\n\t\r\n<\/div>\r\n\r\n\r\n<div class=\"post-wrap \" data-post-image=\"alpha-post-medium\">\r\n\r\n\t\r\n\t<article class=\"post-8081 post type-post status-publish format-standard has-post-thumbnail hentry category-sff-magazine-octubre-2021 tag-capital-riesgo tag-seguros-de-vida-unit-linked post overlay-zoom overlay-dark  post-modern\">\r\n\t\t\t\t\t<figure class=\"post-media\">\r\n\t\t\t\t\t\t\t\t<a href=\"https:\/\/sff-camara.com\/es\/sff-magazine-octubre-2021\/los-fondos-private-equity-y-los-fondos-de-isr-unas-inversiones-sostenibles-y-a-largo-plazo\/\" aria-label=\"Post Media\">\r\n\t\t\t\t\t<img loading=\"lazy\" decoding=\"async\" width=\"600\" height=\"420\" src=\"https:\/\/sff-camara.com\/wp-content\/uploads\/2021\/10\/towfiqu-barbhuiya-joqWSI9u_XM-unsplash-600x420.jpg\" class=\"attachment-alpha-post-medium size-alpha-post-medium wp-post-image\" alt=\"\" srcset=\"https:\/\/sff-camara.com\/wp-content\/uploads\/2021\/10\/towfiqu-barbhuiya-joqWSI9u_XM-unsplash-600x420.jpg 600w, https:\/\/sff-camara.com\/wp-content\/uploads\/2021\/10\/towfiqu-barbhuiya-joqWSI9u_XM-unsplash-400x280.jpg 400w, https:\/\/sff-camara.com\/wp-content\/uploads\/2021\/10\/towfiqu-barbhuiya-joqWSI9u_XM-unsplash-570x400.jpg 570w\" sizes=\"(max-width: 600px) 100vw, 600px\" \/>\t\t\t\t<\/a>\r\n\t\t\t<\/figure>\r\n\t\t\t<div class=\"post-details\">\r\n\t<div class=\"post-meta\">\r\n\t<a class=\"post-date\" href=\"https:\/\/sff-camara.com\/es\/2021\/10\/21\/\">octubre 21, 2021<\/a>\r\n\r\n\t<\/div>\r\n<h3 class=\"post-title\">\r\n\t<a href=\"https:\/\/sff-camara.com\/es\/sff-magazine-octubre-2021\/los-fondos-private-equity-y-los-fondos-de-isr-unas-inversiones-sostenibles-y-a-largo-plazo\/\">\r\n\t\tLos fondos Private Equity y los fondos de ISR: unas inversiones sostenibles y a largo plazo\t<\/a>\r\n<\/h3>\r\n<a href=\"https:\/\/sff-camara.com\/es\/sff-magazine-octubre-2021\/los-fondos-private-equity-y-los-fondos-de-isr-unas-inversiones-sostenibles-y-a-largo-plazo\/\" class=\"btn btn-link btn-underline btn-primary\">Leer m\u00e1s <i class=\"a-icon-long-arrow-right\"><\/i><\/a><\/div>\r\n\t<\/article>\r\n\r\n\t\r\n<\/div>\r\n\r\n<\/div>\t\t\t\t<\/div>\n\t\t\t\t<\/div>\n\t\t\t\t<div class=\"elementor-element elementor-element-2fd99911 elementor-widget elementor-widget-spacer\" data-id=\"2fd99911\" data-element_type=\"widget\" data-e-type=\"widget\" data-widget_type=\"spacer.default\">\n\t\t\t\t<div class=\"elementor-widget-container\">\n\t\t\t\t\t\t\t<div class=\"elementor-spacer\">\n\t\t\t<div class=\"elementor-spacer-inner\"><\/div>\n\t\t<\/div>\n\t\t\t\t\t\t<\/div>\n\t\t\t\t<\/div>\n\t\t\t\t\t\t<\/div>\r\n\t\t\t\t<\/div>\r\n\t\t\t\t\t\t\t\t<\/div>\r\n\t\t\t<\/section>\r\n\t\t\t\t\t<\/div>\n\t\t","protected":false},"excerpt":{"rendered":"<p>Analizamos dos clases de activos decididamente estrat\u00e9gicos en la planificaci\u00f3n patrimonial en un contexto de tipos de inter\u00e9s significativamente bajos o negativos. Aportar fondos de \u201cPrivate Equity\u201d a una p\u00f3liza [&hellip;]<\/p>\n","protected":false},"author":2,"featured_media":6120,"comment_status":"closed","ping_status":"closed","sticky":false,"template":"","format":"standard","meta":{"_acf_changed":false,"_price":"","_stock":"","_tribe_ticket_header":"","_tribe_default_ticket_provider":"","_ticket_start_date":"","_ticket_end_date":"","_tribe_ticket_show_description":"","_tribe_ticket_show_not_going":false,"_tribe_ticket_use_global_stock":"","_tribe_ticket_global_stock_level":"","_global_stock_mode":"","_global_stock_cap":"","_tribe_rsvp_for_event":"","_tribe_ticket_going_count":"","_tribe_ticket_not_going_count":"","_tribe_tickets_list":"[]","_tribe_ticket_has_attendee_info_fields":false,"footnotes":""},"categories":[171],"tags":[170,169],"class_list":["post-8081","post","type-post","status-publish","format-standard","has-post-thumbnail","hentry","category-sff-magazine-octubre-2021","tag-capital-riesgo","tag-seguros-de-vida-unit-linked"],"acf":[],"yoast_head":"<!-- This site is optimized with the Yoast SEO plugin v27.1.1 - https:\/\/yoast.com\/product\/yoast-seo-wordpress\/ -->\n<title>Los fondos Private Equity y los fondos de ISR: unas inversiones sostenibles y a largo plazo | SFF<\/title>\n<meta name=\"robots\" content=\"index, follow, max-snippet:-1, max-image-preview:large, max-video-preview:-1\" \/>\n<link rel=\"canonical\" href=\"https:\/\/sff-camara.com\/es\/sff-magazine-octubre-2021\/los-fondos-private-equity-y-los-fondos-de-isr-unas-inversiones-sostenibles-y-a-largo-plazo\/\" \/>\n<meta property=\"og:locale\" content=\"es_ES\" \/>\n<meta property=\"og:type\" content=\"article\" \/>\n<meta property=\"og:title\" content=\"Los fondos Private Equity y los fondos de ISR: unas inversiones sostenibles y a largo plazo | SFF\" \/>\n<meta property=\"og:description\" content=\"Analizamos dos clases de activos decididamente estrat\u00e9gicos en la planificaci\u00f3n patrimonial en un contexto de tipos de inter\u00e9s significativamente bajos o negativos. Aportar fondos de \u201cPrivate Equity\u201d a una p\u00f3liza [&hellip;]\" \/>\n<meta property=\"og:url\" content=\"https:\/\/sff-camara.com\/es\/sff-magazine-octubre-2021\/los-fondos-private-equity-y-los-fondos-de-isr-unas-inversiones-sostenibles-y-a-largo-plazo\/\" \/>\n<meta property=\"og:site_name\" content=\"SFF\" \/>\n<meta property=\"article:published_time\" content=\"2021-10-21T13:56:46+00:00\" \/>\n<meta property=\"article:modified_time\" content=\"2023-09-17T20:42:07+00:00\" \/>\n<meta property=\"og:image\" content=\"https:\/\/sff-camara.com\/wp-content\/uploads\/2021\/10\/towfiqu-barbhuiya-joqWSI9u_XM-unsplash-scaled.jpg\" \/>\n\t<meta property=\"og:image:width\" content=\"2560\" \/>\n\t<meta property=\"og:image:height\" content=\"1708\" \/>\n\t<meta property=\"og:image:type\" content=\"image\/jpeg\" \/>\n<meta name=\"author\" content=\"SFF\" \/>\n<meta name=\"twitter:card\" content=\"summary_large_image\" \/>\n<meta name=\"twitter:label1\" content=\"Escrito por\" \/>\n\t<meta name=\"twitter:data1\" content=\"SFF\" \/>\n\t<meta name=\"twitter:label2\" content=\"Tiempo de lectura\" \/>\n\t<meta name=\"twitter:data2\" content=\"5 minutos\" \/>\n<script type=\"application\/ld+json\" class=\"yoast-schema-graph\">{\"@context\":\"https:\/\/schema.org\",\"@graph\":[{\"@type\":\"Article\",\"@id\":\"https:\/\/sff-camara.com\/es\/sff-magazine-octubre-2021\/los-fondos-private-equity-y-los-fondos-de-isr-unas-inversiones-sostenibles-y-a-largo-plazo\/#article\",\"isPartOf\":{\"@id\":\"https:\/\/sff-camara.com\/es\/sff-magazine-octubre-2021\/los-fondos-private-equity-y-los-fondos-de-isr-unas-inversiones-sostenibles-y-a-largo-plazo\/\"},\"author\":{\"name\":\"SFF\",\"@id\":\"https:\/\/sff-camara.com\/#\/schema\/person\/4adb1bc18ccd0824990c909ad888ece9\"},\"headline\":\"Los fondos Private Equity y los fondos de ISR: unas inversiones sostenibles y a largo plazo\",\"datePublished\":\"2021-10-21T13:56:46+00:00\",\"dateModified\":\"2023-09-17T20:42:07+00:00\",\"mainEntityOfPage\":{\"@id\":\"https:\/\/sff-camara.com\/es\/sff-magazine-octubre-2021\/los-fondos-private-equity-y-los-fondos-de-isr-unas-inversiones-sostenibles-y-a-largo-plazo\/\"},\"wordCount\":1021,\"publisher\":{\"@id\":\"https:\/\/sff-camara.com\/#organization\"},\"image\":{\"@id\":\"https:\/\/sff-camara.com\/es\/sff-magazine-octubre-2021\/los-fondos-private-equity-y-los-fondos-de-isr-unas-inversiones-sostenibles-y-a-largo-plazo\/#primaryimage\"},\"thumbnailUrl\":\"https:\/\/sff-camara.com\/wp-content\/uploads\/2021\/10\/towfiqu-barbhuiya-joqWSI9u_XM-unsplash-scaled.jpg\",\"keywords\":[\"Capital Riesgo\",\"Seguros de vida Unit-linked\"],\"articleSection\":[\"SFF Magazine Octubre 2021\"],\"inLanguage\":\"es\"},{\"@type\":\"WebPage\",\"@id\":\"https:\/\/sff-camara.com\/es\/sff-magazine-octubre-2021\/los-fondos-private-equity-y-los-fondos-de-isr-unas-inversiones-sostenibles-y-a-largo-plazo\/\",\"url\":\"https:\/\/sff-camara.com\/es\/sff-magazine-octubre-2021\/los-fondos-private-equity-y-los-fondos-de-isr-unas-inversiones-sostenibles-y-a-largo-plazo\/\",\"name\":\"Los fondos Private Equity y los fondos de ISR: unas inversiones sostenibles y a largo plazo | SFF\",\"isPartOf\":{\"@id\":\"https:\/\/sff-camara.com\/#website\"},\"primaryImageOfPage\":{\"@id\":\"https:\/\/sff-camara.com\/es\/sff-magazine-octubre-2021\/los-fondos-private-equity-y-los-fondos-de-isr-unas-inversiones-sostenibles-y-a-largo-plazo\/#primaryimage\"},\"image\":{\"@id\":\"https:\/\/sff-camara.com\/es\/sff-magazine-octubre-2021\/los-fondos-private-equity-y-los-fondos-de-isr-unas-inversiones-sostenibles-y-a-largo-plazo\/#primaryimage\"},\"thumbnailUrl\":\"https:\/\/sff-camara.com\/wp-content\/uploads\/2021\/10\/towfiqu-barbhuiya-joqWSI9u_XM-unsplash-scaled.jpg\",\"datePublished\":\"2021-10-21T13:56:46+00:00\",\"dateModified\":\"2023-09-17T20:42:07+00:00\",\"breadcrumb\":{\"@id\":\"https:\/\/sff-camara.com\/es\/sff-magazine-octubre-2021\/los-fondos-private-equity-y-los-fondos-de-isr-unas-inversiones-sostenibles-y-a-largo-plazo\/#breadcrumb\"},\"inLanguage\":\"es\",\"potentialAction\":[{\"@type\":\"ReadAction\",\"target\":[\"https:\/\/sff-camara.com\/es\/sff-magazine-octubre-2021\/los-fondos-private-equity-y-los-fondos-de-isr-unas-inversiones-sostenibles-y-a-largo-plazo\/\"]}]},{\"@type\":\"ImageObject\",\"inLanguage\":\"es\",\"@id\":\"https:\/\/sff-camara.com\/es\/sff-magazine-octubre-2021\/los-fondos-private-equity-y-los-fondos-de-isr-unas-inversiones-sostenibles-y-a-largo-plazo\/#primaryimage\",\"url\":\"https:\/\/sff-camara.com\/wp-content\/uploads\/2021\/10\/towfiqu-barbhuiya-joqWSI9u_XM-unsplash-scaled.jpg\",\"contentUrl\":\"https:\/\/sff-camara.com\/wp-content\/uploads\/2021\/10\/towfiqu-barbhuiya-joqWSI9u_XM-unsplash-scaled.jpg\",\"width\":2560,\"height\":1708},{\"@type\":\"BreadcrumbList\",\"@id\":\"https:\/\/sff-camara.com\/es\/sff-magazine-octubre-2021\/los-fondos-private-equity-y-los-fondos-de-isr-unas-inversiones-sostenibles-y-a-largo-plazo\/#breadcrumb\",\"itemListElement\":[{\"@type\":\"ListItem\",\"position\":1,\"name\":\"Home\",\"item\":\"https:\/\/sff-camara.com\/\"},{\"@type\":\"ListItem\",\"position\":2,\"name\":\"Los fondos Private Equity y los fondos de ISR: unas inversiones sostenibles y a largo plazo\"}]},{\"@type\":\"WebSite\",\"@id\":\"https:\/\/sff-camara.com\/#website\",\"url\":\"https:\/\/sff-camara.com\/\",\"name\":\"SFF\",\"description\":\"Spanish Financial Forum in Luxembourg\",\"publisher\":{\"@id\":\"https:\/\/sff-camara.com\/#organization\"},\"potentialAction\":[{\"@type\":\"SearchAction\",\"target\":{\"@type\":\"EntryPoint\",\"urlTemplate\":\"https:\/\/sff-camara.com\/?s={search_term_string}\"},\"query-input\":{\"@type\":\"PropertyValueSpecification\",\"valueRequired\":true,\"valueName\":\"search_term_string\"}}],\"inLanguage\":\"es\"},{\"@type\":\"Organization\",\"@id\":\"https:\/\/sff-camara.com\/#organization\",\"name\":\"Spanish Financial Forum in Luxembourg\",\"url\":\"https:\/\/sff-camara.com\/\",\"logo\":{\"@type\":\"ImageObject\",\"inLanguage\":\"es\",\"@id\":\"https:\/\/sff-camara.com\/#\/schema\/logo\/image\/\",\"url\":\"https:\/\/sff-camara.com\/wp-content\/uploads\/2023\/02\/cropped-LOGO-1.png\",\"contentUrl\":\"https:\/\/sff-camara.com\/wp-content\/uploads\/2023\/02\/cropped-LOGO-1.png\",\"width\":586,\"height\":222,\"caption\":\"Spanish Financial Forum in Luxembourg\"},\"image\":{\"@id\":\"https:\/\/sff-camara.com\/#\/schema\/logo\/image\/\"},\"sameAs\":[\"https:\/\/www.linkedin.com\/company\/camara-oficial-de-comercio-de-espana-en-belgica-y-luxemburgo\/\"]},{\"@type\":\"Person\",\"@id\":\"https:\/\/sff-camara.com\/#\/schema\/person\/4adb1bc18ccd0824990c909ad888ece9\",\"name\":\"SFF\",\"url\":\"https:\/\/sff-camara.com\/es\/author\/planinluxadmin\/\"}]}<\/script>\n<!-- \/ Yoast SEO plugin. -->","yoast_head_json":{"title":"Los fondos Private Equity y los fondos de ISR: unas inversiones sostenibles y a largo plazo | SFF","robots":{"index":"index","follow":"follow","max-snippet":"max-snippet:-1","max-image-preview":"max-image-preview:large","max-video-preview":"max-video-preview:-1"},"canonical":"https:\/\/sff-camara.com\/es\/sff-magazine-octubre-2021\/los-fondos-private-equity-y-los-fondos-de-isr-unas-inversiones-sostenibles-y-a-largo-plazo\/","og_locale":"es_ES","og_type":"article","og_title":"Los fondos Private Equity y los fondos de ISR: unas inversiones sostenibles y a largo plazo | SFF","og_description":"Analizamos dos clases de activos decididamente estrat\u00e9gicos en la planificaci\u00f3n patrimonial en un contexto de tipos de inter\u00e9s significativamente bajos o negativos. Aportar fondos de \u201cPrivate Equity\u201d a una p\u00f3liza [&hellip;]","og_url":"https:\/\/sff-camara.com\/es\/sff-magazine-octubre-2021\/los-fondos-private-equity-y-los-fondos-de-isr-unas-inversiones-sostenibles-y-a-largo-plazo\/","og_site_name":"SFF","article_published_time":"2021-10-21T13:56:46+00:00","article_modified_time":"2023-09-17T20:42:07+00:00","og_image":[{"width":2560,"height":1708,"url":"https:\/\/sff-camara.com\/wp-content\/uploads\/2021\/10\/towfiqu-barbhuiya-joqWSI9u_XM-unsplash-scaled.jpg","type":"image\/jpeg"}],"author":"SFF","twitter_card":"summary_large_image","twitter_misc":{"Escrito por":"SFF","Tiempo de lectura":"5 minutos"},"schema":{"@context":"https:\/\/schema.org","@graph":[{"@type":"Article","@id":"https:\/\/sff-camara.com\/es\/sff-magazine-octubre-2021\/los-fondos-private-equity-y-los-fondos-de-isr-unas-inversiones-sostenibles-y-a-largo-plazo\/#article","isPartOf":{"@id":"https:\/\/sff-camara.com\/es\/sff-magazine-octubre-2021\/los-fondos-private-equity-y-los-fondos-de-isr-unas-inversiones-sostenibles-y-a-largo-plazo\/"},"author":{"name":"SFF","@id":"https:\/\/sff-camara.com\/#\/schema\/person\/4adb1bc18ccd0824990c909ad888ece9"},"headline":"Los fondos Private Equity y los fondos de ISR: unas inversiones sostenibles y a largo plazo","datePublished":"2021-10-21T13:56:46+00:00","dateModified":"2023-09-17T20:42:07+00:00","mainEntityOfPage":{"@id":"https:\/\/sff-camara.com\/es\/sff-magazine-octubre-2021\/los-fondos-private-equity-y-los-fondos-de-isr-unas-inversiones-sostenibles-y-a-largo-plazo\/"},"wordCount":1021,"publisher":{"@id":"https:\/\/sff-camara.com\/#organization"},"image":{"@id":"https:\/\/sff-camara.com\/es\/sff-magazine-octubre-2021\/los-fondos-private-equity-y-los-fondos-de-isr-unas-inversiones-sostenibles-y-a-largo-plazo\/#primaryimage"},"thumbnailUrl":"https:\/\/sff-camara.com\/wp-content\/uploads\/2021\/10\/towfiqu-barbhuiya-joqWSI9u_XM-unsplash-scaled.jpg","keywords":["Capital Riesgo","Seguros de vida Unit-linked"],"articleSection":["SFF Magazine Octubre 2021"],"inLanguage":"es"},{"@type":"WebPage","@id":"https:\/\/sff-camara.com\/es\/sff-magazine-octubre-2021\/los-fondos-private-equity-y-los-fondos-de-isr-unas-inversiones-sostenibles-y-a-largo-plazo\/","url":"https:\/\/sff-camara.com\/es\/sff-magazine-octubre-2021\/los-fondos-private-equity-y-los-fondos-de-isr-unas-inversiones-sostenibles-y-a-largo-plazo\/","name":"Los fondos Private Equity y los fondos de ISR: unas inversiones sostenibles y a largo plazo | SFF","isPartOf":{"@id":"https:\/\/sff-camara.com\/#website"},"primaryImageOfPage":{"@id":"https:\/\/sff-camara.com\/es\/sff-magazine-octubre-2021\/los-fondos-private-equity-y-los-fondos-de-isr-unas-inversiones-sostenibles-y-a-largo-plazo\/#primaryimage"},"image":{"@id":"https:\/\/sff-camara.com\/es\/sff-magazine-octubre-2021\/los-fondos-private-equity-y-los-fondos-de-isr-unas-inversiones-sostenibles-y-a-largo-plazo\/#primaryimage"},"thumbnailUrl":"https:\/\/sff-camara.com\/wp-content\/uploads\/2021\/10\/towfiqu-barbhuiya-joqWSI9u_XM-unsplash-scaled.jpg","datePublished":"2021-10-21T13:56:46+00:00","dateModified":"2023-09-17T20:42:07+00:00","breadcrumb":{"@id":"https:\/\/sff-camara.com\/es\/sff-magazine-octubre-2021\/los-fondos-private-equity-y-los-fondos-de-isr-unas-inversiones-sostenibles-y-a-largo-plazo\/#breadcrumb"},"inLanguage":"es","potentialAction":[{"@type":"ReadAction","target":["https:\/\/sff-camara.com\/es\/sff-magazine-octubre-2021\/los-fondos-private-equity-y-los-fondos-de-isr-unas-inversiones-sostenibles-y-a-largo-plazo\/"]}]},{"@type":"ImageObject","inLanguage":"es","@id":"https:\/\/sff-camara.com\/es\/sff-magazine-octubre-2021\/los-fondos-private-equity-y-los-fondos-de-isr-unas-inversiones-sostenibles-y-a-largo-plazo\/#primaryimage","url":"https:\/\/sff-camara.com\/wp-content\/uploads\/2021\/10\/towfiqu-barbhuiya-joqWSI9u_XM-unsplash-scaled.jpg","contentUrl":"https:\/\/sff-camara.com\/wp-content\/uploads\/2021\/10\/towfiqu-barbhuiya-joqWSI9u_XM-unsplash-scaled.jpg","width":2560,"height":1708},{"@type":"BreadcrumbList","@id":"https:\/\/sff-camara.com\/es\/sff-magazine-octubre-2021\/los-fondos-private-equity-y-los-fondos-de-isr-unas-inversiones-sostenibles-y-a-largo-plazo\/#breadcrumb","itemListElement":[{"@type":"ListItem","position":1,"name":"Home","item":"https:\/\/sff-camara.com\/"},{"@type":"ListItem","position":2,"name":"Los fondos Private Equity y los fondos de ISR: unas inversiones sostenibles y a largo plazo"}]},{"@type":"WebSite","@id":"https:\/\/sff-camara.com\/#website","url":"https:\/\/sff-camara.com\/","name":"SFF","description":"Spanish Financial Forum in Luxembourg","publisher":{"@id":"https:\/\/sff-camara.com\/#organization"},"potentialAction":[{"@type":"SearchAction","target":{"@type":"EntryPoint","urlTemplate":"https:\/\/sff-camara.com\/?s={search_term_string}"},"query-input":{"@type":"PropertyValueSpecification","valueRequired":true,"valueName":"search_term_string"}}],"inLanguage":"es"},{"@type":"Organization","@id":"https:\/\/sff-camara.com\/#organization","name":"Spanish Financial Forum in Luxembourg","url":"https:\/\/sff-camara.com\/","logo":{"@type":"ImageObject","inLanguage":"es","@id":"https:\/\/sff-camara.com\/#\/schema\/logo\/image\/","url":"https:\/\/sff-camara.com\/wp-content\/uploads\/2023\/02\/cropped-LOGO-1.png","contentUrl":"https:\/\/sff-camara.com\/wp-content\/uploads\/2023\/02\/cropped-LOGO-1.png","width":586,"height":222,"caption":"Spanish Financial Forum in Luxembourg"},"image":{"@id":"https:\/\/sff-camara.com\/#\/schema\/logo\/image\/"},"sameAs":["https:\/\/www.linkedin.com\/company\/camara-oficial-de-comercio-de-espana-en-belgica-y-luxemburgo\/"]},{"@type":"Person","@id":"https:\/\/sff-camara.com\/#\/schema\/person\/4adb1bc18ccd0824990c909ad888ece9","name":"SFF","url":"https:\/\/sff-camara.com\/es\/author\/planinluxadmin\/"}]}},"_links":{"self":[{"href":"https:\/\/sff-camara.com\/es\/wp-json\/wp\/v2\/posts\/8081","targetHints":{"allow":["GET"]}}],"collection":[{"href":"https:\/\/sff-camara.com\/es\/wp-json\/wp\/v2\/posts"}],"about":[{"href":"https:\/\/sff-camara.com\/es\/wp-json\/wp\/v2\/types\/post"}],"author":[{"embeddable":true,"href":"https:\/\/sff-camara.com\/es\/wp-json\/wp\/v2\/users\/2"}],"replies":[{"embeddable":true,"href":"https:\/\/sff-camara.com\/es\/wp-json\/wp\/v2\/comments?post=8081"}],"version-history":[{"count":5,"href":"https:\/\/sff-camara.com\/es\/wp-json\/wp\/v2\/posts\/8081\/revisions"}],"predecessor-version":[{"id":11521,"href":"https:\/\/sff-camara.com\/es\/wp-json\/wp\/v2\/posts\/8081\/revisions\/11521"}],"wp:featuredmedia":[{"embeddable":true,"href":"https:\/\/sff-camara.com\/es\/wp-json\/wp\/v2\/media\/6120"}],"wp:attachment":[{"href":"https:\/\/sff-camara.com\/es\/wp-json\/wp\/v2\/media?parent=8081"}],"wp:term":[{"taxonomy":"category","embeddable":true,"href":"https:\/\/sff-camara.com\/es\/wp-json\/wp\/v2\/categories?post=8081"},{"taxonomy":"post_tag","embeddable":true,"href":"https:\/\/sff-camara.com\/es\/wp-json\/wp\/v2\/tags?post=8081"}],"curies":[{"name":"wp","href":"https:\/\/api.w.org\/{rel}","templated":true}]}}