{"id":8043,"date":"2021-07-07T20:31:13","date_gmt":"2021-07-07T20:31:13","guid":{"rendered":"https:\/\/sff-camara.com\/sin-categorizar\/el-ecosistema-fintech-en-luxemburgo\/"},"modified":"2023-09-17T20:58:09","modified_gmt":"2023-09-17T20:58:09","slug":"el-ecosistema-fintech-en-luxemburgo","status":"publish","type":"post","link":"https:\/\/sff-camara.com\/es\/sff-magazine-julio-2021\/el-ecosistema-fintech-en-luxemburgo\/","title":{"rendered":"El ecosistema Fintech en Luxemburgo"},"content":{"rendered":"\t\t<div data-elementor-type=\"wp-post\" data-elementor-id=\"8043\" class=\"elementor elementor-8043 elementor-5921\">\n\t\t\t\t\t\t<section class=\" elementor-section elementor-top-section elementor-element elementor-element-5777acb2 elementor-section-boxed elementor-section-height-default elementor-section-height-default\" data-id=\"5777acb2\" data-element_type=\"section\" data-e-type=\"section\">\r\n\t\t\t\t\t\t\t\t<div class=\"elementor-container elementor-column-gap-default\">\r\n\t\t\t\t\r\n\t\t\t\t\t\t\t\t<div class=\" elementor-column elementor-col-100 elementor-top-column elementor-element elementor-element-5f2e469a \" data-id=\"5f2e469a\" data-element_type=\"column\" data-e-type=\"column\">\r\n\r\n\t\t\t\t\r\n\t\t\t\t<div class=\"elementor-widget-wrap elementor-element-populated\">\r\n\t\t\t\t\t\t\t\t\t\t\r\n\t\t\t\t\t\t<div class=\"elementor-element elementor-element-1e8f7f53 elementor-widget elementor-widget-heading\" data-id=\"1e8f7f53\" data-element_type=\"widget\" data-e-type=\"widget\" data-widget_type=\"heading.default\">\n\t\t\t\t<div class=\"elementor-widget-container\">\n\t\t\t\t\t<h3 class=\"elementor-heading-title elementor-size-default\">El ecosistema Fintech en Luxemburgo<\/h3>\t\t\t\t<\/div>\n\t\t\t\t<\/div>\n\t\t\t\t<div class=\"elementor-element elementor-element-547993f3 elementor-widget elementor-widget-spacer\" data-id=\"547993f3\" data-element_type=\"widget\" data-e-type=\"widget\" data-widget_type=\"spacer.default\">\n\t\t\t\t<div class=\"elementor-widget-container\">\n\t\t\t\t\t\t\t<div class=\"elementor-spacer\">\n\t\t\t<div class=\"elementor-spacer-inner\"><\/div>\n\t\t<\/div>\n\t\t\t\t\t\t<\/div>\n\t\t\t\t<\/div>\n\t\t\t\t<div class=\"elementor-element elementor-element-26f0dcaa elementor-widget elementor-widget-text-editor\" data-id=\"26f0dcaa\" data-element_type=\"widget\" data-e-type=\"widget\" data-widget_type=\"text-editor.default\">\n\t\t\t\t<div class=\"elementor-widget-container\">\n\t\t\t\t\t\t\t\t\t<a href=\"https:\/\/sff-camara.com\/es\/categoria\/sff-magazine-julio-2021\/\" rel=\"tag\">SFF Magazine Julio 2021<\/a>\t\t\t\t\t\t\t\t<\/div>\n\t\t\t\t<\/div>\n\t\t\t\t<div class=\"elementor-element elementor-element-58c8c031 elementor-widget elementor-widget-spacer\" data-id=\"58c8c031\" data-element_type=\"widget\" data-e-type=\"widget\" data-widget_type=\"spacer.default\">\n\t\t\t\t<div class=\"elementor-widget-container\">\n\t\t\t\t\t\t\t<div class=\"elementor-spacer\">\n\t\t\t<div class=\"elementor-spacer-inner\"><\/div>\n\t\t<\/div>\n\t\t\t\t\t\t<\/div>\n\t\t\t\t<\/div>\n\t\t\t\t<div class=\"elementor-element elementor-element-4fcfb2b1 elementor-widget elementor-widget-text-editor\" data-id=\"4fcfb2b1\" data-element_type=\"widget\" data-e-type=\"widget\" data-widget_type=\"text-editor.default\">\n\t\t\t\t<div class=\"elementor-widget-container\">\n\t\t\t\t\t\t\t\t\tTem\u00e1ticas: <a href=\"https:\/\/sff-camara.com\/es\/temticas\/fintech-es\/\" rel=\"tag\">Fintech<\/a>\t\t\t\t\t\t\t\t<\/div>\n\t\t\t\t<\/div>\n\t\t\t\t\t\t<\/div>\r\n\t\t\t\t<\/div>\r\n\t\t\t\t\t\t\t\t<\/div>\r\n\t\t\t<\/section>\r\n\t\t\t\t\t<section class=\" elementor-section elementor-top-section elementor-element elementor-element-8fb4f80 elementor-section-boxed elementor-section-height-default elementor-section-height-default\" data-id=\"8fb4f80\" data-element_type=\"section\" data-e-type=\"section\">\r\n\t\t\t\t\t\t\t\t<div class=\"elementor-container elementor-column-gap-default\">\r\n\t\t\t\t\r\n\t\t\t\t\t\t\t\t<div class=\" elementor-column elementor-col-100 elementor-top-column elementor-element elementor-element-94dab31 \" data-id=\"94dab31\" data-element_type=\"column\" data-e-type=\"column\">\r\n\r\n\t\t\t\t\r\n\t\t\t\t<div class=\"elementor-widget-wrap elementor-element-populated\">\r\n\t\t\t\t\t\t\t\t\t\t\r\n\t\t\t\t\t\t<div class=\"elementor-element elementor-element-65d36c2 elementor-widget elementor-widget-text-editor\" data-id=\"65d36c2\" data-element_type=\"widget\" data-e-type=\"widget\" data-widget_type=\"text-editor.default\">\n\t\t\t\t<div class=\"elementor-widget-container\">\n\t\t\t\t\t\t\t\t\t<p><b>La innovaci\u00f3n tecnol\u00f3gica en el sector financiero de Luxemburgo se ha acelerado<\/b> r\u00e1pidamente desde el cambio de milenio. Este crecimiento del uso de las nuevas tecnolog\u00edas aplicadas a las finanzas, ha sido liderado tanto por los actores del sector asentados en el Gran Ducado desde hace d\u00e9cadas, como por nuevos actores internacionales, que se han establecido en el pa\u00eds en los \u00faltimos a\u00f1os para ofrecer nuevos servicios y generar modelos m\u00e1s eficientes para la industria.<\/p>\n<p>Un buen ejemplo en este sentido es el posicionamiento actual de Luxemburgo como <b>centro de pagos internacionales transfronterizos<\/b>. Desde que Paypal obtuvo su licencia bancaria en el a\u00f1o 2007, muchas otras empresas que ofrecen soluciones de pago han elegido Luxemburgo como centro de su actividad en la UE. Tanto es as\u00ed, que la Emerging Payments Association estableci\u00f3 en marzo de 2020 su base europea en Luxemburgo para apoyar al mercado de pagos local e internacional en su imparable senda de crecimiento.<span class=\"Apple-converted-space\"> <\/span><\/p>\n<p>El Gran Ducado ofrece a las empresas de este sector un marco regulatorio adecuado, un ecosistema Fintech en pleno desarrollo, as\u00ed como una infraestructura IT de \u00faltima generaci\u00f3n.<\/p>\n<p>La mayor parte de las empresas Fintech en Luxemburgo se centran en atender las necesidades de la industria a nivel global en el \u00e1mbito regulatorio y de cumplimiento normativo: desde KYC\/AML y prevenci\u00f3n de blanqueo de capitales, protecci\u00f3n y gesti\u00f3n de datos, hasta herramientas de informes de fondos e informaci\u00f3n para inversores, as\u00ed como servicios de inversi\u00f3n digital y provisi\u00f3n de plataformas para los mercados financieros. Esto se complementa con una variedad de Fintech, muchas en el espacio B2B que cubren otros sectores, como la gesti\u00f3n de activos, la tokenizaci\u00f3n y la tecnolog\u00eda de los mercados de capital e InsurTech, entre otras.<span class=\"Apple-converted-space\"> <\/span><\/p>\n<p>En Luxemburgo, The Luxembourg House of Fintech (LHoFT) es el principal organismo local focalizado en la promoci\u00f3n y desarrollo de nuevas empresas Fintech . <span class=\"Apple-converted-space\"> <\/span><\/p>\n<p>Adem\u00e1s de LHoFT, Luxemburgo alberga una serie de incubadoras y aceleradoras, que ayudan a garantizar que el pa\u00eds se mantenga a la vanguardia de los \u00faltimos desarrollos tecnol\u00f3gicos en el campo de las finanzas. Entre ellas destacan:<\/p>\n<ul>\n<li>La <b>Universidad de Luxemburgo<\/b>, la cual dispone de una incubadora de startups en su campus de Belval y promueve programas de emprendimiento para sus estudiantes.<span class=\"Apple-converted-space\"> <\/span><\/li>\n<li>La <b>House of Entrepreneurship<\/b>, que act\u00faa como ventanilla \u00fanica para todas las cuestiones relativas al proceso de emprendimiento y sus tr\u00e1mites administrativos.<span class=\"Apple-converted-space\"> <\/span><\/li>\n<li>La <b>Luxembourg House of Start-ups<\/b> (HoST), un hub para start-ups localizado en el centro de la ciudad de Luxemburgo que ofrece un acompa\u00f1amiento integral para los nuevos emprendedores.<span class=\"Apple-converted-space\"> <\/span><\/li>\n<li><b>Technoport<\/b>, una incubadora que ofrece programas de acompa\u00f1amiento para emprendedores internacionales con proyectos de base tecnol\u00f3gica e innovadora.<\/li>\n<\/ul>\n<p>Tambi\u00e9n, el pa\u00eds dispone de otras incubadoras y programas de aceleraci\u00f3n promovidos por el sector privado.<\/p>\n<p>Recientemente, el gobierno luxemburgu\u00e9s ha lanzado la plataforma<span class=\"Apple-converted-space\">  <\/span><a href=\"http:\/\/Startupluxembourg.com\"><b>Startupluxembourg.com<\/b><\/a>, para facilitar el acceso a la informaci\u00f3n de emprendedores internacionales interesados en poner en marcha un proyecto innovador desde Luxemburgo. Este proyecto pretende actuar como un punto de coordinaci\u00f3n para los distintos actores, proyectos e iniciativas que el pa\u00eds desarrolla en apoyo de las startups.<\/p>\n<p>Por otro lado, para promover la innovaci\u00f3n en el sector, Luxemburgo ofrece una amplia oferta de programas y actividades focalizadas en el mentoring y el acceso a la financiaci\u00f3n para las Fintech. En esta secci\u00f3n se enumeran algunas de ellas, todas abiertas a la participaci\u00f3n de empresas internacionales. Estas iniciativas proporcionan el marco ideal para adentrarse en el ecosistema Fintech de Luxemburgo e identificar oportunidades de negocio y desarollo a nivel internacional.<span class=\"Apple-converted-space\"> <\/span><\/p>\n<p>En t\u00e9rminos generales, el pa\u00eds ofrece un contexto favorable para la atracci\u00f3n de talento a nivel global debido a su multiculturalidad y calidad de vida. M\u00e1s de 170 nacionalidades conviven en Luxemburgo, y sus habitantes hablan de media 3,6 idiomas. Su posicionamiento como uno de los centros financieros m\u00e1s importantes de Europa, permite a las empresas del sector el acceso a una red de profesionales altamente cualificados en el campo de las finanzas.<span class=\"Apple-converted-space\"> <\/span><\/p>\n\t\t\t\t\t\t\t\t<\/div>\n\t\t\t\t<\/div>\n\t\t\t\t\t\t<\/div>\r\n\t\t\t\t<\/div>\r\n\t\t\t\t\t\t\t\t<\/div>\r\n\t\t\t<\/section>\r\n\t\t\t\t\t<section class=\" elementor-section elementor-top-section elementor-element elementor-element-63124e26 elementor-section-boxed elementor-section-height-default elementor-section-height-default\" data-id=\"63124e26\" data-element_type=\"section\" data-e-type=\"section\">\r\n\t\t\t\t\t\t\t\t<div class=\"elementor-container elementor-column-gap-default\">\r\n\t\t\t\t\r\n\t\t\t\t\t\t\t\t<div class=\" elementor-column elementor-col-100 elementor-top-column elementor-element elementor-element-84e66f2 \" data-id=\"84e66f2\" data-element_type=\"column\" data-e-type=\"column\">\r\n\r\n\t\t\t\t\r\n\t\t\t\t<div class=\"elementor-widget-wrap elementor-element-populated\">\r\n\t\t\t\t\t\t\t\t\t\t\r\n\t\t\t\t\t\t<div class=\"elementor-element elementor-element-2ce2cec7 elementor-widget elementor-widget-text-editor\" data-id=\"2ce2cec7\" data-element_type=\"widget\" data-e-type=\"widget\" data-widget_type=\"text-editor.default\">\n\t\t\t\t<div class=\"elementor-widget-container\">\n\t\t\t\t\t\t\t\t\t<p>The <b>Luxembourg House of Fintech<\/b> (LHoFT) es una asociaci\u00f3n p\u00fablico-privada luxemburguesa que pone en relaci\u00f3n a instituciones financieras, Fintech, entidades de investigaci\u00f3n y acad\u00e9micas, as\u00ed como a diversas autoridades del sector p\u00fablico para <b>ayudar a impulsar la innovaci\u00f3n y el desarrollo de soluciones tecnol\u00f3gicas para satisfacer las necesidades de la industria financiera.<\/b> Adem\u00e1s, act\u00faa como una plataforma de aterrizaje para las Fintech extranjeras que desean acceder al sector financiero local y comercializar sus soluciones en toda la UE desde Luxemburgo.<span class=\"Apple-converted-space\"> <\/span><\/p>\n<p>LHoFT colabora activamente con otras asociaciones Fintech l\u00edderes en todo el mundo as\u00ed como con stakeholders nacionales e internacionales en proyectos, grupos de trabajo e iniciativas de toda la industria.<\/p>\n<p><a href=\"https:\/\/lhoft.com\"><b>https:\/\/lhoft.com<\/b><\/a><\/p>\n\t\t\t\t\t\t\t\t<\/div>\n\t\t\t\t<\/div>\n\t\t\t\t\t\t<\/div>\r\n\t\t\t\t<\/div>\r\n\t\t\t\t\t\t\t\t<\/div>\r\n\t\t\t<\/section>\r\n\t\t\t\t\t<section class=\" elementor-section elementor-top-section elementor-element elementor-element-8992f97 elementor-section-boxed elementor-section-height-default elementor-section-height-default\" data-id=\"8992f97\" data-element_type=\"section\" data-e-type=\"section\">\r\n\t\t\t\t\t\t\t\t<div class=\"elementor-container elementor-column-gap-default\">\r\n\t\t\t\t\r\n\t\t\t\t\t\t\t\t<div class=\" elementor-column elementor-col-100 elementor-top-column elementor-element elementor-element-e52c271 \" data-id=\"e52c271\" data-element_type=\"column\" data-e-type=\"column\">\r\n\r\n\t\t\t\t\r\n\t\t\t\t<div class=\"elementor-widget-wrap elementor-element-populated\">\r\n\t\t\t\t\t\t\t\t\t\t\r\n\t\t\t\t\t\t<div class=\"elementor-element elementor-element-e9446d2 elementor-widget elementor-widget-text-editor\" data-id=\"e9446d2\" data-element_type=\"widget\" data-e-type=\"widget\" data-widget_type=\"text-editor.default\">\n\t\t\t\t<div class=\"elementor-widget-container\">\n\t\t\t\t\t\t\t\t\t<h5><b>CATAPULT: Fintech Development<\/b> incluye una serie de programas de apoyo y desarrollo de Fintech promovidos por LHoFT en colaboraci\u00f3n con otros socios estrat\u00e9gicos clave del pa\u00eds.<\/h5>\n<h5><b>CATAPULT: Inclusion Africa<\/b><\/h5>\n<p>El programa se dirige a empresas focalizadas en <b>promover la inclusi\u00f3n financiera en \u00c1frica.<\/b> La iniciativa tiene como objetivo construir puentes entre \u00c1frica y Europa, y est\u00e1 estrechamente alineado con los objetivos de sostenibilidad del centro financiero de Luxemburgo. Inclusive Finance Network (InFiNe.lu) proporciona el marco y la financiaci\u00f3n para un \u201cEuropean Microfinance Award\u201c anual, con un premio de 100.000 euros a las mejores soluciones financieras inclusivas, que cuenten con un componente tecnol\u00f3gico.<\/p>\n<p><b><a href=\"https:\/\/catapult.lu\/Africa\/\">https:\/\/catapult.lu\/Africa\/<\/a><span class=\"Apple-converted-space\"> <\/span><\/b><\/p>\n<h5><b>CATAPULT: Kickstarter<\/b><\/h5>\n<p>Se trata de un programa de <b>aceleraci\u00f3n para Fintechs en una fase temprana de desarrollo.<\/b> Los participantes reciben orientaci\u00f3n sobre c\u00f3mo desarrollar su negocio, identificar y gestionar el riesgo, y disponer de elementos pr\u00e1cticos para la adquisici\u00f3n y prospecci\u00f3n de clientes. Los participantes tienen la oportunidad de conocer y aprender de profesionales referentes en la industria, inversores y partes interesadas clave del ecosistema fintech. Al finalizar el programa, los emprendedores tienen la oportunidad de presentar su proyecto ante un jurado de alto nivel, y de recibir 50.000 \u20ac de subvenci\u00f3n.<span class=\"Apple-converted-space\"> <\/span><\/p>\n<p><a href=\"https:\/\/catapult.lu\/Kickstarter\/\"><b>https:\/\/catapult.lu\/Kickstarter\/<\/b><\/a><\/p>\n<h5><b>Fit4Start<\/b><\/h5>\n<p>El programa fue lanzado en 2015 por el Ministerio de Econom\u00eda luxemburgu\u00e9s, y lo gestiona Luxinnovation con el apoyo de Technoport y Luxembourg-City Incubator. <b>Fit4Start se ha convertido en el programa l\u00edder para el lanzamiento y la aceleraci\u00f3n de startups en Luxemburgo.<\/b><span class=\"Apple-converted-space\"> <\/span><\/p>\n<p>Ofrece un servicio de mentoring de 16 semanas sobre la metodolog\u00eda de puesta en marcha de una startup, acceso gratuito a un espacio de trabajo en una incubadora, as\u00ed como una financiaci\u00f3n de 50.000 euros. Para aquellas empresas que superen con \u00e9xito el programa, el Ministerio de Econom\u00eda otorga 100.000 EUR adicionales con la condici\u00f3n de que se asegure una ronda de financiaci\u00f3n de 50.000 EUR.<\/p>\n<p>Cualquier startup puede postularse para participar en el programa, siempre que cumplan los siguientes requisitos:<\/p>\n<p>Tener un proyecto innovador.<\/p>\n<p>La fecha de creaci\u00f3n de la empresa no puede superar los 5 a\u00f1os.<span class=\"Apple-converted-space\"> <\/span><\/p>\n<p>El equipo debe contar como m\u00ednimo con 2 personas (sin restricciones en cuanto a su nacionalidad), y al menos una de ellas deber\u00e1 dedicarse a tiempo completo a participar en Fit4Start.<\/p>\n<p>M\u00e1s informaci\u00f3n sobre pr\u00f3ximas convocatorias:<a href=\"https:\/\/www.startupluxembourg.com\/fit-4-start\"><b>https:\/\/www.startupluxembourg.com\/fit-4-start<span class=\"Apple-converted-space\"> <\/span><\/b><\/a> <\/p>\n<p><b>ICT Spring<\/b> es un congreso tecnol\u00f3gico con dimensi\u00f3n internacional que se organiza anualmente en la ciudad de Luxemburgo. <b>Este evento de alto nivel ofrece a los profesionales internacionales una excelente oportunidad para profundizar en temas de actualidad que afectan a la industria Fintech<\/b> y obtener informaci\u00f3n sobre el impacto de la tecnolog\u00eda espacial en las empresas, a trav\u00e9s principalmente de exposiciones y demostraciones de las \u00faltimas tendencias en tecnolog\u00eda e innovaci\u00f3n. ICT Spring Europe ofrece el marco adecuado para establecer contactos profesionales e identificar oportunidades de negocio.<span class=\"Apple-converted-space\"> <\/span><\/p>\n<p>Este a\u00f1o tendr\u00e1 lugar los d\u00edas 14 y 15 de septiembre, y la C\u00e1mara Oficial de Comercio de Espa\u00f1a en B\u00e9lgica y Luxemburgo act\u00faa como socio local para todas aquellas startups espa\u00f1olas interesadas en participar. Contacte con la C\u00e1mara para m\u00e1s informaci\u00f3n :<span class=\"Apple-converted-space\"> <\/span><\/p>\n<p>M\u00e1s informaci\u00f3n sobre el evento y modalidades de participaci\u00f3n:<a href=\"https:\/\/www.ictspring.com\"><b>https:\/\/www.ictspring.com<\/b> <span class=\"Apple-converted-space\"> <\/span><\/a> <\/p>\n\t\t\t\t\t\t\t\t<\/div>\n\t\t\t\t<\/div>\n\t\t\t\t\t\t<\/div>\r\n\t\t\t\t<\/div>\r\n\t\t\t\t\t\t\t\t<\/div>\r\n\t\t\t<\/section>\r\n\t\t\t\t\t<section class=\" elementor-section elementor-top-section elementor-element elementor-element-667159d6 elementor-section-boxed elementor-section-height-default elementor-section-height-default\" data-id=\"667159d6\" data-element_type=\"section\" data-e-type=\"section\">\r\n\t\t\t\t\t\t\t\t<div class=\"elementor-container elementor-column-gap-default\">\r\n\t\t\t\t\r\n\t\t\t\t\t\t\t\t<div class=\" elementor-column elementor-col-100 elementor-top-column elementor-element elementor-element-75c3054f \" data-id=\"75c3054f\" data-element_type=\"column\" data-e-type=\"column\">\r\n\r\n\t\t\t\t\r\n\t\t\t\t<div class=\"elementor-widget-wrap elementor-element-populated\">\r\n\t\t\t\t\t\t\t\t\t\t\r\n\t\t\t\t\t\t<div class=\"elementor-element elementor-element-25472b63 elementor-widget elementor-widget-spacer\" data-id=\"25472b63\" data-element_type=\"widget\" data-e-type=\"widget\" data-widget_type=\"spacer.default\">\n\t\t\t\t<div class=\"elementor-widget-container\">\n\t\t\t\t\t\t\t<div class=\"elementor-spacer\">\n\t\t\t<div class=\"elementor-spacer-inner\"><\/div>\n\t\t<\/div>\n\t\t\t\t\t\t<\/div>\n\t\t\t\t<\/div>\n\t\t\t\t<div class=\"elementor-element elementor-element-517a7237 elementor-widget elementor-widget-shortcode\" data-id=\"517a7237\" data-element_type=\"widget\" data-e-type=\"widget\" data-widget_type=\"shortcode.default\">\n\t\t\t\t<div class=\"elementor-widget-container\">\n\t\t\t\t\t\t\t<div class=\"elementor-shortcode\"><div class=\"sharethis-inline-share-buttons\"><\/div><\/div>\n\t\t\t\t\t\t<\/div>\n\t\t\t\t<\/div>\n\t\t\t\t<div class=\"elementor-element elementor-element-eb85a95 elementor-widget elementor-widget-spacer\" data-id=\"eb85a95\" data-element_type=\"widget\" data-e-type=\"widget\" data-widget_type=\"spacer.default\">\n\t\t\t\t<div class=\"elementor-widget-container\">\n\t\t\t\t\t\t\t<div class=\"elementor-spacer\">\n\t\t\t<div class=\"elementor-spacer-inner\"><\/div>\n\t\t<\/div>\n\t\t\t\t\t\t<\/div>\n\t\t\t\t<\/div>\n\t\t\t\t<div class=\"elementor-element elementor-element-6c061db elementor-widget-divider--view-line elementor-widget elementor-widget-divider\" data-id=\"6c061db\" data-element_type=\"widget\" data-e-type=\"widget\" data-widget_type=\"divider.default\">\n\t\t\t\t<div class=\"elementor-widget-container\">\n\t\t\t\t\t\t\t<div class=\"elementor-divider\">\n\t\t\t<span class=\"elementor-divider-separator\">\n\t\t\t\t\t\t<\/span>\n\t\t<\/div>\n\t\t\t\t\t\t<\/div>\n\t\t\t\t<\/div>\n\t\t\t\t<section class=\" elementor-section elementor-inner-section elementor-element elementor-element-65ca23f4 elementor-section-boxed elementor-section-height-default elementor-section-height-default\" data-id=\"65ca23f4\" data-element_type=\"section\" data-e-type=\"section\">\r\n\t\t\t\t\t\t\t\t<div class=\"elementor-container elementor-column-gap-default\">\r\n\t\t\t\t\r\n\t\t\t\t\t\t\t\t<div class=\" elementor-column elementor-col-50 elementor-inner-column elementor-element elementor-element-5babca3d \" data-id=\"5babca3d\" data-element_type=\"column\" data-e-type=\"column\">\r\n\r\n\t\t\t\t\r\n\t\t\t\t<div class=\"elementor-widget-wrap elementor-element-populated\">\r\n\t\t\t\t\t\t\t\t\t\t\r\n\t\t\t\t\t\t<div class=\"elementor-element elementor-element-67de29fe elementor-widget elementor-widget-wp-widget-tag_cloud\" data-id=\"67de29fe\" data-element_type=\"widget\" data-e-type=\"widget\" data-widget_type=\"wp-widget-tag_cloud.default\">\n\t\t\t\t<div class=\"elementor-widget-container\">\n\t\t\t\t\t<div class=\"widget widget_tag_cloud widget-collapsible\"><h3 class=\"widget-title\">Buscar publicaciones por tem\u00e1ticas<\/h3><div class=\"tagcloud\"><a href=\"https:\/\/sff-camara.com\/es\/temticas\/activos-digitales\/\" class=\"tag-cloud-link tag-link-302 tag-link-position-1\" style=\"font-size: 11.559322033898pt;\" aria-label=\"Activos Digitales (3 elementos)\">Activos Digitales<span class=\"tag-link-count\"> (3)<\/span><\/a>\n<a href=\"https:\/\/sff-camara.com\/es\/temticas\/alternative-investment-es\/\" class=\"tag-cloud-link tag-link-291 tag-link-position-2\" style=\"font-size: 21.050847457627pt;\" aria-label=\"Alternative Investment (24 elementos)\">Alternative Investment<span class=\"tag-link-count\"> (24)<\/span><\/a>\n<a href=\"https:\/\/sff-camara.com\/es\/temticas\/aml-es\/\" class=\"tag-cloud-link tag-link-266 tag-link-position-3\" style=\"font-size: 8pt;\" aria-label=\"AML (1 elemento)\">AML<span class=\"tag-link-count\"> (1)<\/span><\/a>\n<a href=\"https:\/\/sff-camara.com\/es\/temticas\/arte\/\" class=\"tag-cloud-link tag-link-247 tag-link-position-4\" style=\"font-size: 8pt;\" aria-label=\"Arte (1 elemento)\">Arte<span class=\"tag-link-count\"> (1)<\/span><\/a>\n<a href=\"https:\/\/sff-camara.com\/es\/temticas\/asesoramiento\/\" class=\"tag-cloud-link tag-link-211 tag-link-position-5\" style=\"font-size: 15.118644067797pt;\" aria-label=\"Asesoramiento (7 elementos)\">Asesoramiento<span class=\"tag-link-count\"> (7)<\/span><\/a>\n<a href=\"https:\/\/sff-camara.com\/es\/temticas\/asset-management-es\/\" class=\"tag-cloud-link tag-link-213 tag-link-position-6\" style=\"font-size: 22pt;\" aria-label=\"Asset Management (29 elementos)\">Asset Management<span class=\"tag-link-count\"> (29)<\/span><\/a>\n<a href=\"https:\/\/sff-camara.com\/es\/temticas\/banca-digital\/\" class=\"tag-cloud-link tag-link-164 tag-link-position-7\" style=\"font-size: 15.118644067797pt;\" aria-label=\"Banca Digital (7 elementos)\">Banca Digital<span class=\"tag-link-count\"> (7)<\/span><\/a>\n<a href=\"https:\/\/sff-camara.com\/es\/temticas\/banking-es\/\" class=\"tag-cloud-link tag-link-161 tag-link-position-8\" style=\"font-size: 19.389830508475pt;\" aria-label=\"Banking (17 elementos)\">Banking<span class=\"tag-link-count\"> (17)<\/span><\/a>\n<a href=\"https:\/\/sff-camara.com\/es\/temticas\/capital-riesgo\/\" class=\"tag-cloud-link tag-link-170 tag-link-position-9\" style=\"font-size: 12.745762711864pt;\" aria-label=\"Capital Riesgo (4 elementos)\">Capital Riesgo<span class=\"tag-link-count\"> (4)<\/span><\/a>\n<a href=\"https:\/\/sff-camara.com\/es\/temticas\/compliance-es\/\" class=\"tag-cloud-link tag-link-264 tag-link-position-10\" style=\"font-size: 8pt;\" aria-label=\"Compliance (1 elemento)\">Compliance<span class=\"tag-link-count\"> (1)<\/span><\/a>\n<a href=\"https:\/\/sff-camara.com\/es\/temticas\/consejero-independiente\/\" class=\"tag-cloud-link tag-link-290 tag-link-position-11\" style=\"font-size: 14.525423728814pt;\" aria-label=\"Consejero Independiente (6 elementos)\">Consejero Independiente<span class=\"tag-link-count\"> (6)<\/span><\/a>\n<a href=\"https:\/\/sff-camara.com\/es\/temticas\/criptoactivos\/\" class=\"tag-cloud-link tag-link-175 tag-link-position-12\" style=\"font-size: 11.559322033898pt;\" aria-label=\"Criptoactivos (3 elementos)\">Criptoactivos<span class=\"tag-link-count\"> (3)<\/span><\/a>\n<a href=\"https:\/\/sff-camara.com\/es\/temticas\/distribucion-de-fondos\/\" class=\"tag-cloud-link tag-link-173 tag-link-position-13\" style=\"font-size: 20.576271186441pt;\" aria-label=\"Distribuci\u00f3n de fondos (22 elementos)\">Distribuci\u00f3n de fondos<span class=\"tag-link-count\"> (22)<\/span><\/a>\n<a href=\"https:\/\/sff-camara.com\/es\/temticas\/diversidad\/\" class=\"tag-cloud-link tag-link-278 tag-link-position-14\" style=\"font-size: 15.71186440678pt;\" aria-label=\"Diversidad (8 elementos)\">Diversidad<span class=\"tag-link-count\"> (8)<\/span><\/a>\n<a href=\"https:\/\/sff-camara.com\/es\/temticas\/empresas-familiares\/\" class=\"tag-cloud-link tag-link-269 tag-link-position-15\" style=\"font-size: 12.745762711864pt;\" aria-label=\"Empresas Familiares (4 elementos)\">Empresas Familiares<span class=\"tag-link-count\"> (4)<\/span><\/a>\n<a href=\"https:\/\/sff-camara.com\/es\/temticas\/family-offices-es\/\" class=\"tag-cloud-link tag-link-245 tag-link-position-16\" style=\"font-size: 10.135593220339pt;\" aria-label=\"Family Offices (2 elementos)\">Family Offices<span class=\"tag-link-count\"> (2)<\/span><\/a>\n<a href=\"https:\/\/sff-camara.com\/es\/temticas\/finanzas-sostenibles\/\" class=\"tag-cloud-link tag-link-160 tag-link-position-17\" style=\"font-size: 21.050847457627pt;\" aria-label=\"Finanzas Sostenibles (24 elementos)\">Finanzas Sostenibles<span class=\"tag-link-count\"> (24)<\/span><\/a>\n<a href=\"https:\/\/sff-camara.com\/es\/temticas\/fintech-es\/\" class=\"tag-cloud-link tag-link-163 tag-link-position-18\" style=\"font-size: 16.779661016949pt;\" aria-label=\"Fintech (10 elementos)\">Fintech<span class=\"tag-link-count\"> (10)<\/span><\/a>\n<a href=\"https:\/\/sff-camara.com\/es\/temticas\/gestion-patrimonial\/\" class=\"tag-cloud-link tag-link-176 tag-link-position-19\" style=\"font-size: 17.610169491525pt;\" aria-label=\"Gesti\u00f3n Patrimonial (12 elementos)\">Gesti\u00f3n Patrimonial<span class=\"tag-link-count\"> (12)<\/span><\/a>\n<a href=\"https:\/\/sff-camara.com\/es\/temticas\/gobernanza\/\" class=\"tag-cloud-link tag-link-249 tag-link-position-20\" style=\"font-size: 16.305084745763pt;\" aria-label=\"Gobernanza (9 elementos)\">Gobernanza<span class=\"tag-link-count\"> (9)<\/span><\/a>\n<a href=\"https:\/\/sff-camara.com\/es\/temticas\/hr\/\" class=\"tag-cloud-link tag-link-304 tag-link-position-21\" style=\"font-size: 8pt;\" aria-label=\"HR (1 elemento)\">HR<span class=\"tag-link-count\"> (1)<\/span><\/a>\n<a href=\"https:\/\/sff-camara.com\/es\/temticas\/internacionalizacion\/\" class=\"tag-cloud-link tag-link-280 tag-link-position-22\" style=\"font-size: 8pt;\" aria-label=\"Internacionalizaci\u00f3n (1 elemento)\">Internacionalizaci\u00f3n<span class=\"tag-link-count\"> (1)<\/span><\/a>\n<a href=\"https:\/\/sff-camara.com\/es\/temticas\/inversiones-alternativas\/\" class=\"tag-cloud-link tag-link-297 tag-link-position-23\" style=\"font-size: 11.559322033898pt;\" aria-label=\"Inversiones Alternativas (3 elementos)\">Inversiones Alternativas<span class=\"tag-link-count\"> (3)<\/span><\/a>\n<a href=\"https:\/\/sff-camara.com\/es\/temticas\/latam-es\/\" class=\"tag-cloud-link tag-link-167 tag-link-position-24\" style=\"font-size: 16.305084745763pt;\" aria-label=\"LATAM (9 elementos)\">LATAM<span class=\"tag-link-count\"> (9)<\/span><\/a>\n<a href=\"https:\/\/sff-camara.com\/es\/temticas\/legal-es\/\" class=\"tag-cloud-link tag-link-233 tag-link-position-25\" style=\"font-size: 16.779661016949pt;\" aria-label=\"Legal (10 elementos)\">Legal<span class=\"tag-link-count\"> (10)<\/span><\/a>\n<a href=\"https:\/\/sff-camara.com\/es\/temticas\/mercado-de-capitales\/\" class=\"tag-cloud-link tag-link-309 tag-link-position-26\" style=\"font-size: 8pt;\" aria-label=\"Mercado de Capitales (1 elemento)\">Mercado de Capitales<span class=\"tag-link-count\"> (1)<\/span><\/a>\n<a href=\"https:\/\/sff-camara.com\/es\/temticas\/precios-de-transferencia\/\" class=\"tag-cloud-link tag-link-271 tag-link-position-27\" style=\"font-size: 10.135593220339pt;\" aria-label=\"Precios de Transferencia (2 elementos)\">Precios de Transferencia<span class=\"tag-link-count\"> (2)<\/span><\/a>\n<a href=\"https:\/\/sff-camara.com\/es\/temticas\/real-estate\/\" class=\"tag-cloud-link tag-link-338 tag-link-position-28\" style=\"font-size: 10.135593220339pt;\" aria-label=\"Real Estate (2 elementos)\">Real Estate<span class=\"tag-link-count\"> (2)<\/span><\/a>\n<a href=\"https:\/\/sff-camara.com\/es\/temticas\/reaseguro\/\" class=\"tag-cloud-link tag-link-172 tag-link-position-29\" style=\"font-size: 10.135593220339pt;\" aria-label=\"Reaseguro (2 elementos)\">Reaseguro<span class=\"tag-link-count\"> (2)<\/span><\/a>\n<a href=\"https:\/\/sff-camara.com\/es\/tag\/rrhh\/\" class=\"tag-cloud-link tag-link-178 tag-link-position-30\" style=\"font-size: 16.305084745763pt;\" aria-label=\"RRHH (9 elementos)\">RRHH<span class=\"tag-link-count\"> (9)<\/span><\/a>\n<a href=\"https:\/\/sff-camara.com\/es\/temticas\/seguros\/\" class=\"tag-cloud-link tag-link-180 tag-link-position-31\" style=\"font-size: 10.135593220339pt;\" aria-label=\"Seguros (2 elementos)\">Seguros<span class=\"tag-link-count\"> (2)<\/span><\/a>\n<a href=\"https:\/\/sff-camara.com\/es\/temticas\/seguros-de-vida-unit-linked\/\" class=\"tag-cloud-link tag-link-169 tag-link-position-32\" style=\"font-size: 13.694915254237pt;\" aria-label=\"Seguros de vida Unit-linked (5 elementos)\">Seguros de vida Unit-linked<span class=\"tag-link-count\"> (5)<\/span><\/a>\n<a href=\"https:\/\/sff-camara.com\/es\/temticas\/tax-es\/\" class=\"tag-cloud-link tag-link-162 tag-link-position-33\" style=\"font-size: 19.033898305085pt;\" aria-label=\"Tax (16 elementos)\">Tax<span class=\"tag-link-count\"> (16)<\/span><\/a>\n<a href=\"https:\/\/sff-camara.com\/es\/temticas\/tecnologia\/\" class=\"tag-cloud-link tag-link-231 tag-link-position-34\" style=\"font-size: 14.525423728814pt;\" aria-label=\"Tecnolog\u00eda (6 elementos)\">Tecnolog\u00eda<span class=\"tag-link-count\"> (6)<\/span><\/a>\n<a href=\"https:\/\/sff-camara.com\/es\/temticas\/tendencias\/\" class=\"tag-cloud-link tag-link-223 tag-link-position-35\" style=\"font-size: 20.101694915254pt;\" aria-label=\"Tendencias (20 elementos)\">Tendencias<span class=\"tag-link-count\"> (20)<\/span><\/a>\n<a href=\"https:\/\/sff-camara.com\/es\/temticas\/tic\/\" class=\"tag-cloud-link tag-link-267 tag-link-position-36\" style=\"font-size: 8pt;\" aria-label=\"TIC (1 elemento)\">TIC<span class=\"tag-link-count\"> (1)<\/span><\/a>\n<a href=\"https:\/\/sff-camara.com\/es\/temticas\/ue\/\" class=\"tag-cloud-link tag-link-222 tag-link-position-37\" style=\"font-size: 14.525423728814pt;\" aria-label=\"UE (6 elementos)\">UE<span class=\"tag-link-count\"> (6)<\/span><\/a><\/div>\n<\/div>\t\t\t\t<\/div>\n\t\t\t\t<\/div>\n\t\t\t\t\t\t<\/div>\r\n\t\t\t\t<\/div>\r\n\t\t\t\t\t\t\t\t\t<div class=\" elementor-column elementor-col-50 elementor-inner-column elementor-element elementor-element-6ca53fbb \" data-id=\"6ca53fbb\" data-element_type=\"column\" data-e-type=\"column\">\r\n\r\n\t\t\t\t\r\n\t\t\t\t<div class=\"elementor-widget-wrap elementor-element-populated\">\r\n\t\t\t\t\t\t\t\t\t\t\r\n\t\t\t\t\t\t<div class=\"elementor-element elementor-element-59f652f elementor-widget elementor-widget-sidebar\" data-id=\"59f652f\" data-element_type=\"widget\" data-e-type=\"widget\" data-widget_type=\"sidebar.default\">\n\t\t\t\t<div class=\"elementor-widget-container\">\n\t\t\t\t\t<nav id=\"categories-2\" class=\"widget widget_categories\"><h3 class=\"widget-title\">Buscar por ediciones del SFF Magazine<\/h3><form action=\"https:\/\/sff-camara.com\/es\/\" method=\"get\"><label class=\"screen-reader-text\" for=\"cat\">Buscar por ediciones del SFF Magazine<\/label><select  name='cat' aria-label='Categories to search' id='cat' class='postform'>\n\t<option value='-1'>Elegir la categor\u00eda<\/option>\n\t<option class=\"level-0\" value=\"124\">Noticias&nbsp;&nbsp;(44)<\/option>\n\t<option class=\"level-0\" value=\"159\">SFF Magazine Abril 2021&nbsp;&nbsp;(12)<\/option>\n\t<option class=\"level-0\" value=\"174\">SFF Magazine Abril 2022&nbsp;&nbsp;(8)<\/option>\n\t<option class=\"level-0\" value=\"239\">SFF Magazine Diciembre 2023&nbsp;&nbsp;(8)<\/option>\n\t<option class=\"level-0\" value=\"289\">SFF Magazine Diciembre 2024&nbsp;&nbsp;(12)<\/option>\n\t<option class=\"level-0\" value=\"307\">SFF Magazine Diciembre 2025&nbsp;&nbsp;(6)<\/option>\n\t<option class=\"level-0\" value=\"168\">SFF Magazine Julio 2021&nbsp;&nbsp;(13)<\/option>\n\t<option class=\"level-0\" value=\"177\">SFF Magazine Julio 2022&nbsp;&nbsp;(10)<\/option>\n\t<option class=\"level-0\" value=\"215\">SFF Magazine Junio 2023&nbsp;&nbsp;(7)<\/option>\n\t<option class=\"level-0\" value=\"273\">SFF Magazine Junio 2024&nbsp;&nbsp;(10)<\/option>\n\t<option class=\"level-0\" value=\"296\">SFF Magazine Junio 2025&nbsp;&nbsp;(11)<\/option>\n\t<option class=\"level-0\" value=\"205\">SFF Magazine Marzo 2023&nbsp;&nbsp;(9)<\/option>\n\t<option class=\"level-0\" value=\"257\">SFF Magazine Marzo 2024&nbsp;&nbsp;(13)<\/option>\n\t<option class=\"level-0\" value=\"293\">SFF Magazine Marzo 2025&nbsp;&nbsp;(10)<\/option>\n\t<option class=\"level-0\" value=\"336\">SFF Magazine Marzo 2026&nbsp;&nbsp;(13)<\/option>\n\t<option class=\"level-0\" value=\"171\">SFF Magazine Octubre 2021&nbsp;&nbsp;(11)<\/option>\n\t<option class=\"level-0\" value=\"165\">SFF Magazine Octubre 2022&nbsp;&nbsp;(10)<\/option>\n\t<option class=\"level-0\" value=\"230\">SFF Magazine Septiembre 2023&nbsp;&nbsp;(8)<\/option>\n\t<option class=\"level-0\" value=\"282\">SFF Magazine Septiembre 2024&nbsp;&nbsp;(9)<\/option>\n\t<option class=\"level-0\" value=\"299\">SFF Magazine Septiembre 2025&nbsp;&nbsp;(8)<\/option>\n\t<option class=\"level-0\" value=\"53\">Sin categorizar&nbsp;&nbsp;(8)<\/option>\n<\/select>\n<\/form><script>\n( ( dropdownId ) => {\n\tconst dropdown = document.getElementById( dropdownId );\n\tfunction onSelectChange() {\n\t\tsetTimeout( () => {\n\t\t\tif ( 'escape' === dropdown.dataset.lastkey ) {\n\t\t\t\treturn;\n\t\t\t}\n\t\t\tif ( dropdown.value && parseInt( dropdown.value ) > 0 && dropdown instanceof HTMLSelectElement ) {\n\t\t\t\tdropdown.parentElement.submit();\n\t\t\t}\n\t\t}, 250 );\n\t}\n\tfunction onKeyUp( event ) {\n\t\tif ( 'Escape' === event.key ) {\n\t\t\tdropdown.dataset.lastkey = 'escape';\n\t\t} else {\n\t\t\tdelete dropdown.dataset.lastkey;\n\t\t}\n\t}\n\tfunction onClick() {\n\t\tdelete dropdown.dataset.lastkey;\n\t}\n\tdropdown.addEventListener( 'keyup', onKeyUp );\n\tdropdown.addEventListener( 'click', onClick );\n\tdropdown.addEventListener( 'change', onSelectChange );\n})( \"cat\" );\n\n\/\/# sourceURL=WP_Widget_Categories%3A%3Awidget\n<\/script>\n<\/nav><nav id=\"search-3\" class=\"widget widget_search\"><h3 class=\"widget-title\">Buscar publicaciones<\/h3>\r\n\t<div class=\"search-wrapper  hs-start light-style\">\r\n\t\t\r\n\t\t\t\t<form action=\"https:\/\/sff-camara.com\/es\/\/\" method=\"get\" class=\"input-wrapper\">\r\n\t\t\t<input type=\"hidden\" name=\"post_type\" value=\"post\"\/>\r\n\r\n\t\t\t<input type=\"search\" aria-label=\"Search\" class=\"form-control\" name=\"s\" placeholder=\"\" required=\"\" autocomplete=\"off\">\r\n\r\n\t\t\t\r\n\t\t\t\r\n\t\t\t<button class=\"btn btn-search\" aria-label=\"Search Button\" type=\"submit\">\r\n\t\t\t\t<i class=\"a-icon-search\"><\/i>\r\n\t\t\t<\/button>\r\n\r\n\t\t\t\t\t<div class=\"hs-close\">\r\n\t\t\t\t<a href=\"#\" aria-label=\"Close\">\r\n\t\t\t\t\t<span class=\"close-wrap\">\r\n\t\t\t\t\t\t<span class=\"close-line close-line1\"><\/span>\r\n\t\t\t\t\t\t<span class=\"close-line close-line2\"><\/span>\r\n\t\t\t\t\t<\/span>\r\n\t\t\t\t<\/a>\r\n\t\t\t<\/div>\r\n\t\t\r\n\t\t<\/form>\r\n\t\t\t<\/div>\r\n\r\n\t\t<\/nav>\t\t\t\t<\/div>\n\t\t\t\t<\/div>\n\t\t\t\t\t\t<\/div>\r\n\t\t\t\t<\/div>\r\n\t\t\t\t\t\t\t\t<\/div>\r\n\t\t\t<\/section>\r\n\t\t\t\t\t<div class=\"elementor-element elementor-element-672dbc81 elementor-widget-divider--view-line elementor-widget elementor-widget-divider\" data-id=\"672dbc81\" data-element_type=\"widget\" data-e-type=\"widget\" data-widget_type=\"divider.default\">\n\t\t\t\t<div class=\"elementor-widget-container\">\n\t\t\t\t\t\t\t<div class=\"elementor-divider\">\n\t\t\t<span class=\"elementor-divider-separator\">\n\t\t\t\t\t\t<\/span>\n\t\t<\/div>\n\t\t\t\t\t\t<\/div>\n\t\t\t\t<\/div>\n\t\t\t\t<div class=\"elementor-element elementor-element-246f5734 elementor-widget elementor-widget-spacer\" data-id=\"246f5734\" data-element_type=\"widget\" data-e-type=\"widget\" data-widget_type=\"spacer.default\">\n\t\t\t\t<div class=\"elementor-widget-container\">\n\t\t\t\t\t\t\t<div class=\"elementor-spacer\">\n\t\t\t<div class=\"elementor-spacer-inner\"><\/div>\n\t\t<\/div>\n\t\t\t\t\t\t<\/div>\n\t\t\t\t<\/div>\n\t\t\t\t<div class=\"elementor-element elementor-element-518cc770 elementor-widget elementor-widget-heading\" data-id=\"518cc770\" data-element_type=\"widget\" data-e-type=\"widget\" data-widget_type=\"heading.default\">\n\t\t\t\t<div class=\"elementor-widget-container\">\n\t\t\t\t\t<h2 class=\"elementor-heading-title elementor-size-default\">Publicaciones relacionadas<\/h2>\t\t\t\t<\/div>\n\t\t\t\t<\/div>\n\t\t\t\t<div class=\"elementor-element elementor-element-1ab55a91 elementor-widget elementor-widget-text-editor\" data-id=\"1ab55a91\" data-element_type=\"widget\" data-e-type=\"widget\" data-widget_type=\"text-editor.default\">\n\t\t\t\t<div class=\"elementor-widget-container\">\n\t\t\t\t\t\t\t\t\t<a href=\"https:\/\/sff-camara.com\/es\/categoria\/sff-magazine-julio-2021\/\" rel=\"tag\">SFF Magazine Julio 2021<\/a>\t\t\t\t\t\t\t\t<\/div>\n\t\t\t\t<\/div>\n\t\t\t\t<div class=\"elementor-element elementor-element-3806a162 elementor-widget elementor-widget-spacer\" data-id=\"3806a162\" data-element_type=\"widget\" data-e-type=\"widget\" data-widget_type=\"spacer.default\">\n\t\t\t\t<div class=\"elementor-widget-container\">\n\t\t\t\t\t\t\t<div class=\"elementor-spacer\">\n\t\t\t<div class=\"elementor-spacer-inner\"><\/div>\n\t\t<\/div>\n\t\t\t\t\t\t<\/div>\n\t\t\t\t<\/div>\n\t\t\t\t<div class=\"elementor-element elementor-element-2e5a8edb elementor-widget elementor-widget-udesign_widget_posts elementor-widget-theme-post-content\" data-id=\"2e5a8edb\" data-element_type=\"widget\" data-e-type=\"widget\" data-widget_type=\"udesign_widget_posts.default\">\n\t\t\t\t<div class=\"elementor-widget-container\">\n\t\t\t\t\t<div class=\"posts  row cols-lg-3 cols-md-2 cols-sm-2 cols-1 cols-xl-3 slider-wrapper posts row cols-lg-3 cols-md-2 cols-sm-2 cols-1 cols-xl-3\" data-slider-options=\"{&quot;spaceBetween&quot;:30,&quot;loop&quot;:true,&quot;autoplay&quot;:{&quot;delay&quot;:5000,&quot;disableOnInteraction&quot;:false},&quot;effect&quot;:&quot;slide&quot;,&quot;slidesPerView&quot;:3,&quot;breakpoints&quot;:{&quot;2401&quot;:{&quot;slidesPerView&quot;:3},&quot;1440&quot;:{&quot;slidesPerView&quot;:3},&quot;1200&quot;:{&quot;slidesPerView&quot;:3},&quot;992&quot;:{&quot;slidesPerView&quot;:3},&quot;768&quot;:{&quot;slidesPerView&quot;:2},&quot;576&quot;:{&quot;slidesPerView&quot;:2},&quot;0&quot;:{&quot;slidesPerView&quot;:1}},&quot;statusClass&quot;:&quot;slider-dots-default&quot;}\" data-post-type=\"modern\">\r\n<div class=\"post-wrap \" data-post-image=\"alpha-post-medium\">\r\n\r\n\t\r\n\t<article class=\"post-8030 post type-post status-publish format-standard has-post-thumbnail hentry category-sff-magazine-julio-2021 post overlay-zoom overlay-dark  post-modern\">\r\n\t\t\t\t\t<figure class=\"post-media\">\r\n\t\t\t\t\t\t\t\t<a href=\"https:\/\/sff-camara.com\/es\/sff-magazine-julio-2021\/editorial-de-juan-rodriguez-villa-matons-past-president-de-la-camara\/\" aria-label=\"Post Media\">\r\n\t\t\t\t\t<img fetchpriority=\"high\" decoding=\"async\" width=\"600\" height=\"420\" src=\"https:\/\/sff-camara.com\/wp-content\/uploads\/2021\/04\/Editorial-image-600x420.jpg\" class=\"attachment-alpha-post-medium size-alpha-post-medium wp-post-image\" alt=\"\" srcset=\"https:\/\/sff-camara.com\/wp-content\/uploads\/2021\/04\/Editorial-image-600x420.jpg 600w, https:\/\/sff-camara.com\/wp-content\/uploads\/2021\/04\/Editorial-image-400x280.jpg 400w, https:\/\/sff-camara.com\/wp-content\/uploads\/2021\/04\/Editorial-image-570x400.jpg 570w\" sizes=\"(max-width: 600px) 100vw, 600px\" \/>\t\t\t\t<\/a>\r\n\t\t\t<\/figure>\r\n\t\t\t<div class=\"post-details\">\r\n\t<div class=\"post-meta\">\r\n\t<a class=\"post-date\" href=\"https:\/\/sff-camara.com\/es\/2021\/07\/07\/\">julio 7, 2021<\/a>\r\n\r\n\t<\/div>\r\n<h3 class=\"post-title\">\r\n\t<a href=\"https:\/\/sff-camara.com\/es\/sff-magazine-julio-2021\/editorial-de-juan-rodriguez-villa-matons-past-president-de-la-camara\/\">\r\n\t\tEditorial de Juan Rodr\u00edguez-Villa Matons, Past President de la C\u00e1mara\t<\/a>\r\n<\/h3>\r\n<a href=\"https:\/\/sff-camara.com\/es\/sff-magazine-julio-2021\/editorial-de-juan-rodriguez-villa-matons-past-president-de-la-camara\/\" class=\"btn btn-link btn-underline btn-primary\">Leer m\u00e1s <i class=\"a-icon-long-arrow-right\"><\/i><\/a><\/div>\r\n\t<\/article>\r\n\r\n\t\r\n<\/div>\r\n\r\n\r\n<div class=\"post-wrap \" data-post-image=\"alpha-post-medium\">\r\n\r\n\t\r\n\t<article class=\"post-8034 post type-post status-publish format-standard has-post-thumbnail hentry category-sff-magazine-julio-2021 tag-finanzas-sostenibles post overlay-zoom overlay-dark  post-modern\">\r\n\t\t\t\t\t<figure class=\"post-media\">\r\n\t\t\t\t\t\t\t\t<a href=\"https:\/\/sff-camara.com\/es\/sff-magazine-julio-2021\/taxonomia-como-una-herramienta-del-mercado-financiero-se-convierte-en-la-columna-vertebral-del-green-deal-de-la-ue\/\" aria-label=\"Post Media\">\r\n\t\t\t\t\t<img decoding=\"async\" width=\"600\" height=\"420\" src=\"https:\/\/sff-camara.com\/wp-content\/uploads\/2021\/07\/johannes-plenio-UO4KcQL7vbE-unsplash-600x420.jpg\" class=\"attachment-alpha-post-medium size-alpha-post-medium wp-post-image\" alt=\"\" srcset=\"https:\/\/sff-camara.com\/wp-content\/uploads\/2021\/07\/johannes-plenio-UO4KcQL7vbE-unsplash-600x420.jpg 600w, https:\/\/sff-camara.com\/wp-content\/uploads\/2021\/07\/johannes-plenio-UO4KcQL7vbE-unsplash-400x280.jpg 400w, https:\/\/sff-camara.com\/wp-content\/uploads\/2021\/07\/johannes-plenio-UO4KcQL7vbE-unsplash-570x400.jpg 570w\" sizes=\"(max-width: 600px) 100vw, 600px\" \/>\t\t\t\t<\/a>\r\n\t\t\t<\/figure>\r\n\t\t\t<div class=\"post-details\">\r\n\t<div class=\"post-meta\">\r\n\t<a class=\"post-date\" href=\"https:\/\/sff-camara.com\/es\/2021\/07\/07\/\">julio 7, 2021<\/a>\r\n\r\n\t<\/div>\r\n<h3 class=\"post-title\">\r\n\t<a href=\"https:\/\/sff-camara.com\/es\/sff-magazine-julio-2021\/taxonomia-como-una-herramienta-del-mercado-financiero-se-convierte-en-la-columna-vertebral-del-green-deal-de-la-ue\/\">\r\n\t\tTaxonom\u00eda: C\u00f3mo una herramienta del mercado financiero se convierte en la columna vertebral del Green Deal de la UE\t<\/a>\r\n<\/h3>\r\n<a href=\"https:\/\/sff-camara.com\/es\/sff-magazine-julio-2021\/taxonomia-como-una-herramienta-del-mercado-financiero-se-convierte-en-la-columna-vertebral-del-green-deal-de-la-ue\/\" class=\"btn btn-link btn-underline btn-primary\">Leer m\u00e1s <i class=\"a-icon-long-arrow-right\"><\/i><\/a><\/div>\r\n\t<\/article>\r\n\r\n\t\r\n<\/div>\r\n\r\n\r\n<div class=\"post-wrap \" data-post-image=\"alpha-post-medium\">\r\n\r\n\t\r\n\t<article class=\"post-8036 post type-post status-publish format-standard has-post-thumbnail hentry category-sff-magazine-julio-2021 tag-fintech-es post overlay-zoom overlay-dark  post-modern\">\r\n\t\t\t\t\t<figure class=\"post-media\">\r\n\t\t\t\t\t\t\t\t<a href=\"https:\/\/sff-camara.com\/es\/sff-magazine-julio-2021\/dossier-fintech-y-digitalizacion-del-sector-financiero\/\" aria-label=\"Post Media\">\r\n\t\t\t\t\t<img decoding=\"async\" width=\"600\" height=\"420\" src=\"https:\/\/sff-camara.com\/wp-content\/uploads\/2023\/01\/COMP-Fintech-600x420.jpeg\" class=\"attachment-alpha-post-medium size-alpha-post-medium wp-post-image\" alt=\"\" srcset=\"https:\/\/sff-camara.com\/wp-content\/uploads\/2023\/01\/COMP-Fintech-600x420.jpeg 600w, https:\/\/sff-camara.com\/wp-content\/uploads\/2023\/01\/COMP-Fintech-400x280.jpeg 400w, https:\/\/sff-camara.com\/wp-content\/uploads\/2023\/01\/COMP-Fintech-570x400.jpeg 570w\" sizes=\"(max-width: 600px) 100vw, 600px\" \/>\t\t\t\t<\/a>\r\n\t\t\t<\/figure>\r\n\t\t\t<div class=\"post-details\">\r\n\t<div class=\"post-meta\">\r\n\t<a class=\"post-date\" href=\"https:\/\/sff-camara.com\/es\/2021\/07\/07\/\">julio 7, 2021<\/a>\r\n\r\n\t<\/div>\r\n<h3 class=\"post-title\">\r\n\t<a href=\"https:\/\/sff-camara.com\/es\/sff-magazine-julio-2021\/dossier-fintech-y-digitalizacion-del-sector-financiero\/\">\r\n\t\tDOSSIER Fintech y digitalizaci\u00f3n del sector financiero\t<\/a>\r\n<\/h3>\r\n<a href=\"https:\/\/sff-camara.com\/es\/sff-magazine-julio-2021\/dossier-fintech-y-digitalizacion-del-sector-financiero\/\" class=\"btn btn-link btn-underline btn-primary\">Leer m\u00e1s <i class=\"a-icon-long-arrow-right\"><\/i><\/a><\/div>\r\n\t<\/article>\r\n\r\n\t\r\n<\/div>\r\n\r\n\r\n<div class=\"post-wrap \" data-post-image=\"alpha-post-medium\">\r\n\r\n\t\r\n\t<article class=\"post-8038 post type-post status-publish format-standard has-post-thumbnail hentry category-sff-magazine-julio-2021 tag-fintech-es post overlay-zoom overlay-dark  post-modern\">\r\n\t\t\t\t\t<figure class=\"post-media\">\r\n\t\t\t\t\t\t\t\t<a href=\"https:\/\/sff-camara.com\/es\/sff-magazine-julio-2021\/el-ecosistema-fintech-en-espana\/\" aria-label=\"Post Media\">\r\n\t\t\t\t\t<img loading=\"lazy\" decoding=\"async\" width=\"600\" height=\"420\" src=\"https:\/\/sff-camara.com\/wp-content\/uploads\/2023\/01\/10-Fintech-600x420.jpeg\" class=\"attachment-alpha-post-medium size-alpha-post-medium wp-post-image\" alt=\"\" srcset=\"https:\/\/sff-camara.com\/wp-content\/uploads\/2023\/01\/10-Fintech-600x420.jpeg 600w, https:\/\/sff-camara.com\/wp-content\/uploads\/2023\/01\/10-Fintech-400x280.jpeg 400w, https:\/\/sff-camara.com\/wp-content\/uploads\/2023\/01\/10-Fintech-570x400.jpeg 570w\" sizes=\"(max-width: 600px) 100vw, 600px\" \/>\t\t\t\t\t\t<figcaption class=\"thumbnail-caption\">\r\n\t\t\t\t\t\t\tFintech icon and internet of things with matrix code background\r, Investment and financial internet technology concept.\t\t\t\t\t\t<\/figcaption>\r\n\t\t\t\t\t\t\t\t\t\t<\/a>\r\n\t\t\t<\/figure>\r\n\t\t\t<div class=\"post-details\">\r\n\t<div class=\"post-meta\">\r\n\t<a class=\"post-date\" href=\"https:\/\/sff-camara.com\/es\/2021\/07\/07\/\">julio 7, 2021<\/a>\r\n\r\n\t<\/div>\r\n<h3 class=\"post-title\">\r\n\t<a href=\"https:\/\/sff-camara.com\/es\/sff-magazine-julio-2021\/el-ecosistema-fintech-en-espana\/\">\r\n\t\tEl ecosistema Fintech en Espa\u00f1a\t<\/a>\r\n<\/h3>\r\n<a href=\"https:\/\/sff-camara.com\/es\/sff-magazine-julio-2021\/el-ecosistema-fintech-en-espana\/\" class=\"btn btn-link btn-underline btn-primary\">Leer m\u00e1s <i class=\"a-icon-long-arrow-right\"><\/i><\/a><\/div>\r\n\t<\/article>\r\n\r\n\t\r\n<\/div>\r\n\r\n\r\n<div class=\"post-wrap \" data-post-image=\"alpha-post-medium\">\r\n\r\n\t\r\n\t<article class=\"post-8040 post type-post status-publish format-standard has-post-thumbnail hentry category-sff-magazine-julio-2021 tag-fintech-es post overlay-zoom overlay-dark  post-modern\">\r\n\t\t\t\t\t<figure class=\"post-media\">\r\n\t\t\t\t\t\t\t\t<a href=\"https:\/\/sff-camara.com\/es\/sff-magazine-julio-2021\/5-fintech-insurtech-espanolas-a-seguir-en-2021\/\" aria-label=\"Post Media\">\r\n\t\t\t\t\t<img loading=\"lazy\" decoding=\"async\" width=\"600\" height=\"420\" src=\"https:\/\/sff-camara.com\/wp-content\/uploads\/2021\/07\/firmbee-com-dAmHWsRYP9c-unsplash-600x420.jpg\" class=\"attachment-alpha-post-medium size-alpha-post-medium wp-post-image\" alt=\"\" srcset=\"https:\/\/sff-camara.com\/wp-content\/uploads\/2021\/07\/firmbee-com-dAmHWsRYP9c-unsplash-600x420.jpg 600w, https:\/\/sff-camara.com\/wp-content\/uploads\/2021\/07\/firmbee-com-dAmHWsRYP9c-unsplash-400x280.jpg 400w, https:\/\/sff-camara.com\/wp-content\/uploads\/2021\/07\/firmbee-com-dAmHWsRYP9c-unsplash-570x400.jpg 570w\" sizes=\"(max-width: 600px) 100vw, 600px\" \/>\t\t\t\t<\/a>\r\n\t\t\t<\/figure>\r\n\t\t\t<div class=\"post-details\">\r\n\t<div class=\"post-meta\">\r\n\t<a class=\"post-date\" href=\"https:\/\/sff-camara.com\/es\/2021\/07\/07\/\">julio 7, 2021<\/a>\r\n\r\n\t<\/div>\r\n<h3 class=\"post-title\">\r\n\t<a href=\"https:\/\/sff-camara.com\/es\/sff-magazine-julio-2021\/5-fintech-insurtech-espanolas-a-seguir-en-2021\/\">\r\n\t\t5 Fintech &amp; Insurtech espa\u00f1olas a seguir en 2021\t<\/a>\r\n<\/h3>\r\n<a href=\"https:\/\/sff-camara.com\/es\/sff-magazine-julio-2021\/5-fintech-insurtech-espanolas-a-seguir-en-2021\/\" class=\"btn btn-link btn-underline btn-primary\">Leer m\u00e1s <i class=\"a-icon-long-arrow-right\"><\/i><\/a><\/div>\r\n\t<\/article>\r\n\r\n\t\r\n<\/div>\r\n\r\n\r\n<div class=\"post-wrap \" data-post-image=\"alpha-post-medium\">\r\n\r\n\t\r\n\t<article class=\"post-8043 post type-post status-publish format-standard has-post-thumbnail hentry category-sff-magazine-julio-2021 tag-fintech-es post overlay-zoom overlay-dark  post-modern\">\r\n\t\t\t\t\t<figure class=\"post-media\">\r\n\t\t\t\t\t\t\t\t<a href=\"https:\/\/sff-camara.com\/es\/sff-magazine-julio-2021\/el-ecosistema-fintech-en-luxemburgo\/\" aria-label=\"Post Media\">\r\n\t\t\t\t\t<img loading=\"lazy\" decoding=\"async\" width=\"600\" height=\"420\" src=\"https:\/\/sff-camara.com\/wp-content\/uploads\/2023\/01\/10-Fintech-600x420.jpeg\" class=\"attachment-alpha-post-medium size-alpha-post-medium wp-post-image\" alt=\"\" srcset=\"https:\/\/sff-camara.com\/wp-content\/uploads\/2023\/01\/10-Fintech-600x420.jpeg 600w, https:\/\/sff-camara.com\/wp-content\/uploads\/2023\/01\/10-Fintech-400x280.jpeg 400w, https:\/\/sff-camara.com\/wp-content\/uploads\/2023\/01\/10-Fintech-570x400.jpeg 570w\" sizes=\"(max-width: 600px) 100vw, 600px\" \/>\t\t\t\t\t\t<figcaption class=\"thumbnail-caption\">\r\n\t\t\t\t\t\t\tFintech icon and internet of things with matrix code background\r, Investment and financial internet technology concept.\t\t\t\t\t\t<\/figcaption>\r\n\t\t\t\t\t\t\t\t\t\t<\/a>\r\n\t\t\t<\/figure>\r\n\t\t\t<div class=\"post-details\">\r\n\t<div class=\"post-meta\">\r\n\t<a class=\"post-date\" href=\"https:\/\/sff-camara.com\/es\/2021\/07\/07\/\">julio 7, 2021<\/a>\r\n\r\n\t<\/div>\r\n<h3 class=\"post-title\">\r\n\t<a href=\"https:\/\/sff-camara.com\/es\/sff-magazine-julio-2021\/el-ecosistema-fintech-en-luxemburgo\/\">\r\n\t\tEl ecosistema Fintech en Luxemburgo\t<\/a>\r\n<\/h3>\r\n<a href=\"https:\/\/sff-camara.com\/es\/sff-magazine-julio-2021\/el-ecosistema-fintech-en-luxemburgo\/\" class=\"btn btn-link btn-underline btn-primary\">Leer m\u00e1s <i class=\"a-icon-long-arrow-right\"><\/i><\/a><\/div>\r\n\t<\/article>\r\n\r\n\t\r\n<\/div>\r\n\r\n\r\n<div class=\"post-wrap \" data-post-image=\"alpha-post-medium\">\r\n\r\n\t\r\n\t<article class=\"post-8045 post type-post status-publish format-standard has-post-thumbnail hentry category-sff-magazine-julio-2021 tag-fintech-es post overlay-zoom overlay-dark  post-modern\">\r\n\t\t\t\t\t<figure class=\"post-media\">\r\n\t\t\t\t\t\t\t\t<a href=\"https:\/\/sff-camara.com\/es\/sff-magazine-julio-2021\/5-fintech-insurtech-luxemburguesas-a-seguir-en-2021\/\" aria-label=\"Post Media\">\r\n\t\t\t\t\t<img loading=\"lazy\" decoding=\"async\" width=\"600\" height=\"420\" src=\"https:\/\/sff-camara.com\/wp-content\/uploads\/2021\/07\/firmbee-com-dAmHWsRYP9c-unsplash-600x420.jpg\" class=\"attachment-alpha-post-medium size-alpha-post-medium wp-post-image\" alt=\"\" srcset=\"https:\/\/sff-camara.com\/wp-content\/uploads\/2021\/07\/firmbee-com-dAmHWsRYP9c-unsplash-600x420.jpg 600w, https:\/\/sff-camara.com\/wp-content\/uploads\/2021\/07\/firmbee-com-dAmHWsRYP9c-unsplash-400x280.jpg 400w, https:\/\/sff-camara.com\/wp-content\/uploads\/2021\/07\/firmbee-com-dAmHWsRYP9c-unsplash-570x400.jpg 570w\" sizes=\"(max-width: 600px) 100vw, 600px\" \/>\t\t\t\t<\/a>\r\n\t\t\t<\/figure>\r\n\t\t\t<div class=\"post-details\">\r\n\t<div class=\"post-meta\">\r\n\t<a class=\"post-date\" href=\"https:\/\/sff-camara.com\/es\/2021\/07\/07\/\">julio 7, 2021<\/a>\r\n\r\n\t<\/div>\r\n<h3 class=\"post-title\">\r\n\t<a href=\"https:\/\/sff-camara.com\/es\/sff-magazine-julio-2021\/5-fintech-insurtech-luxemburguesas-a-seguir-en-2021\/\">\r\n\t\t5 Fintech &amp; Insurtech luxemburguesas a seguir en 2021\t<\/a>\r\n<\/h3>\r\n<a href=\"https:\/\/sff-camara.com\/es\/sff-magazine-julio-2021\/5-fintech-insurtech-luxemburguesas-a-seguir-en-2021\/\" class=\"btn btn-link btn-underline btn-primary\">Leer m\u00e1s <i class=\"a-icon-long-arrow-right\"><\/i><\/a><\/div>\r\n\t<\/article>\r\n\r\n\t\r\n<\/div>\r\n\r\n\r\n<div class=\"post-wrap \" data-post-image=\"alpha-post-medium\">\r\n\r\n\t\r\n\t<article class=\"post-8047 post type-post status-publish format-standard has-post-thumbnail hentry category-sff-magazine-julio-2021 tag-fintech-es post overlay-zoom overlay-dark  post-modern\">\r\n\t\t\t\t\t<figure class=\"post-media\">\r\n\t\t\t\t\t\t\t\t<a href=\"https:\/\/sff-camara.com\/es\/sff-magazine-julio-2021\/el-rol-de-las-empresas-tecnologicas-en-la-industria-de-servicios-financieros\/\" aria-label=\"Post Media\">\r\n\t\t\t\t\t<img loading=\"lazy\" decoding=\"async\" width=\"600\" height=\"420\" src=\"https:\/\/sff-camara.com\/wp-content\/uploads\/2021\/07\/austin-distel-EMPZ7yRZoGw-unsplash-600x420.jpg\" class=\"attachment-alpha-post-medium size-alpha-post-medium wp-post-image\" alt=\"\" srcset=\"https:\/\/sff-camara.com\/wp-content\/uploads\/2021\/07\/austin-distel-EMPZ7yRZoGw-unsplash-600x420.jpg 600w, https:\/\/sff-camara.com\/wp-content\/uploads\/2021\/07\/austin-distel-EMPZ7yRZoGw-unsplash-400x280.jpg 400w, https:\/\/sff-camara.com\/wp-content\/uploads\/2021\/07\/austin-distel-EMPZ7yRZoGw-unsplash-570x400.jpg 570w\" sizes=\"(max-width: 600px) 100vw, 600px\" \/>\t\t\t\t<\/a>\r\n\t\t\t<\/figure>\r\n\t\t\t<div class=\"post-details\">\r\n\t<div class=\"post-meta\">\r\n\t<a class=\"post-date\" href=\"https:\/\/sff-camara.com\/es\/2021\/07\/07\/\">julio 7, 2021<\/a>\r\n\r\n\t<\/div>\r\n<h3 class=\"post-title\">\r\n\t<a href=\"https:\/\/sff-camara.com\/es\/sff-magazine-julio-2021\/el-rol-de-las-empresas-tecnologicas-en-la-industria-de-servicios-financieros\/\">\r\n\t\tEl rol de las empresas tecnol\u00f3gicas en la industria de servicios financieros\t<\/a>\r\n<\/h3>\r\n<a href=\"https:\/\/sff-camara.com\/es\/sff-magazine-julio-2021\/el-rol-de-las-empresas-tecnologicas-en-la-industria-de-servicios-financieros\/\" class=\"btn btn-link btn-underline btn-primary\">Leer m\u00e1s <i class=\"a-icon-long-arrow-right\"><\/i><\/a><\/div>\r\n\t<\/article>\r\n\r\n\t\r\n<\/div>\r\n\r\n\r\n<div class=\"post-wrap \" data-post-image=\"alpha-post-medium\">\r\n\r\n\t\r\n\t<article class=\"post-8049 post type-post status-publish format-standard has-post-thumbnail hentry category-sff-magazine-julio-2021 post overlay-zoom overlay-dark  post-modern\">\r\n\t\t\t\t\t<figure class=\"post-media\">\r\n\t\t\t\t\t\t\t\t<a href=\"https:\/\/sff-camara.com\/es\/sff-magazine-julio-2021\/el-equipo-de-finanzas-de-rbc-its-lider-en-innovacion-digital\/\" aria-label=\"Post Media\">\r\n\t\t\t\t\t<img loading=\"lazy\" decoding=\"async\" width=\"600\" height=\"420\" src=\"https:\/\/sff-camara.com\/wp-content\/uploads\/2021\/07\/joshua-sortino-LqKhnDzSF-8-unsplash-600x420.jpg\" class=\"attachment-alpha-post-medium size-alpha-post-medium wp-post-image\" alt=\"\" srcset=\"https:\/\/sff-camara.com\/wp-content\/uploads\/2021\/07\/joshua-sortino-LqKhnDzSF-8-unsplash-600x420.jpg 600w, https:\/\/sff-camara.com\/wp-content\/uploads\/2021\/07\/joshua-sortino-LqKhnDzSF-8-unsplash-400x280.jpg 400w, https:\/\/sff-camara.com\/wp-content\/uploads\/2021\/07\/joshua-sortino-LqKhnDzSF-8-unsplash-570x400.jpg 570w\" sizes=\"(max-width: 600px) 100vw, 600px\" \/>\t\t\t\t<\/a>\r\n\t\t\t<\/figure>\r\n\t\t\t<div class=\"post-details\">\r\n\t<div class=\"post-meta\">\r\n\t<a class=\"post-date\" href=\"https:\/\/sff-camara.com\/es\/2021\/07\/07\/\">julio 7, 2021<\/a>\r\n\r\n\t<\/div>\r\n<h3 class=\"post-title\">\r\n\t<a href=\"https:\/\/sff-camara.com\/es\/sff-magazine-julio-2021\/el-equipo-de-finanzas-de-rbc-its-lider-en-innovacion-digital\/\">\r\n\t\tEl equipo de finanzas de RBC I&amp;TS, l\u00edder en innovaci\u00f3n digital\t<\/a>\r\n<\/h3>\r\n<a href=\"https:\/\/sff-camara.com\/es\/sff-magazine-julio-2021\/el-equipo-de-finanzas-de-rbc-its-lider-en-innovacion-digital\/\" class=\"btn btn-link btn-underline btn-primary\">Leer m\u00e1s <i class=\"a-icon-long-arrow-right\"><\/i><\/a><\/div>\r\n\t<\/article>\r\n\r\n\t\r\n<\/div>\r\n\r\n\r\n<div class=\"post-wrap \" data-post-image=\"alpha-post-medium\">\r\n\r\n\t\r\n\t<article class=\"post-8051 post type-post status-publish format-standard has-post-thumbnail hentry category-sff-magazine-julio-2021 tag-alternative-investment-es post overlay-zoom overlay-dark  post-modern\">\r\n\t\t\t\t\t<figure class=\"post-media\">\r\n\t\t\t\t\t\t\t\t<a href=\"https:\/\/sff-camara.com\/es\/sff-magazine-julio-2021\/inversion-alternativa-en-espana-marco-regulatorio-y-sector-financiero\/\" aria-label=\"Post Media\">\r\n\t\t\t\t\t<img loading=\"lazy\" decoding=\"async\" width=\"600\" height=\"420\" src=\"https:\/\/sff-camara.com\/wp-content\/uploads\/2023\/01\/Torres-Madrid-600x420.jpeg\" class=\"attachment-alpha-post-medium size-alpha-post-medium wp-post-image\" alt=\"\" srcset=\"https:\/\/sff-camara.com\/wp-content\/uploads\/2023\/01\/Torres-Madrid-600x420.jpeg 600w, https:\/\/sff-camara.com\/wp-content\/uploads\/2023\/01\/Torres-Madrid-400x280.jpeg 400w, https:\/\/sff-camara.com\/wp-content\/uploads\/2023\/01\/Torres-Madrid-570x400.jpeg 570w\" sizes=\"(max-width: 600px) 100vw, 600px\" \/>\t\t\t\t\t\t<figcaption class=\"thumbnail-caption\">\r\n\t\t\t\t\t\t\tCorporate towers in Madrid\t\t\t\t\t\t<\/figcaption>\r\n\t\t\t\t\t\t\t\t\t\t<\/a>\r\n\t\t\t<\/figure>\r\n\t\t\t<div class=\"post-details\">\r\n\t<div class=\"post-meta\">\r\n\t<a class=\"post-date\" href=\"https:\/\/sff-camara.com\/es\/2021\/07\/07\/\">julio 7, 2021<\/a>\r\n\r\n\t<\/div>\r\n<h3 class=\"post-title\">\r\n\t<a href=\"https:\/\/sff-camara.com\/es\/sff-magazine-julio-2021\/inversion-alternativa-en-espana-marco-regulatorio-y-sector-financiero\/\">\r\n\t\tInversi\u00f3n alternativa en Espa\u00f1a: Marco regulatorio y sector financiero\t<\/a>\r\n<\/h3>\r\n<a href=\"https:\/\/sff-camara.com\/es\/sff-magazine-julio-2021\/inversion-alternativa-en-espana-marco-regulatorio-y-sector-financiero\/\" class=\"btn btn-link btn-underline btn-primary\">Leer m\u00e1s <i class=\"a-icon-long-arrow-right\"><\/i><\/a><\/div>\r\n\t<\/article>\r\n\r\n\t\r\n<\/div>\r\n\r\n\r\n<div class=\"post-wrap \" data-post-image=\"alpha-post-medium\">\r\n\r\n\t\r\n\t<article class=\"post-8053 post type-post status-publish format-standard has-post-thumbnail hentry category-sff-magazine-julio-2021 tag-seguros-de-vida-unit-linked post overlay-zoom overlay-dark  post-modern\">\r\n\t\t\t\t\t<figure class=\"post-media\">\r\n\t\t\t\t\t\t\t\t<a href=\"https:\/\/sff-camara.com\/es\/sff-magazine-julio-2021\/los-seguros-de-vida-unit-linked-como-instrumento-de-planificacion-patrimonial\/\" aria-label=\"Post Media\">\r\n\t\t\t\t\t<img loading=\"lazy\" decoding=\"async\" width=\"600\" height=\"420\" src=\"https:\/\/sff-camara.com\/wp-content\/uploads\/2021\/07\/juliane-liebermann-O-RKu3Aqnsw-unsplash-600x420.jpg\" class=\"attachment-alpha-post-medium size-alpha-post-medium wp-post-image\" alt=\"\" srcset=\"https:\/\/sff-camara.com\/wp-content\/uploads\/2021\/07\/juliane-liebermann-O-RKu3Aqnsw-unsplash-600x420.jpg 600w, https:\/\/sff-camara.com\/wp-content\/uploads\/2021\/07\/juliane-liebermann-O-RKu3Aqnsw-unsplash-400x280.jpg 400w, https:\/\/sff-camara.com\/wp-content\/uploads\/2021\/07\/juliane-liebermann-O-RKu3Aqnsw-unsplash-570x400.jpg 570w\" sizes=\"(max-width: 600px) 100vw, 600px\" \/>\t\t\t\t<\/a>\r\n\t\t\t<\/figure>\r\n\t\t\t<div class=\"post-details\">\r\n\t<div class=\"post-meta\">\r\n\t<a class=\"post-date\" href=\"https:\/\/sff-camara.com\/es\/2021\/07\/07\/\">julio 7, 2021<\/a>\r\n\r\n\t<\/div>\r\n<h3 class=\"post-title\">\r\n\t<a href=\"https:\/\/sff-camara.com\/es\/sff-magazine-julio-2021\/los-seguros-de-vida-unit-linked-como-instrumento-de-planificacion-patrimonial\/\">\r\n\t\tLos seguros de vida Unit-linked como instrumento de planificaci\u00f3n patrimonial\t<\/a>\r\n<\/h3>\r\n<a href=\"https:\/\/sff-camara.com\/es\/sff-magazine-julio-2021\/los-seguros-de-vida-unit-linked-como-instrumento-de-planificacion-patrimonial\/\" class=\"btn btn-link btn-underline btn-primary\">Leer m\u00e1s <i class=\"a-icon-long-arrow-right\"><\/i><\/a><\/div>\r\n\t<\/article>\r\n\r\n\t\r\n<\/div>\r\n\r\n\r\n<div class=\"post-wrap \" data-post-image=\"alpha-post-medium\">\r\n\r\n\t\r\n\t<article class=\"post-8056 post type-post status-publish format-standard has-post-thumbnail hentry category-sff-magazine-julio-2021 tag-capital-riesgo post overlay-zoom overlay-dark  post-modern\">\r\n\t\t\t\t\t<figure class=\"post-media\">\r\n\t\t\t\t\t\t\t\t<a href=\"https:\/\/sff-camara.com\/es\/sff-magazine-julio-2021\/el-private-equity-a-la-espera-de-su-desarrollo-y-en-camino-hacia-su-democratizacion\/\" aria-label=\"Post Media\">\r\n\t\t\t\t\t<img loading=\"lazy\" decoding=\"async\" width=\"600\" height=\"420\" src=\"https:\/\/sff-camara.com\/wp-content\/uploads\/2023\/01\/COMP-Imagen-Indice-600x420.jpeg\" class=\"attachment-alpha-post-medium size-alpha-post-medium wp-post-image\" alt=\"\" srcset=\"https:\/\/sff-camara.com\/wp-content\/uploads\/2023\/01\/COMP-Imagen-Indice-600x420.jpeg 600w, https:\/\/sff-camara.com\/wp-content\/uploads\/2023\/01\/COMP-Imagen-Indice-400x280.jpeg 400w, https:\/\/sff-camara.com\/wp-content\/uploads\/2023\/01\/COMP-Imagen-Indice-570x400.jpeg 570w\" sizes=\"(max-width: 600px) 100vw, 600px\" \/>\t\t\t\t<\/a>\r\n\t\t\t<\/figure>\r\n\t\t\t<div class=\"post-details\">\r\n\t<div class=\"post-meta\">\r\n\t<a class=\"post-date\" href=\"https:\/\/sff-camara.com\/es\/2021\/07\/02\/\">julio 2, 2021<\/a>\r\n\r\n\t<\/div>\r\n<h3 class=\"post-title\">\r\n\t<a href=\"https:\/\/sff-camara.com\/es\/sff-magazine-julio-2021\/el-private-equity-a-la-espera-de-su-desarrollo-y-en-camino-hacia-su-democratizacion\/\">\r\n\t\tEl Private Equity, a la espera de su desarrollo y en camino hacia su democratizaci\u00f3n\t<\/a>\r\n<\/h3>\r\n<a href=\"https:\/\/sff-camara.com\/es\/sff-magazine-julio-2021\/el-private-equity-a-la-espera-de-su-desarrollo-y-en-camino-hacia-su-democratizacion\/\" class=\"btn btn-link btn-underline btn-primary\">Leer m\u00e1s <i class=\"a-icon-long-arrow-right\"><\/i><\/a><\/div>\r\n\t<\/article>\r\n\r\n\t\r\n<\/div>\r\n\r\n\r\n<div class=\"post-wrap \" data-post-image=\"alpha-post-medium\">\r\n\r\n\t\r\n\t<article class=\"post-8058 post type-post status-publish format-standard has-post-thumbnail hentry category-sff-magazine-julio-2021 post overlay-zoom overlay-dark  post-modern\">\r\n\t\t\t\t\t<figure class=\"post-media\">\r\n\t\t\t\t\t\t\t\t<a href=\"https:\/\/sff-camara.com\/es\/sff-magazine-julio-2021\/focus-on-iberia\/\" aria-label=\"Post Media\">\r\n\t\t\t\t\t<img loading=\"lazy\" decoding=\"async\" width=\"600\" height=\"420\" src=\"https:\/\/sff-camara.com\/wp-content\/uploads\/2023\/01\/LFF_FO_3-600x420.png\" class=\"attachment-alpha-post-medium size-alpha-post-medium wp-post-image\" alt=\"\" srcset=\"https:\/\/sff-camara.com\/wp-content\/uploads\/2023\/01\/LFF_FO_3-600x420.png 600w, https:\/\/sff-camara.com\/wp-content\/uploads\/2023\/01\/LFF_FO_3-400x280.png 400w, https:\/\/sff-camara.com\/wp-content\/uploads\/2023\/01\/LFF_FO_3-570x400.png 570w\" sizes=\"(max-width: 600px) 100vw, 600px\" \/>\t\t\t\t<\/a>\r\n\t\t\t<\/figure>\r\n\t\t\t<div class=\"post-details\">\r\n\t<div class=\"post-meta\">\r\n\t<a class=\"post-date\" href=\"https:\/\/sff-camara.com\/es\/2021\/07\/07\/\">julio 7, 2021<\/a>\r\n\r\n\t<\/div>\r\n<h3 class=\"post-title\">\r\n\t<a href=\"https:\/\/sff-camara.com\/es\/sff-magazine-julio-2021\/focus-on-iberia\/\">\r\n\t\tFocus on Iberia\t<\/a>\r\n<\/h3>\r\n<a href=\"https:\/\/sff-camara.com\/es\/sff-magazine-julio-2021\/focus-on-iberia\/\" class=\"btn btn-link btn-underline btn-primary\">Leer m\u00e1s <i class=\"a-icon-long-arrow-right\"><\/i><\/a><\/div>\r\n\t<\/article>\r\n\r\n\t\r\n<\/div>\r\n\r\n<\/div>\t\t\t\t<\/div>\n\t\t\t\t<\/div>\n\t\t\t\t<div class=\"elementor-element elementor-element-54c25b1 elementor-widget elementor-widget-spacer\" data-id=\"54c25b1\" data-element_type=\"widget\" data-e-type=\"widget\" data-widget_type=\"spacer.default\">\n\t\t\t\t<div class=\"elementor-widget-container\">\n\t\t\t\t\t\t\t<div class=\"elementor-spacer\">\n\t\t\t<div class=\"elementor-spacer-inner\"><\/div>\n\t\t<\/div>\n\t\t\t\t\t\t<\/div>\n\t\t\t\t<\/div>\n\t\t\t\t\t\t<\/div>\r\n\t\t\t\t<\/div>\r\n\t\t\t\t\t\t\t\t<\/div>\r\n\t\t\t<\/section>\r\n\t\t\t\t\t<\/div>\n\t\t","protected":false},"excerpt":{"rendered":"<p>La innovaci\u00f3n tecnol\u00f3gica en el sector financiero de Luxemburgo se ha acelerado r\u00e1pidamente desde el cambio de milenio. Este crecimiento del uso de las nuevas tecnolog\u00edas aplicadas a las finanzas, [&hellip;]<\/p>\n","protected":false},"author":2,"featured_media":5577,"comment_status":"closed","ping_status":"closed","sticky":false,"template":"","format":"standard","meta":{"_acf_changed":false,"_price":"","_stock":"","_tribe_ticket_header":"","_tribe_default_ticket_provider":"","_ticket_start_date":"","_ticket_end_date":"","_tribe_ticket_show_description":"","_tribe_ticket_show_not_going":false,"_tribe_ticket_use_global_stock":"","_tribe_ticket_global_stock_level":"","_global_stock_mode":"","_global_stock_cap":"","_tribe_rsvp_for_event":"","_tribe_ticket_going_count":"","_tribe_ticket_not_going_count":"","_tribe_tickets_list":"[]","_tribe_ticket_has_attendee_info_fields":false,"footnotes":""},"categories":[168],"tags":[163],"class_list":["post-8043","post","type-post","status-publish","format-standard","has-post-thumbnail","hentry","category-sff-magazine-julio-2021","tag-fintech-es"],"acf":[],"yoast_head":"<!-- This site is optimized with the Yoast SEO plugin v27.1.1 - https:\/\/yoast.com\/product\/yoast-seo-wordpress\/ -->\n<title>El ecosistema Fintech en Luxemburgo | SFF<\/title>\n<meta name=\"robots\" content=\"index, follow, max-snippet:-1, max-image-preview:large, max-video-preview:-1\" \/>\n<link rel=\"canonical\" href=\"https:\/\/sff-camara.com\/sff-magazine-july-2021\/the-fintech-ecosystem-in-luxembourg\/\" \/>\n<meta property=\"og:locale\" content=\"es_ES\" \/>\n<meta property=\"og:type\" content=\"article\" \/>\n<meta property=\"og:title\" content=\"El ecosistema Fintech en Luxemburgo | SFF\" \/>\n<meta property=\"og:description\" content=\"La innovaci\u00f3n tecnol\u00f3gica en el sector financiero de Luxemburgo se ha acelerado r\u00e1pidamente desde el cambio de milenio. Este crecimiento del uso de las nuevas tecnolog\u00edas aplicadas a las finanzas, [&hellip;]\" \/>\n<meta property=\"og:url\" content=\"https:\/\/sff-camara.com\/sff-magazine-july-2021\/the-fintech-ecosystem-in-luxembourg\/\" \/>\n<meta property=\"og:site_name\" content=\"SFF\" \/>\n<meta property=\"article:published_time\" content=\"2021-07-07T20:31:13+00:00\" \/>\n<meta property=\"article:modified_time\" content=\"2023-09-17T20:58:09+00:00\" \/>\n<meta property=\"og:image\" content=\"https:\/\/sff-camara.com\/wp-content\/uploads\/2023\/01\/10-Fintech-scaled.jpeg\" \/>\n\t<meta property=\"og:image:width\" content=\"2560\" \/>\n\t<meta property=\"og:image:height\" content=\"1707\" \/>\n\t<meta property=\"og:image:type\" content=\"image\/jpeg\" \/>\n<meta name=\"author\" content=\"SFF\" \/>\n<meta name=\"twitter:card\" content=\"summary_large_image\" \/>\n<meta name=\"twitter:label1\" content=\"Escrito por\" \/>\n\t<meta name=\"twitter:data1\" content=\"SFF\" \/>\n\t<meta name=\"twitter:label2\" content=\"Tiempo de lectura\" \/>\n\t<meta name=\"twitter:data2\" content=\"8 minutos\" \/>\n<script type=\"application\/ld+json\" class=\"yoast-schema-graph\">{\"@context\":\"https:\/\/schema.org\",\"@graph\":[{\"@type\":\"Article\",\"@id\":\"https:\/\/sff-camara.com\/sff-magazine-july-2021\/the-fintech-ecosystem-in-luxembourg\/#article\",\"isPartOf\":{\"@id\":\"https:\/\/sff-camara.com\/sff-magazine-july-2021\/the-fintech-ecosystem-in-luxembourg\/\"},\"author\":{\"name\":\"SFF\",\"@id\":\"https:\/\/sff-camara.com\/#\/schema\/person\/4adb1bc18ccd0824990c909ad888ece9\"},\"headline\":\"El ecosistema Fintech en Luxemburgo\",\"datePublished\":\"2021-07-07T20:31:13+00:00\",\"dateModified\":\"2023-09-17T20:58:09+00:00\",\"mainEntityOfPage\":{\"@id\":\"https:\/\/sff-camara.com\/sff-magazine-july-2021\/the-fintech-ecosystem-in-luxembourg\/\"},\"wordCount\":1578,\"publisher\":{\"@id\":\"https:\/\/sff-camara.com\/#organization\"},\"image\":{\"@id\":\"https:\/\/sff-camara.com\/sff-magazine-july-2021\/the-fintech-ecosystem-in-luxembourg\/#primaryimage\"},\"thumbnailUrl\":\"https:\/\/sff-camara.com\/wp-content\/uploads\/2023\/01\/10-Fintech-scaled.jpeg\",\"keywords\":[\"Fintech\"],\"articleSection\":[\"SFF Magazine Julio 2021\"],\"inLanguage\":\"es\"},{\"@type\":\"WebPage\",\"@id\":\"https:\/\/sff-camara.com\/sff-magazine-july-2021\/the-fintech-ecosystem-in-luxembourg\/\",\"url\":\"https:\/\/sff-camara.com\/sff-magazine-july-2021\/the-fintech-ecosystem-in-luxembourg\/\",\"name\":\"El ecosistema Fintech en Luxemburgo | SFF\",\"isPartOf\":{\"@id\":\"https:\/\/sff-camara.com\/#website\"},\"primaryImageOfPage\":{\"@id\":\"https:\/\/sff-camara.com\/sff-magazine-july-2021\/the-fintech-ecosystem-in-luxembourg\/#primaryimage\"},\"image\":{\"@id\":\"https:\/\/sff-camara.com\/sff-magazine-july-2021\/the-fintech-ecosystem-in-luxembourg\/#primaryimage\"},\"thumbnailUrl\":\"https:\/\/sff-camara.com\/wp-content\/uploads\/2023\/01\/10-Fintech-scaled.jpeg\",\"datePublished\":\"2021-07-07T20:31:13+00:00\",\"dateModified\":\"2023-09-17T20:58:09+00:00\",\"breadcrumb\":{\"@id\":\"https:\/\/sff-camara.com\/sff-magazine-july-2021\/the-fintech-ecosystem-in-luxembourg\/#breadcrumb\"},\"inLanguage\":\"es\",\"potentialAction\":[{\"@type\":\"ReadAction\",\"target\":[\"https:\/\/sff-camara.com\/sff-magazine-july-2021\/the-fintech-ecosystem-in-luxembourg\/\"]}]},{\"@type\":\"ImageObject\",\"inLanguage\":\"es\",\"@id\":\"https:\/\/sff-camara.com\/sff-magazine-july-2021\/the-fintech-ecosystem-in-luxembourg\/#primaryimage\",\"url\":\"https:\/\/sff-camara.com\/wp-content\/uploads\/2023\/01\/10-Fintech-scaled.jpeg\",\"contentUrl\":\"https:\/\/sff-camara.com\/wp-content\/uploads\/2023\/01\/10-Fintech-scaled.jpeg\",\"width\":2560,\"height\":1707,\"caption\":\"Fintech icon and internet of things with matrix code background , Investment and financial internet technology concept.\"},{\"@type\":\"BreadcrumbList\",\"@id\":\"https:\/\/sff-camara.com\/sff-magazine-july-2021\/the-fintech-ecosystem-in-luxembourg\/#breadcrumb\",\"itemListElement\":[{\"@type\":\"ListItem\",\"position\":1,\"name\":\"Home\",\"item\":\"https:\/\/sff-camara.com\/\"},{\"@type\":\"ListItem\",\"position\":2,\"name\":\"El ecosistema Fintech en Luxemburgo\"}]},{\"@type\":\"WebSite\",\"@id\":\"https:\/\/sff-camara.com\/#website\",\"url\":\"https:\/\/sff-camara.com\/\",\"name\":\"SFF\",\"description\":\"Spanish Financial Forum in Luxembourg\",\"publisher\":{\"@id\":\"https:\/\/sff-camara.com\/#organization\"},\"potentialAction\":[{\"@type\":\"SearchAction\",\"target\":{\"@type\":\"EntryPoint\",\"urlTemplate\":\"https:\/\/sff-camara.com\/?s={search_term_string}\"},\"query-input\":{\"@type\":\"PropertyValueSpecification\",\"valueRequired\":true,\"valueName\":\"search_term_string\"}}],\"inLanguage\":\"es\"},{\"@type\":\"Organization\",\"@id\":\"https:\/\/sff-camara.com\/#organization\",\"name\":\"Spanish Financial Forum in Luxembourg\",\"url\":\"https:\/\/sff-camara.com\/\",\"logo\":{\"@type\":\"ImageObject\",\"inLanguage\":\"es\",\"@id\":\"https:\/\/sff-camara.com\/#\/schema\/logo\/image\/\",\"url\":\"https:\/\/sff-camara.com\/wp-content\/uploads\/2023\/02\/cropped-LOGO-1.png\",\"contentUrl\":\"https:\/\/sff-camara.com\/wp-content\/uploads\/2023\/02\/cropped-LOGO-1.png\",\"width\":586,\"height\":222,\"caption\":\"Spanish Financial Forum in Luxembourg\"},\"image\":{\"@id\":\"https:\/\/sff-camara.com\/#\/schema\/logo\/image\/\"},\"sameAs\":[\"https:\/\/www.linkedin.com\/company\/camara-oficial-de-comercio-de-espana-en-belgica-y-luxemburgo\/\"]},{\"@type\":\"Person\",\"@id\":\"https:\/\/sff-camara.com\/#\/schema\/person\/4adb1bc18ccd0824990c909ad888ece9\",\"name\":\"SFF\",\"url\":\"https:\/\/sff-camara.com\/es\/author\/planinluxadmin\/\"}]}<\/script>\n<!-- \/ Yoast SEO plugin. -->","yoast_head_json":{"title":"El ecosistema Fintech en Luxemburgo | SFF","robots":{"index":"index","follow":"follow","max-snippet":"max-snippet:-1","max-image-preview":"max-image-preview:large","max-video-preview":"max-video-preview:-1"},"canonical":"https:\/\/sff-camara.com\/sff-magazine-july-2021\/the-fintech-ecosystem-in-luxembourg\/","og_locale":"es_ES","og_type":"article","og_title":"El ecosistema Fintech en Luxemburgo | SFF","og_description":"La innovaci\u00f3n tecnol\u00f3gica en el sector financiero de Luxemburgo se ha acelerado r\u00e1pidamente desde el cambio de milenio. Este crecimiento del uso de las nuevas tecnolog\u00edas aplicadas a las finanzas, [&hellip;]","og_url":"https:\/\/sff-camara.com\/sff-magazine-july-2021\/the-fintech-ecosystem-in-luxembourg\/","og_site_name":"SFF","article_published_time":"2021-07-07T20:31:13+00:00","article_modified_time":"2023-09-17T20:58:09+00:00","og_image":[{"width":2560,"height":1707,"url":"https:\/\/sff-camara.com\/wp-content\/uploads\/2023\/01\/10-Fintech-scaled.jpeg","type":"image\/jpeg"}],"author":"SFF","twitter_card":"summary_large_image","twitter_misc":{"Escrito por":"SFF","Tiempo de lectura":"8 minutos"},"schema":{"@context":"https:\/\/schema.org","@graph":[{"@type":"Article","@id":"https:\/\/sff-camara.com\/sff-magazine-july-2021\/the-fintech-ecosystem-in-luxembourg\/#article","isPartOf":{"@id":"https:\/\/sff-camara.com\/sff-magazine-july-2021\/the-fintech-ecosystem-in-luxembourg\/"},"author":{"name":"SFF","@id":"https:\/\/sff-camara.com\/#\/schema\/person\/4adb1bc18ccd0824990c909ad888ece9"},"headline":"El ecosistema Fintech en Luxemburgo","datePublished":"2021-07-07T20:31:13+00:00","dateModified":"2023-09-17T20:58:09+00:00","mainEntityOfPage":{"@id":"https:\/\/sff-camara.com\/sff-magazine-july-2021\/the-fintech-ecosystem-in-luxembourg\/"},"wordCount":1578,"publisher":{"@id":"https:\/\/sff-camara.com\/#organization"},"image":{"@id":"https:\/\/sff-camara.com\/sff-magazine-july-2021\/the-fintech-ecosystem-in-luxembourg\/#primaryimage"},"thumbnailUrl":"https:\/\/sff-camara.com\/wp-content\/uploads\/2023\/01\/10-Fintech-scaled.jpeg","keywords":["Fintech"],"articleSection":["SFF Magazine Julio 2021"],"inLanguage":"es"},{"@type":"WebPage","@id":"https:\/\/sff-camara.com\/sff-magazine-july-2021\/the-fintech-ecosystem-in-luxembourg\/","url":"https:\/\/sff-camara.com\/sff-magazine-july-2021\/the-fintech-ecosystem-in-luxembourg\/","name":"El ecosistema Fintech en Luxemburgo | SFF","isPartOf":{"@id":"https:\/\/sff-camara.com\/#website"},"primaryImageOfPage":{"@id":"https:\/\/sff-camara.com\/sff-magazine-july-2021\/the-fintech-ecosystem-in-luxembourg\/#primaryimage"},"image":{"@id":"https:\/\/sff-camara.com\/sff-magazine-july-2021\/the-fintech-ecosystem-in-luxembourg\/#primaryimage"},"thumbnailUrl":"https:\/\/sff-camara.com\/wp-content\/uploads\/2023\/01\/10-Fintech-scaled.jpeg","datePublished":"2021-07-07T20:31:13+00:00","dateModified":"2023-09-17T20:58:09+00:00","breadcrumb":{"@id":"https:\/\/sff-camara.com\/sff-magazine-july-2021\/the-fintech-ecosystem-in-luxembourg\/#breadcrumb"},"inLanguage":"es","potentialAction":[{"@type":"ReadAction","target":["https:\/\/sff-camara.com\/sff-magazine-july-2021\/the-fintech-ecosystem-in-luxembourg\/"]}]},{"@type":"ImageObject","inLanguage":"es","@id":"https:\/\/sff-camara.com\/sff-magazine-july-2021\/the-fintech-ecosystem-in-luxembourg\/#primaryimage","url":"https:\/\/sff-camara.com\/wp-content\/uploads\/2023\/01\/10-Fintech-scaled.jpeg","contentUrl":"https:\/\/sff-camara.com\/wp-content\/uploads\/2023\/01\/10-Fintech-scaled.jpeg","width":2560,"height":1707,"caption":"Fintech icon and internet of things with matrix code background , Investment and financial internet technology concept."},{"@type":"BreadcrumbList","@id":"https:\/\/sff-camara.com\/sff-magazine-july-2021\/the-fintech-ecosystem-in-luxembourg\/#breadcrumb","itemListElement":[{"@type":"ListItem","position":1,"name":"Home","item":"https:\/\/sff-camara.com\/"},{"@type":"ListItem","position":2,"name":"El ecosistema Fintech en Luxemburgo"}]},{"@type":"WebSite","@id":"https:\/\/sff-camara.com\/#website","url":"https:\/\/sff-camara.com\/","name":"SFF","description":"Spanish Financial Forum in Luxembourg","publisher":{"@id":"https:\/\/sff-camara.com\/#organization"},"potentialAction":[{"@type":"SearchAction","target":{"@type":"EntryPoint","urlTemplate":"https:\/\/sff-camara.com\/?s={search_term_string}"},"query-input":{"@type":"PropertyValueSpecification","valueRequired":true,"valueName":"search_term_string"}}],"inLanguage":"es"},{"@type":"Organization","@id":"https:\/\/sff-camara.com\/#organization","name":"Spanish Financial Forum in Luxembourg","url":"https:\/\/sff-camara.com\/","logo":{"@type":"ImageObject","inLanguage":"es","@id":"https:\/\/sff-camara.com\/#\/schema\/logo\/image\/","url":"https:\/\/sff-camara.com\/wp-content\/uploads\/2023\/02\/cropped-LOGO-1.png","contentUrl":"https:\/\/sff-camara.com\/wp-content\/uploads\/2023\/02\/cropped-LOGO-1.png","width":586,"height":222,"caption":"Spanish Financial Forum in Luxembourg"},"image":{"@id":"https:\/\/sff-camara.com\/#\/schema\/logo\/image\/"},"sameAs":["https:\/\/www.linkedin.com\/company\/camara-oficial-de-comercio-de-espana-en-belgica-y-luxemburgo\/"]},{"@type":"Person","@id":"https:\/\/sff-camara.com\/#\/schema\/person\/4adb1bc18ccd0824990c909ad888ece9","name":"SFF","url":"https:\/\/sff-camara.com\/es\/author\/planinluxadmin\/"}]}},"_links":{"self":[{"href":"https:\/\/sff-camara.com\/es\/wp-json\/wp\/v2\/posts\/8043","targetHints":{"allow":["GET"]}}],"collection":[{"href":"https:\/\/sff-camara.com\/es\/wp-json\/wp\/v2\/posts"}],"about":[{"href":"https:\/\/sff-camara.com\/es\/wp-json\/wp\/v2\/types\/post"}],"author":[{"embeddable":true,"href":"https:\/\/sff-camara.com\/es\/wp-json\/wp\/v2\/users\/2"}],"replies":[{"embeddable":true,"href":"https:\/\/sff-camara.com\/es\/wp-json\/wp\/v2\/comments?post=8043"}],"version-history":[{"count":7,"href":"https:\/\/sff-camara.com\/es\/wp-json\/wp\/v2\/posts\/8043\/revisions"}],"predecessor-version":[{"id":11580,"href":"https:\/\/sff-camara.com\/es\/wp-json\/wp\/v2\/posts\/8043\/revisions\/11580"}],"wp:featuredmedia":[{"embeddable":true,"href":"https:\/\/sff-camara.com\/es\/wp-json\/wp\/v2\/media\/5577"}],"wp:attachment":[{"href":"https:\/\/sff-camara.com\/es\/wp-json\/wp\/v2\/media?parent=8043"}],"wp:term":[{"taxonomy":"category","embeddable":true,"href":"https:\/\/sff-camara.com\/es\/wp-json\/wp\/v2\/categories?post=8043"},{"taxonomy":"post_tag","embeddable":true,"href":"https:\/\/sff-camara.com\/es\/wp-json\/wp\/v2\/tags?post=8043"}],"curies":[{"name":"wp","href":"https:\/\/api.w.org\/{rel}","templated":true}]}}