{"id":8034,"date":"2021-07-07T18:22:51","date_gmt":"2021-07-07T18:22:51","guid":{"rendered":"https:\/\/sff-camara.com\/sin-categorizar\/taxonomia-como-una-herramienta-del-mercado-financiero-se-convierte-en-la-columna-vertebral-del-green-deal-de-la-ue\/"},"modified":"2023-09-17T21:02:29","modified_gmt":"2023-09-17T21:02:29","slug":"taxonomia-como-una-herramienta-del-mercado-financiero-se-convierte-en-la-columna-vertebral-del-green-deal-de-la-ue","status":"publish","type":"post","link":"https:\/\/sff-camara.com\/es\/sff-magazine-julio-2021\/taxonomia-como-una-herramienta-del-mercado-financiero-se-convierte-en-la-columna-vertebral-del-green-deal-de-la-ue\/","title":{"rendered":"Taxonom\u00eda: C\u00f3mo una herramienta del mercado financiero se convierte en la columna vertebral del Green Deal de la UE"},"content":{"rendered":"\t\t<div data-elementor-type=\"wp-post\" data-elementor-id=\"8034\" class=\"elementor elementor-8034 elementor-5811\">\n\t\t\t\t\t\t<section class=\" elementor-section elementor-top-section elementor-element elementor-element-45805efa elementor-section-boxed elementor-section-height-default elementor-section-height-default\" data-id=\"45805efa\" data-element_type=\"section\" data-e-type=\"section\">\r\n\t\t\t\t\t\t\t\t<div class=\"elementor-container elementor-column-gap-default\">\r\n\t\t\t\t\r\n\t\t\t\t\t\t\t\t<div class=\" elementor-column elementor-col-100 elementor-top-column elementor-element elementor-element-4f69bf2e \" data-id=\"4f69bf2e\" data-element_type=\"column\" data-e-type=\"column\">\r\n\r\n\t\t\t\t\r\n\t\t\t\t<div class=\"elementor-widget-wrap elementor-element-populated\">\r\n\t\t\t\t\t\t\t\t\t\t\r\n\t\t\t\t\t\t<div class=\"elementor-element elementor-element-2973ad7f elementor-widget elementor-widget-heading\" data-id=\"2973ad7f\" data-element_type=\"widget\" data-e-type=\"widget\" data-widget_type=\"heading.default\">\n\t\t\t\t<div class=\"elementor-widget-container\">\n\t\t\t\t\t<h3 class=\"elementor-heading-title elementor-size-default\">Taxonom\u00eda: C\u00f3mo una herramienta del mercado financiero se convierte en la columna vertebral del Green Deal de la UE<\/h3>\t\t\t\t<\/div>\n\t\t\t\t<\/div>\n\t\t\t\t<div class=\"elementor-element elementor-element-d84b27d elementor-widget elementor-widget-spacer\" data-id=\"d84b27d\" data-element_type=\"widget\" data-e-type=\"widget\" data-widget_type=\"spacer.default\">\n\t\t\t\t<div class=\"elementor-widget-container\">\n\t\t\t\t\t\t\t<div class=\"elementor-spacer\">\n\t\t\t<div class=\"elementor-spacer-inner\"><\/div>\n\t\t<\/div>\n\t\t\t\t\t\t<\/div>\n\t\t\t\t<\/div>\n\t\t\t\t<div class=\"elementor-element elementor-element-1eda3b19 elementor-widget elementor-widget-text-editor\" data-id=\"1eda3b19\" data-element_type=\"widget\" data-e-type=\"widget\" data-widget_type=\"text-editor.default\">\n\t\t\t\t<div class=\"elementor-widget-container\">\n\t\t\t\t\t\t\t\t\t<a href=\"https:\/\/sff-camara.com\/es\/categoria\/sff-magazine-julio-2021\/\" rel=\"tag\">SFF Magazine Julio 2021<\/a>\t\t\t\t\t\t\t\t<\/div>\n\t\t\t\t<\/div>\n\t\t\t\t<div class=\"elementor-element elementor-element-b979bb8 elementor-widget elementor-widget-spacer\" data-id=\"b979bb8\" data-element_type=\"widget\" data-e-type=\"widget\" data-widget_type=\"spacer.default\">\n\t\t\t\t<div class=\"elementor-widget-container\">\n\t\t\t\t\t\t\t<div class=\"elementor-spacer\">\n\t\t\t<div class=\"elementor-spacer-inner\"><\/div>\n\t\t<\/div>\n\t\t\t\t\t\t<\/div>\n\t\t\t\t<\/div>\n\t\t\t\t<div class=\"elementor-element elementor-element-4cb4c109 elementor-widget elementor-widget-text-editor\" data-id=\"4cb4c109\" data-element_type=\"widget\" data-e-type=\"widget\" data-widget_type=\"text-editor.default\">\n\t\t\t\t<div class=\"elementor-widget-container\">\n\t\t\t\t\t\t\t\t\tTem\u00e1ticas: <a href=\"https:\/\/sff-camara.com\/es\/temticas\/finanzas-sostenibles\/\" rel=\"tag\">Finanzas Sostenibles<\/a>\t\t\t\t\t\t\t\t<\/div>\n\t\t\t\t<\/div>\n\t\t\t\t\t\t<\/div>\r\n\t\t\t\t<\/div>\r\n\t\t\t\t\t\t\t\t<\/div>\r\n\t\t\t<\/section>\r\n\t\t\t\t\t<section class=\" elementor-section elementor-top-section elementor-element elementor-element-8fb4f80 elementor-section-boxed elementor-section-height-default elementor-section-height-default\" data-id=\"8fb4f80\" data-element_type=\"section\" data-e-type=\"section\">\r\n\t\t\t\t\t\t\t\t<div class=\"elementor-container elementor-column-gap-default\">\r\n\t\t\t\t\r\n\t\t\t\t\t\t\t\t<div class=\" elementor-column elementor-col-100 elementor-top-column elementor-element elementor-element-94dab31 \" data-id=\"94dab31\" data-element_type=\"column\" data-e-type=\"column\">\r\n\r\n\t\t\t\t\r\n\t\t\t\t<div class=\"elementor-widget-wrap elementor-element-populated\">\r\n\t\t\t\t\t\t\t\t\t\t\r\n\t\t\t\t\t\t<div class=\"elementor-element elementor-element-3f35a25 elementor-widget elementor-widget-text-editor\" data-id=\"3f35a25\" data-element_type=\"widget\" data-e-type=\"widget\" data-widget_type=\"text-editor.default\">\n\t\t\t\t<div class=\"elementor-widget-container\">\n\t\t\t\t\t\t\t\t\t<p>Conocido en la jerga de Bruselas como el \u201cReglamento de Taxonom\u00eda\u201d, el Reglamento 2020\/852 de la UE, adoptado el 18 de junio de 2020, pretende establecer un sistema de clasificaci\u00f3n de las actividades econ\u00f3micas consideradas \u201csostenibles\u201d. Pilotada por la DG FISMA, esta legislaci\u00f3n tiene su origen en la Convenci\u00f3n de las Naciones Unidas sobre el Desarrollo Sostenible (2015), el Acuerdo Clim\u00e1tico de Par\u00eds (2016) y el plan de acci\u00f3n de la Comisi\u00f3n para la financiaci\u00f3n del crecimiento sostenible (2018). Pero lo m\u00e1s importante es que se trata de una <b>herramienta dise\u00f1ada para orientar la econom\u00eda europea hacia la neutralidad del carbono en 2050<\/b> bajo la bandera del Green Deal europeo.<\/p>\n<p>El Reglamento 2020\/852 es un marco global que requiere la adopci\u00f3n de nuevos actos jur\u00eddicos para dotarlo de una dimensi\u00f3n pr\u00e1ctica y operativa. En las pr\u00f3ximas semanas y meses surgir\u00e1n una serie de <b>actos delegados<\/b>. El primero de ellos ha sido presentado por la Comisi\u00f3n Europea, y se refiere a la adopci\u00f3n de criterios t\u00e9cnicos de selecci\u00f3n para la adaptaci\u00f3n al cambio clim\u00e1tico y su mitigaci\u00f3n. Ahora est\u00e1 siendo examinado por el Parlamento Europeo y el Consejo de la UE, que est\u00e1n evaluando si vetar la medida. Los dem\u00e1s actos delegados se centrar\u00e1n en la <b>econom\u00eda circular, la biodiversidad, la reducci\u00f3n de la contaminaci\u00f3n, la evaluaci\u00f3n de da\u00f1os y las posibles sanciones<\/b>. La forma m\u00e1s adecuada de describir los actos delegados es que son la carne del hueso, sin ellos la taxonom\u00eda no es m\u00e1s que un concepto general sin ning\u00fan efecto tangible.<\/p>\n<h5><b>\u00bfR\u00e9gimen voluntario o mecanismo de direcci\u00f3n de facto para una econom\u00eda sostenible?<\/b><\/h5>\n<p>Presentada por algunos como un sistema voluntario y no vinculante, la Taxonom\u00eda y sus actos delegados pretenden, en realidad, convertirse en una <b>br\u00fajula \u00fanica para inversores, empresas, consumidores y autoridades p\u00fablicas<\/b> que necesitan claros objetivos y orientaciones en el camino hacia la neutralidad clim\u00e1tica. Sus repercusiones finales acabar\u00e1n teniendo un alcance mayor que la esfera puramente financiera. Por ejemplo, la inclusi\u00f3n de los criterios de \u201cno causar da\u00f1os significativos\u201d en el Mecanismo de Recuperaci\u00f3n y Resiliencia, y la pr\u00f3xima revisi\u00f3n legislativa sobre informaci\u00f3n no financiera, reforzar\u00e1n el impacto de la taxonom\u00eda en otras pol\u00edticas sectoriales, as\u00ed como en las normas sobre ayudas estatales, la pol\u00edtica monetaria y las inversiones p\u00fablicas.<span class=\"Apple-converted-space\"> <\/span><\/p>\n<p>Entre las cuestiones m\u00e1s controvertidas en t\u00e9rminos de contenido, est\u00e1 <b>la cuesti\u00f3n de la generaci\u00f3n de electricidad a partir de gas natural y fuentes nucleares<\/b>, si contribuyen a la adaptaci\u00f3n o mitigaci\u00f3n del cambio clim\u00e1tico, y en qu\u00e9 medida. M\u00e1s all\u00e1 de la dimensi\u00f3n t\u00e9cnica o financiera de estos puntos, se trata ante todo de una cuesti\u00f3n muy sensible, desde el punto de vista pol\u00edtico, que divide notablemente a los Estados miembros de la UE. La DG FISMA ha indicado que abordar\u00e1 esta cuesti\u00f3n en un acto delegado separado que se desarrollar\u00e1 despu\u00e9s del verano de 2021. El enfoque, el contenido y el calendario de este acto delegado no est\u00e1n del todo claros por el momento.<\/p>\n<h5><b>La participaci\u00f3n de las partes interesadas: una necesidad absoluta para generar aceptaci\u00f3n<\/b><\/h5>\n<p>Para que la taxonom\u00eda sea un mecanismo aceptado p\u00fablicamente y viable, y sea la verdadera columna vertebral del Green Deal de la UE, debe garantizarse la aceptaci\u00f3n y el apoyo de los sectores industriales y de los operadores del mercado financiero. Esta aceptaci\u00f3n se pretende instrumentalizar a trav\u00e9s de la <b>Plataforma de Financiaci\u00f3n Sostenible<\/b> (Platform on Sustainable Finance). Compuesta por expertos financieros, partes interesadas del sector y representantes de ONG, la Plataforma participa en la preparaci\u00f3n de los actos delegados. Sin embargo, existe la sensaci\u00f3n generalizada de que las partes interesadas de los distintos sectores industriales no han participado lo suficiente ni han sido escuchadas.<span class=\"Apple-converted-space\"> <\/span><\/p>\n<p>Dada la importancia del sistema y sus trascendentales consecuencias para la econom\u00eda de la UE, es crucial acertar con la gobernanza, y la participaci\u00f3n de los agentes econ\u00f3micos es una parte fundamental de la misma. <b>La taxonom\u00eda podr\u00eda convertirse en el tema m\u00e1s impactante para los agentes econ\u00f3micos a la hora de concretar el Green Deal de la UE<\/b>. Por lo tanto, ahora es el momento de comprometerse y participar en el debate para dar forma a una taxonom\u00eda que sea una herramienta de apoyo, y no un obst\u00e1culo, para lograr las ambiciones del Green Deal en la pr\u00e1ctica.<span class=\"Apple-converted-space\"> <\/span><\/p>\n\t\t\t\t\t\t\t\t<\/div>\n\t\t\t\t<\/div>\n\t\t\t\t\t\t<\/div>\r\n\t\t\t\t<\/div>\r\n\t\t\t\t\t\t\t\t<\/div>\r\n\t\t\t<\/section>\r\n\t\t\t\t\t<section class=\" elementor-section elementor-top-section elementor-element elementor-element-64980d2a elementor-section-boxed elementor-section-height-default elementor-section-height-default\" data-id=\"64980d2a\" data-element_type=\"section\" data-e-type=\"section\">\r\n\t\t\t\t\t\t\t\t<div class=\"elementor-container elementor-column-gap-default\">\r\n\t\t\t\t\r\n\t\t\t\t\t\t\t\t<div class=\" elementor-column elementor-col-100 elementor-top-column elementor-element elementor-element-6f1e5dcb \" data-id=\"6f1e5dcb\" data-element_type=\"column\" data-e-type=\"column\">\r\n\r\n\t\t\t\t\r\n\t\t\t\t<div class=\"elementor-widget-wrap elementor-element-populated\">\r\n\t\t\t\t\t\t\t\t\t\t\r\n\t\t\t\t\t\t<div class=\"elementor-element elementor-element-d6a7143 elementor-widget elementor-widget-spacer\" data-id=\"d6a7143\" data-element_type=\"widget\" data-e-type=\"widget\" data-widget_type=\"spacer.default\">\n\t\t\t\t<div class=\"elementor-widget-container\">\n\t\t\t\t\t\t\t<div class=\"elementor-spacer\">\n\t\t\t<div class=\"elementor-spacer-inner\"><\/div>\n\t\t<\/div>\n\t\t\t\t\t\t<\/div>\n\t\t\t\t<\/div>\n\t\t\t\t<div class=\"elementor-element elementor-element-1047f26d elementor-widget elementor-widget-heading\" data-id=\"1047f26d\" data-element_type=\"widget\" data-e-type=\"widget\" data-widget_type=\"heading.default\">\n\t\t\t\t<div class=\"elementor-widget-container\">\n\t\t\t\t\t<h3 class=\"elementor-heading-title elementor-size-default\">Autores<\/h3>\t\t\t\t<\/div>\n\t\t\t\t<\/div>\n\t\t\t\t\t\t<\/div>\r\n\t\t\t\t<\/div>\r\n\t\t\t\t\t\t\t\t<\/div>\r\n\t\t\t<\/section>\r\n\t\t\t\t\t<section class=\" elementor-section elementor-top-section elementor-element elementor-element-5f28d6a3 elementor-section-boxed elementor-section-height-default elementor-section-height-default\" data-id=\"5f28d6a3\" data-element_type=\"section\" data-e-type=\"section\">\r\n\t\t\t\t\t\t\t\t<div class=\"elementor-container elementor-column-gap-default\">\r\n\t\t\t\t\r\n\t\t\t\t\t\t\t\t<div class=\" elementor-column elementor-col-50 elementor-top-column elementor-element elementor-element-6b4aa75b \" data-id=\"6b4aa75b\" data-element_type=\"column\" data-e-type=\"column\">\r\n\r\n\t\t\t\t\r\n\t\t\t\t<div class=\"elementor-widget-wrap elementor-element-populated\">\r\n\t\t\t\t\t\t\t\t\t\t\r\n\t\t\t\t\t\t<div class=\"elementor-element elementor-element-1b6eb9cb elementor-widget elementor-widget-image\" data-id=\"1b6eb9cb\" data-element_type=\"widget\" data-e-type=\"widget\" data-widget_type=\"image.default\">\n\t\t\t\t<div class=\"elementor-widget-container\">\n\t\t\t\t\t\t\t\t\t\t\t\t\t\t\t<img fetchpriority=\"high\" decoding=\"async\" width=\"1024\" height=\"768\" src=\"https:\/\/sff-camara.com\/wp-content\/uploads\/2023\/01\/VM-Photo-1024x768.jpg\" class=\"attachment-large size-large wp-image-5589\" alt=\"\" srcset=\"https:\/\/sff-camara.com\/wp-content\/uploads\/2023\/01\/VM-Photo-1024x768.jpg 1024w, https:\/\/sff-camara.com\/wp-content\/uploads\/2023\/01\/VM-Photo-768x576.jpg 768w\" sizes=\"(max-width: 1024px) 100vw, 1024px\" \/>\t\t\t\t\t\t\t\t\t\t\t\t\t\t\t<\/div>\n\t\t\t\t<\/div>\n\t\t\t\t<div class=\"elementor-element elementor-element-0b4f796 elementor-widget elementor-widget-spacer\" data-id=\"0b4f796\" data-element_type=\"widget\" data-e-type=\"widget\" data-widget_type=\"spacer.default\">\n\t\t\t\t<div class=\"elementor-widget-container\">\n\t\t\t\t\t\t\t<div class=\"elementor-spacer\">\n\t\t\t<div class=\"elementor-spacer-inner\"><\/div>\n\t\t<\/div>\n\t\t\t\t\t\t<\/div>\n\t\t\t\t<\/div>\n\t\t\t\t<div class=\"elementor-element elementor-element-70f67a1 elementor-widget elementor-widget-heading\" data-id=\"70f67a1\" data-element_type=\"widget\" data-e-type=\"widget\" data-widget_type=\"heading.default\">\n\t\t\t\t<div class=\"elementor-widget-container\">\n\t\t\t\t\t<h4 class=\"elementor-heading-title elementor-size-default\">Vicky Marissen<\/h4>\t\t\t\t<\/div>\n\t\t\t\t<\/div>\n\t\t\t\t<div class=\"elementor-element elementor-element-bb89d05 elementor-widget elementor-widget-spacer\" data-id=\"bb89d05\" data-element_type=\"widget\" data-e-type=\"widget\" data-widget_type=\"spacer.default\">\n\t\t\t\t<div class=\"elementor-widget-container\">\n\t\t\t\t\t\t\t<div class=\"elementor-spacer\">\n\t\t\t<div class=\"elementor-spacer-inner\"><\/div>\n\t\t<\/div>\n\t\t\t\t\t\t<\/div>\n\t\t\t\t<\/div>\n\t\t\t\t<div class=\"elementor-element elementor-element-4e9fb00 elementor-widget elementor-widget-heading\" data-id=\"4e9fb00\" data-element_type=\"widget\" data-e-type=\"widget\" data-widget_type=\"heading.default\">\n\t\t\t\t<div class=\"elementor-widget-container\">\n\t\t\t\t\t<h6 class=\"elementor-heading-title elementor-size-default\">Partner en EPPA<\/h6>\t\t\t\t<\/div>\n\t\t\t\t<\/div>\n\t\t\t\t\t\t<\/div>\r\n\t\t\t\t<\/div>\r\n\t\t\t\t\t\t\t\t\t<div class=\" elementor-column elementor-col-50 elementor-top-column elementor-element elementor-element-75e34144 elementor-hidden-mobile \" data-id=\"75e34144\" data-element_type=\"column\" data-e-type=\"column\">\r\n\r\n\t\t\t\t\r\n\t\t\t\t<div class=\"elementor-widget-wrap elementor-element-populated\">\r\n\t\t\t\t\t\t\t\t\t\t\r\n\t\t\t\t\t\t<div class=\"elementor-element elementor-element-686ee223 elementor-widget elementor-widget-spacer\" data-id=\"686ee223\" data-element_type=\"widget\" data-e-type=\"widget\" data-widget_type=\"spacer.default\">\n\t\t\t\t<div class=\"elementor-widget-container\">\n\t\t\t\t\t\t\t<div class=\"elementor-spacer\">\n\t\t\t<div class=\"elementor-spacer-inner\"><\/div>\n\t\t<\/div>\n\t\t\t\t\t\t<\/div>\n\t\t\t\t<\/div>\n\t\t\t\t\t\t<\/div>\r\n\t\t\t\t<\/div>\r\n\t\t\t\t\t\t\t\t<\/div>\r\n\t\t\t<\/section>\r\n\t\t\t\t\t<section class=\" elementor-section elementor-top-section elementor-element elementor-element-62f7d87a elementor-section-boxed elementor-section-height-default elementor-section-height-default\" data-id=\"62f7d87a\" data-element_type=\"section\" data-e-type=\"section\">\r\n\t\t\t\t\t\t\t\t<div class=\"elementor-container elementor-column-gap-default\">\r\n\t\t\t\t\r\n\t\t\t\t\t\t\t\t<div class=\" elementor-column elementor-col-100 elementor-top-column elementor-element elementor-element-47054504 \" data-id=\"47054504\" data-element_type=\"column\" data-e-type=\"column\">\r\n\r\n\t\t\t\t\r\n\t\t\t\t<div class=\"elementor-widget-wrap elementor-element-populated\">\r\n\t\t\t\t\t\t\t\t\t\t\r\n\t\t\t\t\t\t<div class=\"elementor-element elementor-element-51150160 elementor-widget elementor-widget-spacer\" data-id=\"51150160\" data-element_type=\"widget\" data-e-type=\"widget\" data-widget_type=\"spacer.default\">\n\t\t\t\t<div class=\"elementor-widget-container\">\n\t\t\t\t\t\t\t<div class=\"elementor-spacer\">\n\t\t\t<div class=\"elementor-spacer-inner\"><\/div>\n\t\t<\/div>\n\t\t\t\t\t\t<\/div>\n\t\t\t\t<\/div>\n\t\t\t\t<div class=\"elementor-element elementor-element-4b7c7c52 elementor-widget elementor-widget-shortcode\" data-id=\"4b7c7c52\" data-element_type=\"widget\" data-e-type=\"widget\" data-widget_type=\"shortcode.default\">\n\t\t\t\t<div class=\"elementor-widget-container\">\n\t\t\t\t\t\t\t<div class=\"elementor-shortcode\"><div class=\"sharethis-inline-share-buttons\"><\/div><\/div>\n\t\t\t\t\t\t<\/div>\n\t\t\t\t<\/div>\n\t\t\t\t<div class=\"elementor-element elementor-element-1bd0a1e1 elementor-widget elementor-widget-spacer\" data-id=\"1bd0a1e1\" data-element_type=\"widget\" data-e-type=\"widget\" data-widget_type=\"spacer.default\">\n\t\t\t\t<div class=\"elementor-widget-container\">\n\t\t\t\t\t\t\t<div class=\"elementor-spacer\">\n\t\t\t<div class=\"elementor-spacer-inner\"><\/div>\n\t\t<\/div>\n\t\t\t\t\t\t<\/div>\n\t\t\t\t<\/div>\n\t\t\t\t<div class=\"elementor-element elementor-element-76fcad91 elementor-widget-divider--view-line elementor-widget elementor-widget-divider\" data-id=\"76fcad91\" data-element_type=\"widget\" data-e-type=\"widget\" data-widget_type=\"divider.default\">\n\t\t\t\t<div class=\"elementor-widget-container\">\n\t\t\t\t\t\t\t<div class=\"elementor-divider\">\n\t\t\t<span class=\"elementor-divider-separator\">\n\t\t\t\t\t\t<\/span>\n\t\t<\/div>\n\t\t\t\t\t\t<\/div>\n\t\t\t\t<\/div>\n\t\t\t\t<section class=\" elementor-section elementor-inner-section elementor-element elementor-element-789e0de9 elementor-section-boxed elementor-section-height-default elementor-section-height-default\" data-id=\"789e0de9\" data-element_type=\"section\" data-e-type=\"section\">\r\n\t\t\t\t\t\t\t\t<div class=\"elementor-container elementor-column-gap-default\">\r\n\t\t\t\t\r\n\t\t\t\t\t\t\t\t<div class=\" elementor-column elementor-col-50 elementor-inner-column elementor-element elementor-element-73ea8abe \" data-id=\"73ea8abe\" data-element_type=\"column\" data-e-type=\"column\">\r\n\r\n\t\t\t\t\r\n\t\t\t\t<div class=\"elementor-widget-wrap elementor-element-populated\">\r\n\t\t\t\t\t\t\t\t\t\t\r\n\t\t\t\t\t\t<div class=\"elementor-element elementor-element-4eae641b elementor-widget elementor-widget-wp-widget-tag_cloud\" data-id=\"4eae641b\" data-element_type=\"widget\" data-e-type=\"widget\" data-widget_type=\"wp-widget-tag_cloud.default\">\n\t\t\t\t<div class=\"elementor-widget-container\">\n\t\t\t\t\t<div class=\"widget widget_tag_cloud widget-collapsible\"><h3 class=\"widget-title\">Buscar publicaciones por tem\u00e1ticas<\/h3><div class=\"tagcloud\"><a href=\"https:\/\/sff-camara.com\/es\/temticas\/activos-digitales\/\" class=\"tag-cloud-link tag-link-302 tag-link-position-1\" style=\"font-size: 11.559322033898pt;\" aria-label=\"Activos Digitales (3 elementos)\">Activos Digitales<span class=\"tag-link-count\"> (3)<\/span><\/a>\n<a href=\"https:\/\/sff-camara.com\/es\/temticas\/alternative-investment-es\/\" class=\"tag-cloud-link tag-link-291 tag-link-position-2\" style=\"font-size: 21.050847457627pt;\" aria-label=\"Alternative Investment (24 elementos)\">Alternative Investment<span class=\"tag-link-count\"> (24)<\/span><\/a>\n<a href=\"https:\/\/sff-camara.com\/es\/temticas\/aml-es\/\" class=\"tag-cloud-link tag-link-266 tag-link-position-3\" style=\"font-size: 8pt;\" aria-label=\"AML (1 elemento)\">AML<span class=\"tag-link-count\"> (1)<\/span><\/a>\n<a href=\"https:\/\/sff-camara.com\/es\/temticas\/arte\/\" class=\"tag-cloud-link tag-link-247 tag-link-position-4\" style=\"font-size: 8pt;\" aria-label=\"Arte (1 elemento)\">Arte<span class=\"tag-link-count\"> (1)<\/span><\/a>\n<a href=\"https:\/\/sff-camara.com\/es\/temticas\/asesoramiento\/\" class=\"tag-cloud-link tag-link-211 tag-link-position-5\" style=\"font-size: 15.118644067797pt;\" aria-label=\"Asesoramiento (7 elementos)\">Asesoramiento<span class=\"tag-link-count\"> (7)<\/span><\/a>\n<a href=\"https:\/\/sff-camara.com\/es\/temticas\/asset-management-es\/\" class=\"tag-cloud-link tag-link-213 tag-link-position-6\" style=\"font-size: 22pt;\" aria-label=\"Asset Management (29 elementos)\">Asset Management<span class=\"tag-link-count\"> (29)<\/span><\/a>\n<a href=\"https:\/\/sff-camara.com\/es\/temticas\/banca-digital\/\" class=\"tag-cloud-link tag-link-164 tag-link-position-7\" style=\"font-size: 15.118644067797pt;\" aria-label=\"Banca Digital (7 elementos)\">Banca Digital<span class=\"tag-link-count\"> (7)<\/span><\/a>\n<a href=\"https:\/\/sff-camara.com\/es\/temticas\/banking-es\/\" class=\"tag-cloud-link tag-link-161 tag-link-position-8\" style=\"font-size: 19.389830508475pt;\" aria-label=\"Banking (17 elementos)\">Banking<span class=\"tag-link-count\"> (17)<\/span><\/a>\n<a href=\"https:\/\/sff-camara.com\/es\/temticas\/capital-riesgo\/\" class=\"tag-cloud-link tag-link-170 tag-link-position-9\" style=\"font-size: 12.745762711864pt;\" aria-label=\"Capital Riesgo (4 elementos)\">Capital Riesgo<span class=\"tag-link-count\"> (4)<\/span><\/a>\n<a href=\"https:\/\/sff-camara.com\/es\/temticas\/compliance-es\/\" class=\"tag-cloud-link tag-link-264 tag-link-position-10\" style=\"font-size: 8pt;\" aria-label=\"Compliance (1 elemento)\">Compliance<span class=\"tag-link-count\"> (1)<\/span><\/a>\n<a href=\"https:\/\/sff-camara.com\/es\/temticas\/consejero-independiente\/\" class=\"tag-cloud-link tag-link-290 tag-link-position-11\" style=\"font-size: 14.525423728814pt;\" aria-label=\"Consejero Independiente (6 elementos)\">Consejero Independiente<span class=\"tag-link-count\"> (6)<\/span><\/a>\n<a href=\"https:\/\/sff-camara.com\/es\/temticas\/criptoactivos\/\" class=\"tag-cloud-link tag-link-175 tag-link-position-12\" style=\"font-size: 11.559322033898pt;\" aria-label=\"Criptoactivos (3 elementos)\">Criptoactivos<span class=\"tag-link-count\"> (3)<\/span><\/a>\n<a href=\"https:\/\/sff-camara.com\/es\/temticas\/distribucion-de-fondos\/\" class=\"tag-cloud-link tag-link-173 tag-link-position-13\" style=\"font-size: 20.576271186441pt;\" aria-label=\"Distribuci\u00f3n de fondos (22 elementos)\">Distribuci\u00f3n de fondos<span class=\"tag-link-count\"> (22)<\/span><\/a>\n<a href=\"https:\/\/sff-camara.com\/es\/temticas\/diversidad\/\" class=\"tag-cloud-link tag-link-278 tag-link-position-14\" style=\"font-size: 15.71186440678pt;\" aria-label=\"Diversidad (8 elementos)\">Diversidad<span class=\"tag-link-count\"> (8)<\/span><\/a>\n<a href=\"https:\/\/sff-camara.com\/es\/temticas\/empresas-familiares\/\" class=\"tag-cloud-link tag-link-269 tag-link-position-15\" style=\"font-size: 12.745762711864pt;\" aria-label=\"Empresas Familiares (4 elementos)\">Empresas Familiares<span class=\"tag-link-count\"> (4)<\/span><\/a>\n<a href=\"https:\/\/sff-camara.com\/es\/temticas\/family-offices-es\/\" class=\"tag-cloud-link tag-link-245 tag-link-position-16\" style=\"font-size: 10.135593220339pt;\" aria-label=\"Family Offices (2 elementos)\">Family Offices<span class=\"tag-link-count\"> (2)<\/span><\/a>\n<a href=\"https:\/\/sff-camara.com\/es\/temticas\/finanzas-sostenibles\/\" class=\"tag-cloud-link tag-link-160 tag-link-position-17\" style=\"font-size: 21.050847457627pt;\" aria-label=\"Finanzas Sostenibles (24 elementos)\">Finanzas Sostenibles<span class=\"tag-link-count\"> (24)<\/span><\/a>\n<a href=\"https:\/\/sff-camara.com\/es\/temticas\/fintech-es\/\" class=\"tag-cloud-link tag-link-163 tag-link-position-18\" style=\"font-size: 16.779661016949pt;\" aria-label=\"Fintech (10 elementos)\">Fintech<span class=\"tag-link-count\"> (10)<\/span><\/a>\n<a href=\"https:\/\/sff-camara.com\/es\/temticas\/gestion-patrimonial\/\" class=\"tag-cloud-link tag-link-176 tag-link-position-19\" style=\"font-size: 17.610169491525pt;\" aria-label=\"Gesti\u00f3n Patrimonial (12 elementos)\">Gesti\u00f3n Patrimonial<span class=\"tag-link-count\"> (12)<\/span><\/a>\n<a href=\"https:\/\/sff-camara.com\/es\/temticas\/gobernanza\/\" class=\"tag-cloud-link tag-link-249 tag-link-position-20\" style=\"font-size: 16.305084745763pt;\" aria-label=\"Gobernanza (9 elementos)\">Gobernanza<span class=\"tag-link-count\"> (9)<\/span><\/a>\n<a href=\"https:\/\/sff-camara.com\/es\/temticas\/hr\/\" class=\"tag-cloud-link tag-link-304 tag-link-position-21\" style=\"font-size: 8pt;\" aria-label=\"HR (1 elemento)\">HR<span class=\"tag-link-count\"> (1)<\/span><\/a>\n<a href=\"https:\/\/sff-camara.com\/es\/temticas\/internacionalizacion\/\" class=\"tag-cloud-link tag-link-280 tag-link-position-22\" style=\"font-size: 8pt;\" aria-label=\"Internacionalizaci\u00f3n (1 elemento)\">Internacionalizaci\u00f3n<span class=\"tag-link-count\"> (1)<\/span><\/a>\n<a href=\"https:\/\/sff-camara.com\/es\/temticas\/inversiones-alternativas\/\" class=\"tag-cloud-link tag-link-297 tag-link-position-23\" style=\"font-size: 11.559322033898pt;\" aria-label=\"Inversiones Alternativas (3 elementos)\">Inversiones Alternativas<span class=\"tag-link-count\"> (3)<\/span><\/a>\n<a href=\"https:\/\/sff-camara.com\/es\/temticas\/latam-es\/\" class=\"tag-cloud-link tag-link-167 tag-link-position-24\" style=\"font-size: 16.305084745763pt;\" aria-label=\"LATAM (9 elementos)\">LATAM<span class=\"tag-link-count\"> (9)<\/span><\/a>\n<a href=\"https:\/\/sff-camara.com\/es\/temticas\/legal-es\/\" class=\"tag-cloud-link tag-link-233 tag-link-position-25\" style=\"font-size: 16.779661016949pt;\" aria-label=\"Legal (10 elementos)\">Legal<span class=\"tag-link-count\"> (10)<\/span><\/a>\n<a href=\"https:\/\/sff-camara.com\/es\/temticas\/mercado-de-capitales\/\" class=\"tag-cloud-link tag-link-309 tag-link-position-26\" style=\"font-size: 8pt;\" aria-label=\"Mercado de Capitales (1 elemento)\">Mercado de Capitales<span class=\"tag-link-count\"> (1)<\/span><\/a>\n<a href=\"https:\/\/sff-camara.com\/es\/temticas\/precios-de-transferencia\/\" class=\"tag-cloud-link tag-link-271 tag-link-position-27\" style=\"font-size: 10.135593220339pt;\" aria-label=\"Precios de Transferencia (2 elementos)\">Precios de Transferencia<span class=\"tag-link-count\"> (2)<\/span><\/a>\n<a href=\"https:\/\/sff-camara.com\/es\/temticas\/real-estate\/\" class=\"tag-cloud-link tag-link-338 tag-link-position-28\" style=\"font-size: 10.135593220339pt;\" aria-label=\"Real Estate (2 elementos)\">Real Estate<span class=\"tag-link-count\"> (2)<\/span><\/a>\n<a href=\"https:\/\/sff-camara.com\/es\/temticas\/reaseguro\/\" class=\"tag-cloud-link tag-link-172 tag-link-position-29\" style=\"font-size: 10.135593220339pt;\" aria-label=\"Reaseguro (2 elementos)\">Reaseguro<span class=\"tag-link-count\"> (2)<\/span><\/a>\n<a href=\"https:\/\/sff-camara.com\/es\/tag\/rrhh\/\" class=\"tag-cloud-link tag-link-178 tag-link-position-30\" style=\"font-size: 16.305084745763pt;\" aria-label=\"RRHH (9 elementos)\">RRHH<span class=\"tag-link-count\"> (9)<\/span><\/a>\n<a href=\"https:\/\/sff-camara.com\/es\/temticas\/seguros\/\" class=\"tag-cloud-link tag-link-180 tag-link-position-31\" style=\"font-size: 10.135593220339pt;\" aria-label=\"Seguros (2 elementos)\">Seguros<span class=\"tag-link-count\"> (2)<\/span><\/a>\n<a href=\"https:\/\/sff-camara.com\/es\/temticas\/seguros-de-vida-unit-linked\/\" class=\"tag-cloud-link tag-link-169 tag-link-position-32\" style=\"font-size: 13.694915254237pt;\" aria-label=\"Seguros de vida Unit-linked (5 elementos)\">Seguros de vida Unit-linked<span class=\"tag-link-count\"> (5)<\/span><\/a>\n<a href=\"https:\/\/sff-camara.com\/es\/temticas\/tax-es\/\" class=\"tag-cloud-link tag-link-162 tag-link-position-33\" style=\"font-size: 19.033898305085pt;\" aria-label=\"Tax (16 elementos)\">Tax<span class=\"tag-link-count\"> (16)<\/span><\/a>\n<a href=\"https:\/\/sff-camara.com\/es\/temticas\/tecnologia\/\" class=\"tag-cloud-link tag-link-231 tag-link-position-34\" style=\"font-size: 14.525423728814pt;\" aria-label=\"Tecnolog\u00eda (6 elementos)\">Tecnolog\u00eda<span class=\"tag-link-count\"> (6)<\/span><\/a>\n<a href=\"https:\/\/sff-camara.com\/es\/temticas\/tendencias\/\" class=\"tag-cloud-link tag-link-223 tag-link-position-35\" style=\"font-size: 20.101694915254pt;\" aria-label=\"Tendencias (20 elementos)\">Tendencias<span class=\"tag-link-count\"> (20)<\/span><\/a>\n<a href=\"https:\/\/sff-camara.com\/es\/temticas\/tic\/\" class=\"tag-cloud-link tag-link-267 tag-link-position-36\" style=\"font-size: 8pt;\" aria-label=\"TIC (1 elemento)\">TIC<span class=\"tag-link-count\"> (1)<\/span><\/a>\n<a href=\"https:\/\/sff-camara.com\/es\/temticas\/ue\/\" class=\"tag-cloud-link tag-link-222 tag-link-position-37\" style=\"font-size: 14.525423728814pt;\" aria-label=\"UE (6 elementos)\">UE<span class=\"tag-link-count\"> (6)<\/span><\/a><\/div>\n<\/div>\t\t\t\t<\/div>\n\t\t\t\t<\/div>\n\t\t\t\t\t\t<\/div>\r\n\t\t\t\t<\/div>\r\n\t\t\t\t\t\t\t\t\t<div class=\" elementor-column elementor-col-50 elementor-inner-column elementor-element elementor-element-3dd05cbb \" data-id=\"3dd05cbb\" data-element_type=\"column\" data-e-type=\"column\">\r\n\r\n\t\t\t\t\r\n\t\t\t\t<div class=\"elementor-widget-wrap elementor-element-populated\">\r\n\t\t\t\t\t\t\t\t\t\t\r\n\t\t\t\t\t\t<div class=\"elementor-element elementor-element-2455f449 elementor-widget elementor-widget-sidebar\" data-id=\"2455f449\" data-element_type=\"widget\" data-e-type=\"widget\" data-widget_type=\"sidebar.default\">\n\t\t\t\t<div class=\"elementor-widget-container\">\n\t\t\t\t\t<nav id=\"categories-2\" class=\"widget widget_categories\"><h3 class=\"widget-title\">Buscar por ediciones del SFF Magazine<\/h3><form action=\"https:\/\/sff-camara.com\/es\/\" method=\"get\"><label class=\"screen-reader-text\" for=\"cat\">Buscar por ediciones del SFF Magazine<\/label><select  name='cat' aria-label='Categories to search' id='cat' class='postform'>\n\t<option value='-1'>Elegir la categor\u00eda<\/option>\n\t<option class=\"level-0\" value=\"124\">Noticias&nbsp;&nbsp;(44)<\/option>\n\t<option class=\"level-0\" value=\"159\">SFF Magazine Abril 2021&nbsp;&nbsp;(12)<\/option>\n\t<option class=\"level-0\" value=\"174\">SFF Magazine Abril 2022&nbsp;&nbsp;(8)<\/option>\n\t<option class=\"level-0\" value=\"239\">SFF Magazine Diciembre 2023&nbsp;&nbsp;(8)<\/option>\n\t<option class=\"level-0\" value=\"289\">SFF Magazine Diciembre 2024&nbsp;&nbsp;(12)<\/option>\n\t<option class=\"level-0\" value=\"307\">SFF Magazine Diciembre 2025&nbsp;&nbsp;(6)<\/option>\n\t<option class=\"level-0\" value=\"168\">SFF Magazine Julio 2021&nbsp;&nbsp;(13)<\/option>\n\t<option class=\"level-0\" value=\"177\">SFF Magazine Julio 2022&nbsp;&nbsp;(10)<\/option>\n\t<option class=\"level-0\" value=\"215\">SFF Magazine Junio 2023&nbsp;&nbsp;(7)<\/option>\n\t<option class=\"level-0\" value=\"273\">SFF Magazine Junio 2024&nbsp;&nbsp;(10)<\/option>\n\t<option class=\"level-0\" value=\"296\">SFF Magazine Junio 2025&nbsp;&nbsp;(11)<\/option>\n\t<option class=\"level-0\" value=\"205\">SFF Magazine Marzo 2023&nbsp;&nbsp;(9)<\/option>\n\t<option class=\"level-0\" value=\"257\">SFF Magazine Marzo 2024&nbsp;&nbsp;(13)<\/option>\n\t<option class=\"level-0\" value=\"293\">SFF Magazine Marzo 2025&nbsp;&nbsp;(10)<\/option>\n\t<option class=\"level-0\" value=\"336\">SFF Magazine Marzo 2026&nbsp;&nbsp;(13)<\/option>\n\t<option class=\"level-0\" value=\"171\">SFF Magazine Octubre 2021&nbsp;&nbsp;(11)<\/option>\n\t<option class=\"level-0\" value=\"165\">SFF Magazine Octubre 2022&nbsp;&nbsp;(10)<\/option>\n\t<option class=\"level-0\" value=\"230\">SFF Magazine Septiembre 2023&nbsp;&nbsp;(8)<\/option>\n\t<option class=\"level-0\" value=\"282\">SFF Magazine Septiembre 2024&nbsp;&nbsp;(9)<\/option>\n\t<option class=\"level-0\" value=\"299\">SFF Magazine Septiembre 2025&nbsp;&nbsp;(8)<\/option>\n\t<option class=\"level-0\" value=\"53\">Sin categorizar&nbsp;&nbsp;(8)<\/option>\n<\/select>\n<\/form><script>\n( ( dropdownId ) => {\n\tconst dropdown = document.getElementById( dropdownId );\n\tfunction onSelectChange() {\n\t\tsetTimeout( () => {\n\t\t\tif ( 'escape' === dropdown.dataset.lastkey ) {\n\t\t\t\treturn;\n\t\t\t}\n\t\t\tif ( dropdown.value && parseInt( dropdown.value ) > 0 && dropdown instanceof HTMLSelectElement ) {\n\t\t\t\tdropdown.parentElement.submit();\n\t\t\t}\n\t\t}, 250 );\n\t}\n\tfunction onKeyUp( event ) {\n\t\tif ( 'Escape' === event.key ) {\n\t\t\tdropdown.dataset.lastkey = 'escape';\n\t\t} else {\n\t\t\tdelete dropdown.dataset.lastkey;\n\t\t}\n\t}\n\tfunction onClick() {\n\t\tdelete dropdown.dataset.lastkey;\n\t}\n\tdropdown.addEventListener( 'keyup', onKeyUp );\n\tdropdown.addEventListener( 'click', onClick );\n\tdropdown.addEventListener( 'change', onSelectChange );\n})( \"cat\" );\n\n\/\/# sourceURL=WP_Widget_Categories%3A%3Awidget\n<\/script>\n<\/nav><nav id=\"search-3\" class=\"widget widget_search\"><h3 class=\"widget-title\">Buscar publicaciones<\/h3>\r\n\t<div class=\"search-wrapper  hs-start light-style\">\r\n\t\t\r\n\t\t\t\t<form action=\"https:\/\/sff-camara.com\/es\/\/\" method=\"get\" class=\"input-wrapper\">\r\n\t\t\t<input type=\"hidden\" name=\"post_type\" value=\"post\"\/>\r\n\r\n\t\t\t<input type=\"search\" aria-label=\"Search\" class=\"form-control\" name=\"s\" placeholder=\"\" required=\"\" autocomplete=\"off\">\r\n\r\n\t\t\t\r\n\t\t\t\r\n\t\t\t<button class=\"btn btn-search\" aria-label=\"Search Button\" type=\"submit\">\r\n\t\t\t\t<i class=\"a-icon-search\"><\/i>\r\n\t\t\t<\/button>\r\n\r\n\t\t\t\t\t<div class=\"hs-close\">\r\n\t\t\t\t<a href=\"#\" aria-label=\"Close\">\r\n\t\t\t\t\t<span class=\"close-wrap\">\r\n\t\t\t\t\t\t<span class=\"close-line close-line1\"><\/span>\r\n\t\t\t\t\t\t<span class=\"close-line close-line2\"><\/span>\r\n\t\t\t\t\t<\/span>\r\n\t\t\t\t<\/a>\r\n\t\t\t<\/div>\r\n\t\t\r\n\t\t<\/form>\r\n\t\t\t<\/div>\r\n\r\n\t\t<\/nav>\t\t\t\t<\/div>\n\t\t\t\t<\/div>\n\t\t\t\t\t\t<\/div>\r\n\t\t\t\t<\/div>\r\n\t\t\t\t\t\t\t\t<\/div>\r\n\t\t\t<\/section>\r\n\t\t\t\t\t<div class=\"elementor-element elementor-element-10acd30 elementor-widget-divider--view-line elementor-widget elementor-widget-divider\" data-id=\"10acd30\" data-element_type=\"widget\" data-e-type=\"widget\" data-widget_type=\"divider.default\">\n\t\t\t\t<div class=\"elementor-widget-container\">\n\t\t\t\t\t\t\t<div class=\"elementor-divider\">\n\t\t\t<span class=\"elementor-divider-separator\">\n\t\t\t\t\t\t<\/span>\n\t\t<\/div>\n\t\t\t\t\t\t<\/div>\n\t\t\t\t<\/div>\n\t\t\t\t<div class=\"elementor-element elementor-element-9eea0eb elementor-widget elementor-widget-spacer\" data-id=\"9eea0eb\" data-element_type=\"widget\" data-e-type=\"widget\" data-widget_type=\"spacer.default\">\n\t\t\t\t<div class=\"elementor-widget-container\">\n\t\t\t\t\t\t\t<div class=\"elementor-spacer\">\n\t\t\t<div class=\"elementor-spacer-inner\"><\/div>\n\t\t<\/div>\n\t\t\t\t\t\t<\/div>\n\t\t\t\t<\/div>\n\t\t\t\t<div class=\"elementor-element elementor-element-a76e1a elementor-widget elementor-widget-heading\" data-id=\"a76e1a\" data-element_type=\"widget\" data-e-type=\"widget\" data-widget_type=\"heading.default\">\n\t\t\t\t<div class=\"elementor-widget-container\">\n\t\t\t\t\t<h2 class=\"elementor-heading-title elementor-size-default\">Publicaciones relacionadas<\/h2>\t\t\t\t<\/div>\n\t\t\t\t<\/div>\n\t\t\t\t<div class=\"elementor-element elementor-element-5bec440a elementor-widget elementor-widget-text-editor\" data-id=\"5bec440a\" data-element_type=\"widget\" data-e-type=\"widget\" data-widget_type=\"text-editor.default\">\n\t\t\t\t<div class=\"elementor-widget-container\">\n\t\t\t\t\t\t\t\t\t<a href=\"https:\/\/sff-camara.com\/es\/categoria\/sff-magazine-julio-2021\/\" rel=\"tag\">SFF Magazine Julio 2021<\/a>\t\t\t\t\t\t\t\t<\/div>\n\t\t\t\t<\/div>\n\t\t\t\t<div class=\"elementor-element elementor-element-5c0c8fd4 elementor-widget elementor-widget-spacer\" data-id=\"5c0c8fd4\" data-element_type=\"widget\" data-e-type=\"widget\" data-widget_type=\"spacer.default\">\n\t\t\t\t<div class=\"elementor-widget-container\">\n\t\t\t\t\t\t\t<div class=\"elementor-spacer\">\n\t\t\t<div class=\"elementor-spacer-inner\"><\/div>\n\t\t<\/div>\n\t\t\t\t\t\t<\/div>\n\t\t\t\t<\/div>\n\t\t\t\t<div class=\"elementor-element elementor-element-3fcbd7f4 elementor-widget elementor-widget-udesign_widget_posts elementor-widget-theme-post-content\" data-id=\"3fcbd7f4\" data-element_type=\"widget\" data-e-type=\"widget\" data-widget_type=\"udesign_widget_posts.default\">\n\t\t\t\t<div class=\"elementor-widget-container\">\n\t\t\t\t\t<div class=\"posts  row cols-lg-3 cols-md-2 cols-sm-2 cols-1 cols-xl-3 slider-wrapper posts row cols-lg-3 cols-md-2 cols-sm-2 cols-1 cols-xl-3\" data-slider-options=\"{&quot;spaceBetween&quot;:30,&quot;loop&quot;:true,&quot;autoplay&quot;:{&quot;delay&quot;:5000,&quot;disableOnInteraction&quot;:false},&quot;effect&quot;:&quot;slide&quot;,&quot;slidesPerView&quot;:3,&quot;breakpoints&quot;:{&quot;2401&quot;:{&quot;slidesPerView&quot;:3},&quot;1440&quot;:{&quot;slidesPerView&quot;:3},&quot;1200&quot;:{&quot;slidesPerView&quot;:3},&quot;992&quot;:{&quot;slidesPerView&quot;:3},&quot;768&quot;:{&quot;slidesPerView&quot;:2},&quot;576&quot;:{&quot;slidesPerView&quot;:2},&quot;0&quot;:{&quot;slidesPerView&quot;:1}},&quot;statusClass&quot;:&quot;slider-dots-default&quot;}\" data-post-type=\"modern\">\r\n<div class=\"post-wrap \" data-post-image=\"alpha-post-medium\">\r\n\r\n\t\r\n\t<article class=\"post-8030 post type-post status-publish format-standard has-post-thumbnail hentry category-sff-magazine-julio-2021 post overlay-zoom overlay-dark  post-modern\">\r\n\t\t\t\t\t<figure class=\"post-media\">\r\n\t\t\t\t\t\t\t\t<a href=\"https:\/\/sff-camara.com\/es\/sff-magazine-julio-2021\/editorial-de-juan-rodriguez-villa-matons-past-president-de-la-camara\/\" aria-label=\"Post Media\">\r\n\t\t\t\t\t<img decoding=\"async\" width=\"600\" height=\"420\" src=\"https:\/\/sff-camara.com\/wp-content\/uploads\/2021\/04\/Editorial-image-600x420.jpg\" class=\"attachment-alpha-post-medium size-alpha-post-medium wp-post-image\" alt=\"\" srcset=\"https:\/\/sff-camara.com\/wp-content\/uploads\/2021\/04\/Editorial-image-600x420.jpg 600w, https:\/\/sff-camara.com\/wp-content\/uploads\/2021\/04\/Editorial-image-400x280.jpg 400w, https:\/\/sff-camara.com\/wp-content\/uploads\/2021\/04\/Editorial-image-570x400.jpg 570w\" sizes=\"(max-width: 600px) 100vw, 600px\" \/>\t\t\t\t<\/a>\r\n\t\t\t<\/figure>\r\n\t\t\t<div class=\"post-details\">\r\n\t<div class=\"post-meta\">\r\n\t<a class=\"post-date\" href=\"https:\/\/sff-camara.com\/es\/2021\/07\/07\/\">julio 7, 2021<\/a>\r\n\r\n\t<\/div>\r\n<h3 class=\"post-title\">\r\n\t<a href=\"https:\/\/sff-camara.com\/es\/sff-magazine-julio-2021\/editorial-de-juan-rodriguez-villa-matons-past-president-de-la-camara\/\">\r\n\t\tEditorial de Juan Rodr\u00edguez-Villa Matons, Past President de la C\u00e1mara\t<\/a>\r\n<\/h3>\r\n<a href=\"https:\/\/sff-camara.com\/es\/sff-magazine-julio-2021\/editorial-de-juan-rodriguez-villa-matons-past-president-de-la-camara\/\" class=\"btn btn-link btn-underline btn-primary\">Leer m\u00e1s <i class=\"a-icon-long-arrow-right\"><\/i><\/a><\/div>\r\n\t<\/article>\r\n\r\n\t\r\n<\/div>\r\n\r\n\r\n<div class=\"post-wrap \" data-post-image=\"alpha-post-medium\">\r\n\r\n\t\r\n\t<article class=\"post-8034 post type-post status-publish format-standard has-post-thumbnail hentry category-sff-magazine-julio-2021 tag-finanzas-sostenibles post overlay-zoom overlay-dark  post-modern\">\r\n\t\t\t\t\t<figure class=\"post-media\">\r\n\t\t\t\t\t\t\t\t<a href=\"https:\/\/sff-camara.com\/es\/sff-magazine-julio-2021\/taxonomia-como-una-herramienta-del-mercado-financiero-se-convierte-en-la-columna-vertebral-del-green-deal-de-la-ue\/\" aria-label=\"Post Media\">\r\n\t\t\t\t\t<img decoding=\"async\" width=\"600\" height=\"420\" src=\"https:\/\/sff-camara.com\/wp-content\/uploads\/2021\/07\/johannes-plenio-UO4KcQL7vbE-unsplash-600x420.jpg\" class=\"attachment-alpha-post-medium size-alpha-post-medium wp-post-image\" alt=\"\" srcset=\"https:\/\/sff-camara.com\/wp-content\/uploads\/2021\/07\/johannes-plenio-UO4KcQL7vbE-unsplash-600x420.jpg 600w, https:\/\/sff-camara.com\/wp-content\/uploads\/2021\/07\/johannes-plenio-UO4KcQL7vbE-unsplash-400x280.jpg 400w, https:\/\/sff-camara.com\/wp-content\/uploads\/2021\/07\/johannes-plenio-UO4KcQL7vbE-unsplash-570x400.jpg 570w\" sizes=\"(max-width: 600px) 100vw, 600px\" \/>\t\t\t\t<\/a>\r\n\t\t\t<\/figure>\r\n\t\t\t<div class=\"post-details\">\r\n\t<div class=\"post-meta\">\r\n\t<a class=\"post-date\" href=\"https:\/\/sff-camara.com\/es\/2021\/07\/07\/\">julio 7, 2021<\/a>\r\n\r\n\t<\/div>\r\n<h3 class=\"post-title\">\r\n\t<a href=\"https:\/\/sff-camara.com\/es\/sff-magazine-julio-2021\/taxonomia-como-una-herramienta-del-mercado-financiero-se-convierte-en-la-columna-vertebral-del-green-deal-de-la-ue\/\">\r\n\t\tTaxonom\u00eda: C\u00f3mo una herramienta del mercado financiero se convierte en la columna vertebral del Green Deal de la UE\t<\/a>\r\n<\/h3>\r\n<a href=\"https:\/\/sff-camara.com\/es\/sff-magazine-julio-2021\/taxonomia-como-una-herramienta-del-mercado-financiero-se-convierte-en-la-columna-vertebral-del-green-deal-de-la-ue\/\" class=\"btn btn-link btn-underline btn-primary\">Leer m\u00e1s <i class=\"a-icon-long-arrow-right\"><\/i><\/a><\/div>\r\n\t<\/article>\r\n\r\n\t\r\n<\/div>\r\n\r\n\r\n<div class=\"post-wrap \" data-post-image=\"alpha-post-medium\">\r\n\r\n\t\r\n\t<article class=\"post-8036 post type-post status-publish format-standard has-post-thumbnail hentry category-sff-magazine-julio-2021 tag-fintech-es post overlay-zoom overlay-dark  post-modern\">\r\n\t\t\t\t\t<figure class=\"post-media\">\r\n\t\t\t\t\t\t\t\t<a href=\"https:\/\/sff-camara.com\/es\/sff-magazine-julio-2021\/dossier-fintech-y-digitalizacion-del-sector-financiero\/\" aria-label=\"Post Media\">\r\n\t\t\t\t\t<img loading=\"lazy\" decoding=\"async\" width=\"600\" height=\"420\" src=\"https:\/\/sff-camara.com\/wp-content\/uploads\/2023\/01\/COMP-Fintech-600x420.jpeg\" class=\"attachment-alpha-post-medium size-alpha-post-medium wp-post-image\" alt=\"\" srcset=\"https:\/\/sff-camara.com\/wp-content\/uploads\/2023\/01\/COMP-Fintech-600x420.jpeg 600w, https:\/\/sff-camara.com\/wp-content\/uploads\/2023\/01\/COMP-Fintech-400x280.jpeg 400w, https:\/\/sff-camara.com\/wp-content\/uploads\/2023\/01\/COMP-Fintech-570x400.jpeg 570w\" sizes=\"(max-width: 600px) 100vw, 600px\" \/>\t\t\t\t<\/a>\r\n\t\t\t<\/figure>\r\n\t\t\t<div class=\"post-details\">\r\n\t<div class=\"post-meta\">\r\n\t<a class=\"post-date\" href=\"https:\/\/sff-camara.com\/es\/2021\/07\/07\/\">julio 7, 2021<\/a>\r\n\r\n\t<\/div>\r\n<h3 class=\"post-title\">\r\n\t<a href=\"https:\/\/sff-camara.com\/es\/sff-magazine-julio-2021\/dossier-fintech-y-digitalizacion-del-sector-financiero\/\">\r\n\t\tDOSSIER Fintech y digitalizaci\u00f3n del sector financiero\t<\/a>\r\n<\/h3>\r\n<a href=\"https:\/\/sff-camara.com\/es\/sff-magazine-julio-2021\/dossier-fintech-y-digitalizacion-del-sector-financiero\/\" class=\"btn btn-link btn-underline btn-primary\">Leer m\u00e1s <i class=\"a-icon-long-arrow-right\"><\/i><\/a><\/div>\r\n\t<\/article>\r\n\r\n\t\r\n<\/div>\r\n\r\n\r\n<div class=\"post-wrap \" data-post-image=\"alpha-post-medium\">\r\n\r\n\t\r\n\t<article class=\"post-8038 post type-post status-publish format-standard has-post-thumbnail hentry category-sff-magazine-julio-2021 tag-fintech-es post overlay-zoom overlay-dark  post-modern\">\r\n\t\t\t\t\t<figure class=\"post-media\">\r\n\t\t\t\t\t\t\t\t<a href=\"https:\/\/sff-camara.com\/es\/sff-magazine-julio-2021\/el-ecosistema-fintech-en-espana\/\" aria-label=\"Post Media\">\r\n\t\t\t\t\t<img loading=\"lazy\" decoding=\"async\" width=\"600\" height=\"420\" src=\"https:\/\/sff-camara.com\/wp-content\/uploads\/2023\/01\/10-Fintech-600x420.jpeg\" class=\"attachment-alpha-post-medium size-alpha-post-medium wp-post-image\" alt=\"\" srcset=\"https:\/\/sff-camara.com\/wp-content\/uploads\/2023\/01\/10-Fintech-600x420.jpeg 600w, https:\/\/sff-camara.com\/wp-content\/uploads\/2023\/01\/10-Fintech-400x280.jpeg 400w, https:\/\/sff-camara.com\/wp-content\/uploads\/2023\/01\/10-Fintech-570x400.jpeg 570w\" sizes=\"(max-width: 600px) 100vw, 600px\" \/>\t\t\t\t\t\t<figcaption class=\"thumbnail-caption\">\r\n\t\t\t\t\t\t\tFintech icon and internet of things with matrix code background\r, Investment and financial internet technology concept.\t\t\t\t\t\t<\/figcaption>\r\n\t\t\t\t\t\t\t\t\t\t<\/a>\r\n\t\t\t<\/figure>\r\n\t\t\t<div class=\"post-details\">\r\n\t<div class=\"post-meta\">\r\n\t<a class=\"post-date\" href=\"https:\/\/sff-camara.com\/es\/2021\/07\/07\/\">julio 7, 2021<\/a>\r\n\r\n\t<\/div>\r\n<h3 class=\"post-title\">\r\n\t<a href=\"https:\/\/sff-camara.com\/es\/sff-magazine-julio-2021\/el-ecosistema-fintech-en-espana\/\">\r\n\t\tEl ecosistema Fintech en Espa\u00f1a\t<\/a>\r\n<\/h3>\r\n<a href=\"https:\/\/sff-camara.com\/es\/sff-magazine-julio-2021\/el-ecosistema-fintech-en-espana\/\" class=\"btn btn-link btn-underline btn-primary\">Leer m\u00e1s <i class=\"a-icon-long-arrow-right\"><\/i><\/a><\/div>\r\n\t<\/article>\r\n\r\n\t\r\n<\/div>\r\n\r\n\r\n<div class=\"post-wrap \" data-post-image=\"alpha-post-medium\">\r\n\r\n\t\r\n\t<article class=\"post-8040 post type-post status-publish format-standard has-post-thumbnail hentry category-sff-magazine-julio-2021 tag-fintech-es post overlay-zoom overlay-dark  post-modern\">\r\n\t\t\t\t\t<figure class=\"post-media\">\r\n\t\t\t\t\t\t\t\t<a href=\"https:\/\/sff-camara.com\/es\/sff-magazine-julio-2021\/5-fintech-insurtech-espanolas-a-seguir-en-2021\/\" aria-label=\"Post Media\">\r\n\t\t\t\t\t<img loading=\"lazy\" decoding=\"async\" width=\"600\" height=\"420\" src=\"https:\/\/sff-camara.com\/wp-content\/uploads\/2021\/07\/firmbee-com-dAmHWsRYP9c-unsplash-600x420.jpg\" class=\"attachment-alpha-post-medium size-alpha-post-medium wp-post-image\" alt=\"\" srcset=\"https:\/\/sff-camara.com\/wp-content\/uploads\/2021\/07\/firmbee-com-dAmHWsRYP9c-unsplash-600x420.jpg 600w, https:\/\/sff-camara.com\/wp-content\/uploads\/2021\/07\/firmbee-com-dAmHWsRYP9c-unsplash-400x280.jpg 400w, https:\/\/sff-camara.com\/wp-content\/uploads\/2021\/07\/firmbee-com-dAmHWsRYP9c-unsplash-570x400.jpg 570w\" sizes=\"(max-width: 600px) 100vw, 600px\" \/>\t\t\t\t<\/a>\r\n\t\t\t<\/figure>\r\n\t\t\t<div class=\"post-details\">\r\n\t<div class=\"post-meta\">\r\n\t<a class=\"post-date\" href=\"https:\/\/sff-camara.com\/es\/2021\/07\/07\/\">julio 7, 2021<\/a>\r\n\r\n\t<\/div>\r\n<h3 class=\"post-title\">\r\n\t<a href=\"https:\/\/sff-camara.com\/es\/sff-magazine-julio-2021\/5-fintech-insurtech-espanolas-a-seguir-en-2021\/\">\r\n\t\t5 Fintech &amp; Insurtech espa\u00f1olas a seguir en 2021\t<\/a>\r\n<\/h3>\r\n<a href=\"https:\/\/sff-camara.com\/es\/sff-magazine-julio-2021\/5-fintech-insurtech-espanolas-a-seguir-en-2021\/\" class=\"btn btn-link btn-underline btn-primary\">Leer m\u00e1s <i class=\"a-icon-long-arrow-right\"><\/i><\/a><\/div>\r\n\t<\/article>\r\n\r\n\t\r\n<\/div>\r\n\r\n\r\n<div class=\"post-wrap \" data-post-image=\"alpha-post-medium\">\r\n\r\n\t\r\n\t<article class=\"post-8043 post type-post status-publish format-standard has-post-thumbnail hentry category-sff-magazine-julio-2021 tag-fintech-es post overlay-zoom overlay-dark  post-modern\">\r\n\t\t\t\t\t<figure class=\"post-media\">\r\n\t\t\t\t\t\t\t\t<a href=\"https:\/\/sff-camara.com\/es\/sff-magazine-julio-2021\/el-ecosistema-fintech-en-luxemburgo\/\" aria-label=\"Post Media\">\r\n\t\t\t\t\t<img loading=\"lazy\" decoding=\"async\" width=\"600\" height=\"420\" src=\"https:\/\/sff-camara.com\/wp-content\/uploads\/2023\/01\/10-Fintech-600x420.jpeg\" class=\"attachment-alpha-post-medium size-alpha-post-medium wp-post-image\" alt=\"\" srcset=\"https:\/\/sff-camara.com\/wp-content\/uploads\/2023\/01\/10-Fintech-600x420.jpeg 600w, https:\/\/sff-camara.com\/wp-content\/uploads\/2023\/01\/10-Fintech-400x280.jpeg 400w, https:\/\/sff-camara.com\/wp-content\/uploads\/2023\/01\/10-Fintech-570x400.jpeg 570w\" sizes=\"(max-width: 600px) 100vw, 600px\" \/>\t\t\t\t\t\t<figcaption class=\"thumbnail-caption\">\r\n\t\t\t\t\t\t\tFintech icon and internet of things with matrix code background\r, Investment and financial internet technology concept.\t\t\t\t\t\t<\/figcaption>\r\n\t\t\t\t\t\t\t\t\t\t<\/a>\r\n\t\t\t<\/figure>\r\n\t\t\t<div class=\"post-details\">\r\n\t<div class=\"post-meta\">\r\n\t<a class=\"post-date\" href=\"https:\/\/sff-camara.com\/es\/2021\/07\/07\/\">julio 7, 2021<\/a>\r\n\r\n\t<\/div>\r\n<h3 class=\"post-title\">\r\n\t<a href=\"https:\/\/sff-camara.com\/es\/sff-magazine-julio-2021\/el-ecosistema-fintech-en-luxemburgo\/\">\r\n\t\tEl ecosistema Fintech en Luxemburgo\t<\/a>\r\n<\/h3>\r\n<a href=\"https:\/\/sff-camara.com\/es\/sff-magazine-julio-2021\/el-ecosistema-fintech-en-luxemburgo\/\" class=\"btn btn-link btn-underline btn-primary\">Leer m\u00e1s <i class=\"a-icon-long-arrow-right\"><\/i><\/a><\/div>\r\n\t<\/article>\r\n\r\n\t\r\n<\/div>\r\n\r\n\r\n<div class=\"post-wrap \" data-post-image=\"alpha-post-medium\">\r\n\r\n\t\r\n\t<article class=\"post-8045 post type-post status-publish format-standard has-post-thumbnail hentry category-sff-magazine-julio-2021 tag-fintech-es post overlay-zoom overlay-dark  post-modern\">\r\n\t\t\t\t\t<figure class=\"post-media\">\r\n\t\t\t\t\t\t\t\t<a href=\"https:\/\/sff-camara.com\/es\/sff-magazine-julio-2021\/5-fintech-insurtech-luxemburguesas-a-seguir-en-2021\/\" aria-label=\"Post Media\">\r\n\t\t\t\t\t<img loading=\"lazy\" decoding=\"async\" width=\"600\" height=\"420\" src=\"https:\/\/sff-camara.com\/wp-content\/uploads\/2021\/07\/firmbee-com-dAmHWsRYP9c-unsplash-600x420.jpg\" class=\"attachment-alpha-post-medium size-alpha-post-medium wp-post-image\" alt=\"\" srcset=\"https:\/\/sff-camara.com\/wp-content\/uploads\/2021\/07\/firmbee-com-dAmHWsRYP9c-unsplash-600x420.jpg 600w, https:\/\/sff-camara.com\/wp-content\/uploads\/2021\/07\/firmbee-com-dAmHWsRYP9c-unsplash-400x280.jpg 400w, https:\/\/sff-camara.com\/wp-content\/uploads\/2021\/07\/firmbee-com-dAmHWsRYP9c-unsplash-570x400.jpg 570w\" sizes=\"(max-width: 600px) 100vw, 600px\" \/>\t\t\t\t<\/a>\r\n\t\t\t<\/figure>\r\n\t\t\t<div class=\"post-details\">\r\n\t<div class=\"post-meta\">\r\n\t<a class=\"post-date\" href=\"https:\/\/sff-camara.com\/es\/2021\/07\/07\/\">julio 7, 2021<\/a>\r\n\r\n\t<\/div>\r\n<h3 class=\"post-title\">\r\n\t<a href=\"https:\/\/sff-camara.com\/es\/sff-magazine-julio-2021\/5-fintech-insurtech-luxemburguesas-a-seguir-en-2021\/\">\r\n\t\t5 Fintech &amp; Insurtech luxemburguesas a seguir en 2021\t<\/a>\r\n<\/h3>\r\n<a href=\"https:\/\/sff-camara.com\/es\/sff-magazine-julio-2021\/5-fintech-insurtech-luxemburguesas-a-seguir-en-2021\/\" class=\"btn btn-link btn-underline btn-primary\">Leer m\u00e1s <i class=\"a-icon-long-arrow-right\"><\/i><\/a><\/div>\r\n\t<\/article>\r\n\r\n\t\r\n<\/div>\r\n\r\n\r\n<div class=\"post-wrap \" data-post-image=\"alpha-post-medium\">\r\n\r\n\t\r\n\t<article class=\"post-8047 post type-post status-publish format-standard has-post-thumbnail hentry category-sff-magazine-julio-2021 tag-fintech-es post overlay-zoom overlay-dark  post-modern\">\r\n\t\t\t\t\t<figure class=\"post-media\">\r\n\t\t\t\t\t\t\t\t<a href=\"https:\/\/sff-camara.com\/es\/sff-magazine-julio-2021\/el-rol-de-las-empresas-tecnologicas-en-la-industria-de-servicios-financieros\/\" aria-label=\"Post Media\">\r\n\t\t\t\t\t<img loading=\"lazy\" decoding=\"async\" width=\"600\" height=\"420\" src=\"https:\/\/sff-camara.com\/wp-content\/uploads\/2021\/07\/austin-distel-EMPZ7yRZoGw-unsplash-600x420.jpg\" class=\"attachment-alpha-post-medium size-alpha-post-medium wp-post-image\" alt=\"\" srcset=\"https:\/\/sff-camara.com\/wp-content\/uploads\/2021\/07\/austin-distel-EMPZ7yRZoGw-unsplash-600x420.jpg 600w, https:\/\/sff-camara.com\/wp-content\/uploads\/2021\/07\/austin-distel-EMPZ7yRZoGw-unsplash-400x280.jpg 400w, https:\/\/sff-camara.com\/wp-content\/uploads\/2021\/07\/austin-distel-EMPZ7yRZoGw-unsplash-570x400.jpg 570w\" sizes=\"(max-width: 600px) 100vw, 600px\" \/>\t\t\t\t<\/a>\r\n\t\t\t<\/figure>\r\n\t\t\t<div class=\"post-details\">\r\n\t<div class=\"post-meta\">\r\n\t<a class=\"post-date\" href=\"https:\/\/sff-camara.com\/es\/2021\/07\/07\/\">julio 7, 2021<\/a>\r\n\r\n\t<\/div>\r\n<h3 class=\"post-title\">\r\n\t<a href=\"https:\/\/sff-camara.com\/es\/sff-magazine-julio-2021\/el-rol-de-las-empresas-tecnologicas-en-la-industria-de-servicios-financieros\/\">\r\n\t\tEl rol de las empresas tecnol\u00f3gicas en la industria de servicios financieros\t<\/a>\r\n<\/h3>\r\n<a href=\"https:\/\/sff-camara.com\/es\/sff-magazine-julio-2021\/el-rol-de-las-empresas-tecnologicas-en-la-industria-de-servicios-financieros\/\" class=\"btn btn-link btn-underline btn-primary\">Leer m\u00e1s <i class=\"a-icon-long-arrow-right\"><\/i><\/a><\/div>\r\n\t<\/article>\r\n\r\n\t\r\n<\/div>\r\n\r\n\r\n<div class=\"post-wrap \" data-post-image=\"alpha-post-medium\">\r\n\r\n\t\r\n\t<article class=\"post-8049 post type-post status-publish format-standard has-post-thumbnail hentry category-sff-magazine-julio-2021 post overlay-zoom overlay-dark  post-modern\">\r\n\t\t\t\t\t<figure class=\"post-media\">\r\n\t\t\t\t\t\t\t\t<a href=\"https:\/\/sff-camara.com\/es\/sff-magazine-julio-2021\/el-equipo-de-finanzas-de-rbc-its-lider-en-innovacion-digital\/\" aria-label=\"Post Media\">\r\n\t\t\t\t\t<img loading=\"lazy\" decoding=\"async\" width=\"600\" height=\"420\" src=\"https:\/\/sff-camara.com\/wp-content\/uploads\/2021\/07\/joshua-sortino-LqKhnDzSF-8-unsplash-600x420.jpg\" class=\"attachment-alpha-post-medium size-alpha-post-medium wp-post-image\" alt=\"\" srcset=\"https:\/\/sff-camara.com\/wp-content\/uploads\/2021\/07\/joshua-sortino-LqKhnDzSF-8-unsplash-600x420.jpg 600w, https:\/\/sff-camara.com\/wp-content\/uploads\/2021\/07\/joshua-sortino-LqKhnDzSF-8-unsplash-400x280.jpg 400w, https:\/\/sff-camara.com\/wp-content\/uploads\/2021\/07\/joshua-sortino-LqKhnDzSF-8-unsplash-570x400.jpg 570w\" sizes=\"(max-width: 600px) 100vw, 600px\" \/>\t\t\t\t<\/a>\r\n\t\t\t<\/figure>\r\n\t\t\t<div class=\"post-details\">\r\n\t<div class=\"post-meta\">\r\n\t<a class=\"post-date\" href=\"https:\/\/sff-camara.com\/es\/2021\/07\/07\/\">julio 7, 2021<\/a>\r\n\r\n\t<\/div>\r\n<h3 class=\"post-title\">\r\n\t<a href=\"https:\/\/sff-camara.com\/es\/sff-magazine-julio-2021\/el-equipo-de-finanzas-de-rbc-its-lider-en-innovacion-digital\/\">\r\n\t\tEl equipo de finanzas de RBC I&amp;TS, l\u00edder en innovaci\u00f3n digital\t<\/a>\r\n<\/h3>\r\n<a href=\"https:\/\/sff-camara.com\/es\/sff-magazine-julio-2021\/el-equipo-de-finanzas-de-rbc-its-lider-en-innovacion-digital\/\" class=\"btn btn-link btn-underline btn-primary\">Leer m\u00e1s <i class=\"a-icon-long-arrow-right\"><\/i><\/a><\/div>\r\n\t<\/article>\r\n\r\n\t\r\n<\/div>\r\n\r\n\r\n<div class=\"post-wrap \" data-post-image=\"alpha-post-medium\">\r\n\r\n\t\r\n\t<article class=\"post-8051 post type-post status-publish format-standard has-post-thumbnail hentry category-sff-magazine-julio-2021 tag-alternative-investment-es post overlay-zoom overlay-dark  post-modern\">\r\n\t\t\t\t\t<figure class=\"post-media\">\r\n\t\t\t\t\t\t\t\t<a href=\"https:\/\/sff-camara.com\/es\/sff-magazine-julio-2021\/inversion-alternativa-en-espana-marco-regulatorio-y-sector-financiero\/\" aria-label=\"Post Media\">\r\n\t\t\t\t\t<img loading=\"lazy\" decoding=\"async\" width=\"600\" height=\"420\" src=\"https:\/\/sff-camara.com\/wp-content\/uploads\/2023\/01\/Torres-Madrid-600x420.jpeg\" class=\"attachment-alpha-post-medium size-alpha-post-medium wp-post-image\" alt=\"\" srcset=\"https:\/\/sff-camara.com\/wp-content\/uploads\/2023\/01\/Torres-Madrid-600x420.jpeg 600w, https:\/\/sff-camara.com\/wp-content\/uploads\/2023\/01\/Torres-Madrid-400x280.jpeg 400w, https:\/\/sff-camara.com\/wp-content\/uploads\/2023\/01\/Torres-Madrid-570x400.jpeg 570w\" sizes=\"(max-width: 600px) 100vw, 600px\" \/>\t\t\t\t\t\t<figcaption class=\"thumbnail-caption\">\r\n\t\t\t\t\t\t\tCorporate towers in Madrid\t\t\t\t\t\t<\/figcaption>\r\n\t\t\t\t\t\t\t\t\t\t<\/a>\r\n\t\t\t<\/figure>\r\n\t\t\t<div class=\"post-details\">\r\n\t<div class=\"post-meta\">\r\n\t<a class=\"post-date\" href=\"https:\/\/sff-camara.com\/es\/2021\/07\/07\/\">julio 7, 2021<\/a>\r\n\r\n\t<\/div>\r\n<h3 class=\"post-title\">\r\n\t<a href=\"https:\/\/sff-camara.com\/es\/sff-magazine-julio-2021\/inversion-alternativa-en-espana-marco-regulatorio-y-sector-financiero\/\">\r\n\t\tInversi\u00f3n alternativa en Espa\u00f1a: Marco regulatorio y sector financiero\t<\/a>\r\n<\/h3>\r\n<a href=\"https:\/\/sff-camara.com\/es\/sff-magazine-julio-2021\/inversion-alternativa-en-espana-marco-regulatorio-y-sector-financiero\/\" class=\"btn btn-link btn-underline btn-primary\">Leer m\u00e1s <i class=\"a-icon-long-arrow-right\"><\/i><\/a><\/div>\r\n\t<\/article>\r\n\r\n\t\r\n<\/div>\r\n\r\n\r\n<div class=\"post-wrap \" data-post-image=\"alpha-post-medium\">\r\n\r\n\t\r\n\t<article class=\"post-8053 post type-post status-publish format-standard has-post-thumbnail hentry category-sff-magazine-julio-2021 tag-seguros-de-vida-unit-linked post overlay-zoom overlay-dark  post-modern\">\r\n\t\t\t\t\t<figure class=\"post-media\">\r\n\t\t\t\t\t\t\t\t<a href=\"https:\/\/sff-camara.com\/es\/sff-magazine-julio-2021\/los-seguros-de-vida-unit-linked-como-instrumento-de-planificacion-patrimonial\/\" aria-label=\"Post Media\">\r\n\t\t\t\t\t<img loading=\"lazy\" decoding=\"async\" width=\"600\" height=\"420\" src=\"https:\/\/sff-camara.com\/wp-content\/uploads\/2021\/07\/juliane-liebermann-O-RKu3Aqnsw-unsplash-600x420.jpg\" class=\"attachment-alpha-post-medium size-alpha-post-medium wp-post-image\" alt=\"\" srcset=\"https:\/\/sff-camara.com\/wp-content\/uploads\/2021\/07\/juliane-liebermann-O-RKu3Aqnsw-unsplash-600x420.jpg 600w, https:\/\/sff-camara.com\/wp-content\/uploads\/2021\/07\/juliane-liebermann-O-RKu3Aqnsw-unsplash-400x280.jpg 400w, https:\/\/sff-camara.com\/wp-content\/uploads\/2021\/07\/juliane-liebermann-O-RKu3Aqnsw-unsplash-570x400.jpg 570w\" sizes=\"(max-width: 600px) 100vw, 600px\" \/>\t\t\t\t<\/a>\r\n\t\t\t<\/figure>\r\n\t\t\t<div class=\"post-details\">\r\n\t<div class=\"post-meta\">\r\n\t<a class=\"post-date\" href=\"https:\/\/sff-camara.com\/es\/2021\/07\/07\/\">julio 7, 2021<\/a>\r\n\r\n\t<\/div>\r\n<h3 class=\"post-title\">\r\n\t<a href=\"https:\/\/sff-camara.com\/es\/sff-magazine-julio-2021\/los-seguros-de-vida-unit-linked-como-instrumento-de-planificacion-patrimonial\/\">\r\n\t\tLos seguros de vida Unit-linked como instrumento de planificaci\u00f3n patrimonial\t<\/a>\r\n<\/h3>\r\n<a href=\"https:\/\/sff-camara.com\/es\/sff-magazine-julio-2021\/los-seguros-de-vida-unit-linked-como-instrumento-de-planificacion-patrimonial\/\" class=\"btn btn-link btn-underline btn-primary\">Leer m\u00e1s <i class=\"a-icon-long-arrow-right\"><\/i><\/a><\/div>\r\n\t<\/article>\r\n\r\n\t\r\n<\/div>\r\n\r\n\r\n<div class=\"post-wrap \" data-post-image=\"alpha-post-medium\">\r\n\r\n\t\r\n\t<article class=\"post-8056 post type-post status-publish format-standard has-post-thumbnail hentry category-sff-magazine-julio-2021 tag-capital-riesgo post overlay-zoom overlay-dark  post-modern\">\r\n\t\t\t\t\t<figure class=\"post-media\">\r\n\t\t\t\t\t\t\t\t<a href=\"https:\/\/sff-camara.com\/es\/sff-magazine-julio-2021\/el-private-equity-a-la-espera-de-su-desarrollo-y-en-camino-hacia-su-democratizacion\/\" aria-label=\"Post Media\">\r\n\t\t\t\t\t<img loading=\"lazy\" decoding=\"async\" width=\"600\" height=\"420\" src=\"https:\/\/sff-camara.com\/wp-content\/uploads\/2023\/01\/COMP-Imagen-Indice-600x420.jpeg\" class=\"attachment-alpha-post-medium size-alpha-post-medium wp-post-image\" alt=\"\" srcset=\"https:\/\/sff-camara.com\/wp-content\/uploads\/2023\/01\/COMP-Imagen-Indice-600x420.jpeg 600w, https:\/\/sff-camara.com\/wp-content\/uploads\/2023\/01\/COMP-Imagen-Indice-400x280.jpeg 400w, https:\/\/sff-camara.com\/wp-content\/uploads\/2023\/01\/COMP-Imagen-Indice-570x400.jpeg 570w\" sizes=\"(max-width: 600px) 100vw, 600px\" \/>\t\t\t\t<\/a>\r\n\t\t\t<\/figure>\r\n\t\t\t<div class=\"post-details\">\r\n\t<div class=\"post-meta\">\r\n\t<a class=\"post-date\" href=\"https:\/\/sff-camara.com\/es\/2021\/07\/02\/\">julio 2, 2021<\/a>\r\n\r\n\t<\/div>\r\n<h3 class=\"post-title\">\r\n\t<a href=\"https:\/\/sff-camara.com\/es\/sff-magazine-julio-2021\/el-private-equity-a-la-espera-de-su-desarrollo-y-en-camino-hacia-su-democratizacion\/\">\r\n\t\tEl Private Equity, a la espera de su desarrollo y en camino hacia su democratizaci\u00f3n\t<\/a>\r\n<\/h3>\r\n<a href=\"https:\/\/sff-camara.com\/es\/sff-magazine-julio-2021\/el-private-equity-a-la-espera-de-su-desarrollo-y-en-camino-hacia-su-democratizacion\/\" class=\"btn btn-link btn-underline btn-primary\">Leer m\u00e1s <i class=\"a-icon-long-arrow-right\"><\/i><\/a><\/div>\r\n\t<\/article>\r\n\r\n\t\r\n<\/div>\r\n\r\n\r\n<div class=\"post-wrap \" data-post-image=\"alpha-post-medium\">\r\n\r\n\t\r\n\t<article class=\"post-8058 post type-post status-publish format-standard has-post-thumbnail hentry category-sff-magazine-julio-2021 post overlay-zoom overlay-dark  post-modern\">\r\n\t\t\t\t\t<figure class=\"post-media\">\r\n\t\t\t\t\t\t\t\t<a href=\"https:\/\/sff-camara.com\/es\/sff-magazine-julio-2021\/focus-on-iberia\/\" aria-label=\"Post Media\">\r\n\t\t\t\t\t<img loading=\"lazy\" decoding=\"async\" width=\"600\" height=\"420\" src=\"https:\/\/sff-camara.com\/wp-content\/uploads\/2023\/01\/LFF_FO_3-600x420.png\" class=\"attachment-alpha-post-medium size-alpha-post-medium wp-post-image\" alt=\"\" srcset=\"https:\/\/sff-camara.com\/wp-content\/uploads\/2023\/01\/LFF_FO_3-600x420.png 600w, https:\/\/sff-camara.com\/wp-content\/uploads\/2023\/01\/LFF_FO_3-400x280.png 400w, https:\/\/sff-camara.com\/wp-content\/uploads\/2023\/01\/LFF_FO_3-570x400.png 570w\" sizes=\"(max-width: 600px) 100vw, 600px\" \/>\t\t\t\t<\/a>\r\n\t\t\t<\/figure>\r\n\t\t\t<div class=\"post-details\">\r\n\t<div class=\"post-meta\">\r\n\t<a class=\"post-date\" href=\"https:\/\/sff-camara.com\/es\/2021\/07\/07\/\">julio 7, 2021<\/a>\r\n\r\n\t<\/div>\r\n<h3 class=\"post-title\">\r\n\t<a href=\"https:\/\/sff-camara.com\/es\/sff-magazine-julio-2021\/focus-on-iberia\/\">\r\n\t\tFocus on Iberia\t<\/a>\r\n<\/h3>\r\n<a href=\"https:\/\/sff-camara.com\/es\/sff-magazine-julio-2021\/focus-on-iberia\/\" class=\"btn btn-link btn-underline btn-primary\">Leer m\u00e1s <i class=\"a-icon-long-arrow-right\"><\/i><\/a><\/div>\r\n\t<\/article>\r\n\r\n\t\r\n<\/div>\r\n\r\n<\/div>\t\t\t\t<\/div>\n\t\t\t\t<\/div>\n\t\t\t\t<div class=\"elementor-element elementor-element-7211e3e5 elementor-widget elementor-widget-spacer\" data-id=\"7211e3e5\" data-element_type=\"widget\" data-e-type=\"widget\" data-widget_type=\"spacer.default\">\n\t\t\t\t<div class=\"elementor-widget-container\">\n\t\t\t\t\t\t\t<div class=\"elementor-spacer\">\n\t\t\t<div class=\"elementor-spacer-inner\"><\/div>\n\t\t<\/div>\n\t\t\t\t\t\t<\/div>\n\t\t\t\t<\/div>\n\t\t\t\t\t\t<\/div>\r\n\t\t\t\t<\/div>\r\n\t\t\t\t\t\t\t\t<\/div>\r\n\t\t\t<\/section>\r\n\t\t\t\t\t<\/div>\n\t\t","protected":false},"excerpt":{"rendered":"<p>Conocido en la jerga de Bruselas como el \u201cReglamento de Taxonom\u00eda\u201d, el Reglamento 2020\/852 de la UE, adoptado el 18 de junio de 2020, pretende establecer un sistema de clasificaci\u00f3n [&hellip;]<\/p>\n","protected":false},"author":2,"featured_media":5851,"comment_status":"closed","ping_status":"closed","sticky":false,"template":"","format":"standard","meta":{"_acf_changed":false,"_price":"","_stock":"","_tribe_ticket_header":"","_tribe_default_ticket_provider":"","_ticket_start_date":"","_ticket_end_date":"","_tribe_ticket_show_description":"","_tribe_ticket_show_not_going":false,"_tribe_ticket_use_global_stock":"","_tribe_ticket_global_stock_level":"","_global_stock_mode":"","_global_stock_cap":"","_tribe_rsvp_for_event":"","_tribe_ticket_going_count":"","_tribe_ticket_not_going_count":"","_tribe_tickets_list":"[]","_tribe_ticket_has_attendee_info_fields":false,"footnotes":""},"categories":[168],"tags":[160],"class_list":["post-8034","post","type-post","status-publish","format-standard","has-post-thumbnail","hentry","category-sff-magazine-julio-2021","tag-finanzas-sostenibles"],"acf":[],"yoast_head":"<!-- This site is optimized with the Yoast SEO plugin v27.1.1 - https:\/\/yoast.com\/product\/yoast-seo-wordpress\/ -->\n<title>Taxonom\u00eda: C\u00f3mo una herramienta del mercado financiero se convierte en la columna vertebral del Green Deal de la UE | SFF<\/title>\n<meta name=\"robots\" content=\"index, follow, max-snippet:-1, max-image-preview:large, max-video-preview:-1\" \/>\n<link rel=\"canonical\" href=\"https:\/\/sff-camara.com\/sff-magazine-july-2021\/taxonomy-how-a-financial-market-tool-becomes-the-backbone-of-the-eu-green-deal\/\" \/>\n<meta property=\"og:locale\" content=\"es_ES\" \/>\n<meta property=\"og:type\" content=\"article\" \/>\n<meta property=\"og:title\" content=\"Taxonom\u00eda: C\u00f3mo una herramienta del mercado financiero se convierte en la columna vertebral del Green Deal de la UE | SFF\" \/>\n<meta property=\"og:description\" content=\"Conocido en la jerga de Bruselas como el \u201cReglamento de Taxonom\u00eda\u201d, el Reglamento 2020\/852 de la UE, adoptado el 18 de junio de 2020, pretende establecer un sistema de clasificaci\u00f3n [&hellip;]\" \/>\n<meta property=\"og:url\" content=\"https:\/\/sff-camara.com\/sff-magazine-july-2021\/taxonomy-how-a-financial-market-tool-becomes-the-backbone-of-the-eu-green-deal\/\" \/>\n<meta property=\"og:site_name\" content=\"SFF\" \/>\n<meta property=\"article:published_time\" content=\"2021-07-07T18:22:51+00:00\" \/>\n<meta property=\"article:modified_time\" content=\"2023-09-17T21:02:29+00:00\" \/>\n<meta property=\"og:image\" content=\"https:\/\/sff-camara.com\/wp-content\/uploads\/2021\/07\/johannes-plenio-UO4KcQL7vbE-unsplash-scaled.jpg\" \/>\n\t<meta property=\"og:image:width\" content=\"2560\" \/>\n\t<meta property=\"og:image:height\" content=\"1707\" \/>\n\t<meta property=\"og:image:type\" content=\"image\/jpeg\" \/>\n<meta name=\"author\" content=\"SFF\" \/>\n<meta name=\"twitter:card\" content=\"summary_large_image\" \/>\n<meta name=\"twitter:label1\" content=\"Escrito por\" \/>\n\t<meta name=\"twitter:data1\" content=\"SFF\" \/>\n\t<meta name=\"twitter:label2\" content=\"Tiempo de lectura\" \/>\n\t<meta name=\"twitter:data2\" content=\"5 minutos\" \/>\n<script type=\"application\/ld+json\" class=\"yoast-schema-graph\">{\"@context\":\"https:\/\/schema.org\",\"@graph\":[{\"@type\":\"Article\",\"@id\":\"https:\/\/sff-camara.com\/sff-magazine-july-2021\/taxonomy-how-a-financial-market-tool-becomes-the-backbone-of-the-eu-green-deal\/#article\",\"isPartOf\":{\"@id\":\"https:\/\/sff-camara.com\/sff-magazine-july-2021\/taxonomy-how-a-financial-market-tool-becomes-the-backbone-of-the-eu-green-deal\/\"},\"author\":{\"name\":\"SFF\",\"@id\":\"https:\/\/sff-camara.com\/#\/schema\/person\/4adb1bc18ccd0824990c909ad888ece9\"},\"headline\":\"Taxonom\u00eda: C\u00f3mo una herramienta del mercado financiero se convierte en la columna vertebral del Green Deal de la UE\",\"datePublished\":\"2021-07-07T18:22:51+00:00\",\"dateModified\":\"2023-09-17T21:02:29+00:00\",\"mainEntityOfPage\":{\"@id\":\"https:\/\/sff-camara.com\/sff-magazine-july-2021\/taxonomy-how-a-financial-market-tool-becomes-the-backbone-of-the-eu-green-deal\/\"},\"wordCount\":1002,\"publisher\":{\"@id\":\"https:\/\/sff-camara.com\/#organization\"},\"image\":{\"@id\":\"https:\/\/sff-camara.com\/sff-magazine-july-2021\/taxonomy-how-a-financial-market-tool-becomes-the-backbone-of-the-eu-green-deal\/#primaryimage\"},\"thumbnailUrl\":\"https:\/\/sff-camara.com\/wp-content\/uploads\/2021\/07\/johannes-plenio-UO4KcQL7vbE-unsplash-scaled.jpg\",\"keywords\":[\"Finanzas Sostenibles\"],\"articleSection\":[\"SFF Magazine Julio 2021\"],\"inLanguage\":\"es\"},{\"@type\":\"WebPage\",\"@id\":\"https:\/\/sff-camara.com\/sff-magazine-july-2021\/taxonomy-how-a-financial-market-tool-becomes-the-backbone-of-the-eu-green-deal\/\",\"url\":\"https:\/\/sff-camara.com\/sff-magazine-july-2021\/taxonomy-how-a-financial-market-tool-becomes-the-backbone-of-the-eu-green-deal\/\",\"name\":\"Taxonom\u00eda: C\u00f3mo una herramienta del mercado financiero se convierte en la columna vertebral del Green Deal de la UE | SFF\",\"isPartOf\":{\"@id\":\"https:\/\/sff-camara.com\/#website\"},\"primaryImageOfPage\":{\"@id\":\"https:\/\/sff-camara.com\/sff-magazine-july-2021\/taxonomy-how-a-financial-market-tool-becomes-the-backbone-of-the-eu-green-deal\/#primaryimage\"},\"image\":{\"@id\":\"https:\/\/sff-camara.com\/sff-magazine-july-2021\/taxonomy-how-a-financial-market-tool-becomes-the-backbone-of-the-eu-green-deal\/#primaryimage\"},\"thumbnailUrl\":\"https:\/\/sff-camara.com\/wp-content\/uploads\/2021\/07\/johannes-plenio-UO4KcQL7vbE-unsplash-scaled.jpg\",\"datePublished\":\"2021-07-07T18:22:51+00:00\",\"dateModified\":\"2023-09-17T21:02:29+00:00\",\"breadcrumb\":{\"@id\":\"https:\/\/sff-camara.com\/sff-magazine-july-2021\/taxonomy-how-a-financial-market-tool-becomes-the-backbone-of-the-eu-green-deal\/#breadcrumb\"},\"inLanguage\":\"es\",\"potentialAction\":[{\"@type\":\"ReadAction\",\"target\":[\"https:\/\/sff-camara.com\/sff-magazine-july-2021\/taxonomy-how-a-financial-market-tool-becomes-the-backbone-of-the-eu-green-deal\/\"]}]},{\"@type\":\"ImageObject\",\"inLanguage\":\"es\",\"@id\":\"https:\/\/sff-camara.com\/sff-magazine-july-2021\/taxonomy-how-a-financial-market-tool-becomes-the-backbone-of-the-eu-green-deal\/#primaryimage\",\"url\":\"https:\/\/sff-camara.com\/wp-content\/uploads\/2021\/07\/johannes-plenio-UO4KcQL7vbE-unsplash-scaled.jpg\",\"contentUrl\":\"https:\/\/sff-camara.com\/wp-content\/uploads\/2021\/07\/johannes-plenio-UO4KcQL7vbE-unsplash-scaled.jpg\",\"width\":2560,\"height\":1707},{\"@type\":\"BreadcrumbList\",\"@id\":\"https:\/\/sff-camara.com\/sff-magazine-july-2021\/taxonomy-how-a-financial-market-tool-becomes-the-backbone-of-the-eu-green-deal\/#breadcrumb\",\"itemListElement\":[{\"@type\":\"ListItem\",\"position\":1,\"name\":\"Home\",\"item\":\"https:\/\/sff-camara.com\/\"},{\"@type\":\"ListItem\",\"position\":2,\"name\":\"Taxonom\u00eda: C\u00f3mo una herramienta del mercado financiero se convierte en la columna vertebral del Green Deal de la UE\"}]},{\"@type\":\"WebSite\",\"@id\":\"https:\/\/sff-camara.com\/#website\",\"url\":\"https:\/\/sff-camara.com\/\",\"name\":\"SFF\",\"description\":\"Spanish Financial Forum in Luxembourg\",\"publisher\":{\"@id\":\"https:\/\/sff-camara.com\/#organization\"},\"potentialAction\":[{\"@type\":\"SearchAction\",\"target\":{\"@type\":\"EntryPoint\",\"urlTemplate\":\"https:\/\/sff-camara.com\/?s={search_term_string}\"},\"query-input\":{\"@type\":\"PropertyValueSpecification\",\"valueRequired\":true,\"valueName\":\"search_term_string\"}}],\"inLanguage\":\"es\"},{\"@type\":\"Organization\",\"@id\":\"https:\/\/sff-camara.com\/#organization\",\"name\":\"Spanish Financial Forum in Luxembourg\",\"url\":\"https:\/\/sff-camara.com\/\",\"logo\":{\"@type\":\"ImageObject\",\"inLanguage\":\"es\",\"@id\":\"https:\/\/sff-camara.com\/#\/schema\/logo\/image\/\",\"url\":\"https:\/\/sff-camara.com\/wp-content\/uploads\/2023\/02\/cropped-LOGO-1.png\",\"contentUrl\":\"https:\/\/sff-camara.com\/wp-content\/uploads\/2023\/02\/cropped-LOGO-1.png\",\"width\":586,\"height\":222,\"caption\":\"Spanish Financial Forum in Luxembourg\"},\"image\":{\"@id\":\"https:\/\/sff-camara.com\/#\/schema\/logo\/image\/\"},\"sameAs\":[\"https:\/\/www.linkedin.com\/company\/camara-oficial-de-comercio-de-espana-en-belgica-y-luxemburgo\/\"]},{\"@type\":\"Person\",\"@id\":\"https:\/\/sff-camara.com\/#\/schema\/person\/4adb1bc18ccd0824990c909ad888ece9\",\"name\":\"SFF\",\"url\":\"https:\/\/sff-camara.com\/es\/author\/planinluxadmin\/\"}]}<\/script>\n<!-- \/ Yoast SEO plugin. -->","yoast_head_json":{"title":"Taxonom\u00eda: C\u00f3mo una herramienta del mercado financiero se convierte en la columna vertebral del Green Deal de la UE | SFF","robots":{"index":"index","follow":"follow","max-snippet":"max-snippet:-1","max-image-preview":"max-image-preview:large","max-video-preview":"max-video-preview:-1"},"canonical":"https:\/\/sff-camara.com\/sff-magazine-july-2021\/taxonomy-how-a-financial-market-tool-becomes-the-backbone-of-the-eu-green-deal\/","og_locale":"es_ES","og_type":"article","og_title":"Taxonom\u00eda: C\u00f3mo una herramienta del mercado financiero se convierte en la columna vertebral del Green Deal de la UE | SFF","og_description":"Conocido en la jerga de Bruselas como el \u201cReglamento de Taxonom\u00eda\u201d, el Reglamento 2020\/852 de la UE, adoptado el 18 de junio de 2020, pretende establecer un sistema de clasificaci\u00f3n [&hellip;]","og_url":"https:\/\/sff-camara.com\/sff-magazine-july-2021\/taxonomy-how-a-financial-market-tool-becomes-the-backbone-of-the-eu-green-deal\/","og_site_name":"SFF","article_published_time":"2021-07-07T18:22:51+00:00","article_modified_time":"2023-09-17T21:02:29+00:00","og_image":[{"width":2560,"height":1707,"url":"https:\/\/sff-camara.com\/wp-content\/uploads\/2021\/07\/johannes-plenio-UO4KcQL7vbE-unsplash-scaled.jpg","type":"image\/jpeg"}],"author":"SFF","twitter_card":"summary_large_image","twitter_misc":{"Escrito por":"SFF","Tiempo de lectura":"5 minutos"},"schema":{"@context":"https:\/\/schema.org","@graph":[{"@type":"Article","@id":"https:\/\/sff-camara.com\/sff-magazine-july-2021\/taxonomy-how-a-financial-market-tool-becomes-the-backbone-of-the-eu-green-deal\/#article","isPartOf":{"@id":"https:\/\/sff-camara.com\/sff-magazine-july-2021\/taxonomy-how-a-financial-market-tool-becomes-the-backbone-of-the-eu-green-deal\/"},"author":{"name":"SFF","@id":"https:\/\/sff-camara.com\/#\/schema\/person\/4adb1bc18ccd0824990c909ad888ece9"},"headline":"Taxonom\u00eda: C\u00f3mo una herramienta del mercado financiero se convierte en la columna vertebral del Green Deal de la UE","datePublished":"2021-07-07T18:22:51+00:00","dateModified":"2023-09-17T21:02:29+00:00","mainEntityOfPage":{"@id":"https:\/\/sff-camara.com\/sff-magazine-july-2021\/taxonomy-how-a-financial-market-tool-becomes-the-backbone-of-the-eu-green-deal\/"},"wordCount":1002,"publisher":{"@id":"https:\/\/sff-camara.com\/#organization"},"image":{"@id":"https:\/\/sff-camara.com\/sff-magazine-july-2021\/taxonomy-how-a-financial-market-tool-becomes-the-backbone-of-the-eu-green-deal\/#primaryimage"},"thumbnailUrl":"https:\/\/sff-camara.com\/wp-content\/uploads\/2021\/07\/johannes-plenio-UO4KcQL7vbE-unsplash-scaled.jpg","keywords":["Finanzas Sostenibles"],"articleSection":["SFF Magazine Julio 2021"],"inLanguage":"es"},{"@type":"WebPage","@id":"https:\/\/sff-camara.com\/sff-magazine-july-2021\/taxonomy-how-a-financial-market-tool-becomes-the-backbone-of-the-eu-green-deal\/","url":"https:\/\/sff-camara.com\/sff-magazine-july-2021\/taxonomy-how-a-financial-market-tool-becomes-the-backbone-of-the-eu-green-deal\/","name":"Taxonom\u00eda: C\u00f3mo una herramienta del mercado financiero se convierte en la columna vertebral del Green Deal de la UE | SFF","isPartOf":{"@id":"https:\/\/sff-camara.com\/#website"},"primaryImageOfPage":{"@id":"https:\/\/sff-camara.com\/sff-magazine-july-2021\/taxonomy-how-a-financial-market-tool-becomes-the-backbone-of-the-eu-green-deal\/#primaryimage"},"image":{"@id":"https:\/\/sff-camara.com\/sff-magazine-july-2021\/taxonomy-how-a-financial-market-tool-becomes-the-backbone-of-the-eu-green-deal\/#primaryimage"},"thumbnailUrl":"https:\/\/sff-camara.com\/wp-content\/uploads\/2021\/07\/johannes-plenio-UO4KcQL7vbE-unsplash-scaled.jpg","datePublished":"2021-07-07T18:22:51+00:00","dateModified":"2023-09-17T21:02:29+00:00","breadcrumb":{"@id":"https:\/\/sff-camara.com\/sff-magazine-july-2021\/taxonomy-how-a-financial-market-tool-becomes-the-backbone-of-the-eu-green-deal\/#breadcrumb"},"inLanguage":"es","potentialAction":[{"@type":"ReadAction","target":["https:\/\/sff-camara.com\/sff-magazine-july-2021\/taxonomy-how-a-financial-market-tool-becomes-the-backbone-of-the-eu-green-deal\/"]}]},{"@type":"ImageObject","inLanguage":"es","@id":"https:\/\/sff-camara.com\/sff-magazine-july-2021\/taxonomy-how-a-financial-market-tool-becomes-the-backbone-of-the-eu-green-deal\/#primaryimage","url":"https:\/\/sff-camara.com\/wp-content\/uploads\/2021\/07\/johannes-plenio-UO4KcQL7vbE-unsplash-scaled.jpg","contentUrl":"https:\/\/sff-camara.com\/wp-content\/uploads\/2021\/07\/johannes-plenio-UO4KcQL7vbE-unsplash-scaled.jpg","width":2560,"height":1707},{"@type":"BreadcrumbList","@id":"https:\/\/sff-camara.com\/sff-magazine-july-2021\/taxonomy-how-a-financial-market-tool-becomes-the-backbone-of-the-eu-green-deal\/#breadcrumb","itemListElement":[{"@type":"ListItem","position":1,"name":"Home","item":"https:\/\/sff-camara.com\/"},{"@type":"ListItem","position":2,"name":"Taxonom\u00eda: C\u00f3mo una herramienta del mercado financiero se convierte en la columna vertebral del Green Deal de la UE"}]},{"@type":"WebSite","@id":"https:\/\/sff-camara.com\/#website","url":"https:\/\/sff-camara.com\/","name":"SFF","description":"Spanish Financial Forum in Luxembourg","publisher":{"@id":"https:\/\/sff-camara.com\/#organization"},"potentialAction":[{"@type":"SearchAction","target":{"@type":"EntryPoint","urlTemplate":"https:\/\/sff-camara.com\/?s={search_term_string}"},"query-input":{"@type":"PropertyValueSpecification","valueRequired":true,"valueName":"search_term_string"}}],"inLanguage":"es"},{"@type":"Organization","@id":"https:\/\/sff-camara.com\/#organization","name":"Spanish Financial Forum in Luxembourg","url":"https:\/\/sff-camara.com\/","logo":{"@type":"ImageObject","inLanguage":"es","@id":"https:\/\/sff-camara.com\/#\/schema\/logo\/image\/","url":"https:\/\/sff-camara.com\/wp-content\/uploads\/2023\/02\/cropped-LOGO-1.png","contentUrl":"https:\/\/sff-camara.com\/wp-content\/uploads\/2023\/02\/cropped-LOGO-1.png","width":586,"height":222,"caption":"Spanish Financial Forum in Luxembourg"},"image":{"@id":"https:\/\/sff-camara.com\/#\/schema\/logo\/image\/"},"sameAs":["https:\/\/www.linkedin.com\/company\/camara-oficial-de-comercio-de-espana-en-belgica-y-luxemburgo\/"]},{"@type":"Person","@id":"https:\/\/sff-camara.com\/#\/schema\/person\/4adb1bc18ccd0824990c909ad888ece9","name":"SFF","url":"https:\/\/sff-camara.com\/es\/author\/planinluxadmin\/"}]}},"_links":{"self":[{"href":"https:\/\/sff-camara.com\/es\/wp-json\/wp\/v2\/posts\/8034","targetHints":{"allow":["GET"]}}],"collection":[{"href":"https:\/\/sff-camara.com\/es\/wp-json\/wp\/v2\/posts"}],"about":[{"href":"https:\/\/sff-camara.com\/es\/wp-json\/wp\/v2\/types\/post"}],"author":[{"embeddable":true,"href":"https:\/\/sff-camara.com\/es\/wp-json\/wp\/v2\/users\/2"}],"replies":[{"embeddable":true,"href":"https:\/\/sff-camara.com\/es\/wp-json\/wp\/v2\/comments?post=8034"}],"version-history":[{"count":5,"href":"https:\/\/sff-camara.com\/es\/wp-json\/wp\/v2\/posts\/8034\/revisions"}],"predecessor-version":[{"id":11592,"href":"https:\/\/sff-camara.com\/es\/wp-json\/wp\/v2\/posts\/8034\/revisions\/11592"}],"wp:featuredmedia":[{"embeddable":true,"href":"https:\/\/sff-camara.com\/es\/wp-json\/wp\/v2\/media\/5851"}],"wp:attachment":[{"href":"https:\/\/sff-camara.com\/es\/wp-json\/wp\/v2\/media?parent=8034"}],"wp:term":[{"taxonomy":"category","embeddable":true,"href":"https:\/\/sff-camara.com\/es\/wp-json\/wp\/v2\/categories?post=8034"},{"taxonomy":"post_tag","embeddable":true,"href":"https:\/\/sff-camara.com\/es\/wp-json\/wp\/v2\/tags?post=8034"}],"curies":[{"name":"wp","href":"https:\/\/api.w.org\/{rel}","templated":true}]}}