{"id":7973,"date":"2021-04-13T20:07:48","date_gmt":"2021-04-13T20:07:48","guid":{"rendered":"https:\/\/sff-camara.com\/sin-categorizar\/como-esta-afrontando-la-industria-de-servicios-financieros-las-nuevas-normativas-en-materia-de-sostenibilidad\/"},"modified":"2023-09-17T21:11:32","modified_gmt":"2023-09-17T21:11:32","slug":"como-esta-afrontando-la-industria-de-servicios-financieros-las-nuevas-normativas-en-materia-de-sostenibilidad","status":"publish","type":"post","link":"https:\/\/sff-camara.com\/es\/sff-magazine-abril-2021\/como-esta-afrontando-la-industria-de-servicios-financieros-las-nuevas-normativas-en-materia-de-sostenibilidad\/","title":{"rendered":"\u00bfC\u00f3mo est\u00e1 afrontando la industria de servicios financieros las nuevas normativas en materia de sostenibilidad?"},"content":{"rendered":"\t\t<div data-elementor-type=\"wp-post\" data-elementor-id=\"7973\" class=\"elementor elementor-7973 elementor-5243\">\n\t\t\t\t\t\t<section class=\" elementor-section elementor-top-section elementor-element elementor-element-1703b825 elementor-section-boxed elementor-section-height-default elementor-section-height-default\" data-id=\"1703b825\" data-element_type=\"section\" data-e-type=\"section\">\r\n\t\t\t\t\t\t\t\t<div class=\"elementor-container elementor-column-gap-default\">\r\n\t\t\t\t\r\n\t\t\t\t\t\t\t\t<div class=\" elementor-column elementor-col-100 elementor-top-column elementor-element elementor-element-2d11272b \" data-id=\"2d11272b\" data-element_type=\"column\" data-e-type=\"column\">\r\n\r\n\t\t\t\t\r\n\t\t\t\t<div class=\"elementor-widget-wrap elementor-element-populated\">\r\n\t\t\t\t\t\t\t\t\t\t\r\n\t\t\t\t\t\t<div class=\"elementor-element elementor-element-6d4f1936 elementor-widget elementor-widget-heading\" data-id=\"6d4f1936\" data-element_type=\"widget\" data-e-type=\"widget\" data-widget_type=\"heading.default\">\n\t\t\t\t<div class=\"elementor-widget-container\">\n\t\t\t\t\t<h3 class=\"elementor-heading-title elementor-size-default\">\u00bfC\u00f3mo est\u00e1 afrontando la industria de servicios financieros las nuevas normativas en materia de sostenibilidad?<\/h3>\t\t\t\t<\/div>\n\t\t\t\t<\/div>\n\t\t\t\t<div class=\"elementor-element elementor-element-74410503 elementor-widget elementor-widget-spacer\" data-id=\"74410503\" data-element_type=\"widget\" data-e-type=\"widget\" data-widget_type=\"spacer.default\">\n\t\t\t\t<div class=\"elementor-widget-container\">\n\t\t\t\t\t\t\t<div class=\"elementor-spacer\">\n\t\t\t<div class=\"elementor-spacer-inner\"><\/div>\n\t\t<\/div>\n\t\t\t\t\t\t<\/div>\n\t\t\t\t<\/div>\n\t\t\t\t<div class=\"elementor-element elementor-element-44b3b578 elementor-widget elementor-widget-text-editor\" data-id=\"44b3b578\" data-element_type=\"widget\" data-e-type=\"widget\" data-widget_type=\"text-editor.default\">\n\t\t\t\t<div class=\"elementor-widget-container\">\n\t\t\t\t\t\t\t\t\t<a href=\"https:\/\/sff-camara.com\/es\/categoria\/sff-magazine-abril-2021\/\" rel=\"tag\">SFF Magazine Abril 2021<\/a>\t\t\t\t\t\t\t\t<\/div>\n\t\t\t\t<\/div>\n\t\t\t\t<div class=\"elementor-element elementor-element-5766bbd3 elementor-widget elementor-widget-spacer\" data-id=\"5766bbd3\" data-element_type=\"widget\" data-e-type=\"widget\" data-widget_type=\"spacer.default\">\n\t\t\t\t<div class=\"elementor-widget-container\">\n\t\t\t\t\t\t\t<div class=\"elementor-spacer\">\n\t\t\t<div class=\"elementor-spacer-inner\"><\/div>\n\t\t<\/div>\n\t\t\t\t\t\t<\/div>\n\t\t\t\t<\/div>\n\t\t\t\t<div class=\"elementor-element elementor-element-36b462d4 elementor-widget elementor-widget-text-editor\" data-id=\"36b462d4\" data-element_type=\"widget\" data-e-type=\"widget\" data-widget_type=\"text-editor.default\">\n\t\t\t\t<div class=\"elementor-widget-container\">\n\t\t\t\t\t\t\t\t\tTem\u00e1ticas: <a href=\"https:\/\/sff-camara.com\/es\/temticas\/finanzas-sostenibles\/\" rel=\"tag\">Finanzas Sostenibles<\/a>\t\t\t\t\t\t\t\t<\/div>\n\t\t\t\t<\/div>\n\t\t\t\t\t\t<\/div>\r\n\t\t\t\t<\/div>\r\n\t\t\t\t\t\t\t\t<\/div>\r\n\t\t\t<\/section>\r\n\t\t\t\t\t<section class=\" elementor-section elementor-top-section elementor-element elementor-element-96a028b elementor-section-boxed elementor-section-height-default elementor-section-height-default\" data-id=\"96a028b\" data-element_type=\"section\" data-e-type=\"section\">\r\n\t\t\t\t\t\t\t\t<div class=\"elementor-container elementor-column-gap-default\">\r\n\t\t\t\t\r\n\t\t\t\t\t\t\t\t<div class=\" elementor-column elementor-col-33 elementor-top-column elementor-element elementor-element-088c787 \" data-id=\"088c787\" data-element_type=\"column\" data-e-type=\"column\">\r\n\r\n\t\t\t\t\r\n\t\t\t\t<div class=\"elementor-widget-wrap elementor-element-populated\">\r\n\t\t\t\t\t\t\t\t\t\t\r\n\t\t\t\t\t\t<div class=\"elementor-element elementor-element-24b4833 elementor-widget elementor-widget-udesign_widget_members elementor-widget-theme-post-content\" data-id=\"24b4833\" data-element_type=\"widget\" data-e-type=\"widget\" data-widget_type=\"udesign_widget_members.default\">\n\t\t\t\t<div class=\"elementor-widget-container\">\n\t\t\t\t\t<div class=\"posts members posts members row cols-lg-1 cols-md-1 cols-sm-1 cols-1 cols-xl-1\" data-post-type=\"boxed\">\r\n<div class=\"post-wrap \" data-post-image=\"medium_large\">\r\n\r\n\t\r\n\t<article class=\"post-4863 udesign_member type-udesign_member status-publish has-post-thumbnail hentry working-areas-asset-management-es working-areas-banking-es working-areas-insurance-es working-areas-tax-es interview-no-es udesign_member_category-fe-fundinfo-es post  member-boxed\">\r\n\t\t\t<figure class=\"post-media\">\r\n\t\t\t\t<a href=\"https:\/\/sff-camara.com\/es\/profesionales\/israel-cuesta\/\" aria-label=\"Member Image\">\r\n\t\t\t<img fetchpriority=\"high\" decoding=\"async\" width=\"741\" height=\"1112\" src=\"https:\/\/sff-camara.com\/wp-content\/uploads\/2023\/01\/IC-Photo-e1673900923103.jpg\" class=\"attachment-medium_large size-medium_large wp-post-image\" alt=\"\" \/>\t\t<\/a>\r\n\t\t<div class=\"member-hidden-social\"><div class=\"social-icons\"><a href=\"https:\/\/www.linkedin.com\/in\/israel-cuesta-04337915\/\" class=\"social-icon framed use-hover a-icon-linkedin-in social-linkedin\" target=\"_blank\" title=\"linkedin\" rel=\"noopener noreferrer\" aria-label=\"Member Social\"><\/a><\/div><\/div>\t<\/figure>\r\n\t<div class=\"post-details\">\r\n\t<h3 class=\"post-title\">\r\n\t<a href=\"https:\/\/sff-camara.com\/es\/profesionales\/israel-cuesta\/\">\r\n\t\tIsrael Cuesta\t<\/a>\r\n<\/h3>\r\n<div class=\"post-cats\"><a href=\"https:\/\/sff-camara.com\/es\/professionals_cat\/fe-fundinfo-es\/\" rel=\"tag\">FE fundinfo<\/a><\/div><\/div>\r\n\t<\/article>\r\n\r\n\t\r\n<\/div>\r\n\r\n<\/div>\t\t\t\t<\/div>\n\t\t\t\t<\/div>\n\t\t\t\t\t\t<\/div>\r\n\t\t\t\t<\/div>\r\n\t\t\t\t\t\t\t\t\t<div class=\" elementor-column elementor-col-66 elementor-top-column elementor-element elementor-element-db23b22 \" data-id=\"db23b22\" data-element_type=\"column\" data-e-type=\"column\">\r\n\r\n\t\t\t\t\r\n\t\t\t\t<div class=\"elementor-widget-wrap elementor-element-populated\">\r\n\t\t\t\t\t\t\t\t\t\t\r\n\t\t\t\t\t\t<div class=\"elementor-element elementor-element-559eac4 elementor-widget elementor-widget-image\" data-id=\"559eac4\" data-element_type=\"widget\" data-e-type=\"widget\" data-widget_type=\"image.default\">\n\t\t\t\t<div class=\"elementor-widget-container\">\n\t\t\t\t\t\t\t\t\t\t\t\t\t\t\t<img decoding=\"async\" src=\"https:\/\/sff-camara.com\/wp-content\/uploads\/elementor\/thumbs\/Comillas-SFF-q1fo8pxdu3my0a3w2rcjeqhjmlcl0w5uj1hb3v96nc.png\" title=\"Comillas SFF\" alt=\"Comillas SFF\" loading=\"lazy\" \/>\t\t\t\t\t\t\t\t\t\t\t\t\t\t\t<\/div>\n\t\t\t\t<\/div>\n\t\t\t\t<div class=\"elementor-element elementor-element-95935f4 elementor-widget elementor-widget-text-editor\" data-id=\"95935f4\" data-element_type=\"widget\" data-e-type=\"widget\" data-widget_type=\"text-editor.default\">\n\t\t\t\t<div class=\"elementor-widget-container\">\n\t\t\t\t\t\t\t\t\t<p>\u201cDesde la perspectiva del inversor y a nivel regulatorio, los \u201ccreadores\u201d y \u201cdistribuidores\u201d de productos financieros se enfrentan a una <b>r\u00e1pida evoluci\u00f3n de las normas y expectativas.<\/b> La UE ha posicionado la sostenibilidad como un objetivo clave en su agenda pol\u00edtica.<\/p>\n<p>Fundsquare, el principal centro de datos financieros de fondos domiciliados en Luxemburgo, aunque no se ve afectado directamente por ESG, se esfuerza para facilitar a sus clientes apoyo a lo largo de su <b>transici\u00f3n hacia estas nuevas normativas.<\/b><\/p>\n<p>Nuestra oferta de informaci\u00f3n y servicios regulatorios cumple directamente con las directivas ESG, y estamos potenciando nuestra actividad mediante nuevas alianzas.<span class=\"Apple-converted-space\">  <\/span>La combinaci\u00f3n de la infraestructura tecnol\u00f3gica de Fundsquare, junto al valor a\u00f1adido de la oferta de servicios de nuestros socios, proporciona una <b>cobertura casi integral durante todo el ciclo de vida del fondo.<\/b><span class=\"Apple-converted-space\">  <\/span>Esta posici\u00f3n privilegiada nos permite asimilar los nuevos est\u00e1ndares ESG en la recopilaci\u00f3n y difusi\u00f3n de datos, para ofrecer una mejor experiencia a nuestros clientes.\u201d<span class=\"Apple-converted-space\"> <\/span><\/p>\n\t\t\t\t\t\t\t\t<\/div>\n\t\t\t\t<\/div>\n\t\t\t\t\t\t<\/div>\r\n\t\t\t\t<\/div>\r\n\t\t\t\t\t\t\t\t<\/div>\r\n\t\t\t<\/section>\r\n\t\t\t\t\t<section class=\" elementor-section elementor-top-section elementor-element elementor-element-8fb4f80 elementor-section-boxed elementor-section-height-default elementor-section-height-default\" data-id=\"8fb4f80\" data-element_type=\"section\" data-e-type=\"section\">\r\n\t\t\t\t\t\t\t\t<div class=\"elementor-container elementor-column-gap-default\">\r\n\t\t\t\t\r\n\t\t\t\t\t\t\t\t<div class=\" elementor-column elementor-col-100 elementor-top-column elementor-element elementor-element-94dab31 \" data-id=\"94dab31\" data-element_type=\"column\" data-e-type=\"column\">\r\n\r\n\t\t\t\t\r\n\t\t\t\t<div class=\"elementor-widget-wrap elementor-element-populated\">\r\n\t\t\t\t\t\t\t\t\t\t\r\n\t\t\t\t\t\t<div class=\"elementor-element elementor-element-4bab44d elementor-widget-divider--view-line elementor-widget elementor-widget-divider\" data-id=\"4bab44d\" data-element_type=\"widget\" data-e-type=\"widget\" data-widget_type=\"divider.default\">\n\t\t\t\t<div class=\"elementor-widget-container\">\n\t\t\t\t\t\t\t<div class=\"elementor-divider\">\n\t\t\t<span class=\"elementor-divider-separator\">\n\t\t\t\t\t\t<\/span>\n\t\t<\/div>\n\t\t\t\t\t\t<\/div>\n\t\t\t\t<\/div>\n\t\t\t\t\t\t<\/div>\r\n\t\t\t\t<\/div>\r\n\t\t\t\t\t\t\t\t<\/div>\r\n\t\t\t<\/section>\r\n\t\t\t\t\t<section class=\" elementor-section elementor-top-section elementor-element elementor-element-9c2885a elementor-section-boxed elementor-section-height-default elementor-section-height-default\" data-id=\"9c2885a\" data-element_type=\"section\" data-e-type=\"section\">\r\n\t\t\t\t\t\t\t\t<div class=\"elementor-container elementor-column-gap-default\">\r\n\t\t\t\t\r\n\t\t\t\t\t\t\t\t<div class=\" elementor-column elementor-col-66 elementor-top-column elementor-element elementor-element-1bb0873 \" data-id=\"1bb0873\" data-element_type=\"column\" data-e-type=\"column\">\r\n\r\n\t\t\t\t\r\n\t\t\t\t<div class=\"elementor-widget-wrap elementor-element-populated\">\r\n\t\t\t\t\t\t\t\t\t\t\r\n\t\t\t\t\t\t<div class=\"elementor-element elementor-element-2ece3b6 elementor-widget elementor-widget-image\" data-id=\"2ece3b6\" data-element_type=\"widget\" data-e-type=\"widget\" data-widget_type=\"image.default\">\n\t\t\t\t<div class=\"elementor-widget-container\">\n\t\t\t\t\t\t\t\t\t\t\t\t\t\t\t<img decoding=\"async\" src=\"https:\/\/sff-camara.com\/wp-content\/uploads\/elementor\/thumbs\/Comillas-SFF-q1fo8pxdu3my0a3w2rcjeqhjmlcl0w5uj1hb3v96nc.png\" title=\"Comillas SFF\" alt=\"Comillas SFF\" loading=\"lazy\" \/>\t\t\t\t\t\t\t\t\t\t\t\t\t\t\t<\/div>\n\t\t\t\t<\/div>\n\t\t\t\t<div class=\"elementor-element elementor-element-3f35a25 elementor-widget elementor-widget-text-editor\" data-id=\"3f35a25\" data-element_type=\"widget\" data-e-type=\"widget\" data-widget_type=\"text-editor.default\">\n\t\t\t\t<div class=\"elementor-widget-container\">\n\t\t\t\t\t\t\t\t\t<p>\u201cBloomberg estima que los activos que consideran factores Ambientales, Sociales y de Gobierno Corporativo (ESG) podr\u00edan ascender hasta representar m\u00e1s de un tercio de los activos mundiales en 2025. En la actualidad, <b>Europa registra aproximadamente la mitad de los activos ESG<\/b>, pero en 2020 se produjo una importante expansi\u00f3n en EEUU y Asia, principalmente en Jap\u00f3n, y otros pa\u00edses del sudeste asi\u00e1tico podr\u00edan ser testigos de la siguiente ola de crecimiento.<span class=\"Apple-converted-space\"> <\/span><\/p>\n<p><b>GAM situ\u00f3 la sostenibilidad en el centro de su estrategia corporativa en 2020.<\/b> Esto ha supuesto el fortalecimiento de nuestra gobernanza corporativa, y el compromiso de publicar nuestro primer informe independiente de Sostenibilidad.<span class=\"Apple-converted-space\">  <\/span>Tambi\u00e9n, hemos creado un nuevo Comit\u00e9 de Sostenibilidad, presidido por Stephanie Maier, Global Head of Sustainable and Impact Investment.<\/p>\n<p>Estamos creando una <b>nueva gama de productos y estrategias sostenibles.<\/b> A principios de este a\u00f1o lanzamos el <b>Sustainable Local Emerging Bond Fund<\/b>, y ya est\u00e1n en preparaci\u00f3n otros productos.\u201d<span class=\"Apple-converted-space\"> <\/span><\/p>\n\t\t\t\t\t\t\t\t<\/div>\n\t\t\t\t<\/div>\n\t\t\t\t\t\t<\/div>\r\n\t\t\t\t<\/div>\r\n\t\t\t\t\t\t\t\t\t<div class=\" elementor-column elementor-col-33 elementor-top-column elementor-element elementor-element-60341bb \" data-id=\"60341bb\" data-element_type=\"column\" data-e-type=\"column\">\r\n\r\n\t\t\t\t\r\n\t\t\t\t<div class=\"elementor-widget-wrap elementor-element-populated\">\r\n\t\t\t\t\t\t\t\t\t\t\r\n\t\t\t\t\t\t<div class=\"elementor-element elementor-element-2b0f5f3 elementor-widget elementor-widget-udesign_widget_members elementor-widget-theme-post-content\" data-id=\"2b0f5f3\" data-element_type=\"widget\" data-e-type=\"widget\" data-widget_type=\"udesign_widget_members.default\">\n\t\t\t\t<div class=\"elementor-widget-container\">\n\t\t\t\t\t<div class=\"posts members posts members row cols-lg-1 cols-md-1 cols-sm-1 cols-1 cols-xl-1\" data-post-type=\"boxed\">\r\n<div class=\"post-wrap \" data-post-image=\"medium_large\">\r\n\r\n\t\r\n\t<article class=\"post-4912 udesign_member type-udesign_member status-publish has-post-thumbnail hentry working-areas-asset-management-es interview-si udesign_member_category-gam-investments-es post  member-boxed\">\r\n\t\t\t<figure class=\"post-media\">\r\n\t\t\t\t<a href=\"https:\/\/sff-camara.com\/es\/profesionales\/juan-ramon-caridad\/\" aria-label=\"Member Image\">\r\n\t\t\t<img decoding=\"async\" width=\"500\" height=\"527\" src=\"https:\/\/sff-camara.com\/wp-content\/uploads\/2023\/01\/JRC-Photo-e1673906873611.jpg\" class=\"attachment-medium_large size-medium_large wp-post-image\" alt=\"\" \/>\t\t<\/a>\r\n\t\t<div class=\"member-hidden-social\"><div class=\"social-icons\"><a href=\"https:\/\/www.linkedin.com\/in\/juan-ram\u00f3n-caridad-caia-mfia-4a94751\/\" class=\"social-icon framed use-hover a-icon-linkedin-in social-linkedin\" target=\"_blank\" title=\"linkedin\" rel=\"noopener noreferrer\" aria-label=\"Member Social\"><\/a><\/div><\/div>\t<\/figure>\r\n\t<div class=\"post-details\">\r\n\t<h3 class=\"post-title\">\r\n\t<a href=\"https:\/\/sff-camara.com\/es\/profesionales\/juan-ramon-caridad\/\">\r\n\t\tJuan Ram\u00f3n Caridad\t<\/a>\r\n<\/h3>\r\n<div class=\"post-cats\"><a href=\"https:\/\/sff-camara.com\/es\/professionals_cat\/gam-investments-es\/\" rel=\"tag\">GAM Investments<\/a><\/div><\/div>\r\n\t<\/article>\r\n\r\n\t\r\n<\/div>\r\n\r\n<\/div>\t\t\t\t<\/div>\n\t\t\t\t<\/div>\n\t\t\t\t\t\t<\/div>\r\n\t\t\t\t<\/div>\r\n\t\t\t\t\t\t\t\t<\/div>\r\n\t\t\t<\/section>\r\n\t\t\t\t\t<section class=\" elementor-section elementor-top-section elementor-element elementor-element-c0d0757 elementor-section-boxed elementor-section-height-default elementor-section-height-default\" data-id=\"c0d0757\" data-element_type=\"section\" data-e-type=\"section\">\r\n\t\t\t\t\t\t\t\t<div class=\"elementor-container elementor-column-gap-default\">\r\n\t\t\t\t\r\n\t\t\t\t\t\t\t\t<div class=\" elementor-column elementor-col-100 elementor-top-column elementor-element elementor-element-a930781 \" data-id=\"a930781\" data-element_type=\"column\" data-e-type=\"column\">\r\n\r\n\t\t\t\t\r\n\t\t\t\t<div class=\"elementor-widget-wrap elementor-element-populated\">\r\n\t\t\t\t\t\t\t\t\t\t\r\n\t\t\t\t\t\t<div class=\"elementor-element elementor-element-fed3430 elementor-widget-divider--view-line elementor-widget elementor-widget-divider\" data-id=\"fed3430\" data-element_type=\"widget\" data-e-type=\"widget\" data-widget_type=\"divider.default\">\n\t\t\t\t<div class=\"elementor-widget-container\">\n\t\t\t\t\t\t\t<div class=\"elementor-divider\">\n\t\t\t<span class=\"elementor-divider-separator\">\n\t\t\t\t\t\t<\/span>\n\t\t<\/div>\n\t\t\t\t\t\t<\/div>\n\t\t\t\t<\/div>\n\t\t\t\t<div class=\"elementor-element elementor-element-1e73218 elementor-widget elementor-widget-image\" data-id=\"1e73218\" data-element_type=\"widget\" data-e-type=\"widget\" data-widget_type=\"image.default\">\n\t\t\t\t<div class=\"elementor-widget-container\">\n\t\t\t\t\t\t\t\t\t\t\t\t\t\t\t<img decoding=\"async\" src=\"https:\/\/sff-camara.com\/wp-content\/uploads\/elementor\/thumbs\/Comillas-SFF-q1fo8pxdu3my0a3w2rcjeqhjmlcl0w5uj1hb3v96nc.png\" title=\"Comillas SFF\" alt=\"Comillas SFF\" loading=\"lazy\" \/>\t\t\t\t\t\t\t\t\t\t\t\t\t\t\t<\/div>\n\t\t\t\t<\/div>\n\t\t\t\t\t\t<\/div>\r\n\t\t\t\t<\/div>\r\n\t\t\t\t\t\t\t\t<\/div>\r\n\t\t\t<\/section>\r\n\t\t\t\t\t<section class=\" elementor-section elementor-top-section elementor-element elementor-element-644879b elementor-section-boxed elementor-section-height-default elementor-section-height-default\" data-id=\"644879b\" data-element_type=\"section\" data-e-type=\"section\">\r\n\t\t\t\t\t\t\t\t<div class=\"elementor-container elementor-column-gap-default\">\r\n\t\t\t\t\r\n\t\t\t\t\t\t\t\t<div class=\" elementor-column elementor-col-100 elementor-top-column elementor-element elementor-element-0f4f1d8 \" data-id=\"0f4f1d8\" data-element_type=\"column\" data-e-type=\"column\">\r\n\r\n\t\t\t\t\r\n\t\t\t\t<div class=\"elementor-widget-wrap elementor-element-populated\">\r\n\t\t\t\t\t\t\t\t\t\t\r\n\t\t\t\t\t\t<div class=\"elementor-element elementor-element-2174f1c elementor-widget elementor-widget-testimonial\" data-id=\"2174f1c\" data-element_type=\"widget\" data-e-type=\"widget\" data-widget_type=\"testimonial.default\">\n\t\t\t\t<div class=\"elementor-widget-container\">\n\t\t\t\t\t\t\t<div class=\"elementor-testimonial-wrapper\">\n\t\t\t\t\t\t\t<div class=\"elementor-testimonial-content\"><p>\u201cLa ola ESG tambi\u00e9n ha llegado a la industria de fondos de inversi\u00f3n. De hecho, se trata de un factor crucial que los gestores deben tener en cuenta para la evoluci\u00f3n del sector, tanto a nivel general en el mercado europeo, como en Luxemburgo y Espa\u00f1a en particular. <\/p>\n<p>Mientras que los gestores todav\u00eda est\u00e1n decidiendo si consideran los factores ESG o no, los inversores minoristas e institucionales han dejado clara su posici\u00f3n: est\u00e1n fuertemente a favor de los ESG, y ya los est\u00e1n situando en primer lugar en su decisi\u00f3n a la hora de invertir en un fondo. <\/p>\n<p>Las Administraciones P\u00fablicas tambi\u00e9n est\u00e1n asumiendo un papel de liderazgo en materia ESG, como podr\u00eda evidenciarse en el incentivo proporcionado a los fondos luxemburgueses que consideran los criterios ESG, en forma de una menor fiscalidad aplicada por el regulador local. Ante esta demanda, ADEPA ha creado un equipo dedicado a ayudar a los clientes a navegar por el mundo de los ESG y a posicionarse para el futuro.\u201d<\/p>\n<\/div>\n\t\t\t\n\t\t\t\t\t\t<div class=\"elementor-testimonial-meta elementor-has-image elementor-testimonial-image-position-top\">\n\t\t\t\t<div class=\"elementor-testimonial-meta-inner\">\n\t\t\t\t\t\t\t\t\t\t\t<div class=\"elementor-testimonial-image\">\n\t\t\t\t\t\t\t<img decoding=\"async\" src=\"https:\/\/sff-camara.com\/wp-content\/uploads\/elementor\/thumbs\/BS-Photo-scaled-q0lrlvwe8zamb5sn9v6o2jtgyv4t1qpfg7md80bkxk.jpg\" title=\"BS Photo\" alt=\"BS Photo\" loading=\"lazy\" \/>\t\t\t\t\t\t<\/div>\n\t\t\t\t\t\n\t\t\t\t\t\t\t\t\t\t<div class=\"elementor-testimonial-details\">\n\t\t\t\t\t\t\t\t\t\t\t\t\t\t<div class=\"elementor-testimonial-name\">Borja Sancho<\/div>\n\t\t\t\t\t\t\t\t\t\t\t\t\t\t\t\t\t\t\t\t\t\t<div class=\"elementor-testimonial-job\">Head of Spain Branch, ADEPA Global Services Group<\/div>\n\t\t\t\t\t\t\t\t\t\t\t\t\t<\/div>\n\t\t\t\t\t\t\t\t\t<\/div>\n\t\t\t<\/div>\n\t\t\t\t\t<\/div>\n\t\t\t\t\t\t<\/div>\n\t\t\t\t<\/div>\n\t\t\t\t<div class=\"elementor-element elementor-element-f005393 elementor-widget elementor-widget-spacer\" data-id=\"f005393\" data-element_type=\"widget\" data-e-type=\"widget\" data-widget_type=\"spacer.default\">\n\t\t\t\t<div class=\"elementor-widget-container\">\n\t\t\t\t\t\t\t<div class=\"elementor-spacer\">\n\t\t\t<div class=\"elementor-spacer-inner\"><\/div>\n\t\t<\/div>\n\t\t\t\t\t\t<\/div>\n\t\t\t\t<\/div>\n\t\t\t\t<div class=\"elementor-element elementor-element-f09eff7 elementor-widget-divider--view-line elementor-widget elementor-widget-divider\" data-id=\"f09eff7\" data-element_type=\"widget\" data-e-type=\"widget\" data-widget_type=\"divider.default\">\n\t\t\t\t<div class=\"elementor-widget-container\">\n\t\t\t\t\t\t\t<div class=\"elementor-divider\">\n\t\t\t<span class=\"elementor-divider-separator\">\n\t\t\t\t\t\t<\/span>\n\t\t<\/div>\n\t\t\t\t\t\t<\/div>\n\t\t\t\t<\/div>\n\t\t\t\t<div class=\"elementor-element elementor-element-05f31a4 elementor-widget elementor-widget-image\" data-id=\"05f31a4\" data-element_type=\"widget\" data-e-type=\"widget\" data-widget_type=\"image.default\">\n\t\t\t\t<div class=\"elementor-widget-container\">\n\t\t\t\t\t\t\t\t\t\t\t\t\t\t\t<img decoding=\"async\" src=\"https:\/\/sff-camara.com\/wp-content\/uploads\/elementor\/thumbs\/Comillas-SFF-q1fo8pxdu3my0a3w2rcjeqhjmlcl0w5uj1hb3v96nc.png\" title=\"Comillas SFF\" alt=\"Comillas SFF\" loading=\"lazy\" \/>\t\t\t\t\t\t\t\t\t\t\t\t\t\t\t<\/div>\n\t\t\t\t<\/div>\n\t\t\t\t<div class=\"elementor-element elementor-element-e3677d3 elementor-widget elementor-widget-spacer\" data-id=\"e3677d3\" data-element_type=\"widget\" data-e-type=\"widget\" data-widget_type=\"spacer.default\">\n\t\t\t\t<div class=\"elementor-widget-container\">\n\t\t\t\t\t\t\t<div class=\"elementor-spacer\">\n\t\t\t<div class=\"elementor-spacer-inner\"><\/div>\n\t\t<\/div>\n\t\t\t\t\t\t<\/div>\n\t\t\t\t<\/div>\n\t\t\t\t<div class=\"elementor-element elementor-element-a5a0b8f elementor-widget elementor-widget-testimonial\" data-id=\"a5a0b8f\" data-element_type=\"widget\" data-e-type=\"widget\" data-widget_type=\"testimonial.default\">\n\t\t\t\t<div class=\"elementor-widget-container\">\n\t\t\t\t\t\t\t<div class=\"elementor-testimonial-wrapper\">\n\t\t\t\t\t\t\t<div class=\"elementor-testimonial-content\"><p>\u201cLas nuevas normativas no han supuesto un cambio radical en las pol\u00edticas de Lombard International Assurance, que ya tomaba en consideraci\u00f3n los criterios sostenibles en su actuaci\u00f3n.<\/p>\n<p>Sin embargo, s\u00ed han dinamizado la implementaci\u00f3n de procedimientos internos para la promoci\u00f3n de inversiones que cumplan con dichos criterios, para facilitar informaci\u00f3n transparente al respecto y para el monitoreo del cumplimiento de dichos objetivos. <\/p>\n<p>Pr\u00f3ximamente veremos tambi\u00e9n el impacto de estos criterios reflejados en una oferta de producto m\u00e1s atractiva que excluir\u00e1, por ejemplo, la posibilidad de invertir en activos potencialmente \u201cda\u00f1inos\u201d y nos permitir\u00e1 dise\u00f1ar junto con nuestros partners seguros unit-linked \u201cque inviertan en sostenibilidad\u201d.<\/p>\n<p>Todo esto supone un esfuerzo en la actualidad que seguro dar\u00e1 sus frutos: consiguiendo una gesti\u00f3n m\u00e1s sostenible de la riqueza, priorizando la creaci\u00f3n de valor a largo plazo y el beneficio de la sociedad en su conjunto.\u201d<\/p>\n<\/div>\n\t\t\t\n\t\t\t\t\t\t<div class=\"elementor-testimonial-meta elementor-has-image elementor-testimonial-image-position-top\">\n\t\t\t\t<div class=\"elementor-testimonial-meta-inner\">\n\t\t\t\t\t\t\t\t\t\t\t<div class=\"elementor-testimonial-image\">\n\t\t\t\t\t\t\t<img decoding=\"async\" src=\"https:\/\/sff-camara.com\/wp-content\/uploads\/elementor\/thumbs\/MGC-Photo-q0lrm9zz3htx5b85zja2ly9dvn7b979ei5enf5qoc8.jpg\" title=\"MGC Photo\" alt=\"MGC Photo\" loading=\"lazy\" \/>\t\t\t\t\t\t<\/div>\n\t\t\t\t\t\n\t\t\t\t\t\t\t\t\t\t<div class=\"elementor-testimonial-details\">\n\t\t\t\t\t\t\t\t\t\t\t\t\t\t<div class=\"elementor-testimonial-name\">Marta Garc\u00eda Cort\u00e9s<\/div>\n\t\t\t\t\t\t\t\t\t\t\t\t\t\t\t\t\t\t\t\t\t\t<div class=\"elementor-testimonial-job\">Wealth Planner Spain and Portugal, Lombard International Assurance<\/div>\n\t\t\t\t\t\t\t\t\t\t\t\t\t<\/div>\n\t\t\t\t\t\t\t\t\t<\/div>\n\t\t\t<\/div>\n\t\t\t\t\t<\/div>\n\t\t\t\t\t\t<\/div>\n\t\t\t\t<\/div>\n\t\t\t\t\t\t<\/div>\r\n\t\t\t\t<\/div>\r\n\t\t\t\t\t\t\t\t<\/div>\r\n\t\t\t<\/section>\r\n\t\t\t\t\t<section class=\" elementor-section elementor-top-section elementor-element elementor-element-7f41d754 elementor-section-boxed elementor-section-height-default elementor-section-height-default\" data-id=\"7f41d754\" data-element_type=\"section\" data-e-type=\"section\">\r\n\t\t\t\t\t\t\t\t<div class=\"elementor-container elementor-column-gap-default\">\r\n\t\t\t\t\r\n\t\t\t\t\t\t\t\t<div class=\" elementor-column elementor-col-100 elementor-top-column elementor-element elementor-element-1a0e6fb8 \" data-id=\"1a0e6fb8\" data-element_type=\"column\" data-e-type=\"column\">\r\n\r\n\t\t\t\t\r\n\t\t\t\t<div class=\"elementor-widget-wrap elementor-element-populated\">\r\n\t\t\t\t\t\t\t\t\t\t\r\n\t\t\t\t\t\t<div class=\"elementor-element elementor-element-7db0e50f elementor-widget elementor-widget-spacer\" data-id=\"7db0e50f\" data-element_type=\"widget\" data-e-type=\"widget\" data-widget_type=\"spacer.default\">\n\t\t\t\t<div class=\"elementor-widget-container\">\n\t\t\t\t\t\t\t<div class=\"elementor-spacer\">\n\t\t\t<div class=\"elementor-spacer-inner\"><\/div>\n\t\t<\/div>\n\t\t\t\t\t\t<\/div>\n\t\t\t\t<\/div>\n\t\t\t\t<div class=\"elementor-element elementor-element-b904ef0 elementor-widget elementor-widget-shortcode\" data-id=\"b904ef0\" data-element_type=\"widget\" data-e-type=\"widget\" data-widget_type=\"shortcode.default\">\n\t\t\t\t<div class=\"elementor-widget-container\">\n\t\t\t\t\t\t\t<div class=\"elementor-shortcode\"><div class=\"sharethis-inline-share-buttons\"><\/div><\/div>\n\t\t\t\t\t\t<\/div>\n\t\t\t\t<\/div>\n\t\t\t\t<div class=\"elementor-element elementor-element-77b6fd2f elementor-widget elementor-widget-spacer\" data-id=\"77b6fd2f\" data-element_type=\"widget\" data-e-type=\"widget\" data-widget_type=\"spacer.default\">\n\t\t\t\t<div class=\"elementor-widget-container\">\n\t\t\t\t\t\t\t<div class=\"elementor-spacer\">\n\t\t\t<div class=\"elementor-spacer-inner\"><\/div>\n\t\t<\/div>\n\t\t\t\t\t\t<\/div>\n\t\t\t\t<\/div>\n\t\t\t\t<div class=\"elementor-element elementor-element-5d6f8465 elementor-widget-divider--view-line elementor-widget elementor-widget-divider\" data-id=\"5d6f8465\" data-element_type=\"widget\" data-e-type=\"widget\" data-widget_type=\"divider.default\">\n\t\t\t\t<div class=\"elementor-widget-container\">\n\t\t\t\t\t\t\t<div class=\"elementor-divider\">\n\t\t\t<span class=\"elementor-divider-separator\">\n\t\t\t\t\t\t<\/span>\n\t\t<\/div>\n\t\t\t\t\t\t<\/div>\n\t\t\t\t<\/div>\n\t\t\t\t<section class=\" elementor-section elementor-inner-section elementor-element elementor-element-4f276682 elementor-section-boxed elementor-section-height-default elementor-section-height-default\" data-id=\"4f276682\" data-element_type=\"section\" data-e-type=\"section\">\r\n\t\t\t\t\t\t\t\t<div class=\"elementor-container elementor-column-gap-default\">\r\n\t\t\t\t\r\n\t\t\t\t\t\t\t\t<div class=\" elementor-column elementor-col-50 elementor-inner-column elementor-element elementor-element-5b59ce80 \" data-id=\"5b59ce80\" data-element_type=\"column\" data-e-type=\"column\">\r\n\r\n\t\t\t\t\r\n\t\t\t\t<div class=\"elementor-widget-wrap elementor-element-populated\">\r\n\t\t\t\t\t\t\t\t\t\t\r\n\t\t\t\t\t\t<div class=\"elementor-element elementor-element-2f25e0e9 elementor-widget elementor-widget-wp-widget-tag_cloud\" data-id=\"2f25e0e9\" data-element_type=\"widget\" data-e-type=\"widget\" data-widget_type=\"wp-widget-tag_cloud.default\">\n\t\t\t\t<div class=\"elementor-widget-container\">\n\t\t\t\t\t<div class=\"widget widget_tag_cloud widget-collapsible\"><h3 class=\"widget-title\">Buscar publicaciones por tem\u00e1ticas<\/h3><div class=\"tagcloud\"><a href=\"https:\/\/sff-camara.com\/es\/temticas\/activos-digitales\/\" class=\"tag-cloud-link tag-link-302 tag-link-position-1\" style=\"font-size: 11.559322033898pt;\" aria-label=\"Activos Digitales (3 elementos)\">Activos Digitales<span class=\"tag-link-count\"> (3)<\/span><\/a>\n<a href=\"https:\/\/sff-camara.com\/es\/temticas\/alternative-investment-es\/\" class=\"tag-cloud-link tag-link-291 tag-link-position-2\" style=\"font-size: 21.050847457627pt;\" aria-label=\"Alternative Investment (24 elementos)\">Alternative Investment<span class=\"tag-link-count\"> (24)<\/span><\/a>\n<a href=\"https:\/\/sff-camara.com\/es\/temticas\/aml-es\/\" class=\"tag-cloud-link tag-link-266 tag-link-position-3\" style=\"font-size: 8pt;\" aria-label=\"AML (1 elemento)\">AML<span class=\"tag-link-count\"> (1)<\/span><\/a>\n<a href=\"https:\/\/sff-camara.com\/es\/temticas\/arte\/\" class=\"tag-cloud-link tag-link-247 tag-link-position-4\" style=\"font-size: 8pt;\" aria-label=\"Arte (1 elemento)\">Arte<span class=\"tag-link-count\"> (1)<\/span><\/a>\n<a href=\"https:\/\/sff-camara.com\/es\/temticas\/asesoramiento\/\" class=\"tag-cloud-link tag-link-211 tag-link-position-5\" style=\"font-size: 15.118644067797pt;\" aria-label=\"Asesoramiento (7 elementos)\">Asesoramiento<span class=\"tag-link-count\"> (7)<\/span><\/a>\n<a href=\"https:\/\/sff-camara.com\/es\/temticas\/asset-management-es\/\" class=\"tag-cloud-link tag-link-213 tag-link-position-6\" style=\"font-size: 22pt;\" aria-label=\"Asset Management (29 elementos)\">Asset Management<span class=\"tag-link-count\"> (29)<\/span><\/a>\n<a href=\"https:\/\/sff-camara.com\/es\/temticas\/banca-digital\/\" class=\"tag-cloud-link tag-link-164 tag-link-position-7\" style=\"font-size: 15.118644067797pt;\" aria-label=\"Banca Digital (7 elementos)\">Banca Digital<span class=\"tag-link-count\"> (7)<\/span><\/a>\n<a href=\"https:\/\/sff-camara.com\/es\/temticas\/banking-es\/\" class=\"tag-cloud-link tag-link-161 tag-link-position-8\" style=\"font-size: 19.389830508475pt;\" aria-label=\"Banking (17 elementos)\">Banking<span class=\"tag-link-count\"> (17)<\/span><\/a>\n<a href=\"https:\/\/sff-camara.com\/es\/temticas\/capital-riesgo\/\" class=\"tag-cloud-link tag-link-170 tag-link-position-9\" style=\"font-size: 12.745762711864pt;\" aria-label=\"Capital Riesgo (4 elementos)\">Capital Riesgo<span class=\"tag-link-count\"> (4)<\/span><\/a>\n<a href=\"https:\/\/sff-camara.com\/es\/temticas\/compliance-es\/\" class=\"tag-cloud-link tag-link-264 tag-link-position-10\" style=\"font-size: 8pt;\" aria-label=\"Compliance (1 elemento)\">Compliance<span class=\"tag-link-count\"> (1)<\/span><\/a>\n<a href=\"https:\/\/sff-camara.com\/es\/temticas\/consejero-independiente\/\" class=\"tag-cloud-link tag-link-290 tag-link-position-11\" style=\"font-size: 14.525423728814pt;\" aria-label=\"Consejero Independiente (6 elementos)\">Consejero Independiente<span class=\"tag-link-count\"> (6)<\/span><\/a>\n<a href=\"https:\/\/sff-camara.com\/es\/temticas\/criptoactivos\/\" class=\"tag-cloud-link tag-link-175 tag-link-position-12\" style=\"font-size: 11.559322033898pt;\" aria-label=\"Criptoactivos (3 elementos)\">Criptoactivos<span class=\"tag-link-count\"> (3)<\/span><\/a>\n<a href=\"https:\/\/sff-camara.com\/es\/temticas\/distribucion-de-fondos\/\" class=\"tag-cloud-link tag-link-173 tag-link-position-13\" style=\"font-size: 20.576271186441pt;\" aria-label=\"Distribuci\u00f3n de fondos (22 elementos)\">Distribuci\u00f3n de fondos<span class=\"tag-link-count\"> (22)<\/span><\/a>\n<a href=\"https:\/\/sff-camara.com\/es\/temticas\/diversidad\/\" class=\"tag-cloud-link tag-link-278 tag-link-position-14\" style=\"font-size: 15.71186440678pt;\" aria-label=\"Diversidad (8 elementos)\">Diversidad<span class=\"tag-link-count\"> (8)<\/span><\/a>\n<a href=\"https:\/\/sff-camara.com\/es\/temticas\/empresas-familiares\/\" class=\"tag-cloud-link tag-link-269 tag-link-position-15\" style=\"font-size: 12.745762711864pt;\" aria-label=\"Empresas Familiares (4 elementos)\">Empresas Familiares<span class=\"tag-link-count\"> (4)<\/span><\/a>\n<a href=\"https:\/\/sff-camara.com\/es\/temticas\/family-offices-es\/\" class=\"tag-cloud-link tag-link-245 tag-link-position-16\" style=\"font-size: 10.135593220339pt;\" aria-label=\"Family Offices (2 elementos)\">Family Offices<span class=\"tag-link-count\"> (2)<\/span><\/a>\n<a href=\"https:\/\/sff-camara.com\/es\/temticas\/finanzas-sostenibles\/\" class=\"tag-cloud-link tag-link-160 tag-link-position-17\" style=\"font-size: 21.050847457627pt;\" aria-label=\"Finanzas Sostenibles (24 elementos)\">Finanzas Sostenibles<span class=\"tag-link-count\"> (24)<\/span><\/a>\n<a href=\"https:\/\/sff-camara.com\/es\/temticas\/fintech-es\/\" class=\"tag-cloud-link tag-link-163 tag-link-position-18\" style=\"font-size: 16.779661016949pt;\" aria-label=\"Fintech (10 elementos)\">Fintech<span class=\"tag-link-count\"> (10)<\/span><\/a>\n<a href=\"https:\/\/sff-camara.com\/es\/temticas\/gestion-patrimonial\/\" class=\"tag-cloud-link tag-link-176 tag-link-position-19\" style=\"font-size: 17.610169491525pt;\" aria-label=\"Gesti\u00f3n Patrimonial (12 elementos)\">Gesti\u00f3n Patrimonial<span class=\"tag-link-count\"> (12)<\/span><\/a>\n<a href=\"https:\/\/sff-camara.com\/es\/temticas\/gobernanza\/\" class=\"tag-cloud-link tag-link-249 tag-link-position-20\" style=\"font-size: 16.305084745763pt;\" aria-label=\"Gobernanza (9 elementos)\">Gobernanza<span class=\"tag-link-count\"> (9)<\/span><\/a>\n<a href=\"https:\/\/sff-camara.com\/es\/temticas\/hr\/\" class=\"tag-cloud-link tag-link-304 tag-link-position-21\" style=\"font-size: 8pt;\" aria-label=\"HR (1 elemento)\">HR<span class=\"tag-link-count\"> (1)<\/span><\/a>\n<a href=\"https:\/\/sff-camara.com\/es\/temticas\/internacionalizacion\/\" class=\"tag-cloud-link tag-link-280 tag-link-position-22\" style=\"font-size: 8pt;\" aria-label=\"Internacionalizaci\u00f3n (1 elemento)\">Internacionalizaci\u00f3n<span class=\"tag-link-count\"> (1)<\/span><\/a>\n<a href=\"https:\/\/sff-camara.com\/es\/temticas\/inversiones-alternativas\/\" class=\"tag-cloud-link tag-link-297 tag-link-position-23\" style=\"font-size: 11.559322033898pt;\" aria-label=\"Inversiones Alternativas (3 elementos)\">Inversiones Alternativas<span class=\"tag-link-count\"> (3)<\/span><\/a>\n<a href=\"https:\/\/sff-camara.com\/es\/temticas\/latam-es\/\" class=\"tag-cloud-link tag-link-167 tag-link-position-24\" style=\"font-size: 16.305084745763pt;\" aria-label=\"LATAM (9 elementos)\">LATAM<span class=\"tag-link-count\"> (9)<\/span><\/a>\n<a href=\"https:\/\/sff-camara.com\/es\/temticas\/legal-es\/\" class=\"tag-cloud-link tag-link-233 tag-link-position-25\" style=\"font-size: 16.779661016949pt;\" aria-label=\"Legal (10 elementos)\">Legal<span class=\"tag-link-count\"> (10)<\/span><\/a>\n<a href=\"https:\/\/sff-camara.com\/es\/temticas\/mercado-de-capitales\/\" class=\"tag-cloud-link tag-link-309 tag-link-position-26\" style=\"font-size: 8pt;\" aria-label=\"Mercado de Capitales (1 elemento)\">Mercado de Capitales<span class=\"tag-link-count\"> (1)<\/span><\/a>\n<a href=\"https:\/\/sff-camara.com\/es\/temticas\/precios-de-transferencia\/\" class=\"tag-cloud-link tag-link-271 tag-link-position-27\" style=\"font-size: 10.135593220339pt;\" aria-label=\"Precios de Transferencia (2 elementos)\">Precios de Transferencia<span class=\"tag-link-count\"> (2)<\/span><\/a>\n<a href=\"https:\/\/sff-camara.com\/es\/temticas\/real-estate\/\" class=\"tag-cloud-link tag-link-338 tag-link-position-28\" style=\"font-size: 10.135593220339pt;\" aria-label=\"Real Estate (2 elementos)\">Real Estate<span class=\"tag-link-count\"> (2)<\/span><\/a>\n<a href=\"https:\/\/sff-camara.com\/es\/temticas\/reaseguro\/\" class=\"tag-cloud-link tag-link-172 tag-link-position-29\" style=\"font-size: 10.135593220339pt;\" aria-label=\"Reaseguro (2 elementos)\">Reaseguro<span class=\"tag-link-count\"> (2)<\/span><\/a>\n<a href=\"https:\/\/sff-camara.com\/es\/tag\/rrhh\/\" class=\"tag-cloud-link tag-link-178 tag-link-position-30\" style=\"font-size: 16.305084745763pt;\" aria-label=\"RRHH (9 elementos)\">RRHH<span class=\"tag-link-count\"> (9)<\/span><\/a>\n<a href=\"https:\/\/sff-camara.com\/es\/temticas\/seguros\/\" class=\"tag-cloud-link tag-link-180 tag-link-position-31\" style=\"font-size: 10.135593220339pt;\" aria-label=\"Seguros (2 elementos)\">Seguros<span class=\"tag-link-count\"> (2)<\/span><\/a>\n<a href=\"https:\/\/sff-camara.com\/es\/temticas\/seguros-de-vida-unit-linked\/\" class=\"tag-cloud-link tag-link-169 tag-link-position-32\" style=\"font-size: 13.694915254237pt;\" aria-label=\"Seguros de vida Unit-linked (5 elementos)\">Seguros de vida Unit-linked<span class=\"tag-link-count\"> (5)<\/span><\/a>\n<a href=\"https:\/\/sff-camara.com\/es\/temticas\/tax-es\/\" class=\"tag-cloud-link tag-link-162 tag-link-position-33\" style=\"font-size: 19.033898305085pt;\" aria-label=\"Tax (16 elementos)\">Tax<span class=\"tag-link-count\"> (16)<\/span><\/a>\n<a href=\"https:\/\/sff-camara.com\/es\/temticas\/tecnologia\/\" class=\"tag-cloud-link tag-link-231 tag-link-position-34\" style=\"font-size: 14.525423728814pt;\" aria-label=\"Tecnolog\u00eda (6 elementos)\">Tecnolog\u00eda<span class=\"tag-link-count\"> (6)<\/span><\/a>\n<a href=\"https:\/\/sff-camara.com\/es\/temticas\/tendencias\/\" class=\"tag-cloud-link tag-link-223 tag-link-position-35\" style=\"font-size: 20.101694915254pt;\" aria-label=\"Tendencias (20 elementos)\">Tendencias<span class=\"tag-link-count\"> (20)<\/span><\/a>\n<a href=\"https:\/\/sff-camara.com\/es\/temticas\/tic\/\" class=\"tag-cloud-link tag-link-267 tag-link-position-36\" style=\"font-size: 8pt;\" aria-label=\"TIC (1 elemento)\">TIC<span class=\"tag-link-count\"> (1)<\/span><\/a>\n<a href=\"https:\/\/sff-camara.com\/es\/temticas\/ue\/\" class=\"tag-cloud-link tag-link-222 tag-link-position-37\" style=\"font-size: 14.525423728814pt;\" aria-label=\"UE (6 elementos)\">UE<span class=\"tag-link-count\"> (6)<\/span><\/a><\/div>\n<\/div>\t\t\t\t<\/div>\n\t\t\t\t<\/div>\n\t\t\t\t\t\t<\/div>\r\n\t\t\t\t<\/div>\r\n\t\t\t\t\t\t\t\t\t<div class=\" elementor-column elementor-col-50 elementor-inner-column elementor-element elementor-element-491e317e \" data-id=\"491e317e\" data-element_type=\"column\" data-e-type=\"column\">\r\n\r\n\t\t\t\t\r\n\t\t\t\t<div class=\"elementor-widget-wrap elementor-element-populated\">\r\n\t\t\t\t\t\t\t\t\t\t\r\n\t\t\t\t\t\t<div class=\"elementor-element elementor-element-30e6e63f elementor-widget elementor-widget-sidebar\" data-id=\"30e6e63f\" data-element_type=\"widget\" data-e-type=\"widget\" data-widget_type=\"sidebar.default\">\n\t\t\t\t<div class=\"elementor-widget-container\">\n\t\t\t\t\t<nav id=\"categories-2\" class=\"widget widget_categories\"><h3 class=\"widget-title\">Buscar por ediciones del SFF Magazine<\/h3><form action=\"https:\/\/sff-camara.com\/es\/\" method=\"get\"><label class=\"screen-reader-text\" for=\"cat\">Buscar por ediciones del SFF Magazine<\/label><select  name='cat' aria-label='Categories to search' id='cat' class='postform'>\n\t<option value='-1'>Elegir la categor\u00eda<\/option>\n\t<option class=\"level-0\" value=\"124\">Noticias&nbsp;&nbsp;(44)<\/option>\n\t<option class=\"level-0\" value=\"159\">SFF Magazine Abril 2021&nbsp;&nbsp;(12)<\/option>\n\t<option class=\"level-0\" value=\"174\">SFF Magazine Abril 2022&nbsp;&nbsp;(8)<\/option>\n\t<option class=\"level-0\" value=\"239\">SFF Magazine Diciembre 2023&nbsp;&nbsp;(8)<\/option>\n\t<option class=\"level-0\" value=\"289\">SFF Magazine Diciembre 2024&nbsp;&nbsp;(12)<\/option>\n\t<option class=\"level-0\" value=\"307\">SFF Magazine Diciembre 2025&nbsp;&nbsp;(6)<\/option>\n\t<option class=\"level-0\" value=\"168\">SFF Magazine Julio 2021&nbsp;&nbsp;(13)<\/option>\n\t<option class=\"level-0\" value=\"177\">SFF Magazine Julio 2022&nbsp;&nbsp;(10)<\/option>\n\t<option class=\"level-0\" value=\"215\">SFF Magazine Junio 2023&nbsp;&nbsp;(7)<\/option>\n\t<option class=\"level-0\" value=\"273\">SFF Magazine Junio 2024&nbsp;&nbsp;(10)<\/option>\n\t<option class=\"level-0\" value=\"296\">SFF Magazine Junio 2025&nbsp;&nbsp;(11)<\/option>\n\t<option class=\"level-0\" value=\"205\">SFF Magazine Marzo 2023&nbsp;&nbsp;(9)<\/option>\n\t<option class=\"level-0\" value=\"257\">SFF Magazine Marzo 2024&nbsp;&nbsp;(13)<\/option>\n\t<option class=\"level-0\" value=\"293\">SFF Magazine Marzo 2025&nbsp;&nbsp;(10)<\/option>\n\t<option class=\"level-0\" value=\"336\">SFF Magazine Marzo 2026&nbsp;&nbsp;(13)<\/option>\n\t<option class=\"level-0\" value=\"171\">SFF Magazine Octubre 2021&nbsp;&nbsp;(11)<\/option>\n\t<option class=\"level-0\" value=\"165\">SFF Magazine Octubre 2022&nbsp;&nbsp;(10)<\/option>\n\t<option class=\"level-0\" value=\"230\">SFF Magazine Septiembre 2023&nbsp;&nbsp;(8)<\/option>\n\t<option class=\"level-0\" value=\"282\">SFF Magazine Septiembre 2024&nbsp;&nbsp;(9)<\/option>\n\t<option class=\"level-0\" value=\"299\">SFF Magazine Septiembre 2025&nbsp;&nbsp;(8)<\/option>\n\t<option class=\"level-0\" value=\"53\">Sin categorizar&nbsp;&nbsp;(8)<\/option>\n<\/select>\n<\/form><script>\n( ( dropdownId ) => {\n\tconst dropdown = document.getElementById( dropdownId );\n\tfunction onSelectChange() {\n\t\tsetTimeout( () => {\n\t\t\tif ( 'escape' === dropdown.dataset.lastkey ) {\n\t\t\t\treturn;\n\t\t\t}\n\t\t\tif ( dropdown.value && parseInt( dropdown.value ) > 0 && dropdown instanceof HTMLSelectElement ) {\n\t\t\t\tdropdown.parentElement.submit();\n\t\t\t}\n\t\t}, 250 );\n\t}\n\tfunction onKeyUp( event ) {\n\t\tif ( 'Escape' === event.key ) {\n\t\t\tdropdown.dataset.lastkey = 'escape';\n\t\t} else {\n\t\t\tdelete dropdown.dataset.lastkey;\n\t\t}\n\t}\n\tfunction onClick() {\n\t\tdelete dropdown.dataset.lastkey;\n\t}\n\tdropdown.addEventListener( 'keyup', onKeyUp );\n\tdropdown.addEventListener( 'click', onClick );\n\tdropdown.addEventListener( 'change', onSelectChange );\n})( \"cat\" );\n\n\/\/# sourceURL=WP_Widget_Categories%3A%3Awidget\n<\/script>\n<\/nav><nav id=\"search-3\" class=\"widget widget_search\"><h3 class=\"widget-title\">Buscar publicaciones<\/h3>\r\n\t<div class=\"search-wrapper  hs-start light-style\">\r\n\t\t\r\n\t\t\t\t<form action=\"https:\/\/sff-camara.com\/es\/\/\" method=\"get\" class=\"input-wrapper\">\r\n\t\t\t<input type=\"hidden\" name=\"post_type\" value=\"post\"\/>\r\n\r\n\t\t\t<input type=\"search\" aria-label=\"Search\" class=\"form-control\" name=\"s\" placeholder=\"\" required=\"\" autocomplete=\"off\">\r\n\r\n\t\t\t\r\n\t\t\t\r\n\t\t\t<button class=\"btn btn-search\" aria-label=\"Search Button\" type=\"submit\">\r\n\t\t\t\t<i class=\"a-icon-search\"><\/i>\r\n\t\t\t<\/button>\r\n\r\n\t\t\t\t\t<div class=\"hs-close\">\r\n\t\t\t\t<a href=\"#\" aria-label=\"Close\">\r\n\t\t\t\t\t<span class=\"close-wrap\">\r\n\t\t\t\t\t\t<span class=\"close-line close-line1\"><\/span>\r\n\t\t\t\t\t\t<span class=\"close-line close-line2\"><\/span>\r\n\t\t\t\t\t<\/span>\r\n\t\t\t\t<\/a>\r\n\t\t\t<\/div>\r\n\t\t\r\n\t\t<\/form>\r\n\t\t\t<\/div>\r\n\r\n\t\t<\/nav>\t\t\t\t<\/div>\n\t\t\t\t<\/div>\n\t\t\t\t\t\t<\/div>\r\n\t\t\t\t<\/div>\r\n\t\t\t\t\t\t\t\t<\/div>\r\n\t\t\t<\/section>\r\n\t\t\t\t\t<div class=\"elementor-element elementor-element-7695b7c elementor-widget-divider--view-line elementor-widget elementor-widget-divider\" data-id=\"7695b7c\" data-element_type=\"widget\" data-e-type=\"widget\" data-widget_type=\"divider.default\">\n\t\t\t\t<div class=\"elementor-widget-container\">\n\t\t\t\t\t\t\t<div class=\"elementor-divider\">\n\t\t\t<span class=\"elementor-divider-separator\">\n\t\t\t\t\t\t<\/span>\n\t\t<\/div>\n\t\t\t\t\t\t<\/div>\n\t\t\t\t<\/div>\n\t\t\t\t<div class=\"elementor-element elementor-element-70ffb9c5 elementor-widget elementor-widget-spacer\" data-id=\"70ffb9c5\" data-element_type=\"widget\" data-e-type=\"widget\" data-widget_type=\"spacer.default\">\n\t\t\t\t<div class=\"elementor-widget-container\">\n\t\t\t\t\t\t\t<div class=\"elementor-spacer\">\n\t\t\t<div class=\"elementor-spacer-inner\"><\/div>\n\t\t<\/div>\n\t\t\t\t\t\t<\/div>\n\t\t\t\t<\/div>\n\t\t\t\t<div class=\"elementor-element elementor-element-a07502f elementor-widget elementor-widget-heading\" data-id=\"a07502f\" data-element_type=\"widget\" data-e-type=\"widget\" data-widget_type=\"heading.default\">\n\t\t\t\t<div class=\"elementor-widget-container\">\n\t\t\t\t\t<h2 class=\"elementor-heading-title elementor-size-default\">Publicaciones relacionadas<\/h2>\t\t\t\t<\/div>\n\t\t\t\t<\/div>\n\t\t\t\t<div class=\"elementor-element elementor-element-4e2b0ded elementor-widget elementor-widget-spacer\" data-id=\"4e2b0ded\" data-element_type=\"widget\" data-e-type=\"widget\" data-widget_type=\"spacer.default\">\n\t\t\t\t<div class=\"elementor-widget-container\">\n\t\t\t\t\t\t\t<div class=\"elementor-spacer\">\n\t\t\t<div class=\"elementor-spacer-inner\"><\/div>\n\t\t<\/div>\n\t\t\t\t\t\t<\/div>\n\t\t\t\t<\/div>\n\t\t\t\t<div class=\"elementor-element elementor-element-808203d elementor-widget elementor-widget-udesign_widget_posts elementor-widget-theme-post-content\" data-id=\"808203d\" data-element_type=\"widget\" data-e-type=\"widget\" data-widget_type=\"udesign_widget_posts.default\">\n\t\t\t\t<div class=\"elementor-widget-container\">\n\t\t\t\t\t<div class=\"posts  row cols-lg-3 cols-md-2 cols-sm-2 cols-1 cols-xl-3 slider-wrapper posts row cols-lg-3 cols-md-2 cols-sm-2 cols-1 cols-xl-3\" data-slider-options=\"{&quot;spaceBetween&quot;:30,&quot;loop&quot;:true,&quot;autoplay&quot;:{&quot;delay&quot;:5000,&quot;disableOnInteraction&quot;:false},&quot;effect&quot;:&quot;slide&quot;,&quot;slidesPerView&quot;:3,&quot;breakpoints&quot;:{&quot;2401&quot;:{&quot;slidesPerView&quot;:3},&quot;1440&quot;:{&quot;slidesPerView&quot;:3},&quot;1200&quot;:{&quot;slidesPerView&quot;:3},&quot;992&quot;:{&quot;slidesPerView&quot;:3},&quot;768&quot;:{&quot;slidesPerView&quot;:2},&quot;576&quot;:{&quot;slidesPerView&quot;:2},&quot;0&quot;:{&quot;slidesPerView&quot;:1}},&quot;statusClass&quot;:&quot;slider-dots-default&quot;}\" data-post-type=\"modern\">\r\n<div class=\"post-wrap \" data-post-image=\"alpha-post-medium\">\r\n\r\n\t\r\n\t<article class=\"post-7969 post type-post status-publish format-standard has-post-thumbnail hentry category-sff-magazine-abril-2021 post overlay-zoom overlay-dark  post-modern\">\r\n\t\t\t\t\t<figure class=\"post-media\">\r\n\t\t\t\t\t\t\t\t<a href=\"https:\/\/sff-camara.com\/es\/sff-magazine-abril-2021\/editorial-de-jose-luis-rodriguez-alvarez-vicepresidente-de-la-camara\/\" aria-label=\"Post Media\">\r\n\t\t\t\t\t<img decoding=\"async\" width=\"600\" height=\"420\" src=\"https:\/\/sff-camara.com\/wp-content\/uploads\/2021\/04\/Editorial-image-600x420.jpg\" class=\"attachment-alpha-post-medium size-alpha-post-medium wp-post-image\" alt=\"\" srcset=\"https:\/\/sff-camara.com\/wp-content\/uploads\/2021\/04\/Editorial-image-600x420.jpg 600w, https:\/\/sff-camara.com\/wp-content\/uploads\/2021\/04\/Editorial-image-400x280.jpg 400w, https:\/\/sff-camara.com\/wp-content\/uploads\/2021\/04\/Editorial-image-570x400.jpg 570w\" sizes=\"(max-width: 600px) 100vw, 600px\" \/>\t\t\t\t<\/a>\r\n\t\t\t<\/figure>\r\n\t\t\t<div class=\"post-details\">\r\n\t<div class=\"post-meta\">\r\n\t<a class=\"post-date\" href=\"https:\/\/sff-camara.com\/es\/2021\/04\/13\/\">abril 13, 2021<\/a>\r\n\r\n\t<\/div>\r\n<h3 class=\"post-title\">\r\n\t<a href=\"https:\/\/sff-camara.com\/es\/sff-magazine-abril-2021\/editorial-de-jose-luis-rodriguez-alvarez-vicepresidente-de-la-camara\/\">\r\n\t\tEditorial de Jos\u00e9 Luis Rodr\u00edguez \u00c1lvarez, Vicepresidente de la C\u00e1mara\t<\/a>\r\n<\/h3>\r\n<a href=\"https:\/\/sff-camara.com\/es\/sff-magazine-abril-2021\/editorial-de-jose-luis-rodriguez-alvarez-vicepresidente-de-la-camara\/\" class=\"btn btn-link btn-underline btn-primary\">Leer m\u00e1s <i class=\"a-icon-long-arrow-right\"><\/i><\/a><\/div>\r\n\t<\/article>\r\n\r\n\t\r\n<\/div>\r\n\r\n\r\n<div class=\"post-wrap \" data-post-image=\"alpha-post-medium\">\r\n\r\n\t\r\n\t<article class=\"post-7973 post type-post status-publish format-standard has-post-thumbnail hentry category-sff-magazine-abril-2021 tag-finanzas-sostenibles post overlay-zoom overlay-dark  post-modern\">\r\n\t\t\t\t\t<figure class=\"post-media\">\r\n\t\t\t\t\t\t\t\t<a href=\"https:\/\/sff-camara.com\/es\/sff-magazine-abril-2021\/como-esta-afrontando-la-industria-de-servicios-financieros-las-nuevas-normativas-en-materia-de-sostenibilidad\/\" aria-label=\"Post Media\">\r\n\t\t\t\t\t<img loading=\"lazy\" decoding=\"async\" width=\"600\" height=\"420\" src=\"https:\/\/sff-camara.com\/wp-content\/uploads\/2021\/04\/christian-wiediger-RYWEyXopmM4-unsplash-600x420.jpg\" class=\"attachment-alpha-post-medium size-alpha-post-medium wp-post-image\" alt=\"\" srcset=\"https:\/\/sff-camara.com\/wp-content\/uploads\/2021\/04\/christian-wiediger-RYWEyXopmM4-unsplash-600x420.jpg 600w, https:\/\/sff-camara.com\/wp-content\/uploads\/2021\/04\/christian-wiediger-RYWEyXopmM4-unsplash-400x280.jpg 400w, https:\/\/sff-camara.com\/wp-content\/uploads\/2021\/04\/christian-wiediger-RYWEyXopmM4-unsplash-570x400.jpg 570w\" sizes=\"(max-width: 600px) 100vw, 600px\" \/>\t\t\t\t<\/a>\r\n\t\t\t<\/figure>\r\n\t\t\t<div class=\"post-details\">\r\n\t<div class=\"post-meta\">\r\n\t<a class=\"post-date\" href=\"https:\/\/sff-camara.com\/es\/2021\/04\/13\/\">abril 13, 2021<\/a>\r\n\r\n\t<\/div>\r\n<h3 class=\"post-title\">\r\n\t<a href=\"https:\/\/sff-camara.com\/es\/sff-magazine-abril-2021\/como-esta-afrontando-la-industria-de-servicios-financieros-las-nuevas-normativas-en-materia-de-sostenibilidad\/\">\r\n\t\t\u00bfC\u00f3mo est\u00e1 afrontando la industria de servicios financieros las nuevas normativas en materia de sostenibilidad?\t<\/a>\r\n<\/h3>\r\n<a href=\"https:\/\/sff-camara.com\/es\/sff-magazine-abril-2021\/como-esta-afrontando-la-industria-de-servicios-financieros-las-nuevas-normativas-en-materia-de-sostenibilidad\/\" class=\"btn btn-link btn-underline btn-primary\">Leer m\u00e1s <i class=\"a-icon-long-arrow-right\"><\/i><\/a><\/div>\r\n\t<\/article>\r\n\r\n\t\r\n<\/div>\r\n\r\n\r\n<div class=\"post-wrap \" data-post-image=\"alpha-post-medium\">\r\n\r\n\t\r\n\t<article class=\"post-7975 post type-post status-publish format-standard has-post-thumbnail hentry category-sff-magazine-abril-2021 tag-finanzas-sostenibles post overlay-zoom overlay-dark  post-modern\">\r\n\t\t\t\t\t<figure class=\"post-media\">\r\n\t\t\t\t\t\t\t\t<a href=\"https:\/\/sff-camara.com\/es\/sff-magazine-abril-2021\/la-inversion-sostenible-en-espana-continua-registrando-datos-positivos-de-crecimiento-y-nivel-de-madurez\/\" aria-label=\"Post Media\">\r\n\t\t\t\t\t<img loading=\"lazy\" decoding=\"async\" width=\"600\" height=\"420\" src=\"https:\/\/sff-camara.com\/wp-content\/uploads\/2021\/04\/Mallorca-600x420.jpg\" class=\"attachment-alpha-post-medium size-alpha-post-medium wp-post-image\" alt=\"\" srcset=\"https:\/\/sff-camara.com\/wp-content\/uploads\/2021\/04\/Mallorca-600x420.jpg 600w, https:\/\/sff-camara.com\/wp-content\/uploads\/2021\/04\/Mallorca-400x280.jpg 400w, https:\/\/sff-camara.com\/wp-content\/uploads\/2021\/04\/Mallorca-570x400.jpg 570w\" sizes=\"(max-width: 600px) 100vw, 600px\" \/>\t\t\t\t<\/a>\r\n\t\t\t<\/figure>\r\n\t\t\t<div class=\"post-details\">\r\n\t<div class=\"post-meta\">\r\n\t<a class=\"post-date\" href=\"https:\/\/sff-camara.com\/es\/2021\/04\/13\/\">abril 13, 2021<\/a>\r\n\r\n\t<\/div>\r\n<h3 class=\"post-title\">\r\n\t<a href=\"https:\/\/sff-camara.com\/es\/sff-magazine-abril-2021\/la-inversion-sostenible-en-espana-continua-registrando-datos-positivos-de-crecimiento-y-nivel-de-madurez\/\">\r\n\t\tLa inversi\u00f3n sostenible en Espa\u00f1a contin\u00faa registrando datos positivos de crecimiento y nivel de madurez\t<\/a>\r\n<\/h3>\r\n<a href=\"https:\/\/sff-camara.com\/es\/sff-magazine-abril-2021\/la-inversion-sostenible-en-espana-continua-registrando-datos-positivos-de-crecimiento-y-nivel-de-madurez\/\" class=\"btn btn-link btn-underline btn-primary\">Leer m\u00e1s <i class=\"a-icon-long-arrow-right\"><\/i><\/a><\/div>\r\n\t<\/article>\r\n\r\n\t\r\n<\/div>\r\n\r\n\r\n<div class=\"post-wrap \" data-post-image=\"alpha-post-medium\">\r\n\r\n\t\r\n\t<article class=\"post-7977 post type-post status-publish format-standard has-post-thumbnail hentry category-sff-magazine-abril-2021 tag-banking-es tag-finanzas-sostenibles post overlay-zoom overlay-dark  post-modern\">\r\n\t\t\t\t\t<figure class=\"post-media\">\r\n\t\t\t\t\t\t\t\t<a href=\"https:\/\/sff-camara.com\/es\/sff-magazine-abril-2021\/la-banca-espanola-lidera-el-compromiso-de-mitigar-los-efectos-del-cambio-climatico\/\" aria-label=\"Post Media\">\r\n\t\t\t\t\t<img loading=\"lazy\" decoding=\"async\" width=\"600\" height=\"420\" src=\"https:\/\/sff-camara.com\/wp-content\/uploads\/2021\/04\/hugh-whyte-J8bU6-tAGy8-unsplash-600x420.jpg\" class=\"attachment-alpha-post-medium size-alpha-post-medium wp-post-image\" alt=\"\" srcset=\"https:\/\/sff-camara.com\/wp-content\/uploads\/2021\/04\/hugh-whyte-J8bU6-tAGy8-unsplash-600x420.jpg 600w, https:\/\/sff-camara.com\/wp-content\/uploads\/2021\/04\/hugh-whyte-J8bU6-tAGy8-unsplash-400x280.jpg 400w, https:\/\/sff-camara.com\/wp-content\/uploads\/2021\/04\/hugh-whyte-J8bU6-tAGy8-unsplash-570x400.jpg 570w\" sizes=\"(max-width: 600px) 100vw, 600px\" \/>\t\t\t\t<\/a>\r\n\t\t\t<\/figure>\r\n\t\t\t<div class=\"post-details\">\r\n\t<div class=\"post-meta\">\r\n\t<a class=\"post-date\" href=\"https:\/\/sff-camara.com\/es\/2021\/04\/13\/\">abril 13, 2021<\/a>\r\n\r\n\t<\/div>\r\n<h3 class=\"post-title\">\r\n\t<a href=\"https:\/\/sff-camara.com\/es\/sff-magazine-abril-2021\/la-banca-espanola-lidera-el-compromiso-de-mitigar-los-efectos-del-cambio-climatico\/\">\r\n\t\tLa banca espa\u00f1ola lidera el compromiso de mitigar los efectos del cambio clim\u00e1tico\t<\/a>\r\n<\/h3>\r\n<a href=\"https:\/\/sff-camara.com\/es\/sff-magazine-abril-2021\/la-banca-espanola-lidera-el-compromiso-de-mitigar-los-efectos-del-cambio-climatico\/\" class=\"btn btn-link btn-underline btn-primary\">Leer m\u00e1s <i class=\"a-icon-long-arrow-right\"><\/i><\/a><\/div>\r\n\t<\/article>\r\n\r\n\t\r\n<\/div>\r\n\r\n\r\n<div class=\"post-wrap \" data-post-image=\"alpha-post-medium\">\r\n\r\n\t\r\n\t<article class=\"post-7979 post type-post status-publish format-standard has-post-thumbnail hentry category-sff-magazine-abril-2021 tag-finanzas-sostenibles post overlay-zoom overlay-dark  post-modern\">\r\n\t\t\t\t\t<figure class=\"post-media\">\r\n\t\t\t\t\t\t\t\t<a href=\"https:\/\/sff-camara.com\/es\/sff-magazine-abril-2021\/dossier-finanzas-sostenibles\/\" aria-label=\"Post Media\">\r\n\t\t\t\t\t<img loading=\"lazy\" decoding=\"async\" width=\"600\" height=\"420\" src=\"https:\/\/sff-camara.com\/wp-content\/uploads\/2021\/04\/brandon-lee-VDoLq_k9sPo-unsplash-600x420.jpg\" class=\"attachment-alpha-post-medium size-alpha-post-medium wp-post-image\" alt=\"\" srcset=\"https:\/\/sff-camara.com\/wp-content\/uploads\/2021\/04\/brandon-lee-VDoLq_k9sPo-unsplash-600x420.jpg 600w, https:\/\/sff-camara.com\/wp-content\/uploads\/2021\/04\/brandon-lee-VDoLq_k9sPo-unsplash-400x280.jpg 400w, https:\/\/sff-camara.com\/wp-content\/uploads\/2021\/04\/brandon-lee-VDoLq_k9sPo-unsplash-570x400.jpg 570w\" sizes=\"(max-width: 600px) 100vw, 600px\" \/>\t\t\t\t<\/a>\r\n\t\t\t<\/figure>\r\n\t\t\t<div class=\"post-details\">\r\n\t<div class=\"post-meta\">\r\n\t<a class=\"post-date\" href=\"https:\/\/sff-camara.com\/es\/2021\/04\/13\/\">abril 13, 2021<\/a>\r\n\r\n\t<\/div>\r\n<h3 class=\"post-title\">\r\n\t<a href=\"https:\/\/sff-camara.com\/es\/sff-magazine-abril-2021\/dossier-finanzas-sostenibles\/\">\r\n\t\tDOSSIER Finanzas Sostenibles\t<\/a>\r\n<\/h3>\r\n<a href=\"https:\/\/sff-camara.com\/es\/sff-magazine-abril-2021\/dossier-finanzas-sostenibles\/\" class=\"btn btn-link btn-underline btn-primary\">Leer m\u00e1s <i class=\"a-icon-long-arrow-right\"><\/i><\/a><\/div>\r\n\t<\/article>\r\n\r\n\t\r\n<\/div>\r\n\r\n\r\n<div class=\"post-wrap \" data-post-image=\"alpha-post-medium\">\r\n\r\n\t\r\n\t<article class=\"post-7983 post type-post status-publish format-standard has-post-thumbnail hentry category-sff-magazine-abril-2021 tag-tax-es post overlay-zoom overlay-dark  post-modern\">\r\n\t\t\t\t\t<figure class=\"post-media\">\r\n\t\t\t\t\t\t\t\t<a href=\"https:\/\/sff-camara.com\/es\/sff-magazine-abril-2021\/dac6-en-luxemburgo-puede-un-contribuyente-ser-tambien-un-intermediario\/\" aria-label=\"Post Media\">\r\n\t\t\t\t\t<img loading=\"lazy\" decoding=\"async\" width=\"600\" height=\"420\" src=\"https:\/\/sff-camara.com\/wp-content\/uploads\/2021\/04\/jean-carlo-emer-2d-RL-xa4mk-unsplash-600x420.jpg\" class=\"attachment-alpha-post-medium size-alpha-post-medium wp-post-image\" alt=\"\" srcset=\"https:\/\/sff-camara.com\/wp-content\/uploads\/2021\/04\/jean-carlo-emer-2d-RL-xa4mk-unsplash-600x420.jpg 600w, https:\/\/sff-camara.com\/wp-content\/uploads\/2021\/04\/jean-carlo-emer-2d-RL-xa4mk-unsplash-400x280.jpg 400w, https:\/\/sff-camara.com\/wp-content\/uploads\/2021\/04\/jean-carlo-emer-2d-RL-xa4mk-unsplash-570x400.jpg 570w\" sizes=\"(max-width: 600px) 100vw, 600px\" \/>\t\t\t\t<\/a>\r\n\t\t\t<\/figure>\r\n\t\t\t<div class=\"post-details\">\r\n\t<div class=\"post-meta\">\r\n\t<a class=\"post-date\" href=\"https:\/\/sff-camara.com\/es\/2021\/04\/13\/\">abril 13, 2021<\/a>\r\n\r\n\t<\/div>\r\n<h3 class=\"post-title\">\r\n\t<a href=\"https:\/\/sff-camara.com\/es\/sff-magazine-abril-2021\/dac6-en-luxemburgo-puede-un-contribuyente-ser-tambien-un-intermediario\/\">\r\n\t\tDAC6 en Luxemburgo \u2014 \u00bfPuede un contribuyente ser tambi\u00e9n un \u201cintermediario\u201d?\t<\/a>\r\n<\/h3>\r\n<a href=\"https:\/\/sff-camara.com\/es\/sff-magazine-abril-2021\/dac6-en-luxemburgo-puede-un-contribuyente-ser-tambien-un-intermediario\/\" class=\"btn btn-link btn-underline btn-primary\">Leer m\u00e1s <i class=\"a-icon-long-arrow-right\"><\/i><\/a><\/div>\r\n\t<\/article>\r\n\r\n\t\r\n<\/div>\r\n\r\n\r\n<div class=\"post-wrap \" data-post-image=\"alpha-post-medium\">\r\n\r\n\t\r\n\t<article class=\"post-7989 post type-post status-publish format-standard has-post-thumbnail hentry category-sff-magazine-abril-2021 post overlay-zoom overlay-dark  post-modern\">\r\n\t\t\t\t\t<figure class=\"post-media\">\r\n\t\t\t\t\t\t\t\t<a href=\"https:\/\/sff-camara.com\/es\/sff-magazine-abril-2021\/entrevista-con-juan-carlos-duran-senior-private-banker-en-banque-de-luxembourg\/\" aria-label=\"Post Media\">\r\n\t\t\t\t\t<img loading=\"lazy\" decoding=\"async\" width=\"600\" height=\"420\" src=\"https:\/\/sff-camara.com\/wp-content\/uploads\/2021\/04\/Banque-de-Luxembourg-Fernando-Guerra-600x420.jpg\" class=\"attachment-alpha-post-medium size-alpha-post-medium wp-post-image\" alt=\"\" srcset=\"https:\/\/sff-camara.com\/wp-content\/uploads\/2021\/04\/Banque-de-Luxembourg-Fernando-Guerra-600x420.jpg 600w, https:\/\/sff-camara.com\/wp-content\/uploads\/2021\/04\/Banque-de-Luxembourg-Fernando-Guerra-400x280.jpg 400w, https:\/\/sff-camara.com\/wp-content\/uploads\/2021\/04\/Banque-de-Luxembourg-Fernando-Guerra-570x400.jpg 570w\" sizes=\"(max-width: 600px) 100vw, 600px\" \/>\t\t\t\t<\/a>\r\n\t\t\t<\/figure>\r\n\t\t\t<div class=\"post-details\">\r\n\t<div class=\"post-meta\">\r\n\t<a class=\"post-date\" href=\"https:\/\/sff-camara.com\/es\/2021\/04\/13\/\">abril 13, 2021<\/a>\r\n\r\n\t<\/div>\r\n<h3 class=\"post-title\">\r\n\t<a href=\"https:\/\/sff-camara.com\/es\/sff-magazine-abril-2021\/entrevista-con-juan-carlos-duran-senior-private-banker-en-banque-de-luxembourg\/\">\r\n\t\tEntrevista con Juan Carlos Dur\u00e1n, Senior Private Banker en Banque de Luxembourg\t<\/a>\r\n<\/h3>\r\n<a href=\"https:\/\/sff-camara.com\/es\/sff-magazine-abril-2021\/entrevista-con-juan-carlos-duran-senior-private-banker-en-banque-de-luxembourg\/\" class=\"btn btn-link btn-underline btn-primary\">Leer m\u00e1s <i class=\"a-icon-long-arrow-right\"><\/i><\/a><\/div>\r\n\t<\/article>\r\n\r\n\t\r\n<\/div>\r\n\r\n\r\n<div class=\"post-wrap \" data-post-image=\"alpha-post-medium\">\r\n\r\n\t\r\n\t<article class=\"post-7991 post type-post status-publish format-standard has-post-thumbnail hentry category-sff-magazine-abril-2021 tag-fintech-es post overlay-zoom overlay-dark  post-modern\">\r\n\t\t\t\t\t<figure class=\"post-media\">\r\n\t\t\t\t\t\t\t\t<a href=\"https:\/\/sff-camara.com\/es\/sff-magazine-abril-2021\/un-sandbox-para-conquistar-el-sector-fintech-europeo\/\" aria-label=\"Post Media\">\r\n\t\t\t\t\t<img loading=\"lazy\" decoding=\"async\" width=\"600\" height=\"420\" src=\"https:\/\/sff-camara.com\/wp-content\/uploads\/2021\/04\/Sevilla-600x420.jpg\" class=\"attachment-alpha-post-medium size-alpha-post-medium wp-post-image\" alt=\"\" srcset=\"https:\/\/sff-camara.com\/wp-content\/uploads\/2021\/04\/Sevilla-600x420.jpg 600w, https:\/\/sff-camara.com\/wp-content\/uploads\/2021\/04\/Sevilla-400x280.jpg 400w, https:\/\/sff-camara.com\/wp-content\/uploads\/2021\/04\/Sevilla-570x400.jpg 570w\" sizes=\"(max-width: 600px) 100vw, 600px\" \/>\t\t\t\t<\/a>\r\n\t\t\t<\/figure>\r\n\t\t\t<div class=\"post-details\">\r\n\t<div class=\"post-meta\">\r\n\t<a class=\"post-date\" href=\"https:\/\/sff-camara.com\/es\/2021\/04\/13\/\">abril 13, 2021<\/a>\r\n\r\n\t<\/div>\r\n<h3 class=\"post-title\">\r\n\t<a href=\"https:\/\/sff-camara.com\/es\/sff-magazine-abril-2021\/un-sandbox-para-conquistar-el-sector-fintech-europeo\/\">\r\n\t\tUn Sandbox para conquistar el sector Fintech europeo\t<\/a>\r\n<\/h3>\r\n<a href=\"https:\/\/sff-camara.com\/es\/sff-magazine-abril-2021\/un-sandbox-para-conquistar-el-sector-fintech-europeo\/\" class=\"btn btn-link btn-underline btn-primary\">Leer m\u00e1s <i class=\"a-icon-long-arrow-right\"><\/i><\/a><\/div>\r\n\t<\/article>\r\n\r\n\t\r\n<\/div>\r\n\r\n\r\n<div class=\"post-wrap \" data-post-image=\"alpha-post-medium\">\r\n\r\n\t\r\n\t<article class=\"post-7993 post type-post status-publish format-standard has-post-thumbnail hentry category-sff-magazine-abril-2021 tag-tax-es post overlay-zoom overlay-dark  post-modern\">\r\n\t\t\t\t\t<figure class=\"post-media\">\r\n\t\t\t\t\t\t\t\t<a href=\"https:\/\/sff-camara.com\/es\/sff-magazine-abril-2021\/estructuracion-de-inversiones-en-prestamos-dudosos-npls\/\" aria-label=\"Post Media\">\r\n\t\t\t\t\t<img loading=\"lazy\" decoding=\"async\" width=\"600\" height=\"420\" src=\"https:\/\/sff-camara.com\/wp-content\/uploads\/2021\/04\/stephen-dawson-qwtCeJ5cLYs-unsplash-600x420.jpg\" class=\"attachment-alpha-post-medium size-alpha-post-medium wp-post-image\" alt=\"\" srcset=\"https:\/\/sff-camara.com\/wp-content\/uploads\/2021\/04\/stephen-dawson-qwtCeJ5cLYs-unsplash-600x420.jpg 600w, https:\/\/sff-camara.com\/wp-content\/uploads\/2021\/04\/stephen-dawson-qwtCeJ5cLYs-unsplash-400x280.jpg 400w, https:\/\/sff-camara.com\/wp-content\/uploads\/2021\/04\/stephen-dawson-qwtCeJ5cLYs-unsplash-570x400.jpg 570w\" sizes=\"(max-width: 600px) 100vw, 600px\" \/>\t\t\t\t<\/a>\r\n\t\t\t<\/figure>\r\n\t\t\t<div class=\"post-details\">\r\n\t<div class=\"post-meta\">\r\n\t<a class=\"post-date\" href=\"https:\/\/sff-camara.com\/es\/2021\/04\/13\/\">abril 13, 2021<\/a>\r\n\r\n\t<\/div>\r\n<h3 class=\"post-title\">\r\n\t<a href=\"https:\/\/sff-camara.com\/es\/sff-magazine-abril-2021\/estructuracion-de-inversiones-en-prestamos-dudosos-npls\/\">\r\n\t\tEstructuraci\u00f3n de inversiones en pr\u00e9stamos dudosos (NPLs)\t<\/a>\r\n<\/h3>\r\n<a href=\"https:\/\/sff-camara.com\/es\/sff-magazine-abril-2021\/estructuracion-de-inversiones-en-prestamos-dudosos-npls\/\" class=\"btn btn-link btn-underline btn-primary\">Leer m\u00e1s <i class=\"a-icon-long-arrow-right\"><\/i><\/a><\/div>\r\n\t<\/article>\r\n\r\n\t\r\n<\/div>\r\n\r\n\r\n<div class=\"post-wrap \" data-post-image=\"alpha-post-medium\">\r\n\r\n\t\r\n\t<article class=\"post-7995 post type-post status-publish format-standard has-post-thumbnail hentry category-sff-magazine-abril-2021 tag-finanzas-sostenibles post overlay-zoom overlay-dark  post-modern\">\r\n\t\t\t\t\t<figure class=\"post-media\">\r\n\t\t\t\t\t\t\t\t<a href=\"https:\/\/sff-camara.com\/es\/sff-magazine-abril-2021\/sfrd-la-perspectiva-luxemburguesa\/\" aria-label=\"Post Media\">\r\n\t\t\t\t\t<img loading=\"lazy\" decoding=\"async\" width=\"600\" height=\"420\" src=\"https:\/\/sff-camara.com\/wp-content\/uploads\/2021\/04\/christian-lue-MZWBMNP7Nro-unsplash-600x420.jpg\" class=\"attachment-alpha-post-medium size-alpha-post-medium wp-post-image\" alt=\"\" srcset=\"https:\/\/sff-camara.com\/wp-content\/uploads\/2021\/04\/christian-lue-MZWBMNP7Nro-unsplash-600x420.jpg 600w, https:\/\/sff-camara.com\/wp-content\/uploads\/2021\/04\/christian-lue-MZWBMNP7Nro-unsplash-400x280.jpg 400w, https:\/\/sff-camara.com\/wp-content\/uploads\/2021\/04\/christian-lue-MZWBMNP7Nro-unsplash-570x400.jpg 570w\" sizes=\"(max-width: 600px) 100vw, 600px\" \/>\t\t\t\t<\/a>\r\n\t\t\t<\/figure>\r\n\t\t\t<div class=\"post-details\">\r\n\t<div class=\"post-meta\">\r\n\t<a class=\"post-date\" href=\"https:\/\/sff-camara.com\/es\/2021\/04\/13\/\">abril 13, 2021<\/a>\r\n\r\n\t<\/div>\r\n<h3 class=\"post-title\">\r\n\t<a href=\"https:\/\/sff-camara.com\/es\/sff-magazine-abril-2021\/sfrd-la-perspectiva-luxemburguesa\/\">\r\n\t\tSFRD &#8211; La perspectiva luxemburguesa\t<\/a>\r\n<\/h3>\r\n<a href=\"https:\/\/sff-camara.com\/es\/sff-magazine-abril-2021\/sfrd-la-perspectiva-luxemburguesa\/\" class=\"btn btn-link btn-underline btn-primary\">Leer m\u00e1s <i class=\"a-icon-long-arrow-right\"><\/i><\/a><\/div>\r\n\t<\/article>\r\n\r\n\t\r\n<\/div>\r\n\r\n\r\n<div class=\"post-wrap \" data-post-image=\"alpha-post-medium\">\r\n\r\n\t\r\n\t<article class=\"post-7997 post type-post status-publish format-standard has-post-thumbnail hentry category-sff-magazine-abril-2021 tag-finanzas-sostenibles post overlay-zoom overlay-dark  post-modern\">\r\n\t\t\t\t\t<figure class=\"post-media\">\r\n\t\t\t\t\t\t\t\t<a href=\"https:\/\/sff-camara.com\/es\/sff-magazine-abril-2021\/el-reglamento-sfdr-una-oportunidad-para-las-entidades-financieras-de-contribuir-al-desarrollo-sostenible\/\" aria-label=\"Post Media\">\r\n\t\t\t\t\t<img loading=\"lazy\" decoding=\"async\" width=\"600\" height=\"420\" src=\"https:\/\/sff-camara.com\/wp-content\/uploads\/2022\/12\/micheile-dot-com-ZVprbBmT8QA-unsplash-600x420.jpg\" class=\"attachment-alpha-post-medium size-alpha-post-medium wp-post-image\" alt=\"\" srcset=\"https:\/\/sff-camara.com\/wp-content\/uploads\/2022\/12\/micheile-dot-com-ZVprbBmT8QA-unsplash-600x420.jpg 600w, https:\/\/sff-camara.com\/wp-content\/uploads\/2022\/12\/micheile-dot-com-ZVprbBmT8QA-unsplash-400x280.jpg 400w, https:\/\/sff-camara.com\/wp-content\/uploads\/2022\/12\/micheile-dot-com-ZVprbBmT8QA-unsplash-570x400.jpg 570w\" sizes=\"(max-width: 600px) 100vw, 600px\" \/>\t\t\t\t<\/a>\r\n\t\t\t<\/figure>\r\n\t\t\t<div class=\"post-details\">\r\n\t<div class=\"post-meta\">\r\n\t<a class=\"post-date\" href=\"https:\/\/sff-camara.com\/es\/2021\/04\/07\/\">abril 7, 2021<\/a>\r\n\r\n\t<\/div>\r\n<h3 class=\"post-title\">\r\n\t<a href=\"https:\/\/sff-camara.com\/es\/sff-magazine-abril-2021\/el-reglamento-sfdr-una-oportunidad-para-las-entidades-financieras-de-contribuir-al-desarrollo-sostenible\/\">\r\n\t\tEl reglamento SFDR: una oportunidad para las entidades financieras de contribuir al desarrollo sostenible\t<\/a>\r\n<\/h3>\r\n<a href=\"https:\/\/sff-camara.com\/es\/sff-magazine-abril-2021\/el-reglamento-sfdr-una-oportunidad-para-las-entidades-financieras-de-contribuir-al-desarrollo-sostenible\/\" class=\"btn btn-link btn-underline btn-primary\">Leer m\u00e1s <i class=\"a-icon-long-arrow-right\"><\/i><\/a><\/div>\r\n\t<\/article>\r\n\r\n\t\r\n<\/div>\r\n\r\n\r\n<div class=\"post-wrap \" data-post-image=\"alpha-post-medium\">\r\n\r\n\t\r\n\t<article class=\"post-7999 post type-post status-publish format-standard has-post-thumbnail hentry category-sff-magazine-abril-2021 tag-banca-digital post overlay-zoom overlay-dark  post-modern\">\r\n\t\t\t\t\t<figure class=\"post-media\">\r\n\t\t\t\t\t\t\t\t<a href=\"https:\/\/sff-camara.com\/es\/sff-magazine-abril-2021\/la-banca-digital-para-los-clientes-no-residentes-en-luxemburgo-y-las-nuevas-generaciones\/\" aria-label=\"Post Media\">\r\n\t\t\t\t\t<img loading=\"lazy\" decoding=\"async\" width=\"600\" height=\"420\" src=\"https:\/\/sff-camara.com\/wp-content\/uploads\/2021\/04\/firmbee-com-SpVHcbuKi6E-unsplash-600x420.jpg\" class=\"attachment-alpha-post-medium size-alpha-post-medium wp-post-image\" alt=\"\" srcset=\"https:\/\/sff-camara.com\/wp-content\/uploads\/2021\/04\/firmbee-com-SpVHcbuKi6E-unsplash-600x420.jpg 600w, https:\/\/sff-camara.com\/wp-content\/uploads\/2021\/04\/firmbee-com-SpVHcbuKi6E-unsplash-400x280.jpg 400w, https:\/\/sff-camara.com\/wp-content\/uploads\/2021\/04\/firmbee-com-SpVHcbuKi6E-unsplash-570x400.jpg 570w\" sizes=\"(max-width: 600px) 100vw, 600px\" \/>\t\t\t\t<\/a>\r\n\t\t\t<\/figure>\r\n\t\t\t<div class=\"post-details\">\r\n\t<div class=\"post-meta\">\r\n\t<a class=\"post-date\" href=\"https:\/\/sff-camara.com\/es\/2021\/04\/01\/\">abril 1, 2021<\/a>\r\n\r\n\t<\/div>\r\n<h3 class=\"post-title\">\r\n\t<a href=\"https:\/\/sff-camara.com\/es\/sff-magazine-abril-2021\/la-banca-digital-para-los-clientes-no-residentes-en-luxemburgo-y-las-nuevas-generaciones\/\">\r\n\t\tLa banca digital para los clientes no residentes en Luxemburgo y las nuevas generaciones\t<\/a>\r\n<\/h3>\r\n<a href=\"https:\/\/sff-camara.com\/es\/sff-magazine-abril-2021\/la-banca-digital-para-los-clientes-no-residentes-en-luxemburgo-y-las-nuevas-generaciones\/\" class=\"btn btn-link btn-underline btn-primary\">Leer m\u00e1s <i class=\"a-icon-long-arrow-right\"><\/i><\/a><\/div>\r\n\t<\/article>\r\n\r\n\t\r\n<\/div>\r\n\r\n<\/div>\t\t\t\t<\/div>\n\t\t\t\t<\/div>\n\t\t\t\t<div class=\"elementor-element elementor-element-325cee12 elementor-widget elementor-widget-spacer\" data-id=\"325cee12\" data-element_type=\"widget\" data-e-type=\"widget\" data-widget_type=\"spacer.default\">\n\t\t\t\t<div class=\"elementor-widget-container\">\n\t\t\t\t\t\t\t<div class=\"elementor-spacer\">\n\t\t\t<div class=\"elementor-spacer-inner\"><\/div>\n\t\t<\/div>\n\t\t\t\t\t\t<\/div>\n\t\t\t\t<\/div>\n\t\t\t\t\t\t<\/div>\r\n\t\t\t\t<\/div>\r\n\t\t\t\t\t\t\t\t<\/div>\r\n\t\t\t<\/section>\r\n\t\t\t\t\t<\/div>\n\t\t","protected":false},"excerpt":{"rendered":"<p>\u201cDesde la perspectiva del inversor y a nivel regulatorio, los \u201ccreadores\u201d y \u201cdistribuidores\u201d de productos financieros se enfrentan a una r\u00e1pida evoluci\u00f3n de las normas y expectativas. La UE ha posicionado la sostenibilidad como un objetivo clave en su agenda pol\u00edtica.<\/p>\n","protected":false},"author":2,"featured_media":5269,"comment_status":"closed","ping_status":"closed","sticky":false,"template":"","format":"standard","meta":{"_acf_changed":false,"_price":"","_stock":"","_tribe_ticket_header":"","_tribe_default_ticket_provider":"","_ticket_start_date":"","_ticket_end_date":"","_tribe_ticket_show_description":"","_tribe_ticket_show_not_going":false,"_tribe_ticket_use_global_stock":"","_tribe_ticket_global_stock_level":"","_global_stock_mode":"","_global_stock_cap":"","_tribe_rsvp_for_event":"","_tribe_ticket_going_count":"","_tribe_ticket_not_going_count":"","_tribe_tickets_list":"[]","_tribe_ticket_has_attendee_info_fields":false,"footnotes":""},"categories":[159],"tags":[160],"class_list":["post-7973","post","type-post","status-publish","format-standard","has-post-thumbnail","hentry","category-sff-magazine-abril-2021","tag-finanzas-sostenibles"],"acf":[],"yoast_head":"<!-- This site is optimized with the Yoast SEO plugin v27.1.1 - https:\/\/yoast.com\/product\/yoast-seo-wordpress\/ -->\n<title>\u00bfC\u00f3mo est\u00e1 afrontando la industria de servicios financieros las nuevas normativas en materia de sostenibilidad? | SFF<\/title>\n<meta name=\"robots\" content=\"index, follow, max-snippet:-1, max-image-preview:large, max-video-preview:-1\" \/>\n<link rel=\"canonical\" href=\"https:\/\/sff-camara.com\/sff-magazine-april-2021\/how-is-the-financial-services-industry-dealing-with-the-new-sustainability-standards\/\" \/>\n<meta property=\"og:locale\" content=\"es_ES\" \/>\n<meta property=\"og:type\" content=\"article\" \/>\n<meta property=\"og:title\" content=\"\u00bfC\u00f3mo est\u00e1 afrontando la industria de servicios financieros las nuevas normativas en materia de sostenibilidad? | SFF\" \/>\n<meta property=\"og:description\" content=\"\u201cDesde la perspectiva del inversor y a nivel regulatorio, los \u201ccreadores\u201d y \u201cdistribuidores\u201d de productos financieros se enfrentan a una r\u00e1pida evoluci\u00f3n de las normas y expectativas. La UE ha posicionado la sostenibilidad como un objetivo clave en su agenda pol\u00edtica.\" \/>\n<meta property=\"og:url\" content=\"https:\/\/sff-camara.com\/sff-magazine-april-2021\/how-is-the-financial-services-industry-dealing-with-the-new-sustainability-standards\/\" \/>\n<meta property=\"og:site_name\" content=\"SFF\" \/>\n<meta property=\"article:published_time\" content=\"2021-04-13T20:07:48+00:00\" \/>\n<meta property=\"article:modified_time\" content=\"2023-09-17T21:11:32+00:00\" \/>\n<meta property=\"og:image\" content=\"https:\/\/sff-camara.com\/wp-content\/uploads\/2021\/04\/christian-wiediger-RYWEyXopmM4-unsplash-scaled.jpg\" \/>\n\t<meta property=\"og:image:width\" content=\"2560\" \/>\n\t<meta property=\"og:image:height\" content=\"1707\" \/>\n\t<meta property=\"og:image:type\" content=\"image\/jpeg\" \/>\n<meta name=\"author\" content=\"SFF\" \/>\n<meta name=\"twitter:card\" content=\"summary_large_image\" \/>\n<meta name=\"twitter:label1\" content=\"Escrito por\" \/>\n\t<meta name=\"twitter:data1\" content=\"SFF\" \/>\n\t<meta name=\"twitter:label2\" content=\"Tiempo de lectura\" \/>\n\t<meta name=\"twitter:data2\" content=\"4 minutos\" \/>\n<script type=\"application\/ld+json\" class=\"yoast-schema-graph\">{\"@context\":\"https:\/\/schema.org\",\"@graph\":[{\"@type\":\"Article\",\"@id\":\"https:\/\/sff-camara.com\/sff-magazine-april-2021\/how-is-the-financial-services-industry-dealing-with-the-new-sustainability-standards\/#article\",\"isPartOf\":{\"@id\":\"https:\/\/sff-camara.com\/sff-magazine-april-2021\/how-is-the-financial-services-industry-dealing-with-the-new-sustainability-standards\/\"},\"author\":{\"name\":\"SFF\",\"@id\":\"https:\/\/sff-camara.com\/#\/schema\/person\/4adb1bc18ccd0824990c909ad888ece9\"},\"headline\":\"\u00bfC\u00f3mo est\u00e1 afrontando la industria de servicios financieros las nuevas normativas en materia de sostenibilidad?\",\"datePublished\":\"2021-04-13T20:07:48+00:00\",\"dateModified\":\"2023-09-17T21:11:32+00:00\",\"mainEntityOfPage\":{\"@id\":\"https:\/\/sff-camara.com\/sff-magazine-april-2021\/how-is-the-financial-services-industry-dealing-with-the-new-sustainability-standards\/\"},\"wordCount\":870,\"publisher\":{\"@id\":\"https:\/\/sff-camara.com\/#organization\"},\"image\":{\"@id\":\"https:\/\/sff-camara.com\/sff-magazine-april-2021\/how-is-the-financial-services-industry-dealing-with-the-new-sustainability-standards\/#primaryimage\"},\"thumbnailUrl\":\"https:\/\/sff-camara.com\/wp-content\/uploads\/2021\/04\/christian-wiediger-RYWEyXopmM4-unsplash-scaled.jpg\",\"keywords\":[\"Finanzas Sostenibles\"],\"articleSection\":[\"SFF Magazine Abril 2021\"],\"inLanguage\":\"es\"},{\"@type\":\"WebPage\",\"@id\":\"https:\/\/sff-camara.com\/sff-magazine-april-2021\/how-is-the-financial-services-industry-dealing-with-the-new-sustainability-standards\/\",\"url\":\"https:\/\/sff-camara.com\/sff-magazine-april-2021\/how-is-the-financial-services-industry-dealing-with-the-new-sustainability-standards\/\",\"name\":\"\u00bfC\u00f3mo est\u00e1 afrontando la industria de servicios financieros las nuevas normativas en materia de sostenibilidad? | SFF\",\"isPartOf\":{\"@id\":\"https:\/\/sff-camara.com\/#website\"},\"primaryImageOfPage\":{\"@id\":\"https:\/\/sff-camara.com\/sff-magazine-april-2021\/how-is-the-financial-services-industry-dealing-with-the-new-sustainability-standards\/#primaryimage\"},\"image\":{\"@id\":\"https:\/\/sff-camara.com\/sff-magazine-april-2021\/how-is-the-financial-services-industry-dealing-with-the-new-sustainability-standards\/#primaryimage\"},\"thumbnailUrl\":\"https:\/\/sff-camara.com\/wp-content\/uploads\/2021\/04\/christian-wiediger-RYWEyXopmM4-unsplash-scaled.jpg\",\"datePublished\":\"2021-04-13T20:07:48+00:00\",\"dateModified\":\"2023-09-17T21:11:32+00:00\",\"breadcrumb\":{\"@id\":\"https:\/\/sff-camara.com\/sff-magazine-april-2021\/how-is-the-financial-services-industry-dealing-with-the-new-sustainability-standards\/#breadcrumb\"},\"inLanguage\":\"es\",\"potentialAction\":[{\"@type\":\"ReadAction\",\"target\":[\"https:\/\/sff-camara.com\/sff-magazine-april-2021\/how-is-the-financial-services-industry-dealing-with-the-new-sustainability-standards\/\"]}]},{\"@type\":\"ImageObject\",\"inLanguage\":\"es\",\"@id\":\"https:\/\/sff-camara.com\/sff-magazine-april-2021\/how-is-the-financial-services-industry-dealing-with-the-new-sustainability-standards\/#primaryimage\",\"url\":\"https:\/\/sff-camara.com\/wp-content\/uploads\/2021\/04\/christian-wiediger-RYWEyXopmM4-unsplash-scaled.jpg\",\"contentUrl\":\"https:\/\/sff-camara.com\/wp-content\/uploads\/2021\/04\/christian-wiediger-RYWEyXopmM4-unsplash-scaled.jpg\",\"width\":2560,\"height\":1707},{\"@type\":\"BreadcrumbList\",\"@id\":\"https:\/\/sff-camara.com\/sff-magazine-april-2021\/how-is-the-financial-services-industry-dealing-with-the-new-sustainability-standards\/#breadcrumb\",\"itemListElement\":[{\"@type\":\"ListItem\",\"position\":1,\"name\":\"Home\",\"item\":\"https:\/\/sff-camara.com\/\"},{\"@type\":\"ListItem\",\"position\":2,\"name\":\"\u00bfC\u00f3mo est\u00e1 afrontando la industria de servicios financieros las nuevas normativas en materia de sostenibilidad?\"}]},{\"@type\":\"WebSite\",\"@id\":\"https:\/\/sff-camara.com\/#website\",\"url\":\"https:\/\/sff-camara.com\/\",\"name\":\"SFF\",\"description\":\"Spanish Financial Forum in Luxembourg\",\"publisher\":{\"@id\":\"https:\/\/sff-camara.com\/#organization\"},\"potentialAction\":[{\"@type\":\"SearchAction\",\"target\":{\"@type\":\"EntryPoint\",\"urlTemplate\":\"https:\/\/sff-camara.com\/?s={search_term_string}\"},\"query-input\":{\"@type\":\"PropertyValueSpecification\",\"valueRequired\":true,\"valueName\":\"search_term_string\"}}],\"inLanguage\":\"es\"},{\"@type\":\"Organization\",\"@id\":\"https:\/\/sff-camara.com\/#organization\",\"name\":\"Spanish Financial Forum in Luxembourg\",\"url\":\"https:\/\/sff-camara.com\/\",\"logo\":{\"@type\":\"ImageObject\",\"inLanguage\":\"es\",\"@id\":\"https:\/\/sff-camara.com\/#\/schema\/logo\/image\/\",\"url\":\"https:\/\/sff-camara.com\/wp-content\/uploads\/2023\/02\/cropped-LOGO-1.png\",\"contentUrl\":\"https:\/\/sff-camara.com\/wp-content\/uploads\/2023\/02\/cropped-LOGO-1.png\",\"width\":586,\"height\":222,\"caption\":\"Spanish Financial Forum in Luxembourg\"},\"image\":{\"@id\":\"https:\/\/sff-camara.com\/#\/schema\/logo\/image\/\"},\"sameAs\":[\"https:\/\/www.linkedin.com\/company\/camara-oficial-de-comercio-de-espana-en-belgica-y-luxemburgo\/\"]},{\"@type\":\"Person\",\"@id\":\"https:\/\/sff-camara.com\/#\/schema\/person\/4adb1bc18ccd0824990c909ad888ece9\",\"name\":\"SFF\",\"url\":\"https:\/\/sff-camara.com\/es\/author\/planinluxadmin\/\"}]}<\/script>\n<!-- \/ Yoast SEO plugin. -->","yoast_head_json":{"title":"\u00bfC\u00f3mo est\u00e1 afrontando la industria de servicios financieros las nuevas normativas en materia de sostenibilidad? | SFF","robots":{"index":"index","follow":"follow","max-snippet":"max-snippet:-1","max-image-preview":"max-image-preview:large","max-video-preview":"max-video-preview:-1"},"canonical":"https:\/\/sff-camara.com\/sff-magazine-april-2021\/how-is-the-financial-services-industry-dealing-with-the-new-sustainability-standards\/","og_locale":"es_ES","og_type":"article","og_title":"\u00bfC\u00f3mo est\u00e1 afrontando la industria de servicios financieros las nuevas normativas en materia de sostenibilidad? | SFF","og_description":"\u201cDesde la perspectiva del inversor y a nivel regulatorio, los \u201ccreadores\u201d y \u201cdistribuidores\u201d de productos financieros se enfrentan a una r\u00e1pida evoluci\u00f3n de las normas y expectativas. La UE ha posicionado la sostenibilidad como un objetivo clave en su agenda pol\u00edtica.","og_url":"https:\/\/sff-camara.com\/sff-magazine-april-2021\/how-is-the-financial-services-industry-dealing-with-the-new-sustainability-standards\/","og_site_name":"SFF","article_published_time":"2021-04-13T20:07:48+00:00","article_modified_time":"2023-09-17T21:11:32+00:00","og_image":[{"width":2560,"height":1707,"url":"https:\/\/sff-camara.com\/wp-content\/uploads\/2021\/04\/christian-wiediger-RYWEyXopmM4-unsplash-scaled.jpg","type":"image\/jpeg"}],"author":"SFF","twitter_card":"summary_large_image","twitter_misc":{"Escrito por":"SFF","Tiempo de lectura":"4 minutos"},"schema":{"@context":"https:\/\/schema.org","@graph":[{"@type":"Article","@id":"https:\/\/sff-camara.com\/sff-magazine-april-2021\/how-is-the-financial-services-industry-dealing-with-the-new-sustainability-standards\/#article","isPartOf":{"@id":"https:\/\/sff-camara.com\/sff-magazine-april-2021\/how-is-the-financial-services-industry-dealing-with-the-new-sustainability-standards\/"},"author":{"name":"SFF","@id":"https:\/\/sff-camara.com\/#\/schema\/person\/4adb1bc18ccd0824990c909ad888ece9"},"headline":"\u00bfC\u00f3mo est\u00e1 afrontando la industria de servicios financieros las nuevas normativas en materia de sostenibilidad?","datePublished":"2021-04-13T20:07:48+00:00","dateModified":"2023-09-17T21:11:32+00:00","mainEntityOfPage":{"@id":"https:\/\/sff-camara.com\/sff-magazine-april-2021\/how-is-the-financial-services-industry-dealing-with-the-new-sustainability-standards\/"},"wordCount":870,"publisher":{"@id":"https:\/\/sff-camara.com\/#organization"},"image":{"@id":"https:\/\/sff-camara.com\/sff-magazine-april-2021\/how-is-the-financial-services-industry-dealing-with-the-new-sustainability-standards\/#primaryimage"},"thumbnailUrl":"https:\/\/sff-camara.com\/wp-content\/uploads\/2021\/04\/christian-wiediger-RYWEyXopmM4-unsplash-scaled.jpg","keywords":["Finanzas Sostenibles"],"articleSection":["SFF Magazine Abril 2021"],"inLanguage":"es"},{"@type":"WebPage","@id":"https:\/\/sff-camara.com\/sff-magazine-april-2021\/how-is-the-financial-services-industry-dealing-with-the-new-sustainability-standards\/","url":"https:\/\/sff-camara.com\/sff-magazine-april-2021\/how-is-the-financial-services-industry-dealing-with-the-new-sustainability-standards\/","name":"\u00bfC\u00f3mo est\u00e1 afrontando la industria de servicios financieros las nuevas normativas en materia de sostenibilidad? | SFF","isPartOf":{"@id":"https:\/\/sff-camara.com\/#website"},"primaryImageOfPage":{"@id":"https:\/\/sff-camara.com\/sff-magazine-april-2021\/how-is-the-financial-services-industry-dealing-with-the-new-sustainability-standards\/#primaryimage"},"image":{"@id":"https:\/\/sff-camara.com\/sff-magazine-april-2021\/how-is-the-financial-services-industry-dealing-with-the-new-sustainability-standards\/#primaryimage"},"thumbnailUrl":"https:\/\/sff-camara.com\/wp-content\/uploads\/2021\/04\/christian-wiediger-RYWEyXopmM4-unsplash-scaled.jpg","datePublished":"2021-04-13T20:07:48+00:00","dateModified":"2023-09-17T21:11:32+00:00","breadcrumb":{"@id":"https:\/\/sff-camara.com\/sff-magazine-april-2021\/how-is-the-financial-services-industry-dealing-with-the-new-sustainability-standards\/#breadcrumb"},"inLanguage":"es","potentialAction":[{"@type":"ReadAction","target":["https:\/\/sff-camara.com\/sff-magazine-april-2021\/how-is-the-financial-services-industry-dealing-with-the-new-sustainability-standards\/"]}]},{"@type":"ImageObject","inLanguage":"es","@id":"https:\/\/sff-camara.com\/sff-magazine-april-2021\/how-is-the-financial-services-industry-dealing-with-the-new-sustainability-standards\/#primaryimage","url":"https:\/\/sff-camara.com\/wp-content\/uploads\/2021\/04\/christian-wiediger-RYWEyXopmM4-unsplash-scaled.jpg","contentUrl":"https:\/\/sff-camara.com\/wp-content\/uploads\/2021\/04\/christian-wiediger-RYWEyXopmM4-unsplash-scaled.jpg","width":2560,"height":1707},{"@type":"BreadcrumbList","@id":"https:\/\/sff-camara.com\/sff-magazine-april-2021\/how-is-the-financial-services-industry-dealing-with-the-new-sustainability-standards\/#breadcrumb","itemListElement":[{"@type":"ListItem","position":1,"name":"Home","item":"https:\/\/sff-camara.com\/"},{"@type":"ListItem","position":2,"name":"\u00bfC\u00f3mo est\u00e1 afrontando la industria de servicios financieros las nuevas normativas en materia de sostenibilidad?"}]},{"@type":"WebSite","@id":"https:\/\/sff-camara.com\/#website","url":"https:\/\/sff-camara.com\/","name":"SFF","description":"Spanish Financial Forum in Luxembourg","publisher":{"@id":"https:\/\/sff-camara.com\/#organization"},"potentialAction":[{"@type":"SearchAction","target":{"@type":"EntryPoint","urlTemplate":"https:\/\/sff-camara.com\/?s={search_term_string}"},"query-input":{"@type":"PropertyValueSpecification","valueRequired":true,"valueName":"search_term_string"}}],"inLanguage":"es"},{"@type":"Organization","@id":"https:\/\/sff-camara.com\/#organization","name":"Spanish Financial Forum in Luxembourg","url":"https:\/\/sff-camara.com\/","logo":{"@type":"ImageObject","inLanguage":"es","@id":"https:\/\/sff-camara.com\/#\/schema\/logo\/image\/","url":"https:\/\/sff-camara.com\/wp-content\/uploads\/2023\/02\/cropped-LOGO-1.png","contentUrl":"https:\/\/sff-camara.com\/wp-content\/uploads\/2023\/02\/cropped-LOGO-1.png","width":586,"height":222,"caption":"Spanish Financial Forum in Luxembourg"},"image":{"@id":"https:\/\/sff-camara.com\/#\/schema\/logo\/image\/"},"sameAs":["https:\/\/www.linkedin.com\/company\/camara-oficial-de-comercio-de-espana-en-belgica-y-luxemburgo\/"]},{"@type":"Person","@id":"https:\/\/sff-camara.com\/#\/schema\/person\/4adb1bc18ccd0824990c909ad888ece9","name":"SFF","url":"https:\/\/sff-camara.com\/es\/author\/planinluxadmin\/"}]}},"_links":{"self":[{"href":"https:\/\/sff-camara.com\/es\/wp-json\/wp\/v2\/posts\/7973","targetHints":{"allow":["GET"]}}],"collection":[{"href":"https:\/\/sff-camara.com\/es\/wp-json\/wp\/v2\/posts"}],"about":[{"href":"https:\/\/sff-camara.com\/es\/wp-json\/wp\/v2\/types\/post"}],"author":[{"embeddable":true,"href":"https:\/\/sff-camara.com\/es\/wp-json\/wp\/v2\/users\/2"}],"replies":[{"embeddable":true,"href":"https:\/\/sff-camara.com\/es\/wp-json\/wp\/v2\/comments?post=7973"}],"version-history":[{"count":7,"href":"https:\/\/sff-camara.com\/es\/wp-json\/wp\/v2\/posts\/7973\/revisions"}],"predecessor-version":[{"id":11633,"href":"https:\/\/sff-camara.com\/es\/wp-json\/wp\/v2\/posts\/7973\/revisions\/11633"}],"wp:featuredmedia":[{"embeddable":true,"href":"https:\/\/sff-camara.com\/es\/wp-json\/wp\/v2\/media\/5269"}],"wp:attachment":[{"href":"https:\/\/sff-camara.com\/es\/wp-json\/wp\/v2\/media?parent=7973"}],"wp:term":[{"taxonomy":"category","embeddable":true,"href":"https:\/\/sff-camara.com\/es\/wp-json\/wp\/v2\/categories?post=7973"},{"taxonomy":"post_tag","embeddable":true,"href":"https:\/\/sff-camara.com\/es\/wp-json\/wp\/v2\/tags?post=7973"}],"curies":[{"name":"wp","href":"https:\/\/api.w.org\/{rel}","templated":true}]}}