{"id":5523,"date":"2022-04-27T10:21:00","date_gmt":"2022-04-27T10:21:00","guid":{"rendered":"https:\/\/sff-camara.com\/sin-categorizar\/4a-edicion-del-sff-magazine\/"},"modified":"2023-02-18T13:13:38","modified_gmt":"2023-02-18T13:13:38","slug":"4a-edicion-del-sff-magazine","status":"publish","type":"post","link":"https:\/\/sff-camara.com\/es\/noticias\/4a-edicion-del-sff-magazine\/","title":{"rendered":"4\u00aa edici\u00f3n del SFF Magazine"},"content":{"rendered":"\t\t<div data-elementor-type=\"wp-post\" data-elementor-id=\"5523\" class=\"elementor elementor-5523 elementor-5513\">\n\t\t\t\t\t\t<section class=\" elementor-section elementor-top-section elementor-element elementor-element-64d2f6d0 elementor-section-boxed elementor-section-height-default elementor-section-height-default\" data-id=\"64d2f6d0\" data-element_type=\"section\" data-e-type=\"section\">\r\n\t\t\t\t\t\t\t\t<div class=\"elementor-container elementor-column-gap-default\">\r\n\t\t\t\t\r\n\t\t\t\t\t\t\t\t<div class=\" elementor-column elementor-col-100 elementor-top-column elementor-element elementor-element-519901dc \" data-id=\"519901dc\" data-element_type=\"column\" data-e-type=\"column\">\r\n\r\n\t\t\t\t\r\n\t\t\t\t<div class=\"elementor-widget-wrap elementor-element-populated\">\r\n\t\t\t\t\t\t\t\t\t\t\r\n\t\t\t\t\t\t<div class=\"elementor-element elementor-element-3a595ff3 elementor-widget elementor-widget-heading\" data-id=\"3a595ff3\" data-element_type=\"widget\" data-e-type=\"widget\" data-widget_type=\"heading.default\">\n\t\t\t\t<div class=\"elementor-widget-container\">\n\t\t\t\t\t<h3 class=\"elementor-heading-title elementor-size-default\">4\u00aa edici\u00f3n del SFF Magazine<\/h3>\t\t\t\t<\/div>\n\t\t\t\t<\/div>\n\t\t\t\t<div class=\"elementor-element elementor-element-2848ea96 elementor-widget elementor-widget-spacer\" data-id=\"2848ea96\" data-element_type=\"widget\" data-e-type=\"widget\" data-widget_type=\"spacer.default\">\n\t\t\t\t<div class=\"elementor-widget-container\">\n\t\t\t\t\t\t\t<div class=\"elementor-spacer\">\n\t\t\t<div class=\"elementor-spacer-inner\"><\/div>\n\t\t<\/div>\n\t\t\t\t\t\t<\/div>\n\t\t\t\t<\/div>\n\t\t\t\t<div class=\"elementor-element elementor-element-58db0080 elementor-widget elementor-widget-text-editor\" data-id=\"58db0080\" data-element_type=\"widget\" data-e-type=\"widget\" data-widget_type=\"text-editor.default\">\n\t\t\t\t<div class=\"elementor-widget-container\">\n\t\t\t\t\t\t\t\t\t<a href=\"https:\/\/sff-camara.com\/es\/categoria\/noticias\/\" rel=\"tag\">Noticias<\/a>\t\t\t\t\t\t\t\t<\/div>\n\t\t\t\t<\/div>\n\t\t\t\t<div class=\"elementor-element elementor-element-6d31d98b elementor-widget elementor-widget-spacer\" data-id=\"6d31d98b\" data-element_type=\"widget\" data-e-type=\"widget\" data-widget_type=\"spacer.default\">\n\t\t\t\t<div class=\"elementor-widget-container\">\n\t\t\t\t\t\t\t<div class=\"elementor-spacer\">\n\t\t\t<div class=\"elementor-spacer-inner\"><\/div>\n\t\t<\/div>\n\t\t\t\t\t\t<\/div>\n\t\t\t\t<\/div>\n\t\t\t\t\t\t<\/div>\r\n\t\t\t\t<\/div>\r\n\t\t\t\t\t\t\t\t<\/div>\r\n\t\t\t<\/section>\r\n\t\t\t\t\t<section class=\" elementor-section elementor-top-section elementor-element elementor-element-afdb49e elementor-section-boxed elementor-section-height-default elementor-section-height-default\" data-id=\"afdb49e\" data-element_type=\"section\" data-e-type=\"section\">\r\n\t\t\t\t\t\t\t\t<div class=\"elementor-container elementor-column-gap-default\">\r\n\t\t\t\t\r\n\t\t\t\t\t\t\t\t<div class=\" elementor-column elementor-col-100 elementor-top-column elementor-element elementor-element-d402e82 \" data-id=\"d402e82\" data-element_type=\"column\" data-e-type=\"column\">\r\n\r\n\t\t\t\t\r\n\t\t\t\t<div class=\"elementor-widget-wrap elementor-element-populated\">\r\n\t\t\t\t\t\t\t\t\t\t\r\n\t\t\t\t\t\t<div class=\"elementor-element elementor-element-65ff0a8 elementor-widget elementor-widget-image\" data-id=\"65ff0a8\" data-element_type=\"widget\" data-e-type=\"widget\" data-widget_type=\"image.default\">\n\t\t\t\t<div class=\"elementor-widget-container\">\n\t\t\t\t\t\t\t\t\t\t\t\t\t\t\t<img fetchpriority=\"high\" decoding=\"async\" width=\"750\" height=\"288\" src=\"https:\/\/sff-camara.com\/wp-content\/uploads\/2023\/01\/Edition-4-SFF-Magazine.png\" class=\"attachment-large size-large wp-image-5515\" alt=\"\" \/>\t\t\t\t\t\t\t\t\t\t\t\t\t\t\t<\/div>\n\t\t\t\t<\/div>\n\t\t\t\t\t\t<\/div>\r\n\t\t\t\t<\/div>\r\n\t\t\t\t\t\t\t\t<\/div>\r\n\t\t\t<\/section>\r\n\t\t\t\t\t<section class=\" elementor-section elementor-top-section elementor-element elementor-element-1cf98bf elementor-section-boxed elementor-section-height-default elementor-section-height-default\" data-id=\"1cf98bf\" data-element_type=\"section\" data-e-type=\"section\">\r\n\t\t\t\t\t\t\t\t<div class=\"elementor-container elementor-column-gap-default\">\r\n\t\t\t\t\r\n\t\t\t\t\t\t\t\t<div class=\" elementor-column elementor-col-100 elementor-top-column elementor-element elementor-element-d1e4021 \" data-id=\"d1e4021\" data-element_type=\"column\" data-e-type=\"column\">\r\n\r\n\t\t\t\t\r\n\t\t\t\t<div class=\"elementor-widget-wrap elementor-element-populated\">\r\n\t\t\t\t\t\t\t\t\t\t\r\n\t\t\t\t\t\t<div class=\"elementor-element elementor-element-24ab7c8 elementor-widget elementor-widget-text-editor\" data-id=\"24ab7c8\" data-element_type=\"widget\" data-e-type=\"widget\" data-widget_type=\"text-editor.default\">\n\t\t\t\t<div class=\"elementor-widget-container\">\n\t\t\t\t\t\t\t\t\t<p>Ya est\u00e1 disponible la cuarta edici\u00f3n del SFF Magazine. Esta publicaci\u00f3n est\u00e1 elaborada por la C\u00e1mara en el marco de la Comisi\u00f3n de Trabajo \u201cSpanish Financial Forum\u201d, focalizada en el sector financiero.<\/p>\n<p>El SFF Magazine es una publicaci\u00f3n sectorial dirigida a todos aquellos profesionales que trabajan en la industria de servicios financieros y desean estar informados de las novedades legislativas, las tendencias y las oportunidades de desarrollo de negocio entre Espa\u00f1a y Luxemburgo en este sector.<\/p>\n<p>Esta publicaci\u00f3n se edita con periodicidad trimestral en espa\u00f1ol e ingl\u00e9s, y se distribuye gratuitamente en formato digital. Los contenidos son elaborados por expertos miembros del SFF y colaboradores de reconocidas entidades del sector en ambos pa\u00edses.<br \/>La tercera edici\u00f3n del SFF Magazine contiene:<\/p>\n<ul>\n<li><strong>Editorial<\/strong> del Embajador de Espa\u00f1a en Luxemburgo, Sr. D. Bernardo de Sicart Escoda<\/li>\n<li>Secci\u00f3n de <strong>opini\u00f3n<\/strong> dedicada a los criptoactivos: \u00bftendencia a corto plazo o cambio de paradigma? Con colaboraciones de la Luxembourg Stock Exchange y Now Partners.<\/li>\n<li>Dossier trimestral focalizado en <strong>Tendencias en Gesti\u00f3n Patrimonial.<\/strong> El tema se aborda desde la perspectiva de los profesionales que trabajan en la industria de la gesti\u00f3n patrimonial en Luxemburgo, incluyendo contribuciones de CA Indosuez Wealth Management, CMS Luxembourg, Lombard International Assurance S.A. y Octogone Europe S.A. El dossier se completa con un art\u00edculo elaborado por el Banque de Luxembourg sobre \u201cEl papel del asesor bancario en la transmisi\u00f3n patrimonial\u201d.<\/li>\n<li><strong>Art\u00edculos:<\/strong>\n<ul>\n<li>Las empresas de asesoramiento financiero (EAFs), en colaboraci\u00f3n con ASEAFI.<\/li>\n<\/ul>\n<\/li>\n<li>Secci\u00f3n con informaci\u00f3n de actualidad de los miembros y colaboradores del SFF.<\/li>\n<\/ul>\n<p>Visualice <a href=\"https:\/\/e-camara.com\/web\/wp-content\/uploads\/2022\/04\/SFF-Magazine-April-2022.pdf\"><strong>AQU\u00cd<\/strong><\/a> la tercera edici\u00f3n del SFF Magazine<\/p>\n\t\t\t\t\t\t\t\t<\/div>\n\t\t\t\t<\/div>\n\t\t\t\t\t\t<\/div>\r\n\t\t\t\t<\/div>\r\n\t\t\t\t\t\t\t\t<\/div>\r\n\t\t\t<\/section>\r\n\t\t\t\t\t<section class=\" elementor-section elementor-top-section elementor-element elementor-element-45ba18a4 elementor-section-boxed elementor-section-height-default elementor-section-height-default\" data-id=\"45ba18a4\" data-element_type=\"section\" data-e-type=\"section\">\r\n\t\t\t\t\t\t\t\t<div class=\"elementor-container elementor-column-gap-default\">\r\n\t\t\t\t\r\n\t\t\t\t\t\t\t\t<div class=\" elementor-column elementor-col-100 elementor-top-column elementor-element elementor-element-1e86f7f4 \" data-id=\"1e86f7f4\" data-element_type=\"column\" data-e-type=\"column\">\r\n\r\n\t\t\t\t\r\n\t\t\t\t<div class=\"elementor-widget-wrap elementor-element-populated\">\r\n\t\t\t\t\t\t\t\t\t\t\r\n\t\t\t\t\t\t<div class=\"elementor-element elementor-element-8d7373b elementor-widget elementor-widget-spacer\" data-id=\"8d7373b\" data-element_type=\"widget\" data-e-type=\"widget\" data-widget_type=\"spacer.default\">\n\t\t\t\t<div class=\"elementor-widget-container\">\n\t\t\t\t\t\t\t<div class=\"elementor-spacer\">\n\t\t\t<div class=\"elementor-spacer-inner\"><\/div>\n\t\t<\/div>\n\t\t\t\t\t\t<\/div>\n\t\t\t\t<\/div>\n\t\t\t\t<div class=\"elementor-element elementor-element-34a815bf elementor-widget elementor-widget-shortcode\" data-id=\"34a815bf\" data-element_type=\"widget\" data-e-type=\"widget\" data-widget_type=\"shortcode.default\">\n\t\t\t\t<div class=\"elementor-widget-container\">\n\t\t\t\t\t\t\t<div class=\"elementor-shortcode\">[addthis tool=\"addthis_inline_share_toolbox_p8qg\"]<\/div>\n\t\t\t\t\t\t<\/div>\n\t\t\t\t<\/div>\n\t\t\t\t<div class=\"elementor-element elementor-element-a7ee87b elementor-widget elementor-widget-spacer\" data-id=\"a7ee87b\" data-element_type=\"widget\" data-e-type=\"widget\" data-widget_type=\"spacer.default\">\n\t\t\t\t<div class=\"elementor-widget-container\">\n\t\t\t\t\t\t\t<div class=\"elementor-spacer\">\n\t\t\t<div class=\"elementor-spacer-inner\"><\/div>\n\t\t<\/div>\n\t\t\t\t\t\t<\/div>\n\t\t\t\t<\/div>\n\t\t\t\t<div class=\"elementor-element elementor-element-1b8546f6 elementor-widget-divider--view-line elementor-widget elementor-widget-divider\" data-id=\"1b8546f6\" data-element_type=\"widget\" data-e-type=\"widget\" data-widget_type=\"divider.default\">\n\t\t\t\t<div class=\"elementor-widget-container\">\n\t\t\t\t\t\t\t<div class=\"elementor-divider\">\n\t\t\t<span class=\"elementor-divider-separator\">\n\t\t\t\t\t\t<\/span>\n\t\t<\/div>\n\t\t\t\t\t\t<\/div>\n\t\t\t\t<\/div>\n\t\t\t\t<div class=\"elementor-element elementor-element-362f9976 elementor-widget elementor-widget-spacer\" data-id=\"362f9976\" data-element_type=\"widget\" data-e-type=\"widget\" data-widget_type=\"spacer.default\">\n\t\t\t\t<div class=\"elementor-widget-container\">\n\t\t\t\t\t\t\t<div class=\"elementor-spacer\">\n\t\t\t<div class=\"elementor-spacer-inner\"><\/div>\n\t\t<\/div>\n\t\t\t\t\t\t<\/div>\n\t\t\t\t<\/div>\n\t\t\t\t<div class=\"elementor-element elementor-element-1d5207ab elementor-widget elementor-widget-heading\" data-id=\"1d5207ab\" data-element_type=\"widget\" data-e-type=\"widget\" data-widget_type=\"heading.default\">\n\t\t\t\t<div class=\"elementor-widget-container\">\n\t\t\t\t\t<h2 class=\"elementor-heading-title elementor-size-default\">Publicaciones relacionadas<\/h2>\t\t\t\t<\/div>\n\t\t\t\t<\/div>\n\t\t\t\t<div class=\"elementor-element elementor-element-7d31b127 elementor-widget elementor-widget-text-editor\" data-id=\"7d31b127\" data-element_type=\"widget\" data-e-type=\"widget\" data-widget_type=\"text-editor.default\">\n\t\t\t\t<div class=\"elementor-widget-container\">\n\t\t\t\t\t\t\t\t\t<a href=\"https:\/\/sff-camara.com\/es\/categoria\/noticias\/\" rel=\"tag\">Noticias<\/a>\t\t\t\t\t\t\t\t<\/div>\n\t\t\t\t<\/div>\n\t\t\t\t<div class=\"elementor-element elementor-element-6175a561 elementor-widget elementor-widget-spacer\" data-id=\"6175a561\" data-element_type=\"widget\" data-e-type=\"widget\" data-widget_type=\"spacer.default\">\n\t\t\t\t<div class=\"elementor-widget-container\">\n\t\t\t\t\t\t\t<div class=\"elementor-spacer\">\n\t\t\t<div class=\"elementor-spacer-inner\"><\/div>\n\t\t<\/div>\n\t\t\t\t\t\t<\/div>\n\t\t\t\t<\/div>\n\t\t\t\t<div class=\"elementor-element elementor-element-7c5f9202 elementor-widget elementor-widget-udesign_widget_posts elementor-widget-theme-post-content\" data-id=\"7c5f9202\" data-element_type=\"widget\" data-e-type=\"widget\" data-widget_type=\"udesign_widget_posts.default\">\n\t\t\t\t<div class=\"elementor-widget-container\">\n\t\t\t\t\t<div class=\"posts  row cols-lg-3 cols-md-2 cols-sm-2 cols-1 cols-xl-3 slider-wrapper posts row cols-lg-3 cols-md-2 cols-sm-2 cols-1 cols-xl-3\" data-slider-options=\"{&quot;spaceBetween&quot;:30,&quot;loop&quot;:true,&quot;autoplay&quot;:{&quot;delay&quot;:5000,&quot;disableOnInteraction&quot;:false},&quot;effect&quot;:&quot;slide&quot;,&quot;slidesPerView&quot;:3,&quot;breakpoints&quot;:{&quot;2401&quot;:{&quot;slidesPerView&quot;:3},&quot;1440&quot;:{&quot;slidesPerView&quot;:3},&quot;1200&quot;:{&quot;slidesPerView&quot;:3},&quot;992&quot;:{&quot;slidesPerView&quot;:3},&quot;768&quot;:{&quot;slidesPerView&quot;:2},&quot;576&quot;:{&quot;slidesPerView&quot;:2},&quot;0&quot;:{&quot;slidesPerView&quot;:1}},&quot;statusClass&quot;:&quot;slider-dots-default&quot;}\" data-post-type=\"modern\">\r\n<div class=\"post-wrap \" data-post-image=\"alpha-post-medium\">\r\n\r\n\t\r\n\t<article class=\"post-18786 post type-post status-publish format-standard has-post-thumbnail hentry category-noticias post overlay-zoom overlay-dark  post-modern\">\r\n\t\t\t\t\t<figure class=\"post-media\">\r\n\t\t\t\t\t\t\t\t<a href=\"https:\/\/sff-camara.com\/es\/noticias\/elementor-18786\/\" aria-label=\"Post Media\">\r\n\t\t\t\t\t<img decoding=\"async\" width=\"600\" height=\"340\" src=\"https:\/\/sff-camara.com\/wp-content\/uploads\/2026\/01\/Para-fotos-horizontales-4-600x340.png\" class=\"attachment-alpha-post-medium size-alpha-post-medium wp-post-image\" alt=\"\" \/>\t\t\t\t<\/a>\r\n\t\t\t<\/figure>\r\n\t\t\t<div class=\"post-details\">\r\n\t<div class=\"post-meta\">\r\n\t<a class=\"post-date\" href=\"https:\/\/sff-camara.com\/es\/2026\/01\/28\/\">enero 28, 2026<\/a>\r\n\r\n\t<\/div>\r\n<h3 class=\"post-title\">\r\n\t<a href=\"https:\/\/sff-camara.com\/es\/noticias\/elementor-18786\/\">\r\n\t\tLa C\u00e1mara organiza un desayuno conferencia en Luxemburgo sobre \u00abMovilidad internacional para grandes patrimonios: an\u00e1lisis de los reg\u00edmenes fiscales en Reino Unido \u2013 Suiza \u2013 Italia\u00bb\t<\/a>\r\n<\/h3>\r\n<a href=\"https:\/\/sff-camara.com\/es\/noticias\/elementor-18786\/\" class=\"btn btn-link btn-underline btn-primary\">Leer m\u00e1s <i class=\"a-icon-long-arrow-right\"><\/i><\/a><\/div>\r\n\t<\/article>\r\n\r\n\t\r\n<\/div>\r\n\r\n\r\n<div class=\"post-wrap \" data-post-image=\"alpha-post-medium\">\r\n\r\n\t\r\n\t<article class=\"post-18773 post type-post status-publish format-standard has-post-thumbnail hentry category-noticias post overlay-zoom overlay-dark  post-modern\">\r\n\t\t\t\t\t<figure class=\"post-media\">\r\n\t\t\t\t\t\t\t\t<a href=\"https:\/\/sff-camara.com\/es\/noticias\/la-camara-y-kpmg-organizan-la-conferencia-presencial-en-luxemburgo-desbloqueando-y-asegurando-la-rentabilidad-presentacion-del-kpmg-abbl-private-banking-report-2025\/\" aria-label=\"Post Media\">\r\n\t\t\t\t\t<img decoding=\"async\" width=\"600\" height=\"340\" src=\"https:\/\/sff-camara.com\/wp-content\/uploads\/2026\/01\/Banner-noticia-600x340.webp\" class=\"attachment-alpha-post-medium size-alpha-post-medium wp-post-image\" alt=\"\" \/>\t\t\t\t<\/a>\r\n\t\t\t<\/figure>\r\n\t\t\t<div class=\"post-details\">\r\n\t<div class=\"post-meta\">\r\n\t<a class=\"post-date\" href=\"https:\/\/sff-camara.com\/es\/2026\/01\/26\/\">enero 26, 2026<\/a>\r\n\r\n\t<\/div>\r\n<h3 class=\"post-title\">\r\n\t<a href=\"https:\/\/sff-camara.com\/es\/noticias\/la-camara-y-kpmg-organizan-la-conferencia-presencial-en-luxemburgo-desbloqueando-y-asegurando-la-rentabilidad-presentacion-del-kpmg-abbl-private-banking-report-2025\/\">\r\n\t\tLa C\u00e1mara y KPMG organizan la conferencia presencial en Luxemburgo \u00abDesbloqueando y Asegurando la Rentabilidad: Presentaci\u00f3n del KPMG\u2013ABBL Private Banking Report 2025\u201d\t<\/a>\r\n<\/h3>\r\n<a href=\"https:\/\/sff-camara.com\/es\/noticias\/la-camara-y-kpmg-organizan-la-conferencia-presencial-en-luxemburgo-desbloqueando-y-asegurando-la-rentabilidad-presentacion-del-kpmg-abbl-private-banking-report-2025\/\" class=\"btn btn-link btn-underline btn-primary\">Leer m\u00e1s <i class=\"a-icon-long-arrow-right\"><\/i><\/a><\/div>\r\n\t<\/article>\r\n\r\n\t\r\n<\/div>\r\n\r\n\r\n<div class=\"post-wrap \" data-post-image=\"alpha-post-medium\">\r\n\r\n\t\r\n\t<article class=\"post-18742 post type-post status-publish format-standard has-post-thumbnail hentry category-noticias post overlay-zoom overlay-dark  post-modern\">\r\n\t\t\t\t\t<figure class=\"post-media\">\r\n\t\t\t\t\t\t\t\t<a href=\"https:\/\/sff-camara.com\/es\/noticias\/18-03-almuerzo-debate-en-luxemburgo-con-nadia-calvino-presidenta-del-banco-europeo-de-inversiones\/\" aria-label=\"Post Media\">\r\n\t\t\t\t\t<img loading=\"lazy\" decoding=\"async\" width=\"600\" height=\"340\" src=\"https:\/\/sff-camara.com\/wp-content\/uploads\/2026\/01\/Para-fotos-horizontales-5-600x340.png\" class=\"attachment-alpha-post-medium size-alpha-post-medium wp-post-image\" alt=\"\" \/>\t\t\t\t<\/a>\r\n\t\t\t<\/figure>\r\n\t\t\t<div class=\"post-details\">\r\n\t<div class=\"post-meta\">\r\n\t<a class=\"post-date\" href=\"https:\/\/sff-camara.com\/es\/2026\/01\/23\/\">enero 23, 2026<\/a>\r\n\r\n\t<\/div>\r\n<h3 class=\"post-title\">\r\n\t<a href=\"https:\/\/sff-camara.com\/es\/noticias\/18-03-almuerzo-debate-en-luxemburgo-con-nadia-calvino-presidenta-del-banco-europeo-de-inversiones\/\">\r\n\t\tNadia Calvi\u00f1o subraya la importancia de invertir en empresas europeas para impulsar la competitividad y autonom\u00eda de la UE\t<\/a>\r\n<\/h3>\r\n<a href=\"https:\/\/sff-camara.com\/es\/noticias\/18-03-almuerzo-debate-en-luxemburgo-con-nadia-calvino-presidenta-del-banco-europeo-de-inversiones\/\" class=\"btn btn-link btn-underline btn-primary\">Leer m\u00e1s <i class=\"a-icon-long-arrow-right\"><\/i><\/a><\/div>\r\n\t<\/article>\r\n\r\n\t\r\n<\/div>\r\n\r\n\r\n<div class=\"post-wrap \" data-post-image=\"alpha-post-medium\">\r\n\r\n\t\r\n\t<article class=\"post-15989 post type-post status-publish format-standard has-post-thumbnail hentry category-noticias post overlay-zoom overlay-dark  post-modern\">\r\n\t\t\t\t\t<figure class=\"post-media\">\r\n\t\t\t\t\t\t\t\t<a href=\"https:\/\/sff-camara.com\/es\/noticias\/1-11-09-training-programme-introduction-to-the-luxembourg-financial-market\/\" aria-label=\"Post Media\">\r\n\t\t\t\t\t<img loading=\"lazy\" decoding=\"async\" width=\"600\" height=\"340\" src=\"https:\/\/sff-camara.com\/wp-content\/uploads\/2025\/02\/IMG_4130-1-600x340.webp\" class=\"attachment-alpha-post-medium size-alpha-post-medium wp-post-image\" alt=\"\" \/>\t\t\t\t<\/a>\r\n\t\t\t<\/figure>\r\n\t\t\t<div class=\"post-details\">\r\n\t<div class=\"post-meta\">\r\n\t<a class=\"post-date\" href=\"https:\/\/sff-camara.com\/es\/2026\/01\/22\/\">enero 22, 2026<\/a>\r\n\r\n\t<\/div>\r\n<h3 class=\"post-title\">\r\n\t<a href=\"https:\/\/sff-camara.com\/es\/noticias\/1-11-09-training-programme-introduction-to-the-luxembourg-financial-market\/\">\r\n\t\t01-11\/09 Programa Formativo \u201cIntroducci\u00f3n al mercado financiero luxemburgu\u00e9s\u201d\t<\/a>\r\n<\/h3>\r\n<a href=\"https:\/\/sff-camara.com\/es\/noticias\/1-11-09-training-programme-introduction-to-the-luxembourg-financial-market\/\" class=\"btn btn-link btn-underline btn-primary\">Leer m\u00e1s <i class=\"a-icon-long-arrow-right\"><\/i><\/a><\/div>\r\n\t<\/article>\r\n\r\n\t\r\n<\/div>\r\n\r\n\r\n<div class=\"post-wrap \" data-post-image=\"alpha-post-medium\">\r\n\r\n\t\r\n\t<article class=\"post-16698 post type-post status-publish format-standard has-post-thumbnail hentry category-noticias post overlay-zoom overlay-dark  post-modern\">\r\n\t\t\t\t\t<figure class=\"post-media\">\r\n\t\t\t\t\t\t\t\t<a href=\"https:\/\/sff-camara.com\/es\/noticias\/interacciones-entre-precios-de-transferencia-e-iva-baker-mckenzie\/\" aria-label=\"Post Media\">\r\n\t\t\t\t\t<img loading=\"lazy\" decoding=\"async\" width=\"600\" height=\"340\" src=\"https:\/\/sff-camara.com\/wp-content\/uploads\/2025\/05\/IMG_5408-600x340.webp\" class=\"attachment-alpha-post-medium size-alpha-post-medium wp-post-image\" alt=\"\" \/>\t\t\t\t<\/a>\r\n\t\t\t<\/figure>\r\n\t\t\t<div class=\"post-details\">\r\n\t<div class=\"post-meta\">\r\n\t<a class=\"post-date\" href=\"https:\/\/sff-camara.com\/es\/2026\/01\/22\/\">enero 22, 2026<\/a>\r\n\r\n\t<\/div>\r\n<h3 class=\"post-title\">\r\n\t<a href=\"https:\/\/sff-camara.com\/es\/noticias\/interacciones-entre-precios-de-transferencia-e-iva-baker-mckenzie\/\">\r\n\t\tLa C\u00e1mara organiza, junto a Baker McKenzie, la conferencia en Luxemburgo sobre \u201cInteracciones entre precios de transferencia e IVA: otra vuelta de tuerca para incrementar la recaudaci\u00f3n\u201d\t<\/a>\r\n<\/h3>\r\n<a href=\"https:\/\/sff-camara.com\/es\/noticias\/interacciones-entre-precios-de-transferencia-e-iva-baker-mckenzie\/\" class=\"btn btn-link btn-underline btn-primary\">Leer m\u00e1s <i class=\"a-icon-long-arrow-right\"><\/i><\/a><\/div>\r\n\t<\/article>\r\n\r\n\t\r\n<\/div>\r\n\r\n\r\n<div class=\"post-wrap \" data-post-image=\"alpha-post-medium\">\r\n\r\n\t\r\n\t<article class=\"post-17432 post type-post status-publish format-standard has-post-thumbnail hentry category-noticias post overlay-zoom overlay-dark  post-modern\">\r\n\t\t\t\t\t<figure class=\"post-media\">\r\n\t\t\t\t\t\t\t\t<a href=\"https:\/\/sff-camara.com\/es\/noticias\/22-10-conferencia-presencial-sobre-nuevas-circulares-de-la-cssf-y-dora-cambios-en-el-marco-regulatorio-de-luxemburgo\/\" aria-label=\"Post Media\">\r\n\t\t\t\t\t<img loading=\"lazy\" decoding=\"async\" width=\"600\" height=\"340\" src=\"https:\/\/sff-camara.com\/wp-content\/uploads\/2025\/08\/IMG_5300-1-600x340.webp\" class=\"attachment-alpha-post-medium size-alpha-post-medium wp-post-image\" alt=\"\" \/>\t\t\t\t<\/a>\r\n\t\t\t<\/figure>\r\n\t\t\t<div class=\"post-details\">\r\n\t<div class=\"post-meta\">\r\n\t<a class=\"post-date\" href=\"https:\/\/sff-camara.com\/es\/2026\/01\/22\/\">enero 22, 2026<\/a>\r\n\r\n\t<\/div>\r\n<h3 class=\"post-title\">\r\n\t<a href=\"https:\/\/sff-camara.com\/es\/noticias\/22-10-conferencia-presencial-sobre-nuevas-circulares-de-la-cssf-y-dora-cambios-en-el-marco-regulatorio-de-luxemburgo\/\">\r\n\t\tConferencia presencial sobre \u201cNuevas circulares de la CSSF y DORA: Cambios en el marco regulatorio de Luxemburgo\u201d\t<\/a>\r\n<\/h3>\r\n<a href=\"https:\/\/sff-camara.com\/es\/noticias\/22-10-conferencia-presencial-sobre-nuevas-circulares-de-la-cssf-y-dora-cambios-en-el-marco-regulatorio-de-luxemburgo\/\" class=\"btn btn-link btn-underline btn-primary\">Leer m\u00e1s <i class=\"a-icon-long-arrow-right\"><\/i><\/a><\/div>\r\n\t<\/article>\r\n\r\n\t\r\n<\/div>\r\n\r\n\r\n<div class=\"post-wrap \" data-post-image=\"alpha-post-medium\">\r\n\r\n\t\r\n\t<article class=\"post-17923 post type-post status-publish format-standard has-post-thumbnail hentry category-noticias post overlay-zoom overlay-dark  post-modern\">\r\n\t\t\t\t\t<figure class=\"post-media\">\r\n\t\t\t\t\t\t\t\t<a href=\"https:\/\/sff-camara.com\/es\/noticias\/se-celebra-con-exito-el-programa-de-formacion-introduccion-al-mercado-financiero-luxemburgues\/\" aria-label=\"Post Media\">\r\n\t\t\t\t\t<img loading=\"lazy\" decoding=\"async\" width=\"600\" height=\"340\" src=\"https:\/\/sff-camara.com\/wp-content\/uploads\/2025\/09\/IMG_4069-600x340.png\" class=\"attachment-alpha-post-medium size-alpha-post-medium wp-post-image\" alt=\"\" \/>\t\t\t\t<\/a>\r\n\t\t\t<\/figure>\r\n\t\t\t<div class=\"post-details\">\r\n\t<div class=\"post-meta\">\r\n\t<a class=\"post-date\" href=\"https:\/\/sff-camara.com\/es\/2025\/09\/22\/\">septiembre 22, 2025<\/a>\r\n\r\n\t<\/div>\r\n<h3 class=\"post-title\">\r\n\t<a href=\"https:\/\/sff-camara.com\/es\/noticias\/se-celebra-con-exito-el-programa-de-formacion-introduccion-al-mercado-financiero-luxemburgues\/\">\r\n\t\tPrograma formativo \u00abIntroducci\u00f3n al mercado financiero luxemburgu\u00e9s\u00bb realizado con \u00e9xito\t<\/a>\r\n<\/h3>\r\n<a href=\"https:\/\/sff-camara.com\/es\/noticias\/se-celebra-con-exito-el-programa-de-formacion-introduccion-al-mercado-financiero-luxemburgues\/\" class=\"btn btn-link btn-underline btn-primary\">Leer m\u00e1s <i class=\"a-icon-long-arrow-right\"><\/i><\/a><\/div>\r\n\t<\/article>\r\n\r\n\t\r\n<\/div>\r\n\r\n\r\n<div class=\"post-wrap \" data-post-image=\"alpha-post-medium\">\r\n\r\n\t\r\n\t<article class=\"post-15999 post type-post status-publish format-standard has-post-thumbnail hentry category-noticias post overlay-zoom overlay-dark  post-modern\">\r\n\t\t\t\t\t<figure class=\"post-media\">\r\n\t\t\t\t\t\t\t\t<a href=\"https:\/\/sff-camara.com\/es\/noticias\/05-02-conferencia-presencial-puente-de-inversion-latam-iberia-luxemburgo-estrategias-innovacion-y-seguridad-2\/\" aria-label=\"Post Media\">\r\n\t\t\t\t\t<img loading=\"lazy\" decoding=\"async\" width=\"600\" height=\"420\" src=\"https:\/\/sff-camara.com\/wp-content\/uploads\/2025\/02\/Background-3-1-600x420.png\" class=\"attachment-alpha-post-medium size-alpha-post-medium wp-post-image\" alt=\"\" srcset=\"https:\/\/sff-camara.com\/wp-content\/uploads\/2025\/02\/Background-3-1-600x420.png 600w, https:\/\/sff-camara.com\/wp-content\/uploads\/2025\/02\/Background-3-1-400x280.png 400w, https:\/\/sff-camara.com\/wp-content\/uploads\/2025\/02\/Background-3-1-570x400.png 570w\" sizes=\"(max-width: 600px) 100vw, 600px\" \/>\t\t\t\t<\/a>\r\n\t\t\t<\/figure>\r\n\t\t\t<div class=\"post-details\">\r\n\t<div class=\"post-meta\">\r\n\t<a class=\"post-date\" href=\"https:\/\/sff-camara.com\/es\/2025\/02\/03\/\">febrero 3, 2025<\/a>\r\n\r\n\t<\/div>\r\n<h3 class=\"post-title\">\r\n\t<a href=\"https:\/\/sff-camara.com\/es\/noticias\/05-02-conferencia-presencial-puente-de-inversion-latam-iberia-luxemburgo-estrategias-innovacion-y-seguridad-2\/\">\r\n\t\t05\/02 Conferencia presencial \u00abPuente de inversi\u00f3n Latam- Iberia- Luxemburgo: Estrategias, Innovaci\u00f3n y Seguridad\u00bb\t<\/a>\r\n<\/h3>\r\n<a href=\"https:\/\/sff-camara.com\/es\/noticias\/05-02-conferencia-presencial-puente-de-inversion-latam-iberia-luxemburgo-estrategias-innovacion-y-seguridad-2\/\" class=\"btn btn-link btn-underline btn-primary\">Leer m\u00e1s <i class=\"a-icon-long-arrow-right\"><\/i><\/a><\/div>\r\n\t<\/article>\r\n\r\n\t\r\n<\/div>\r\n\r\n\r\n<div class=\"post-wrap \" data-post-image=\"alpha-post-medium\">\r\n\r\n\t\r\n\t<article class=\"post-14901 post type-post status-publish format-standard has-post-thumbnail hentry category-noticias post overlay-zoom overlay-dark  post-modern\">\r\n\t\t\t\t\t<figure class=\"post-media\">\r\n\t\t\t\t\t\t\t\t<a href=\"https:\/\/sff-camara.com\/es\/noticias\/1-11-10-programa-formativo-introduccion-al-mercado-financiero-luxemburgues\/\" aria-label=\"Post Media\">\r\n\t\t\t\t\t<img loading=\"lazy\" decoding=\"async\" width=\"600\" height=\"340\" src=\"https:\/\/sff-camara.com\/wp-content\/uploads\/2024\/09\/Luxembourg-for-Finance-banner-600x340.jpg\" class=\"attachment-alpha-post-medium size-alpha-post-medium wp-post-image\" alt=\"\" \/>\t\t\t\t<\/a>\r\n\t\t\t<\/figure>\r\n\t\t\t<div class=\"post-details\">\r\n\t<div class=\"post-meta\">\r\n\t<a class=\"post-date\" href=\"https:\/\/sff-camara.com\/es\/2024\/10\/18\/\">octubre 18, 2024<\/a>\r\n\r\n\t<\/div>\r\n<h3 class=\"post-title\">\r\n\t<a href=\"https:\/\/sff-camara.com\/es\/noticias\/1-11-10-programa-formativo-introduccion-al-mercado-financiero-luxemburgues\/\">\r\n\t\tLa C\u00e1mara celebra con \u00e9xito la primera edici\u00f3n del programa formativo \u201cIntroducci\u00f3n al mercado financiero luxemburgu\u00e9s\u201d\t<\/a>\r\n<\/h3>\r\n<a href=\"https:\/\/sff-camara.com\/es\/noticias\/1-11-10-programa-formativo-introduccion-al-mercado-financiero-luxemburgues\/\" class=\"btn btn-link btn-underline btn-primary\">Leer m\u00e1s <i class=\"a-icon-long-arrow-right\"><\/i><\/a><\/div>\r\n\t<\/article>\r\n\r\n\t\r\n<\/div>\r\n\r\n\r\n<div class=\"post-wrap \" data-post-image=\"alpha-post-medium\">\r\n\r\n\t\r\n\t<article class=\"post-15357 post type-post status-publish format-standard has-post-thumbnail hentry category-noticias category-sff-magazine-septiembre-2024 category-sin-categorizar post overlay-zoom overlay-dark  post-modern\">\r\n\t\t\t\t\t<figure class=\"post-media\">\r\n\t\t\t\t\t\t\t\t<a href=\"https:\/\/sff-camara.com\/es\/noticias\/ya-esta-disponible-la-edicion-de-septiembre-2024-del-sff-magazine\/\" aria-label=\"Post Media\">\r\n\t\t\t\t\t<img loading=\"lazy\" decoding=\"async\" width=\"600\" height=\"340\" src=\"https:\/\/sff-camara.com\/wp-content\/uploads\/2024\/11\/SFF-Magazine-Septiembre-2024-banner-600x340.png\" class=\"attachment-alpha-post-medium size-alpha-post-medium wp-post-image\" alt=\"\" \/>\t\t\t\t<\/a>\r\n\t\t\t<\/figure>\r\n\t\t\t<div class=\"post-details\">\r\n\t<div class=\"post-meta\">\r\n\t<a class=\"post-date\" href=\"https:\/\/sff-camara.com\/es\/2024\/09\/19\/\">septiembre 19, 2024<\/a>\r\n\r\n\t<\/div>\r\n<h3 class=\"post-title\">\r\n\t<a href=\"https:\/\/sff-camara.com\/es\/noticias\/ya-esta-disponible-la-edicion-de-septiembre-2024-del-sff-magazine\/\">\r\n\t\tYa est\u00e1 disponible la edici\u00f3n de septiembre 2024 del SFF Magazine\t<\/a>\r\n<\/h3>\r\n<a href=\"https:\/\/sff-camara.com\/es\/noticias\/ya-esta-disponible-la-edicion-de-septiembre-2024-del-sff-magazine\/\" class=\"btn btn-link btn-underline btn-primary\">Leer m\u00e1s <i class=\"a-icon-long-arrow-right\"><\/i><\/a><\/div>\r\n\t<\/article>\r\n\r\n\t\r\n<\/div>\r\n\r\n\r\n<div class=\"post-wrap \" data-post-image=\"alpha-post-medium\">\r\n\r\n\t\r\n\t<article class=\"post-14892 post type-post status-publish format-standard has-post-thumbnail hentry category-noticias post overlay-zoom overlay-dark  post-modern\">\r\n\t\t\t\t\t<figure class=\"post-media\">\r\n\t\t\t\t\t\t\t\t<a href=\"https:\/\/sff-camara.com\/es\/noticias\/01-10-afterwork-de-celebracion-del-quinto-aniversario-del-spanish-financial-forum\/\" aria-label=\"Post Media\">\r\n\t\t\t\t\t<img loading=\"lazy\" decoding=\"async\" width=\"600\" height=\"340\" src=\"https:\/\/sff-camara.com\/wp-content\/uploads\/2024\/09\/Banner-Aniversario-SFF-600x340.jpg\" class=\"attachment-alpha-post-medium size-alpha-post-medium wp-post-image\" alt=\"\" \/>\t\t\t\t<\/a>\r\n\t\t\t<\/figure>\r\n\t\t\t<div class=\"post-details\">\r\n\t<div class=\"post-meta\">\r\n\t<a class=\"post-date\" href=\"https:\/\/sff-camara.com\/es\/2024\/09\/13\/\">septiembre 13, 2024<\/a>\r\n\r\n\t<\/div>\r\n<h3 class=\"post-title\">\r\n\t<a href=\"https:\/\/sff-camara.com\/es\/noticias\/01-10-afterwork-de-celebracion-del-quinto-aniversario-del-spanish-financial-forum\/\">\r\n\t\tLa C\u00e1mara celebra el V aniversario del Spanish Financial Forum con un afterwork\t<\/a>\r\n<\/h3>\r\n<a href=\"https:\/\/sff-camara.com\/es\/noticias\/01-10-afterwork-de-celebracion-del-quinto-aniversario-del-spanish-financial-forum\/\" class=\"btn btn-link btn-underline btn-primary\">Leer m\u00e1s <i class=\"a-icon-long-arrow-right\"><\/i><\/a><\/div>\r\n\t<\/article>\r\n\r\n\t\r\n<\/div>\r\n\r\n\r\n<div class=\"post-wrap \" data-post-image=\"alpha-post-medium\">\r\n\r\n\t\r\n\t<article class=\"post-15339 post type-post status-publish format-standard has-post-thumbnail hentry category-noticias category-sff-magazine-junio-2024 category-sin-categorizar post overlay-zoom overlay-dark  post-modern\">\r\n\t\t\t\t\t<figure class=\"post-media\">\r\n\t\t\t\t\t\t\t\t<a href=\"https:\/\/sff-camara.com\/es\/noticias\/ya-esta-disponible-la-edicion-de-marzo-2024-del-sff-magazine-2\/\" aria-label=\"Post Media\">\r\n\t\t\t\t\t<img loading=\"lazy\" decoding=\"async\" width=\"600\" height=\"340\" src=\"https:\/\/sff-camara.com\/wp-content\/uploads\/2024\/11\/SFF-Magazine-June-2024-banner-600x340.png\" class=\"attachment-alpha-post-medium size-alpha-post-medium wp-post-image\" alt=\"\" \/>\t\t\t\t<\/a>\r\n\t\t\t<\/figure>\r\n\t\t\t<div class=\"post-details\">\r\n\t<div class=\"post-meta\">\r\n\t<a class=\"post-date\" href=\"https:\/\/sff-camara.com\/es\/2024\/06\/06\/\">junio 6, 2024<\/a>\r\n\r\n\t<\/div>\r\n<h3 class=\"post-title\">\r\n\t<a href=\"https:\/\/sff-camara.com\/es\/noticias\/ya-esta-disponible-la-edicion-de-marzo-2024-del-sff-magazine-2\/\">\r\n\t\tYa est\u00e1 disponible la edici\u00f3n de junio 2024 del SFF Magazine\t<\/a>\r\n<\/h3>\r\n<a href=\"https:\/\/sff-camara.com\/es\/noticias\/ya-esta-disponible-la-edicion-de-marzo-2024-del-sff-magazine-2\/\" class=\"btn btn-link btn-underline btn-primary\">Leer m\u00e1s <i class=\"a-icon-long-arrow-right\"><\/i><\/a><\/div>\r\n\t<\/article>\r\n\r\n\t\r\n<\/div>\r\n\r\n\r\n<div class=\"post-wrap \" data-post-image=\"alpha-post-medium\">\r\n\r\n\t\r\n\t<article class=\"post-13751 post type-post status-publish format-standard has-post-thumbnail hentry category-noticias category-sff-magazine-marzo-2024 post overlay-zoom overlay-dark  post-modern\">\r\n\t\t\t\t\t<figure class=\"post-media\">\r\n\t\t\t\t\t\t\t\t<a href=\"https:\/\/sff-camara.com\/es\/noticias\/celebrada-la-formacion-sff-learning-solutions-precios-de-transferencia-para-estructuras-de-family-office\/\" aria-label=\"Post Media\">\r\n\t\t\t\t\t<img loading=\"lazy\" decoding=\"async\" width=\"600\" height=\"420\" src=\"https:\/\/sff-camara.com\/wp-content\/uploads\/2024\/05\/ImportedPhoto_1714137943387-600x420.jpg\" class=\"attachment-alpha-post-medium size-alpha-post-medium wp-post-image\" alt=\"\" srcset=\"https:\/\/sff-camara.com\/wp-content\/uploads\/2024\/05\/ImportedPhoto_1714137943387-600x420.jpg 600w, https:\/\/sff-camara.com\/wp-content\/uploads\/2024\/05\/ImportedPhoto_1714137943387-400x280.jpg 400w, https:\/\/sff-camara.com\/wp-content\/uploads\/2024\/05\/ImportedPhoto_1714137943387-570x400.jpg 570w\" sizes=\"(max-width: 600px) 100vw, 600px\" \/>\t\t\t\t<\/a>\r\n\t\t\t<\/figure>\r\n\t\t\t<div class=\"post-details\">\r\n\t<div class=\"post-meta\">\r\n\t<a class=\"post-date\" href=\"https:\/\/sff-camara.com\/es\/2024\/05\/02\/\">mayo 2, 2024<\/a>\r\n\r\n\t<\/div>\r\n<h3 class=\"post-title\">\r\n\t<a href=\"https:\/\/sff-camara.com\/es\/noticias\/celebrada-la-formacion-sff-learning-solutions-precios-de-transferencia-para-estructuras-de-family-office\/\">\r\n\t\tCelebrada la formaci\u00f3n \u201cSFF Learning Solutions: Precios de Transferencia para Estructuras de Family Office\u201d\t<\/a>\r\n<\/h3>\r\n<a href=\"https:\/\/sff-camara.com\/es\/noticias\/celebrada-la-formacion-sff-learning-solutions-precios-de-transferencia-para-estructuras-de-family-office\/\" class=\"btn btn-link btn-underline btn-primary\">Leer m\u00e1s <i class=\"a-icon-long-arrow-right\"><\/i><\/a><\/div>\r\n\t<\/article>\r\n\r\n\t\r\n<\/div>\r\n\r\n\r\n<div class=\"post-wrap \" data-post-image=\"alpha-post-medium\">\r\n\r\n\t\r\n\t<article class=\"post-13732 post type-post status-publish format-standard has-post-thumbnail hentry category-noticias category-sff-magazine-marzo-2023 category-sin-categorizar post overlay-zoom overlay-dark  post-modern\">\r\n\t\t\t\t\t<figure class=\"post-media\">\r\n\t\t\t\t\t\t\t\t<a href=\"https:\/\/sff-camara.com\/es\/noticias\/ya-esta-disponible-la-edicion-de-marzo-2024-del-sff-magazine\/\" aria-label=\"Post Media\">\r\n\t\t\t\t\t<img loading=\"lazy\" decoding=\"async\" width=\"600\" height=\"420\" src=\"https:\/\/sff-camara.com\/wp-content\/uploads\/2024\/05\/SFF-Magazine-Marzo-2024-600x420.png\" class=\"attachment-alpha-post-medium size-alpha-post-medium wp-post-image\" alt=\"\" srcset=\"https:\/\/sff-camara.com\/wp-content\/uploads\/2024\/05\/SFF-Magazine-Marzo-2024-600x420.png 600w, https:\/\/sff-camara.com\/wp-content\/uploads\/2024\/05\/SFF-Magazine-Marzo-2024-400x280.png 400w, https:\/\/sff-camara.com\/wp-content\/uploads\/2024\/05\/SFF-Magazine-Marzo-2024-570x400.png 570w\" sizes=\"(max-width: 600px) 100vw, 600px\" \/>\t\t\t\t<\/a>\r\n\t\t\t<\/figure>\r\n\t\t\t<div class=\"post-details\">\r\n\t<div class=\"post-meta\">\r\n\t<a class=\"post-date\" href=\"https:\/\/sff-camara.com\/es\/2024\/05\/02\/\">mayo 2, 2024<\/a>\r\n\r\n\t<\/div>\r\n<h3 class=\"post-title\">\r\n\t<a href=\"https:\/\/sff-camara.com\/es\/noticias\/ya-esta-disponible-la-edicion-de-marzo-2024-del-sff-magazine\/\">\r\n\t\tYa est\u00e1 disponible la edici\u00f3n de Marzo 2024 del SFF Magazine\t<\/a>\r\n<\/h3>\r\n<a href=\"https:\/\/sff-camara.com\/es\/noticias\/ya-esta-disponible-la-edicion-de-marzo-2024-del-sff-magazine\/\" class=\"btn btn-link btn-underline btn-primary\">Leer m\u00e1s <i class=\"a-icon-long-arrow-right\"><\/i><\/a><\/div>\r\n\t<\/article>\r\n\r\n\t\r\n<\/div>\r\n\r\n\r\n<div class=\"post-wrap \" data-post-image=\"alpha-post-medium\">\r\n\r\n\t\r\n\t<article class=\"post-12971 post type-post status-publish format-standard has-post-thumbnail hentry category-noticias category-sff-magazine-marzo-2024 post overlay-zoom overlay-dark  post-modern\">\r\n\t\t\t\t\t<figure class=\"post-media\">\r\n\t\t\t\t\t\t\t\t<a href=\"https:\/\/sff-camara.com\/es\/noticias\/alfi-roadshow-en-madrid\/\" aria-label=\"Post Media\">\r\n\t\t\t\t\t<img loading=\"lazy\" decoding=\"async\" width=\"600\" height=\"420\" src=\"https:\/\/sff-camara.com\/wp-content\/uploads\/2024\/02\/Madrid24-swapcard-600x263-1-600x420.png\" class=\"attachment-alpha-post-medium size-alpha-post-medium wp-post-image\" alt=\"\" srcset=\"https:\/\/sff-camara.com\/wp-content\/uploads\/2024\/02\/Madrid24-swapcard-600x263-1-600x420.png 600w, https:\/\/sff-camara.com\/wp-content\/uploads\/2024\/02\/Madrid24-swapcard-600x263-1-400x280.png 400w, https:\/\/sff-camara.com\/wp-content\/uploads\/2024\/02\/Madrid24-swapcard-600x263-1-570x400.png 570w\" sizes=\"(max-width: 600px) 100vw, 600px\" \/>\t\t\t\t<\/a>\r\n\t\t\t<\/figure>\r\n\t\t\t<div class=\"post-details\">\r\n\t<div class=\"post-meta\">\r\n\t<a class=\"post-date\" href=\"https:\/\/sff-camara.com\/es\/2024\/03\/06\/\">marzo 6, 2024<\/a>\r\n\r\n\t<\/div>\r\n<h3 class=\"post-title\">\r\n\t<a href=\"https:\/\/sff-camara.com\/es\/noticias\/alfi-roadshow-en-madrid\/\">\r\n\t\tALFI Roadshow en Madrid\t<\/a>\r\n<\/h3>\r\n<a href=\"https:\/\/sff-camara.com\/es\/noticias\/alfi-roadshow-en-madrid\/\" class=\"btn btn-link btn-underline btn-primary\">Leer m\u00e1s <i class=\"a-icon-long-arrow-right\"><\/i><\/a><\/div>\r\n\t<\/article>\r\n\r\n\t\r\n<\/div>\r\n\r\n\r\n<div class=\"post-wrap \" data-post-image=\"alpha-post-medium\">\r\n\r\n\t\r\n\t<article class=\"post-12683 post type-post status-publish format-standard has-post-thumbnail hentry category-noticias post overlay-zoom overlay-dark  post-modern\">\r\n\t\t\t\t\t<figure class=\"post-media\">\r\n\t\t\t\t\t\t\t\t<a href=\"https:\/\/sff-camara.com\/es\/noticias\/celebrado-el-desayuno-conferencia-sobre-el-reglamento-europeo-dora-en-luxemburgo\/\" aria-label=\"Post Media\">\r\n\t\t\t\t\t<img loading=\"lazy\" decoding=\"async\" width=\"600\" height=\"420\" src=\"https:\/\/sff-camara.com\/wp-content\/uploads\/2024\/02\/DSC01913-1-600x420.jpg\" class=\"attachment-alpha-post-medium size-alpha-post-medium wp-post-image\" alt=\"\" srcset=\"https:\/\/sff-camara.com\/wp-content\/uploads\/2024\/02\/DSC01913-1-600x420.jpg 600w, https:\/\/sff-camara.com\/wp-content\/uploads\/2024\/02\/DSC01913-1-400x280.jpg 400w, https:\/\/sff-camara.com\/wp-content\/uploads\/2024\/02\/DSC01913-1-570x400.jpg 570w\" sizes=\"(max-width: 600px) 100vw, 600px\" \/>\t\t\t\t<\/a>\r\n\t\t\t<\/figure>\r\n\t\t\t<div class=\"post-details\">\r\n\t<div class=\"post-meta\">\r\n\t<a class=\"post-date\" href=\"https:\/\/sff-camara.com\/es\/2024\/01\/26\/\">enero 26, 2024<\/a>\r\n\r\n\t<\/div>\r\n<h3 class=\"post-title\">\r\n\t<a href=\"https:\/\/sff-camara.com\/es\/noticias\/celebrado-el-desayuno-conferencia-sobre-el-reglamento-europeo-dora-en-luxemburgo\/\">\r\n\t\tCelebrado el Desayuno-conferencia sobre el Reglamento europeo \u201cDORA\u201d en Luxemburgo\t<\/a>\r\n<\/h3>\r\n<a href=\"https:\/\/sff-camara.com\/es\/noticias\/celebrado-el-desayuno-conferencia-sobre-el-reglamento-europeo-dora-en-luxemburgo\/\" class=\"btn btn-link btn-underline btn-primary\">Leer m\u00e1s <i class=\"a-icon-long-arrow-right\"><\/i><\/a><\/div>\r\n\t<\/article>\r\n\r\n\t\r\n<\/div>\r\n\r\n\r\n<div class=\"post-wrap \" data-post-image=\"alpha-post-medium\">\r\n\r\n\t\r\n\t<article class=\"post-12664 post type-post status-publish format-standard has-post-thumbnail hentry category-noticias post overlay-zoom overlay-dark  post-modern\">\r\n\t\t\t\t\t<figure class=\"post-media\">\r\n\t\t\t\t\t\t\t\t<a href=\"https:\/\/sff-camara.com\/es\/noticias\/celebrada-la-formacion-de-las-sff-learning-solutions-titulizacion-en-luxemburgo\/\" aria-label=\"Post Media\">\r\n\t\t\t\t\t<img loading=\"lazy\" decoding=\"async\" width=\"600\" height=\"420\" src=\"https:\/\/sff-camara.com\/wp-content\/uploads\/2024\/02\/1-1-600x420.jpg\" class=\"attachment-alpha-post-medium size-alpha-post-medium wp-post-image\" alt=\"\" srcset=\"https:\/\/sff-camara.com\/wp-content\/uploads\/2024\/02\/1-1-600x420.jpg 600w, https:\/\/sff-camara.com\/wp-content\/uploads\/2024\/02\/1-1-400x280.jpg 400w, https:\/\/sff-camara.com\/wp-content\/uploads\/2024\/02\/1-1-570x400.jpg 570w\" sizes=\"(max-width: 600px) 100vw, 600px\" \/>\t\t\t\t<\/a>\r\n\t\t\t<\/figure>\r\n\t\t\t<div class=\"post-details\">\r\n\t<div class=\"post-meta\">\r\n\t<a class=\"post-date\" href=\"https:\/\/sff-camara.com\/es\/2024\/01\/26\/\">enero 26, 2024<\/a>\r\n\r\n\t<\/div>\r\n<h3 class=\"post-title\">\r\n\t<a href=\"https:\/\/sff-camara.com\/es\/noticias\/celebrada-la-formacion-de-las-sff-learning-solutions-titulizacion-en-luxemburgo\/\">\r\n\t\tCelebrada la formaci\u00f3n de las SFF Learning Solutions: Titulizaci\u00f3n en Luxemburgo\t<\/a>\r\n<\/h3>\r\n<a href=\"https:\/\/sff-camara.com\/es\/noticias\/celebrada-la-formacion-de-las-sff-learning-solutions-titulizacion-en-luxemburgo\/\" class=\"btn btn-link btn-underline btn-primary\">Leer m\u00e1s <i class=\"a-icon-long-arrow-right\"><\/i><\/a><\/div>\r\n\t<\/article>\r\n\r\n\t\r\n<\/div>\r\n\r\n\r\n<div class=\"post-wrap \" data-post-image=\"alpha-post-medium\">\r\n\r\n\t\r\n\t<article class=\"post-12187 post type-post status-publish format-standard has-post-thumbnail hentry category-noticias category-sff-magazine-diciembre-2023 post overlay-zoom overlay-dark  post-modern\">\r\n\t\t\t\t\t<figure class=\"post-media\">\r\n\t\t\t\t\t\t\t\t<a href=\"https:\/\/sff-camara.com\/es\/noticias\/el-sff-magazine-alcanza-su-decima-edicion\/\" aria-label=\"Post Media\">\r\n\t\t\t\t\t<img loading=\"lazy\" decoding=\"async\" width=\"600\" height=\"420\" src=\"https:\/\/sff-camara.com\/wp-content\/uploads\/2023\/12\/10th-editions-SFF-Magazine-600x420.png\" class=\"attachment-alpha-post-medium size-alpha-post-medium wp-post-image\" alt=\"\" srcset=\"https:\/\/sff-camara.com\/wp-content\/uploads\/2023\/12\/10th-editions-SFF-Magazine-600x420.png 600w, https:\/\/sff-camara.com\/wp-content\/uploads\/2023\/12\/10th-editions-SFF-Magazine-400x280.png 400w, https:\/\/sff-camara.com\/wp-content\/uploads\/2023\/12\/10th-editions-SFF-Magazine-570x400.png 570w\" sizes=\"(max-width: 600px) 100vw, 600px\" \/>\t\t\t\t<\/a>\r\n\t\t\t<\/figure>\r\n\t\t\t<div class=\"post-details\">\r\n\t<div class=\"post-meta\">\r\n\t<a class=\"post-date\" href=\"https:\/\/sff-camara.com\/es\/2023\/12\/12\/\">diciembre 12, 2023<\/a>\r\n\r\n\t<\/div>\r\n<h3 class=\"post-title\">\r\n\t<a href=\"https:\/\/sff-camara.com\/es\/noticias\/el-sff-magazine-alcanza-su-decima-edicion\/\">\r\n\t\tEl SFF Magazine alcanza su d\u00e9cima edici\u00f3n\t<\/a>\r\n<\/h3>\r\n<a href=\"https:\/\/sff-camara.com\/es\/noticias\/el-sff-magazine-alcanza-su-decima-edicion\/\" class=\"btn btn-link btn-underline btn-primary\">Leer m\u00e1s <i class=\"a-icon-long-arrow-right\"><\/i><\/a><\/div>\r\n\t<\/article>\r\n\r\n\t\r\n<\/div>\r\n\r\n\r\n<div class=\"post-wrap \" data-post-image=\"alpha-post-medium\">\r\n\r\n\t\r\n\t<article class=\"post-12701 post type-post status-publish format-standard has-post-thumbnail hentry category-noticias post overlay-zoom overlay-dark  post-modern\">\r\n\t\t\t\t\t<figure class=\"post-media\">\r\n\t\t\t\t\t\t\t\t<a href=\"https:\/\/sff-camara.com\/es\/noticias\/celebrado-el-almuerzo-debate-con-pierre-gramegna-director-general-del-mecanismo-europeo-de-estabilidad\/\" aria-label=\"Post Media\">\r\n\t\t\t\t\t<img loading=\"lazy\" decoding=\"async\" width=\"600\" height=\"420\" src=\"https:\/\/sff-camara.com\/wp-content\/uploads\/2024\/02\/Luncheon-debate-9-1-600x420.jpg\" class=\"attachment-alpha-post-medium size-alpha-post-medium wp-post-image\" alt=\"\" srcset=\"https:\/\/sff-camara.com\/wp-content\/uploads\/2024\/02\/Luncheon-debate-9-1-600x420.jpg 600w, https:\/\/sff-camara.com\/wp-content\/uploads\/2024\/02\/Luncheon-debate-9-1-400x280.jpg 400w, https:\/\/sff-camara.com\/wp-content\/uploads\/2024\/02\/Luncheon-debate-9-1-570x400.jpg 570w\" sizes=\"(max-width: 600px) 100vw, 600px\" \/>\t\t\t\t<\/a>\r\n\t\t\t<\/figure>\r\n\t\t\t<div class=\"post-details\">\r\n\t<div class=\"post-meta\">\r\n\t<a class=\"post-date\" href=\"https:\/\/sff-camara.com\/es\/2023\/11\/14\/\">noviembre 14, 2023<\/a>\r\n\r\n\t<\/div>\r\n<h3 class=\"post-title\">\r\n\t<a href=\"https:\/\/sff-camara.com\/es\/noticias\/celebrado-el-almuerzo-debate-con-pierre-gramegna-director-general-del-mecanismo-europeo-de-estabilidad\/\">\r\n\t\tCelebrado el almuerzo-debate con Pierre Gramegna, director general del Mecanismo Europeo de Estabilidad\t<\/a>\r\n<\/h3>\r\n<a href=\"https:\/\/sff-camara.com\/es\/noticias\/celebrado-el-almuerzo-debate-con-pierre-gramegna-director-general-del-mecanismo-europeo-de-estabilidad\/\" class=\"btn btn-link btn-underline btn-primary\">Leer m\u00e1s <i class=\"a-icon-long-arrow-right\"><\/i><\/a><\/div>\r\n\t<\/article>\r\n\r\n\t\r\n<\/div>\r\n\r\n\r\n<div class=\"post-wrap \" data-post-image=\"alpha-post-medium\">\r\n\r\n\t\r\n\t<article class=\"post-10592 post type-post status-publish format-standard has-post-thumbnail hentry category-noticias post overlay-zoom overlay-dark  post-modern\">\r\n\t\t\t\t\t<figure class=\"post-media\">\r\n\t\t\t\t\t\t\t\t<a href=\"https:\/\/sff-camara.com\/es\/noticias\/celebrada-la-formacion-de-sff-learning-solutions-principios-de-fiscalidad-internacional-y-estructuracion-de-fondos-en-luxemburgo\/\" aria-label=\"Post Media\">\r\n\t\t\t\t\t<img loading=\"lazy\" decoding=\"async\" width=\"600\" height=\"340\" src=\"https:\/\/sff-camara.com\/wp-content\/uploads\/2023\/05\/imagen-sff-2-600x340.png\" class=\"attachment-alpha-post-medium size-alpha-post-medium wp-post-image\" alt=\"\" \/>\t\t\t\t<\/a>\r\n\t\t\t<\/figure>\r\n\t\t\t<div class=\"post-details\">\r\n\t<div class=\"post-meta\">\r\n\t<a class=\"post-date\" href=\"https:\/\/sff-camara.com\/es\/2023\/06\/21\/\">junio 21, 2023<\/a>\r\n\r\n\t<\/div>\r\n<h3 class=\"post-title\">\r\n\t<a href=\"https:\/\/sff-camara.com\/es\/noticias\/celebrada-la-formacion-de-sff-learning-solutions-principios-de-fiscalidad-internacional-y-estructuracion-de-fondos-en-luxemburgo\/\">\r\n\t\tCelebrada la formaci\u00f3n de SFF Learning Solutions: Principios de fiscalidad internacional y estructuraci\u00f3n de fondos en Luxemburgo\t<\/a>\r\n<\/h3>\r\n<a href=\"https:\/\/sff-camara.com\/es\/noticias\/celebrada-la-formacion-de-sff-learning-solutions-principios-de-fiscalidad-internacional-y-estructuracion-de-fondos-en-luxemburgo\/\" class=\"btn btn-link btn-underline btn-primary\">Leer m\u00e1s <i class=\"a-icon-long-arrow-right\"><\/i><\/a><\/div>\r\n\t<\/article>\r\n\r\n\t\r\n<\/div>\r\n\r\n\r\n<div class=\"post-wrap \" data-post-image=\"alpha-post-medium\">\r\n\r\n\t\r\n\t<article class=\"post-10578 post type-post status-publish format-standard has-post-thumbnail hentry category-noticias post overlay-zoom overlay-dark  post-modern\">\r\n\t\t\t\t\t<figure class=\"post-media\">\r\n\t\t\t\t\t\t\t\t<a href=\"https:\/\/sff-camara.com\/es\/noticias\/celebrada-la-formacion-de-las-sff-learning-solutions-corporate-governance-2\/\" aria-label=\"Post Media\">\r\n\t\t\t\t\t<img loading=\"lazy\" decoding=\"async\" width=\"600\" height=\"340\" src=\"https:\/\/sff-camara.com\/wp-content\/uploads\/2023\/04\/corporate-600x340.png\" class=\"attachment-alpha-post-medium size-alpha-post-medium wp-post-image\" alt=\"\" \/>\t\t\t\t<\/a>\r\n\t\t\t<\/figure>\r\n\t\t\t<div class=\"post-details\">\r\n\t<div class=\"post-meta\">\r\n\t<a class=\"post-date\" href=\"https:\/\/sff-camara.com\/es\/2023\/06\/20\/\">junio 20, 2023<\/a>\r\n\r\n\t<\/div>\r\n<h3 class=\"post-title\">\r\n\t<a href=\"https:\/\/sff-camara.com\/es\/noticias\/celebrada-la-formacion-de-las-sff-learning-solutions-corporate-governance-2\/\">\r\n\t\tCelebrada la formaci\u00f3n de las SFF Learning Solutions: Corporate &amp; Governance\t<\/a>\r\n<\/h3>\r\n<a href=\"https:\/\/sff-camara.com\/es\/noticias\/celebrada-la-formacion-de-las-sff-learning-solutions-corporate-governance-2\/\" class=\"btn btn-link btn-underline btn-primary\">Leer m\u00e1s <i class=\"a-icon-long-arrow-right\"><\/i><\/a><\/div>\r\n\t<\/article>\r\n\r\n\t\r\n<\/div>\r\n\r\n\r\n<div class=\"post-wrap \" data-post-image=\"alpha-post-medium\">\r\n\r\n\t\r\n\t<article class=\"post-9798 post type-post status-publish format-standard has-post-thumbnail hentry category-noticias post overlay-zoom overlay-dark  post-modern\">\r\n\t\t\t\t\t<figure class=\"post-media\">\r\n\t\t\t\t\t\t\t\t<a href=\"https:\/\/sff-camara.com\/es\/noticias\/17-10-almuerzo-debate-con-paschal-donohoe-presidente-del-eurogrupo-y-ministro-irlandes-de-gasto-publico-ejecucion-del-plan-nacional-de-desarrollo-y-reforma\/\" aria-label=\"Post Media\">\r\n\t\t\t\t\t<img loading=\"lazy\" decoding=\"async\" width=\"600\" height=\"340\" src=\"https:\/\/sff-camara.com\/wp-content\/uploads\/2023\/04\/sff-post-donohoe-600x340.png\" class=\"attachment-alpha-post-medium size-alpha-post-medium wp-post-image\" alt=\"\" \/>\t\t\t\t<\/a>\r\n\t\t\t<\/figure>\r\n\t\t\t<div class=\"post-details\">\r\n\t<div class=\"post-meta\">\r\n\t<a class=\"post-date\" href=\"https:\/\/sff-camara.com\/es\/2023\/05\/24\/\">mayo 24, 2023<\/a>\r\n\r\n\t<\/div>\r\n<h3 class=\"post-title\">\r\n\t<a href=\"https:\/\/sff-camara.com\/es\/noticias\/17-10-almuerzo-debate-con-paschal-donohoe-presidente-del-eurogrupo-y-ministro-irlandes-de-gasto-publico-ejecucion-del-plan-nacional-de-desarrollo-y-reforma\/\">\r\n\t\t17\/10 Almuerzo-debate con Paschal Donohoe, Presidente del Eurogrupo y Ministro irland\u00e9s de Gasto P\u00fablico, Ejecuci\u00f3n del Plan Nacional de Desarrollo y Reforma\t<\/a>\r\n<\/h3>\r\n<a href=\"https:\/\/sff-camara.com\/es\/noticias\/17-10-almuerzo-debate-con-paschal-donohoe-presidente-del-eurogrupo-y-ministro-irlandes-de-gasto-publico-ejecucion-del-plan-nacional-de-desarrollo-y-reforma\/\" class=\"btn btn-link btn-underline btn-primary\">Leer m\u00e1s <i class=\"a-icon-long-arrow-right\"><\/i><\/a><\/div>\r\n\t<\/article>\r\n\r\n\t\r\n<\/div>\r\n\r\n\r\n<div class=\"post-wrap \" data-post-image=\"alpha-post-medium\">\r\n\r\n\t\r\n\t<article class=\"post-9129 post type-post status-publish format-standard has-post-thumbnail hentry category-noticias category-sff-magazine-marzo-2023 tag-banking-es tag-gestion-patrimonial post overlay-zoom overlay-dark  post-modern\">\r\n\t\t\t\t\t<figure class=\"post-media\">\r\n\t\t\t\t\t\t\t\t<a href=\"https:\/\/sff-camara.com\/es\/noticias\/bankinter-luxemburgo-elegida-como-empresa-del-ano-2022\/\" aria-label=\"Post Media\">\r\n\t\t\t\t\t<img loading=\"lazy\" decoding=\"async\" width=\"300\" height=\"116\" src=\"https:\/\/sff-camara.com\/wp-content\/uploads\/2023\/03\/foto-noticia-sff.png\" class=\"attachment-alpha-post-medium size-alpha-post-medium wp-post-image\" alt=\"\" \/>\t\t\t\t<\/a>\r\n\t\t\t<\/figure>\r\n\t\t\t<div class=\"post-details\">\r\n\t<div class=\"post-meta\">\r\n\t<a class=\"post-date\" href=\"https:\/\/sff-camara.com\/es\/2023\/03\/09\/\">marzo 9, 2023<\/a>\r\n\r\n\t<\/div>\r\n<h3 class=\"post-title\">\r\n\t<a href=\"https:\/\/sff-camara.com\/es\/noticias\/bankinter-luxemburgo-elegida-como-empresa-del-ano-2022\/\">\r\n\t\tBankinter Luxemburgo, elegida como \u201cEmpresa del A\u00f1o 2022\u201d\t<\/a>\r\n<\/h3>\r\n<a href=\"https:\/\/sff-camara.com\/es\/noticias\/bankinter-luxemburgo-elegida-como-empresa-del-ano-2022\/\" class=\"btn btn-link btn-underline btn-primary\">Leer m\u00e1s <i class=\"a-icon-long-arrow-right\"><\/i><\/a><\/div>\r\n\t<\/article>\r\n\r\n\t\r\n<\/div>\r\n\r\n\r\n<div class=\"post-wrap \" data-post-image=\"alpha-post-medium\">\r\n\r\n\t\r\n\t<article class=\"post-5429 post type-post status-publish format-standard has-post-thumbnail hentry category-noticias post overlay-zoom overlay-dark  post-modern\">\r\n\t\t\t\t\t<figure class=\"post-media\">\r\n\t\t\t\t\t\t\t\t<a href=\"https:\/\/sff-camara.com\/es\/noticias\/celebrada-la-primera-parte-de-la-formacion-sobre-compliance-requirements-en-el-marco-de-las-sff-learning-solutions\/\" aria-label=\"Post Media\">\r\n\t\t\t\t\t<img loading=\"lazy\" decoding=\"async\" width=\"600\" height=\"408\" src=\"https:\/\/sff-camara.com\/wp-content\/uploads\/2022\/11\/sff-compliance-1-600x408.png\" class=\"attachment-alpha-post-medium size-alpha-post-medium wp-post-image\" alt=\"\" \/>\t\t\t\t<\/a>\r\n\t\t\t<\/figure>\r\n\t\t\t<div class=\"post-details\">\r\n\t<div class=\"post-meta\">\r\n\t<a class=\"post-date\" href=\"https:\/\/sff-camara.com\/es\/2022\/11\/24\/\">noviembre 24, 2022<\/a>\r\n\r\n\t<\/div>\r\n<h3 class=\"post-title\">\r\n\t<a href=\"https:\/\/sff-camara.com\/es\/noticias\/celebrada-la-primera-parte-de-la-formacion-sobre-compliance-requirements-en-el-marco-de-las-sff-learning-solutions\/\">\r\n\t\tCelebrada la primera parte de la formaci\u00f3n sobre \u00abCompliance Requirements\u00bb en el marco de las SFF Learning Solutions\t<\/a>\r\n<\/h3>\r\n<a href=\"https:\/\/sff-camara.com\/es\/noticias\/celebrada-la-primera-parte-de-la-formacion-sobre-compliance-requirements-en-el-marco-de-las-sff-learning-solutions\/\" class=\"btn btn-link btn-underline btn-primary\">Leer m\u00e1s <i class=\"a-icon-long-arrow-right\"><\/i><\/a><\/div>\r\n\t<\/article>\r\n\r\n\t\r\n<\/div>\r\n\r\n\r\n<div class=\"post-wrap \" data-post-image=\"alpha-post-medium\">\r\n\r\n\t\r\n\t<article class=\"post-5411 post type-post status-publish format-standard has-post-thumbnail hentry category-noticias post overlay-zoom overlay-dark  post-modern\">\r\n\t\t\t\t\t<figure class=\"post-media\">\r\n\t\t\t\t\t\t\t\t<a href=\"https:\/\/sff-camara.com\/es\/noticias\/celebrado-el-almuerzo-debate-con-jean-claude-juncker-expresidente-de-la-comision-europea-y-exprimer-ministro-de-luxemburgo\/\" aria-label=\"Post Media\">\r\n\t\t\t\t\t<img loading=\"lazy\" decoding=\"async\" width=\"600\" height=\"340\" src=\"https:\/\/sff-camara.com\/wp-content\/uploads\/2022\/12\/DSC_6741-600x340.jpg\" class=\"attachment-alpha-post-medium size-alpha-post-medium wp-post-image\" alt=\"\" \/>\t\t\t\t<\/a>\r\n\t\t\t<\/figure>\r\n\t\t\t<div class=\"post-details\">\r\n\t<div class=\"post-meta\">\r\n\t<a class=\"post-date\" href=\"https:\/\/sff-camara.com\/es\/2022\/11\/15\/\">noviembre 15, 2022<\/a>\r\n\r\n\t<\/div>\r\n<h3 class=\"post-title\">\r\n\t<a href=\"https:\/\/sff-camara.com\/es\/noticias\/celebrado-el-almuerzo-debate-con-jean-claude-juncker-expresidente-de-la-comision-europea-y-exprimer-ministro-de-luxemburgo\/\">\r\n\t\tCelebrado el almuerzo-debate con Jean-Claude Juncker, expresidente de la Comisi\u00f3n Europea y exprimer ministro de Luxemburgo\t<\/a>\r\n<\/h3>\r\n<a href=\"https:\/\/sff-camara.com\/es\/noticias\/celebrado-el-almuerzo-debate-con-jean-claude-juncker-expresidente-de-la-comision-europea-y-exprimer-ministro-de-luxemburgo\/\" class=\"btn btn-link btn-underline btn-primary\">Leer m\u00e1s <i class=\"a-icon-long-arrow-right\"><\/i><\/a><\/div>\r\n\t<\/article>\r\n\r\n\t\r\n<\/div>\r\n\r\n\r\n<div class=\"post-wrap \" data-post-image=\"alpha-post-medium\">\r\n\r\n\t\r\n\t<article class=\"post-5416 post type-post status-publish format-standard has-post-thumbnail hentry category-noticias post overlay-zoom overlay-dark  post-modern\">\r\n\t\t\t\t\t<figure class=\"post-media\">\r\n\t\t\t\t\t\t\t\t<a href=\"https:\/\/sff-camara.com\/es\/noticias\/celebrada-la-primera-formacion-de-las-sff-learning-solutions-private-equity-fundamentals\/\" aria-label=\"Post Media\">\r\n\t\t\t\t\t<img loading=\"lazy\" decoding=\"async\" width=\"600\" height=\"397\" src=\"https:\/\/sff-camara.com\/wp-content\/uploads\/2022\/10\/IMG_2621-1030x397-1-600x397.jpg\" class=\"attachment-alpha-post-medium size-alpha-post-medium wp-post-image\" alt=\"\" \/>\t\t\t\t<\/a>\r\n\t\t\t<\/figure>\r\n\t\t\t<div class=\"post-details\">\r\n\t<div class=\"post-meta\">\r\n\t<a class=\"post-date\" href=\"https:\/\/sff-camara.com\/es\/2022\/10\/20\/\">octubre 20, 2022<\/a>\r\n\r\n\t<\/div>\r\n<h3 class=\"post-title\">\r\n\t<a href=\"https:\/\/sff-camara.com\/es\/noticias\/celebrada-la-primera-formacion-de-las-sff-learning-solutions-private-equity-fundamentals\/\">\r\n\t\tCelebrada la primera formaci\u00f3n de las SFF Learning Solutions: Private Equity Fundamentals\t<\/a>\r\n<\/h3>\r\n<a href=\"https:\/\/sff-camara.com\/es\/noticias\/celebrada-la-primera-formacion-de-las-sff-learning-solutions-private-equity-fundamentals\/\" class=\"btn btn-link btn-underline btn-primary\">Leer m\u00e1s <i class=\"a-icon-long-arrow-right\"><\/i><\/a><\/div>\r\n\t<\/article>\r\n\r\n\t\r\n<\/div>\r\n\r\n\r\n<div class=\"post-wrap \" data-post-image=\"alpha-post-medium\">\r\n\r\n\t\r\n\t<article class=\"post-5541 post type-post status-publish format-standard has-post-thumbnail hentry category-noticias post overlay-zoom overlay-dark  post-modern\">\r\n\t\t\t\t\t<figure class=\"post-media\">\r\n\t\t\t\t\t\t\t\t<a href=\"https:\/\/sff-camara.com\/es\/noticias\/ya-esta-disponible-la-edicion-de-octubre-de-2022-del-sff-magazine\/\" aria-label=\"Post Media\">\r\n\t\t\t\t\t<img loading=\"lazy\" decoding=\"async\" width=\"600\" height=\"320\" src=\"https:\/\/sff-camara.com\/wp-content\/uploads\/2023\/01\/Edicion-6-SFF-Magazine-600x320.jpeg\" class=\"attachment-alpha-post-medium size-alpha-post-medium wp-post-image\" alt=\"\" \/>\t\t\t\t<\/a>\r\n\t\t\t<\/figure>\r\n\t\t\t<div class=\"post-details\">\r\n\t<div class=\"post-meta\">\r\n\t<a class=\"post-date\" href=\"https:\/\/sff-camara.com\/es\/2022\/10\/06\/\">octubre 6, 2022<\/a>\r\n\r\n\t<\/div>\r\n<h3 class=\"post-title\">\r\n\t<a href=\"https:\/\/sff-camara.com\/es\/noticias\/ya-esta-disponible-la-edicion-de-octubre-de-2022-del-sff-magazine\/\">\r\n\t\tYa est\u00e1 disponible la edici\u00f3n de octubre de 2022 del SFF Magazine\t<\/a>\r\n<\/h3>\r\n<a href=\"https:\/\/sff-camara.com\/es\/noticias\/ya-esta-disponible-la-edicion-de-octubre-de-2022-del-sff-magazine\/\" class=\"btn btn-link btn-underline btn-primary\">Leer m\u00e1s <i class=\"a-icon-long-arrow-right\"><\/i><\/a><\/div>\r\n\t<\/article>\r\n\r\n\t\r\n<\/div>\r\n\r\n\r\n<div class=\"post-wrap \" data-post-image=\"alpha-post-medium\">\r\n\r\n\t\r\n\t<article class=\"post-5406 post type-post status-publish format-standard has-post-thumbnail hentry category-noticias post overlay-zoom overlay-dark  post-modern\">\r\n\t\t\t\t\t<figure class=\"post-media\">\r\n\t\t\t\t\t\t\t\t<a href=\"https:\/\/sff-camara.com\/es\/noticias\/celebrada-la-primera-edicion-de-la-social-networking-night-en-luxemburgo\/\" aria-label=\"Post Media\">\r\n\t\t\t\t\t<img loading=\"lazy\" decoding=\"async\" width=\"600\" height=\"340\" src=\"https:\/\/sff-camara.com\/wp-content\/uploads\/2023\/01\/Social-Networking-Night-600x340.jpeg\" class=\"attachment-alpha-post-medium size-alpha-post-medium wp-post-image\" alt=\"\" \/>\t\t\t\t<\/a>\r\n\t\t\t<\/figure>\r\n\t\t\t<div class=\"post-details\">\r\n\t<div class=\"post-meta\">\r\n\t<a class=\"post-date\" href=\"https:\/\/sff-camara.com\/es\/2022\/10\/04\/\">octubre 4, 2022<\/a>\r\n\r\n\t<\/div>\r\n<h3 class=\"post-title\">\r\n\t<a href=\"https:\/\/sff-camara.com\/es\/noticias\/celebrada-la-primera-edicion-de-la-social-networking-night-en-luxemburgo\/\">\r\n\t\tCelebrada la primera edici\u00f3n de la Social Networking Night en Luxemburgo\t<\/a>\r\n<\/h3>\r\n<a href=\"https:\/\/sff-camara.com\/es\/noticias\/celebrada-la-primera-edicion-de-la-social-networking-night-en-luxemburgo\/\" class=\"btn btn-link btn-underline btn-primary\">Leer m\u00e1s <i class=\"a-icon-long-arrow-right\"><\/i><\/a><\/div>\r\n\t<\/article>\r\n\r\n\t\r\n<\/div>\r\n\r\n\r\n<div class=\"post-wrap \" data-post-image=\"alpha-post-medium\">\r\n\r\n\t\r\n\t<article class=\"post-5438 post type-post status-publish format-standard has-post-thumbnail hentry category-noticias post overlay-zoom overlay-dark  post-modern\">\r\n\t\t\t\t\t<figure class=\"post-media\">\r\n\t\t\t\t\t\t\t\t<a href=\"https:\/\/sff-camara.com\/es\/noticias\/la-camara-de-comercio-y-la-eude-business-school-firman-un-acuerdo-para-promover-las-sff-learning-solutions\/\" aria-label=\"Post Media\">\r\n\t\t\t\t\t<img loading=\"lazy\" decoding=\"async\" width=\"600\" height=\"420\" src=\"https:\/\/sff-camara.com\/wp-content\/uploads\/2023\/01\/EUDE-600x420.jpeg\" class=\"attachment-alpha-post-medium size-alpha-post-medium wp-post-image\" alt=\"\" srcset=\"https:\/\/sff-camara.com\/wp-content\/uploads\/2023\/01\/EUDE-600x420.jpeg 600w, https:\/\/sff-camara.com\/wp-content\/uploads\/2023\/01\/EUDE-400x280.jpeg 400w, https:\/\/sff-camara.com\/wp-content\/uploads\/2023\/01\/EUDE-570x400.jpeg 570w\" sizes=\"(max-width: 600px) 100vw, 600px\" \/>\t\t\t\t<\/a>\r\n\t\t\t<\/figure>\r\n\t\t\t<div class=\"post-details\">\r\n\t<div class=\"post-meta\">\r\n\t<a class=\"post-date\" href=\"https:\/\/sff-camara.com\/es\/2022\/10\/03\/\">octubre 3, 2022<\/a>\r\n\r\n\t<\/div>\r\n<h3 class=\"post-title\">\r\n\t<a href=\"https:\/\/sff-camara.com\/es\/noticias\/la-camara-de-comercio-y-la-eude-business-school-firman-un-acuerdo-para-promover-las-sff-learning-solutions\/\">\r\n\t\tLa C\u00e1mara de Comercio y la EUDE Business School firman un acuerdo para promover las SFF Learning Solutions\t<\/a>\r\n<\/h3>\r\n<a href=\"https:\/\/sff-camara.com\/es\/noticias\/la-camara-de-comercio-y-la-eude-business-school-firman-un-acuerdo-para-promover-las-sff-learning-solutions\/\" class=\"btn btn-link btn-underline btn-primary\">Leer m\u00e1s <i class=\"a-icon-long-arrow-right\"><\/i><\/a><\/div>\r\n\t<\/article>\r\n\r\n\t\r\n<\/div>\r\n\r\n\r\n<div class=\"post-wrap \" data-post-image=\"alpha-post-medium\">\r\n\r\n\t\r\n\t<article class=\"post-5446 post type-post status-publish format-standard has-post-thumbnail hentry category-noticias post overlay-zoom overlay-dark  post-modern\">\r\n\t\t\t\t\t<figure class=\"post-media\">\r\n\t\t\t\t\t\t\t\t<a href=\"https:\/\/sff-camara.com\/es\/noticias\/sff-learning-solutions-nuevas-formaciones-financieras-para-jovenes-en-luxemburgo\/\" aria-label=\"Post Media\">\r\n\t\t\t\t\t<img loading=\"lazy\" decoding=\"async\" width=\"600\" height=\"420\" src=\"https:\/\/sff-camara.com\/wp-content\/uploads\/2022\/12\/felicia-varzari-5B0qmh4Hw88-unsplash.jpg-600x420.webp\" class=\"attachment-alpha-post-medium size-alpha-post-medium wp-post-image\" alt=\"\" srcset=\"https:\/\/sff-camara.com\/wp-content\/uploads\/2022\/12\/felicia-varzari-5B0qmh4Hw88-unsplash.jpg-600x420.webp 600w, https:\/\/sff-camara.com\/wp-content\/uploads\/2022\/12\/felicia-varzari-5B0qmh4Hw88-unsplash.jpg-400x280.webp 400w, https:\/\/sff-camara.com\/wp-content\/uploads\/2022\/12\/felicia-varzari-5B0qmh4Hw88-unsplash.jpg-570x400.webp 570w\" sizes=\"(max-width: 600px) 100vw, 600px\" \/>\t\t\t\t<\/a>\r\n\t\t\t<\/figure>\r\n\t\t\t<div class=\"post-details\">\r\n\t<div class=\"post-meta\">\r\n\t<a class=\"post-date\" href=\"https:\/\/sff-camara.com\/es\/2022\/08\/25\/\">agosto 25, 2022<\/a>\r\n\r\n\t<\/div>\r\n<h3 class=\"post-title\">\r\n\t<a href=\"https:\/\/sff-camara.com\/es\/noticias\/sff-learning-solutions-nuevas-formaciones-financieras-para-jovenes-en-luxemburgo\/\">\r\n\t\tSFF Learning Solutions: Nuevas formaciones financieras para j\u00f3venes en Luxemburgo\t<\/a>\r\n<\/h3>\r\n<a href=\"https:\/\/sff-camara.com\/es\/noticias\/sff-learning-solutions-nuevas-formaciones-financieras-para-jovenes-en-luxemburgo\/\" class=\"btn btn-link btn-underline btn-primary\">Leer m\u00e1s <i class=\"a-icon-long-arrow-right\"><\/i><\/a><\/div>\r\n\t<\/article>\r\n\r\n\t\r\n<\/div>\r\n\r\n\r\n<div class=\"post-wrap \" data-post-image=\"alpha-post-medium\">\r\n\r\n\t\r\n\t<article class=\"post-5532 post type-post status-publish format-standard has-post-thumbnail hentry category-noticias post overlay-zoom overlay-dark  post-modern\">\r\n\t\t\t\t\t<figure class=\"post-media\">\r\n\t\t\t\t\t\t\t\t<a href=\"https:\/\/sff-camara.com\/es\/noticias\/5a-edicion-del-sff-magazine-esg-atraccion-del-talento-internacional-y-estructuracion-de-fondos-en-luxemburgo\/\" aria-label=\"Post Media\">\r\n\t\t\t\t\t<img loading=\"lazy\" decoding=\"async\" width=\"600\" height=\"340\" src=\"https:\/\/sff-camara.com\/wp-content\/uploads\/2023\/01\/Edition-5-SFF-Magazine-600x340.jpeg\" class=\"attachment-alpha-post-medium size-alpha-post-medium wp-post-image\" alt=\"\" \/>\t\t\t\t<\/a>\r\n\t\t\t<\/figure>\r\n\t\t\t<div class=\"post-details\">\r\n\t<div class=\"post-meta\">\r\n\t<a class=\"post-date\" href=\"https:\/\/sff-camara.com\/es\/2022\/07\/06\/\">julio 6, 2022<\/a>\r\n\r\n\t<\/div>\r\n<h3 class=\"post-title\">\r\n\t<a href=\"https:\/\/sff-camara.com\/es\/noticias\/5a-edicion-del-sff-magazine-esg-atraccion-del-talento-internacional-y-estructuracion-de-fondos-en-luxemburgo\/\">\r\n\t\t5\u00aa edici\u00f3n del SFF Magazine: ESG, atracci\u00f3n del talento internacional y estructuraci\u00f3n de fondos en Luxemburgo\t<\/a>\r\n<\/h3>\r\n<a href=\"https:\/\/sff-camara.com\/es\/noticias\/5a-edicion-del-sff-magazine-esg-atraccion-del-talento-internacional-y-estructuracion-de-fondos-en-luxemburgo\/\" class=\"btn btn-link btn-underline btn-primary\">Leer m\u00e1s <i class=\"a-icon-long-arrow-right\"><\/i><\/a><\/div>\r\n\t<\/article>\r\n\r\n\t\r\n<\/div>\r\n\r\n\r\n<div class=\"post-wrap \" data-post-image=\"alpha-post-medium\">\r\n\r\n\t\r\n\t<article class=\"post-5553 post type-post status-publish format-standard has-post-thumbnail hentry category-noticias post overlay-zoom overlay-dark  post-modern\">\r\n\t\t\t\t\t<figure class=\"post-media\">\r\n\t\t\t\t\t\t\t\t<a href=\"https:\/\/sff-camara.com\/es\/noticias\/celebrado-el-almuerzo-debate-con-jose-manuel-campa-presidente-de-la-autoridad-bancaria-europea-eba\/\" aria-label=\"Post Media\">\r\n\t\t\t\t\t<img loading=\"lazy\" decoding=\"async\" width=\"600\" height=\"340\" src=\"https:\/\/sff-camara.com\/wp-content\/uploads\/2023\/01\/Campa-EVENT-600x340.jpeg\" class=\"attachment-alpha-post-medium size-alpha-post-medium wp-post-image\" alt=\"\" \/>\t\t\t\t<\/a>\r\n\t\t\t<\/figure>\r\n\t\t\t<div class=\"post-details\">\r\n\t<div class=\"post-meta\">\r\n\t<a class=\"post-date\" href=\"https:\/\/sff-camara.com\/es\/2022\/06\/15\/\">junio 15, 2022<\/a>\r\n\r\n\t<\/div>\r\n<h3 class=\"post-title\">\r\n\t<a href=\"https:\/\/sff-camara.com\/es\/noticias\/celebrado-el-almuerzo-debate-con-jose-manuel-campa-presidente-de-la-autoridad-bancaria-europea-eba\/\">\r\n\t\tCelebrado el almuerzo-debate con Jos\u00e9 Manuel Campa, Presidente de la Autoridad Bancaria Europea (EBA)\t<\/a>\r\n<\/h3>\r\n<a href=\"https:\/\/sff-camara.com\/es\/noticias\/celebrado-el-almuerzo-debate-con-jose-manuel-campa-presidente-de-la-autoridad-bancaria-europea-eba\/\" class=\"btn btn-link btn-underline btn-primary\">Leer m\u00e1s <i class=\"a-icon-long-arrow-right\"><\/i><\/a><\/div>\r\n\t<\/article>\r\n\r\n\t\r\n<\/div>\r\n\r\n\r\n<div class=\"post-wrap \" data-post-image=\"alpha-post-medium\">\r\n\r\n\t\r\n\t<article class=\"post-5523 post type-post status-publish format-standard has-post-thumbnail hentry category-noticias post overlay-zoom overlay-dark  post-modern\">\r\n\t\t\t\t\t<figure class=\"post-media\">\r\n\t\t\t\t\t\t\t\t<a href=\"https:\/\/sff-camara.com\/es\/noticias\/4a-edicion-del-sff-magazine\/\" aria-label=\"Post Media\">\r\n\t\t\t\t\t<img loading=\"lazy\" decoding=\"async\" width=\"600\" height=\"288\" src=\"https:\/\/sff-camara.com\/wp-content\/uploads\/2023\/01\/Edition-4-SFF-Magazine-600x288.png\" class=\"attachment-alpha-post-medium size-alpha-post-medium wp-post-image\" alt=\"\" \/>\t\t\t\t<\/a>\r\n\t\t\t<\/figure>\r\n\t\t\t<div class=\"post-details\">\r\n\t<div class=\"post-meta\">\r\n\t<a class=\"post-date\" href=\"https:\/\/sff-camara.com\/es\/2022\/04\/27\/\">abril 27, 2022<\/a>\r\n\r\n\t<\/div>\r\n<h3 class=\"post-title\">\r\n\t<a href=\"https:\/\/sff-camara.com\/es\/noticias\/4a-edicion-del-sff-magazine\/\">\r\n\t\t4\u00aa edici\u00f3n del SFF Magazine\t<\/a>\r\n<\/h3>\r\n<a href=\"https:\/\/sff-camara.com\/es\/noticias\/4a-edicion-del-sff-magazine\/\" class=\"btn btn-link btn-underline btn-primary\">Leer m\u00e1s <i class=\"a-icon-long-arrow-right\"><\/i><\/a><\/div>\r\n\t<\/article>\r\n\r\n\t\r\n<\/div>\r\n\r\n\r\n<div class=\"post-wrap \" data-post-image=\"alpha-post-medium\">\r\n\r\n\t\r\n\t<article class=\"post-5511 post type-post status-publish format-standard has-post-thumbnail hentry category-noticias post overlay-zoom overlay-dark  post-modern\">\r\n\t\t\t\t\t<figure class=\"post-media\">\r\n\t\t\t\t\t\t\t\t<a href=\"https:\/\/sff-camara.com\/es\/noticias\/lanzamiento-de-la-1a-edicion-del-sff-magazine\/\" aria-label=\"Post Media\">\r\n\t\t\t\t\t<img loading=\"lazy\" decoding=\"async\" width=\"600\" height=\"287\" src=\"https:\/\/sff-camara.com\/wp-content\/uploads\/2023\/01\/Launch-1-SFF-Magazine-600x287.png\" class=\"attachment-alpha-post-medium size-alpha-post-medium wp-post-image\" alt=\"\" \/>\t\t\t\t<\/a>\r\n\t\t\t<\/figure>\r\n\t\t\t<div class=\"post-details\">\r\n\t<div class=\"post-meta\">\r\n\t<a class=\"post-date\" href=\"https:\/\/sff-camara.com\/es\/2021\/04\/13\/\">abril 13, 2021<\/a>\r\n\r\n\t<\/div>\r\n<h3 class=\"post-title\">\r\n\t<a href=\"https:\/\/sff-camara.com\/es\/noticias\/lanzamiento-de-la-1a-edicion-del-sff-magazine\/\">\r\n\t\tLanzamiento de la 1\u00aa edici\u00f3n del SFF Magazine\t<\/a>\r\n<\/h3>\r\n<a href=\"https:\/\/sff-camara.com\/es\/noticias\/lanzamiento-de-la-1a-edicion-del-sff-magazine\/\" class=\"btn btn-link btn-underline btn-primary\">Leer m\u00e1s <i class=\"a-icon-long-arrow-right\"><\/i><\/a><\/div>\r\n\t<\/article>\r\n\r\n\t\r\n<\/div>\r\n\r\n\r\n<div class=\"post-wrap \" data-post-image=\"alpha-post-medium\">\r\n\r\n\t\r\n\t<article class=\"post-5400 post type-post status-publish format-standard has-post-thumbnail hentry category-noticias post overlay-zoom overlay-dark  post-modern\">\r\n\t\t\t\t\t<figure class=\"post-media\">\r\n\t\t\t\t\t\t\t\t<a href=\"https:\/\/sff-camara.com\/es\/noticias\/reunion-interna-en-el-marco-del-spanish-financial-forum\/\" aria-label=\"Post Media\">\r\n\t\t\t\t\t<img loading=\"lazy\" decoding=\"async\" width=\"600\" height=\"287\" src=\"https:\/\/sff-camara.com\/wp-content\/uploads\/2023\/01\/Internal-meeting-SFF-600x287.jpeg\" class=\"attachment-alpha-post-medium size-alpha-post-medium wp-post-image\" alt=\"\" \/>\t\t\t\t<\/a>\r\n\t\t\t<\/figure>\r\n\t\t\t<div class=\"post-details\">\r\n\t<div class=\"post-meta\">\r\n\t<a class=\"post-date\" href=\"https:\/\/sff-camara.com\/es\/2021\/01\/27\/\">enero 27, 2021<\/a>\r\n\r\n\t<\/div>\r\n<h3 class=\"post-title\">\r\n\t<a href=\"https:\/\/sff-camara.com\/es\/noticias\/reunion-interna-en-el-marco-del-spanish-financial-forum\/\">\r\n\t\tReuni\u00f3n interna en el marco del Spanish Financial Forum\t<\/a>\r\n<\/h3>\r\n<a href=\"https:\/\/sff-camara.com\/es\/noticias\/reunion-interna-en-el-marco-del-spanish-financial-forum\/\" class=\"btn btn-link btn-underline btn-primary\">Leer m\u00e1s <i class=\"a-icon-long-arrow-right\"><\/i><\/a><\/div>\r\n\t<\/article>\r\n\r\n\t\r\n<\/div>\r\n\r\n\r\n<div class=\"post-wrap \" data-post-image=\"alpha-post-medium\">\r\n\r\n\t\r\n\t<article class=\"post-5501 post type-post status-publish format-standard has-post-thumbnail hentry category-noticias post overlay-zoom overlay-dark  post-modern\">\r\n\t\t\t\t\t<figure class=\"post-media\">\r\n\t\t\t\t\t\t\t\t<a href=\"https:\/\/sff-camara.com\/es\/noticias\/webinar-substance-requirements-and-future-application-of-the-mli-to-spanish-infrastructure-and-real-estate-structures\/\" aria-label=\"Post Media\">\r\n\t\t\t\t\t<img loading=\"lazy\" decoding=\"async\" width=\"600\" height=\"283\" src=\"https:\/\/sff-camara.com\/wp-content\/uploads\/2023\/01\/Webinar-substance-600x283.jpeg\" class=\"attachment-alpha-post-medium size-alpha-post-medium wp-post-image\" alt=\"\" \/>\t\t\t\t<\/a>\r\n\t\t\t<\/figure>\r\n\t\t\t<div class=\"post-details\">\r\n\t<div class=\"post-meta\">\r\n\t<a class=\"post-date\" href=\"https:\/\/sff-camara.com\/es\/2021\/01\/27\/\">enero 27, 2021<\/a>\r\n\r\n\t<\/div>\r\n<h3 class=\"post-title\">\r\n\t<a href=\"https:\/\/sff-camara.com\/es\/noticias\/webinar-substance-requirements-and-future-application-of-the-mli-to-spanish-infrastructure-and-real-estate-structures\/\">\r\n\t\tWebinar: \u00abSubstance requirements and future application of the MLI to Spanish infrastructure and real estate structures\u00bb\t<\/a>\r\n<\/h3>\r\n<a href=\"https:\/\/sff-camara.com\/es\/noticias\/webinar-substance-requirements-and-future-application-of-the-mli-to-spanish-infrastructure-and-real-estate-structures\/\" class=\"btn btn-link btn-underline btn-primary\">Leer m\u00e1s <i class=\"a-icon-long-arrow-right\"><\/i><\/a><\/div>\r\n\t<\/article>\r\n\r\n\t\r\n<\/div>\r\n\r\n\r\n<div class=\"post-wrap \" data-post-image=\"alpha-post-medium\">\r\n\r\n\t\r\n\t<article class=\"post-5491 post type-post status-publish format-standard has-post-thumbnail hentry category-noticias post overlay-zoom overlay-dark  post-modern\">\r\n\t\t\t\t\t<figure class=\"post-media\">\r\n\t\t\t\t\t\t\t\t<a href=\"https:\/\/sff-camara.com\/es\/noticias\/webinar-precios-de-transferencia-en-espana-y-luxemburgo-tendencias-y-oportunidades\/\" aria-label=\"Post Media\">\r\n\t\t\t\t\t<img loading=\"lazy\" decoding=\"async\" width=\"600\" height=\"287\" src=\"https:\/\/sff-camara.com\/wp-content\/uploads\/2023\/01\/Transfer-Pricing-600x287.jpeg\" class=\"attachment-alpha-post-medium size-alpha-post-medium wp-post-image\" alt=\"\" \/>\t\t\t\t<\/a>\r\n\t\t\t<\/figure>\r\n\t\t\t<div class=\"post-details\">\r\n\t<div class=\"post-meta\">\r\n\t<a class=\"post-date\" href=\"https:\/\/sff-camara.com\/es\/2020\/11\/20\/\">noviembre 20, 2020<\/a>\r\n\r\n\t<\/div>\r\n<h3 class=\"post-title\">\r\n\t<a href=\"https:\/\/sff-camara.com\/es\/noticias\/webinar-precios-de-transferencia-en-espana-y-luxemburgo-tendencias-y-oportunidades\/\">\r\n\t\tWebinar: Precios de transferencia en Espa\u00f1a y Luxemburgo: tendencias y oportunidades\t<\/a>\r\n<\/h3>\r\n<a href=\"https:\/\/sff-camara.com\/es\/noticias\/webinar-precios-de-transferencia-en-espana-y-luxemburgo-tendencias-y-oportunidades\/\" class=\"btn btn-link btn-underline btn-primary\">Leer m\u00e1s <i class=\"a-icon-long-arrow-right\"><\/i><\/a><\/div>\r\n\t<\/article>\r\n\r\n\t\r\n<\/div>\r\n\r\n\r\n<div class=\"post-wrap \" data-post-image=\"alpha-post-medium\">\r\n\r\n\t\r\n\t<article class=\"post-5482 post type-post status-publish format-standard has-post-thumbnail hentry category-noticias post overlay-zoom overlay-dark  post-modern\">\r\n\t\t\t\t\t<figure class=\"post-media\">\r\n\t\t\t\t\t\t\t\t<a href=\"https:\/\/sff-camara.com\/es\/noticias\/webinar-novedades-fiscales-en-espana-oportunidades-y-retos-en-la-planificacion-de-clientes-de-alto-patrimonio\/\" aria-label=\"Post Media\">\r\n\t\t\t\t\t<img loading=\"lazy\" decoding=\"async\" width=\"600\" height=\"420\" src=\"https:\/\/sff-camara.com\/wp-content\/uploads\/2021\/04\/Barcelona-600x420.jpg\" class=\"attachment-alpha-post-medium size-alpha-post-medium wp-post-image\" alt=\"\" srcset=\"https:\/\/sff-camara.com\/wp-content\/uploads\/2021\/04\/Barcelona-600x420.jpg 600w, https:\/\/sff-camara.com\/wp-content\/uploads\/2021\/04\/Barcelona-400x280.jpg 400w, https:\/\/sff-camara.com\/wp-content\/uploads\/2021\/04\/Barcelona-570x400.jpg 570w\" sizes=\"(max-width: 600px) 100vw, 600px\" \/>\t\t\t\t<\/a>\r\n\t\t\t<\/figure>\r\n\t\t\t<div class=\"post-details\">\r\n\t<div class=\"post-meta\">\r\n\t<a class=\"post-date\" href=\"https:\/\/sff-camara.com\/es\/2020\/11\/19\/\">noviembre 19, 2020<\/a>\r\n\r\n\t<\/div>\r\n<h3 class=\"post-title\">\r\n\t<a href=\"https:\/\/sff-camara.com\/es\/noticias\/webinar-novedades-fiscales-en-espana-oportunidades-y-retos-en-la-planificacion-de-clientes-de-alto-patrimonio\/\">\r\n\t\tWebinar: \u201cNovedades Fiscales en Espa\u00f1a \u2013 Oportunidades y retos en la planificaci\u00f3n de clientes de Alto Patrimonio\u201d\t<\/a>\r\n<\/h3>\r\n<a href=\"https:\/\/sff-camara.com\/es\/noticias\/webinar-novedades-fiscales-en-espana-oportunidades-y-retos-en-la-planificacion-de-clientes-de-alto-patrimonio\/\" class=\"btn btn-link btn-underline btn-primary\">Leer m\u00e1s <i class=\"a-icon-long-arrow-right\"><\/i><\/a><\/div>\r\n\t<\/article>\r\n\r\n\t\r\n<\/div>\r\n\r\n\r\n<div class=\"post-wrap \" data-post-image=\"alpha-post-medium\">\r\n\r\n\t\r\n\t<article class=\"post-5474 post type-post status-publish format-standard has-post-thumbnail hentry category-noticias post overlay-zoom overlay-dark  post-modern\">\r\n\t\t\t\t\t<figure class=\"post-media\">\r\n\t\t\t\t\t\t\t\t<a href=\"https:\/\/sff-camara.com\/es\/noticias\/webinar-luxembourg-stock-exchange-y-luxembourg-green-exchange-tendencias-del-mercado-y-cambios-legislativos\/\" aria-label=\"Post Media\">\r\n\t\t\t\t\t<img loading=\"lazy\" decoding=\"async\" width=\"600\" height=\"287\" src=\"https:\/\/sff-camara.com\/wp-content\/uploads\/2023\/01\/Webinar-LSX-600x287.jpeg\" class=\"attachment-alpha-post-medium size-alpha-post-medium wp-post-image\" alt=\"\" \/>\t\t\t\t<\/a>\r\n\t\t\t<\/figure>\r\n\t\t\t<div class=\"post-details\">\r\n\t<div class=\"post-meta\">\r\n\t<a class=\"post-date\" href=\"https:\/\/sff-camara.com\/es\/2020\/10\/26\/\">octubre 26, 2020<\/a>\r\n\r\n\t<\/div>\r\n<h3 class=\"post-title\">\r\n\t<a href=\"https:\/\/sff-camara.com\/es\/noticias\/webinar-luxembourg-stock-exchange-y-luxembourg-green-exchange-tendencias-del-mercado-y-cambios-legislativos\/\">\r\n\t\tWebinar: Luxembourg Stock Exchange y Luxembourg Green Exchange: tendencias del mercado y cambios legislativos\t<\/a>\r\n<\/h3>\r\n<a href=\"https:\/\/sff-camara.com\/es\/noticias\/webinar-luxembourg-stock-exchange-y-luxembourg-green-exchange-tendencias-del-mercado-y-cambios-legislativos\/\" class=\"btn btn-link btn-underline btn-primary\">Leer m\u00e1s <i class=\"a-icon-long-arrow-right\"><\/i><\/a><\/div>\r\n\t<\/article>\r\n\r\n\t\r\n<\/div>\r\n\r\n\r\n<div class=\"post-wrap \" data-post-image=\"alpha-post-medium\">\r\n\r\n\t\r\n\t<article class=\"post-5464 post type-post status-publish format-standard has-post-thumbnail hentry category-noticias post overlay-zoom overlay-dark  post-modern\">\r\n\t\t\t\t\t<figure class=\"post-media\">\r\n\t\t\t\t\t\t\t\t<a href=\"https:\/\/sff-camara.com\/es\/noticias\/webinar-sobre-las-obligaciones-fiscales-en-espana-de-las-personas-desplazadas-al-extranjero\/\" aria-label=\"Post Media\">\r\n\t\t\t\t\t<img loading=\"lazy\" decoding=\"async\" width=\"600\" height=\"287\" src=\"https:\/\/sff-camara.com\/wp-content\/uploads\/2023\/01\/Weebinar-Tax-600x287.jpeg\" class=\"attachment-alpha-post-medium size-alpha-post-medium wp-post-image\" alt=\"\" \/>\t\t\t\t<\/a>\r\n\t\t\t<\/figure>\r\n\t\t\t<div class=\"post-details\">\r\n\t<div class=\"post-meta\">\r\n\t<a class=\"post-date\" href=\"https:\/\/sff-camara.com\/es\/2020\/09\/14\/\">septiembre 14, 2020<\/a>\r\n\r\n\t<\/div>\r\n<h3 class=\"post-title\">\r\n\t<a href=\"https:\/\/sff-camara.com\/es\/noticias\/webinar-sobre-las-obligaciones-fiscales-en-espana-de-las-personas-desplazadas-al-extranjero\/\">\r\n\t\tWebinar sobre \u00abLas obligaciones fiscales en Espa\u00f1a de las personas desplazadas al extranjero\u00bb\t<\/a>\r\n<\/h3>\r\n<a href=\"https:\/\/sff-camara.com\/es\/noticias\/webinar-sobre-las-obligaciones-fiscales-en-espana-de-las-personas-desplazadas-al-extranjero\/\" class=\"btn btn-link btn-underline btn-primary\">Leer m\u00e1s <i class=\"a-icon-long-arrow-right\"><\/i><\/a><\/div>\r\n\t<\/article>\r\n\r\n\t\r\n<\/div>\r\n\r\n\r\n<div class=\"post-wrap \" data-post-image=\"alpha-post-medium\">\r\n\r\n\t\r\n\t<article class=\"post-5450 post type-post status-publish format-standard has-post-thumbnail hentry category-noticias post overlay-zoom overlay-dark  post-modern\">\r\n\t\t\t\t\t<figure class=\"post-media\">\r\n\t\t\t\t\t\t\t\t<a href=\"https:\/\/sff-camara.com\/es\/noticias\/webinar-sobre-fiscalidad-en-espana-en-tiempos-de-covid-19-oportunidades-y-retos\/\" aria-label=\"Post Media\">\r\n\t\t\t\t\t<img loading=\"lazy\" decoding=\"async\" width=\"600\" height=\"300\" src=\"https:\/\/sff-camara.com\/wp-content\/uploads\/2022\/12\/Logo-SFFL-v2-600x300.png\" class=\"attachment-alpha-post-medium size-alpha-post-medium wp-post-image\" alt=\"\" \/>\t\t\t\t<\/a>\r\n\t\t\t<\/figure>\r\n\t\t\t<div class=\"post-details\">\r\n\t<div class=\"post-meta\">\r\n\t<a class=\"post-date\" href=\"https:\/\/sff-camara.com\/es\/2020\/07\/22\/\">julio 22, 2020<\/a>\r\n\r\n\t<\/div>\r\n<h3 class=\"post-title\">\r\n\t<a href=\"https:\/\/sff-camara.com\/es\/noticias\/webinar-sobre-fiscalidad-en-espana-en-tiempos-de-covid-19-oportunidades-y-retos\/\">\r\n\t\tWebinar sobre \u201cFiscalidad en Espa\u00f1a en tiempos de COVID-19: Oportunidades y retos\u201d\t<\/a>\r\n<\/h3>\r\n<a href=\"https:\/\/sff-camara.com\/es\/noticias\/webinar-sobre-fiscalidad-en-espana-en-tiempos-de-covid-19-oportunidades-y-retos\/\" class=\"btn btn-link btn-underline btn-primary\">Leer m\u00e1s <i class=\"a-icon-long-arrow-right\"><\/i><\/a><\/div>\r\n\t<\/article>\r\n\r\n\t\r\n<\/div>\r\n\r\n\r\n<div class=\"post-wrap \" data-post-image=\"alpha-post-medium\">\r\n\r\n\t\r\n\t<article class=\"post-5389 post type-post status-publish format-standard has-post-thumbnail hentry category-noticias post overlay-zoom overlay-dark  post-modern\">\r\n\t\t\t\t\t<figure class=\"post-media\">\r\n\t\t\t\t\t\t\t\t<a href=\"https:\/\/sff-camara.com\/es\/noticias\/webinar-sobre-el-impacto-del-covid-19-en-la-industria-inmobiliaria-espanola-y-en-el-valor-de-los-activos\/\" aria-label=\"Post Media\">\r\n\t\t\t\t\t<img loading=\"lazy\" decoding=\"async\" width=\"600\" height=\"287\" src=\"https:\/\/sff-camara.com\/wp-content\/uploads\/2023\/01\/Webinar-Real-Estate-600x287.png\" class=\"attachment-alpha-post-medium size-alpha-post-medium wp-post-image\" alt=\"\" \/>\t\t\t\t<\/a>\r\n\t\t\t<\/figure>\r\n\t\t\t<div class=\"post-details\">\r\n\t<div class=\"post-meta\">\r\n\t<a class=\"post-date\" href=\"https:\/\/sff-camara.com\/es\/2020\/07\/08\/\">julio 8, 2020<\/a>\r\n\r\n\t<\/div>\r\n<h3 class=\"post-title\">\r\n\t<a href=\"https:\/\/sff-camara.com\/es\/noticias\/webinar-sobre-el-impacto-del-covid-19-en-la-industria-inmobiliaria-espanola-y-en-el-valor-de-los-activos\/\">\r\n\t\tWebinar sobre \u201cEl Impacto del Covid-19 en la Industria Inmobiliaria Espa\u00f1ola y en el valor de los activos\u201d\t<\/a>\r\n<\/h3>\r\n<a href=\"https:\/\/sff-camara.com\/es\/noticias\/webinar-sobre-el-impacto-del-covid-19-en-la-industria-inmobiliaria-espanola-y-en-el-valor-de-los-activos\/\" class=\"btn btn-link btn-underline btn-primary\">Leer m\u00e1s <i class=\"a-icon-long-arrow-right\"><\/i><\/a><\/div>\r\n\t<\/article>\r\n\r\n\t\r\n<\/div>\r\n\r\n\r\n<div class=\"post-wrap \" data-post-image=\"alpha-post-medium\">\r\n\r\n\t\r\n\t<article class=\"post-5420 post type-post status-publish format-standard has-post-thumbnail hentry category-noticias post overlay-zoom overlay-dark  post-modern\">\r\n\t\t\t\t\t<figure class=\"post-media\">\r\n\t\t\t\t\t\t\t\t<a href=\"https:\/\/sff-camara.com\/es\/noticias\/el-sff-define-su-estructura-con-el-nombramiento-de-varios-coordinadores-para-liderar-las-areas-de-banking-asset-management-insurance-y-tax\/\" aria-label=\"Post Media\">\r\n\t\t\t\t\t<img loading=\"lazy\" decoding=\"async\" width=\"600\" height=\"300\" src=\"https:\/\/sff-camara.com\/wp-content\/uploads\/2022\/12\/Logo-SFFL-v2-600x300.png\" class=\"attachment-alpha-post-medium size-alpha-post-medium wp-post-image\" alt=\"\" \/>\t\t\t\t<\/a>\r\n\t\t\t<\/figure>\r\n\t\t\t<div class=\"post-details\">\r\n\t<div class=\"post-meta\">\r\n\t<a class=\"post-date\" href=\"https:\/\/sff-camara.com\/es\/2020\/05\/13\/\">mayo 13, 2020<\/a>\r\n\r\n\t<\/div>\r\n<h3 class=\"post-title\">\r\n\t<a href=\"https:\/\/sff-camara.com\/es\/noticias\/el-sff-define-su-estructura-con-el-nombramiento-de-varios-coordinadores-para-liderar-las-areas-de-banking-asset-management-insurance-y-tax\/\">\r\n\t\tEl SFF define su estructura con el nombramiento de varios coordinadores para liderar las \u00e1reas de Banking, Asset Management, Insurance y Tax\t<\/a>\r\n<\/h3>\r\n<a href=\"https:\/\/sff-camara.com\/es\/noticias\/el-sff-define-su-estructura-con-el-nombramiento-de-varios-coordinadores-para-liderar-las-areas-de-banking-asset-management-insurance-y-tax\/\" class=\"btn btn-link btn-underline btn-primary\">Leer m\u00e1s <i class=\"a-icon-long-arrow-right\"><\/i><\/a><\/div>\r\n\t<\/article>\r\n\r\n\t\r\n<\/div>\r\n\r\n<\/div>\t\t\t\t<\/div>\n\t\t\t\t<\/div>\n\t\t\t\t<div class=\"elementor-element elementor-element-2c927d9d elementor-widget elementor-widget-spacer\" data-id=\"2c927d9d\" data-element_type=\"widget\" data-e-type=\"widget\" data-widget_type=\"spacer.default\">\n\t\t\t\t<div class=\"elementor-widget-container\">\n\t\t\t\t\t\t\t<div class=\"elementor-spacer\">\n\t\t\t<div class=\"elementor-spacer-inner\"><\/div>\n\t\t<\/div>\n\t\t\t\t\t\t<\/div>\n\t\t\t\t<\/div>\n\t\t\t\t\t\t<\/div>\r\n\t\t\t\t<\/div>\r\n\t\t\t\t\t\t\t\t<\/div>\r\n\t\t\t<\/section>\r\n\t\t\t\t\t<\/div>\n\t\t","protected":false},"excerpt":{"rendered":"<p>Ya est\u00e1 disponible la cuarta edici\u00f3n del SFF Magazine. Esta publicaci\u00f3n est\u00e1 elaborada por la C\u00e1mara en el marco de la Comisi\u00f3n de Trabajo \u201cSpanish Financial Forum\u201d, focalizada en el [&hellip;]<\/p>\n","protected":false},"author":2,"featured_media":5515,"comment_status":"closed","ping_status":"closed","sticky":false,"template":"","format":"standard","meta":{"_acf_changed":false,"_price":"","_stock":"","_tribe_ticket_header":"","_tribe_default_ticket_provider":"","_ticket_start_date":"","_ticket_end_date":"","_tribe_ticket_show_description":"","_tribe_ticket_show_not_going":false,"_tribe_ticket_use_global_stock":"","_tribe_ticket_global_stock_level":"","_global_stock_mode":"","_global_stock_cap":"","_tribe_rsvp_for_event":"","_tribe_ticket_going_count":"","_tribe_ticket_not_going_count":"","_tribe_tickets_list":"[]","_tribe_ticket_has_attendee_info_fields":false,"footnotes":""},"categories":[124],"tags":[],"class_list":["post-5523","post","type-post","status-publish","format-standard","has-post-thumbnail","hentry","category-noticias"],"acf":[],"yoast_head":"<!-- This site is optimized with the Yoast SEO plugin v27.1.1 - https:\/\/yoast.com\/product\/yoast-seo-wordpress\/ -->\n<title>4\u00aa edici\u00f3n del SFF Magazine | SFF<\/title>\n<meta name=\"robots\" content=\"index, follow, max-snippet:-1, max-image-preview:large, max-video-preview:-1\" \/>\n<link rel=\"canonical\" href=\"https:\/\/sff-camara.com\/news\/4th-edition-of-the-sff-magazine\/\" \/>\n<meta property=\"og:locale\" content=\"es_ES\" \/>\n<meta property=\"og:type\" content=\"article\" \/>\n<meta property=\"og:title\" content=\"4\u00aa edici\u00f3n del SFF Magazine | SFF\" \/>\n<meta property=\"og:description\" content=\"Ya est\u00e1 disponible la cuarta edici\u00f3n del SFF Magazine. Esta publicaci\u00f3n est\u00e1 elaborada por la C\u00e1mara en el marco de la Comisi\u00f3n de Trabajo \u201cSpanish Financial Forum\u201d, focalizada en el [&hellip;]\" \/>\n<meta property=\"og:url\" content=\"https:\/\/sff-camara.com\/news\/4th-edition-of-the-sff-magazine\/\" \/>\n<meta property=\"og:site_name\" content=\"SFF\" \/>\n<meta property=\"article:published_time\" content=\"2022-04-27T10:21:00+00:00\" \/>\n<meta property=\"article:modified_time\" content=\"2023-02-18T13:13:38+00:00\" \/>\n<meta property=\"og:image\" content=\"https:\/\/sff-camara.com\/wp-content\/uploads\/2023\/01\/Edition-4-SFF-Magazine.png\" \/>\n\t<meta property=\"og:image:width\" content=\"750\" \/>\n\t<meta property=\"og:image:height\" content=\"288\" \/>\n\t<meta property=\"og:image:type\" content=\"image\/png\" \/>\n<meta name=\"author\" content=\"SFF\" \/>\n<meta name=\"twitter:card\" content=\"summary_large_image\" \/>\n<meta name=\"twitter:label1\" content=\"Escrito por\" \/>\n\t<meta name=\"twitter:data1\" content=\"SFF\" \/>\n\t<meta name=\"twitter:label2\" content=\"Tiempo de lectura\" \/>\n\t<meta name=\"twitter:data2\" content=\"3 minutos\" \/>\n<script type=\"application\/ld+json\" class=\"yoast-schema-graph\">{\"@context\":\"https:\/\/schema.org\",\"@graph\":[{\"@type\":\"Article\",\"@id\":\"https:\/\/sff-camara.com\/news\/4th-edition-of-the-sff-magazine\/#article\",\"isPartOf\":{\"@id\":\"https:\/\/sff-camara.com\/news\/4th-edition-of-the-sff-magazine\/\"},\"author\":{\"name\":\"SFF\",\"@id\":\"https:\/\/sff-camara.com\/#\/schema\/person\/4adb1bc18ccd0824990c909ad888ece9\"},\"headline\":\"4\u00aa edici\u00f3n del SFF Magazine\",\"datePublished\":\"2022-04-27T10:21:00+00:00\",\"dateModified\":\"2023-02-18T13:13:38+00:00\",\"mainEntityOfPage\":{\"@id\":\"https:\/\/sff-camara.com\/news\/4th-edition-of-the-sff-magazine\/\"},\"wordCount\":620,\"publisher\":{\"@id\":\"https:\/\/sff-camara.com\/#organization\"},\"image\":{\"@id\":\"https:\/\/sff-camara.com\/news\/4th-edition-of-the-sff-magazine\/#primaryimage\"},\"thumbnailUrl\":\"https:\/\/sff-camara.com\/wp-content\/uploads\/2023\/01\/Edition-4-SFF-Magazine.png\",\"articleSection\":[\"Noticias\"],\"inLanguage\":\"es\"},{\"@type\":\"WebPage\",\"@id\":\"https:\/\/sff-camara.com\/news\/4th-edition-of-the-sff-magazine\/\",\"url\":\"https:\/\/sff-camara.com\/news\/4th-edition-of-the-sff-magazine\/\",\"name\":\"4\u00aa edici\u00f3n del SFF Magazine | SFF\",\"isPartOf\":{\"@id\":\"https:\/\/sff-camara.com\/#website\"},\"primaryImageOfPage\":{\"@id\":\"https:\/\/sff-camara.com\/news\/4th-edition-of-the-sff-magazine\/#primaryimage\"},\"image\":{\"@id\":\"https:\/\/sff-camara.com\/news\/4th-edition-of-the-sff-magazine\/#primaryimage\"},\"thumbnailUrl\":\"https:\/\/sff-camara.com\/wp-content\/uploads\/2023\/01\/Edition-4-SFF-Magazine.png\",\"datePublished\":\"2022-04-27T10:21:00+00:00\",\"dateModified\":\"2023-02-18T13:13:38+00:00\",\"breadcrumb\":{\"@id\":\"https:\/\/sff-camara.com\/news\/4th-edition-of-the-sff-magazine\/#breadcrumb\"},\"inLanguage\":\"es\",\"potentialAction\":[{\"@type\":\"ReadAction\",\"target\":[\"https:\/\/sff-camara.com\/news\/4th-edition-of-the-sff-magazine\/\"]}]},{\"@type\":\"ImageObject\",\"inLanguage\":\"es\",\"@id\":\"https:\/\/sff-camara.com\/news\/4th-edition-of-the-sff-magazine\/#primaryimage\",\"url\":\"https:\/\/sff-camara.com\/wp-content\/uploads\/2023\/01\/Edition-4-SFF-Magazine.png\",\"contentUrl\":\"https:\/\/sff-camara.com\/wp-content\/uploads\/2023\/01\/Edition-4-SFF-Magazine.png\",\"width\":750,\"height\":288},{\"@type\":\"BreadcrumbList\",\"@id\":\"https:\/\/sff-camara.com\/news\/4th-edition-of-the-sff-magazine\/#breadcrumb\",\"itemListElement\":[{\"@type\":\"ListItem\",\"position\":1,\"name\":\"Home\",\"item\":\"https:\/\/sff-camara.com\/\"},{\"@type\":\"ListItem\",\"position\":2,\"name\":\"4\u00aa edici\u00f3n del SFF Magazine\"}]},{\"@type\":\"WebSite\",\"@id\":\"https:\/\/sff-camara.com\/#website\",\"url\":\"https:\/\/sff-camara.com\/\",\"name\":\"SFF\",\"description\":\"Spanish Financial Forum in Luxembourg\",\"publisher\":{\"@id\":\"https:\/\/sff-camara.com\/#organization\"},\"potentialAction\":[{\"@type\":\"SearchAction\",\"target\":{\"@type\":\"EntryPoint\",\"urlTemplate\":\"https:\/\/sff-camara.com\/?s={search_term_string}\"},\"query-input\":{\"@type\":\"PropertyValueSpecification\",\"valueRequired\":true,\"valueName\":\"search_term_string\"}}],\"inLanguage\":\"es\"},{\"@type\":\"Organization\",\"@id\":\"https:\/\/sff-camara.com\/#organization\",\"name\":\"Spanish Financial Forum in Luxembourg\",\"url\":\"https:\/\/sff-camara.com\/\",\"logo\":{\"@type\":\"ImageObject\",\"inLanguage\":\"es\",\"@id\":\"https:\/\/sff-camara.com\/#\/schema\/logo\/image\/\",\"url\":\"https:\/\/sff-camara.com\/wp-content\/uploads\/2023\/02\/cropped-LOGO-1.png\",\"contentUrl\":\"https:\/\/sff-camara.com\/wp-content\/uploads\/2023\/02\/cropped-LOGO-1.png\",\"width\":586,\"height\":222,\"caption\":\"Spanish Financial Forum in Luxembourg\"},\"image\":{\"@id\":\"https:\/\/sff-camara.com\/#\/schema\/logo\/image\/\"},\"sameAs\":[\"https:\/\/www.linkedin.com\/company\/camara-oficial-de-comercio-de-espana-en-belgica-y-luxemburgo\/\"]},{\"@type\":\"Person\",\"@id\":\"https:\/\/sff-camara.com\/#\/schema\/person\/4adb1bc18ccd0824990c909ad888ece9\",\"name\":\"SFF\",\"url\":\"https:\/\/sff-camara.com\/es\/author\/planinluxadmin\/\"}]}<\/script>\n<!-- \/ Yoast SEO plugin. -->","yoast_head_json":{"title":"4\u00aa edici\u00f3n del SFF Magazine | SFF","robots":{"index":"index","follow":"follow","max-snippet":"max-snippet:-1","max-image-preview":"max-image-preview:large","max-video-preview":"max-video-preview:-1"},"canonical":"https:\/\/sff-camara.com\/news\/4th-edition-of-the-sff-magazine\/","og_locale":"es_ES","og_type":"article","og_title":"4\u00aa edici\u00f3n del SFF Magazine | SFF","og_description":"Ya est\u00e1 disponible la cuarta edici\u00f3n del SFF Magazine. Esta publicaci\u00f3n est\u00e1 elaborada por la C\u00e1mara en el marco de la Comisi\u00f3n de Trabajo \u201cSpanish Financial Forum\u201d, focalizada en el [&hellip;]","og_url":"https:\/\/sff-camara.com\/news\/4th-edition-of-the-sff-magazine\/","og_site_name":"SFF","article_published_time":"2022-04-27T10:21:00+00:00","article_modified_time":"2023-02-18T13:13:38+00:00","og_image":[{"width":750,"height":288,"url":"https:\/\/sff-camara.com\/wp-content\/uploads\/2023\/01\/Edition-4-SFF-Magazine.png","type":"image\/png"}],"author":"SFF","twitter_card":"summary_large_image","twitter_misc":{"Escrito por":"SFF","Tiempo de lectura":"3 minutos"},"schema":{"@context":"https:\/\/schema.org","@graph":[{"@type":"Article","@id":"https:\/\/sff-camara.com\/news\/4th-edition-of-the-sff-magazine\/#article","isPartOf":{"@id":"https:\/\/sff-camara.com\/news\/4th-edition-of-the-sff-magazine\/"},"author":{"name":"SFF","@id":"https:\/\/sff-camara.com\/#\/schema\/person\/4adb1bc18ccd0824990c909ad888ece9"},"headline":"4\u00aa edici\u00f3n del SFF Magazine","datePublished":"2022-04-27T10:21:00+00:00","dateModified":"2023-02-18T13:13:38+00:00","mainEntityOfPage":{"@id":"https:\/\/sff-camara.com\/news\/4th-edition-of-the-sff-magazine\/"},"wordCount":620,"publisher":{"@id":"https:\/\/sff-camara.com\/#organization"},"image":{"@id":"https:\/\/sff-camara.com\/news\/4th-edition-of-the-sff-magazine\/#primaryimage"},"thumbnailUrl":"https:\/\/sff-camara.com\/wp-content\/uploads\/2023\/01\/Edition-4-SFF-Magazine.png","articleSection":["Noticias"],"inLanguage":"es"},{"@type":"WebPage","@id":"https:\/\/sff-camara.com\/news\/4th-edition-of-the-sff-magazine\/","url":"https:\/\/sff-camara.com\/news\/4th-edition-of-the-sff-magazine\/","name":"4\u00aa edici\u00f3n del SFF Magazine | SFF","isPartOf":{"@id":"https:\/\/sff-camara.com\/#website"},"primaryImageOfPage":{"@id":"https:\/\/sff-camara.com\/news\/4th-edition-of-the-sff-magazine\/#primaryimage"},"image":{"@id":"https:\/\/sff-camara.com\/news\/4th-edition-of-the-sff-magazine\/#primaryimage"},"thumbnailUrl":"https:\/\/sff-camara.com\/wp-content\/uploads\/2023\/01\/Edition-4-SFF-Magazine.png","datePublished":"2022-04-27T10:21:00+00:00","dateModified":"2023-02-18T13:13:38+00:00","breadcrumb":{"@id":"https:\/\/sff-camara.com\/news\/4th-edition-of-the-sff-magazine\/#breadcrumb"},"inLanguage":"es","potentialAction":[{"@type":"ReadAction","target":["https:\/\/sff-camara.com\/news\/4th-edition-of-the-sff-magazine\/"]}]},{"@type":"ImageObject","inLanguage":"es","@id":"https:\/\/sff-camara.com\/news\/4th-edition-of-the-sff-magazine\/#primaryimage","url":"https:\/\/sff-camara.com\/wp-content\/uploads\/2023\/01\/Edition-4-SFF-Magazine.png","contentUrl":"https:\/\/sff-camara.com\/wp-content\/uploads\/2023\/01\/Edition-4-SFF-Magazine.png","width":750,"height":288},{"@type":"BreadcrumbList","@id":"https:\/\/sff-camara.com\/news\/4th-edition-of-the-sff-magazine\/#breadcrumb","itemListElement":[{"@type":"ListItem","position":1,"name":"Home","item":"https:\/\/sff-camara.com\/"},{"@type":"ListItem","position":2,"name":"4\u00aa edici\u00f3n del SFF Magazine"}]},{"@type":"WebSite","@id":"https:\/\/sff-camara.com\/#website","url":"https:\/\/sff-camara.com\/","name":"SFF","description":"Spanish Financial Forum in Luxembourg","publisher":{"@id":"https:\/\/sff-camara.com\/#organization"},"potentialAction":[{"@type":"SearchAction","target":{"@type":"EntryPoint","urlTemplate":"https:\/\/sff-camara.com\/?s={search_term_string}"},"query-input":{"@type":"PropertyValueSpecification","valueRequired":true,"valueName":"search_term_string"}}],"inLanguage":"es"},{"@type":"Organization","@id":"https:\/\/sff-camara.com\/#organization","name":"Spanish Financial Forum in Luxembourg","url":"https:\/\/sff-camara.com\/","logo":{"@type":"ImageObject","inLanguage":"es","@id":"https:\/\/sff-camara.com\/#\/schema\/logo\/image\/","url":"https:\/\/sff-camara.com\/wp-content\/uploads\/2023\/02\/cropped-LOGO-1.png","contentUrl":"https:\/\/sff-camara.com\/wp-content\/uploads\/2023\/02\/cropped-LOGO-1.png","width":586,"height":222,"caption":"Spanish Financial Forum in Luxembourg"},"image":{"@id":"https:\/\/sff-camara.com\/#\/schema\/logo\/image\/"},"sameAs":["https:\/\/www.linkedin.com\/company\/camara-oficial-de-comercio-de-espana-en-belgica-y-luxemburgo\/"]},{"@type":"Person","@id":"https:\/\/sff-camara.com\/#\/schema\/person\/4adb1bc18ccd0824990c909ad888ece9","name":"SFF","url":"https:\/\/sff-camara.com\/es\/author\/planinluxadmin\/"}]}},"_links":{"self":[{"href":"https:\/\/sff-camara.com\/es\/wp-json\/wp\/v2\/posts\/5523","targetHints":{"allow":["GET"]}}],"collection":[{"href":"https:\/\/sff-camara.com\/es\/wp-json\/wp\/v2\/posts"}],"about":[{"href":"https:\/\/sff-camara.com\/es\/wp-json\/wp\/v2\/types\/post"}],"author":[{"embeddable":true,"href":"https:\/\/sff-camara.com\/es\/wp-json\/wp\/v2\/users\/2"}],"replies":[{"embeddable":true,"href":"https:\/\/sff-camara.com\/es\/wp-json\/wp\/v2\/comments?post=5523"}],"version-history":[{"count":2,"href":"https:\/\/sff-camara.com\/es\/wp-json\/wp\/v2\/posts\/5523\/revisions"}],"predecessor-version":[{"id":8129,"href":"https:\/\/sff-camara.com\/es\/wp-json\/wp\/v2\/posts\/5523\/revisions\/8129"}],"wp:featuredmedia":[{"embeddable":true,"href":"https:\/\/sff-camara.com\/es\/wp-json\/wp\/v2\/media\/5515"}],"wp:attachment":[{"href":"https:\/\/sff-camara.com\/es\/wp-json\/wp\/v2\/media?parent=5523"}],"wp:term":[{"taxonomy":"category","embeddable":true,"href":"https:\/\/sff-camara.com\/es\/wp-json\/wp\/v2\/categories?post=5523"},{"taxonomy":"post_tag","embeddable":true,"href":"https:\/\/sff-camara.com\/es\/wp-json\/wp\/v2\/tags?post=5523"}],"curies":[{"name":"wp","href":"https:\/\/api.w.org\/{rel}","templated":true}]}}