{"id":5420,"date":"2020-05-13T21:39:00","date_gmt":"2020-05-13T21:39:00","guid":{"rendered":"https:\/\/sff-camara.com\/sin-categorizar\/el-sff-define-su-estructura-con-el-nombramiento-de-varios-coordinadores-para-liderar-las-areas-de-banking-asset-management-insurance-y-tax\/"},"modified":"2023-01-25T21:46:35","modified_gmt":"2023-01-25T21:46:35","slug":"el-sff-define-su-estructura-con-el-nombramiento-de-varios-coordinadores-para-liderar-las-areas-de-banking-asset-management-insurance-y-tax","status":"publish","type":"post","link":"https:\/\/sff-camara.com\/es\/noticias\/el-sff-define-su-estructura-con-el-nombramiento-de-varios-coordinadores-para-liderar-las-areas-de-banking-asset-management-insurance-y-tax\/","title":{"rendered":"El SFF define su estructura con el nombramiento de varios coordinadores para liderar las \u00e1reas de Banking, Asset Management, Insurance y Tax"},"content":{"rendered":"\n<p>Unas semanas despu\u00e9s de la puesta en marcha del <em><strong>Spanish Financial Forum (SFF)<\/strong><\/em>, el foro avanza en la definici\u00f3n de su estructura operativa en <strong>Luxemburgo<\/strong>.<\/p>\n\n<p><\/p>\n\n<p>Tras finalizar el periodo de recepci\u00f3n de candidaturas presentadas por los miembros del <strong>SFF<\/strong> para liderar los distintos sub-sectores, se ha decidido nombrar a los siguientes coordinadores para esta primera etapa del proyecto:<\/p>\n\n<ul class=\"wp-block-list\">\n<li><strong>Banking<\/strong>: Paloma Garc\u00eda (Banca March Luxembourg Branch)<\/li>\n\n\n\n<li><strong>Asset Management<\/strong>: Jes\u00fas Orozco (EY)<\/li>\n\n\n\n<li><strong>Tax<\/strong>: Eduardo Trancho (Van Campen Liem Luxembourg)<\/li>\n\n\n\n<li><strong>Insurance<\/strong>: Antonio Corpas (The OneLife Company)<\/li>\n<\/ul>\n\n<p><\/p>\n\n<p>Varios miembros del <strong>Consejo de Administraci\u00f3n de la C\u00e1mara<\/strong> han participado en el proceso de selecci\u00f3n de los candidatos, teniendo en cuenta criterios objetivos previamente establecidos como la experiencia en el sector correspondiente y la propuesta de iniciativas en el marco del <strong>SFF.<\/strong><\/p>\n\n<p><\/p>\n\n<p>Los cuatro sub-sectores estar\u00e1n coordinados a su vez por el <strong>Vicepresidente de la C\u00e1mara en Luxemburgo, Jos\u00e9 Luis Rodriguez \u00c1lvarez<\/strong>.<\/p>\n\n<p><\/p>\n\n<p>Esta estructura funcional tendr\u00e1 una duraci\u00f3n de <strong>doce meses<\/strong>, a contar desde el mes de mayo de 2020. Vencido este periodo, se establecer\u00e1 un proceso de selecci\u00f3n interna entre los miembros del <strong>SFF<\/strong> para el nombramiento de pr\u00f3ximos coordinadores.<\/p>\n\n<p><\/p>\n\n<p>Hasta la fecha, <strong>m\u00e1s de 20 sociedades y 40 profesionales<\/strong> vinculados a la industria de los servicios financieros en <strong>Luxemburgo y Espa\u00f1a<\/strong>, han solicitado su adhesi\u00f3n al <strong>SFF.<\/strong><\/p>\n","protected":false},"excerpt":{"rendered":"<p>Unas semanas despu\u00e9s de la puesta en marcha del Spanish Financial Forum (SFF), el foro avanza en la definici\u00f3n de su estructura operativa en Luxemburgo. Tras finalizar el periodo de [&hellip;]<\/p>\n","protected":false},"author":2,"featured_media":4184,"comment_status":"closed","ping_status":"closed","sticky":false,"template":"","format":"standard","meta":{"_acf_changed":false,"_price":"","_stock":"","_tribe_ticket_header":"","_tribe_default_ticket_provider":"","_ticket_start_date":"","_ticket_end_date":"","_tribe_ticket_show_description":"","_tribe_ticket_show_not_going":false,"_tribe_ticket_use_global_stock":"","_tribe_ticket_global_stock_level":"","_global_stock_mode":"","_global_stock_cap":"","_tribe_rsvp_for_event":"","_tribe_ticket_going_count":"","_tribe_ticket_not_going_count":"","_tribe_tickets_list":"[]","_tribe_ticket_has_attendee_info_fields":false,"footnotes":""},"categories":[124],"tags":[],"class_list":["post-5420","post","type-post","status-publish","format-standard","has-post-thumbnail","hentry","category-noticias"],"acf":[],"yoast_head":"<!-- This site is optimized with the Yoast SEO plugin v27.1.1 - https:\/\/yoast.com\/product\/yoast-seo-wordpress\/ -->\n<title>El SFF define su estructura con el nombramiento de varios coordinadores para liderar las \u00e1reas de Banking, Asset Management, Insurance y Tax | SFF<\/title>\n<meta name=\"robots\" content=\"index, follow, max-snippet:-1, max-image-preview:large, max-video-preview:-1\" \/>\n<link rel=\"canonical\" href=\"https:\/\/sff-camara.com\/news\/the-sff-defines-its-structure-with-the-appointment-of-several-coordinators-to-lead-the-areas-of-banking-asset-management-insurance-and-tax\/\" \/>\n<meta property=\"og:locale\" content=\"es_ES\" \/>\n<meta property=\"og:type\" content=\"article\" \/>\n<meta property=\"og:title\" content=\"El SFF define su estructura con el nombramiento de varios coordinadores para liderar las \u00e1reas de Banking, Asset Management, Insurance y Tax | SFF\" \/>\n<meta property=\"og:description\" content=\"Unas semanas despu\u00e9s de la puesta en marcha del Spanish Financial Forum (SFF), el foro avanza en la definici\u00f3n de su estructura operativa en Luxemburgo. Tras finalizar el periodo de [&hellip;]\" \/>\n<meta property=\"og:url\" content=\"https:\/\/sff-camara.com\/news\/the-sff-defines-its-structure-with-the-appointment-of-several-coordinators-to-lead-the-areas-of-banking-asset-management-insurance-and-tax\/\" \/>\n<meta property=\"og:site_name\" content=\"SFF\" \/>\n<meta property=\"article:published_time\" content=\"2020-05-13T21:39:00+00:00\" \/>\n<meta property=\"article:modified_time\" content=\"2023-01-25T21:46:35+00:00\" \/>\n<meta property=\"og:image\" content=\"https:\/\/sff-camara.com\/wp-content\/uploads\/2022\/12\/Logo-SFFL-v2.png\" \/>\n\t<meta property=\"og:image:width\" content=\"900\" \/>\n\t<meta property=\"og:image:height\" content=\"300\" \/>\n\t<meta property=\"og:image:type\" content=\"image\/png\" \/>\n<meta name=\"author\" content=\"SFF\" \/>\n<meta name=\"twitter:card\" content=\"summary_large_image\" \/>\n<meta name=\"twitter:label1\" content=\"Escrito por\" \/>\n\t<meta name=\"twitter:data1\" content=\"SFF\" \/>\n\t<meta name=\"twitter:label2\" content=\"Tiempo de lectura\" \/>\n\t<meta name=\"twitter:data2\" content=\"1 minuto\" \/>\n<script type=\"application\/ld+json\" class=\"yoast-schema-graph\">{\"@context\":\"https:\/\/schema.org\",\"@graph\":[{\"@type\":\"Article\",\"@id\":\"https:\/\/sff-camara.com\/news\/the-sff-defines-its-structure-with-the-appointment-of-several-coordinators-to-lead-the-areas-of-banking-asset-management-insurance-and-tax\/#article\",\"isPartOf\":{\"@id\":\"https:\/\/sff-camara.com\/news\/the-sff-defines-its-structure-with-the-appointment-of-several-coordinators-to-lead-the-areas-of-banking-asset-management-insurance-and-tax\/\"},\"author\":{\"name\":\"SFF\",\"@id\":\"https:\/\/sff-camara.com\/#\/schema\/person\/4adb1bc18ccd0824990c909ad888ece9\"},\"headline\":\"El SFF define su estructura con el nombramiento de varios coordinadores para liderar las \u00e1reas de Banking, Asset Management, Insurance y Tax\",\"datePublished\":\"2020-05-13T21:39:00+00:00\",\"dateModified\":\"2023-01-25T21:46:35+00:00\",\"mainEntityOfPage\":{\"@id\":\"https:\/\/sff-camara.com\/news\/the-sff-defines-its-structure-with-the-appointment-of-several-coordinators-to-lead-the-areas-of-banking-asset-management-insurance-and-tax\/\"},\"wordCount\":248,\"publisher\":{\"@id\":\"https:\/\/sff-camara.com\/#organization\"},\"image\":{\"@id\":\"https:\/\/sff-camara.com\/news\/the-sff-defines-its-structure-with-the-appointment-of-several-coordinators-to-lead-the-areas-of-banking-asset-management-insurance-and-tax\/#primaryimage\"},\"thumbnailUrl\":\"https:\/\/sff-camara.com\/wp-content\/uploads\/2022\/12\/Logo-SFFL-v2.png\",\"articleSection\":[\"Noticias\"],\"inLanguage\":\"es\"},{\"@type\":\"WebPage\",\"@id\":\"https:\/\/sff-camara.com\/news\/the-sff-defines-its-structure-with-the-appointment-of-several-coordinators-to-lead-the-areas-of-banking-asset-management-insurance-and-tax\/\",\"url\":\"https:\/\/sff-camara.com\/news\/the-sff-defines-its-structure-with-the-appointment-of-several-coordinators-to-lead-the-areas-of-banking-asset-management-insurance-and-tax\/\",\"name\":\"El SFF define su estructura con el nombramiento de varios coordinadores para liderar las \u00e1reas de Banking, Asset Management, Insurance y Tax | SFF\",\"isPartOf\":{\"@id\":\"https:\/\/sff-camara.com\/#website\"},\"primaryImageOfPage\":{\"@id\":\"https:\/\/sff-camara.com\/news\/the-sff-defines-its-structure-with-the-appointment-of-several-coordinators-to-lead-the-areas-of-banking-asset-management-insurance-and-tax\/#primaryimage\"},\"image\":{\"@id\":\"https:\/\/sff-camara.com\/news\/the-sff-defines-its-structure-with-the-appointment-of-several-coordinators-to-lead-the-areas-of-banking-asset-management-insurance-and-tax\/#primaryimage\"},\"thumbnailUrl\":\"https:\/\/sff-camara.com\/wp-content\/uploads\/2022\/12\/Logo-SFFL-v2.png\",\"datePublished\":\"2020-05-13T21:39:00+00:00\",\"dateModified\":\"2023-01-25T21:46:35+00:00\",\"breadcrumb\":{\"@id\":\"https:\/\/sff-camara.com\/news\/the-sff-defines-its-structure-with-the-appointment-of-several-coordinators-to-lead-the-areas-of-banking-asset-management-insurance-and-tax\/#breadcrumb\"},\"inLanguage\":\"es\",\"potentialAction\":[{\"@type\":\"ReadAction\",\"target\":[\"https:\/\/sff-camara.com\/news\/the-sff-defines-its-structure-with-the-appointment-of-several-coordinators-to-lead-the-areas-of-banking-asset-management-insurance-and-tax\/\"]}]},{\"@type\":\"ImageObject\",\"inLanguage\":\"es\",\"@id\":\"https:\/\/sff-camara.com\/news\/the-sff-defines-its-structure-with-the-appointment-of-several-coordinators-to-lead-the-areas-of-banking-asset-management-insurance-and-tax\/#primaryimage\",\"url\":\"https:\/\/sff-camara.com\/wp-content\/uploads\/2022\/12\/Logo-SFFL-v2.png\",\"contentUrl\":\"https:\/\/sff-camara.com\/wp-content\/uploads\/2022\/12\/Logo-SFFL-v2.png\",\"width\":900,\"height\":300},{\"@type\":\"BreadcrumbList\",\"@id\":\"https:\/\/sff-camara.com\/news\/the-sff-defines-its-structure-with-the-appointment-of-several-coordinators-to-lead-the-areas-of-banking-asset-management-insurance-and-tax\/#breadcrumb\",\"itemListElement\":[{\"@type\":\"ListItem\",\"position\":1,\"name\":\"Home\",\"item\":\"https:\/\/sff-camara.com\/\"},{\"@type\":\"ListItem\",\"position\":2,\"name\":\"El SFF define su estructura con el nombramiento de varios coordinadores para liderar las \u00e1reas de Banking, Asset Management, Insurance y Tax\"}]},{\"@type\":\"WebSite\",\"@id\":\"https:\/\/sff-camara.com\/#website\",\"url\":\"https:\/\/sff-camara.com\/\",\"name\":\"SFF\",\"description\":\"Spanish Financial Forum in Luxembourg\",\"publisher\":{\"@id\":\"https:\/\/sff-camara.com\/#organization\"},\"potentialAction\":[{\"@type\":\"SearchAction\",\"target\":{\"@type\":\"EntryPoint\",\"urlTemplate\":\"https:\/\/sff-camara.com\/?s={search_term_string}\"},\"query-input\":{\"@type\":\"PropertyValueSpecification\",\"valueRequired\":true,\"valueName\":\"search_term_string\"}}],\"inLanguage\":\"es\"},{\"@type\":\"Organization\",\"@id\":\"https:\/\/sff-camara.com\/#organization\",\"name\":\"Spanish Financial Forum in Luxembourg\",\"url\":\"https:\/\/sff-camara.com\/\",\"logo\":{\"@type\":\"ImageObject\",\"inLanguage\":\"es\",\"@id\":\"https:\/\/sff-camara.com\/#\/schema\/logo\/image\/\",\"url\":\"https:\/\/sff-camara.com\/wp-content\/uploads\/2023\/02\/cropped-LOGO-1.png\",\"contentUrl\":\"https:\/\/sff-camara.com\/wp-content\/uploads\/2023\/02\/cropped-LOGO-1.png\",\"width\":586,\"height\":222,\"caption\":\"Spanish Financial Forum in Luxembourg\"},\"image\":{\"@id\":\"https:\/\/sff-camara.com\/#\/schema\/logo\/image\/\"},\"sameAs\":[\"https:\/\/www.linkedin.com\/company\/camara-oficial-de-comercio-de-espana-en-belgica-y-luxemburgo\/\"]},{\"@type\":\"Person\",\"@id\":\"https:\/\/sff-camara.com\/#\/schema\/person\/4adb1bc18ccd0824990c909ad888ece9\",\"name\":\"SFF\",\"url\":\"https:\/\/sff-camara.com\/es\/author\/planinluxadmin\/\"}]}<\/script>\n<!-- \/ Yoast SEO plugin. -->","yoast_head_json":{"title":"El SFF define su estructura con el nombramiento de varios coordinadores para liderar las \u00e1reas de Banking, Asset Management, Insurance y Tax | SFF","robots":{"index":"index","follow":"follow","max-snippet":"max-snippet:-1","max-image-preview":"max-image-preview:large","max-video-preview":"max-video-preview:-1"},"canonical":"https:\/\/sff-camara.com\/news\/the-sff-defines-its-structure-with-the-appointment-of-several-coordinators-to-lead-the-areas-of-banking-asset-management-insurance-and-tax\/","og_locale":"es_ES","og_type":"article","og_title":"El SFF define su estructura con el nombramiento de varios coordinadores para liderar las \u00e1reas de Banking, Asset Management, Insurance y Tax | SFF","og_description":"Unas semanas despu\u00e9s de la puesta en marcha del Spanish Financial Forum (SFF), el foro avanza en la definici\u00f3n de su estructura operativa en Luxemburgo. Tras finalizar el periodo de [&hellip;]","og_url":"https:\/\/sff-camara.com\/news\/the-sff-defines-its-structure-with-the-appointment-of-several-coordinators-to-lead-the-areas-of-banking-asset-management-insurance-and-tax\/","og_site_name":"SFF","article_published_time":"2020-05-13T21:39:00+00:00","article_modified_time":"2023-01-25T21:46:35+00:00","og_image":[{"width":900,"height":300,"url":"https:\/\/sff-camara.com\/wp-content\/uploads\/2022\/12\/Logo-SFFL-v2.png","type":"image\/png"}],"author":"SFF","twitter_card":"summary_large_image","twitter_misc":{"Escrito por":"SFF","Tiempo de lectura":"1 minuto"},"schema":{"@context":"https:\/\/schema.org","@graph":[{"@type":"Article","@id":"https:\/\/sff-camara.com\/news\/the-sff-defines-its-structure-with-the-appointment-of-several-coordinators-to-lead-the-areas-of-banking-asset-management-insurance-and-tax\/#article","isPartOf":{"@id":"https:\/\/sff-camara.com\/news\/the-sff-defines-its-structure-with-the-appointment-of-several-coordinators-to-lead-the-areas-of-banking-asset-management-insurance-and-tax\/"},"author":{"name":"SFF","@id":"https:\/\/sff-camara.com\/#\/schema\/person\/4adb1bc18ccd0824990c909ad888ece9"},"headline":"El SFF define su estructura con el nombramiento de varios coordinadores para liderar las \u00e1reas de Banking, Asset Management, Insurance y Tax","datePublished":"2020-05-13T21:39:00+00:00","dateModified":"2023-01-25T21:46:35+00:00","mainEntityOfPage":{"@id":"https:\/\/sff-camara.com\/news\/the-sff-defines-its-structure-with-the-appointment-of-several-coordinators-to-lead-the-areas-of-banking-asset-management-insurance-and-tax\/"},"wordCount":248,"publisher":{"@id":"https:\/\/sff-camara.com\/#organization"},"image":{"@id":"https:\/\/sff-camara.com\/news\/the-sff-defines-its-structure-with-the-appointment-of-several-coordinators-to-lead-the-areas-of-banking-asset-management-insurance-and-tax\/#primaryimage"},"thumbnailUrl":"https:\/\/sff-camara.com\/wp-content\/uploads\/2022\/12\/Logo-SFFL-v2.png","articleSection":["Noticias"],"inLanguage":"es"},{"@type":"WebPage","@id":"https:\/\/sff-camara.com\/news\/the-sff-defines-its-structure-with-the-appointment-of-several-coordinators-to-lead-the-areas-of-banking-asset-management-insurance-and-tax\/","url":"https:\/\/sff-camara.com\/news\/the-sff-defines-its-structure-with-the-appointment-of-several-coordinators-to-lead-the-areas-of-banking-asset-management-insurance-and-tax\/","name":"El SFF define su estructura con el nombramiento de varios coordinadores para liderar las \u00e1reas de Banking, Asset Management, Insurance y Tax | SFF","isPartOf":{"@id":"https:\/\/sff-camara.com\/#website"},"primaryImageOfPage":{"@id":"https:\/\/sff-camara.com\/news\/the-sff-defines-its-structure-with-the-appointment-of-several-coordinators-to-lead-the-areas-of-banking-asset-management-insurance-and-tax\/#primaryimage"},"image":{"@id":"https:\/\/sff-camara.com\/news\/the-sff-defines-its-structure-with-the-appointment-of-several-coordinators-to-lead-the-areas-of-banking-asset-management-insurance-and-tax\/#primaryimage"},"thumbnailUrl":"https:\/\/sff-camara.com\/wp-content\/uploads\/2022\/12\/Logo-SFFL-v2.png","datePublished":"2020-05-13T21:39:00+00:00","dateModified":"2023-01-25T21:46:35+00:00","breadcrumb":{"@id":"https:\/\/sff-camara.com\/news\/the-sff-defines-its-structure-with-the-appointment-of-several-coordinators-to-lead-the-areas-of-banking-asset-management-insurance-and-tax\/#breadcrumb"},"inLanguage":"es","potentialAction":[{"@type":"ReadAction","target":["https:\/\/sff-camara.com\/news\/the-sff-defines-its-structure-with-the-appointment-of-several-coordinators-to-lead-the-areas-of-banking-asset-management-insurance-and-tax\/"]}]},{"@type":"ImageObject","inLanguage":"es","@id":"https:\/\/sff-camara.com\/news\/the-sff-defines-its-structure-with-the-appointment-of-several-coordinators-to-lead-the-areas-of-banking-asset-management-insurance-and-tax\/#primaryimage","url":"https:\/\/sff-camara.com\/wp-content\/uploads\/2022\/12\/Logo-SFFL-v2.png","contentUrl":"https:\/\/sff-camara.com\/wp-content\/uploads\/2022\/12\/Logo-SFFL-v2.png","width":900,"height":300},{"@type":"BreadcrumbList","@id":"https:\/\/sff-camara.com\/news\/the-sff-defines-its-structure-with-the-appointment-of-several-coordinators-to-lead-the-areas-of-banking-asset-management-insurance-and-tax\/#breadcrumb","itemListElement":[{"@type":"ListItem","position":1,"name":"Home","item":"https:\/\/sff-camara.com\/"},{"@type":"ListItem","position":2,"name":"El SFF define su estructura con el nombramiento de varios coordinadores para liderar las \u00e1reas de Banking, Asset Management, Insurance y Tax"}]},{"@type":"WebSite","@id":"https:\/\/sff-camara.com\/#website","url":"https:\/\/sff-camara.com\/","name":"SFF","description":"Spanish Financial Forum in Luxembourg","publisher":{"@id":"https:\/\/sff-camara.com\/#organization"},"potentialAction":[{"@type":"SearchAction","target":{"@type":"EntryPoint","urlTemplate":"https:\/\/sff-camara.com\/?s={search_term_string}"},"query-input":{"@type":"PropertyValueSpecification","valueRequired":true,"valueName":"search_term_string"}}],"inLanguage":"es"},{"@type":"Organization","@id":"https:\/\/sff-camara.com\/#organization","name":"Spanish Financial Forum in Luxembourg","url":"https:\/\/sff-camara.com\/","logo":{"@type":"ImageObject","inLanguage":"es","@id":"https:\/\/sff-camara.com\/#\/schema\/logo\/image\/","url":"https:\/\/sff-camara.com\/wp-content\/uploads\/2023\/02\/cropped-LOGO-1.png","contentUrl":"https:\/\/sff-camara.com\/wp-content\/uploads\/2023\/02\/cropped-LOGO-1.png","width":586,"height":222,"caption":"Spanish Financial Forum in Luxembourg"},"image":{"@id":"https:\/\/sff-camara.com\/#\/schema\/logo\/image\/"},"sameAs":["https:\/\/www.linkedin.com\/company\/camara-oficial-de-comercio-de-espana-en-belgica-y-luxemburgo\/"]},{"@type":"Person","@id":"https:\/\/sff-camara.com\/#\/schema\/person\/4adb1bc18ccd0824990c909ad888ece9","name":"SFF","url":"https:\/\/sff-camara.com\/es\/author\/planinluxadmin\/"}]}},"_links":{"self":[{"href":"https:\/\/sff-camara.com\/es\/wp-json\/wp\/v2\/posts\/5420","targetHints":{"allow":["GET"]}}],"collection":[{"href":"https:\/\/sff-camara.com\/es\/wp-json\/wp\/v2\/posts"}],"about":[{"href":"https:\/\/sff-camara.com\/es\/wp-json\/wp\/v2\/types\/post"}],"author":[{"embeddable":true,"href":"https:\/\/sff-camara.com\/es\/wp-json\/wp\/v2\/users\/2"}],"replies":[{"embeddable":true,"href":"https:\/\/sff-camara.com\/es\/wp-json\/wp\/v2\/comments?post=5420"}],"version-history":[{"count":1,"href":"https:\/\/sff-camara.com\/es\/wp-json\/wp\/v2\/posts\/5420\/revisions"}],"predecessor-version":[{"id":5421,"href":"https:\/\/sff-camara.com\/es\/wp-json\/wp\/v2\/posts\/5420\/revisions\/5421"}],"wp:featuredmedia":[{"embeddable":true,"href":"https:\/\/sff-camara.com\/es\/wp-json\/wp\/v2\/media\/4184"}],"wp:attachment":[{"href":"https:\/\/sff-camara.com\/es\/wp-json\/wp\/v2\/media?parent=5420"}],"wp:term":[{"taxonomy":"category","embeddable":true,"href":"https:\/\/sff-camara.com\/es\/wp-json\/wp\/v2\/categories?post=5420"},{"taxonomy":"post_tag","embeddable":true,"href":"https:\/\/sff-camara.com\/es\/wp-json\/wp\/v2\/tags?post=5420"}],"curies":[{"name":"wp","href":"https:\/\/api.w.org\/{rel}","templated":true}]}}