{"id":19163,"date":"2026-03-17T06:20:23","date_gmt":"2026-03-17T06:20:23","guid":{"rendered":"https:\/\/sff-camara.com\/?p=19163"},"modified":"2026-03-17T08:49:39","modified_gmt":"2026-03-17T08:49:39","slug":"el-nuevo-rol-del-consejero-independiente-de-supervisor-de-riesgos-a-guardian-del-valor-del-inversor","status":"publish","type":"post","link":"https:\/\/sff-camara.com\/es\/sff-magazine-marzo-2026\/el-nuevo-rol-del-consejero-independiente-de-supervisor-de-riesgos-a-guardian-del-valor-del-inversor\/","title":{"rendered":"El nuevo rol del consejero independiente, de supervisor de riesgos a guardi\u00e1n del valor del inversor"},"content":{"rendered":"\t\t<div data-elementor-type=\"wp-post\" data-elementor-id=\"19163\" class=\"elementor elementor-19163 elementor-19162\">\n\t\t\t\t\t\t<section class=\" elementor-section elementor-top-section elementor-element elementor-element-f377bdd elementor-section-boxed elementor-section-height-default elementor-section-height-default\" data-id=\"f377bdd\" data-element_type=\"section\" data-e-type=\"section\">\r\n\t\t\t\t\t\t\t\t<div class=\"elementor-container elementor-column-gap-default\">\r\n\t\t\t\t\r\n\t\t\t\t\t\t\t\t<div class=\" elementor-column elementor-col-100 elementor-top-column elementor-element elementor-element-26c6730c \" data-id=\"26c6730c\" data-element_type=\"column\" data-e-type=\"column\">\r\n\r\n\t\t\t\t\r\n\t\t\t\t<div class=\"elementor-widget-wrap elementor-element-populated\">\r\n\t\t\t\t\t\t\t\t\t\t\r\n\t\t\t\t\t\t<div class=\"elementor-element elementor-element-7ba72526 elementor-widget elementor-widget-heading\" data-id=\"7ba72526\" data-element_type=\"widget\" data-e-type=\"widget\" data-widget_type=\"heading.default\">\n\t\t\t\t<div class=\"elementor-widget-container\">\n\t\t\t\t\t<h3 class=\"elementor-heading-title elementor-size-default\">El nuevo rol del consejero independiente, de supervisor de riesgos a guardi\u00e1n del valor del inversor<\/h3>\t\t\t\t<\/div>\n\t\t\t\t<\/div>\n\t\t\t\t<div class=\"elementor-element elementor-element-22afa2a4 elementor-widget elementor-widget-spacer\" data-id=\"22afa2a4\" data-element_type=\"widget\" data-e-type=\"widget\" data-widget_type=\"spacer.default\">\n\t\t\t\t<div class=\"elementor-widget-container\">\n\t\t\t\t\t\t\t<div class=\"elementor-spacer\">\n\t\t\t<div class=\"elementor-spacer-inner\"><\/div>\n\t\t<\/div>\n\t\t\t\t\t\t<\/div>\n\t\t\t\t<\/div>\n\t\t\t\t<div class=\"elementor-element elementor-element-4f1fdaa8 elementor-widget elementor-widget-text-editor\" data-id=\"4f1fdaa8\" data-element_type=\"widget\" data-e-type=\"widget\" data-widget_type=\"text-editor.default\">\n\t\t\t\t<div class=\"elementor-widget-container\">\n\t\t\t\t\t\t\t\t\t<a href=\"https:\/\/sff-camara.com\/category\/sff-magazine-march-2026\/\" rel=\"tag\">SFF Magazine March 2026<\/a>\t\t\t\t\t\t\t\t<\/div>\n\t\t\t\t<\/div>\n\t\t\t\t<div class=\"elementor-element elementor-element-31767f27 elementor-widget elementor-widget-spacer\" data-id=\"31767f27\" data-element_type=\"widget\" data-e-type=\"widget\" data-widget_type=\"spacer.default\">\n\t\t\t\t<div class=\"elementor-widget-container\">\n\t\t\t\t\t\t\t<div class=\"elementor-spacer\">\n\t\t\t<div class=\"elementor-spacer-inner\"><\/div>\n\t\t<\/div>\n\t\t\t\t\t\t<\/div>\n\t\t\t\t<\/div>\n\t\t\t\t<div class=\"elementor-element elementor-element-4070c3d elementor-widget elementor-widget-image\" data-id=\"4070c3d\" data-element_type=\"widget\" data-e-type=\"widget\" data-widget_type=\"image.default\">\n\t\t\t\t<div class=\"elementor-widget-container\">\n\t\t\t\t\t\t\t\t\t\t\t\t\t\t\t\t<a href=\"https:\/\/www.dividendrefund.com\/en\" target=\"_blank\">\n\t\t\t\t\t\t\t<img decoding=\"async\" width=\"300\" height=\"101\" src=\"https:\/\/sff-camara.com\/wp-content\/uploads\/2025\/07\/6686b335af75cd1691acb409_logo-1-300x101.png\" class=\"attachment-medium size-medium wp-image-17405\" alt=\"\" \/>\t\t\t\t\t\t\t\t<\/a>\n\t\t\t\t\t\t\t\t\t\t\t\t\t\t\t<\/div>\n\t\t\t\t<\/div>\n\t\t\t\t<div class=\"elementor-element elementor-element-8676ac4 elementor-widget elementor-widget-spacer\" data-id=\"8676ac4\" data-element_type=\"widget\" data-e-type=\"widget\" data-widget_type=\"spacer.default\">\n\t\t\t\t<div class=\"elementor-widget-container\">\n\t\t\t\t\t\t\t<div class=\"elementor-spacer\">\n\t\t\t<div class=\"elementor-spacer-inner\"><\/div>\n\t\t<\/div>\n\t\t\t\t\t\t<\/div>\n\t\t\t\t<\/div>\n\t\t\t\t<div class=\"elementor-element elementor-element-3eef0661 elementor-widget elementor-widget-text-editor\" data-id=\"3eef0661\" data-element_type=\"widget\" data-e-type=\"widget\" data-widget_type=\"text-editor.default\">\n\t\t\t\t<div class=\"elementor-widget-container\">\n\t\t\t\t\t\t\t\t\tTem\u00e1ticas: <a href=\"https:\/\/sff-camara.com\/es\/temticas\/consejero-independiente\/\" rel=\"tag\">Consejero Independiente<\/a>, <a href=\"https:\/\/sff-camara.com\/es\/temticas\/gobernanza\/\" rel=\"tag\">Gobernanza<\/a>\t\t\t\t\t\t\t\t<\/div>\n\t\t\t\t<\/div>\n\t\t\t\t\t\t<\/div>\r\n\t\t\t\t<\/div>\r\n\t\t\t\t\t\t\t\t<\/div>\r\n\t\t\t<\/section>\r\n\t\t\t\t\t<section class=\" elementor-section elementor-top-section elementor-element elementor-element-9043538 elementor-section-boxed elementor-section-height-default elementor-section-height-default\" data-id=\"9043538\" data-element_type=\"section\" data-e-type=\"section\">\r\n\t\t\t\t\t\t\t\t<div class=\"elementor-container elementor-column-gap-default\">\r\n\t\t\t\t\r\n\t\t\t\t\t\t\t\t<div class=\" elementor-column elementor-col-100 elementor-top-column elementor-element elementor-element-90a932e \" data-id=\"90a932e\" data-element_type=\"column\" data-e-type=\"column\">\r\n\r\n\t\t\t\t\r\n\t\t\t\t<div class=\"elementor-widget-wrap elementor-element-populated\">\r\n\t\t\t\t\t\t\t\t\t\t\r\n\t\t\t\t\t\t<div class=\"elementor-element elementor-element-8eb7608 elementor-widget elementor-widget-text-editor\" data-id=\"8eb7608\" data-element_type=\"widget\" data-e-type=\"widget\" data-widget_type=\"text-editor.default\">\n\t\t\t\t<div class=\"elementor-widget-container\">\n\t\t\t\t\t\t\t\t\t<blockquote><p style=\"font-weight: 400;\">Durante d\u00e9cadas, la gobernanza de los fondos de inversi\u00f3n se ha entendido principalmente como un sistema de control centrado en la supervisi\u00f3n de riesgos, el cumplimiento normativo y la verificaci\u00f3n de procesos. Sin embargo, el refuerzo regulatorio de la industria europea est\u00e1 ampliando progresivamente esta visi\u00f3n. <\/p><p style=\"font-weight: 400;\">En este nuevo contexto, el papel del consejero independiente adquiere una dimensi\u00f3n cada vez m\u00e1s estrat\u00e9gica. Especialmente en jurisdicciones como Luxemburgo, uno de los principales centros globales de la industria de fondos, su funci\u00f3n se extiende cada vez m\u00e1s hacia la protecci\u00f3n efectiva del valor de las inversiones. <\/p><p style=\"font-weight: 400;\">Entre los \u00e1mbitos donde este cambio resulta m\u00e1s visible se encuentra uno que durante a\u00f1os ha permanecido en un segundo plano dentro de la agenda de gobernanza: <strong>la eficiencia fiscal de las inversiones internacionales.<\/strong><\/p><\/blockquote>\t\t\t\t\t\t\t\t<\/div>\n\t\t\t\t<\/div>\n\t\t\t\t<div class=\"elementor-element elementor-element-b7d3efa elementor-widget elementor-widget-text-editor\" data-id=\"b7d3efa\" data-element_type=\"widget\" data-e-type=\"widget\" data-widget_type=\"text-editor.default\">\n\t\t\t\t<div class=\"elementor-widget-container\">\n\t\t\t\t\t\t\t\t\t<h5 style=\"font-weight: 400;\"><strong>Luxemburgo y la nueva arquitectura de gobernanza<\/strong><\/h5><p style=\"font-weight: 400;\">Luxemburgo se ha consolidado como una de las jurisdicciones m\u00e1s influyentes a nivel internacional para la estructuraci\u00f3n y administraci\u00f3n de fondos de inversi\u00f3n. Su ecosistema, compuesto por gestoras, depositarios, administradores de fondos, asesores legales y fiscales altamente especializados, ha permitido desarrollar una arquitectura operativa robusta y altamente regulada. <\/p><p style=\"font-weight: 400;\">En este modelo, el consejo de administraci\u00f3n constituye el \u00f3rgano m\u00e1ximo de supervisi\u00f3n del veh\u00edculo de inversi\u00f3n. Y dentro de ese consejo, el consejero independiente desempe\u00f1a un papel particularmente relevante, ya que aporta una visi\u00f3n externa, libre de conflictos de inter\u00e9s y orientada a garantizar que las decisiones adoptadas respondan realmente al inter\u00e9s del inversor. A medida que la industria se vuelve m\u00e1s sofisticada y el marco regulatorio m\u00e1s exigente, esa funci\u00f3n de supervisi\u00f3n se ampl\u00eda. Ya no se trata \u00fanicamente de comprobar que los procesos existen, sino de evaluar si esos procesos est\u00e1n dise\u00f1ados para proteger de forma efectiva el valor de las inversiones.   <\/p>\t\t\t\t\t\t\t\t<\/div>\n\t\t\t\t<\/div>\n\t\t\t\t\t\t<\/div>\r\n\t\t\t\t<\/div>\r\n\t\t\t\t\t\t\t\t<\/div>\r\n\t\t\t<\/section>\r\n\t\t\t\t\t<section class=\" elementor-section elementor-top-section elementor-element elementor-element-7ee99b5 elementor-section-boxed elementor-section-height-default elementor-section-height-default\" data-id=\"7ee99b5\" data-element_type=\"section\" data-e-type=\"section\">\r\n\t\t\t\t\t\t\t\t<div class=\"elementor-container elementor-column-gap-default\">\r\n\t\t\t\t\r\n\t\t\t\t\t\t\t\t<div class=\" elementor-column elementor-col-100 elementor-top-column elementor-element elementor-element-ae18265 \" data-id=\"ae18265\" data-element_type=\"column\" data-e-type=\"column\">\r\n\r\n\t\t\t\t\r\n\t\t\t\t<div class=\"elementor-widget-wrap elementor-element-populated\">\r\n\t\t\t\t\t\t\t\t\t\t\r\n\t\t\t\t\t\t<div class=\"elementor-element elementor-element-79e0af6 elementor-widget elementor-widget-text-editor\" data-id=\"79e0af6\" data-element_type=\"widget\" data-e-type=\"widget\" data-widget_type=\"text-editor.default\">\n\t\t\t\t<div class=\"elementor-widget-container\">\n\t\t\t\t\t\t\t\t\t<blockquote><h5>\u00abEn este modelo, el consejo de administraci\u00f3n constituye el \u00f3rgano m\u00e1ximo de supervisi\u00f3n del veh\u00edculo de inversi\u00f3n. Y dentro de ese consejo, el consejero independiente desempe\u00f1a un papel particularmente relevante, ya que aporta una visi\u00f3n externa, libre de conflictos de inter\u00e9s y orientada a garantizar que las decisiones adoptadas respondan realmente al inter\u00e9s del inversor.\u00bb<\/h5><\/blockquote>\t\t\t\t\t\t\t\t<\/div>\n\t\t\t\t<\/div>\n\t\t\t\t\t\t<\/div>\r\n\t\t\t\t<\/div>\r\n\t\t\t\t\t\t\t\t<\/div>\r\n\t\t\t<\/section>\r\n\t\t\t\t\t<section class=\" elementor-section elementor-top-section elementor-element elementor-element-42c1dc7 elementor-section-boxed elementor-section-height-default elementor-section-height-default\" data-id=\"42c1dc7\" data-element_type=\"section\" data-e-type=\"section\">\r\n\t\t\t\t\t\t\t\t<div class=\"elementor-container elementor-column-gap-default\">\r\n\t\t\t\t\r\n\t\t\t\t\t\t\t\t<div class=\" elementor-column elementor-col-100 elementor-top-column elementor-element elementor-element-43fc6b0 \" data-id=\"43fc6b0\" data-element_type=\"column\" data-e-type=\"column\">\r\n\r\n\t\t\t\t\r\n\t\t\t\t<div class=\"elementor-widget-wrap elementor-element-populated\">\r\n\t\t\t\t\t\t\t\t\t\t\r\n\t\t\t\t\t\t<div class=\"elementor-element elementor-element-e722d15 elementor-widget elementor-widget-text-editor\" data-id=\"e722d15\" data-element_type=\"widget\" data-e-type=\"widget\" data-widget_type=\"text-editor.default\">\n\t\t\t\t<div class=\"elementor-widget-container\">\n\t\t\t\t\t\t\t\t\t<h5 style=\"font-weight: 400;\"><strong>La fiscalidad entra en la agenda estrat\u00e9gica de la gobernanza<\/strong><\/h5><p style=\"font-weight: 400;\">Uno de los \u00e1mbitos donde esta evoluci\u00f3n resulta m\u00e1s visible es la fiscalidad de las inversiones internacionales. Los fondos europeos mantienen habitualmente carteras diversificadas con exposici\u00f3n a m\u00faltiples mercados. Cuando las compa\u00f1\u00edas participadas distribuyen dividendos o cupones, es frecuente que se practiquen retenciones fiscales en origen que superan los niveles previstos en los convenios de doble imposici\u00f3n o en la normativa comunitaria. Aunque estas retenciones pueden recuperarse mediante procedimientos de reclamaci\u00f3n, la complejidad administrativa, los largos plazos de tramitaci\u00f3n y la falta de procesos sistematizados han provocado que una parte significativa de esos importes nunca llegue a recuperarse. El resultado es una p\u00e9rdida directa de rentabilidad para el inversor final.   <\/p><p style=\"font-weight: 400;\">Consciente de esta ineficiencia estructural, la Uni\u00f3n Europea est\u00e1 avanzando en un nuevo marco regulatorio destinado a simplificar estos procesos. La futura normativa FASTER (Faster and Safer Relief of Excess Withholding Taxes) pretende precisamente agilizar la recuperaci\u00f3n de retenciones fiscales sobre dividendos y reducir las cargas administrativas que hist\u00f3ricamente han dificultado estas reclamaciones. <\/p><p style=\"font-weight: 400;\">Al mismo tiempo, en carteras con exposici\u00f3n global empiezan a surgir tambi\u00e9n nuevas oportunidades de recuperaci\u00f3n fiscal fuera del \u00e1mbito europeo. En el caso de las inversiones en Estados Unidos, determinados mecanismos como UFLI (Unjust Foreign Levy Income) permiten, en circunstancias espec\u00edficas, recuperar importes asociados a dividendos que durante a\u00f1os se consideraron irrecuperables. <\/p><p style=\"font-weight: 400;\">Estos desarrollos reflejan una tendencia clara. La fiscalidad de las inversiones transfronterizas deja de ser una cuesti\u00f3n puramente t\u00e9cnica para convertirse en un elemento relevante dentro de la arquitectura de gobernanza de los fondos.<\/p>\t\t\t\t\t\t\t\t<\/div>\n\t\t\t\t<\/div>\n\t\t\t\t\t\t<\/div>\r\n\t\t\t\t<\/div>\r\n\t\t\t\t\t\t\t\t<\/div>\r\n\t\t\t<\/section>\r\n\t\t\t\t\t<section class=\" elementor-section elementor-top-section elementor-element elementor-element-3ac8ece elementor-section-boxed elementor-section-height-default elementor-section-height-default\" data-id=\"3ac8ece\" data-element_type=\"section\" data-e-type=\"section\">\r\n\t\t\t\t\t\t\t\t<div class=\"elementor-container elementor-column-gap-default\">\r\n\t\t\t\t\r\n\t\t\t\t\t\t\t\t<div class=\" elementor-column elementor-col-50 elementor-top-column elementor-element elementor-element-5f3f2ef \" data-id=\"5f3f2ef\" data-element_type=\"column\" data-e-type=\"column\">\r\n\r\n\t\t\t\t\r\n\t\t\t\t<div class=\"elementor-widget-wrap elementor-element-populated\">\r\n\t\t\t\t\t\t\t\t\t\t\r\n\t\t\t\t\t\t<div class=\"elementor-element elementor-element-d1ff977 elementor-widget elementor-widget-text-editor\" data-id=\"d1ff977\" data-element_type=\"widget\" data-e-type=\"widget\" data-widget_type=\"text-editor.default\">\n\t\t\t\t<div class=\"elementor-widget-container\">\n\t\t\t\t\t\t\t\t\t<h5 style=\"font-weight: 400;\"><strong>El consejero independiente como garante del inter\u00e9s econ\u00f3mico del inversor<\/strong><\/h5><p style=\"font-weight: 400;\">En este nuevo escenario, el consejero independiente ocupa una posici\u00f3n especialmente relevante. Su responsabilidad fiduciaria le lleva a plantear cuestiones que van m\u00e1s all\u00e1 del cumplimiento formal de la normativa, entre ellas si el fondo dispone de procesos eficaces para identificar retenciones recuperables, si se est\u00e1n utilizando los mecanismos disponibles en cada jurisdicci\u00f3n o si se est\u00e1 protegiendo plenamente el inter\u00e9s econ\u00f3mico de los part\u00edcipes. <\/p><p style=\"font-weight: 400;\">En carteras con exposici\u00f3n internacional significativa, las retenciones fiscales no recuperadas pueden representar decenas de puntos b\u00e1sicos anuales de rentabilidad perdida. A lo largo del tiempo, ese impacto acumulado puede resultar material para los part\u00edcipes. Garantizar que estas ineficiencias se identifican y se corrigen forma parte, cada vez m\u00e1s, del per\u00edmetro de responsabilidad de los \u00f3rganos de supervisi\u00f3n. <\/p>\t\t\t\t\t\t\t\t<\/div>\n\t\t\t\t<\/div>\n\t\t\t\t\t\t<\/div>\r\n\t\t\t\t<\/div>\r\n\t\t\t\t\t\t\t\t\t<div class=\" elementor-column elementor-col-50 elementor-top-column elementor-element elementor-element-b842ce4 \" data-id=\"b842ce4\" data-element_type=\"column\" data-e-type=\"column\">\r\n\r\n\t\t\t\t\r\n\t\t\t\t<div class=\"elementor-widget-wrap elementor-element-populated\">\r\n\t\t\t\t\t\t\t\t\t\t\r\n\t\t\t\t\t\t<div class=\"elementor-element elementor-element-851d996 elementor-widget elementor-widget-image\" data-id=\"851d996\" data-element_type=\"widget\" data-e-type=\"widget\" data-widget_type=\"image.default\">\n\t\t\t\t<div class=\"elementor-widget-container\">\n\t\t\t\t\t\t\t\t\t\t\t\t\t\t\t<img fetchpriority=\"high\" decoding=\"async\" width=\"1024\" height=\"574\" src=\"https:\/\/sff-camara.com\/wp-content\/uploads\/2026\/03\/Dividend-Refund-Image-March-2026-1024x574.jpeg\" class=\"attachment-large size-large wp-image-19170\" alt=\"\" srcset=\"https:\/\/sff-camara.com\/wp-content\/uploads\/2026\/03\/Dividend-Refund-Image-March-2026-1024x574.jpeg 1024w, https:\/\/sff-camara.com\/wp-content\/uploads\/2026\/03\/Dividend-Refund-Image-March-2026-768x430.jpeg 768w\" sizes=\"(max-width: 1024px) 100vw, 1024px\" \/>\t\t\t\t\t\t\t\t\t\t\t\t\t\t\t<\/div>\n\t\t\t\t<\/div>\n\t\t\t\t\t\t<\/div>\r\n\t\t\t\t<\/div>\r\n\t\t\t\t\t\t\t\t<\/div>\r\n\t\t\t<\/section>\r\n\t\t\t\t\t<section class=\" elementor-section elementor-top-section elementor-element elementor-element-d23dfa2 elementor-section-boxed elementor-section-height-default elementor-section-height-default\" data-id=\"d23dfa2\" data-element_type=\"section\" data-e-type=\"section\">\r\n\t\t\t\t\t\t\t\t<div class=\"elementor-container elementor-column-gap-default\">\r\n\t\t\t\t\r\n\t\t\t\t\t\t\t\t<div class=\" elementor-column elementor-col-100 elementor-top-column elementor-element elementor-element-a5aa89c \" data-id=\"a5aa89c\" data-element_type=\"column\" data-e-type=\"column\">\r\n\r\n\t\t\t\t\r\n\t\t\t\t<div class=\"elementor-widget-wrap elementor-element-populated\">\r\n\t\t\t\t\t\t\t\t\t\t\r\n\t\t\t\t\t\t<div class=\"elementor-element elementor-element-b378c9b elementor-widget elementor-widget-text-editor\" data-id=\"b378c9b\" data-element_type=\"widget\" data-e-type=\"widget\" data-widget_type=\"text-editor.default\">\n\t\t\t\t<div class=\"elementor-widget-container\">\n\t\t\t\t\t\t\t\t\t<h5 style=\"font-weight: 400;\"><strong>Un rol que evoluciona con la industria<\/strong><\/h5><p style=\"font-weight: 400;\">La industria europea de fondos continuar\u00e1 transform\u00e1ndose bajo la presi\u00f3n combinada de nuevas exigencias regulatorias, una mayor demanda de transparencia por parte de los inversores y el desarrollo de soluciones tecnol\u00f3gicas capaces de optimizar tareas de gesti\u00f3n y control especialmente complejas. En ese contexto, el papel del consejero independiente seguir\u00e1 ganando alcance y relevancia dentro de la gobernanza de los veh\u00edculos de inversi\u00f3n. M\u00e1s all\u00e1 de la supervisi\u00f3n tradicional de riesgos y cumplimiento, su funci\u00f3n se orienta cada vez m\u00e1s hacia garantizar que las estructuras y mecanismos operativos est\u00e9n dise\u00f1ados para proteger plenamente los intereses de los inversores.  <\/p><p style=\"font-weight: 400;\">Luxemburgo, como uno de los grandes centros internacionales de la gesti\u00f3n de activos, se ha convertido en el laboratorio m\u00e1s visible de esta evoluci\u00f3n. En una industria donde cada punto b\u00e1sico cuenta, la buena gobernanza no consiste \u00fanicamente en cumplir las normas; implica tambi\u00e9n evitar que ineficiencias operativas o fiscales erosionen el valor de las inversiones. <\/p>\t\t\t\t\t\t\t\t<\/div>\n\t\t\t\t<\/div>\n\t\t\t\t<div class=\"elementor-element elementor-element-24ecaa5 elementor-widget-divider--view-line elementor-widget elementor-widget-divider\" data-id=\"24ecaa5\" data-element_type=\"widget\" data-e-type=\"widget\" data-widget_type=\"divider.default\">\n\t\t\t\t<div class=\"elementor-widget-container\">\n\t\t\t\t\t\t\t<div class=\"elementor-divider\">\n\t\t\t<span class=\"elementor-divider-separator\">\n\t\t\t\t\t\t<\/span>\n\t\t<\/div>\n\t\t\t\t\t\t<\/div>\n\t\t\t\t<\/div>\n\t\t\t\t<div class=\"elementor-element elementor-element-c161d93 elementor-widget elementor-widget-text-editor\" data-id=\"c161d93\" data-element_type=\"widget\" data-e-type=\"widget\" data-widget_type=\"text-editor.default\">\n\t\t\t\t<div class=\"elementor-widget-container\">\n\t\t\t\t\t\t\t\t\t<p style=\"font-weight: 400;\"><strong>Sobre Dividend Refund<\/strong><\/p><p style=\"font-weight: 400;\">Fundada en 2011 por un s\u00f3lido equipo de fiscalistas y t\u00e9cnicos, Dividend Refund es una empresa espa\u00f1ola especializada en la gesti\u00f3n de devoluciones fiscales internacionales para fondos de inversi\u00f3n y de pensiones, sicavs y otros veh\u00edculos financieros. Con una experiencia consolidada en el sector, la compa\u00f1\u00eda se especializa en procesos de recuperaci\u00f3n de doble retenci\u00f3n internacional de dividendos y cupones, en 25 pa\u00edses de los cinco continentes, basados en los complejos mecanismos de regulaci\u00f3n fiscal internacional establecidos por el Tribunal de Justicia de la Uni\u00f3n Europea (TJUE) y las recuperaciones indirectas UFLI para IICs espa\u00f1olas que invierten en renta variable estadounidense a trav\u00e9s de fondos luxemburgueses o irlandeses. Su enfoque combina tecnolog\u00eda avanzada y conocimiento experto para garantizar a sus clientes una gesti\u00f3n eficiente, segura y orientada a resultados, maximizando la recuperaci\u00f3n de retenciones fiscales sobre dividendos internacionales. Cuenta con certificaciones ISO: 9001, 14001, 22301, 27001 y 27701.    <\/p><p style=\"font-weight: 400;\">Dividend Refund ofrece sus servicios a custodios, gestoras de Instituciones de Inversi\u00f3n Colectiva (IIC), bancas privadas, family offices, asesores fiscales y clientes particulares.<\/p><p style=\"font-weight: 400;\">A lo largo de estos primeros 15 a\u00f1os, el equipo de expertos fiscales, financieros, legales y tecnol\u00f3gicos dedicados a conocer a fondo la regulaci\u00f3n y a aplicar la f\u00f3rmula m\u00e1s favorable para el inversor con las herramientas m\u00e1s avanzadas, ha gestionado miles de reclamaciones para clientes institucionales y particulares.<\/p><p style=\"font-weight: 400;\">En 2025, Dividend Refund consolida su posici\u00f3n como compa\u00f1\u00eda espa\u00f1ola l\u00edder en el sector de la recuperaci\u00f3n de la doble retenci\u00f3n internacional sobre dividendos para inversores institucionales con el mayor crecimiento de la \u00faltima d\u00e9cada. Un \u00e9xito impulsado por una s\u00f3lida red de relaciones con las administraciones tributarias y despachos legales especializados en diferentes de pa\u00edses, el alto nivel de servicio, una estructura de tarifas competitivas y la ampliaci\u00f3n de su oferta. <\/p>\t\t\t\t\t\t\t\t<\/div>\n\t\t\t\t<\/div>\n\t\t\t\t\t\t<\/div>\r\n\t\t\t\t<\/div>\r\n\t\t\t\t\t\t\t\t<\/div>\r\n\t\t\t<\/section>\r\n\t\t\t\t\t<section class=\" elementor-section elementor-top-section elementor-element elementor-element-5ebeebf7 elementor-section-boxed elementor-section-height-default elementor-section-height-default\" data-id=\"5ebeebf7\" data-element_type=\"section\" data-e-type=\"section\">\r\n\t\t\t\t\t\t\t\t<div class=\"elementor-container elementor-column-gap-default\">\r\n\t\t\t\t\r\n\t\t\t\t\t\t\t\t<div class=\" elementor-column elementor-col-100 elementor-top-column elementor-element elementor-element-7e2df2c4 \" data-id=\"7e2df2c4\" data-element_type=\"column\" data-e-type=\"column\">\r\n\r\n\t\t\t\t\r\n\t\t\t\t<div class=\"elementor-widget-wrap elementor-element-populated\">\r\n\t\t\t\t\t\t\t\t\t\t\r\n\t\t\t\t\t\t<div class=\"elementor-element elementor-element-75bd40ac elementor-widget elementor-widget-spacer\" data-id=\"75bd40ac\" data-element_type=\"widget\" data-e-type=\"widget\" data-widget_type=\"spacer.default\">\n\t\t\t\t<div class=\"elementor-widget-container\">\n\t\t\t\t\t\t\t<div class=\"elementor-spacer\">\n\t\t\t<div class=\"elementor-spacer-inner\"><\/div>\n\t\t<\/div>\n\t\t\t\t\t\t<\/div>\n\t\t\t\t<\/div>\n\t\t\t\t<div class=\"elementor-element elementor-element-7ba6f86d elementor-widget elementor-widget-heading\" data-id=\"7ba6f86d\" data-element_type=\"widget\" data-e-type=\"widget\" data-widget_type=\"heading.default\">\n\t\t\t\t<div class=\"elementor-widget-container\">\n\t\t\t\t\t<h3 class=\"elementor-heading-title elementor-size-default\">Autores<\/h3>\t\t\t\t<\/div>\n\t\t\t\t<\/div>\n\t\t\t\t\t\t<\/div>\r\n\t\t\t\t<\/div>\r\n\t\t\t\t\t\t\t\t<\/div>\r\n\t\t\t<\/section>\r\n\t\t\t\t\t<section class=\" elementor-section elementor-top-section elementor-element elementor-element-5d40e061 elementor-section-boxed elementor-section-height-default elementor-section-height-default\" data-id=\"5d40e061\" data-element_type=\"section\" data-e-type=\"section\">\r\n\t\t\t\t\t\t\t\t<div class=\"elementor-container elementor-column-gap-default\">\r\n\t\t\t\t\r\n\t\t\t\t\t\t\t\t<div class=\" elementor-column elementor-col-33 elementor-top-column elementor-element elementor-element-11dca03c \" data-id=\"11dca03c\" data-element_type=\"column\" data-e-type=\"column\">\r\n\r\n\t\t\t\t\r\n\t\t\t\t<div class=\"elementor-widget-wrap elementor-element-populated\">\r\n\t\t\t\t\t\t\t\t\t\t\r\n\t\t\t\t\t\t<div class=\"elementor-element elementor-element-5365a5a elementor-widget elementor-widget-image\" data-id=\"5365a5a\" data-element_type=\"widget\" data-e-type=\"widget\" data-widget_type=\"image.default\">\n\t\t\t\t<div class=\"elementor-widget-container\">\n\t\t\t\t\t\t\t\t\t\t\t\t\t\t\t<img decoding=\"async\" width=\"800\" height=\"800\" src=\"https:\/\/sff-camara.com\/wp-content\/uploads\/2026\/03\/Antonio-Alonso_Dividend-Refund.jpeg\" class=\"attachment-large size-large wp-image-19175\" alt=\"\" srcset=\"https:\/\/sff-camara.com\/wp-content\/uploads\/2026\/03\/Antonio-Alonso_Dividend-Refund.jpeg 800w, https:\/\/sff-camara.com\/wp-content\/uploads\/2026\/03\/Antonio-Alonso_Dividend-Refund-768x768.jpeg 768w\" sizes=\"(max-width: 800px) 100vw, 800px\" \/>\t\t\t\t\t\t\t\t\t\t\t\t\t\t\t<\/div>\n\t\t\t\t<\/div>\n\t\t\t\t<div class=\"elementor-element elementor-element-dd2ad97 elementor-widget elementor-widget-spacer\" data-id=\"dd2ad97\" data-element_type=\"widget\" data-e-type=\"widget\" data-widget_type=\"spacer.default\">\n\t\t\t\t<div class=\"elementor-widget-container\">\n\t\t\t\t\t\t\t<div class=\"elementor-spacer\">\n\t\t\t<div class=\"elementor-spacer-inner\"><\/div>\n\t\t<\/div>\n\t\t\t\t\t\t<\/div>\n\t\t\t\t<\/div>\n\t\t\t\t<div class=\"elementor-element elementor-element-13f6f24 elementor-widget elementor-widget-heading\" data-id=\"13f6f24\" data-element_type=\"widget\" data-e-type=\"widget\" data-widget_type=\"heading.default\">\n\t\t\t\t<div class=\"elementor-widget-container\">\n\t\t\t\t\t<h4 class=\"elementor-heading-title elementor-size-default\">Antonio Alonso<\/h4>\t\t\t\t<\/div>\n\t\t\t\t<\/div>\n\t\t\t\t<div class=\"elementor-element elementor-element-a1a3ada elementor-widget elementor-widget-spacer\" data-id=\"a1a3ada\" data-element_type=\"widget\" data-e-type=\"widget\" data-widget_type=\"spacer.default\">\n\t\t\t\t<div class=\"elementor-widget-container\">\n\t\t\t\t\t\t\t<div class=\"elementor-spacer\">\n\t\t\t<div class=\"elementor-spacer-inner\"><\/div>\n\t\t<\/div>\n\t\t\t\t\t\t<\/div>\n\t\t\t\t<\/div>\n\t\t\t\t<div class=\"elementor-element elementor-element-81458cf elementor-widget elementor-widget-heading\" data-id=\"81458cf\" data-element_type=\"widget\" data-e-type=\"widget\" data-widget_type=\"heading.default\">\n\t\t\t\t<div class=\"elementor-widget-container\">\n\t\t\t\t\t<h6 class=\"elementor-heading-title elementor-size-default\">Withholding Tax Recovery Specialist<\/h6>\t\t\t\t<\/div>\n\t\t\t\t<\/div>\n\t\t\t\t<div class=\"elementor-element elementor-element-cf5d7a5 elementor-widget elementor-widget-heading\" data-id=\"cf5d7a5\" data-element_type=\"widget\" data-e-type=\"widget\" data-widget_type=\"heading.default\">\n\t\t\t\t<div class=\"elementor-widget-container\">\n\t\t\t\t\t<h6 class=\"elementor-heading-title elementor-size-default\">Dividend Refund<\/h6>\t\t\t\t<\/div>\n\t\t\t\t<\/div>\n\t\t\t\t\t\t<\/div>\r\n\t\t\t\t<\/div>\r\n\t\t\t\t\t\t\t\t\t<div class=\" elementor-column elementor-col-33 elementor-top-column elementor-element elementor-element-4aa7816 elementor-hidden-tablet elementor-hidden-mobile \" data-id=\"4aa7816\" data-element_type=\"column\" data-e-type=\"column\">\r\n\r\n\t\t\t\t\r\n\t\t\t\t<div class=\"elementor-widget-wrap elementor-element-populated\">\r\n\t\t\t\t\t\t\t\t\t\t\r\n\t\t\t\t\t\t<div class=\"elementor-element elementor-element-09b5dd0 elementor-widget elementor-widget-spacer\" data-id=\"09b5dd0\" data-element_type=\"widget\" data-e-type=\"widget\" data-widget_type=\"spacer.default\">\n\t\t\t\t<div class=\"elementor-widget-container\">\n\t\t\t\t\t\t\t<div class=\"elementor-spacer\">\n\t\t\t<div class=\"elementor-spacer-inner\"><\/div>\n\t\t<\/div>\n\t\t\t\t\t\t<\/div>\n\t\t\t\t<\/div>\n\t\t\t\t\t\t<\/div>\r\n\t\t\t\t<\/div>\r\n\t\t\t\t\t\t\t\t\t<div class=\" elementor-column elementor-col-33 elementor-top-column elementor-element elementor-element-b4c65d7 elementor-hidden-tablet elementor-hidden-mobile \" data-id=\"b4c65d7\" data-element_type=\"column\" data-e-type=\"column\">\r\n\r\n\t\t\t\t\r\n\t\t\t\t<div class=\"elementor-widget-wrap elementor-element-populated\">\r\n\t\t\t\t\t\t\t\t\t\t\r\n\t\t\t\t\t\t<div class=\"elementor-element elementor-element-5ff95b6 elementor-widget elementor-widget-spacer\" data-id=\"5ff95b6\" data-element_type=\"widget\" data-e-type=\"widget\" data-widget_type=\"spacer.default\">\n\t\t\t\t<div class=\"elementor-widget-container\">\n\t\t\t\t\t\t\t<div class=\"elementor-spacer\">\n\t\t\t<div class=\"elementor-spacer-inner\"><\/div>\n\t\t<\/div>\n\t\t\t\t\t\t<\/div>\n\t\t\t\t<\/div>\n\t\t\t\t\t\t<\/div>\r\n\t\t\t\t<\/div>\r\n\t\t\t\t\t\t\t\t<\/div>\r\n\t\t\t<\/section>\r\n\t\t\t\t\t<section class=\" elementor-section elementor-top-section elementor-element elementor-element-25165ff4 elementor-section-boxed elementor-section-height-default elementor-section-height-default\" data-id=\"25165ff4\" data-element_type=\"section\" data-e-type=\"section\">\r\n\t\t\t\t\t\t\t\t<div class=\"elementor-container elementor-column-gap-default\">\r\n\t\t\t\t\r\n\t\t\t\t\t\t\t\t<div class=\" elementor-column elementor-col-100 elementor-top-column elementor-element elementor-element-40958f15 \" data-id=\"40958f15\" data-element_type=\"column\" data-e-type=\"column\">\r\n\r\n\t\t\t\t\r\n\t\t\t\t<div class=\"elementor-widget-wrap elementor-element-populated\">\r\n\t\t\t\t\t\t\t\t\t\t\r\n\t\t\t\t\t\t<div class=\"elementor-element elementor-element-7b4b8aad elementor-widget elementor-widget-text-editor\" data-id=\"7b4b8aad\" data-element_type=\"widget\" data-e-type=\"widget\" data-widget_type=\"text-editor.default\">\n\t\t\t\t<div class=\"elementor-widget-container\">\n\t\t\t\t\t\t\t\t\t<h5 style=\"text-align: left;\">Comparta este post<\/h5>\t\t\t\t\t\t\t\t<\/div>\n\t\t\t\t<\/div>\n\t\t\t\t<div class=\"elementor-element elementor-element-6f5dd8f0 elementor-widget elementor-widget-udesign_widget_share\" data-id=\"6f5dd8f0\" data-element_type=\"widget\" data-e-type=\"widget\" data-widget_type=\"udesign_widget_share.default\">\n\t\t\t\t<div class=\"elementor-widget-container\">\n\t\t\t\t\t\r\n<div class=\"social-icons\">\r\n\t<a href=\"https:\/\/www.linkedin.com\/shareArticle?mini=true&#038;url=https:\/\/sff-camara.com\/es\/sff-magazine-marzo-2026\/el-nuevo-rol-del-consejero-independiente-de-supervisor-de-riesgos-a-guardian-del-valor-del-inversor\/&#038;title=El+nuevo+rol+del+consejero+independiente%2C+de+supervisor+de+riesgos+a+guardi%C3%A1n+del+valor+del+inversor\" class=\"social-icon framed social-linkedin\" target=\"_blank\" title=\"linkedin\" rel=\"noopener noreferrer\" aria-label=\"Social Icon\"><i class=\"a-icon-linkedin-in\"><\/i><\/a><a href=\"\" class=\"social-icon framed social-whatsapp\" target=\"_blank\" title=\"whatsapp\" rel=\"noopener noreferrer\" aria-label=\"Social Icon\"><i class=\"a-icon-whatsapp\"><\/i><\/a><a href=\"mailto:?subject=El+nuevo+rol+del+consejero+independiente%2C+de+supervisor+de+riesgos+a+guardi%C3%A1n+del+valor+del+inversor&#038;body=https:\/\/sff-camara.com\/es\/sff-magazine-marzo-2026\/el-nuevo-rol-del-consejero-independiente-de-supervisor-de-riesgos-a-guardian-del-valor-del-inversor\/\" class=\"social-icon framed social-email\" target=\"_blank\" title=\"email\" rel=\"noopener noreferrer\" aria-label=\"Social Icon\"><i class=\"a-icon-envelop5\"><\/i><\/a><a href=\"https:\/\/twitter.com\/intent\/tweet?text=El+nuevo+rol+del+consejero+independiente%2C+de+supervisor+de+riesgos+a+guardi%C3%A1n+del+valor+del+inversor&#038;url=https:\/\/sff-camara.com\/es\/sff-magazine-marzo-2026\/el-nuevo-rol-del-consejero-independiente-de-supervisor-de-riesgos-a-guardian-del-valor-del-inversor\/\" class=\"social-icon framed social-twitter\" target=\"_blank\" title=\"x\" rel=\"noopener noreferrer\" aria-label=\"Social Icon\"><i class=\"a-icon-twitter\"><\/i><\/a><a href=\"https:\/\/www.facebook.com\/sharer.php?u=https:\/\/sff-camara.com\/es\/sff-magazine-marzo-2026\/el-nuevo-rol-del-consejero-independiente-de-supervisor-de-riesgos-a-guardian-del-valor-del-inversor\/\" class=\"social-icon framed social-facebook\" target=\"_blank\" title=\"facebook\" rel=\"noopener noreferrer\" aria-label=\"Social Icon\"><i class=\"a-icon-facebook\"><\/i><\/a><a href=\"https:\/\/plus.google.com\/share?url=https:\/\/sff-camara.com\/es\/sff-magazine-marzo-2026\/el-nuevo-rol-del-consejero-independiente-de-supervisor-de-riesgos-a-guardian-del-valor-del-inversor\/\" class=\"social-icon framed social-google\" target=\"_blank\" title=\"google\" rel=\"noopener noreferrer\" aria-label=\"Social Icon\"><i class=\"a-icon-google\"><\/i><\/a><a href=\"#\" class=\"social-icon framed social-instagram\" target=\"_blank\" title=\"instagram\" rel=\"noopener noreferrer\" aria-label=\"Social Icon\"><i class=\"a-icon-instagram\"><\/i><\/a><\/div>\r\n\r\n\t\t\t\t<\/div>\n\t\t\t\t<\/div>\n\t\t\t\t\t\t<\/div>\r\n\t\t\t\t<\/div>\r\n\t\t\t\t\t\t\t\t<\/div>\r\n\t\t\t<\/section>\r\n\t\t\t\t\t<section class=\" elementor-section elementor-top-section elementor-element elementor-element-1a7dbdb3 elementor-section-boxed elementor-section-height-default elementor-section-height-default\" data-id=\"1a7dbdb3\" data-element_type=\"section\" data-e-type=\"section\">\r\n\t\t\t\t\t\t\t\t<div class=\"elementor-container elementor-column-gap-default\">\r\n\t\t\t\t\r\n\t\t\t\t\t\t\t\t<div class=\" elementor-column elementor-col-100 elementor-top-column elementor-element elementor-element-12009049 \" data-id=\"12009049\" data-element_type=\"column\" data-e-type=\"column\">\r\n\r\n\t\t\t\t\r\n\t\t\t\t<div class=\"elementor-widget-wrap elementor-element-populated\">\r\n\t\t\t\t\t\t\t\t\t\t\r\n\t\t\t\t\t\t<div class=\"elementor-element elementor-element-5049afac elementor-widget-divider--view-line elementor-widget elementor-widget-divider\" data-id=\"5049afac\" data-element_type=\"widget\" data-e-type=\"widget\" data-widget_type=\"divider.default\">\n\t\t\t\t<div class=\"elementor-widget-container\">\n\t\t\t\t\t\t\t<div class=\"elementor-divider\">\n\t\t\t<span class=\"elementor-divider-separator\">\n\t\t\t\t\t\t<\/span>\n\t\t<\/div>\n\t\t\t\t\t\t<\/div>\n\t\t\t\t<\/div>\n\t\t\t\t<section class=\" elementor-section elementor-inner-section elementor-element elementor-element-26e2d7c0 elementor-section-boxed elementor-section-height-default elementor-section-height-default\" data-id=\"26e2d7c0\" data-element_type=\"section\" data-e-type=\"section\">\r\n\t\t\t\t\t\t\t\t<div class=\"elementor-container elementor-column-gap-default\">\r\n\t\t\t\t\r\n\t\t\t\t\t\t\t\t<div class=\" elementor-column elementor-col-50 elementor-inner-column elementor-element elementor-element-2b9db789 \" data-id=\"2b9db789\" data-element_type=\"column\" data-e-type=\"column\">\r\n\r\n\t\t\t\t\r\n\t\t\t\t<div class=\"elementor-widget-wrap elementor-element-populated\">\r\n\t\t\t\t\t\t\t\t\t\t\r\n\t\t\t\t\t\t<div class=\"elementor-element elementor-element-48b70216 elementor-widget elementor-widget-wp-widget-tag_cloud\" data-id=\"48b70216\" data-element_type=\"widget\" data-e-type=\"widget\" data-widget_type=\"wp-widget-tag_cloud.default\">\n\t\t\t\t<div class=\"elementor-widget-container\">\n\t\t\t\t\t<div class=\"widget widget_tag_cloud widget-collapsible\"><h3 class=\"widget-title\">Buscar publicaciones por tem\u00e1ticas<\/h3><div class=\"tagcloud\"><a href=\"https:\/\/sff-camara.com\/es\/temticas\/activos-digitales\/\" class=\"tag-cloud-link tag-link-302 tag-link-position-1\" style=\"font-size: 11.559322033898pt;\" aria-label=\"Activos Digitales (3 elementos)\">Activos Digitales<span class=\"tag-link-count\"> (3)<\/span><\/a>\n<a href=\"https:\/\/sff-camara.com\/es\/temticas\/alternative-investment-es\/\" class=\"tag-cloud-link tag-link-291 tag-link-position-2\" style=\"font-size: 21.050847457627pt;\" aria-label=\"Alternative Investment (24 elementos)\">Alternative Investment<span class=\"tag-link-count\"> (24)<\/span><\/a>\n<a href=\"https:\/\/sff-camara.com\/es\/temticas\/aml-es\/\" class=\"tag-cloud-link tag-link-266 tag-link-position-3\" style=\"font-size: 8pt;\" aria-label=\"AML (1 elemento)\">AML<span class=\"tag-link-count\"> (1)<\/span><\/a>\n<a href=\"https:\/\/sff-camara.com\/es\/temticas\/arte\/\" class=\"tag-cloud-link tag-link-247 tag-link-position-4\" style=\"font-size: 8pt;\" aria-label=\"Arte (1 elemento)\">Arte<span class=\"tag-link-count\"> (1)<\/span><\/a>\n<a href=\"https:\/\/sff-camara.com\/es\/temticas\/asesoramiento\/\" class=\"tag-cloud-link tag-link-211 tag-link-position-5\" style=\"font-size: 15.118644067797pt;\" aria-label=\"Asesoramiento (7 elementos)\">Asesoramiento<span class=\"tag-link-count\"> (7)<\/span><\/a>\n<a href=\"https:\/\/sff-camara.com\/es\/temticas\/asset-management-es\/\" class=\"tag-cloud-link tag-link-213 tag-link-position-6\" style=\"font-size: 22pt;\" aria-label=\"Asset Management (29 elementos)\">Asset Management<span class=\"tag-link-count\"> (29)<\/span><\/a>\n<a href=\"https:\/\/sff-camara.com\/es\/temticas\/banca-digital\/\" class=\"tag-cloud-link tag-link-164 tag-link-position-7\" style=\"font-size: 15.118644067797pt;\" aria-label=\"Banca Digital (7 elementos)\">Banca Digital<span class=\"tag-link-count\"> (7)<\/span><\/a>\n<a href=\"https:\/\/sff-camara.com\/es\/temticas\/banking-es\/\" class=\"tag-cloud-link tag-link-161 tag-link-position-8\" style=\"font-size: 19.389830508475pt;\" aria-label=\"Banking (17 elementos)\">Banking<span class=\"tag-link-count\"> (17)<\/span><\/a>\n<a href=\"https:\/\/sff-camara.com\/es\/temticas\/capital-riesgo\/\" class=\"tag-cloud-link tag-link-170 tag-link-position-9\" style=\"font-size: 12.745762711864pt;\" aria-label=\"Capital Riesgo (4 elementos)\">Capital Riesgo<span class=\"tag-link-count\"> (4)<\/span><\/a>\n<a href=\"https:\/\/sff-camara.com\/es\/temticas\/compliance-es\/\" class=\"tag-cloud-link tag-link-264 tag-link-position-10\" style=\"font-size: 8pt;\" aria-label=\"Compliance (1 elemento)\">Compliance<span class=\"tag-link-count\"> (1)<\/span><\/a>\n<a href=\"https:\/\/sff-camara.com\/es\/temticas\/consejero-independiente\/\" class=\"tag-cloud-link tag-link-290 tag-link-position-11\" style=\"font-size: 14.525423728814pt;\" aria-label=\"Consejero Independiente (6 elementos)\">Consejero Independiente<span class=\"tag-link-count\"> (6)<\/span><\/a>\n<a href=\"https:\/\/sff-camara.com\/es\/temticas\/criptoactivos\/\" class=\"tag-cloud-link tag-link-175 tag-link-position-12\" style=\"font-size: 11.559322033898pt;\" aria-label=\"Criptoactivos (3 elementos)\">Criptoactivos<span class=\"tag-link-count\"> (3)<\/span><\/a>\n<a href=\"https:\/\/sff-camara.com\/es\/temticas\/distribucion-de-fondos\/\" class=\"tag-cloud-link tag-link-173 tag-link-position-13\" style=\"font-size: 20.576271186441pt;\" aria-label=\"Distribuci\u00f3n de fondos (22 elementos)\">Distribuci\u00f3n de fondos<span class=\"tag-link-count\"> (22)<\/span><\/a>\n<a href=\"https:\/\/sff-camara.com\/es\/temticas\/diversidad\/\" class=\"tag-cloud-link tag-link-278 tag-link-position-14\" style=\"font-size: 15.71186440678pt;\" aria-label=\"Diversidad (8 elementos)\">Diversidad<span class=\"tag-link-count\"> (8)<\/span><\/a>\n<a href=\"https:\/\/sff-camara.com\/es\/temticas\/empresas-familiares\/\" class=\"tag-cloud-link tag-link-269 tag-link-position-15\" style=\"font-size: 12.745762711864pt;\" aria-label=\"Empresas Familiares (4 elementos)\">Empresas Familiares<span class=\"tag-link-count\"> (4)<\/span><\/a>\n<a href=\"https:\/\/sff-camara.com\/es\/temticas\/family-offices-es\/\" class=\"tag-cloud-link tag-link-245 tag-link-position-16\" style=\"font-size: 10.135593220339pt;\" aria-label=\"Family Offices (2 elementos)\">Family Offices<span class=\"tag-link-count\"> (2)<\/span><\/a>\n<a href=\"https:\/\/sff-camara.com\/es\/temticas\/finanzas-sostenibles\/\" class=\"tag-cloud-link tag-link-160 tag-link-position-17\" style=\"font-size: 21.050847457627pt;\" aria-label=\"Finanzas Sostenibles (24 elementos)\">Finanzas Sostenibles<span class=\"tag-link-count\"> (24)<\/span><\/a>\n<a href=\"https:\/\/sff-camara.com\/es\/temticas\/fintech-es\/\" class=\"tag-cloud-link tag-link-163 tag-link-position-18\" style=\"font-size: 16.779661016949pt;\" aria-label=\"Fintech (10 elementos)\">Fintech<span class=\"tag-link-count\"> (10)<\/span><\/a>\n<a href=\"https:\/\/sff-camara.com\/es\/temticas\/gestion-patrimonial\/\" class=\"tag-cloud-link tag-link-176 tag-link-position-19\" style=\"font-size: 17.610169491525pt;\" aria-label=\"Gesti\u00f3n Patrimonial (12 elementos)\">Gesti\u00f3n Patrimonial<span class=\"tag-link-count\"> (12)<\/span><\/a>\n<a href=\"https:\/\/sff-camara.com\/es\/temticas\/gobernanza\/\" class=\"tag-cloud-link tag-link-249 tag-link-position-20\" style=\"font-size: 16.305084745763pt;\" aria-label=\"Gobernanza (9 elementos)\">Gobernanza<span class=\"tag-link-count\"> (9)<\/span><\/a>\n<a href=\"https:\/\/sff-camara.com\/es\/temticas\/hr\/\" class=\"tag-cloud-link tag-link-304 tag-link-position-21\" style=\"font-size: 8pt;\" aria-label=\"HR (1 elemento)\">HR<span class=\"tag-link-count\"> (1)<\/span><\/a>\n<a href=\"https:\/\/sff-camara.com\/es\/temticas\/internacionalizacion\/\" class=\"tag-cloud-link tag-link-280 tag-link-position-22\" style=\"font-size: 8pt;\" aria-label=\"Internacionalizaci\u00f3n (1 elemento)\">Internacionalizaci\u00f3n<span class=\"tag-link-count\"> (1)<\/span><\/a>\n<a href=\"https:\/\/sff-camara.com\/es\/temticas\/inversiones-alternativas\/\" class=\"tag-cloud-link tag-link-297 tag-link-position-23\" style=\"font-size: 11.559322033898pt;\" aria-label=\"Inversiones Alternativas (3 elementos)\">Inversiones Alternativas<span class=\"tag-link-count\"> (3)<\/span><\/a>\n<a href=\"https:\/\/sff-camara.com\/es\/temticas\/latam-es\/\" class=\"tag-cloud-link tag-link-167 tag-link-position-24\" style=\"font-size: 16.305084745763pt;\" aria-label=\"LATAM (9 elementos)\">LATAM<span class=\"tag-link-count\"> (9)<\/span><\/a>\n<a href=\"https:\/\/sff-camara.com\/es\/temticas\/legal-es\/\" class=\"tag-cloud-link tag-link-233 tag-link-position-25\" style=\"font-size: 16.779661016949pt;\" aria-label=\"Legal (10 elementos)\">Legal<span class=\"tag-link-count\"> (10)<\/span><\/a>\n<a href=\"https:\/\/sff-camara.com\/es\/temticas\/mercado-de-capitales\/\" class=\"tag-cloud-link tag-link-309 tag-link-position-26\" style=\"font-size: 8pt;\" aria-label=\"Mercado de Capitales (1 elemento)\">Mercado de Capitales<span class=\"tag-link-count\"> (1)<\/span><\/a>\n<a href=\"https:\/\/sff-camara.com\/es\/temticas\/precios-de-transferencia\/\" class=\"tag-cloud-link tag-link-271 tag-link-position-27\" style=\"font-size: 10.135593220339pt;\" aria-label=\"Precios de Transferencia (2 elementos)\">Precios de Transferencia<span class=\"tag-link-count\"> (2)<\/span><\/a>\n<a href=\"https:\/\/sff-camara.com\/es\/temticas\/real-estate\/\" class=\"tag-cloud-link tag-link-338 tag-link-position-28\" style=\"font-size: 10.135593220339pt;\" aria-label=\"Real Estate (2 elementos)\">Real Estate<span class=\"tag-link-count\"> (2)<\/span><\/a>\n<a href=\"https:\/\/sff-camara.com\/es\/temticas\/reaseguro\/\" class=\"tag-cloud-link tag-link-172 tag-link-position-29\" style=\"font-size: 10.135593220339pt;\" aria-label=\"Reaseguro (2 elementos)\">Reaseguro<span class=\"tag-link-count\"> (2)<\/span><\/a>\n<a href=\"https:\/\/sff-camara.com\/es\/tag\/rrhh\/\" class=\"tag-cloud-link tag-link-178 tag-link-position-30\" style=\"font-size: 16.305084745763pt;\" aria-label=\"RRHH (9 elementos)\">RRHH<span class=\"tag-link-count\"> (9)<\/span><\/a>\n<a href=\"https:\/\/sff-camara.com\/es\/temticas\/seguros\/\" class=\"tag-cloud-link tag-link-180 tag-link-position-31\" style=\"font-size: 10.135593220339pt;\" aria-label=\"Seguros (2 elementos)\">Seguros<span class=\"tag-link-count\"> (2)<\/span><\/a>\n<a href=\"https:\/\/sff-camara.com\/es\/temticas\/seguros-de-vida-unit-linked\/\" class=\"tag-cloud-link tag-link-169 tag-link-position-32\" style=\"font-size: 13.694915254237pt;\" aria-label=\"Seguros de vida Unit-linked (5 elementos)\">Seguros de vida Unit-linked<span class=\"tag-link-count\"> (5)<\/span><\/a>\n<a href=\"https:\/\/sff-camara.com\/es\/temticas\/tax-es\/\" class=\"tag-cloud-link tag-link-162 tag-link-position-33\" style=\"font-size: 19.033898305085pt;\" aria-label=\"Tax (16 elementos)\">Tax<span class=\"tag-link-count\"> (16)<\/span><\/a>\n<a href=\"https:\/\/sff-camara.com\/es\/temticas\/tecnologia\/\" class=\"tag-cloud-link tag-link-231 tag-link-position-34\" style=\"font-size: 14.525423728814pt;\" aria-label=\"Tecnolog\u00eda (6 elementos)\">Tecnolog\u00eda<span class=\"tag-link-count\"> (6)<\/span><\/a>\n<a href=\"https:\/\/sff-camara.com\/es\/temticas\/tendencias\/\" class=\"tag-cloud-link tag-link-223 tag-link-position-35\" style=\"font-size: 20.101694915254pt;\" aria-label=\"Tendencias (20 elementos)\">Tendencias<span class=\"tag-link-count\"> (20)<\/span><\/a>\n<a href=\"https:\/\/sff-camara.com\/es\/temticas\/tic\/\" class=\"tag-cloud-link tag-link-267 tag-link-position-36\" style=\"font-size: 8pt;\" aria-label=\"TIC (1 elemento)\">TIC<span class=\"tag-link-count\"> (1)<\/span><\/a>\n<a href=\"https:\/\/sff-camara.com\/es\/temticas\/ue\/\" class=\"tag-cloud-link tag-link-222 tag-link-position-37\" style=\"font-size: 14.525423728814pt;\" aria-label=\"UE (6 elementos)\">UE<span class=\"tag-link-count\"> (6)<\/span><\/a><\/div>\n<\/div>\t\t\t\t<\/div>\n\t\t\t\t<\/div>\n\t\t\t\t\t\t<\/div>\r\n\t\t\t\t<\/div>\r\n\t\t\t\t\t\t\t\t\t<div class=\" elementor-column elementor-col-50 elementor-inner-column elementor-element elementor-element-7ef6ee0c \" data-id=\"7ef6ee0c\" data-element_type=\"column\" data-e-type=\"column\">\r\n\r\n\t\t\t\t\r\n\t\t\t\t<div class=\"elementor-widget-wrap elementor-element-populated\">\r\n\t\t\t\t\t\t\t\t\t\t\r\n\t\t\t\t\t\t<div class=\"elementor-element elementor-element-58b52e5e elementor-widget elementor-widget-sidebar\" data-id=\"58b52e5e\" data-element_type=\"widget\" data-e-type=\"widget\" data-widget_type=\"sidebar.default\">\n\t\t\t\t<div class=\"elementor-widget-container\">\n\t\t\t\t\t<nav id=\"categories-2\" class=\"widget widget_categories\"><h3 class=\"widget-title\">Buscar por ediciones del SFF Magazine<\/h3><form action=\"https:\/\/sff-camara.com\/es\/\" method=\"get\"><label class=\"screen-reader-text\" for=\"cat\">Buscar por ediciones del SFF Magazine<\/label><select  name='cat' aria-label='Categories to search' id='cat' class='postform'>\n\t<option value='-1'>Elegir la categor\u00eda<\/option>\n\t<option class=\"level-0\" value=\"124\">Noticias&nbsp;&nbsp;(44)<\/option>\n\t<option class=\"level-0\" value=\"159\">SFF Magazine Abril 2021&nbsp;&nbsp;(12)<\/option>\n\t<option class=\"level-0\" value=\"174\">SFF Magazine Abril 2022&nbsp;&nbsp;(8)<\/option>\n\t<option class=\"level-0\" value=\"239\">SFF Magazine Diciembre 2023&nbsp;&nbsp;(8)<\/option>\n\t<option class=\"level-0\" value=\"289\">SFF Magazine Diciembre 2024&nbsp;&nbsp;(12)<\/option>\n\t<option class=\"level-0\" value=\"307\">SFF Magazine Diciembre 2025&nbsp;&nbsp;(6)<\/option>\n\t<option class=\"level-0\" value=\"168\">SFF Magazine Julio 2021&nbsp;&nbsp;(13)<\/option>\n\t<option class=\"level-0\" value=\"177\">SFF Magazine Julio 2022&nbsp;&nbsp;(10)<\/option>\n\t<option class=\"level-0\" value=\"215\">SFF Magazine Junio 2023&nbsp;&nbsp;(7)<\/option>\n\t<option class=\"level-0\" value=\"273\">SFF Magazine Junio 2024&nbsp;&nbsp;(10)<\/option>\n\t<option class=\"level-0\" value=\"296\">SFF Magazine Junio 2025&nbsp;&nbsp;(11)<\/option>\n\t<option class=\"level-0\" value=\"205\">SFF Magazine Marzo 2023&nbsp;&nbsp;(9)<\/option>\n\t<option class=\"level-0\" value=\"257\">SFF Magazine Marzo 2024&nbsp;&nbsp;(13)<\/option>\n\t<option class=\"level-0\" value=\"293\">SFF Magazine Marzo 2025&nbsp;&nbsp;(10)<\/option>\n\t<option class=\"level-0\" value=\"336\">SFF Magazine Marzo 2026&nbsp;&nbsp;(13)<\/option>\n\t<option class=\"level-0\" value=\"171\">SFF Magazine Octubre 2021&nbsp;&nbsp;(11)<\/option>\n\t<option class=\"level-0\" value=\"165\">SFF Magazine Octubre 2022&nbsp;&nbsp;(10)<\/option>\n\t<option class=\"level-0\" value=\"230\">SFF Magazine Septiembre 2023&nbsp;&nbsp;(8)<\/option>\n\t<option class=\"level-0\" value=\"282\">SFF Magazine Septiembre 2024&nbsp;&nbsp;(9)<\/option>\n\t<option class=\"level-0\" value=\"299\">SFF Magazine Septiembre 2025&nbsp;&nbsp;(8)<\/option>\n\t<option class=\"level-0\" value=\"53\">Sin categorizar&nbsp;&nbsp;(8)<\/option>\n<\/select>\n<\/form><script>\n( ( dropdownId ) => {\n\tconst dropdown = document.getElementById( dropdownId );\n\tfunction onSelectChange() {\n\t\tsetTimeout( () => {\n\t\t\tif ( 'escape' === dropdown.dataset.lastkey ) {\n\t\t\t\treturn;\n\t\t\t}\n\t\t\tif ( dropdown.value && parseInt( dropdown.value ) > 0 && dropdown instanceof HTMLSelectElement ) {\n\t\t\t\tdropdown.parentElement.submit();\n\t\t\t}\n\t\t}, 250 );\n\t}\n\tfunction onKeyUp( event ) {\n\t\tif ( 'Escape' === event.key ) {\n\t\t\tdropdown.dataset.lastkey = 'escape';\n\t\t} else {\n\t\t\tdelete dropdown.dataset.lastkey;\n\t\t}\n\t}\n\tfunction onClick() {\n\t\tdelete dropdown.dataset.lastkey;\n\t}\n\tdropdown.addEventListener( 'keyup', onKeyUp );\n\tdropdown.addEventListener( 'click', onClick );\n\tdropdown.addEventListener( 'change', onSelectChange );\n})( \"cat\" );\n\n\/\/# sourceURL=WP_Widget_Categories%3A%3Awidget\n<\/script>\n<\/nav><nav id=\"search-3\" class=\"widget widget_search\"><h3 class=\"widget-title\">Buscar publicaciones<\/h3>\r\n\t<div class=\"search-wrapper  hs-start light-style\">\r\n\t\t\r\n\t\t\t\t<form action=\"https:\/\/sff-camara.com\/es\/\/\" method=\"get\" class=\"input-wrapper\">\r\n\t\t\t<input type=\"hidden\" name=\"post_type\" value=\"post\"\/>\r\n\r\n\t\t\t<input type=\"search\" aria-label=\"Search\" class=\"form-control\" name=\"s\" placeholder=\"\" required=\"\" autocomplete=\"off\">\r\n\r\n\t\t\t\r\n\t\t\t\r\n\t\t\t<button class=\"btn btn-search\" aria-label=\"Search Button\" type=\"submit\">\r\n\t\t\t\t<i class=\"a-icon-search\"><\/i>\r\n\t\t\t<\/button>\r\n\r\n\t\t\t\t\t<div class=\"hs-close\">\r\n\t\t\t\t<a href=\"#\" aria-label=\"Close\">\r\n\t\t\t\t\t<span class=\"close-wrap\">\r\n\t\t\t\t\t\t<span class=\"close-line close-line1\"><\/span>\r\n\t\t\t\t\t\t<span class=\"close-line close-line2\"><\/span>\r\n\t\t\t\t\t<\/span>\r\n\t\t\t\t<\/a>\r\n\t\t\t<\/div>\r\n\t\t\r\n\t\t<\/form>\r\n\t\t\t<\/div>\r\n\r\n\t\t<\/nav>\t\t\t\t<\/div>\n\t\t\t\t<\/div>\n\t\t\t\t\t\t<\/div>\r\n\t\t\t\t<\/div>\r\n\t\t\t\t\t\t\t\t<\/div>\r\n\t\t\t<\/section>\r\n\t\t\t\t\t<div class=\"elementor-element elementor-element-5defc3e7 elementor-widget-divider--view-line elementor-widget elementor-widget-divider\" data-id=\"5defc3e7\" data-element_type=\"widget\" data-e-type=\"widget\" data-widget_type=\"divider.default\">\n\t\t\t\t<div class=\"elementor-widget-container\">\n\t\t\t\t\t\t\t<div class=\"elementor-divider\">\n\t\t\t<span class=\"elementor-divider-separator\">\n\t\t\t\t\t\t<\/span>\n\t\t<\/div>\n\t\t\t\t\t\t<\/div>\n\t\t\t\t<\/div>\n\t\t\t\t<div class=\"elementor-element elementor-element-18f39c75 elementor-widget elementor-widget-spacer\" data-id=\"18f39c75\" data-element_type=\"widget\" data-e-type=\"widget\" data-widget_type=\"spacer.default\">\n\t\t\t\t<div class=\"elementor-widget-container\">\n\t\t\t\t\t\t\t<div class=\"elementor-spacer\">\n\t\t\t<div class=\"elementor-spacer-inner\"><\/div>\n\t\t<\/div>\n\t\t\t\t\t\t<\/div>\n\t\t\t\t<\/div>\n\t\t\t\t<div class=\"elementor-element elementor-element-d210685 elementor-widget elementor-widget-heading\" data-id=\"d210685\" data-element_type=\"widget\" data-e-type=\"widget\" data-widget_type=\"heading.default\">\n\t\t\t\t<div class=\"elementor-widget-container\">\n\t\t\t\t\t<h2 class=\"elementor-heading-title elementor-size-default\">Publicaciones relacionadas<\/h2>\t\t\t\t<\/div>\n\t\t\t\t<\/div>\n\t\t\t\t<div class=\"elementor-element elementor-element-5831fc58 elementor-widget elementor-widget-text-editor\" data-id=\"5831fc58\" data-element_type=\"widget\" data-e-type=\"widget\" data-widget_type=\"text-editor.default\">\n\t\t\t\t<div class=\"elementor-widget-container\">\n\t\t\t\t\t\t\t\t\t<a href=\"https:\/\/sff-camara.com\/category\/sff-magazine-march-2026\/\" rel=\"tag\">SFF Magazine March 2026<\/a>\t\t\t\t\t\t\t\t<\/div>\n\t\t\t\t<\/div>\n\t\t\t\t<div class=\"elementor-element elementor-element-79ec54f3 elementor-widget elementor-widget-spacer\" data-id=\"79ec54f3\" data-element_type=\"widget\" data-e-type=\"widget\" data-widget_type=\"spacer.default\">\n\t\t\t\t<div class=\"elementor-widget-container\">\n\t\t\t\t\t\t\t<div class=\"elementor-spacer\">\n\t\t\t<div class=\"elementor-spacer-inner\"><\/div>\n\t\t<\/div>\n\t\t\t\t\t\t<\/div>\n\t\t\t\t<\/div>\n\t\t\t\t<div class=\"elementor-element elementor-element-46b169be elementor-widget elementor-widget-udesign_widget_posts elementor-widget-theme-post-content\" data-id=\"46b169be\" data-element_type=\"widget\" data-e-type=\"widget\" data-widget_type=\"udesign_widget_posts.default\">\n\t\t\t\t<div class=\"elementor-widget-container\">\n\t\t\t\t\t<div class=\"posts  row cols-lg-3 cols-md-2 cols-sm-2 cols-1 cols-xl-3 slider-wrapper posts row cols-lg-3 cols-md-2 cols-sm-2 cols-1 cols-xl-3\" data-slider-options=\"{&quot;spaceBetween&quot;:30,&quot;loop&quot;:true,&quot;autoplay&quot;:{&quot;delay&quot;:5000,&quot;disableOnInteraction&quot;:false},&quot;effect&quot;:&quot;slide&quot;,&quot;slidesPerView&quot;:3,&quot;breakpoints&quot;:{&quot;2401&quot;:{&quot;slidesPerView&quot;:3},&quot;1440&quot;:{&quot;slidesPerView&quot;:3},&quot;1200&quot;:{&quot;slidesPerView&quot;:3},&quot;992&quot;:{&quot;slidesPerView&quot;:3},&quot;768&quot;:{&quot;slidesPerView&quot;:2},&quot;576&quot;:{&quot;slidesPerView&quot;:2},&quot;0&quot;:{&quot;slidesPerView&quot;:1}},&quot;statusClass&quot;:&quot;slider-dots-default&quot;}\" data-post-type=\"modern\">\r\n<div class=\"post-wrap \" data-post-image=\"alpha-post-medium\">\r\n\r\n\t\r\n\t<article class=\"post-18830 post type-post status-publish format-standard has-post-thumbnail hentry category-sff-magazine-marzo-2026 tag-consejero-independiente tag-gobernanza post overlay-zoom overlay-dark  post-modern\">\r\n\t\t\t\t\t<figure class=\"post-media\">\r\n\t\t\t\t\t\t\t\t<a href=\"https:\/\/sff-camara.com\/es\/sff-magazine-marzo-2026\/redefiniendo-la-supervision-el-consejero-independiente-como-ventaja-estrategica-de-luxemburgo\/\" aria-label=\"Post Media\">\r\n\t\t\t\t\t<img loading=\"lazy\" decoding=\"async\" width=\"600\" height=\"420\" src=\"https:\/\/sff-camara.com\/wp-content\/uploads\/2026\/03\/Montclare-Capital-Image-March-2026-600x420.jpeg\" class=\"attachment-alpha-post-medium size-alpha-post-medium wp-post-image\" alt=\"\" srcset=\"https:\/\/sff-camara.com\/wp-content\/uploads\/2026\/03\/Montclare-Capital-Image-March-2026-600x420.jpeg 600w, https:\/\/sff-camara.com\/wp-content\/uploads\/2026\/03\/Montclare-Capital-Image-March-2026-400x280.jpeg 400w, https:\/\/sff-camara.com\/wp-content\/uploads\/2026\/03\/Montclare-Capital-Image-March-2026-570x400.jpeg 570w\" sizes=\"(max-width: 600px) 100vw, 600px\" \/>\t\t\t\t<\/a>\r\n\t\t\t<\/figure>\r\n\t\t\t<div class=\"post-details\">\r\n\t<div class=\"post-meta\">\r\n\t<a class=\"post-date\" href=\"https:\/\/sff-camara.com\/es\/2026\/03\/17\/\">marzo 17, 2026<\/a>\r\n\r\n\t<\/div>\r\n<h3 class=\"post-title\">\r\n\t<a href=\"https:\/\/sff-camara.com\/es\/sff-magazine-marzo-2026\/redefiniendo-la-supervision-el-consejero-independiente-como-ventaja-estrategica-de-luxemburgo\/\">\r\n\t\tRedefiniendo la supervisi\u00f3n: el consejero independiente como ventaja estrat\u00e9gica de Luxemburgo\t<\/a>\r\n<\/h3>\r\n<a href=\"https:\/\/sff-camara.com\/es\/sff-magazine-marzo-2026\/redefiniendo-la-supervision-el-consejero-independiente-como-ventaja-estrategica-de-luxemburgo\/\" class=\"btn btn-link btn-underline btn-primary\">Leer m\u00e1s <i class=\"a-icon-long-arrow-right\"><\/i><\/a><\/div>\r\n\t<\/article>\r\n\r\n\t\r\n<\/div>\r\n\r\n\r\n<div class=\"post-wrap \" data-post-image=\"alpha-post-medium\">\r\n\r\n\t\r\n\t<article class=\"post-18859 post type-post status-publish format-standard has-post-thumbnail hentry category-sff-magazine-marzo-2026 tag-seguros tag-tax-es post overlay-zoom overlay-dark  post-modern\">\r\n\t\t\t\t\t<figure class=\"post-media\">\r\n\t\t\t\t\t\t\t\t<a href=\"https:\/\/sff-camara.com\/es\/sff-magazine-marzo-2026\/meet-the-team-certa-insurance\/\" aria-label=\"Post Media\">\r\n\t\t\t\t\t<img loading=\"lazy\" decoding=\"async\" width=\"600\" height=\"420\" src=\"https:\/\/sff-camara.com\/wp-content\/uploads\/2026\/03\/Certa-Insurance-Meet-the-Team-600x420.png\" class=\"attachment-alpha-post-medium size-alpha-post-medium wp-post-image\" alt=\"\" srcset=\"https:\/\/sff-camara.com\/wp-content\/uploads\/2026\/03\/Certa-Insurance-Meet-the-Team-600x420.png 600w, https:\/\/sff-camara.com\/wp-content\/uploads\/2026\/03\/Certa-Insurance-Meet-the-Team-400x280.png 400w, https:\/\/sff-camara.com\/wp-content\/uploads\/2026\/03\/Certa-Insurance-Meet-the-Team-570x400.png 570w\" sizes=\"(max-width: 600px) 100vw, 600px\" \/>\t\t\t\t<\/a>\r\n\t\t\t<\/figure>\r\n\t\t\t<div class=\"post-details\">\r\n\t<div class=\"post-meta\">\r\n\t<a class=\"post-date\" href=\"https:\/\/sff-camara.com\/es\/2026\/03\/17\/\">marzo 17, 2026<\/a>\r\n\r\n\t<\/div>\r\n<h3 class=\"post-title\">\r\n\t<a href=\"https:\/\/sff-camara.com\/es\/sff-magazine-marzo-2026\/meet-the-team-certa-insurance\/\">\r\n\t\tMEET THE TEAM &#8211; CERTA Insurance\t<\/a>\r\n<\/h3>\r\n<a href=\"https:\/\/sff-camara.com\/es\/sff-magazine-marzo-2026\/meet-the-team-certa-insurance\/\" class=\"btn btn-link btn-underline btn-primary\">Leer m\u00e1s <i class=\"a-icon-long-arrow-right\"><\/i><\/a><\/div>\r\n\t<\/article>\r\n\r\n\t\r\n<\/div>\r\n\r\n\r\n<div class=\"post-wrap \" data-post-image=\"alpha-post-medium\">\r\n\r\n\t\r\n\t<article class=\"post-18901 post type-post status-publish format-standard has-post-thumbnail hentry category-sff-magazine-marzo-2026 tag-alternative-investment-es tag-real-estate post overlay-zoom overlay-dark  post-modern\">\r\n\t\t\t\t\t<figure class=\"post-media\">\r\n\t\t\t\t\t\t\t\t<a href=\"https:\/\/sff-camara.com\/es\/sff-magazine-marzo-2026\/fondos-inmobiliarios-en-2026-navegando-un-mercado-entre-la-recuperacion-y-la-complejidad\/\" aria-label=\"Post Media\">\r\n\t\t\t\t\t<img loading=\"lazy\" decoding=\"async\" width=\"600\" height=\"420\" src=\"https:\/\/sff-camara.com\/wp-content\/uploads\/2026\/03\/Arendt-Image-March-2026-600x420.jpeg\" class=\"attachment-alpha-post-medium size-alpha-post-medium wp-post-image\" alt=\"\" srcset=\"https:\/\/sff-camara.com\/wp-content\/uploads\/2026\/03\/Arendt-Image-March-2026-600x420.jpeg 600w, https:\/\/sff-camara.com\/wp-content\/uploads\/2026\/03\/Arendt-Image-March-2026-400x280.jpeg 400w, https:\/\/sff-camara.com\/wp-content\/uploads\/2026\/03\/Arendt-Image-March-2026-570x400.jpeg 570w\" sizes=\"(max-width: 600px) 100vw, 600px\" \/>\t\t\t\t\t\t<figcaption class=\"thumbnail-caption\">\r\n\t\t\t\t\t\t\tModel house on digital graph, representing real estate market analysis.\t\t\t\t\t\t<\/figcaption>\r\n\t\t\t\t\t\t\t\t\t\t<\/a>\r\n\t\t\t<\/figure>\r\n\t\t\t<div class=\"post-details\">\r\n\t<div class=\"post-meta\">\r\n\t<a class=\"post-date\" href=\"https:\/\/sff-camara.com\/es\/2026\/03\/17\/\">marzo 17, 2026<\/a>\r\n\r\n\t<\/div>\r\n<h3 class=\"post-title\">\r\n\t<a href=\"https:\/\/sff-camara.com\/es\/sff-magazine-marzo-2026\/fondos-inmobiliarios-en-2026-navegando-un-mercado-entre-la-recuperacion-y-la-complejidad\/\">\r\n\t\tFondos inmobiliarios en 2026: navegando un mercado entre la recuperaci\u00f3n y la complejidad\t<\/a>\r\n<\/h3>\r\n<a href=\"https:\/\/sff-camara.com\/es\/sff-magazine-marzo-2026\/fondos-inmobiliarios-en-2026-navegando-un-mercado-entre-la-recuperacion-y-la-complejidad\/\" class=\"btn btn-link btn-underline btn-primary\">Leer m\u00e1s <i class=\"a-icon-long-arrow-right\"><\/i><\/a><\/div>\r\n\t<\/article>\r\n\r\n\t\r\n<\/div>\r\n\r\n\r\n<div class=\"post-wrap \" data-post-image=\"alpha-post-medium\">\r\n\r\n\t\r\n\t<article class=\"post-18934 post type-post status-publish format-standard has-post-thumbnail hentry category-sff-magazine-marzo-2026 post overlay-zoom overlay-dark  post-modern\">\r\n\t\t\t\t\t<figure class=\"post-media\">\r\n\t\t\t\t\t\t\t\t<a href=\"https:\/\/sff-camara.com\/es\/sff-magazine-marzo-2026\/cecabank-impulsa-su-presencia-en-luxemburgo-con-la-suma-de-nuevos-clientes-estrategicos\/\" aria-label=\"Post Media\">\r\n\t\t\t\t\t<img loading=\"lazy\" decoding=\"async\" width=\"600\" height=\"420\" src=\"https:\/\/sff-camara.com\/wp-content\/uploads\/2026\/03\/Cecabank-Image-March-2026-600x420.jpg\" class=\"attachment-alpha-post-medium size-alpha-post-medium wp-post-image\" alt=\"\" srcset=\"https:\/\/sff-camara.com\/wp-content\/uploads\/2026\/03\/Cecabank-Image-March-2026-600x420.jpg 600w, https:\/\/sff-camara.com\/wp-content\/uploads\/2026\/03\/Cecabank-Image-March-2026-400x280.jpg 400w, https:\/\/sff-camara.com\/wp-content\/uploads\/2026\/03\/Cecabank-Image-March-2026-570x400.jpg 570w\" sizes=\"(max-width: 600px) 100vw, 600px\" \/>\t\t\t\t<\/a>\r\n\t\t\t<\/figure>\r\n\t\t\t<div class=\"post-details\">\r\n\t<div class=\"post-meta\">\r\n\t<a class=\"post-date\" href=\"https:\/\/sff-camara.com\/es\/2026\/03\/17\/\">marzo 17, 2026<\/a>\r\n\r\n\t<\/div>\r\n<h3 class=\"post-title\">\r\n\t<a href=\"https:\/\/sff-camara.com\/es\/sff-magazine-marzo-2026\/cecabank-impulsa-su-presencia-en-luxemburgo-con-la-suma-de-nuevos-clientes-estrategicos\/\">\r\n\t\tCecabank impulsa su presencia en Luxemburgo con la suma de nuevos clientes estrat\u00e9gicos\t<\/a>\r\n<\/h3>\r\n<a href=\"https:\/\/sff-camara.com\/es\/sff-magazine-marzo-2026\/cecabank-impulsa-su-presencia-en-luxemburgo-con-la-suma-de-nuevos-clientes-estrategicos\/\" class=\"btn btn-link btn-underline btn-primary\">Leer m\u00e1s <i class=\"a-icon-long-arrow-right\"><\/i><\/a><\/div>\r\n\t<\/article>\r\n\r\n\t\r\n<\/div>\r\n\r\n\r\n<div class=\"post-wrap \" data-post-image=\"alpha-post-medium\">\r\n\r\n\t\r\n\t<article class=\"post-18958 post type-post status-publish format-standard has-post-thumbnail hentry category-sff-magazine-marzo-2026 tag-consejero-independiente tag-gobernanza post overlay-zoom overlay-dark  post-modern\">\r\n\t\t\t\t\t<figure class=\"post-media\">\r\n\t\t\t\t\t\t\t\t<a href=\"https:\/\/sff-camara.com\/es\/sff-magazine-marzo-2026\/consejeros-independientes-un-pilar-de-la-gobernanza-en-los-fondos-de-inversion-en-luxemburgo\/\" aria-label=\"Post Media\">\r\n\t\t\t\t\t<img loading=\"lazy\" decoding=\"async\" width=\"600\" height=\"420\" src=\"https:\/\/sff-camara.com\/wp-content\/uploads\/2026\/03\/Now-Partners-Image-March-2026-600x420.jpeg\" class=\"attachment-alpha-post-medium size-alpha-post-medium wp-post-image\" alt=\"\" srcset=\"https:\/\/sff-camara.com\/wp-content\/uploads\/2026\/03\/Now-Partners-Image-March-2026-600x420.jpeg 600w, https:\/\/sff-camara.com\/wp-content\/uploads\/2026\/03\/Now-Partners-Image-March-2026-400x280.jpeg 400w, https:\/\/sff-camara.com\/wp-content\/uploads\/2026\/03\/Now-Partners-Image-March-2026-570x400.jpeg 570w\" sizes=\"(max-width: 600px) 100vw, 600px\" \/>\t\t\t\t\t\t<figcaption class=\"thumbnail-caption\">\r\n\t\t\t\t\t\t\tFinancial growth chart for stock market investment trading.\t\t\t\t\t\t<\/figcaption>\r\n\t\t\t\t\t\t\t\t\t\t<\/a>\r\n\t\t\t<\/figure>\r\n\t\t\t<div class=\"post-details\">\r\n\t<div class=\"post-meta\">\r\n\t<a class=\"post-date\" href=\"https:\/\/sff-camara.com\/es\/2026\/03\/17\/\">marzo 17, 2026<\/a>\r\n\r\n\t<\/div>\r\n<h3 class=\"post-title\">\r\n\t<a href=\"https:\/\/sff-camara.com\/es\/sff-magazine-marzo-2026\/consejeros-independientes-un-pilar-de-la-gobernanza-en-los-fondos-de-inversion-en-luxemburgo\/\">\r\n\t\tConsejeros independientes: un pilar de la gobernanza en los fondos de inversi\u00f3n en Luxemburgo\t<\/a>\r\n<\/h3>\r\n<a href=\"https:\/\/sff-camara.com\/es\/sff-magazine-marzo-2026\/consejeros-independientes-un-pilar-de-la-gobernanza-en-los-fondos-de-inversion-en-luxemburgo\/\" class=\"btn btn-link btn-underline btn-primary\">Leer m\u00e1s <i class=\"a-icon-long-arrow-right\"><\/i><\/a><\/div>\r\n\t<\/article>\r\n\r\n\t\r\n<\/div>\r\n\r\n\r\n<div class=\"post-wrap \" data-post-image=\"alpha-post-medium\">\r\n\r\n\t\r\n\t<article class=\"post-18976 post type-post status-publish format-standard has-post-thumbnail hentry category-sff-magazine-marzo-2026 tag-real-estate tag-tendencias post overlay-zoom overlay-dark  post-modern\">\r\n\t\t\t\t\t<figure class=\"post-media\">\r\n\t\t\t\t\t\t\t\t<a href=\"https:\/\/sff-camara.com\/es\/sff-magazine-marzo-2026\/estructuras-double-luxco-en-operaciones-de-financiacion-espanolas-un-viejo-conocido-vuelve-a-cobrar-protagonismo\/\" aria-label=\"Post Media\">\r\n\t\t\t\t\t<img loading=\"lazy\" decoding=\"async\" width=\"600\" height=\"420\" src=\"https:\/\/sff-camara.com\/wp-content\/uploads\/2026\/03\/AKD-Image-March-2026-600x420.jpeg\" class=\"attachment-alpha-post-medium size-alpha-post-medium wp-post-image\" alt=\"\" srcset=\"https:\/\/sff-camara.com\/wp-content\/uploads\/2026\/03\/AKD-Image-March-2026-600x420.jpeg 600w, https:\/\/sff-camara.com\/wp-content\/uploads\/2026\/03\/AKD-Image-March-2026-400x280.jpeg 400w, https:\/\/sff-camara.com\/wp-content\/uploads\/2026\/03\/AKD-Image-March-2026-570x400.jpeg 570w\" sizes=\"(max-width: 600px) 100vw, 600px\" \/>\t\t\t\t<\/a>\r\n\t\t\t<\/figure>\r\n\t\t\t<div class=\"post-details\">\r\n\t<div class=\"post-meta\">\r\n\t<a class=\"post-date\" href=\"https:\/\/sff-camara.com\/es\/2026\/03\/17\/\">marzo 17, 2026<\/a>\r\n\r\n\t<\/div>\r\n<h3 class=\"post-title\">\r\n\t<a href=\"https:\/\/sff-camara.com\/es\/sff-magazine-marzo-2026\/estructuras-double-luxco-en-operaciones-de-financiacion-espanolas-un-viejo-conocido-vuelve-a-cobrar-protagonismo\/\">\r\n\t\tEstructuras Double LuxCo en operaciones de financiaci\u00f3n espa\u00f1olas: un viejo conocido vuelve a cobrar protagonismo\t<\/a>\r\n<\/h3>\r\n<a href=\"https:\/\/sff-camara.com\/es\/sff-magazine-marzo-2026\/estructuras-double-luxco-en-operaciones-de-financiacion-espanolas-un-viejo-conocido-vuelve-a-cobrar-protagonismo\/\" class=\"btn btn-link btn-underline btn-primary\">Leer m\u00e1s <i class=\"a-icon-long-arrow-right\"><\/i><\/a><\/div>\r\n\t<\/article>\r\n\r\n\t\r\n<\/div>\r\n\r\n\r\n<div class=\"post-wrap \" data-post-image=\"alpha-post-medium\">\r\n\r\n\t\r\n\t<article class=\"post-19016 post type-post status-publish format-standard has-post-thumbnail hentry category-sff-magazine-marzo-2026 tag-distribucion-de-fondos post overlay-zoom overlay-dark  post-modern\">\r\n\t\t\t\t\t<figure class=\"post-media\">\r\n\t\t\t\t\t\t\t\t<a href=\"https:\/\/sff-camara.com\/es\/sff-magazine-marzo-2026\/nuevas-normas-que-regulan-las-herramientas-de-gestion-de-liquidez-en-fondos-ucits-y-aif-abiertos\/\" aria-label=\"Post Media\">\r\n\t\t\t\t\t<img loading=\"lazy\" decoding=\"async\" width=\"600\" height=\"420\" src=\"https:\/\/sff-camara.com\/wp-content\/uploads\/2026\/03\/Simmons-Simmons-Image-March-2026-600x420.jpeg\" class=\"attachment-alpha-post-medium size-alpha-post-medium wp-post-image\" alt=\"\" srcset=\"https:\/\/sff-camara.com\/wp-content\/uploads\/2026\/03\/Simmons-Simmons-Image-March-2026-600x420.jpeg 600w, https:\/\/sff-camara.com\/wp-content\/uploads\/2026\/03\/Simmons-Simmons-Image-March-2026-400x280.jpeg 400w, https:\/\/sff-camara.com\/wp-content\/uploads\/2026\/03\/Simmons-Simmons-Image-March-2026-570x400.jpeg 570w\" sizes=\"(max-width: 600px) 100vw, 600px\" \/>\t\t\t\t<\/a>\r\n\t\t\t<\/figure>\r\n\t\t\t<div class=\"post-details\">\r\n\t<div class=\"post-meta\">\r\n\t<a class=\"post-date\" href=\"https:\/\/sff-camara.com\/es\/2026\/03\/17\/\">marzo 17, 2026<\/a>\r\n\r\n\t<\/div>\r\n<h3 class=\"post-title\">\r\n\t<a href=\"https:\/\/sff-camara.com\/es\/sff-magazine-marzo-2026\/nuevas-normas-que-regulan-las-herramientas-de-gestion-de-liquidez-en-fondos-ucits-y-aif-abiertos\/\">\r\n\t\tNuevas normas que regulan las herramientas de gesti\u00f3n de liquidez en fondos UCITS y AIF abiertos\t<\/a>\r\n<\/h3>\r\n<a href=\"https:\/\/sff-camara.com\/es\/sff-magazine-marzo-2026\/nuevas-normas-que-regulan-las-herramientas-de-gestion-de-liquidez-en-fondos-ucits-y-aif-abiertos\/\" class=\"btn btn-link btn-underline btn-primary\">Leer m\u00e1s <i class=\"a-icon-long-arrow-right\"><\/i><\/a><\/div>\r\n\t<\/article>\r\n\r\n\t\r\n<\/div>\r\n\r\n\r\n<div class=\"post-wrap \" data-post-image=\"alpha-post-medium\">\r\n\r\n\t\r\n\t<article class=\"post-19047 post type-post status-publish format-standard has-post-thumbnail hentry category-sff-magazine-marzo-2026 tag-asset-management-es post overlay-zoom overlay-dark  post-modern\">\r\n\t\t\t\t\t<figure class=\"post-media\">\r\n\t\t\t\t\t\t\t\t<a href=\"https:\/\/sff-camara.com\/es\/sff-magazine-marzo-2026\/entrevista-con-hector-esteban-director-de-expansion-internacional-de-mutuactivos\/\" aria-label=\"Post Media\">\r\n\t\t\t\t\t<img loading=\"lazy\" decoding=\"async\" width=\"600\" height=\"420\" src=\"https:\/\/sff-camara.com\/wp-content\/uploads\/2026\/03\/ES-Entrevista-Hector-Esteban-1-600x420.png\" class=\"attachment-alpha-post-medium size-alpha-post-medium wp-post-image\" alt=\"\" srcset=\"https:\/\/sff-camara.com\/wp-content\/uploads\/2026\/03\/ES-Entrevista-Hector-Esteban-1-600x420.png 600w, https:\/\/sff-camara.com\/wp-content\/uploads\/2026\/03\/ES-Entrevista-Hector-Esteban-1-400x280.png 400w, https:\/\/sff-camara.com\/wp-content\/uploads\/2026\/03\/ES-Entrevista-Hector-Esteban-1-570x400.png 570w\" sizes=\"(max-width: 600px) 100vw, 600px\" \/>\t\t\t\t<\/a>\r\n\t\t\t<\/figure>\r\n\t\t\t<div class=\"post-details\">\r\n\t<div class=\"post-meta\">\r\n\t<a class=\"post-date\" href=\"https:\/\/sff-camara.com\/es\/2026\/03\/17\/\">marzo 17, 2026<\/a>\r\n\r\n\t<\/div>\r\n<h3 class=\"post-title\">\r\n\t<a href=\"https:\/\/sff-camara.com\/es\/sff-magazine-marzo-2026\/entrevista-con-hector-esteban-director-de-expansion-internacional-de-mutuactivos\/\">\r\n\t\tEntrevista con H\u00e9ctor Esteban, Director de Expansi\u00f3n Internacional de Mutuactivos\t<\/a>\r\n<\/h3>\r\n<a href=\"https:\/\/sff-camara.com\/es\/sff-magazine-marzo-2026\/entrevista-con-hector-esteban-director-de-expansion-internacional-de-mutuactivos\/\" class=\"btn btn-link btn-underline btn-primary\">Leer m\u00e1s <i class=\"a-icon-long-arrow-right\"><\/i><\/a><\/div>\r\n\t<\/article>\r\n\r\n\t\r\n<\/div>\r\n\r\n\r\n<div class=\"post-wrap \" data-post-image=\"alpha-post-medium\">\r\n\r\n\t\r\n\t<article class=\"post-19183 post type-post status-publish format-standard has-post-thumbnail hentry category-sff-magazine-marzo-2026 tag-distribucion-de-fondos post overlay-zoom overlay-dark  post-modern\">\r\n\t\t\t\t\t<figure class=\"post-media\">\r\n\t\t\t\t\t\t\t\t<a href=\"https:\/\/sff-camara.com\/es\/sff-magazine-marzo-2026\/evaluacion-de-las-stablecoins-metodologias-riesgos-e-implicaciones-para-la-industria-europea-de-fondos\/\" aria-label=\"Post Media\">\r\n\t\t\t\t\t<img loading=\"lazy\" decoding=\"async\" width=\"600\" height=\"420\" src=\"https:\/\/sff-camara.com\/wp-content\/uploads\/2026\/03\/ATOZ-Image-March-2026-600x420.jpeg\" class=\"attachment-alpha-post-medium size-alpha-post-medium wp-post-image\" alt=\"\" srcset=\"https:\/\/sff-camara.com\/wp-content\/uploads\/2026\/03\/ATOZ-Image-March-2026-600x420.jpeg 600w, https:\/\/sff-camara.com\/wp-content\/uploads\/2026\/03\/ATOZ-Image-March-2026-400x280.jpeg 400w, https:\/\/sff-camara.com\/wp-content\/uploads\/2026\/03\/ATOZ-Image-March-2026-570x400.jpeg 570w\" sizes=\"(max-width: 600px) 100vw, 600px\" \/>\t\t\t\t\t\t<figcaption class=\"thumbnail-caption\">\r\n\t\t\t\t\t\t\tStable Coin. Stablecoins Cryptocurrencies Stable Market Price Value Coin Currency.\t\t\t\t\t\t<\/figcaption>\r\n\t\t\t\t\t\t\t\t\t\t<\/a>\r\n\t\t\t<\/figure>\r\n\t\t\t<div class=\"post-details\">\r\n\t<div class=\"post-meta\">\r\n\t<a class=\"post-date\" href=\"https:\/\/sff-camara.com\/es\/2026\/03\/17\/\">marzo 17, 2026<\/a>\r\n\r\n\t<\/div>\r\n<h3 class=\"post-title\">\r\n\t<a href=\"https:\/\/sff-camara.com\/es\/sff-magazine-marzo-2026\/evaluacion-de-las-stablecoins-metodologias-riesgos-e-implicaciones-para-la-industria-europea-de-fondos\/\">\r\n\t\tEvaluaci\u00f3n de las stablecoins: metodolog\u00edas, riesgos e implicaciones para la industria europea de fondos\t<\/a>\r\n<\/h3>\r\n<a href=\"https:\/\/sff-camara.com\/es\/sff-magazine-marzo-2026\/evaluacion-de-las-stablecoins-metodologias-riesgos-e-implicaciones-para-la-industria-europea-de-fondos\/\" class=\"btn btn-link btn-underline btn-primary\">Leer m\u00e1s <i class=\"a-icon-long-arrow-right\"><\/i><\/a><\/div>\r\n\t<\/article>\r\n\r\n\t\r\n<\/div>\r\n\r\n\r\n<div class=\"post-wrap \" data-post-image=\"alpha-post-medium\">\r\n\r\n\t\r\n\t<article class=\"post-19213 post type-post status-publish format-standard has-post-thumbnail hentry category-sff-magazine-marzo-2026 tag-diversidad post overlay-zoom overlay-dark  post-modern\">\r\n\t\t\t\t\t<figure class=\"post-media\">\r\n\t\t\t\t\t\t\t\t<a href=\"https:\/\/sff-camara.com\/es\/sff-magazine-marzo-2026\/women-who-inspire-finance-daniela-abreu\/\" aria-label=\"Post Media\">\r\n\t\t\t\t\t<img loading=\"lazy\" decoding=\"async\" width=\"600\" height=\"420\" src=\"https:\/\/sff-camara.com\/wp-content\/uploads\/2026\/03\/Women-who-inspire-Finance-Daniela-Abreu-600x420.png\" class=\"attachment-alpha-post-medium size-alpha-post-medium wp-post-image\" alt=\"\" srcset=\"https:\/\/sff-camara.com\/wp-content\/uploads\/2026\/03\/Women-who-inspire-Finance-Daniela-Abreu-600x420.png 600w, https:\/\/sff-camara.com\/wp-content\/uploads\/2026\/03\/Women-who-inspire-Finance-Daniela-Abreu-400x280.png 400w, https:\/\/sff-camara.com\/wp-content\/uploads\/2026\/03\/Women-who-inspire-Finance-Daniela-Abreu-570x400.png 570w\" sizes=\"(max-width: 600px) 100vw, 600px\" \/>\t\t\t\t<\/a>\r\n\t\t\t<\/figure>\r\n\t\t\t<div class=\"post-details\">\r\n\t<div class=\"post-meta\">\r\n\t<a class=\"post-date\" href=\"https:\/\/sff-camara.com\/es\/2026\/03\/17\/\">marzo 17, 2026<\/a>\r\n\r\n\t<\/div>\r\n<h3 class=\"post-title\">\r\n\t<a href=\"https:\/\/sff-camara.com\/es\/sff-magazine-marzo-2026\/women-who-inspire-finance-daniela-abreu\/\">\r\n\t\tWomen who inspire: Finance &#8211; Daniela Abreu\t<\/a>\r\n<\/h3>\r\n<a href=\"https:\/\/sff-camara.com\/es\/sff-magazine-marzo-2026\/women-who-inspire-finance-daniela-abreu\/\" class=\"btn btn-link btn-underline btn-primary\">Leer m\u00e1s <i class=\"a-icon-long-arrow-right\"><\/i><\/a><\/div>\r\n\t<\/article>\r\n\r\n\t\r\n<\/div>\r\n\r\n\r\n<div class=\"post-wrap \" data-post-image=\"alpha-post-medium\">\r\n\r\n\t\r\n\t<article class=\"post-19227 post type-post status-publish format-standard has-post-thumbnail hentry category-sff-magazine-marzo-2026 post overlay-zoom overlay-dark  post-modern\">\r\n\t\t\t\t\t<figure class=\"post-media\">\r\n\t\t\t\t\t\t\t\t<a href=\"https:\/\/sff-camara.com\/es\/sff-magazine-marzo-2026\/conozca-a-los-nuevos-miembros-del-spanish-financial-forum-marzo-2026\/\" aria-label=\"Post Media\">\r\n\t\t\t\t\t<img loading=\"lazy\" decoding=\"async\" width=\"600\" height=\"420\" src=\"https:\/\/sff-camara.com\/wp-content\/uploads\/2025\/06\/Entrevistas-breves-SFF-600x420.png\" class=\"attachment-alpha-post-medium size-alpha-post-medium wp-post-image\" alt=\"\" srcset=\"https:\/\/sff-camara.com\/wp-content\/uploads\/2025\/06\/Entrevistas-breves-SFF-600x420.png 600w, https:\/\/sff-camara.com\/wp-content\/uploads\/2025\/06\/Entrevistas-breves-SFF-400x280.png 400w, https:\/\/sff-camara.com\/wp-content\/uploads\/2025\/06\/Entrevistas-breves-SFF-570x400.png 570w\" sizes=\"(max-width: 600px) 100vw, 600px\" \/>\t\t\t\t<\/a>\r\n\t\t\t<\/figure>\r\n\t\t\t<div class=\"post-details\">\r\n\t<div class=\"post-meta\">\r\n\t<a class=\"post-date\" href=\"https:\/\/sff-camara.com\/es\/2026\/03\/17\/\">marzo 17, 2026<\/a>\r\n\r\n\t<\/div>\r\n<h3 class=\"post-title\">\r\n\t<a href=\"https:\/\/sff-camara.com\/es\/sff-magazine-marzo-2026\/conozca-a-los-nuevos-miembros-del-spanish-financial-forum-marzo-2026\/\">\r\n\t\tConozca a los nuevos miembros del Spanish Financial Forum \u2013 Marzo 2026\t<\/a>\r\n<\/h3>\r\n<a href=\"https:\/\/sff-camara.com\/es\/sff-magazine-marzo-2026\/conozca-a-los-nuevos-miembros-del-spanish-financial-forum-marzo-2026\/\" class=\"btn btn-link btn-underline btn-primary\">Leer m\u00e1s <i class=\"a-icon-long-arrow-right\"><\/i><\/a><\/div>\r\n\t<\/article>\r\n\r\n\t\r\n<\/div>\r\n\r\n\r\n<div class=\"post-wrap \" data-post-image=\"alpha-post-medium\">\r\n\r\n\t\r\n\t<article class=\"post-19296 post type-post status-publish format-standard has-post-thumbnail hentry category-sff-magazine-marzo-2026 tag-tax-es tag-tendencias post overlay-zoom overlay-dark  post-modern\">\r\n\t\t\t\t\t<figure class=\"post-media\">\r\n\t\t\t\t\t\t\t\t<a href=\"https:\/\/sff-camara.com\/es\/sff-magazine-marzo-2026\/luxemburgo-y-la-carrera-por-el-talento-carried-interest-e-impatriates\/\" aria-label=\"Post Media\">\r\n\t\t\t\t\t<img loading=\"lazy\" decoding=\"async\" width=\"600\" height=\"420\" src=\"https:\/\/sff-camara.com\/wp-content\/uploads\/2026\/03\/Van-Campen-Liem-Image-March-2026-600x420.jpeg\" class=\"attachment-alpha-post-medium size-alpha-post-medium wp-post-image\" alt=\"\" srcset=\"https:\/\/sff-camara.com\/wp-content\/uploads\/2026\/03\/Van-Campen-Liem-Image-March-2026-600x420.jpeg 600w, https:\/\/sff-camara.com\/wp-content\/uploads\/2026\/03\/Van-Campen-Liem-Image-March-2026-400x280.jpeg 400w, https:\/\/sff-camara.com\/wp-content\/uploads\/2026\/03\/Van-Campen-Liem-Image-March-2026-570x400.jpeg 570w\" sizes=\"(max-width: 600px) 100vw, 600px\" \/>\t\t\t\t<\/a>\r\n\t\t\t<\/figure>\r\n\t\t\t<div class=\"post-details\">\r\n\t<div class=\"post-meta\">\r\n\t<a class=\"post-date\" href=\"https:\/\/sff-camara.com\/es\/2026\/03\/17\/\">marzo 17, 2026<\/a>\r\n\r\n\t<\/div>\r\n<h3 class=\"post-title\">\r\n\t<a href=\"https:\/\/sff-camara.com\/es\/sff-magazine-marzo-2026\/luxemburgo-y-la-carrera-por-el-talento-carried-interest-e-impatriates\/\">\r\n\t\tLuxemburgo y la carrera por el talento: carried interest e impatriates\t<\/a>\r\n<\/h3>\r\n<a href=\"https:\/\/sff-camara.com\/es\/sff-magazine-marzo-2026\/luxemburgo-y-la-carrera-por-el-talento-carried-interest-e-impatriates\/\" class=\"btn btn-link btn-underline btn-primary\">Leer m\u00e1s <i class=\"a-icon-long-arrow-right\"><\/i><\/a><\/div>\r\n\t<\/article>\r\n\r\n\t\r\n<\/div>\r\n\r\n<\/div>\t\t\t\t<\/div>\n\t\t\t\t<\/div>\n\t\t\t\t<div class=\"elementor-element elementor-element-1457a4cf elementor-widget elementor-widget-spacer\" data-id=\"1457a4cf\" data-element_type=\"widget\" data-e-type=\"widget\" data-widget_type=\"spacer.default\">\n\t\t\t\t<div class=\"elementor-widget-container\">\n\t\t\t\t\t\t\t<div class=\"elementor-spacer\">\n\t\t\t<div class=\"elementor-spacer-inner\"><\/div>\n\t\t<\/div>\n\t\t\t\t\t\t<\/div>\n\t\t\t\t<\/div>\n\t\t\t\t\t\t<\/div>\r\n\t\t\t\t<\/div>\r\n\t\t\t\t\t\t\t\t<\/div>\r\n\t\t\t<\/section>\r\n\t\t\t\t\t<\/div>\n\t\t","protected":false},"excerpt":{"rendered":"<p>Durante d\u00e9cadas, la gobernanza de los fondos de inversi\u00f3n se ha entendido principalmente como un sistema de control centrado en la supervisi\u00f3n de riesgos, el cumplimiento normativo y la verificaci\u00f3n [&hellip;]<\/p>\n","protected":false},"author":2,"featured_media":0,"comment_status":"closed","ping_status":"closed","sticky":false,"template":"","format":"standard","meta":{"_acf_changed":false,"_price":"","_stock":"","_tribe_ticket_header":"","_tribe_default_ticket_provider":"","_ticket_start_date":"","_ticket_end_date":"","_tribe_ticket_show_description":"","_tribe_ticket_show_not_going":false,"_tribe_ticket_use_global_stock":"","_tribe_ticket_global_stock_level":"","_global_stock_mode":"","_global_stock_cap":"","_tribe_rsvp_for_event":"","_tribe_ticket_going_count":"","_tribe_ticket_not_going_count":"","_tribe_tickets_list":"[]","_tribe_ticket_has_attendee_info_fields":false,"footnotes":""},"categories":[335],"tags":[290,249],"class_list":["post-19163","post","type-post","status-publish","format-standard","hentry","category-sff-magazine-march-2026","tag-consejero-independiente","tag-gobernanza"],"acf":[],"yoast_head":"<!-- This site is optimized with the Yoast SEO plugin v27.1.1 - https:\/\/yoast.com\/product\/yoast-seo-wordpress\/ -->\n<title>El nuevo papel del consejero independiente en la industria de fondos<\/title>\n<meta name=\"description\" content=\"C\u00f3mo los consejeros independientes est\u00e1n pasando de ser supervisores de riesgos a convertirse en guardianes del valor para los inversores en la gobernanza de los fondos de inversi\u00f3n internacionales.\" \/>\n<meta name=\"robots\" content=\"index, follow, max-snippet:-1, max-image-preview:large, max-video-preview:-1\" \/>\n<link rel=\"canonical\" href=\"https:\/\/sff-camara.com\/sff-magazine-march-2026\/the-new-role-of-the-independent-director-from-risk-supervisor-to-guardian-of-investor-value\/\" \/>\n<meta property=\"og:locale\" content=\"es_ES\" \/>\n<meta property=\"og:type\" content=\"article\" \/>\n<meta property=\"og:title\" content=\"El nuevo papel del consejero independiente en la industria de fondos\" \/>\n<meta property=\"og:description\" content=\"C\u00f3mo los consejeros independientes est\u00e1n pasando de ser supervisores de riesgos a convertirse en guardianes del valor para los inversores en la gobernanza de los fondos de inversi\u00f3n internacionales.\" \/>\n<meta property=\"og:url\" content=\"https:\/\/sff-camara.com\/sff-magazine-march-2026\/the-new-role-of-the-independent-director-from-risk-supervisor-to-guardian-of-investor-value\/\" \/>\n<meta property=\"og:site_name\" content=\"SFF\" \/>\n<meta property=\"article:published_time\" content=\"2026-03-17T06:20:23+00:00\" \/>\n<meta property=\"article:modified_time\" content=\"2026-03-17T08:49:39+00:00\" \/>\n<meta property=\"og:image\" content=\"https:\/\/sff-camara.com\/wp-content\/uploads\/2025\/07\/6686b335af75cd1691acb409_logo-1.png\" \/>\n\t<meta property=\"og:image:width\" content=\"322\" \/>\n\t<meta property=\"og:image:height\" content=\"108\" \/>\n\t<meta property=\"og:image:type\" content=\"image\/png\" \/>\n<meta name=\"author\" content=\"SFF\" \/>\n<meta name=\"twitter:card\" content=\"summary_large_image\" \/>\n<meta name=\"twitter:label1\" content=\"Escrito por\" \/>\n\t<meta name=\"twitter:data1\" content=\"SFF\" \/>\n\t<meta name=\"twitter:label2\" content=\"Tiempo de lectura\" \/>\n\t<meta name=\"twitter:data2\" content=\"8 minutos\" \/>\n<script type=\"application\/ld+json\" class=\"yoast-schema-graph\">{\"@context\":\"https:\/\/schema.org\",\"@graph\":[{\"@type\":\"Article\",\"@id\":\"https:\/\/sff-camara.com\/sff-magazine-march-2026\/the-new-role-of-the-independent-director-from-risk-supervisor-to-guardian-of-investor-value\/#article\",\"isPartOf\":{\"@id\":\"https:\/\/sff-camara.com\/sff-magazine-march-2026\/the-new-role-of-the-independent-director-from-risk-supervisor-to-guardian-of-investor-value\/\"},\"author\":{\"name\":\"SFF\",\"@id\":\"https:\/\/sff-camara.com\/#\/schema\/person\/4adb1bc18ccd0824990c909ad888ece9\"},\"headline\":\"El nuevo rol del consejero independiente, de supervisor de riesgos a guardi\u00e1n del valor del inversor\",\"datePublished\":\"2026-03-17T06:20:23+00:00\",\"dateModified\":\"2026-03-17T08:49:39+00:00\",\"mainEntityOfPage\":{\"@id\":\"https:\/\/sff-camara.com\/sff-magazine-march-2026\/the-new-role-of-the-independent-director-from-risk-supervisor-to-guardian-of-investor-value\/\"},\"wordCount\":1572,\"publisher\":{\"@id\":\"https:\/\/sff-camara.com\/#organization\"},\"image\":{\"@id\":\"https:\/\/sff-camara.com\/sff-magazine-march-2026\/the-new-role-of-the-independent-director-from-risk-supervisor-to-guardian-of-investor-value\/#primaryimage\"},\"thumbnailUrl\":\"https:\/\/sff-camara.com\/wp-content\/uploads\/2025\/07\/6686b335af75cd1691acb409_logo-1-300x101.png\",\"keywords\":[\"Consejero Independiente\",\"Gobernanza\"],\"articleSection\":[\"SFF Magazine March 2026\"],\"inLanguage\":\"es\"},{\"@type\":\"WebPage\",\"@id\":\"https:\/\/sff-camara.com\/sff-magazine-march-2026\/the-new-role-of-the-independent-director-from-risk-supervisor-to-guardian-of-investor-value\/\",\"url\":\"https:\/\/sff-camara.com\/sff-magazine-march-2026\/the-new-role-of-the-independent-director-from-risk-supervisor-to-guardian-of-investor-value\/\",\"name\":\"El nuevo papel del consejero independiente en la industria de fondos\",\"isPartOf\":{\"@id\":\"https:\/\/sff-camara.com\/#website\"},\"primaryImageOfPage\":{\"@id\":\"https:\/\/sff-camara.com\/sff-magazine-march-2026\/the-new-role-of-the-independent-director-from-risk-supervisor-to-guardian-of-investor-value\/#primaryimage\"},\"image\":{\"@id\":\"https:\/\/sff-camara.com\/sff-magazine-march-2026\/the-new-role-of-the-independent-director-from-risk-supervisor-to-guardian-of-investor-value\/#primaryimage\"},\"thumbnailUrl\":\"https:\/\/sff-camara.com\/wp-content\/uploads\/2025\/07\/6686b335af75cd1691acb409_logo-1-300x101.png\",\"datePublished\":\"2026-03-17T06:20:23+00:00\",\"dateModified\":\"2026-03-17T08:49:39+00:00\",\"description\":\"C\u00f3mo los consejeros independientes est\u00e1n pasando de ser supervisores de riesgos a convertirse en guardianes del valor para los inversores en la gobernanza de los fondos de inversi\u00f3n internacionales.\",\"breadcrumb\":{\"@id\":\"https:\/\/sff-camara.com\/sff-magazine-march-2026\/the-new-role-of-the-independent-director-from-risk-supervisor-to-guardian-of-investor-value\/#breadcrumb\"},\"inLanguage\":\"es\",\"potentialAction\":[{\"@type\":\"ReadAction\",\"target\":[\"https:\/\/sff-camara.com\/sff-magazine-march-2026\/the-new-role-of-the-independent-director-from-risk-supervisor-to-guardian-of-investor-value\/\"]}]},{\"@type\":\"ImageObject\",\"inLanguage\":\"es\",\"@id\":\"https:\/\/sff-camara.com\/sff-magazine-march-2026\/the-new-role-of-the-independent-director-from-risk-supervisor-to-guardian-of-investor-value\/#primaryimage\",\"url\":\"https:\/\/sff-camara.com\/wp-content\/uploads\/2025\/07\/6686b335af75cd1691acb409_logo-1-300x101.png\",\"contentUrl\":\"https:\/\/sff-camara.com\/wp-content\/uploads\/2025\/07\/6686b335af75cd1691acb409_logo-1-300x101.png\"},{\"@type\":\"BreadcrumbList\",\"@id\":\"https:\/\/sff-camara.com\/sff-magazine-march-2026\/the-new-role-of-the-independent-director-from-risk-supervisor-to-guardian-of-investor-value\/#breadcrumb\",\"itemListElement\":[{\"@type\":\"ListItem\",\"position\":1,\"name\":\"Home\",\"item\":\"https:\/\/sff-camara.com\/\"},{\"@type\":\"ListItem\",\"position\":2,\"name\":\"El nuevo rol del consejero independiente, de supervisor de riesgos a guardi\u00e1n del valor del inversor\"}]},{\"@type\":\"WebSite\",\"@id\":\"https:\/\/sff-camara.com\/#website\",\"url\":\"https:\/\/sff-camara.com\/\",\"name\":\"SFF\",\"description\":\"Spanish Financial Forum in Luxembourg\",\"publisher\":{\"@id\":\"https:\/\/sff-camara.com\/#organization\"},\"potentialAction\":[{\"@type\":\"SearchAction\",\"target\":{\"@type\":\"EntryPoint\",\"urlTemplate\":\"https:\/\/sff-camara.com\/?s={search_term_string}\"},\"query-input\":{\"@type\":\"PropertyValueSpecification\",\"valueRequired\":true,\"valueName\":\"search_term_string\"}}],\"inLanguage\":\"es\"},{\"@type\":\"Organization\",\"@id\":\"https:\/\/sff-camara.com\/#organization\",\"name\":\"Spanish Financial Forum in Luxembourg\",\"url\":\"https:\/\/sff-camara.com\/\",\"logo\":{\"@type\":\"ImageObject\",\"inLanguage\":\"es\",\"@id\":\"https:\/\/sff-camara.com\/#\/schema\/logo\/image\/\",\"url\":\"https:\/\/sff-camara.com\/wp-content\/uploads\/2023\/02\/cropped-LOGO-1.png\",\"contentUrl\":\"https:\/\/sff-camara.com\/wp-content\/uploads\/2023\/02\/cropped-LOGO-1.png\",\"width\":586,\"height\":222,\"caption\":\"Spanish Financial Forum in Luxembourg\"},\"image\":{\"@id\":\"https:\/\/sff-camara.com\/#\/schema\/logo\/image\/\"},\"sameAs\":[\"https:\/\/www.linkedin.com\/company\/camara-oficial-de-comercio-de-espana-en-belgica-y-luxemburgo\/\"]},{\"@type\":\"Person\",\"@id\":\"https:\/\/sff-camara.com\/#\/schema\/person\/4adb1bc18ccd0824990c909ad888ece9\",\"name\":\"SFF\",\"url\":\"https:\/\/sff-camara.com\/es\/author\/planinluxadmin\/\"}]}<\/script>\n<!-- \/ Yoast SEO plugin. -->","yoast_head_json":{"title":"El nuevo papel del consejero independiente en la industria de fondos","description":"C\u00f3mo los consejeros independientes est\u00e1n pasando de ser supervisores de riesgos a convertirse en guardianes del valor para los inversores en la gobernanza de los fondos de inversi\u00f3n internacionales.","robots":{"index":"index","follow":"follow","max-snippet":"max-snippet:-1","max-image-preview":"max-image-preview:large","max-video-preview":"max-video-preview:-1"},"canonical":"https:\/\/sff-camara.com\/sff-magazine-march-2026\/the-new-role-of-the-independent-director-from-risk-supervisor-to-guardian-of-investor-value\/","og_locale":"es_ES","og_type":"article","og_title":"El nuevo papel del consejero independiente en la industria de fondos","og_description":"C\u00f3mo los consejeros independientes est\u00e1n pasando de ser supervisores de riesgos a convertirse en guardianes del valor para los inversores en la gobernanza de los fondos de inversi\u00f3n internacionales.","og_url":"https:\/\/sff-camara.com\/sff-magazine-march-2026\/the-new-role-of-the-independent-director-from-risk-supervisor-to-guardian-of-investor-value\/","og_site_name":"SFF","article_published_time":"2026-03-17T06:20:23+00:00","article_modified_time":"2026-03-17T08:49:39+00:00","og_image":[{"width":322,"height":108,"url":"https:\/\/sff-camara.com\/wp-content\/uploads\/2025\/07\/6686b335af75cd1691acb409_logo-1.png","type":"image\/png"}],"author":"SFF","twitter_card":"summary_large_image","twitter_misc":{"Escrito por":"SFF","Tiempo de lectura":"8 minutos"},"schema":{"@context":"https:\/\/schema.org","@graph":[{"@type":"Article","@id":"https:\/\/sff-camara.com\/sff-magazine-march-2026\/the-new-role-of-the-independent-director-from-risk-supervisor-to-guardian-of-investor-value\/#article","isPartOf":{"@id":"https:\/\/sff-camara.com\/sff-magazine-march-2026\/the-new-role-of-the-independent-director-from-risk-supervisor-to-guardian-of-investor-value\/"},"author":{"name":"SFF","@id":"https:\/\/sff-camara.com\/#\/schema\/person\/4adb1bc18ccd0824990c909ad888ece9"},"headline":"El nuevo rol del consejero independiente, de supervisor de riesgos a guardi\u00e1n del valor del inversor","datePublished":"2026-03-17T06:20:23+00:00","dateModified":"2026-03-17T08:49:39+00:00","mainEntityOfPage":{"@id":"https:\/\/sff-camara.com\/sff-magazine-march-2026\/the-new-role-of-the-independent-director-from-risk-supervisor-to-guardian-of-investor-value\/"},"wordCount":1572,"publisher":{"@id":"https:\/\/sff-camara.com\/#organization"},"image":{"@id":"https:\/\/sff-camara.com\/sff-magazine-march-2026\/the-new-role-of-the-independent-director-from-risk-supervisor-to-guardian-of-investor-value\/#primaryimage"},"thumbnailUrl":"https:\/\/sff-camara.com\/wp-content\/uploads\/2025\/07\/6686b335af75cd1691acb409_logo-1-300x101.png","keywords":["Consejero Independiente","Gobernanza"],"articleSection":["SFF Magazine March 2026"],"inLanguage":"es"},{"@type":"WebPage","@id":"https:\/\/sff-camara.com\/sff-magazine-march-2026\/the-new-role-of-the-independent-director-from-risk-supervisor-to-guardian-of-investor-value\/","url":"https:\/\/sff-camara.com\/sff-magazine-march-2026\/the-new-role-of-the-independent-director-from-risk-supervisor-to-guardian-of-investor-value\/","name":"El nuevo papel del consejero independiente en la industria de fondos","isPartOf":{"@id":"https:\/\/sff-camara.com\/#website"},"primaryImageOfPage":{"@id":"https:\/\/sff-camara.com\/sff-magazine-march-2026\/the-new-role-of-the-independent-director-from-risk-supervisor-to-guardian-of-investor-value\/#primaryimage"},"image":{"@id":"https:\/\/sff-camara.com\/sff-magazine-march-2026\/the-new-role-of-the-independent-director-from-risk-supervisor-to-guardian-of-investor-value\/#primaryimage"},"thumbnailUrl":"https:\/\/sff-camara.com\/wp-content\/uploads\/2025\/07\/6686b335af75cd1691acb409_logo-1-300x101.png","datePublished":"2026-03-17T06:20:23+00:00","dateModified":"2026-03-17T08:49:39+00:00","description":"C\u00f3mo los consejeros independientes est\u00e1n pasando de ser supervisores de riesgos a convertirse en guardianes del valor para los inversores en la gobernanza de los fondos de inversi\u00f3n internacionales.","breadcrumb":{"@id":"https:\/\/sff-camara.com\/sff-magazine-march-2026\/the-new-role-of-the-independent-director-from-risk-supervisor-to-guardian-of-investor-value\/#breadcrumb"},"inLanguage":"es","potentialAction":[{"@type":"ReadAction","target":["https:\/\/sff-camara.com\/sff-magazine-march-2026\/the-new-role-of-the-independent-director-from-risk-supervisor-to-guardian-of-investor-value\/"]}]},{"@type":"ImageObject","inLanguage":"es","@id":"https:\/\/sff-camara.com\/sff-magazine-march-2026\/the-new-role-of-the-independent-director-from-risk-supervisor-to-guardian-of-investor-value\/#primaryimage","url":"https:\/\/sff-camara.com\/wp-content\/uploads\/2025\/07\/6686b335af75cd1691acb409_logo-1-300x101.png","contentUrl":"https:\/\/sff-camara.com\/wp-content\/uploads\/2025\/07\/6686b335af75cd1691acb409_logo-1-300x101.png"},{"@type":"BreadcrumbList","@id":"https:\/\/sff-camara.com\/sff-magazine-march-2026\/the-new-role-of-the-independent-director-from-risk-supervisor-to-guardian-of-investor-value\/#breadcrumb","itemListElement":[{"@type":"ListItem","position":1,"name":"Home","item":"https:\/\/sff-camara.com\/"},{"@type":"ListItem","position":2,"name":"El nuevo rol del consejero independiente, de supervisor de riesgos a guardi\u00e1n del valor del inversor"}]},{"@type":"WebSite","@id":"https:\/\/sff-camara.com\/#website","url":"https:\/\/sff-camara.com\/","name":"SFF","description":"Spanish Financial Forum in Luxembourg","publisher":{"@id":"https:\/\/sff-camara.com\/#organization"},"potentialAction":[{"@type":"SearchAction","target":{"@type":"EntryPoint","urlTemplate":"https:\/\/sff-camara.com\/?s={search_term_string}"},"query-input":{"@type":"PropertyValueSpecification","valueRequired":true,"valueName":"search_term_string"}}],"inLanguage":"es"},{"@type":"Organization","@id":"https:\/\/sff-camara.com\/#organization","name":"Spanish Financial Forum in Luxembourg","url":"https:\/\/sff-camara.com\/","logo":{"@type":"ImageObject","inLanguage":"es","@id":"https:\/\/sff-camara.com\/#\/schema\/logo\/image\/","url":"https:\/\/sff-camara.com\/wp-content\/uploads\/2023\/02\/cropped-LOGO-1.png","contentUrl":"https:\/\/sff-camara.com\/wp-content\/uploads\/2023\/02\/cropped-LOGO-1.png","width":586,"height":222,"caption":"Spanish Financial Forum in Luxembourg"},"image":{"@id":"https:\/\/sff-camara.com\/#\/schema\/logo\/image\/"},"sameAs":["https:\/\/www.linkedin.com\/company\/camara-oficial-de-comercio-de-espana-en-belgica-y-luxemburgo\/"]},{"@type":"Person","@id":"https:\/\/sff-camara.com\/#\/schema\/person\/4adb1bc18ccd0824990c909ad888ece9","name":"SFF","url":"https:\/\/sff-camara.com\/es\/author\/planinluxadmin\/"}]}},"_links":{"self":[{"href":"https:\/\/sff-camara.com\/es\/wp-json\/wp\/v2\/posts\/19163","targetHints":{"allow":["GET"]}}],"collection":[{"href":"https:\/\/sff-camara.com\/es\/wp-json\/wp\/v2\/posts"}],"about":[{"href":"https:\/\/sff-camara.com\/es\/wp-json\/wp\/v2\/types\/post"}],"author":[{"embeddable":true,"href":"https:\/\/sff-camara.com\/es\/wp-json\/wp\/v2\/users\/2"}],"replies":[{"embeddable":true,"href":"https:\/\/sff-camara.com\/es\/wp-json\/wp\/v2\/comments?post=19163"}],"version-history":[{"count":10,"href":"https:\/\/sff-camara.com\/es\/wp-json\/wp\/v2\/posts\/19163\/revisions"}],"predecessor-version":[{"id":19333,"href":"https:\/\/sff-camara.com\/es\/wp-json\/wp\/v2\/posts\/19163\/revisions\/19333"}],"wp:attachment":[{"href":"https:\/\/sff-camara.com\/es\/wp-json\/wp\/v2\/media?parent=19163"}],"wp:term":[{"taxonomy":"category","embeddable":true,"href":"https:\/\/sff-camara.com\/es\/wp-json\/wp\/v2\/categories?post=19163"},{"taxonomy":"post_tag","embeddable":true,"href":"https:\/\/sff-camara.com\/es\/wp-json\/wp\/v2\/tags?post=19163"}],"curies":[{"name":"wp","href":"https:\/\/api.w.org\/{rel}","templated":true}]}}