{"id":17144,"date":"2025-06-17T12:00:53","date_gmt":"2025-06-17T12:00:53","guid":{"rendered":"https:\/\/sff-camara.com\/?p=17144"},"modified":"2025-06-18T17:16:22","modified_gmt":"2025-06-18T17:16:22","slug":"accesibilidad-financiera-un-compromiso-europeo-con-impacto-real","status":"publish","type":"post","link":"https:\/\/sff-camara.com\/es\/sff-magazine-junio-2025\/accesibilidad-financiera-un-compromiso-europeo-con-impacto-real\/","title":{"rendered":"Accesibilidad financiera: un compromiso europeo con impacto real"},"content":{"rendered":"\t\t<div data-elementor-type=\"wp-post\" data-elementor-id=\"17144\" class=\"elementor elementor-17144 elementor-17143\">\n\t\t\t\t\t\t<section class=\" elementor-section elementor-top-section elementor-element elementor-element-f377bdd elementor-section-boxed elementor-section-height-default elementor-section-height-default\" data-id=\"f377bdd\" data-element_type=\"section\" data-e-type=\"section\">\r\n\t\t\t\t\t\t\t\t<div class=\"elementor-container elementor-column-gap-default\">\r\n\t\t\t\t\r\n\t\t\t\t\t\t\t\t<div class=\" elementor-column elementor-col-100 elementor-top-column elementor-element elementor-element-26c6730c \" data-id=\"26c6730c\" data-element_type=\"column\" data-e-type=\"column\">\r\n\r\n\t\t\t\t\r\n\t\t\t\t<div class=\"elementor-widget-wrap elementor-element-populated\">\r\n\t\t\t\t\t\t\t\t\t\t\r\n\t\t\t\t\t\t<div class=\"elementor-element elementor-element-7ba72526 elementor-widget elementor-widget-heading\" data-id=\"7ba72526\" data-element_type=\"widget\" data-e-type=\"widget\" data-widget_type=\"heading.default\">\n\t\t\t\t<div class=\"elementor-widget-container\">\n\t\t\t\t\t<h3 class=\"elementor-heading-title elementor-size-default\">Accesibilidad financiera: un compromiso europeo con impacto real<\/h3>\t\t\t\t<\/div>\n\t\t\t\t<\/div>\n\t\t\t\t<div class=\"elementor-element elementor-element-22afa2a4 elementor-widget elementor-widget-spacer\" data-id=\"22afa2a4\" data-element_type=\"widget\" data-e-type=\"widget\" data-widget_type=\"spacer.default\">\n\t\t\t\t<div class=\"elementor-widget-container\">\n\t\t\t\t\t\t\t<div class=\"elementor-spacer\">\n\t\t\t<div class=\"elementor-spacer-inner\"><\/div>\n\t\t<\/div>\n\t\t\t\t\t\t<\/div>\n\t\t\t\t<\/div>\n\t\t\t\t<div class=\"elementor-element elementor-element-4f1fdaa8 elementor-widget elementor-widget-text-editor\" data-id=\"4f1fdaa8\" data-element_type=\"widget\" data-e-type=\"widget\" data-widget_type=\"text-editor.default\">\n\t\t\t\t<div class=\"elementor-widget-container\">\n\t\t\t\t\t\t\t\t\t<a href=\"https:\/\/sff-camara.com\/es\/categoria\/sff-magazine-junio-2025\/\" rel=\"tag\">SFF Magazine Junio 2025<\/a>\t\t\t\t\t\t\t\t<\/div>\n\t\t\t\t<\/div>\n\t\t\t\t<div class=\"elementor-element elementor-element-31767f27 elementor-widget elementor-widget-spacer\" data-id=\"31767f27\" data-element_type=\"widget\" data-e-type=\"widget\" data-widget_type=\"spacer.default\">\n\t\t\t\t<div class=\"elementor-widget-container\">\n\t\t\t\t\t\t\t<div class=\"elementor-spacer\">\n\t\t\t<div class=\"elementor-spacer-inner\"><\/div>\n\t\t<\/div>\n\t\t\t\t\t\t<\/div>\n\t\t\t\t<\/div>\n\t\t\t\t<div class=\"elementor-element elementor-element-3eef0661 elementor-widget elementor-widget-text-editor\" data-id=\"3eef0661\" data-element_type=\"widget\" data-e-type=\"widget\" data-widget_type=\"text-editor.default\">\n\t\t\t\t<div class=\"elementor-widget-container\">\n\t\t\t\t\t\t\t\t\tTem\u00e1ticas: <a href=\"https:\/\/sff-camara.com\/es\/temticas\/diversidad\/\" rel=\"tag\">Diversidad<\/a>\t\t\t\t\t\t\t\t<\/div>\n\t\t\t\t<\/div>\n\t\t\t\t\t\t<\/div>\r\n\t\t\t\t<\/div>\r\n\t\t\t\t\t\t\t\t<\/div>\r\n\t\t\t<\/section>\r\n\t\t\t\t\t<section class=\" elementor-section elementor-top-section elementor-element elementor-element-7e68654 elementor-section-boxed elementor-section-height-default elementor-section-height-default\" data-id=\"7e68654\" data-element_type=\"section\" data-e-type=\"section\">\r\n\t\t\t\t\t\t\t\t<div class=\"elementor-container elementor-column-gap-default\">\r\n\t\t\t\t\r\n\t\t\t\t\t\t\t\t<div class=\" elementor-column elementor-col-100 elementor-top-column elementor-element elementor-element-baddc1b \" data-id=\"baddc1b\" data-element_type=\"column\" data-e-type=\"column\">\r\n\r\n\t\t\t\t\r\n\t\t\t\t<div class=\"elementor-widget-wrap elementor-element-populated\">\r\n\t\t\t\t\t\t\t\t\t\t\r\n\t\t\t\t\t\t<div class=\"elementor-element elementor-element-019df56 elementor-widget elementor-widget-text-editor\" data-id=\"019df56\" data-element_type=\"widget\" data-e-type=\"widget\" data-widget_type=\"text-editor.default\">\n\t\t\t\t<div class=\"elementor-widget-container\">\n\t\t\t\t\t\t\t\t\t<blockquote><p>En un contexto europeo marcado por la entrada en vigor, el pr\u00f3ximo 28 de junio, de la <strong>European Accessibility Act<\/strong> (EAA), la Fundaci\u00f3n ONCE, el European Accessibility Resource Centre &#8211; AccessibleEU y la Federaci\u00f3n Bancaria Europea (EBF) organizan un evento clave el 1 de julio en Bruselas para analizar <strong>c\u00f3mo el sector financiero puede adaptarse a este nuevo marco legal que impulsa la accesibilidad digital.<\/strong><\/p><p>Para conocer m\u00e1s sobre los objetivos de este encuentro y el papel que est\u00e1n jugando instituciones pioneras en el impulso de la inclusi\u00f3n financiera, hablamos con <b>Jes\u00fas Hern\u00e1ndez Gal\u00e1n<\/b>, Director del European Accessibility Resource Centre y Director de Accesibilidad e Innovaci\u00f3n en Fundaci\u00f3n ONCE, y con <b>Mar\u00eda Abascal<\/b>, Presidenta del Comit\u00e9 Ejecutivo de la EBF y Directora General de la Asociaci\u00f3n Espa\u00f1ola de Banca (AEB). Ambos lideran esta iniciativa conjunta que busca dar respuesta a los retos del sector bancario en materia de accesibilidad, ofreciendo soluciones concretas para mejorar la experiencia de millones de ciudadanos europeos con discapacidad y personas mayores. <\/p><\/blockquote>\t\t\t\t\t\t\t\t<\/div>\n\t\t\t\t<\/div>\n\t\t\t\t<div class=\"elementor-element elementor-element-ddf1d1c elementor-widget-divider--view-line elementor-widget elementor-widget-divider\" data-id=\"ddf1d1c\" data-element_type=\"widget\" data-e-type=\"widget\" data-widget_type=\"divider.default\">\n\t\t\t\t<div class=\"elementor-widget-container\">\n\t\t\t\t\t\t\t<div class=\"elementor-divider\">\n\t\t\t<span class=\"elementor-divider-separator\">\n\t\t\t\t\t\t<\/span>\n\t\t<\/div>\n\t\t\t\t\t\t<\/div>\n\t\t\t\t<\/div>\n\t\t\t\t\t\t<\/div>\r\n\t\t\t\t<\/div>\r\n\t\t\t\t\t\t\t\t<\/div>\r\n\t\t\t<\/section>\r\n\t\t\t\t\t<section class=\" elementor-section elementor-top-section elementor-element elementor-element-f0228d9 elementor-section-boxed elementor-section-height-default elementor-section-height-default\" data-id=\"f0228d9\" data-element_type=\"section\" data-e-type=\"section\">\r\n\t\t\t\t\t\t\t\t<div class=\"elementor-container elementor-column-gap-default\">\r\n\t\t\t\t\r\n\t\t\t\t\t\t\t\t<div class=\" elementor-column elementor-col-100 elementor-top-column elementor-element elementor-element-530b86a \" data-id=\"530b86a\" data-element_type=\"column\" data-e-type=\"column\">\r\n\r\n\t\t\t\t\r\n\t\t\t\t<div class=\"elementor-widget-wrap elementor-element-populated\">\r\n\t\t\t\t\t\t\t\t\t\t\r\n\t\t\t\t\t\t<div class=\"elementor-element elementor-element-295a0cd elementor-widget elementor-widget-text-editor\" data-id=\"295a0cd\" data-element_type=\"widget\" data-e-type=\"widget\" data-widget_type=\"text-editor.default\">\n\t\t\t\t<div class=\"elementor-widget-container\">\n\t\t\t\t\t\t\t\t\t<h5><b>\u00bfQu\u00e9 motivaciones llevaron a organizar este evento conjunto en Bruselas sobre accesibilidad bancaria y la<\/b> <b><i>European Accessibility Act<\/i><\/b><b><span class=\"Apple-converted-space\">?<\/span><\/b> <b><\/b><\/h5><p><span style=\"color: #008000;\">(JES\u00daS)<\/span> Nuestra motivaci\u00f3n se basa principalmente en que <strong>muchos ciudadanos tienen dificultades para acceder a los servicios bancarios por razones de accesibilidad<\/strong> y en que la <i>Ley Europea de Accesibilidad <\/i>hace menci\u00f3n expresa a que los servicios bancarios sean accesibles. Sabemos que algunas entidades financieras llevan a\u00f1os preocupadas por mejorar su accesibilidad, pero otras muchas tienen a\u00fan bastante camino por recorrer. Por este motivo, consideramos que <strong>este evento ayudar\u00e1 a compartir conocimiento en materia de accesibilidad, aportando claves para que las entidades puedan ajustarse a los requerimientos legales a la mayor brevedad posible.<\/strong>  <\/p>\t\t\t\t\t\t\t\t<\/div>\n\t\t\t\t<\/div>\n\t\t\t\t\t\t<\/div>\r\n\t\t\t\t<\/div>\r\n\t\t\t\t\t\t\t\t<\/div>\r\n\t\t\t<\/section>\r\n\t\t\t\t\t<section class=\" elementor-section elementor-top-section elementor-element elementor-element-cd0ea6f elementor-section-boxed elementor-section-height-default elementor-section-height-default\" data-id=\"cd0ea6f\" data-element_type=\"section\" data-e-type=\"section\">\r\n\t\t\t\t\t\t\t\t<div class=\"elementor-container elementor-column-gap-default\">\r\n\t\t\t\t\r\n\t\t\t\t\t\t\t\t<div class=\" elementor-column elementor-col-100 elementor-top-column elementor-element elementor-element-e824e8d \" data-id=\"e824e8d\" data-element_type=\"column\" data-e-type=\"column\">\r\n\r\n\t\t\t\t\r\n\t\t\t\t<div class=\"elementor-widget-wrap elementor-element-populated\">\r\n\t\t\t\t\t\t\t\t\t\t\r\n\t\t\t\t\t\t<div class=\"elementor-element elementor-element-154a507 elementor-widget elementor-widget-text-editor\" data-id=\"154a507\" data-element_type=\"widget\" data-e-type=\"widget\" data-widget_type=\"text-editor.default\">\n\t\t\t\t<div class=\"elementor-widget-container\">\n\t\t\t\t\t\t\t\t\t<h5><b>\u00bfQu\u00e9 aspectos diferenciales ofrecer\u00e1 esta jornada frente a otras iniciativas similares en el \u00e1mbito financiero?<span class=\"Apple-converted-space\"> <\/span><\/b><b><\/b><\/h5><p><span style=\"color: #ff6600;\">(MARIA)<\/span> Es la primera vez que, en el marco de la Federaci\u00f3n Bancaria Europea (EBF, por sus siglas en ingles) y en colaboraci\u00f3n con el Centro Europeo de Accesibilidad (AccessibleEU), se abordan de forma conjunta cuestiones tan cruciales para el sector como <strong>la accesibilidad de los clientes a los servicios bancarios.<\/strong> Lo hacemos con una visi\u00f3n integrada, espec\u00edficamente enfocada al \u00e1mbito bancario y en clave europea, en l\u00ednea con lo establecido por la Directiva (UE) 2019\/882 del Parlamento Europeo y del Consejo, que marca los requisitos de accesibilidad para productos y servicios.  <strong>Esta iniciativa representa un paso significativo hacia un sistema financiero m\u00e1s inclusivo y accesible para todos.<\/strong><\/p><p>El sector bancario ha sido siempre punta de lanza en accesibilidad, as\u00ed, desde EBF, estamos encantados de poder celebrar este evento y esperamos sea fuente de energ\u00eda e inspirador para otros sectores.<\/p>\t\t\t\t\t\t\t\t<\/div>\n\t\t\t\t<\/div>\n\t\t\t\t\t\t<\/div>\r\n\t\t\t\t<\/div>\r\n\t\t\t\t\t\t\t\t<\/div>\r\n\t\t\t<\/section>\r\n\t\t\t\t\t<section class=\" elementor-section elementor-top-section elementor-element elementor-element-46aada5 elementor-section-boxed elementor-section-height-default elementor-section-height-default\" data-id=\"46aada5\" data-element_type=\"section\" data-e-type=\"section\">\r\n\t\t\t\t\t\t\t\t<div class=\"elementor-container elementor-column-gap-default\">\r\n\t\t\t\t\r\n\t\t\t\t\t\t\t\t<div class=\" elementor-column elementor-col-100 elementor-top-column elementor-element elementor-element-b60c929 \" data-id=\"b60c929\" data-element_type=\"column\" data-e-type=\"column\">\r\n\r\n\t\t\t\t\r\n\t\t\t\t<div class=\"elementor-widget-wrap elementor-element-populated\">\r\n\t\t\t\t\t\t\t\t\t\t\r\n\t\t\t\t\t\t<div class=\"elementor-element elementor-element-60de712 elementor-widget elementor-widget-text-editor\" data-id=\"60de712\" data-element_type=\"widget\" data-e-type=\"widget\" data-widget_type=\"text-editor.default\">\n\t\t\t\t<div class=\"elementor-widget-container\">\n\t\t\t\t\t\t\t\t\t<h5><b>\u00bfQu\u00e9 implicaciones tiene la European Accessibility Act para el sector financiero a partir del 28 de junio?<span class=\"Apple-converted-space\"> <\/span><\/b><\/h5><p><span style=\"color: #008000;\">(JES\u00daS)<\/span> Realmente tiene muchas implicaciones, ya que, por ejemplo, los cajeros autom\u00e1ticos, tanto el hardware, como la operativa, deber\u00e1n ser accesibles para todas las personas con discapacidad. Tambi\u00e9n otros servicios altamente empleados por los clientes, como son los sitios web y las aplicaciones m\u00f3viles, as\u00ed como los documentos digitales orientados a la contrataci\u00f3n de productos financieros. Asimismo hay muchas personas, especialmente personas mayores que tienen dificultades para utilizar canales digitales.  <\/p>\t\t\t\t\t\t\t\t<\/div>\n\t\t\t\t<\/div>\n\t\t\t\t\t\t<\/div>\r\n\t\t\t\t<\/div>\r\n\t\t\t\t\t\t\t\t<\/div>\r\n\t\t\t<\/section>\r\n\t\t\t\t\t<section class=\" elementor-section elementor-top-section elementor-element elementor-element-bcc7725 elementor-section-boxed elementor-section-height-default elementor-section-height-default\" data-id=\"bcc7725\" data-element_type=\"section\" data-e-type=\"section\">\r\n\t\t\t\t\t\t\t\t<div class=\"elementor-container elementor-column-gap-default\">\r\n\t\t\t\t\r\n\t\t\t\t\t\t\t\t<div class=\" elementor-column elementor-col-50 elementor-top-column elementor-element elementor-element-f19cac5 \" data-id=\"f19cac5\" data-element_type=\"column\" data-e-type=\"column\">\r\n\r\n\t\t\t\t\r\n\t\t\t\t<div class=\"elementor-widget-wrap elementor-element-populated\">\r\n\t\t\t\t\t\t\t\t\t\t\r\n\t\t\t\t\t\t<div class=\"elementor-element elementor-element-b4f9935 elementor-widget elementor-widget-text-editor\" data-id=\"b4f9935\" data-element_type=\"widget\" data-e-type=\"widget\" data-widget_type=\"text-editor.default\">\n\t\t\t\t<div class=\"elementor-widget-container\">\n\t\t\t\t\t\t\t\t\t<h5><b>\u00bfCu\u00e1les son los principales retos que enfrentan hoy los bancos para cumplir con estos nuevos requerimientos?<span class=\"Apple-converted-space\"> <\/span><\/b><b><\/b><\/h5><p><span style=\"color: #ff6600;\">(MARIA)<\/span> <strong>Uno de los principales retos que enfrentan hoy los bancos es la adaptaci\u00f3n integral de sus procesos, canales y tecnolog\u00edas a la entrada en vigor de la citada Directiva.<\/strong> Esto abarca desde la adecuaci\u00f3n f\u00edsica de espacios, la accesibilidad de cajeros y terminales de autoservicio, hasta la atenci\u00f3n al cliente, la comunicaci\u00f3n accesible y, por supuesto, la accesibilidad digital en p\u00e1ginas web, aplicaciones m\u00f3viles, productos y servicios financieros.<\/p><p>Adem\u00e1s \u2014y aunque no se menciona de forma directa en la Directiva\u2014 es fundamental seguir avanzando tambi\u00e9n en la formaci\u00f3n y sensibilizaci\u00f3n de los empleados, que es clave para garantizar una atenci\u00f3n verdaderamente inclusiva.<\/p><p>Es importante tener en cuenta que no todas las entidades parten del mismo punto ni disponen de los mismos recursos. Sin embargo, lo que s\u00ed es com\u00fan a todas ellas es <strong>el compromiso real con esta transformaci\u00f3n<\/strong>. Sabemos que todo el sector est\u00e1 recorriendo el camino de la mejora en estos \u00e1mbitos.  <\/p><p>No lo est\u00e1n haciendo solo por obligaci\u00f3n normativa. Aunque desde luego celebramos que exista un marco legal que impulse estos avances, las entidades bancarias llevan a\u00f1os trabajando en accesibilidad por aut\u00e9ntica convicci\u00f3n. Porque forma parte de su prop\u00f3sito: garantizar que todos los clientes, sin excepci\u00f3n, puedan acceder en igualdad de condiciones a los servicios financieros.  <\/p><p><strong>La plena accesibilidad es una oportunidad para construir una banca m\u00e1s inclusiva<\/strong>, m\u00e1s pr\u00f3xima y m\u00e1s \u00fatil para toda la sociedad.<\/p>\t\t\t\t\t\t\t\t<\/div>\n\t\t\t\t<\/div>\n\t\t\t\t\t\t<\/div>\r\n\t\t\t\t<\/div>\r\n\t\t\t\t\t\t\t\t\t<div class=\" elementor-column elementor-col-50 elementor-top-column elementor-element elementor-element-4f4a5a0 \" data-id=\"4f4a5a0\" data-element_type=\"column\" data-e-type=\"column\">\r\n\r\n\t\t\t\t\r\n\t\t\t\t<div class=\"elementor-widget-wrap elementor-element-populated\">\r\n\t\t\t\t\t\t\t\t\t\t\r\n\t\t\t\t\t\t<div class=\"elementor-element elementor-element-42040b3 elementor-widget elementor-widget-udesign_widget_testimonial_group\" data-id=\"42040b3\" data-element_type=\"widget\" data-e-type=\"widget\" data-widget_type=\"udesign_widget_testimonial_group.default\">\n\t\t\t\t<div class=\"elementor-widget-container\">\n\t\t\t\t\t<div class=\"testimonial-group  row cols-lg-1 cols-md-1 cols-sm-1 cols-1\"><div class=\"widget-testimonial-wrap\"><blockquote class=\"testimonial testimonial-boxed testimonial-aside \" data-rating=\"5\"><div class=\"content\"><p class=\"comment\">\"No lo est\u00e1n haciendo solo por obligaci\u00f3n normativa. Aunque desde luego celebramos que exista un marco legal que impulse estos avances, las entidades bancarias llevan a\u00f1os trabajando en accesibilidad por aut\u00e9ntica convicci\u00f3n. Porque forma parte de su prop\u00f3sito: garantizar que todos los clientes, sin excepci\u00f3n, puedan acceder en igualdad de condiciones a los servicios financieros.\"<\/p><\/div><div class=\"commentor\"><div class=\"avatar img-avatar\"><img fetchpriority=\"high\" decoding=\"async\" width=\"1307\" height=\"1365\" src=\"https:\/\/sff-camara.com\/wp-content\/uploads\/2025\/06\/Maria-Abascal-e1750075827904.jpeg\" class=\"attachment-full size-full wp-image-16736\" alt=\"\" srcset=\"https:\/\/sff-camara.com\/wp-content\/uploads\/2025\/06\/Maria-Abascal-e1750075827904.jpeg 1307w, https:\/\/sff-camara.com\/wp-content\/uploads\/2025\/06\/Maria-Abascal-e1750075827904-980x1024.jpeg 980w, https:\/\/sff-camara.com\/wp-content\/uploads\/2025\/06\/Maria-Abascal-e1750075827904-768x802.jpeg 768w\" sizes=\"(max-width: 1307px) 100vw, 1307px\" \/><\/div><div class=\"commentor-info\"><cite><span class=\"name\">Maria Abascal<\/span><span class=\"role\">Presidenta del Comit\u00e9 Ejecutivo de la EBF y Directora General de la Asociaci\u00f3n Espa\u00f1ola de Banca (AEB)<\/span><\/cite><\/div><\/div><\/blockquote><\/div><\/div>\t\t\t\t<\/div>\n\t\t\t\t<\/div>\n\t\t\t\t\t\t<\/div>\r\n\t\t\t\t<\/div>\r\n\t\t\t\t\t\t\t\t<\/div>\r\n\t\t\t<\/section>\r\n\t\t\t\t\t<section class=\" elementor-section elementor-top-section elementor-element elementor-element-cb993bc elementor-section-boxed elementor-section-height-default elementor-section-height-default\" data-id=\"cb993bc\" data-element_type=\"section\" data-e-type=\"section\">\r\n\t\t\t\t\t\t\t\t<div class=\"elementor-container elementor-column-gap-default\">\r\n\t\t\t\t\r\n\t\t\t\t\t\t\t\t<div class=\" elementor-column elementor-col-100 elementor-top-column elementor-element elementor-element-2a46a95 \" data-id=\"2a46a95\" data-element_type=\"column\" data-e-type=\"column\">\r\n\r\n\t\t\t\t\r\n\t\t\t\t<div class=\"elementor-widget-wrap elementor-element-populated\">\r\n\t\t\t\t\t\t\t\t\t\t\r\n\t\t\t\t\t\t<div class=\"elementor-element elementor-element-c4bc062 elementor-widget elementor-widget-text-editor\" data-id=\"c4bc062\" data-element_type=\"widget\" data-e-type=\"widget\" data-widget_type=\"text-editor.default\">\n\t\t\t\t<div class=\"elementor-widget-container\">\n\t\t\t\t\t\t\t\t\t<h4><span style=\"text-decoration: underline;\">Sobre el European Accessibility Resource Centre (AccessibleEU)<\/span><\/h4><h5><b>Jes\u00fas, \u00bfpodr\u00eda explicarnos brevemente qu\u00e9 es el European Accessibility Resource Centre y qu\u00e9 papel juega en la implementaci\u00f3n de la EAA?<span class=\"Apple-converted-space\"> <\/span><\/b><\/h5><p><span style=\"color: #008000;\">(JES\u00daS)<\/span> <strong>AccessibleEU es una de las iniciativas emblem\u00e1ticas propuestas por la Estrategia de la Comisi\u00f3n Europea para los Derechos de las Personas con Discapacidad 2021-2030<\/strong>. En esencia, es un centro de recursos sobre accesibilidad que trabaja en \u00e1reas como el entorno construido, el transporte y las tecnolog\u00edas de la informaci\u00f3n y la comunicaci\u00f3n para garantizar la participaci\u00f3n de todos los ciudadanos en todos los \u00e1mbitos de la vida en igualdad de condiciones. Desde este centro ayudamos a los pa\u00edses miembros de la Uni\u00f3n Europea a adquirir conocimientos sobre accesibilidad.  <\/p>\t\t\t\t\t\t\t\t<\/div>\n\t\t\t\t<\/div>\n\t\t\t\t<div class=\"elementor-element elementor-element-e895b3e elementor-widget elementor-widget-text-editor\" data-id=\"e895b3e\" data-element_type=\"widget\" data-e-type=\"widget\" data-widget_type=\"text-editor.default\">\n\t\t\t\t<div class=\"elementor-widget-container\">\n\t\t\t\t\t\t\t\t\t<h5><b>\u00bfQu\u00e9 tipo de apoyo pr\u00e1ctico ofrece AccessibleEU a entidades financieras que buscan mejorar su accesibilidad?<span class=\"Apple-converted-space\"> <\/span><\/b><\/h5><p><span style=\"color: #008000;\">(JES\u00daS)<\/span> Desde AccessibleEU desarrollamos casi un centenar de eventos sobre accesibilidad al a\u00f1o por toda Europa. Gran parte de estos eventos resultan de utilidad para las entidades financieras, ya que abordan diferentes perspectivas de la accesibilidad: tecnolog\u00eda, entorno construido, accesibilidad cognitiva, etc. Adem\u00e1s, desarrollamos gu\u00edas y estudios cuyos contenidos son igualmente \u00fatiles: por ejemplo, un estudio orientado a emplear la inteligencia artificial para potenciar la accesibilidad o una gu\u00eda pr\u00e1ctica para comprender los requerimientos asociados a la <i>Ley Europea de Accesibilidad<\/i>. Tambi\u00e9n contamos con una biblioteca digital que contiene publicaciones relevantes sobre accesibilidad y con una comunidad de pr\u00e1ctica online donde cualquier persona interesada en accesibilidad puede intercambiar conocimientos en esta materia.   <\/p>\t\t\t\t\t\t\t\t<\/div>\n\t\t\t\t<\/div>\n\t\t\t\t<div class=\"elementor-element elementor-element-f86f89f elementor-widget elementor-widget-text-editor\" data-id=\"f86f89f\" data-element_type=\"widget\" data-e-type=\"widget\" data-widget_type=\"text-editor.default\">\n\t\t\t\t<div class=\"elementor-widget-container\">\n\t\t\t\t\t\t\t\t\t<h5>\u00bfC\u00f3mo est\u00e1 contribuyendo la recopilaci\u00f3n de buenas pr\u00e1cticas por parte de AccessibleEU a la transformaci\u00f3n del sector?<span class=\"Apple-converted-space\"> <\/span><\/h5><p><span style=\"color: #008000;\">(JES\u00daS)<\/span> Est\u00e1 ayudando notablemente, ya que cuando una entidad quiere dar sus primeros pasos en materia de accesibilidad, no parte de cero. Es decir, cuenta con un centro de recursos en accesibilidad que le permite acceder a fuentes relevantes y a una descripci\u00f3n de buenas pr\u00e1cticas desarrolladas por entidades que ya han recorrido parte del camino. <\/p>\t\t\t\t\t\t\t\t<\/div>\n\t\t\t\t<\/div>\n\t\t\t\t<div class=\"elementor-element elementor-element-79b8ca9 elementor-widget elementor-widget-udesign_widget_testimonial_group\" data-id=\"79b8ca9\" data-element_type=\"widget\" data-e-type=\"widget\" data-widget_type=\"udesign_widget_testimonial_group.default\">\n\t\t\t\t<div class=\"elementor-widget-container\">\n\t\t\t\t\t<div class=\"testimonial-group  row cols-lg-1 cols-md-1 cols-sm-1 cols-1\"><div class=\"widget-testimonial-wrap\"><blockquote class=\"testimonial testimonial-boxed testimonial-aside \" data-rating=\"5\"><div class=\"content\"><p class=\"comment\">\"Desde AccessibleEU desarrollamos casi un centenar de eventos sobre accesibilidad al a\u00f1o por toda Europa. Gran parte de estos eventos resultan de utilidad para las entidades financieras, ya que abordan diferentes perspectivas de la accesibilidad: tecnolog\u00eda, entorno construido, accesibilidad cognitiva, etc. Adem\u00e1s, desarrollamos gu\u00edas y estudios cuyos contenidos son igualmente \u00fatiles: por ejemplo, un estudio orientado a emplear la inteligencia artificial para potenciar la accesibilidad o una gu\u00eda pr\u00e1ctica para comprender los requerimientos asociados a la Ley Europea de Accesibilidad. Tambi\u00e9n contamos con una biblioteca digital que contiene publicaciones relevantes sobre accesibilidad y con una comunidad de pr\u00e1ctica online donde cualquier persona interesada en accesibilidad puede intercambiar conocimientos en esta materia.\"<\/p><\/div><div class=\"commentor\"><div class=\"avatar img-avatar\"><img decoding=\"async\" width=\"1707\" height=\"2202\" src=\"https:\/\/sff-camara.com\/wp-content\/uploads\/2025\/06\/foto-Jesus-3-scaled-e1750075891408.jpg\" class=\"attachment-full size-full wp-image-16734\" alt=\"\" srcset=\"https:\/\/sff-camara.com\/wp-content\/uploads\/2025\/06\/foto-Jesus-3-scaled-e1750075891408.jpg 1707w, https:\/\/sff-camara.com\/wp-content\/uploads\/2025\/06\/foto-Jesus-3-scaled-e1750075891408-794x1024.jpg 794w, https:\/\/sff-camara.com\/wp-content\/uploads\/2025\/06\/foto-Jesus-3-scaled-e1750075891408-768x991.jpg 768w, https:\/\/sff-camara.com\/wp-content\/uploads\/2025\/06\/foto-Jesus-3-scaled-e1750075891408-1191x1536.jpg 1191w, https:\/\/sff-camara.com\/wp-content\/uploads\/2025\/06\/foto-Jesus-3-scaled-e1750075891408-1588x2048.jpg 1588w\" sizes=\"(max-width: 1707px) 100vw, 1707px\" \/><\/div><div class=\"commentor-info\"><cite><span class=\"name\">Jes\u00fas Hern\u00e1ndez Gal\u00e1n<\/span><span class=\"role\">Director del European Accessibility Resource Centre y Director de Accesibilidad e Innovaci\u00f3n de la Fundaci\u00f3n ONCE<\/span><\/cite><\/div><\/div><\/blockquote><\/div><\/div>\t\t\t\t<\/div>\n\t\t\t\t<\/div>\n\t\t\t\t\t\t<\/div>\r\n\t\t\t\t<\/div>\r\n\t\t\t\t\t\t\t\t<\/div>\r\n\t\t\t<\/section>\r\n\t\t\t\t\t<section class=\" elementor-section elementor-top-section elementor-element elementor-element-5f05086 elementor-section-boxed elementor-section-height-default elementor-section-height-default\" data-id=\"5f05086\" data-element_type=\"section\" data-e-type=\"section\">\r\n\t\t\t\t\t\t\t\t<div class=\"elementor-container elementor-column-gap-default\">\r\n\t\t\t\t\r\n\t\t\t\t\t\t\t\t<div class=\" elementor-column elementor-col-100 elementor-top-column elementor-element elementor-element-8264c34 \" data-id=\"8264c34\" data-element_type=\"column\" data-e-type=\"column\">\r\n\r\n\t\t\t\t\r\n\t\t\t\t<div class=\"elementor-widget-wrap elementor-element-populated\">\r\n\t\t\t\t\t\t\t\t\t\t\r\n\t\t\t\t\t\t<div class=\"elementor-element elementor-element-ebeb17a elementor-widget elementor-widget-text-editor\" data-id=\"ebeb17a\" data-element_type=\"widget\" data-e-type=\"widget\" data-widget_type=\"text-editor.default\">\n\t\t\t\t<div class=\"elementor-widget-container\">\n\t\t\t\t\t\t\t\t\t<h4><span style=\"text-decoration: underline;\">Sobre innovaci\u00f3n y futuro<\/span><\/h4><h5>Mar\u00eda, desde la perspectiva de la EBF y la AEB, \u00bfqu\u00e9 avances se han logrado en los \u00faltimos a\u00f1os en accesibilidad financiera?<span class=\"Apple-converted-space\"> <\/span><\/h5><p><span style=\"color: #ff6600;\">(MARIA)<\/span> Muchos han sido los cambios que la banca ha llevado a cabo en los \u00faltimos a\u00f1os para mejorar la accesibilidad de sus servicios. Aunque el grado de avance puede variar en funci\u00f3n de cada entidad, del pa\u00eds en el que opera o de las caracter\u00edsticas de su p\u00fablico, lo cierto es que todos los bancos han dado pasos de gigante en este \u00e1mbito.  <strong>El compromiso con la inclusi\u00f3n es hoy un eje com\u00fan en todo el sector financiero europeo.<\/strong><\/p><p>El sector lo aborda como una necesidad real para garantizar el acceso a los servicios bancarios por parte de todos los clientes. Es una responsabilidad, tanto individual de cada entidad como colectiva del sector, que forma parte del compromiso social que siempre ha tenido la banca. <\/p><p>Este convencimiento profundo es el motor del gran esfuerzo de transformaci\u00f3n que las entidades han venido realizando en los \u00faltimos a\u00f1os, y que continuar\u00e1 en el futuro cercano. Pero, adem\u00e1s, es lo que impulsar\u00e1 que la banca siga adapt\u00e1ndose de forma continua a las nuevas necesidades que vayan surgiendo. <\/p><p>Hoy en d\u00eda <strong>contamos con una banca mucho m\u00e1s cercana a la sociedad<\/strong>, en contacto permanente con sus clientes, que escucha activamente y orienta buena parte de sus recursos a mejorar cada d\u00eda. Porque una banca que escucha es una banca que evoluciona, y ese es precisamente el camino que estamos recorriendo. <\/p><p>En t\u00e9rminos generales, los avances m\u00e1s significativos en materia de accesibilidad financiera en el entorno europeo incluyen, por ejemplo, <strong>la progresiva adaptaci\u00f3n de cajeros autom\u00e1ticos para facilitar su uso por parte de personas con discapacidad, la eliminaci\u00f3n de barreras f\u00edsicas en los accesos a las oficinas bancarias<\/strong>, la mejora en la accesibilidad digital a trav\u00e9s de la adaptaci\u00f3n de p\u00e1ginas web y aplicaciones m\u00f3viles, as\u00ed como una mayor inversi\u00f3n en la formaci\u00f3n del personal para ofrecer una atenci\u00f3n m\u00e1s inclusiva.<\/p><p>Por su parte, en el \u00e1mbito espa\u00f1ol, cabe destacar como iniciativa relevante el protocolo de colaboraci\u00f3n suscrito en julio de 2023 entre las asociaciones del sector bancario, el Banco de Espa\u00f1a y la Fiscal\u00eda General del Estado. Este acuerdo tiene como objetivo garantizar la autonom\u00eda de las personas con discapacidad en su relaci\u00f3n con los servicios y productos bancarios, de conformidad con los principios establecidos por la Ley 8\/2021. El protocolo contempla, entre otras medidas, el uso de lenguaje accesible y el impulso de adaptaciones que permitan a estas personas operar por s\u00ed mismas, reforzando el enfoque de respeto a su capacidad jur\u00eddica y su derecho a decidir de forma aut\u00f3noma.  <\/p><h5><b>\u00bfQu\u00e9 rol juegan las tecnolog\u00edas emergentes en hacer m\u00e1s accesibles los servicios bancarios digitales?<span class=\"Apple-converted-space\"> <\/span><\/b><\/h5><p><span style=\"color: #ff6600;\">(MARIA)<\/span> Las tecnolog\u00edas emergentes juegan un papel fundamental en el avance hacia una banca plenamente accesible. Son una herramienta clave no solo para garantizar que los servicios financieros cumplan con criterios de accesibilidad, sino tambi\u00e9n para adaptarlos a las necesidades particulares de cada cliente.  <strong>La innovaci\u00f3n tecnol\u00f3gica permite ofrecer experiencias m\u00e1s personalizadas, intuitivas y eficaces, capaces de responder a un entorno cada vez m\u00e1s digital y exigente.<\/strong><\/p><p>Gracias a estos avances, es posible dise\u00f1ar soluciones que faciliten el acceso a los servicios bancarios a todo tipo de personas, incluidas aquellas con discapacidad o con menor familiaridad con los canales digitales.<\/p><p>Pero la tecnolog\u00eda, por s\u00ed sola, no es suficiente. Es igualmente esencial acompa\u00f1ar a los clientes en este proceso, ofreci\u00e9ndoles la formaci\u00f3n, el conocimiento y los recursos necesarios para que puedan utilizar con confianza y autonom\u00eda todas las herramientas disponibles. Solo as\u00ed se logra una inclusi\u00f3n digital efectiva y sostenible.  <\/p>\t\t\t\t\t\t\t\t<\/div>\n\t\t\t\t<\/div>\n\t\t\t\t\t\t<\/div>\r\n\t\t\t\t<\/div>\r\n\t\t\t\t\t\t\t\t<\/div>\r\n\t\t\t<\/section>\r\n\t\t\t\t\t<section class=\" elementor-section elementor-top-section elementor-element elementor-element-5bb58b0 elementor-section-boxed elementor-section-height-default elementor-section-height-default\" data-id=\"5bb58b0\" data-element_type=\"section\" data-e-type=\"section\">\r\n\t\t\t\t\t\t\t\t<div class=\"elementor-container elementor-column-gap-default\">\r\n\t\t\t\t\r\n\t\t\t\t\t\t\t\t<div class=\" elementor-column elementor-col-100 elementor-top-column elementor-element elementor-element-7ca3fa9 \" data-id=\"7ca3fa9\" data-element_type=\"column\" data-e-type=\"column\">\r\n\r\n\t\t\t\t\r\n\t\t\t\t<div class=\"elementor-widget-wrap elementor-element-populated\">\r\n\t\t\t\t\t\t\t\t\t\t\r\n\t\t\t\t\t\t<div class=\"elementor-element elementor-element-4947a0f elementor-widget elementor-widget-text-editor\" data-id=\"4947a0f\" data-element_type=\"widget\" data-e-type=\"widget\" data-widget_type=\"text-editor.default\">\n\t\t\t\t<div class=\"elementor-widget-container\">\n\t\t\t\t\t\t\t\t\t<h5><b>\u00bfC\u00f3mo visualizan el futuro de la inclusi\u00f3n financiera en Europa? \u00bfCu\u00e1les son los pr\u00f3ximos pasos tras el evento del 1 de julio? <span class=\"Apple-converted-space\"> <\/span><\/b><\/h5>\t\t\t\t\t\t\t\t<\/div>\n\t\t\t\t<\/div>\n\t\t\t\t\t\t<\/div>\r\n\t\t\t\t<\/div>\r\n\t\t\t\t\t\t\t\t<\/div>\r\n\t\t\t<\/section>\r\n\t\t\t\t\t<section class=\" elementor-section elementor-top-section elementor-element elementor-element-605c188 elementor-section-boxed elementor-section-height-default elementor-section-height-default\" data-id=\"605c188\" data-element_type=\"section\" data-e-type=\"section\">\r\n\t\t\t\t\t\t\t\t<div class=\"elementor-container elementor-column-gap-default\">\r\n\t\t\t\t\r\n\t\t\t\t\t\t\t\t<div class=\" elementor-column elementor-col-50 elementor-top-column elementor-element elementor-element-fd411ce \" data-id=\"fd411ce\" data-element_type=\"column\" data-e-type=\"column\">\r\n\r\n\t\t\t\t\r\n\t\t\t\t<div class=\"elementor-widget-wrap elementor-element-populated\">\r\n\t\t\t\t\t\t\t\t\t\t\r\n\t\t\t\t\t\t<div class=\"elementor-element elementor-element-03ebd09 elementor-widget elementor-widget-text-editor\" data-id=\"03ebd09\" data-element_type=\"widget\" data-e-type=\"widget\" data-widget_type=\"text-editor.default\">\n\t\t\t\t<div class=\"elementor-widget-container\">\n\t\t\t\t\t\t\t\t\t<p><span style=\"color: #008000;\">(JES\u00daS) <\/span><strong>Nuestro deseo es que los servicios financieros sean accesibles para todas las personas <\/strong>y por ello, con la ayuda de AccessibleEU y el trabajo conjunto de todos los stakeholders de la cadena de valor de los servicios financieros lo alcanzaremos en un futuro pr\u00f3ximo. Consideramos que este evento y la actividad desarrollada por AccessibleEU puede contribuir a que las entidades financieras avancen m\u00e1s r\u00e1pido, ya que en el evento podr\u00e1n conocer de primera mano, por ejemplo, las necesidades de los colectivos de personas con discapacidad o las buenas pr\u00e1cticas que ya han aplicado algunas entidades bancarias. <\/p>\t\t\t\t\t\t\t\t<\/div>\n\t\t\t\t<\/div>\n\t\t\t\t\t\t<\/div>\r\n\t\t\t\t<\/div>\r\n\t\t\t\t\t\t\t\t\t<div class=\" elementor-column elementor-col-50 elementor-top-column elementor-element elementor-element-50af1ef \" data-id=\"50af1ef\" data-element_type=\"column\" data-e-type=\"column\">\r\n\r\n\t\t\t\t\r\n\t\t\t\t<div class=\"elementor-widget-wrap elementor-element-populated\">\r\n\t\t\t\t\t\t\t\t\t\t\r\n\t\t\t\t\t\t<div class=\"elementor-element elementor-element-6dae1c9 elementor-widget elementor-widget-text-editor\" data-id=\"6dae1c9\" data-element_type=\"widget\" data-e-type=\"widget\" data-widget_type=\"text-editor.default\">\n\t\t\t\t<div class=\"elementor-widget-container\">\n\t\t\t\t\t\t\t\t\t<p><span style=\"color: #ff6600;\">(MARIA)<\/span> La inclusi\u00f3n financiera es un proceso continuo; no tiene una meta final ni fechas l\u00edmite cerradas. Ni el evento de EBF sobre accesibilidad del 1 de julio ni la entrada en vigor de la Directiva suponen un punto de llegada, sino un hito m\u00e1s en un recorrido que debe seguir avanzando y adapt\u00e1ndose con el tiempo.  <\/p><p><strong>El futuro de la inclusi\u00f3n financiera en Europa se construye a partir de un contacto constante con la sociedad, escuchando activamente a los clientes y entendiendo que sus necesidades cambian.<\/strong> Solo as\u00ed podremos seguir adaptando los servicios bancarios para que sean \u00fatiles, accesibles y relevantes para todos.<\/p><p>Y cuando hablamos de inclusi\u00f3n, hablamos de todas las personas: personas con discapacidad, por supuesto, pero tambi\u00e9n mayores, j\u00f3venes que puedan resultar vulnerables a riesgos relacionados con la falta de ciberseguridad, personas que viven en zonas rurales o que enfrentan barreras digitales. La clave est\u00e1 en ofrecer respuestas diversas a realidades diversas. <\/p><p>En este di\u00e1logo permanente con la sociedad, la colaboraci\u00f3n es esencial. Como hemos venido haciendo hasta ahora, seguiremos trabajando con organizaciones como el European Accessibility Resource Centre (AccessibleEU), con organismos p\u00fablicos como el Parlamento Europeo y la Comisi\u00f3n Europea, y con cualquier grupo de inter\u00e9s que represente a colectivos con necesidades espec\u00edficas. Mediante esta cooperaci\u00f3n real y continua podremos<strong> construir una banca m\u00e1s inclusiva, moderna y centrada en las personas.<\/strong>  <\/p>\t\t\t\t\t\t\t\t<\/div>\n\t\t\t\t<\/div>\n\t\t\t\t\t\t<\/div>\r\n\t\t\t\t<\/div>\r\n\t\t\t\t\t\t\t\t<\/div>\r\n\t\t\t<\/section>\r\n\t\t\t\t\t<section class=\" elementor-section elementor-top-section elementor-element elementor-element-09bfea9 elementor-section-boxed elementor-section-height-default elementor-section-height-default\" data-id=\"09bfea9\" data-element_type=\"section\" data-e-type=\"section\">\r\n\t\t\t\t\t\t\t\t<div class=\"elementor-container elementor-column-gap-default\">\r\n\t\t\t\t\r\n\t\t\t\t\t\t\t\t<div class=\" elementor-column elementor-col-100 elementor-top-column elementor-element elementor-element-292ef8d \" data-id=\"292ef8d\" data-element_type=\"column\" data-e-type=\"column\">\r\n\r\n\t\t\t\t\r\n\t\t\t\t<div class=\"elementor-widget-wrap elementor-element-populated\">\r\n\t\t\t\t\t\t\t\t\t\t\r\n\t\t\t\t\t\t<div class=\"elementor-element elementor-element-4699bc9 elementor-widget-divider--view-line elementor-widget elementor-widget-divider\" data-id=\"4699bc9\" data-element_type=\"widget\" data-e-type=\"widget\" data-widget_type=\"divider.default\">\n\t\t\t\t<div class=\"elementor-widget-container\">\n\t\t\t\t\t\t\t<div class=\"elementor-divider\">\n\t\t\t<span class=\"elementor-divider-separator\">\n\t\t\t\t\t\t<\/span>\n\t\t<\/div>\n\t\t\t\t\t\t<\/div>\n\t\t\t\t<\/div>\n\t\t\t\t<div class=\"elementor-element elementor-element-71587ca elementor-widget elementor-widget-text-editor\" data-id=\"71587ca\" data-element_type=\"widget\" data-e-type=\"widget\" data-widget_type=\"text-editor.default\">\n\t\t\t\t<div class=\"elementor-widget-container\">\n\t\t\t\t\t\t\t\t\t<p><a href=\"https:\/\/accessible-eu-centre.ec.europa.eu\/content-corner\/events\/accessibleeu-european-event-how-improve-accessibility-banking-services-25-aw-eu-01-2025-07-01_en\">AQU\u00cd<\/a> encontrar\u00e1 m\u00e1s informaci\u00f3n sobre el evento.<\/p>\t\t\t\t\t\t\t\t<\/div>\n\t\t\t\t<\/div>\n\t\t\t\t\t\t<\/div>\r\n\t\t\t\t<\/div>\r\n\t\t\t\t\t\t\t\t<\/div>\r\n\t\t\t<\/section>\r\n\t\t\t\t\t<section class=\" elementor-section elementor-top-section elementor-element elementor-element-5ebeebf7 elementor-section-boxed elementor-section-height-default elementor-section-height-default\" data-id=\"5ebeebf7\" data-element_type=\"section\" data-e-type=\"section\">\r\n\t\t\t\t\t\t\t\t<div class=\"elementor-container elementor-column-gap-default\">\r\n\t\t\t\t\r\n\t\t\t\t\t\t\t\t<div class=\" elementor-column elementor-col-100 elementor-top-column elementor-element elementor-element-7e2df2c4 \" data-id=\"7e2df2c4\" data-element_type=\"column\" data-e-type=\"column\">\r\n\r\n\t\t\t\t\r\n\t\t\t\t<div class=\"elementor-widget-wrap elementor-element-populated\">\r\n\t\t\t\t\t\t\t\t\t\t\r\n\t\t\t\t\t\t<div class=\"elementor-element elementor-element-75bd40ac elementor-widget elementor-widget-spacer\" data-id=\"75bd40ac\" data-element_type=\"widget\" data-e-type=\"widget\" data-widget_type=\"spacer.default\">\n\t\t\t\t<div class=\"elementor-widget-container\">\n\t\t\t\t\t\t\t<div class=\"elementor-spacer\">\n\t\t\t<div class=\"elementor-spacer-inner\"><\/div>\n\t\t<\/div>\n\t\t\t\t\t\t<\/div>\n\t\t\t\t<\/div>\n\t\t\t\t<div class=\"elementor-element elementor-element-7ba6f86d elementor-widget elementor-widget-heading\" data-id=\"7ba6f86d\" data-element_type=\"widget\" data-e-type=\"widget\" data-widget_type=\"heading.default\">\n\t\t\t\t<div class=\"elementor-widget-container\">\n\t\t\t\t\t<h3 class=\"elementor-heading-title elementor-size-default\">Autores<\/h3>\t\t\t\t<\/div>\n\t\t\t\t<\/div>\n\t\t\t\t\t\t<\/div>\r\n\t\t\t\t<\/div>\r\n\t\t\t\t\t\t\t\t<\/div>\r\n\t\t\t<\/section>\r\n\t\t\t\t\t<section class=\" elementor-section elementor-top-section elementor-element elementor-element-b04aa07 elementor-section-boxed elementor-section-height-default elementor-section-height-default\" data-id=\"b04aa07\" data-element_type=\"section\" data-e-type=\"section\">\r\n\t\t\t\t\t\t\t\t<div class=\"elementor-container elementor-column-gap-default\">\r\n\t\t\t\t\r\n\t\t\t\t\t\t\t\t<div class=\" elementor-column elementor-col-25 elementor-top-column elementor-element elementor-element-d32e1f9 \" data-id=\"d32e1f9\" data-element_type=\"column\" data-e-type=\"column\">\r\n\r\n\t\t\t\t\r\n\t\t\t\t<div class=\"elementor-widget-wrap elementor-element-populated\">\r\n\t\t\t\t\t\t\t\t\t\t\r\n\t\t\t\t\t\t<div class=\"elementor-element elementor-element-5365a5a elementor-widget elementor-widget-image\" data-id=\"5365a5a\" data-element_type=\"widget\" data-e-type=\"widget\" data-widget_type=\"image.default\">\n\t\t\t\t<div class=\"elementor-widget-container\">\n\t\t\t\t\t\t\t\t\t\t\t\t\t\t\t<img decoding=\"async\" width=\"1708\" height=\"2560\" src=\"https:\/\/sff-camara.com\/wp-content\/uploads\/2025\/06\/foto-Jesus-3-scaled-e1750075891408.jpg\" class=\"attachment-full size-full wp-image-16735\" alt=\"\" \/>\t\t\t\t\t\t\t\t\t\t\t\t\t\t\t<\/div>\n\t\t\t\t<\/div>\n\t\t\t\t<div class=\"elementor-element elementor-element-6cfcbc2 elementor-widget elementor-widget-spacer\" data-id=\"6cfcbc2\" data-element_type=\"widget\" data-e-type=\"widget\" data-widget_type=\"spacer.default\">\n\t\t\t\t<div class=\"elementor-widget-container\">\n\t\t\t\t\t\t\t<div class=\"elementor-spacer\">\n\t\t\t<div class=\"elementor-spacer-inner\"><\/div>\n\t\t<\/div>\n\t\t\t\t\t\t<\/div>\n\t\t\t\t<\/div>\n\t\t\t\t<div class=\"elementor-element elementor-element-13f6f24 elementor-widget elementor-widget-heading\" data-id=\"13f6f24\" data-element_type=\"widget\" data-e-type=\"widget\" data-widget_type=\"heading.default\">\n\t\t\t\t<div class=\"elementor-widget-container\">\n\t\t\t\t\t<h4 class=\"elementor-heading-title elementor-size-default\">Jes\u00fas Hern\u00e1ndez Gal\u00e1n<\/h4>\t\t\t\t<\/div>\n\t\t\t\t<\/div>\n\t\t\t\t<div class=\"elementor-element elementor-element-9670286 elementor-widget elementor-widget-spacer\" data-id=\"9670286\" data-element_type=\"widget\" data-e-type=\"widget\" data-widget_type=\"spacer.default\">\n\t\t\t\t<div class=\"elementor-widget-container\">\n\t\t\t\t\t\t\t<div class=\"elementor-spacer\">\n\t\t\t<div class=\"elementor-spacer-inner\"><\/div>\n\t\t<\/div>\n\t\t\t\t\t\t<\/div>\n\t\t\t\t<\/div>\n\t\t\t\t<div class=\"elementor-element elementor-element-81458cf elementor-widget elementor-widget-heading\" data-id=\"81458cf\" data-element_type=\"widget\" data-e-type=\"widget\" data-widget_type=\"heading.default\">\n\t\t\t\t<div class=\"elementor-widget-container\">\n\t\t\t\t\t<h6 class=\"elementor-heading-title elementor-size-default\">Director del European Accessibility Resource Centre y Director de Accesibilidad e Innovaci\u00f3n de la Fundaci\u00f3n ONCE<\/h6>\t\t\t\t<\/div>\n\t\t\t\t<\/div>\n\t\t\t\t\t\t<\/div>\r\n\t\t\t\t<\/div>\r\n\t\t\t\t\t\t\t\t\t<div class=\" elementor-column elementor-col-25 elementor-top-column elementor-element elementor-element-6213ff7 \" data-id=\"6213ff7\" data-element_type=\"column\" data-e-type=\"column\">\r\n\r\n\t\t\t\t\r\n\t\t\t\t<div class=\"elementor-widget-wrap elementor-element-populated\">\r\n\t\t\t\t\t\t\t\t\t\t\r\n\t\t\t\t\t\t<div class=\"elementor-element elementor-element-298b611 elementor-widget elementor-widget-image\" data-id=\"298b611\" data-element_type=\"widget\" data-e-type=\"widget\" data-widget_type=\"image.default\">\n\t\t\t\t<div class=\"elementor-widget-container\">\n\t\t\t\t\t\t\t\t\t\t\t\t\t\t\t<img loading=\"lazy\" decoding=\"async\" width=\"2048\" height=\"1365\" src=\"https:\/\/sff-camara.com\/wp-content\/uploads\/2025\/06\/Maria-Abascal-e1750075827904.jpeg\" class=\"attachment-full size-full wp-image-16737\" alt=\"\" \/>\t\t\t\t\t\t\t\t\t\t\t\t\t\t\t<\/div>\n\t\t\t\t<\/div>\n\t\t\t\t<div class=\"elementor-element elementor-element-a1a3ada elementor-widget elementor-widget-spacer\" data-id=\"a1a3ada\" data-element_type=\"widget\" data-e-type=\"widget\" data-widget_type=\"spacer.default\">\n\t\t\t\t<div class=\"elementor-widget-container\">\n\t\t\t\t\t\t\t<div class=\"elementor-spacer\">\n\t\t\t<div class=\"elementor-spacer-inner\"><\/div>\n\t\t<\/div>\n\t\t\t\t\t\t<\/div>\n\t\t\t\t<\/div>\n\t\t\t\t<div class=\"elementor-element elementor-element-effc250 elementor-widget elementor-widget-heading\" data-id=\"effc250\" data-element_type=\"widget\" data-e-type=\"widget\" data-widget_type=\"heading.default\">\n\t\t\t\t<div class=\"elementor-widget-container\">\n\t\t\t\t\t<h4 class=\"elementor-heading-title elementor-size-default\">Mar\u00eda Abascal<\/h4>\t\t\t\t<\/div>\n\t\t\t\t<\/div>\n\t\t\t\t<div class=\"elementor-element elementor-element-8467451 elementor-widget elementor-widget-spacer\" data-id=\"8467451\" data-element_type=\"widget\" data-e-type=\"widget\" data-widget_type=\"spacer.default\">\n\t\t\t\t<div class=\"elementor-widget-container\">\n\t\t\t\t\t\t\t<div class=\"elementor-spacer\">\n\t\t\t<div class=\"elementor-spacer-inner\"><\/div>\n\t\t<\/div>\n\t\t\t\t\t\t<\/div>\n\t\t\t\t<\/div>\n\t\t\t\t<div class=\"elementor-element elementor-element-a7b6882 elementor-widget elementor-widget-heading\" data-id=\"a7b6882\" data-element_type=\"widget\" data-e-type=\"widget\" data-widget_type=\"heading.default\">\n\t\t\t\t<div class=\"elementor-widget-container\">\n\t\t\t\t\t<h6 class=\"elementor-heading-title elementor-size-default\">Presidenta del Comit\u00e9 Ejecutivo de la EBF y Directora General de la Asociaci\u00f3n Espa\u00f1ola de Banca (AEB)<\/h6>\t\t\t\t<\/div>\n\t\t\t\t<\/div>\n\t\t\t\t\t\t<\/div>\r\n\t\t\t\t<\/div>\r\n\t\t\t\t\t\t\t\t\t<div class=\" elementor-column elementor-col-25 elementor-top-column elementor-element elementor-element-00d452c elementor-hidden-tablet elementor-hidden-mobile \" data-id=\"00d452c\" data-element_type=\"column\" data-e-type=\"column\">\r\n\r\n\t\t\t\t\r\n\t\t\t\t<div class=\"elementor-widget-wrap\">\r\n\t\t\t\t\t\t\t\t\t\t\r\n\t\t\t\t\t\t\t\t<\/div>\r\n\t\t\t\t<\/div>\r\n\t\t\t\t\t\t\t\t\t<div class=\" elementor-column elementor-col-25 elementor-top-column elementor-element elementor-element-69a3ac3 elementor-hidden-tablet elementor-hidden-mobile \" data-id=\"69a3ac3\" data-element_type=\"column\" data-e-type=\"column\">\r\n\r\n\t\t\t\t\r\n\t\t\t\t<div class=\"elementor-widget-wrap\">\r\n\t\t\t\t\t\t\t\t\t\t\r\n\t\t\t\t\t\t\t\t<\/div>\r\n\t\t\t\t<\/div>\r\n\t\t\t\t\t\t\t\t<\/div>\r\n\t\t\t<\/section>\r\n\t\t\t\t\t<section class=\" elementor-section elementor-top-section elementor-element elementor-element-b90c0d5 elementor-section-boxed elementor-section-height-default elementor-section-height-default\" data-id=\"b90c0d5\" data-element_type=\"section\" data-e-type=\"section\">\r\n\t\t\t\t\t\t\t\t<div class=\"elementor-container elementor-column-gap-default\">\r\n\t\t\t\t\r\n\t\t\t\t\t\t\t\t<div class=\" elementor-column elementor-col-25 elementor-top-column elementor-element elementor-element-88b4372 \" data-id=\"88b4372\" data-element_type=\"column\" data-e-type=\"column\">\r\n\r\n\t\t\t\t\r\n\t\t\t\t<div class=\"elementor-widget-wrap elementor-element-populated\">\r\n\t\t\t\t\t\t\t\t\t\t\r\n\t\t\t\t\t\t<div class=\"elementor-element elementor-element-193d904 elementor-widget elementor-widget-image\" data-id=\"193d904\" data-element_type=\"widget\" data-e-type=\"widget\" data-widget_type=\"image.default\">\n\t\t\t\t<div class=\"elementor-widget-container\">\n\t\t\t\t\t\t\t\t\t\t\t\t\t\t\t\t<a href=\"https:\/\/www.fundaciononce.es\/es\">\n\t\t\t\t\t\t\t<img loading=\"lazy\" decoding=\"async\" width=\"1024\" height=\"291\" src=\"https:\/\/sff-camara.com\/wp-content\/uploads\/2025\/06\/logo-fonce-1024x291.png\" class=\"attachment-large size-large wp-image-17204\" alt=\"\" srcset=\"https:\/\/sff-camara.com\/wp-content\/uploads\/2025\/06\/logo-fonce-1024x291.png 1024w, https:\/\/sff-camara.com\/wp-content\/uploads\/2025\/06\/logo-fonce-768x218.png 768w\" sizes=\"(max-width: 1024px) 100vw, 1024px\" \/>\t\t\t\t\t\t\t\t<\/a>\n\t\t\t\t\t\t\t\t\t\t\t\t\t\t\t<\/div>\n\t\t\t\t<\/div>\n\t\t\t\t\t\t<\/div>\r\n\t\t\t\t<\/div>\r\n\t\t\t\t\t\t\t\t\t<div class=\" elementor-column elementor-col-25 elementor-top-column elementor-element elementor-element-62affcc \" data-id=\"62affcc\" data-element_type=\"column\" data-e-type=\"column\">\r\n\r\n\t\t\t\t\r\n\t\t\t\t<div class=\"elementor-widget-wrap elementor-element-populated\">\r\n\t\t\t\t\t\t\t\t\t\t\r\n\t\t\t\t\t\t<div class=\"elementor-element elementor-element-81dcf29 elementor-widget elementor-widget-image\" data-id=\"81dcf29\" data-element_type=\"widget\" data-e-type=\"widget\" data-widget_type=\"image.default\">\n\t\t\t\t<div class=\"elementor-widget-container\">\n\t\t\t\t\t\t\t\t\t\t\t\t\t\t\t\t<a href=\"https:\/\/accessible-eu-centre.ec.europa.eu\/about-accessibleeu_en\">\n\t\t\t\t\t\t\t<img loading=\"lazy\" decoding=\"async\" width=\"150\" height=\"150\" src=\"https:\/\/sff-camara.com\/wp-content\/uploads\/2025\/06\/logo-cuadrado-EU-03-150x150.png\" class=\"attachment-thumbnail size-thumbnail wp-image-17202\" alt=\"\" \/>\t\t\t\t\t\t\t\t<\/a>\n\t\t\t\t\t\t\t\t\t\t\t\t\t\t\t<\/div>\n\t\t\t\t<\/div>\n\t\t\t\t\t\t<\/div>\r\n\t\t\t\t<\/div>\r\n\t\t\t\t\t\t\t\t\t<div class=\" elementor-column elementor-col-25 elementor-top-column elementor-element elementor-element-699355a \" data-id=\"699355a\" data-element_type=\"column\" data-e-type=\"column\">\r\n\r\n\t\t\t\t\r\n\t\t\t\t<div class=\"elementor-widget-wrap elementor-element-populated\">\r\n\t\t\t\t\t\t\t\t\t\t\r\n\t\t\t\t\t\t<div class=\"elementor-element elementor-element-adb0e3c elementor-widget elementor-widget-image\" data-id=\"adb0e3c\" data-element_type=\"widget\" data-e-type=\"widget\" data-widget_type=\"image.default\">\n\t\t\t\t<div class=\"elementor-widget-container\">\n\t\t\t\t\t\t\t\t\t\t\t\t\t\t\t\t<a href=\"https:\/\/www.aebanca.es\">\n\t\t\t\t\t\t\t<img loading=\"lazy\" decoding=\"async\" width=\"1920\" height=\"1080\" src=\"https:\/\/sff-camara.com\/wp-content\/uploads\/2025\/06\/AEB-centrado-positivo-RGB.png\" class=\"attachment-full size-full wp-image-17208\" alt=\"\" srcset=\"https:\/\/sff-camara.com\/wp-content\/uploads\/2025\/06\/AEB-centrado-positivo-RGB.png 1920w, https:\/\/sff-camara.com\/wp-content\/uploads\/2025\/06\/AEB-centrado-positivo-RGB-1024x576.png 1024w, https:\/\/sff-camara.com\/wp-content\/uploads\/2025\/06\/AEB-centrado-positivo-RGB-768x432.png 768w, https:\/\/sff-camara.com\/wp-content\/uploads\/2025\/06\/AEB-centrado-positivo-RGB-1536x864.png 1536w, https:\/\/sff-camara.com\/wp-content\/uploads\/2025\/06\/AEB-centrado-positivo-RGB-780x440.png 780w\" sizes=\"(max-width: 1920px) 100vw, 1920px\" \/>\t\t\t\t\t\t\t\t<\/a>\n\t\t\t\t\t\t\t\t\t\t\t\t\t\t\t<\/div>\n\t\t\t\t<\/div>\n\t\t\t\t\t\t<\/div>\r\n\t\t\t\t<\/div>\r\n\t\t\t\t\t\t\t\t\t<div class=\" elementor-column elementor-col-25 elementor-top-column elementor-element elementor-element-a56008f \" data-id=\"a56008f\" data-element_type=\"column\" data-e-type=\"column\">\r\n\r\n\t\t\t\t\r\n\t\t\t\t<div class=\"elementor-widget-wrap elementor-element-populated\">\r\n\t\t\t\t\t\t\t\t\t\t\r\n\t\t\t\t\t\t<div class=\"elementor-element elementor-element-a0ddbaf elementor-widget elementor-widget-image\" data-id=\"a0ddbaf\" data-element_type=\"widget\" data-e-type=\"widget\" data-widget_type=\"image.default\">\n\t\t\t\t<div class=\"elementor-widget-container\">\n\t\t\t\t\t\t\t\t\t\t\t\t\t\t\t\t<a href=\"https:\/\/www.ebf.eu\">\n\t\t\t\t\t\t\t<img loading=\"lazy\" decoding=\"async\" width=\"1727\" height=\"1335\" src=\"https:\/\/sff-camara.com\/wp-content\/uploads\/2025\/06\/EBF-logo-e1750075593897.png\" class=\"attachment-full size-full wp-image-17206\" alt=\"\" \/>\t\t\t\t\t\t\t\t<\/a>\n\t\t\t\t\t\t\t\t\t\t\t\t\t\t\t<\/div>\n\t\t\t\t<\/div>\n\t\t\t\t\t\t<\/div>\r\n\t\t\t\t<\/div>\r\n\t\t\t\t\t\t\t\t<\/div>\r\n\t\t\t<\/section>\r\n\t\t\t\t\t<section class=\" elementor-section elementor-top-section elementor-element elementor-element-5d40e061 elementor-section-boxed elementor-section-height-default elementor-section-height-default\" data-id=\"5d40e061\" data-element_type=\"section\" data-e-type=\"section\">\r\n\t\t\t\t\t\t\t\t<div class=\"elementor-container elementor-column-gap-default\">\r\n\t\t\t\t\r\n\t\t\t\t\t\t\t\t<div class=\" elementor-column elementor-col-33 elementor-top-column elementor-element elementor-element-11dca03c \" data-id=\"11dca03c\" data-element_type=\"column\" data-e-type=\"column\">\r\n\r\n\t\t\t\t\r\n\t\t\t\t<div class=\"elementor-widget-wrap elementor-element-populated\">\r\n\t\t\t\t\t\t\t\t\t\t\r\n\t\t\t\t\t\t<div class=\"elementor-element elementor-element-dd2ad97 elementor-widget elementor-widget-spacer\" data-id=\"dd2ad97\" data-element_type=\"widget\" data-e-type=\"widget\" data-widget_type=\"spacer.default\">\n\t\t\t\t<div class=\"elementor-widget-container\">\n\t\t\t\t\t\t\t<div class=\"elementor-spacer\">\n\t\t\t<div class=\"elementor-spacer-inner\"><\/div>\n\t\t<\/div>\n\t\t\t\t\t\t<\/div>\n\t\t\t\t<\/div>\n\t\t\t\t\t\t<\/div>\r\n\t\t\t\t<\/div>\r\n\t\t\t\t\t\t\t\t\t<div class=\" elementor-column elementor-col-33 elementor-top-column elementor-element elementor-element-4aa7816 elementor-hidden-tablet elementor-hidden-mobile \" data-id=\"4aa7816\" data-element_type=\"column\" data-e-type=\"column\">\r\n\r\n\t\t\t\t\r\n\t\t\t\t<div class=\"elementor-widget-wrap elementor-element-populated\">\r\n\t\t\t\t\t\t\t\t\t\t\r\n\t\t\t\t\t\t<div class=\"elementor-element elementor-element-01e962e elementor-widget elementor-widget-spacer\" data-id=\"01e962e\" data-element_type=\"widget\" data-e-type=\"widget\" data-widget_type=\"spacer.default\">\n\t\t\t\t<div class=\"elementor-widget-container\">\n\t\t\t\t\t\t\t<div class=\"elementor-spacer\">\n\t\t\t<div class=\"elementor-spacer-inner\"><\/div>\n\t\t<\/div>\n\t\t\t\t\t\t<\/div>\n\t\t\t\t<\/div>\n\t\t\t\t\t\t<\/div>\r\n\t\t\t\t<\/div>\r\n\t\t\t\t\t\t\t\t\t<div class=\" elementor-column elementor-col-33 elementor-top-column elementor-element elementor-element-b4c65d7 elementor-hidden-tablet elementor-hidden-mobile \" data-id=\"b4c65d7\" data-element_type=\"column\" data-e-type=\"column\">\r\n\r\n\t\t\t\t\r\n\t\t\t\t<div class=\"elementor-widget-wrap elementor-element-populated\">\r\n\t\t\t\t\t\t\t\t\t\t\r\n\t\t\t\t\t\t<div class=\"elementor-element elementor-element-5017459 elementor-widget elementor-widget-spacer\" data-id=\"5017459\" data-element_type=\"widget\" data-e-type=\"widget\" data-widget_type=\"spacer.default\">\n\t\t\t\t<div class=\"elementor-widget-container\">\n\t\t\t\t\t\t\t<div class=\"elementor-spacer\">\n\t\t\t<div class=\"elementor-spacer-inner\"><\/div>\n\t\t<\/div>\n\t\t\t\t\t\t<\/div>\n\t\t\t\t<\/div>\n\t\t\t\t<div class=\"elementor-element elementor-element-5ff95b6 elementor-widget elementor-widget-spacer\" data-id=\"5ff95b6\" data-element_type=\"widget\" data-e-type=\"widget\" data-widget_type=\"spacer.default\">\n\t\t\t\t<div class=\"elementor-widget-container\">\n\t\t\t\t\t\t\t<div class=\"elementor-spacer\">\n\t\t\t<div class=\"elementor-spacer-inner\"><\/div>\n\t\t<\/div>\n\t\t\t\t\t\t<\/div>\n\t\t\t\t<\/div>\n\t\t\t\t\t\t<\/div>\r\n\t\t\t\t<\/div>\r\n\t\t\t\t\t\t\t\t<\/div>\r\n\t\t\t<\/section>\r\n\t\t\t\t\t<section class=\" elementor-section elementor-top-section elementor-element elementor-element-25165ff4 elementor-section-boxed elementor-section-height-default elementor-section-height-default\" data-id=\"25165ff4\" data-element_type=\"section\" data-e-type=\"section\">\r\n\t\t\t\t\t\t\t\t<div class=\"elementor-container elementor-column-gap-default\">\r\n\t\t\t\t\r\n\t\t\t\t\t\t\t\t<div class=\" elementor-column elementor-col-100 elementor-top-column elementor-element elementor-element-40958f15 \" data-id=\"40958f15\" data-element_type=\"column\" data-e-type=\"column\">\r\n\r\n\t\t\t\t\r\n\t\t\t\t<div class=\"elementor-widget-wrap elementor-element-populated\">\r\n\t\t\t\t\t\t\t\t\t\t\r\n\t\t\t\t\t\t<div class=\"elementor-element elementor-element-7b4b8aad elementor-widget elementor-widget-text-editor\" data-id=\"7b4b8aad\" data-element_type=\"widget\" data-e-type=\"widget\" data-widget_type=\"text-editor.default\">\n\t\t\t\t<div class=\"elementor-widget-container\">\n\t\t\t\t\t\t\t\t\t<h5 style=\"text-align: left;\">Comparta este post<\/h5>\t\t\t\t\t\t\t\t<\/div>\n\t\t\t\t<\/div>\n\t\t\t\t<div class=\"elementor-element elementor-element-6f5dd8f0 elementor-widget elementor-widget-udesign_widget_share\" data-id=\"6f5dd8f0\" data-element_type=\"widget\" data-e-type=\"widget\" data-widget_type=\"udesign_widget_share.default\">\n\t\t\t\t<div class=\"elementor-widget-container\">\n\t\t\t\t\t\r\n<div class=\"social-icons\">\r\n\t<a href=\"https:\/\/www.linkedin.com\/shareArticle?mini=true&#038;url=https:\/\/sff-camara.com\/es\/sff-magazine-junio-2025\/accesibilidad-financiera-un-compromiso-europeo-con-impacto-real\/&#038;title=Accesibilidad+financiera%3A+un+compromiso+europeo+con+impacto+real\" class=\"social-icon framed social-linkedin\" target=\"_blank\" title=\"linkedin\" rel=\"noopener noreferrer\" aria-label=\"Social Icon\"><i class=\"a-icon-linkedin-in\"><\/i><\/a><a href=\"\" class=\"social-icon framed social-whatsapp\" target=\"_blank\" title=\"whatsapp\" rel=\"noopener noreferrer\" aria-label=\"Social Icon\"><i class=\"a-icon-whatsapp\"><\/i><\/a><a href=\"mailto:?subject=Accesibilidad+financiera%3A+un+compromiso+europeo+con+impacto+real&#038;body=https:\/\/sff-camara.com\/es\/sff-magazine-junio-2025\/accesibilidad-financiera-un-compromiso-europeo-con-impacto-real\/\" class=\"social-icon framed social-email\" target=\"_blank\" title=\"email\" rel=\"noopener noreferrer\" aria-label=\"Social Icon\"><i class=\"a-icon-envelop5\"><\/i><\/a><a href=\"https:\/\/twitter.com\/intent\/tweet?text=Accesibilidad+financiera%3A+un+compromiso+europeo+con+impacto+real&#038;url=https:\/\/sff-camara.com\/es\/sff-magazine-junio-2025\/accesibilidad-financiera-un-compromiso-europeo-con-impacto-real\/\" class=\"social-icon framed social-twitter\" target=\"_blank\" title=\"x\" rel=\"noopener noreferrer\" aria-label=\"Social Icon\"><i class=\"a-icon-twitter\"><\/i><\/a><a href=\"https:\/\/www.facebook.com\/sharer.php?u=https:\/\/sff-camara.com\/es\/sff-magazine-junio-2025\/accesibilidad-financiera-un-compromiso-europeo-con-impacto-real\/\" class=\"social-icon framed social-facebook\" target=\"_blank\" title=\"facebook\" rel=\"noopener noreferrer\" aria-label=\"Social Icon\"><i class=\"a-icon-facebook\"><\/i><\/a><a href=\"https:\/\/plus.google.com\/share?url=https:\/\/sff-camara.com\/es\/sff-magazine-junio-2025\/accesibilidad-financiera-un-compromiso-europeo-con-impacto-real\/\" class=\"social-icon framed social-google\" target=\"_blank\" title=\"google\" rel=\"noopener noreferrer\" aria-label=\"Social Icon\"><i class=\"a-icon-google\"><\/i><\/a><a href=\"#\" class=\"social-icon framed social-instagram\" target=\"_blank\" title=\"instagram\" rel=\"noopener noreferrer\" aria-label=\"Social Icon\"><i class=\"a-icon-instagram\"><\/i><\/a><\/div>\r\n\r\n\t\t\t\t<\/div>\n\t\t\t\t<\/div>\n\t\t\t\t\t\t<\/div>\r\n\t\t\t\t<\/div>\r\n\t\t\t\t\t\t\t\t<\/div>\r\n\t\t\t<\/section>\r\n\t\t\t\t\t<section class=\" elementor-section elementor-top-section elementor-element elementor-element-1a7dbdb3 elementor-section-boxed elementor-section-height-default elementor-section-height-default\" data-id=\"1a7dbdb3\" data-element_type=\"section\" data-e-type=\"section\">\r\n\t\t\t\t\t\t\t\t<div class=\"elementor-container elementor-column-gap-default\">\r\n\t\t\t\t\r\n\t\t\t\t\t\t\t\t<div class=\" elementor-column elementor-col-100 elementor-top-column elementor-element elementor-element-12009049 \" data-id=\"12009049\" data-element_type=\"column\" data-e-type=\"column\">\r\n\r\n\t\t\t\t\r\n\t\t\t\t<div class=\"elementor-widget-wrap elementor-element-populated\">\r\n\t\t\t\t\t\t\t\t\t\t\r\n\t\t\t\t\t\t<div class=\"elementor-element elementor-element-5049afac elementor-widget-divider--view-line elementor-widget elementor-widget-divider\" data-id=\"5049afac\" data-element_type=\"widget\" data-e-type=\"widget\" data-widget_type=\"divider.default\">\n\t\t\t\t<div class=\"elementor-widget-container\">\n\t\t\t\t\t\t\t<div class=\"elementor-divider\">\n\t\t\t<span class=\"elementor-divider-separator\">\n\t\t\t\t\t\t<\/span>\n\t\t<\/div>\n\t\t\t\t\t\t<\/div>\n\t\t\t\t<\/div>\n\t\t\t\t<section class=\" elementor-section elementor-inner-section elementor-element elementor-element-26e2d7c0 elementor-section-boxed elementor-section-height-default elementor-section-height-default\" data-id=\"26e2d7c0\" data-element_type=\"section\" data-e-type=\"section\">\r\n\t\t\t\t\t\t\t\t<div class=\"elementor-container elementor-column-gap-default\">\r\n\t\t\t\t\r\n\t\t\t\t\t\t\t\t<div class=\" elementor-column elementor-col-50 elementor-inner-column elementor-element elementor-element-2b9db789 \" data-id=\"2b9db789\" data-element_type=\"column\" data-e-type=\"column\">\r\n\r\n\t\t\t\t\r\n\t\t\t\t<div class=\"elementor-widget-wrap elementor-element-populated\">\r\n\t\t\t\t\t\t\t\t\t\t\r\n\t\t\t\t\t\t<div class=\"elementor-element elementor-element-48b70216 elementor-widget elementor-widget-wp-widget-tag_cloud\" data-id=\"48b70216\" data-element_type=\"widget\" data-e-type=\"widget\" data-widget_type=\"wp-widget-tag_cloud.default\">\n\t\t\t\t<div class=\"elementor-widget-container\">\n\t\t\t\t\t<div class=\"widget widget_tag_cloud widget-collapsible\"><h3 class=\"widget-title\">Buscar publicaciones por tem\u00e1ticas<\/h3><div class=\"tagcloud\"><a href=\"https:\/\/sff-camara.com\/es\/temticas\/activos-digitales\/\" class=\"tag-cloud-link tag-link-302 tag-link-position-1\" style=\"font-size: 11.559322033898pt;\" aria-label=\"Activos Digitales (3 elementos)\">Activos Digitales<span class=\"tag-link-count\"> (3)<\/span><\/a>\n<a href=\"https:\/\/sff-camara.com\/es\/temticas\/alternative-investment-es\/\" class=\"tag-cloud-link tag-link-291 tag-link-position-2\" style=\"font-size: 21.050847457627pt;\" aria-label=\"Alternative Investment (24 elementos)\">Alternative Investment<span class=\"tag-link-count\"> (24)<\/span><\/a>\n<a href=\"https:\/\/sff-camara.com\/es\/temticas\/aml-es\/\" class=\"tag-cloud-link tag-link-266 tag-link-position-3\" style=\"font-size: 8pt;\" aria-label=\"AML (1 elemento)\">AML<span class=\"tag-link-count\"> (1)<\/span><\/a>\n<a href=\"https:\/\/sff-camara.com\/es\/temticas\/arte\/\" class=\"tag-cloud-link tag-link-247 tag-link-position-4\" style=\"font-size: 8pt;\" aria-label=\"Arte (1 elemento)\">Arte<span class=\"tag-link-count\"> (1)<\/span><\/a>\n<a href=\"https:\/\/sff-camara.com\/es\/temticas\/asesoramiento\/\" class=\"tag-cloud-link tag-link-211 tag-link-position-5\" style=\"font-size: 15.118644067797pt;\" aria-label=\"Asesoramiento (7 elementos)\">Asesoramiento<span class=\"tag-link-count\"> (7)<\/span><\/a>\n<a href=\"https:\/\/sff-camara.com\/es\/temticas\/asset-management-es\/\" class=\"tag-cloud-link tag-link-213 tag-link-position-6\" style=\"font-size: 22pt;\" aria-label=\"Asset Management (29 elementos)\">Asset Management<span class=\"tag-link-count\"> (29)<\/span><\/a>\n<a href=\"https:\/\/sff-camara.com\/es\/temticas\/banca-digital\/\" class=\"tag-cloud-link tag-link-164 tag-link-position-7\" style=\"font-size: 15.118644067797pt;\" aria-label=\"Banca Digital (7 elementos)\">Banca Digital<span class=\"tag-link-count\"> (7)<\/span><\/a>\n<a href=\"https:\/\/sff-camara.com\/es\/temticas\/banking-es\/\" class=\"tag-cloud-link tag-link-161 tag-link-position-8\" style=\"font-size: 19.389830508475pt;\" aria-label=\"Banking (17 elementos)\">Banking<span class=\"tag-link-count\"> (17)<\/span><\/a>\n<a href=\"https:\/\/sff-camara.com\/es\/temticas\/capital-riesgo\/\" class=\"tag-cloud-link tag-link-170 tag-link-position-9\" style=\"font-size: 12.745762711864pt;\" aria-label=\"Capital Riesgo (4 elementos)\">Capital Riesgo<span class=\"tag-link-count\"> (4)<\/span><\/a>\n<a href=\"https:\/\/sff-camara.com\/es\/temticas\/compliance-es\/\" class=\"tag-cloud-link tag-link-264 tag-link-position-10\" style=\"font-size: 8pt;\" aria-label=\"Compliance (1 elemento)\">Compliance<span class=\"tag-link-count\"> (1)<\/span><\/a>\n<a href=\"https:\/\/sff-camara.com\/es\/temticas\/consejero-independiente\/\" class=\"tag-cloud-link tag-link-290 tag-link-position-11\" style=\"font-size: 14.525423728814pt;\" aria-label=\"Consejero Independiente (6 elementos)\">Consejero Independiente<span class=\"tag-link-count\"> (6)<\/span><\/a>\n<a href=\"https:\/\/sff-camara.com\/es\/temticas\/criptoactivos\/\" class=\"tag-cloud-link tag-link-175 tag-link-position-12\" style=\"font-size: 11.559322033898pt;\" aria-label=\"Criptoactivos (3 elementos)\">Criptoactivos<span class=\"tag-link-count\"> (3)<\/span><\/a>\n<a href=\"https:\/\/sff-camara.com\/es\/temticas\/distribucion-de-fondos\/\" class=\"tag-cloud-link tag-link-173 tag-link-position-13\" style=\"font-size: 20.576271186441pt;\" aria-label=\"Distribuci\u00f3n de fondos (22 elementos)\">Distribuci\u00f3n de fondos<span class=\"tag-link-count\"> (22)<\/span><\/a>\n<a href=\"https:\/\/sff-camara.com\/es\/temticas\/diversidad\/\" class=\"tag-cloud-link tag-link-278 tag-link-position-14\" style=\"font-size: 15.71186440678pt;\" aria-label=\"Diversidad (8 elementos)\">Diversidad<span class=\"tag-link-count\"> (8)<\/span><\/a>\n<a href=\"https:\/\/sff-camara.com\/es\/temticas\/empresas-familiares\/\" class=\"tag-cloud-link tag-link-269 tag-link-position-15\" style=\"font-size: 12.745762711864pt;\" aria-label=\"Empresas Familiares (4 elementos)\">Empresas Familiares<span class=\"tag-link-count\"> (4)<\/span><\/a>\n<a href=\"https:\/\/sff-camara.com\/es\/temticas\/family-offices-es\/\" class=\"tag-cloud-link tag-link-245 tag-link-position-16\" style=\"font-size: 10.135593220339pt;\" aria-label=\"Family Offices (2 elementos)\">Family Offices<span class=\"tag-link-count\"> (2)<\/span><\/a>\n<a href=\"https:\/\/sff-camara.com\/es\/temticas\/finanzas-sostenibles\/\" class=\"tag-cloud-link tag-link-160 tag-link-position-17\" style=\"font-size: 21.050847457627pt;\" aria-label=\"Finanzas Sostenibles (24 elementos)\">Finanzas Sostenibles<span class=\"tag-link-count\"> (24)<\/span><\/a>\n<a href=\"https:\/\/sff-camara.com\/es\/temticas\/fintech-es\/\" class=\"tag-cloud-link tag-link-163 tag-link-position-18\" style=\"font-size: 16.779661016949pt;\" aria-label=\"Fintech (10 elementos)\">Fintech<span class=\"tag-link-count\"> (10)<\/span><\/a>\n<a href=\"https:\/\/sff-camara.com\/es\/temticas\/gestion-patrimonial\/\" class=\"tag-cloud-link tag-link-176 tag-link-position-19\" style=\"font-size: 17.610169491525pt;\" aria-label=\"Gesti\u00f3n Patrimonial (12 elementos)\">Gesti\u00f3n Patrimonial<span class=\"tag-link-count\"> (12)<\/span><\/a>\n<a href=\"https:\/\/sff-camara.com\/es\/temticas\/gobernanza\/\" class=\"tag-cloud-link tag-link-249 tag-link-position-20\" style=\"font-size: 16.305084745763pt;\" aria-label=\"Gobernanza (9 elementos)\">Gobernanza<span class=\"tag-link-count\"> (9)<\/span><\/a>\n<a href=\"https:\/\/sff-camara.com\/es\/temticas\/hr\/\" class=\"tag-cloud-link tag-link-304 tag-link-position-21\" style=\"font-size: 8pt;\" aria-label=\"HR (1 elemento)\">HR<span class=\"tag-link-count\"> (1)<\/span><\/a>\n<a href=\"https:\/\/sff-camara.com\/es\/temticas\/internacionalizacion\/\" class=\"tag-cloud-link tag-link-280 tag-link-position-22\" style=\"font-size: 8pt;\" aria-label=\"Internacionalizaci\u00f3n (1 elemento)\">Internacionalizaci\u00f3n<span class=\"tag-link-count\"> (1)<\/span><\/a>\n<a href=\"https:\/\/sff-camara.com\/es\/temticas\/inversiones-alternativas\/\" class=\"tag-cloud-link tag-link-297 tag-link-position-23\" style=\"font-size: 11.559322033898pt;\" aria-label=\"Inversiones Alternativas (3 elementos)\">Inversiones Alternativas<span class=\"tag-link-count\"> (3)<\/span><\/a>\n<a href=\"https:\/\/sff-camara.com\/es\/temticas\/latam-es\/\" class=\"tag-cloud-link tag-link-167 tag-link-position-24\" style=\"font-size: 16.305084745763pt;\" aria-label=\"LATAM (9 elementos)\">LATAM<span class=\"tag-link-count\"> (9)<\/span><\/a>\n<a href=\"https:\/\/sff-camara.com\/es\/temticas\/legal-es\/\" class=\"tag-cloud-link tag-link-233 tag-link-position-25\" style=\"font-size: 16.779661016949pt;\" aria-label=\"Legal (10 elementos)\">Legal<span class=\"tag-link-count\"> (10)<\/span><\/a>\n<a href=\"https:\/\/sff-camara.com\/es\/temticas\/mercado-de-capitales\/\" class=\"tag-cloud-link tag-link-309 tag-link-position-26\" style=\"font-size: 8pt;\" aria-label=\"Mercado de Capitales (1 elemento)\">Mercado de Capitales<span class=\"tag-link-count\"> (1)<\/span><\/a>\n<a href=\"https:\/\/sff-camara.com\/es\/temticas\/precios-de-transferencia\/\" class=\"tag-cloud-link tag-link-271 tag-link-position-27\" style=\"font-size: 10.135593220339pt;\" aria-label=\"Precios de Transferencia (2 elementos)\">Precios de Transferencia<span class=\"tag-link-count\"> (2)<\/span><\/a>\n<a href=\"https:\/\/sff-camara.com\/es\/temticas\/real-estate\/\" class=\"tag-cloud-link tag-link-338 tag-link-position-28\" style=\"font-size: 10.135593220339pt;\" aria-label=\"Real Estate (2 elementos)\">Real Estate<span class=\"tag-link-count\"> (2)<\/span><\/a>\n<a href=\"https:\/\/sff-camara.com\/es\/temticas\/reaseguro\/\" class=\"tag-cloud-link tag-link-172 tag-link-position-29\" style=\"font-size: 10.135593220339pt;\" aria-label=\"Reaseguro (2 elementos)\">Reaseguro<span class=\"tag-link-count\"> (2)<\/span><\/a>\n<a href=\"https:\/\/sff-camara.com\/es\/tag\/rrhh\/\" class=\"tag-cloud-link tag-link-178 tag-link-position-30\" style=\"font-size: 16.305084745763pt;\" aria-label=\"RRHH (9 elementos)\">RRHH<span class=\"tag-link-count\"> (9)<\/span><\/a>\n<a href=\"https:\/\/sff-camara.com\/es\/temticas\/seguros\/\" class=\"tag-cloud-link tag-link-180 tag-link-position-31\" style=\"font-size: 10.135593220339pt;\" aria-label=\"Seguros (2 elementos)\">Seguros<span class=\"tag-link-count\"> (2)<\/span><\/a>\n<a href=\"https:\/\/sff-camara.com\/es\/temticas\/seguros-de-vida-unit-linked\/\" class=\"tag-cloud-link tag-link-169 tag-link-position-32\" style=\"font-size: 13.694915254237pt;\" aria-label=\"Seguros de vida Unit-linked (5 elementos)\">Seguros de vida Unit-linked<span class=\"tag-link-count\"> (5)<\/span><\/a>\n<a href=\"https:\/\/sff-camara.com\/es\/temticas\/tax-es\/\" class=\"tag-cloud-link tag-link-162 tag-link-position-33\" style=\"font-size: 19.033898305085pt;\" aria-label=\"Tax (16 elementos)\">Tax<span class=\"tag-link-count\"> (16)<\/span><\/a>\n<a href=\"https:\/\/sff-camara.com\/es\/temticas\/tecnologia\/\" class=\"tag-cloud-link tag-link-231 tag-link-position-34\" style=\"font-size: 14.525423728814pt;\" aria-label=\"Tecnolog\u00eda (6 elementos)\">Tecnolog\u00eda<span class=\"tag-link-count\"> (6)<\/span><\/a>\n<a href=\"https:\/\/sff-camara.com\/es\/temticas\/tendencias\/\" class=\"tag-cloud-link tag-link-223 tag-link-position-35\" style=\"font-size: 20.101694915254pt;\" aria-label=\"Tendencias (20 elementos)\">Tendencias<span class=\"tag-link-count\"> (20)<\/span><\/a>\n<a href=\"https:\/\/sff-camara.com\/es\/temticas\/tic\/\" class=\"tag-cloud-link tag-link-267 tag-link-position-36\" style=\"font-size: 8pt;\" aria-label=\"TIC (1 elemento)\">TIC<span class=\"tag-link-count\"> (1)<\/span><\/a>\n<a href=\"https:\/\/sff-camara.com\/es\/temticas\/ue\/\" class=\"tag-cloud-link tag-link-222 tag-link-position-37\" style=\"font-size: 14.525423728814pt;\" aria-label=\"UE (6 elementos)\">UE<span class=\"tag-link-count\"> (6)<\/span><\/a><\/div>\n<\/div>\t\t\t\t<\/div>\n\t\t\t\t<\/div>\n\t\t\t\t\t\t<\/div>\r\n\t\t\t\t<\/div>\r\n\t\t\t\t\t\t\t\t\t<div class=\" elementor-column elementor-col-50 elementor-inner-column elementor-element elementor-element-7ef6ee0c \" data-id=\"7ef6ee0c\" data-element_type=\"column\" data-e-type=\"column\">\r\n\r\n\t\t\t\t\r\n\t\t\t\t<div class=\"elementor-widget-wrap elementor-element-populated\">\r\n\t\t\t\t\t\t\t\t\t\t\r\n\t\t\t\t\t\t<div class=\"elementor-element elementor-element-58b52e5e elementor-widget elementor-widget-sidebar\" data-id=\"58b52e5e\" data-element_type=\"widget\" data-e-type=\"widget\" data-widget_type=\"sidebar.default\">\n\t\t\t\t<div class=\"elementor-widget-container\">\n\t\t\t\t\t<nav id=\"categories-2\" class=\"widget widget_categories\"><h3 class=\"widget-title\">Buscar por ediciones del SFF Magazine<\/h3><form action=\"https:\/\/sff-camara.com\/es\/\" method=\"get\"><label class=\"screen-reader-text\" for=\"cat\">Buscar por ediciones del SFF Magazine<\/label><select  name='cat' aria-label='Categories to search' id='cat' class='postform'>\n\t<option value='-1'>Elegir la categor\u00eda<\/option>\n\t<option class=\"level-0\" value=\"124\">Noticias&nbsp;&nbsp;(44)<\/option>\n\t<option class=\"level-0\" value=\"159\">SFF Magazine Abril 2021&nbsp;&nbsp;(12)<\/option>\n\t<option class=\"level-0\" value=\"174\">SFF Magazine Abril 2022&nbsp;&nbsp;(8)<\/option>\n\t<option class=\"level-0\" value=\"239\">SFF Magazine Diciembre 2023&nbsp;&nbsp;(8)<\/option>\n\t<option class=\"level-0\" value=\"289\">SFF Magazine Diciembre 2024&nbsp;&nbsp;(12)<\/option>\n\t<option class=\"level-0\" value=\"307\">SFF Magazine Diciembre 2025&nbsp;&nbsp;(6)<\/option>\n\t<option class=\"level-0\" value=\"168\">SFF Magazine Julio 2021&nbsp;&nbsp;(13)<\/option>\n\t<option class=\"level-0\" value=\"177\">SFF Magazine Julio 2022&nbsp;&nbsp;(10)<\/option>\n\t<option class=\"level-0\" value=\"215\">SFF Magazine Junio 2023&nbsp;&nbsp;(7)<\/option>\n\t<option class=\"level-0\" value=\"273\">SFF Magazine Junio 2024&nbsp;&nbsp;(10)<\/option>\n\t<option class=\"level-0\" value=\"296\">SFF Magazine Junio 2025&nbsp;&nbsp;(11)<\/option>\n\t<option class=\"level-0\" value=\"205\">SFF Magazine Marzo 2023&nbsp;&nbsp;(9)<\/option>\n\t<option class=\"level-0\" value=\"257\">SFF Magazine Marzo 2024&nbsp;&nbsp;(13)<\/option>\n\t<option class=\"level-0\" value=\"293\">SFF Magazine Marzo 2025&nbsp;&nbsp;(10)<\/option>\n\t<option class=\"level-0\" value=\"336\">SFF Magazine Marzo 2026&nbsp;&nbsp;(13)<\/option>\n\t<option class=\"level-0\" value=\"171\">SFF Magazine Octubre 2021&nbsp;&nbsp;(11)<\/option>\n\t<option class=\"level-0\" value=\"165\">SFF Magazine Octubre 2022&nbsp;&nbsp;(10)<\/option>\n\t<option class=\"level-0\" value=\"230\">SFF Magazine Septiembre 2023&nbsp;&nbsp;(8)<\/option>\n\t<option class=\"level-0\" value=\"282\">SFF Magazine Septiembre 2024&nbsp;&nbsp;(9)<\/option>\n\t<option class=\"level-0\" value=\"299\">SFF Magazine Septiembre 2025&nbsp;&nbsp;(8)<\/option>\n\t<option class=\"level-0\" value=\"53\">Sin categorizar&nbsp;&nbsp;(8)<\/option>\n<\/select>\n<\/form><script>\n( ( dropdownId ) => {\n\tconst dropdown = document.getElementById( dropdownId );\n\tfunction onSelectChange() {\n\t\tsetTimeout( () => {\n\t\t\tif ( 'escape' === dropdown.dataset.lastkey ) {\n\t\t\t\treturn;\n\t\t\t}\n\t\t\tif ( dropdown.value && parseInt( dropdown.value ) > 0 && dropdown instanceof HTMLSelectElement ) {\n\t\t\t\tdropdown.parentElement.submit();\n\t\t\t}\n\t\t}, 250 );\n\t}\n\tfunction onKeyUp( event ) {\n\t\tif ( 'Escape' === event.key ) {\n\t\t\tdropdown.dataset.lastkey = 'escape';\n\t\t} else {\n\t\t\tdelete dropdown.dataset.lastkey;\n\t\t}\n\t}\n\tfunction onClick() {\n\t\tdelete dropdown.dataset.lastkey;\n\t}\n\tdropdown.addEventListener( 'keyup', onKeyUp );\n\tdropdown.addEventListener( 'click', onClick );\n\tdropdown.addEventListener( 'change', onSelectChange );\n})( \"cat\" );\n\n\/\/# sourceURL=WP_Widget_Categories%3A%3Awidget\n<\/script>\n<\/nav><nav id=\"search-3\" class=\"widget widget_search\"><h3 class=\"widget-title\">Buscar publicaciones<\/h3>\r\n\t<div class=\"search-wrapper  hs-start light-style\">\r\n\t\t\r\n\t\t\t\t<form action=\"https:\/\/sff-camara.com\/es\/\/\" method=\"get\" class=\"input-wrapper\">\r\n\t\t\t<input type=\"hidden\" name=\"post_type\" value=\"post\"\/>\r\n\r\n\t\t\t<input type=\"search\" aria-label=\"Search\" class=\"form-control\" name=\"s\" placeholder=\"\" required=\"\" autocomplete=\"off\">\r\n\r\n\t\t\t\r\n\t\t\t\r\n\t\t\t<button class=\"btn btn-search\" aria-label=\"Search Button\" type=\"submit\">\r\n\t\t\t\t<i class=\"a-icon-search\"><\/i>\r\n\t\t\t<\/button>\r\n\r\n\t\t\t\t\t<div class=\"hs-close\">\r\n\t\t\t\t<a href=\"#\" aria-label=\"Close\">\r\n\t\t\t\t\t<span class=\"close-wrap\">\r\n\t\t\t\t\t\t<span class=\"close-line close-line1\"><\/span>\r\n\t\t\t\t\t\t<span class=\"close-line close-line2\"><\/span>\r\n\t\t\t\t\t<\/span>\r\n\t\t\t\t<\/a>\r\n\t\t\t<\/div>\r\n\t\t\r\n\t\t<\/form>\r\n\t\t\t<\/div>\r\n\r\n\t\t<\/nav>\t\t\t\t<\/div>\n\t\t\t\t<\/div>\n\t\t\t\t\t\t<\/div>\r\n\t\t\t\t<\/div>\r\n\t\t\t\t\t\t\t\t<\/div>\r\n\t\t\t<\/section>\r\n\t\t\t\t\t<div class=\"elementor-element elementor-element-5defc3e7 elementor-widget-divider--view-line elementor-widget elementor-widget-divider\" data-id=\"5defc3e7\" data-element_type=\"widget\" data-e-type=\"widget\" data-widget_type=\"divider.default\">\n\t\t\t\t<div class=\"elementor-widget-container\">\n\t\t\t\t\t\t\t<div class=\"elementor-divider\">\n\t\t\t<span class=\"elementor-divider-separator\">\n\t\t\t\t\t\t<\/span>\n\t\t<\/div>\n\t\t\t\t\t\t<\/div>\n\t\t\t\t<\/div>\n\t\t\t\t<div class=\"elementor-element elementor-element-18f39c75 elementor-widget elementor-widget-spacer\" data-id=\"18f39c75\" data-element_type=\"widget\" data-e-type=\"widget\" data-widget_type=\"spacer.default\">\n\t\t\t\t<div class=\"elementor-widget-container\">\n\t\t\t\t\t\t\t<div class=\"elementor-spacer\">\n\t\t\t<div class=\"elementor-spacer-inner\"><\/div>\n\t\t<\/div>\n\t\t\t\t\t\t<\/div>\n\t\t\t\t<\/div>\n\t\t\t\t<div class=\"elementor-element elementor-element-d210685 elementor-widget elementor-widget-heading\" data-id=\"d210685\" data-element_type=\"widget\" data-e-type=\"widget\" data-widget_type=\"heading.default\">\n\t\t\t\t<div class=\"elementor-widget-container\">\n\t\t\t\t\t<h2 class=\"elementor-heading-title elementor-size-default\">Publicaciones relacionadas<\/h2>\t\t\t\t<\/div>\n\t\t\t\t<\/div>\n\t\t\t\t<div class=\"elementor-element elementor-element-5831fc58 elementor-widget elementor-widget-text-editor\" data-id=\"5831fc58\" data-element_type=\"widget\" data-e-type=\"widget\" data-widget_type=\"text-editor.default\">\n\t\t\t\t<div class=\"elementor-widget-container\">\n\t\t\t\t\t\t\t\t\t<a href=\"https:\/\/sff-camara.com\/es\/categoria\/sff-magazine-junio-2025\/\" rel=\"tag\">SFF Magazine Junio 2025<\/a>\t\t\t\t\t\t\t\t<\/div>\n\t\t\t\t<\/div>\n\t\t\t\t<div class=\"elementor-element elementor-element-79ec54f3 elementor-widget elementor-widget-spacer\" data-id=\"79ec54f3\" data-element_type=\"widget\" data-e-type=\"widget\" data-widget_type=\"spacer.default\">\n\t\t\t\t<div class=\"elementor-widget-container\">\n\t\t\t\t\t\t\t<div class=\"elementor-spacer\">\n\t\t\t<div class=\"elementor-spacer-inner\"><\/div>\n\t\t<\/div>\n\t\t\t\t\t\t<\/div>\n\t\t\t\t<\/div>\n\t\t\t\t<div class=\"elementor-element elementor-element-46b169be elementor-widget elementor-widget-udesign_widget_posts elementor-widget-theme-post-content\" data-id=\"46b169be\" data-element_type=\"widget\" data-e-type=\"widget\" data-widget_type=\"udesign_widget_posts.default\">\n\t\t\t\t<div class=\"elementor-widget-container\">\n\t\t\t\t\t<div class=\"posts  row cols-lg-3 cols-md-2 cols-sm-2 cols-1 cols-xl-3 slider-wrapper posts row cols-lg-3 cols-md-2 cols-sm-2 cols-1 cols-xl-3\" data-slider-options=\"{&quot;spaceBetween&quot;:30,&quot;loop&quot;:true,&quot;autoplay&quot;:{&quot;delay&quot;:5000,&quot;disableOnInteraction&quot;:false},&quot;effect&quot;:&quot;slide&quot;,&quot;slidesPerView&quot;:3,&quot;breakpoints&quot;:{&quot;2401&quot;:{&quot;slidesPerView&quot;:3},&quot;1440&quot;:{&quot;slidesPerView&quot;:3},&quot;1200&quot;:{&quot;slidesPerView&quot;:3},&quot;992&quot;:{&quot;slidesPerView&quot;:3},&quot;768&quot;:{&quot;slidesPerView&quot;:2},&quot;576&quot;:{&quot;slidesPerView&quot;:2},&quot;0&quot;:{&quot;slidesPerView&quot;:1}},&quot;statusClass&quot;:&quot;slider-dots-default&quot;}\" data-post-type=\"modern\">\r\n<div class=\"post-wrap \" data-post-image=\"alpha-post-medium\">\r\n\r\n\t\r\n\t<article class=\"post-16754 post type-post status-publish format-standard has-post-thumbnail hentry category-sff-magazine-junio-2025 tag-finanzas-sostenibles post overlay-zoom overlay-dark  post-modern\">\r\n\t\t\t\t\t<figure class=\"post-media\">\r\n\t\t\t\t\t\t\t\t<a href=\"https:\/\/sff-camara.com\/es\/sff-magazine-junio-2025\/de-las-metricas-al-significado-la-nueva-era-de-los-informes-de-sostenibilidad\/\" aria-label=\"Post Media\">\r\n\t\t\t\t\t<img loading=\"lazy\" decoding=\"async\" width=\"600\" height=\"420\" src=\"https:\/\/sff-camara.com\/wp-content\/uploads\/2025\/06\/FE-Fundinfo-Image-600x420.jpeg\" class=\"attachment-alpha-post-medium size-alpha-post-medium wp-post-image\" alt=\"\" srcset=\"https:\/\/sff-camara.com\/wp-content\/uploads\/2025\/06\/FE-Fundinfo-Image-600x420.jpeg 600w, https:\/\/sff-camara.com\/wp-content\/uploads\/2025\/06\/FE-Fundinfo-Image-400x280.jpeg 400w, https:\/\/sff-camara.com\/wp-content\/uploads\/2025\/06\/FE-Fundinfo-Image-570x400.jpeg 570w\" sizes=\"(max-width: 600px) 100vw, 600px\" \/>\t\t\t\t\t\t<figcaption class=\"thumbnail-caption\">\r\n\t\t\t\t\t\t\tOffice environment with green plants on desks, surrounded by charts and reports on sustainable business strategies, greenery report, sustainability metrics\t\t\t\t\t\t<\/figcaption>\r\n\t\t\t\t\t\t\t\t\t\t<\/a>\r\n\t\t\t<\/figure>\r\n\t\t\t<div class=\"post-details\">\r\n\t<div class=\"post-meta\">\r\n\t<a class=\"post-date\" href=\"https:\/\/sff-camara.com\/es\/2025\/06\/17\/\">junio 17, 2025<\/a>\r\n\r\n\t<\/div>\r\n<h3 class=\"post-title\">\r\n\t<a href=\"https:\/\/sff-camara.com\/es\/sff-magazine-junio-2025\/de-las-metricas-al-significado-la-nueva-era-de-los-informes-de-sostenibilidad\/\">\r\n\t\tDe las m\u00e9tricas al significado: la nueva era de los informes de sostenibilidad\t<\/a>\r\n<\/h3>\r\n<a href=\"https:\/\/sff-camara.com\/es\/sff-magazine-junio-2025\/de-las-metricas-al-significado-la-nueva-era-de-los-informes-de-sostenibilidad\/\" class=\"btn btn-link btn-underline btn-primary\">Leer m\u00e1s <i class=\"a-icon-long-arrow-right\"><\/i><\/a><\/div>\r\n\t<\/article>\r\n\r\n\t\r\n<\/div>\r\n\r\n\r\n<div class=\"post-wrap \" data-post-image=\"alpha-post-medium\">\r\n\r\n\t\r\n\t<article class=\"post-16774 post type-post status-publish format-standard has-post-thumbnail hentry category-sff-magazine-junio-2025 tag-finanzas-sostenibles post overlay-zoom overlay-dark  post-modern\">\r\n\t\t\t\t\t<figure class=\"post-media\">\r\n\t\t\t\t\t\t\t\t<a href=\"https:\/\/sff-camara.com\/es\/sff-magazine-junio-2025\/esg-2-0-un-giro-sostenible-en-la-era-de-la-directiva-omnibus\/\" aria-label=\"Post Media\">\r\n\t\t\t\t\t<img loading=\"lazy\" decoding=\"async\" width=\"600\" height=\"420\" src=\"https:\/\/sff-camara.com\/wp-content\/uploads\/2025\/06\/ALLfunds-image-600x420.jpeg\" class=\"attachment-alpha-post-medium size-alpha-post-medium wp-post-image\" alt=\"\" srcset=\"https:\/\/sff-camara.com\/wp-content\/uploads\/2025\/06\/ALLfunds-image-600x420.jpeg 600w, https:\/\/sff-camara.com\/wp-content\/uploads\/2025\/06\/ALLfunds-image-400x280.jpeg 400w, https:\/\/sff-camara.com\/wp-content\/uploads\/2025\/06\/ALLfunds-image-570x400.jpeg 570w\" sizes=\"(max-width: 600px) 100vw, 600px\" \/>\t\t\t\t\t\t<figcaption class=\"thumbnail-caption\">\r\n\t\t\t\t\t\t\tEcology concept and Environmental ,Banner design elements for sustainable energy development\t\t\t\t\t\t<\/figcaption>\r\n\t\t\t\t\t\t\t\t\t\t<\/a>\r\n\t\t\t<\/figure>\r\n\t\t\t<div class=\"post-details\">\r\n\t<div class=\"post-meta\">\r\n\t<a class=\"post-date\" href=\"https:\/\/sff-camara.com\/es\/2025\/06\/17\/\">junio 17, 2025<\/a>\r\n\r\n\t<\/div>\r\n<h3 class=\"post-title\">\r\n\t<a href=\"https:\/\/sff-camara.com\/es\/sff-magazine-junio-2025\/esg-2-0-un-giro-sostenible-en-la-era-de-la-directiva-omnibus\/\">\r\n\t\tESG 2.0: Un giro sostenible en la era de la Directiva Omnibus\t<\/a>\r\n<\/h3>\r\n<a href=\"https:\/\/sff-camara.com\/es\/sff-magazine-junio-2025\/esg-2-0-un-giro-sostenible-en-la-era-de-la-directiva-omnibus\/\" class=\"btn btn-link btn-underline btn-primary\">Leer m\u00e1s <i class=\"a-icon-long-arrow-right\"><\/i><\/a><\/div>\r\n\t<\/article>\r\n\r\n\t\r\n<\/div>\r\n\r\n\r\n<div class=\"post-wrap \" data-post-image=\"alpha-post-medium\">\r\n\r\n\t\r\n\t<article class=\"post-16823 post type-post status-publish format-standard has-post-thumbnail hentry category-sff-magazine-junio-2025 tag-finanzas-sostenibles post overlay-zoom overlay-dark  post-modern\">\r\n\t\t\t\t\t<figure class=\"post-media\">\r\n\t\t\t\t\t\t\t\t<a href=\"https:\/\/sff-camara.com\/es\/sff-magazine-junio-2025\/entre-la-simplificacion-y-el-endurecimiento-de-las-normas-la-incierta-evolucion-del-paradigma-regulatorio-esg\/\" aria-label=\"Post Media\">\r\n\t\t\t\t\t<img loading=\"lazy\" decoding=\"async\" width=\"600\" height=\"420\" src=\"https:\/\/sff-camara.com\/wp-content\/uploads\/2025\/06\/CMA-Luxembourg-Image-600x420.jpeg\" class=\"attachment-alpha-post-medium size-alpha-post-medium wp-post-image\" alt=\"\" srcset=\"https:\/\/sff-camara.com\/wp-content\/uploads\/2025\/06\/CMA-Luxembourg-Image-600x420.jpeg 600w, https:\/\/sff-camara.com\/wp-content\/uploads\/2025\/06\/CMA-Luxembourg-Image-400x280.jpeg 400w, https:\/\/sff-camara.com\/wp-content\/uploads\/2025\/06\/CMA-Luxembourg-Image-570x400.jpeg 570w\" sizes=\"(max-width: 600px) 100vw, 600px\" \/>\t\t\t\t<\/a>\r\n\t\t\t<\/figure>\r\n\t\t\t<div class=\"post-details\">\r\n\t<div class=\"post-meta\">\r\n\t<a class=\"post-date\" href=\"https:\/\/sff-camara.com\/es\/2025\/06\/17\/\">junio 17, 2025<\/a>\r\n\r\n\t<\/div>\r\n<h3 class=\"post-title\">\r\n\t<a href=\"https:\/\/sff-camara.com\/es\/sff-magazine-junio-2025\/entre-la-simplificacion-y-el-endurecimiento-de-las-normas-la-incierta-evolucion-del-paradigma-regulatorio-esg\/\">\r\n\t\tEntre la simplificaci\u00f3n y el endurecimiento de las normas: la incierta evoluci\u00f3n del paradigma regulatorio ESG\t<\/a>\r\n<\/h3>\r\n<a href=\"https:\/\/sff-camara.com\/es\/sff-magazine-junio-2025\/entre-la-simplificacion-y-el-endurecimiento-de-las-normas-la-incierta-evolucion-del-paradigma-regulatorio-esg\/\" class=\"btn btn-link btn-underline btn-primary\">Leer m\u00e1s <i class=\"a-icon-long-arrow-right\"><\/i><\/a><\/div>\r\n\t<\/article>\r\n\r\n\t\r\n<\/div>\r\n\r\n\r\n<div class=\"post-wrap \" data-post-image=\"alpha-post-medium\">\r\n\r\n\t\r\n\t<article class=\"post-16850 post type-post status-publish format-standard has-post-thumbnail hentry category-sff-magazine-junio-2025 tag-seguros-de-vida-unit-linked post overlay-zoom overlay-dark  post-modern\">\r\n\t\t\t\t\t<figure class=\"post-media\">\r\n\t\t\t\t\t\t\t\t<a href=\"https:\/\/sff-camara.com\/es\/sff-magazine-junio-2025\/el-unit-linked-como-herramienta-de-planificacion-sucesoria\/\" aria-label=\"Post Media\">\r\n\t\t\t\t\t<img loading=\"lazy\" decoding=\"async\" width=\"600\" height=\"420\" src=\"https:\/\/sff-camara.com\/wp-content\/uploads\/2025\/06\/Wealins-Image-600x420.jpeg\" class=\"attachment-alpha-post-medium size-alpha-post-medium wp-post-image\" alt=\"\" srcset=\"https:\/\/sff-camara.com\/wp-content\/uploads\/2025\/06\/Wealins-Image-600x420.jpeg 600w, https:\/\/sff-camara.com\/wp-content\/uploads\/2025\/06\/Wealins-Image-400x280.jpeg 400w, https:\/\/sff-camara.com\/wp-content\/uploads\/2025\/06\/Wealins-Image-570x400.jpeg 570w\" sizes=\"(max-width: 600px) 100vw, 600px\" \/>\t\t\t\t<\/a>\r\n\t\t\t<\/figure>\r\n\t\t\t<div class=\"post-details\">\r\n\t<div class=\"post-meta\">\r\n\t<a class=\"post-date\" href=\"https:\/\/sff-camara.com\/es\/2025\/06\/17\/\">junio 17, 2025<\/a>\r\n\r\n\t<\/div>\r\n<h3 class=\"post-title\">\r\n\t<a href=\"https:\/\/sff-camara.com\/es\/sff-magazine-junio-2025\/el-unit-linked-como-herramienta-de-planificacion-sucesoria\/\">\r\n\t\tEl unit linked como herramienta de planificaci\u00f3n sucesoria\t<\/a>\r\n<\/h3>\r\n<a href=\"https:\/\/sff-camara.com\/es\/sff-magazine-junio-2025\/el-unit-linked-como-herramienta-de-planificacion-sucesoria\/\" class=\"btn btn-link btn-underline btn-primary\">Leer m\u00e1s <i class=\"a-icon-long-arrow-right\"><\/i><\/a><\/div>\r\n\t<\/article>\r\n\r\n\t\r\n<\/div>\r\n\r\n\r\n<div class=\"post-wrap \" data-post-image=\"alpha-post-medium\">\r\n\r\n\t\r\n\t<article class=\"post-16882 post type-post status-publish format-standard has-post-thumbnail hentry category-sff-magazine-junio-2025 tag-legal-es tag-tax-es post overlay-zoom overlay-dark  post-modern\">\r\n\t\t\t\t\t<figure class=\"post-media\">\r\n\t\t\t\t\t\t\t\t<a href=\"https:\/\/sff-camara.com\/es\/sff-magazine-junio-2025\/meet-the-team-baker-mckenzie\/\" aria-label=\"Post Media\">\r\n\t\t\t\t\t<img loading=\"lazy\" decoding=\"async\" width=\"600\" height=\"420\" src=\"https:\/\/sff-camara.com\/wp-content\/uploads\/2025\/06\/Baker-McKenzie-SFF-Magazine-June-2025-600x420.png\" class=\"attachment-alpha-post-medium size-alpha-post-medium wp-post-image\" alt=\"\" srcset=\"https:\/\/sff-camara.com\/wp-content\/uploads\/2025\/06\/Baker-McKenzie-SFF-Magazine-June-2025-600x420.png 600w, https:\/\/sff-camara.com\/wp-content\/uploads\/2025\/06\/Baker-McKenzie-SFF-Magazine-June-2025-400x280.png 400w, https:\/\/sff-camara.com\/wp-content\/uploads\/2025\/06\/Baker-McKenzie-SFF-Magazine-June-2025-570x400.png 570w\" sizes=\"(max-width: 600px) 100vw, 600px\" \/>\t\t\t\t<\/a>\r\n\t\t\t<\/figure>\r\n\t\t\t<div class=\"post-details\">\r\n\t<div class=\"post-meta\">\r\n\t<a class=\"post-date\" href=\"https:\/\/sff-camara.com\/es\/2025\/06\/17\/\">junio 17, 2025<\/a>\r\n\r\n\t<\/div>\r\n<h3 class=\"post-title\">\r\n\t<a href=\"https:\/\/sff-camara.com\/es\/sff-magazine-junio-2025\/meet-the-team-baker-mckenzie\/\">\r\n\t\tMEET THE TEAM &#8211; Baker McKenzie\t<\/a>\r\n<\/h3>\r\n<a href=\"https:\/\/sff-camara.com\/es\/sff-magazine-junio-2025\/meet-the-team-baker-mckenzie\/\" class=\"btn btn-link btn-underline btn-primary\">Leer m\u00e1s <i class=\"a-icon-long-arrow-right\"><\/i><\/a><\/div>\r\n\t<\/article>\r\n\r\n\t\r\n<\/div>\r\n\r\n\r\n<div class=\"post-wrap \" data-post-image=\"alpha-post-medium\">\r\n\r\n\t\r\n\t<article class=\"post-16936 post type-post status-publish format-standard has-post-thumbnail hentry category-sff-magazine-junio-2025 tag-precios-de-transferencia tag-tax-es post overlay-zoom overlay-dark  post-modern\">\r\n\t\t\t\t\t<figure class=\"post-media\">\r\n\t\t\t\t\t\t\t\t<a href=\"https:\/\/sff-camara.com\/es\/sff-magazine-junio-2025\/novedades-en-la-normativa-luxemburguesa-sobre-precios-de-transferencia-en-cuentas-corrientes\/\" aria-label=\"Post Media\">\r\n\t\t\t\t\t<img loading=\"lazy\" decoding=\"async\" width=\"600\" height=\"420\" src=\"https:\/\/sff-camara.com\/wp-content\/uploads\/2025\/06\/TRFS-image-600x420.jpeg\" class=\"attachment-alpha-post-medium size-alpha-post-medium wp-post-image\" alt=\"\" srcset=\"https:\/\/sff-camara.com\/wp-content\/uploads\/2025\/06\/TRFS-image-600x420.jpeg 600w, https:\/\/sff-camara.com\/wp-content\/uploads\/2025\/06\/TRFS-image-400x280.jpeg 400w, https:\/\/sff-camara.com\/wp-content\/uploads\/2025\/06\/TRFS-image-570x400.jpeg 570w\" sizes=\"(max-width: 600px) 100vw, 600px\" \/>\t\t\t\t\t\t<figcaption class=\"thumbnail-caption\">\r\n\t\t\t\t\t\t\tAerial view of Luxembourg in winter morning\t\t\t\t\t\t<\/figcaption>\r\n\t\t\t\t\t\t\t\t\t\t<\/a>\r\n\t\t\t<\/figure>\r\n\t\t\t<div class=\"post-details\">\r\n\t<div class=\"post-meta\">\r\n\t<a class=\"post-date\" href=\"https:\/\/sff-camara.com\/es\/2025\/06\/17\/\">junio 17, 2025<\/a>\r\n\r\n\t<\/div>\r\n<h3 class=\"post-title\">\r\n\t<a href=\"https:\/\/sff-camara.com\/es\/sff-magazine-junio-2025\/novedades-en-la-normativa-luxemburguesa-sobre-precios-de-transferencia-en-cuentas-corrientes\/\">\r\n\t\tNovedades en la normativa luxemburguesa sobre precios de transferencia en cuentas corrientes\t<\/a>\r\n<\/h3>\r\n<a href=\"https:\/\/sff-camara.com\/es\/sff-magazine-junio-2025\/novedades-en-la-normativa-luxemburguesa-sobre-precios-de-transferencia-en-cuentas-corrientes\/\" class=\"btn btn-link btn-underline btn-primary\">Leer m\u00e1s <i class=\"a-icon-long-arrow-right\"><\/i><\/a><\/div>\r\n\t<\/article>\r\n\r\n\t\r\n<\/div>\r\n\r\n\r\n<div class=\"post-wrap \" data-post-image=\"alpha-post-medium\">\r\n\r\n\t\r\n\t<article class=\"post-16998 post type-post status-publish format-standard has-post-thumbnail hentry category-sff-magazine-junio-2025 tag-asset-management-es tag-distribucion-de-fondos tag-inversiones-alternativas post overlay-zoom overlay-dark  post-modern\">\r\n\t\t\t\t\t<figure class=\"post-media\">\r\n\t\t\t\t\t\t\t\t<a href=\"https:\/\/sff-camara.com\/es\/sff-magazine-junio-2025\/luxemburgo-la-puerta-de-entrada-para-el-crecimiento-internacional-de-las-gestoras-de-fondos\/\" aria-label=\"Post Media\">\r\n\t\t\t\t\t<img loading=\"lazy\" decoding=\"async\" width=\"600\" height=\"420\" src=\"https:\/\/sff-camara.com\/wp-content\/uploads\/2025\/06\/image-3-600x420.png\" class=\"attachment-alpha-post-medium size-alpha-post-medium wp-post-image\" alt=\"\" srcset=\"https:\/\/sff-camara.com\/wp-content\/uploads\/2025\/06\/image-3-600x420.png 600w, https:\/\/sff-camara.com\/wp-content\/uploads\/2025\/06\/image-3-400x280.png 400w, https:\/\/sff-camara.com\/wp-content\/uploads\/2025\/06\/image-3-570x400.png 570w\" sizes=\"(max-width: 600px) 100vw, 600px\" \/>\t\t\t\t<\/a>\r\n\t\t\t<\/figure>\r\n\t\t\t<div class=\"post-details\">\r\n\t<div class=\"post-meta\">\r\n\t<a class=\"post-date\" href=\"https:\/\/sff-camara.com\/es\/2025\/06\/17\/\">junio 17, 2025<\/a>\r\n\r\n\t<\/div>\r\n<h3 class=\"post-title\">\r\n\t<a href=\"https:\/\/sff-camara.com\/es\/sff-magazine-junio-2025\/luxemburgo-la-puerta-de-entrada-para-el-crecimiento-internacional-de-las-gestoras-de-fondos\/\">\r\n\t\tLuxemburgo, la puerta de entrada para el crecimiento internacional de las gestoras de fondos\t<\/a>\r\n<\/h3>\r\n<a href=\"https:\/\/sff-camara.com\/es\/sff-magazine-junio-2025\/luxemburgo-la-puerta-de-entrada-para-el-crecimiento-internacional-de-las-gestoras-de-fondos\/\" class=\"btn btn-link btn-underline btn-primary\">Leer m\u00e1s <i class=\"a-icon-long-arrow-right\"><\/i><\/a><\/div>\r\n\t<\/article>\r\n\r\n\t\r\n<\/div>\r\n\r\n\r\n<div class=\"post-wrap \" data-post-image=\"alpha-post-medium\">\r\n\r\n\t\r\n\t<article class=\"post-17048 post type-post status-publish format-standard has-post-thumbnail hentry category-sff-magazine-junio-2025 tag-asset-management-es tag-distribucion-de-fondos tag-inversiones-alternativas post overlay-zoom overlay-dark  post-modern\">\r\n\t\t\t\t\t<figure class=\"post-media\">\r\n\t\t\t\t\t\t\t\t<a href=\"https:\/\/sff-camara.com\/es\/sff-magazine-junio-2025\/primer-investors-day-de-antwort-capital\/\" aria-label=\"Post Media\">\r\n\t\t\t\t\t<img loading=\"lazy\" decoding=\"async\" width=\"600\" height=\"420\" src=\"https:\/\/sff-camara.com\/wp-content\/uploads\/2025\/06\/Antwort-Investor-Day-600x420.png\" class=\"attachment-alpha-post-medium size-alpha-post-medium wp-post-image\" alt=\"\" srcset=\"https:\/\/sff-camara.com\/wp-content\/uploads\/2025\/06\/Antwort-Investor-Day-600x420.png 600w, https:\/\/sff-camara.com\/wp-content\/uploads\/2025\/06\/Antwort-Investor-Day-400x280.png 400w, https:\/\/sff-camara.com\/wp-content\/uploads\/2025\/06\/Antwort-Investor-Day-570x400.png 570w\" sizes=\"(max-width: 600px) 100vw, 600px\" \/>\t\t\t\t<\/a>\r\n\t\t\t<\/figure>\r\n\t\t\t<div class=\"post-details\">\r\n\t<div class=\"post-meta\">\r\n\t<a class=\"post-date\" href=\"https:\/\/sff-camara.com\/es\/2025\/06\/17\/\">junio 17, 2025<\/a>\r\n\r\n\t<\/div>\r\n<h3 class=\"post-title\">\r\n\t<a href=\"https:\/\/sff-camara.com\/es\/sff-magazine-junio-2025\/primer-investors-day-de-antwort-capital\/\">\r\n\t\tPrimer Investors Day de Antwort Capital\t<\/a>\r\n<\/h3>\r\n<a href=\"https:\/\/sff-camara.com\/es\/sff-magazine-junio-2025\/primer-investors-day-de-antwort-capital\/\" class=\"btn btn-link btn-underline btn-primary\">Leer m\u00e1s <i class=\"a-icon-long-arrow-right\"><\/i><\/a><\/div>\r\n\t<\/article>\r\n\r\n\t\r\n<\/div>\r\n\r\n\r\n<div class=\"post-wrap \" data-post-image=\"alpha-post-medium\">\r\n\r\n\t\r\n\t<article class=\"post-17088 post type-post status-publish format-standard has-post-thumbnail hentry category-sff-magazine-junio-2025 tag-asset-management-es tag-diversidad post overlay-zoom overlay-dark  post-modern\">\r\n\t\t\t\t\t<figure class=\"post-media\">\r\n\t\t\t\t\t\t\t\t<a href=\"https:\/\/sff-camara.com\/es\/sff-magazine-junio-2025\/women-who-inspire-finance-elisa-alonso-sanz\/\" aria-label=\"Post Media\">\r\n\t\t\t\t\t<img loading=\"lazy\" decoding=\"async\" width=\"600\" height=\"420\" src=\"https:\/\/sff-camara.com\/wp-content\/uploads\/2025\/06\/Elisa-Alonso-Sanz-600x420.png\" class=\"attachment-alpha-post-medium size-alpha-post-medium wp-post-image\" alt=\"\" srcset=\"https:\/\/sff-camara.com\/wp-content\/uploads\/2025\/06\/Elisa-Alonso-Sanz-600x420.png 600w, https:\/\/sff-camara.com\/wp-content\/uploads\/2025\/06\/Elisa-Alonso-Sanz-400x280.png 400w, https:\/\/sff-camara.com\/wp-content\/uploads\/2025\/06\/Elisa-Alonso-Sanz-570x400.png 570w\" sizes=\"(max-width: 600px) 100vw, 600px\" \/>\t\t\t\t<\/a>\r\n\t\t\t<\/figure>\r\n\t\t\t<div class=\"post-details\">\r\n\t<div class=\"post-meta\">\r\n\t<a class=\"post-date\" href=\"https:\/\/sff-camara.com\/es\/2025\/06\/15\/\">junio 15, 2025<\/a>\r\n\r\n\t<\/div>\r\n<h3 class=\"post-title\">\r\n\t<a href=\"https:\/\/sff-camara.com\/es\/sff-magazine-junio-2025\/women-who-inspire-finance-elisa-alonso-sanz\/\">\r\n\t\tWomen who inspire: Finance &#8211; Elisa Alonso Sanz\t<\/a>\r\n<\/h3>\r\n<a href=\"https:\/\/sff-camara.com\/es\/sff-magazine-junio-2025\/women-who-inspire-finance-elisa-alonso-sanz\/\" class=\"btn btn-link btn-underline btn-primary\">Leer m\u00e1s <i class=\"a-icon-long-arrow-right\"><\/i><\/a><\/div>\r\n\t<\/article>\r\n\r\n\t\r\n<\/div>\r\n\r\n\r\n<div class=\"post-wrap \" data-post-image=\"alpha-post-medium\">\r\n\r\n\t\r\n\t<article class=\"post-17093 post type-post status-publish format-standard has-post-thumbnail hentry category-sff-magazine-junio-2025 post overlay-zoom overlay-dark  post-modern\">\r\n\t\t\t\t\t<figure class=\"post-media\">\r\n\t\t\t\t\t\t\t\t<a href=\"https:\/\/sff-camara.com\/es\/sff-magazine-junio-2025\/conozca-a-los-nuevos-miembros-del-spanish-financial-forum-junio-2025\/\" aria-label=\"Post Media\">\r\n\t\t\t\t\t<img loading=\"lazy\" decoding=\"async\" width=\"600\" height=\"420\" src=\"https:\/\/sff-camara.com\/wp-content\/uploads\/2025\/06\/Entrevistas-breves-SFF-600x420.png\" class=\"attachment-alpha-post-medium size-alpha-post-medium wp-post-image\" alt=\"\" srcset=\"https:\/\/sff-camara.com\/wp-content\/uploads\/2025\/06\/Entrevistas-breves-SFF-600x420.png 600w, https:\/\/sff-camara.com\/wp-content\/uploads\/2025\/06\/Entrevistas-breves-SFF-400x280.png 400w, https:\/\/sff-camara.com\/wp-content\/uploads\/2025\/06\/Entrevistas-breves-SFF-570x400.png 570w\" sizes=\"(max-width: 600px) 100vw, 600px\" \/>\t\t\t\t<\/a>\r\n\t\t\t<\/figure>\r\n\t\t\t<div class=\"post-details\">\r\n\t<div class=\"post-meta\">\r\n\t<a class=\"post-date\" href=\"https:\/\/sff-camara.com\/es\/2025\/06\/17\/\">junio 17, 2025<\/a>\r\n\r\n\t<\/div>\r\n<h3 class=\"post-title\">\r\n\t<a href=\"https:\/\/sff-camara.com\/es\/sff-magazine-junio-2025\/conozca-a-los-nuevos-miembros-del-spanish-financial-forum-junio-2025\/\">\r\n\t\tConozca a los nuevos miembros del Spanish Financial Forum &#8211; Junio 2025\t<\/a>\r\n<\/h3>\r\n<a href=\"https:\/\/sff-camara.com\/es\/sff-magazine-junio-2025\/conozca-a-los-nuevos-miembros-del-spanish-financial-forum-junio-2025\/\" class=\"btn btn-link btn-underline btn-primary\">Leer m\u00e1s <i class=\"a-icon-long-arrow-right\"><\/i><\/a><\/div>\r\n\t<\/article>\r\n\r\n\t\r\n<\/div>\r\n\r\n\r\n<div class=\"post-wrap \" data-post-image=\"alpha-post-medium\">\r\n\r\n\t\r\n\t<article class=\"post-17144 post type-post status-publish format-standard has-post-thumbnail hentry category-sff-magazine-junio-2025 tag-diversidad post overlay-zoom overlay-dark  post-modern\">\r\n\t\t\t\t\t<figure class=\"post-media\">\r\n\t\t\t\t\t\t\t\t<a href=\"https:\/\/sff-camara.com\/es\/sff-magazine-junio-2025\/accesibilidad-financiera-un-compromiso-europeo-con-impacto-real\/\" aria-label=\"Post Media\">\r\n\t\t\t\t\t<img loading=\"lazy\" decoding=\"async\" width=\"600\" height=\"420\" src=\"https:\/\/sff-camara.com\/wp-content\/uploads\/2025\/06\/ES-Entrevista-inclusividad-financiera-600x420.png\" class=\"attachment-alpha-post-medium size-alpha-post-medium wp-post-image\" alt=\"\" srcset=\"https:\/\/sff-camara.com\/wp-content\/uploads\/2025\/06\/ES-Entrevista-inclusividad-financiera-600x420.png 600w, https:\/\/sff-camara.com\/wp-content\/uploads\/2025\/06\/ES-Entrevista-inclusividad-financiera-400x280.png 400w, https:\/\/sff-camara.com\/wp-content\/uploads\/2025\/06\/ES-Entrevista-inclusividad-financiera-570x400.png 570w\" sizes=\"(max-width: 600px) 100vw, 600px\" \/>\t\t\t\t<\/a>\r\n\t\t\t<\/figure>\r\n\t\t\t<div class=\"post-details\">\r\n\t<div class=\"post-meta\">\r\n\t<a class=\"post-date\" href=\"https:\/\/sff-camara.com\/es\/2025\/06\/17\/\">junio 17, 2025<\/a>\r\n\r\n\t<\/div>\r\n<h3 class=\"post-title\">\r\n\t<a href=\"https:\/\/sff-camara.com\/es\/sff-magazine-junio-2025\/accesibilidad-financiera-un-compromiso-europeo-con-impacto-real\/\">\r\n\t\tAccesibilidad financiera: un compromiso europeo con impacto real\t<\/a>\r\n<\/h3>\r\n<a href=\"https:\/\/sff-camara.com\/es\/sff-magazine-junio-2025\/accesibilidad-financiera-un-compromiso-europeo-con-impacto-real\/\" class=\"btn btn-link btn-underline btn-primary\">Leer m\u00e1s <i class=\"a-icon-long-arrow-right\"><\/i><\/a><\/div>\r\n\t<\/article>\r\n\r\n\t\r\n<\/div>\r\n\r\n<\/div>\t\t\t\t<\/div>\n\t\t\t\t<\/div>\n\t\t\t\t<div class=\"elementor-element elementor-element-1457a4cf elementor-widget elementor-widget-spacer\" data-id=\"1457a4cf\" data-element_type=\"widget\" data-e-type=\"widget\" data-widget_type=\"spacer.default\">\n\t\t\t\t<div class=\"elementor-widget-container\">\n\t\t\t\t\t\t\t<div class=\"elementor-spacer\">\n\t\t\t<div class=\"elementor-spacer-inner\"><\/div>\n\t\t<\/div>\n\t\t\t\t\t\t<\/div>\n\t\t\t\t<\/div>\n\t\t\t\t\t\t<\/div>\r\n\t\t\t\t<\/div>\r\n\t\t\t\t\t\t\t\t<\/div>\r\n\t\t\t<\/section>\r\n\t\t\t\t\t<\/div>\n\t\t","protected":false},"excerpt":{"rendered":"<p>En un contexto europeo marcado por la entrada en vigor, el pr\u00f3ximo 28 de junio, de la European Accessibility Act (EAA), la Fundaci\u00f3n ONCE, el European Accessibility Resource Centre &#8211; [&hellip;]<\/p>\n","protected":false},"author":2,"featured_media":17357,"comment_status":"closed","ping_status":"closed","sticky":false,"template":"","format":"standard","meta":{"_acf_changed":false,"_price":"","_stock":"","_tribe_ticket_header":"","_tribe_default_ticket_provider":"","_ticket_start_date":"","_ticket_end_date":"","_tribe_ticket_show_description":"","_tribe_ticket_show_not_going":false,"_tribe_ticket_use_global_stock":"","_tribe_ticket_global_stock_level":"","_global_stock_mode":"","_global_stock_cap":"","_tribe_rsvp_for_event":"","_tribe_ticket_going_count":"","_tribe_ticket_not_going_count":"","_tribe_tickets_list":"[]","_tribe_ticket_has_attendee_info_fields":false,"footnotes":""},"categories":[296],"tags":[278],"class_list":["post-17144","post","type-post","status-publish","format-standard","has-post-thumbnail","hentry","category-sff-magazine-junio-2025","tag-diversidad"],"acf":[],"yoast_head":"<!-- This site is optimized with the Yoast SEO plugin v27.1.1 - https:\/\/yoast.com\/product\/yoast-seo-wordpress\/ -->\n<title>Accesibilidad financiera: un compromiso europeo con impacto real | SFF<\/title>\n<meta name=\"description\" content=\"Explora c\u00f3mo el Acta Europea de Accesibilidad est\u00e1 transformando los bancos. Perspectivas de los l\u00edderes de EBF y AccessibleEU antes del acto del 1 de julio en Bruselas.\" \/>\n<meta name=\"robots\" content=\"index, follow, max-snippet:-1, max-image-preview:large, max-video-preview:-1\" \/>\n<link rel=\"canonical\" href=\"https:\/\/sff-camara.com\/es\/sff-magazine-junio-2025\/accesibilidad-financiera-un-compromiso-europeo-con-impacto-real\/\" \/>\n<meta property=\"og:locale\" content=\"es_ES\" \/>\n<meta property=\"og:type\" content=\"article\" \/>\n<meta property=\"og:title\" content=\"Accesibilidad financiera: un compromiso europeo con impacto real | SFF\" \/>\n<meta property=\"og:description\" content=\"Explora c\u00f3mo el Acta Europea de Accesibilidad est\u00e1 transformando los bancos. Perspectivas de los l\u00edderes de EBF y AccessibleEU antes del acto del 1 de julio en Bruselas.\" \/>\n<meta property=\"og:url\" content=\"https:\/\/sff-camara.com\/es\/sff-magazine-junio-2025\/accesibilidad-financiera-un-compromiso-europeo-con-impacto-real\/\" \/>\n<meta property=\"og:site_name\" content=\"SFF\" \/>\n<meta property=\"article:published_time\" content=\"2025-06-17T12:00:53+00:00\" \/>\n<meta property=\"article:modified_time\" content=\"2025-06-18T17:16:22+00:00\" \/>\n<meta property=\"og:image\" content=\"https:\/\/sff-camara.com\/wp-content\/uploads\/2025\/06\/ES-Entrevista-inclusividad-financiera.png\" \/>\n\t<meta property=\"og:image:width\" content=\"2464\" \/>\n\t<meta property=\"og:image:height\" content=\"1643\" \/>\n\t<meta property=\"og:image:type\" content=\"image\/png\" \/>\n<meta name=\"author\" content=\"SFF\" \/>\n<meta name=\"twitter:card\" content=\"summary_large_image\" \/>\n<meta name=\"twitter:label1\" content=\"Escrito por\" \/>\n\t<meta name=\"twitter:data1\" content=\"SFF\" \/>\n\t<meta name=\"twitter:label2\" content=\"Tiempo de lectura\" \/>\n\t<meta name=\"twitter:data2\" content=\"13 minutos\" \/>\n<script type=\"application\/ld+json\" class=\"yoast-schema-graph\">{\"@context\":\"https:\/\/schema.org\",\"@graph\":[{\"@type\":\"Article\",\"@id\":\"https:\/\/sff-camara.com\/es\/sff-magazine-junio-2025\/accesibilidad-financiera-un-compromiso-europeo-con-impacto-real\/#article\",\"isPartOf\":{\"@id\":\"https:\/\/sff-camara.com\/es\/sff-magazine-junio-2025\/accesibilidad-financiera-un-compromiso-europeo-con-impacto-real\/\"},\"author\":{\"name\":\"SFF\",\"@id\":\"https:\/\/sff-camara.com\/#\/schema\/person\/4adb1bc18ccd0824990c909ad888ece9\"},\"headline\":\"Accesibilidad financiera: un compromiso europeo con impacto real\",\"datePublished\":\"2025-06-17T12:00:53+00:00\",\"dateModified\":\"2025-06-18T17:16:22+00:00\",\"mainEntityOfPage\":{\"@id\":\"https:\/\/sff-camara.com\/es\/sff-magazine-junio-2025\/accesibilidad-financiera-un-compromiso-europeo-con-impacto-real\/\"},\"wordCount\":2647,\"publisher\":{\"@id\":\"https:\/\/sff-camara.com\/#organization\"},\"image\":{\"@id\":\"https:\/\/sff-camara.com\/es\/sff-magazine-junio-2025\/accesibilidad-financiera-un-compromiso-europeo-con-impacto-real\/#primaryimage\"},\"thumbnailUrl\":\"https:\/\/sff-camara.com\/wp-content\/uploads\/2025\/06\/ES-Entrevista-inclusividad-financiera.png\",\"keywords\":[\"Diversidad\"],\"articleSection\":[\"SFF Magazine Junio 2025\"],\"inLanguage\":\"es\"},{\"@type\":\"WebPage\",\"@id\":\"https:\/\/sff-camara.com\/es\/sff-magazine-junio-2025\/accesibilidad-financiera-un-compromiso-europeo-con-impacto-real\/\",\"url\":\"https:\/\/sff-camara.com\/es\/sff-magazine-junio-2025\/accesibilidad-financiera-un-compromiso-europeo-con-impacto-real\/\",\"name\":\"Accesibilidad financiera: un compromiso europeo con impacto real | SFF\",\"isPartOf\":{\"@id\":\"https:\/\/sff-camara.com\/#website\"},\"primaryImageOfPage\":{\"@id\":\"https:\/\/sff-camara.com\/es\/sff-magazine-junio-2025\/accesibilidad-financiera-un-compromiso-europeo-con-impacto-real\/#primaryimage\"},\"image\":{\"@id\":\"https:\/\/sff-camara.com\/es\/sff-magazine-junio-2025\/accesibilidad-financiera-un-compromiso-europeo-con-impacto-real\/#primaryimage\"},\"thumbnailUrl\":\"https:\/\/sff-camara.com\/wp-content\/uploads\/2025\/06\/ES-Entrevista-inclusividad-financiera.png\",\"datePublished\":\"2025-06-17T12:00:53+00:00\",\"dateModified\":\"2025-06-18T17:16:22+00:00\",\"description\":\"Explora c\u00f3mo el Acta Europea de Accesibilidad est\u00e1 transformando los bancos. Perspectivas de los l\u00edderes de EBF y AccessibleEU antes del acto del 1 de julio en Bruselas.\",\"breadcrumb\":{\"@id\":\"https:\/\/sff-camara.com\/es\/sff-magazine-junio-2025\/accesibilidad-financiera-un-compromiso-europeo-con-impacto-real\/#breadcrumb\"},\"inLanguage\":\"es\",\"potentialAction\":[{\"@type\":\"ReadAction\",\"target\":[\"https:\/\/sff-camara.com\/es\/sff-magazine-junio-2025\/accesibilidad-financiera-un-compromiso-europeo-con-impacto-real\/\"]}]},{\"@type\":\"ImageObject\",\"inLanguage\":\"es\",\"@id\":\"https:\/\/sff-camara.com\/es\/sff-magazine-junio-2025\/accesibilidad-financiera-un-compromiso-europeo-con-impacto-real\/#primaryimage\",\"url\":\"https:\/\/sff-camara.com\/wp-content\/uploads\/2025\/06\/ES-Entrevista-inclusividad-financiera.png\",\"contentUrl\":\"https:\/\/sff-camara.com\/wp-content\/uploads\/2025\/06\/ES-Entrevista-inclusividad-financiera.png\",\"width\":2464,\"height\":1643},{\"@type\":\"BreadcrumbList\",\"@id\":\"https:\/\/sff-camara.com\/es\/sff-magazine-junio-2025\/accesibilidad-financiera-un-compromiso-europeo-con-impacto-real\/#breadcrumb\",\"itemListElement\":[{\"@type\":\"ListItem\",\"position\":1,\"name\":\"Home\",\"item\":\"https:\/\/sff-camara.com\/\"},{\"@type\":\"ListItem\",\"position\":2,\"name\":\"Accesibilidad financiera: un compromiso europeo con impacto real\"}]},{\"@type\":\"WebSite\",\"@id\":\"https:\/\/sff-camara.com\/#website\",\"url\":\"https:\/\/sff-camara.com\/\",\"name\":\"SFF\",\"description\":\"Spanish Financial Forum in Luxembourg\",\"publisher\":{\"@id\":\"https:\/\/sff-camara.com\/#organization\"},\"potentialAction\":[{\"@type\":\"SearchAction\",\"target\":{\"@type\":\"EntryPoint\",\"urlTemplate\":\"https:\/\/sff-camara.com\/?s={search_term_string}\"},\"query-input\":{\"@type\":\"PropertyValueSpecification\",\"valueRequired\":true,\"valueName\":\"search_term_string\"}}],\"inLanguage\":\"es\"},{\"@type\":\"Organization\",\"@id\":\"https:\/\/sff-camara.com\/#organization\",\"name\":\"Spanish Financial Forum in Luxembourg\",\"url\":\"https:\/\/sff-camara.com\/\",\"logo\":{\"@type\":\"ImageObject\",\"inLanguage\":\"es\",\"@id\":\"https:\/\/sff-camara.com\/#\/schema\/logo\/image\/\",\"url\":\"https:\/\/sff-camara.com\/wp-content\/uploads\/2023\/02\/cropped-LOGO-1.png\",\"contentUrl\":\"https:\/\/sff-camara.com\/wp-content\/uploads\/2023\/02\/cropped-LOGO-1.png\",\"width\":586,\"height\":222,\"caption\":\"Spanish Financial Forum in Luxembourg\"},\"image\":{\"@id\":\"https:\/\/sff-camara.com\/#\/schema\/logo\/image\/\"},\"sameAs\":[\"https:\/\/www.linkedin.com\/company\/camara-oficial-de-comercio-de-espana-en-belgica-y-luxemburgo\/\"]},{\"@type\":\"Person\",\"@id\":\"https:\/\/sff-camara.com\/#\/schema\/person\/4adb1bc18ccd0824990c909ad888ece9\",\"name\":\"SFF\",\"url\":\"https:\/\/sff-camara.com\/es\/author\/planinluxadmin\/\"}]}<\/script>\n<!-- \/ Yoast SEO plugin. -->","yoast_head_json":{"title":"Accesibilidad financiera: un compromiso europeo con impacto real | SFF","description":"Explora c\u00f3mo el Acta Europea de Accesibilidad est\u00e1 transformando los bancos. Perspectivas de los l\u00edderes de EBF y AccessibleEU antes del acto del 1 de julio en Bruselas.","robots":{"index":"index","follow":"follow","max-snippet":"max-snippet:-1","max-image-preview":"max-image-preview:large","max-video-preview":"max-video-preview:-1"},"canonical":"https:\/\/sff-camara.com\/es\/sff-magazine-junio-2025\/accesibilidad-financiera-un-compromiso-europeo-con-impacto-real\/","og_locale":"es_ES","og_type":"article","og_title":"Accesibilidad financiera: un compromiso europeo con impacto real | SFF","og_description":"Explora c\u00f3mo el Acta Europea de Accesibilidad est\u00e1 transformando los bancos. Perspectivas de los l\u00edderes de EBF y AccessibleEU antes del acto del 1 de julio en Bruselas.","og_url":"https:\/\/sff-camara.com\/es\/sff-magazine-junio-2025\/accesibilidad-financiera-un-compromiso-europeo-con-impacto-real\/","og_site_name":"SFF","article_published_time":"2025-06-17T12:00:53+00:00","article_modified_time":"2025-06-18T17:16:22+00:00","og_image":[{"width":2464,"height":1643,"url":"https:\/\/sff-camara.com\/wp-content\/uploads\/2025\/06\/ES-Entrevista-inclusividad-financiera.png","type":"image\/png"}],"author":"SFF","twitter_card":"summary_large_image","twitter_misc":{"Escrito por":"SFF","Tiempo de lectura":"13 minutos"},"schema":{"@context":"https:\/\/schema.org","@graph":[{"@type":"Article","@id":"https:\/\/sff-camara.com\/es\/sff-magazine-junio-2025\/accesibilidad-financiera-un-compromiso-europeo-con-impacto-real\/#article","isPartOf":{"@id":"https:\/\/sff-camara.com\/es\/sff-magazine-junio-2025\/accesibilidad-financiera-un-compromiso-europeo-con-impacto-real\/"},"author":{"name":"SFF","@id":"https:\/\/sff-camara.com\/#\/schema\/person\/4adb1bc18ccd0824990c909ad888ece9"},"headline":"Accesibilidad financiera: un compromiso europeo con impacto real","datePublished":"2025-06-17T12:00:53+00:00","dateModified":"2025-06-18T17:16:22+00:00","mainEntityOfPage":{"@id":"https:\/\/sff-camara.com\/es\/sff-magazine-junio-2025\/accesibilidad-financiera-un-compromiso-europeo-con-impacto-real\/"},"wordCount":2647,"publisher":{"@id":"https:\/\/sff-camara.com\/#organization"},"image":{"@id":"https:\/\/sff-camara.com\/es\/sff-magazine-junio-2025\/accesibilidad-financiera-un-compromiso-europeo-con-impacto-real\/#primaryimage"},"thumbnailUrl":"https:\/\/sff-camara.com\/wp-content\/uploads\/2025\/06\/ES-Entrevista-inclusividad-financiera.png","keywords":["Diversidad"],"articleSection":["SFF Magazine Junio 2025"],"inLanguage":"es"},{"@type":"WebPage","@id":"https:\/\/sff-camara.com\/es\/sff-magazine-junio-2025\/accesibilidad-financiera-un-compromiso-europeo-con-impacto-real\/","url":"https:\/\/sff-camara.com\/es\/sff-magazine-junio-2025\/accesibilidad-financiera-un-compromiso-europeo-con-impacto-real\/","name":"Accesibilidad financiera: un compromiso europeo con impacto real | SFF","isPartOf":{"@id":"https:\/\/sff-camara.com\/#website"},"primaryImageOfPage":{"@id":"https:\/\/sff-camara.com\/es\/sff-magazine-junio-2025\/accesibilidad-financiera-un-compromiso-europeo-con-impacto-real\/#primaryimage"},"image":{"@id":"https:\/\/sff-camara.com\/es\/sff-magazine-junio-2025\/accesibilidad-financiera-un-compromiso-europeo-con-impacto-real\/#primaryimage"},"thumbnailUrl":"https:\/\/sff-camara.com\/wp-content\/uploads\/2025\/06\/ES-Entrevista-inclusividad-financiera.png","datePublished":"2025-06-17T12:00:53+00:00","dateModified":"2025-06-18T17:16:22+00:00","description":"Explora c\u00f3mo el Acta Europea de Accesibilidad est\u00e1 transformando los bancos. Perspectivas de los l\u00edderes de EBF y AccessibleEU antes del acto del 1 de julio en Bruselas.","breadcrumb":{"@id":"https:\/\/sff-camara.com\/es\/sff-magazine-junio-2025\/accesibilidad-financiera-un-compromiso-europeo-con-impacto-real\/#breadcrumb"},"inLanguage":"es","potentialAction":[{"@type":"ReadAction","target":["https:\/\/sff-camara.com\/es\/sff-magazine-junio-2025\/accesibilidad-financiera-un-compromiso-europeo-con-impacto-real\/"]}]},{"@type":"ImageObject","inLanguage":"es","@id":"https:\/\/sff-camara.com\/es\/sff-magazine-junio-2025\/accesibilidad-financiera-un-compromiso-europeo-con-impacto-real\/#primaryimage","url":"https:\/\/sff-camara.com\/wp-content\/uploads\/2025\/06\/ES-Entrevista-inclusividad-financiera.png","contentUrl":"https:\/\/sff-camara.com\/wp-content\/uploads\/2025\/06\/ES-Entrevista-inclusividad-financiera.png","width":2464,"height":1643},{"@type":"BreadcrumbList","@id":"https:\/\/sff-camara.com\/es\/sff-magazine-junio-2025\/accesibilidad-financiera-un-compromiso-europeo-con-impacto-real\/#breadcrumb","itemListElement":[{"@type":"ListItem","position":1,"name":"Home","item":"https:\/\/sff-camara.com\/"},{"@type":"ListItem","position":2,"name":"Accesibilidad financiera: un compromiso europeo con impacto real"}]},{"@type":"WebSite","@id":"https:\/\/sff-camara.com\/#website","url":"https:\/\/sff-camara.com\/","name":"SFF","description":"Spanish Financial Forum in Luxembourg","publisher":{"@id":"https:\/\/sff-camara.com\/#organization"},"potentialAction":[{"@type":"SearchAction","target":{"@type":"EntryPoint","urlTemplate":"https:\/\/sff-camara.com\/?s={search_term_string}"},"query-input":{"@type":"PropertyValueSpecification","valueRequired":true,"valueName":"search_term_string"}}],"inLanguage":"es"},{"@type":"Organization","@id":"https:\/\/sff-camara.com\/#organization","name":"Spanish Financial Forum in Luxembourg","url":"https:\/\/sff-camara.com\/","logo":{"@type":"ImageObject","inLanguage":"es","@id":"https:\/\/sff-camara.com\/#\/schema\/logo\/image\/","url":"https:\/\/sff-camara.com\/wp-content\/uploads\/2023\/02\/cropped-LOGO-1.png","contentUrl":"https:\/\/sff-camara.com\/wp-content\/uploads\/2023\/02\/cropped-LOGO-1.png","width":586,"height":222,"caption":"Spanish Financial Forum in Luxembourg"},"image":{"@id":"https:\/\/sff-camara.com\/#\/schema\/logo\/image\/"},"sameAs":["https:\/\/www.linkedin.com\/company\/camara-oficial-de-comercio-de-espana-en-belgica-y-luxemburgo\/"]},{"@type":"Person","@id":"https:\/\/sff-camara.com\/#\/schema\/person\/4adb1bc18ccd0824990c909ad888ece9","name":"SFF","url":"https:\/\/sff-camara.com\/es\/author\/planinluxadmin\/"}]}},"_links":{"self":[{"href":"https:\/\/sff-camara.com\/es\/wp-json\/wp\/v2\/posts\/17144","targetHints":{"allow":["GET"]}}],"collection":[{"href":"https:\/\/sff-camara.com\/es\/wp-json\/wp\/v2\/posts"}],"about":[{"href":"https:\/\/sff-camara.com\/es\/wp-json\/wp\/v2\/types\/post"}],"author":[{"embeddable":true,"href":"https:\/\/sff-camara.com\/es\/wp-json\/wp\/v2\/users\/2"}],"replies":[{"embeddable":true,"href":"https:\/\/sff-camara.com\/es\/wp-json\/wp\/v2\/comments?post=17144"}],"version-history":[{"count":16,"href":"https:\/\/sff-camara.com\/es\/wp-json\/wp\/v2\/posts\/17144\/revisions"}],"predecessor-version":[{"id":17368,"href":"https:\/\/sff-camara.com\/es\/wp-json\/wp\/v2\/posts\/17144\/revisions\/17368"}],"wp:featuredmedia":[{"embeddable":true,"href":"https:\/\/sff-camara.com\/es\/wp-json\/wp\/v2\/media\/17357"}],"wp:attachment":[{"href":"https:\/\/sff-camara.com\/es\/wp-json\/wp\/v2\/media?parent=17144"}],"wp:term":[{"taxonomy":"category","embeddable":true,"href":"https:\/\/sff-camara.com\/es\/wp-json\/wp\/v2\/categories?post=17144"},{"taxonomy":"post_tag","embeddable":true,"href":"https:\/\/sff-camara.com\/es\/wp-json\/wp\/v2\/tags?post=17144"}],"curies":[{"name":"wp","href":"https:\/\/api.w.org\/{rel}","templated":true}]}}