{"id":15999,"date":"2025-02-03T12:01:52","date_gmt":"2025-02-03T12:01:52","guid":{"rendered":"https:\/\/sff-camara.com\/sin-categorizar\/05-02-conferencia-presencial-puente-de-inversion-latam-iberia-luxemburgo-estrategias-innovacion-y-seguridad-2\/"},"modified":"2025-02-04T08:44:45","modified_gmt":"2025-02-04T08:44:45","slug":"05-02-conferencia-presencial-puente-de-inversion-latam-iberia-luxemburgo-estrategias-innovacion-y-seguridad-2","status":"publish","type":"post","link":"https:\/\/sff-camara.com\/es\/noticias\/05-02-conferencia-presencial-puente-de-inversion-latam-iberia-luxemburgo-estrategias-innovacion-y-seguridad-2\/","title":{"rendered":"05\/02 Conferencia presencial \u00abPuente de inversi\u00f3n Latam- Iberia- Luxemburgo: Estrategias, Innovaci\u00f3n y Seguridad\u00bb"},"content":{"rendered":"<h2>05\/02 Conferencia presencial \u00abPuente de inversi\u00f3n Latam- Iberia- Luxemburgo: Estrategias, Innovaci\u00f3n y Seguridad\u00bb<\/h2>\n<p>\t\t\t\t\t\t\t\t\t\t\t\t\t<img fetchpriority=\"high\" decoding=\"async\" width=\"1024\" height=\"397\" src=\"https:\/\/sff-camara.com\/wp-content\/uploads\/2025\/02\/Background-3-1024x397.png\" alt=\"\" srcset=\"https:\/\/sff-camara.com\/wp-content\/uploads\/2025\/02\/Background-3-1024x397.png 1024w, https:\/\/sff-camara.com\/wp-content\/uploads\/2025\/02\/Background-3-768x298.png 768w\" sizes=\"(max-width: 1024px) 100vw, 1024px\" \/>\t\t\t\t\t\t\t\t\t\t\t\t\t<\/p>\n<p>La&nbsp;<strong>C\u00e1mara Oficial<\/strong><strong>&nbsp;de Comercio de Espa\u00f1a en B\u00e9lgica y Luxemburgo<\/strong>, en colaboraci\u00f3n con&nbsp;<strong>CMS Luxemburgo<\/strong>,&nbsp;<strong>Ebury Spain&nbsp;<\/strong>y<strong>&nbsp;TMF Group<\/strong>&nbsp;tiene el placer de invitarle a una conferencia sobre \u201cPuente de inversi\u00f3n Latam- Iberia- Luxemburgo: Estrategias, Innovaci\u00f3n y Seguridad\u201d. En un contexto global de creciente interconexi\u00f3n econ\u00f3mica, el puente de inversiones entre Latinoam\u00e9rica, Luxemburgo y Espa\u00f1a se est\u00e1 consolidando como una v\u00eda estrat\u00e9gica para el acceso a nuevas oportunidades de inversi\u00f3n.<\/p>\n<p>En esta conferencia, se analizar\u00e1n en detalle las claves para optimizar sus operaciones en este din\u00e1mico mercado y descubrir c\u00f3mo sacar el m\u00e1ximo partido de Luxemburgo como centro financiero estrat\u00e9gico para canalizar sus inversiones.<\/p>\n<p>Durante esta a sesi\u00f3n interactiva, profesionales de&nbsp;<strong>Ebury<\/strong>, fintech l\u00edder en soluciones financieras internacionales,&nbsp;<strong>CMS Luxemburg<\/strong>&nbsp;y<strong>&nbsp;TMF Group<\/strong>&nbsp;les guiar\u00e1n a trav\u00e9s de soluciones innovadoras para facilitar sus transacciones internacionales, gestionar el riesgo cambiario y optimizar la eficiencia de sus operaciones.<\/p>\n<p>Tras la conferencia, se celebrar\u00e1 un c\u00f3ctel networking.<\/p>\n<p>La sesi\u00f3n se celebrar\u00e1 en&nbsp;<strong>ingl\u00e9s<\/strong>.<\/p>\n<p>En colaboraci\u00f3n con:<\/p>\n<p>\t\t\t\t\t\t\t\t\t\t\t\t\t<img decoding=\"async\" width=\"315\" height=\"160\" src=\"https:\/\/sff-camara.com\/wp-content\/uploads\/2025\/02\/logo-cms.jpg\" alt=\"\" \/><br \/>\n\t\t\t\t\t\t\t\t\t\t\t\t\t<img decoding=\"async\" width=\"576\" height=\"87\" src=\"https:\/\/sff-camara.com\/wp-content\/uploads\/2025\/02\/ebury-logo.png\" alt=\"\" srcset=\"https:\/\/sff-camara.com\/wp-content\/uploads\/2025\/02\/ebury-logo.png 576w, https:\/\/sff-camara.com\/wp-content\/uploads\/2025\/02\/ebury-logo-570x87.png 570w\" sizes=\"(max-width: 576px) 100vw, 576px\" \/><br \/>\n\t\t\t\t\t\t\t\t\t\t\t\t\t<img loading=\"lazy\" decoding=\"async\" width=\"225\" height=\"225\" src=\"https:\/\/sff-camara.com\/wp-content\/uploads\/2025\/02\/tmf-group.png\" alt=\"\" \/><\/p>\n","protected":false},"excerpt":{"rendered":"<p>05\/02 Conferencia presencial \u00abPuente de inversi\u00f3n Latam- Iberia- Luxemburgo: Estrategias, Innovaci\u00f3n y Seguridad\u00bb La&nbsp;C\u00e1mara Oficial&nbsp;de Comercio de Espa\u00f1a en B\u00e9lgica y Luxemburgo, en colaboraci\u00f3n con&nbsp;CMS Luxemburgo,&nbsp;Ebury Spain&nbsp;y&nbsp;TMF Group&nbsp;tiene el placer [&hellip;]<\/p>\n","protected":false},"author":4,"featured_media":15939,"comment_status":"closed","ping_status":"open","sticky":false,"template":"","format":"standard","meta":{"_acf_changed":false,"_price":"","_stock":"","_tribe_ticket_header":"","_tribe_default_ticket_provider":"","_ticket_start_date":"","_ticket_end_date":"","_tribe_ticket_show_description":"","_tribe_ticket_show_not_going":false,"_tribe_ticket_use_global_stock":"","_tribe_ticket_global_stock_level":"","_global_stock_mode":"","_global_stock_cap":"","_tribe_rsvp_for_event":"","_tribe_ticket_going_count":"","_tribe_ticket_not_going_count":"","_tribe_tickets_list":"[]","_tribe_ticket_has_attendee_info_fields":false,"footnotes":""},"categories":[124],"tags":[],"class_list":["post-15999","post","type-post","status-publish","format-standard","has-post-thumbnail","hentry","category-noticias"],"acf":[],"yoast_head":"<!-- This site is optimized with the Yoast SEO plugin v27.1.1 - https:\/\/yoast.com\/product\/yoast-seo-wordpress\/ -->\n<title>05\/02 Conferencia presencial \u00abPuente de inversi\u00f3n Latam- Iberia- Luxemburgo: Estrategias, Innovaci\u00f3n y Seguridad\u00bb | SFF<\/title>\n<meta name=\"robots\" content=\"index, follow, max-snippet:-1, max-image-preview:large, max-video-preview:-1\" \/>\n<link rel=\"canonical\" href=\"https:\/\/sff-camara.com\/es\/noticias\/05-02-conferencia-presencial-puente-de-inversion-latam-iberia-luxemburgo-estrategias-innovacion-y-seguridad-2\/\" \/>\n<meta property=\"og:locale\" content=\"es_ES\" \/>\n<meta property=\"og:type\" content=\"article\" \/>\n<meta property=\"og:title\" content=\"05\/02 Conferencia presencial \u00abPuente de inversi\u00f3n Latam- Iberia- Luxemburgo: Estrategias, Innovaci\u00f3n y Seguridad\u00bb | SFF\" \/>\n<meta property=\"og:description\" content=\"05\/02 Conferencia presencial \u00abPuente de inversi\u00f3n Latam- Iberia- Luxemburgo: Estrategias, Innovaci\u00f3n y Seguridad\u00bb La&nbsp;C\u00e1mara Oficial&nbsp;de Comercio de Espa\u00f1a en B\u00e9lgica y Luxemburgo, en colaboraci\u00f3n con&nbsp;CMS Luxemburgo,&nbsp;Ebury Spain&nbsp;y&nbsp;TMF Group&nbsp;tiene el placer [&hellip;]\" \/>\n<meta property=\"og:url\" content=\"https:\/\/sff-camara.com\/es\/noticias\/05-02-conferencia-presencial-puente-de-inversion-latam-iberia-luxemburgo-estrategias-innovacion-y-seguridad-2\/\" \/>\n<meta property=\"og:site_name\" content=\"SFF\" \/>\n<meta property=\"article:published_time\" content=\"2025-02-03T12:01:52+00:00\" \/>\n<meta property=\"article:modified_time\" content=\"2025-02-04T08:44:45+00:00\" \/>\n<meta property=\"og:image\" content=\"https:\/\/sff-camara.com\/wp-content\/uploads\/2025\/02\/Background-3-1.png\" \/>\n\t<meta property=\"og:image:width\" content=\"1602\" \/>\n\t<meta property=\"og:image:height\" content=\"621\" \/>\n\t<meta property=\"og:image:type\" content=\"image\/png\" \/>\n<meta name=\"author\" content=\"Camara de Comercio\" \/>\n<meta name=\"twitter:card\" content=\"summary_large_image\" \/>\n<meta name=\"twitter:label1\" content=\"Escrito por\" \/>\n\t<meta name=\"twitter:data1\" content=\"Camara de Comercio\" \/>\n\t<meta name=\"twitter:label2\" content=\"Tiempo de lectura\" \/>\n\t<meta name=\"twitter:data2\" content=\"1 minuto\" \/>\n<script type=\"application\/ld+json\" class=\"yoast-schema-graph\">{\"@context\":\"https:\/\/schema.org\",\"@graph\":[{\"@type\":\"Article\",\"@id\":\"https:\/\/sff-camara.com\/es\/noticias\/05-02-conferencia-presencial-puente-de-inversion-latam-iberia-luxemburgo-estrategias-innovacion-y-seguridad-2\/#article\",\"isPartOf\":{\"@id\":\"https:\/\/sff-camara.com\/es\/noticias\/05-02-conferencia-presencial-puente-de-inversion-latam-iberia-luxemburgo-estrategias-innovacion-y-seguridad-2\/\"},\"author\":{\"name\":\"Camara de Comercio\",\"@id\":\"https:\/\/sff-camara.com\/#\/schema\/person\/3f6aa0560940799df3ef9b9236be91eb\"},\"headline\":\"05\/02 Conferencia presencial \u00abPuente de inversi\u00f3n Latam- Iberia- Luxemburgo: Estrategias, Innovaci\u00f3n y Seguridad\u00bb\",\"datePublished\":\"2025-02-03T12:01:52+00:00\",\"dateModified\":\"2025-02-04T08:44:45+00:00\",\"mainEntityOfPage\":{\"@id\":\"https:\/\/sff-camara.com\/es\/noticias\/05-02-conferencia-presencial-puente-de-inversion-latam-iberia-luxemburgo-estrategias-innovacion-y-seguridad-2\/\"},\"wordCount\":232,\"publisher\":{\"@id\":\"https:\/\/sff-camara.com\/#organization\"},\"image\":{\"@id\":\"https:\/\/sff-camara.com\/es\/noticias\/05-02-conferencia-presencial-puente-de-inversion-latam-iberia-luxemburgo-estrategias-innovacion-y-seguridad-2\/#primaryimage\"},\"thumbnailUrl\":\"https:\/\/sff-camara.com\/wp-content\/uploads\/2025\/02\/Background-3-1.png\",\"articleSection\":[\"Noticias\"],\"inLanguage\":\"es\"},{\"@type\":\"WebPage\",\"@id\":\"https:\/\/sff-camara.com\/es\/noticias\/05-02-conferencia-presencial-puente-de-inversion-latam-iberia-luxemburgo-estrategias-innovacion-y-seguridad-2\/\",\"url\":\"https:\/\/sff-camara.com\/es\/noticias\/05-02-conferencia-presencial-puente-de-inversion-latam-iberia-luxemburgo-estrategias-innovacion-y-seguridad-2\/\",\"name\":\"05\/02 Conferencia presencial \u00abPuente de inversi\u00f3n Latam- Iberia- Luxemburgo: Estrategias, Innovaci\u00f3n y Seguridad\u00bb | SFF\",\"isPartOf\":{\"@id\":\"https:\/\/sff-camara.com\/#website\"},\"primaryImageOfPage\":{\"@id\":\"https:\/\/sff-camara.com\/es\/noticias\/05-02-conferencia-presencial-puente-de-inversion-latam-iberia-luxemburgo-estrategias-innovacion-y-seguridad-2\/#primaryimage\"},\"image\":{\"@id\":\"https:\/\/sff-camara.com\/es\/noticias\/05-02-conferencia-presencial-puente-de-inversion-latam-iberia-luxemburgo-estrategias-innovacion-y-seguridad-2\/#primaryimage\"},\"thumbnailUrl\":\"https:\/\/sff-camara.com\/wp-content\/uploads\/2025\/02\/Background-3-1.png\",\"datePublished\":\"2025-02-03T12:01:52+00:00\",\"dateModified\":\"2025-02-04T08:44:45+00:00\",\"breadcrumb\":{\"@id\":\"https:\/\/sff-camara.com\/es\/noticias\/05-02-conferencia-presencial-puente-de-inversion-latam-iberia-luxemburgo-estrategias-innovacion-y-seguridad-2\/#breadcrumb\"},\"inLanguage\":\"es\",\"potentialAction\":[{\"@type\":\"ReadAction\",\"target\":[\"https:\/\/sff-camara.com\/es\/noticias\/05-02-conferencia-presencial-puente-de-inversion-latam-iberia-luxemburgo-estrategias-innovacion-y-seguridad-2\/\"]}]},{\"@type\":\"ImageObject\",\"inLanguage\":\"es\",\"@id\":\"https:\/\/sff-camara.com\/es\/noticias\/05-02-conferencia-presencial-puente-de-inversion-latam-iberia-luxemburgo-estrategias-innovacion-y-seguridad-2\/#primaryimage\",\"url\":\"https:\/\/sff-camara.com\/wp-content\/uploads\/2025\/02\/Background-3-1.png\",\"contentUrl\":\"https:\/\/sff-camara.com\/wp-content\/uploads\/2025\/02\/Background-3-1.png\",\"width\":1602,\"height\":621},{\"@type\":\"BreadcrumbList\",\"@id\":\"https:\/\/sff-camara.com\/es\/noticias\/05-02-conferencia-presencial-puente-de-inversion-latam-iberia-luxemburgo-estrategias-innovacion-y-seguridad-2\/#breadcrumb\",\"itemListElement\":[{\"@type\":\"ListItem\",\"position\":1,\"name\":\"Home\",\"item\":\"https:\/\/sff-camara.com\/\"},{\"@type\":\"ListItem\",\"position\":2,\"name\":\"05\/02 Conferencia presencial \u00abPuente de inversi\u00f3n Latam- Iberia- Luxemburgo: Estrategias, Innovaci\u00f3n y Seguridad\u00bb\"}]},{\"@type\":\"WebSite\",\"@id\":\"https:\/\/sff-camara.com\/#website\",\"url\":\"https:\/\/sff-camara.com\/\",\"name\":\"SFF\",\"description\":\"Spanish Financial Forum in Luxembourg\",\"publisher\":{\"@id\":\"https:\/\/sff-camara.com\/#organization\"},\"potentialAction\":[{\"@type\":\"SearchAction\",\"target\":{\"@type\":\"EntryPoint\",\"urlTemplate\":\"https:\/\/sff-camara.com\/?s={search_term_string}\"},\"query-input\":{\"@type\":\"PropertyValueSpecification\",\"valueRequired\":true,\"valueName\":\"search_term_string\"}}],\"inLanguage\":\"es\"},{\"@type\":\"Organization\",\"@id\":\"https:\/\/sff-camara.com\/#organization\",\"name\":\"Spanish Financial Forum in Luxembourg\",\"url\":\"https:\/\/sff-camara.com\/\",\"logo\":{\"@type\":\"ImageObject\",\"inLanguage\":\"es\",\"@id\":\"https:\/\/sff-camara.com\/#\/schema\/logo\/image\/\",\"url\":\"https:\/\/sff-camara.com\/wp-content\/uploads\/2023\/02\/cropped-LOGO-1.png\",\"contentUrl\":\"https:\/\/sff-camara.com\/wp-content\/uploads\/2023\/02\/cropped-LOGO-1.png\",\"width\":586,\"height\":222,\"caption\":\"Spanish Financial Forum in Luxembourg\"},\"image\":{\"@id\":\"https:\/\/sff-camara.com\/#\/schema\/logo\/image\/\"},\"sameAs\":[\"https:\/\/www.linkedin.com\/company\/camara-oficial-de-comercio-de-espana-en-belgica-y-luxemburgo\/\"]},{\"@type\":\"Person\",\"@id\":\"https:\/\/sff-camara.com\/#\/schema\/person\/3f6aa0560940799df3ef9b9236be91eb\",\"name\":\"Camara de Comercio\",\"url\":\"https:\/\/sff-camara.com\/es\/author\/camara\/\"}]}<\/script>\n<!-- \/ Yoast SEO plugin. -->","yoast_head_json":{"title":"05\/02 Conferencia presencial \u00abPuente de inversi\u00f3n Latam- Iberia- Luxemburgo: Estrategias, Innovaci\u00f3n y Seguridad\u00bb | SFF","robots":{"index":"index","follow":"follow","max-snippet":"max-snippet:-1","max-image-preview":"max-image-preview:large","max-video-preview":"max-video-preview:-1"},"canonical":"https:\/\/sff-camara.com\/es\/noticias\/05-02-conferencia-presencial-puente-de-inversion-latam-iberia-luxemburgo-estrategias-innovacion-y-seguridad-2\/","og_locale":"es_ES","og_type":"article","og_title":"05\/02 Conferencia presencial \u00abPuente de inversi\u00f3n Latam- Iberia- Luxemburgo: Estrategias, Innovaci\u00f3n y Seguridad\u00bb | SFF","og_description":"05\/02 Conferencia presencial \u00abPuente de inversi\u00f3n Latam- Iberia- Luxemburgo: Estrategias, Innovaci\u00f3n y Seguridad\u00bb La&nbsp;C\u00e1mara Oficial&nbsp;de Comercio de Espa\u00f1a en B\u00e9lgica y Luxemburgo, en colaboraci\u00f3n con&nbsp;CMS Luxemburgo,&nbsp;Ebury Spain&nbsp;y&nbsp;TMF Group&nbsp;tiene el placer [&hellip;]","og_url":"https:\/\/sff-camara.com\/es\/noticias\/05-02-conferencia-presencial-puente-de-inversion-latam-iberia-luxemburgo-estrategias-innovacion-y-seguridad-2\/","og_site_name":"SFF","article_published_time":"2025-02-03T12:01:52+00:00","article_modified_time":"2025-02-04T08:44:45+00:00","og_image":[{"width":1602,"height":621,"url":"https:\/\/sff-camara.com\/wp-content\/uploads\/2025\/02\/Background-3-1.png","type":"image\/png"}],"author":"Camara de Comercio","twitter_card":"summary_large_image","twitter_misc":{"Escrito por":"Camara de Comercio","Tiempo de lectura":"1 minuto"},"schema":{"@context":"https:\/\/schema.org","@graph":[{"@type":"Article","@id":"https:\/\/sff-camara.com\/es\/noticias\/05-02-conferencia-presencial-puente-de-inversion-latam-iberia-luxemburgo-estrategias-innovacion-y-seguridad-2\/#article","isPartOf":{"@id":"https:\/\/sff-camara.com\/es\/noticias\/05-02-conferencia-presencial-puente-de-inversion-latam-iberia-luxemburgo-estrategias-innovacion-y-seguridad-2\/"},"author":{"name":"Camara de Comercio","@id":"https:\/\/sff-camara.com\/#\/schema\/person\/3f6aa0560940799df3ef9b9236be91eb"},"headline":"05\/02 Conferencia presencial \u00abPuente de inversi\u00f3n Latam- Iberia- Luxemburgo: Estrategias, Innovaci\u00f3n y Seguridad\u00bb","datePublished":"2025-02-03T12:01:52+00:00","dateModified":"2025-02-04T08:44:45+00:00","mainEntityOfPage":{"@id":"https:\/\/sff-camara.com\/es\/noticias\/05-02-conferencia-presencial-puente-de-inversion-latam-iberia-luxemburgo-estrategias-innovacion-y-seguridad-2\/"},"wordCount":232,"publisher":{"@id":"https:\/\/sff-camara.com\/#organization"},"image":{"@id":"https:\/\/sff-camara.com\/es\/noticias\/05-02-conferencia-presencial-puente-de-inversion-latam-iberia-luxemburgo-estrategias-innovacion-y-seguridad-2\/#primaryimage"},"thumbnailUrl":"https:\/\/sff-camara.com\/wp-content\/uploads\/2025\/02\/Background-3-1.png","articleSection":["Noticias"],"inLanguage":"es"},{"@type":"WebPage","@id":"https:\/\/sff-camara.com\/es\/noticias\/05-02-conferencia-presencial-puente-de-inversion-latam-iberia-luxemburgo-estrategias-innovacion-y-seguridad-2\/","url":"https:\/\/sff-camara.com\/es\/noticias\/05-02-conferencia-presencial-puente-de-inversion-latam-iberia-luxemburgo-estrategias-innovacion-y-seguridad-2\/","name":"05\/02 Conferencia presencial \u00abPuente de inversi\u00f3n Latam- Iberia- Luxemburgo: Estrategias, Innovaci\u00f3n y Seguridad\u00bb | SFF","isPartOf":{"@id":"https:\/\/sff-camara.com\/#website"},"primaryImageOfPage":{"@id":"https:\/\/sff-camara.com\/es\/noticias\/05-02-conferencia-presencial-puente-de-inversion-latam-iberia-luxemburgo-estrategias-innovacion-y-seguridad-2\/#primaryimage"},"image":{"@id":"https:\/\/sff-camara.com\/es\/noticias\/05-02-conferencia-presencial-puente-de-inversion-latam-iberia-luxemburgo-estrategias-innovacion-y-seguridad-2\/#primaryimage"},"thumbnailUrl":"https:\/\/sff-camara.com\/wp-content\/uploads\/2025\/02\/Background-3-1.png","datePublished":"2025-02-03T12:01:52+00:00","dateModified":"2025-02-04T08:44:45+00:00","breadcrumb":{"@id":"https:\/\/sff-camara.com\/es\/noticias\/05-02-conferencia-presencial-puente-de-inversion-latam-iberia-luxemburgo-estrategias-innovacion-y-seguridad-2\/#breadcrumb"},"inLanguage":"es","potentialAction":[{"@type":"ReadAction","target":["https:\/\/sff-camara.com\/es\/noticias\/05-02-conferencia-presencial-puente-de-inversion-latam-iberia-luxemburgo-estrategias-innovacion-y-seguridad-2\/"]}]},{"@type":"ImageObject","inLanguage":"es","@id":"https:\/\/sff-camara.com\/es\/noticias\/05-02-conferencia-presencial-puente-de-inversion-latam-iberia-luxemburgo-estrategias-innovacion-y-seguridad-2\/#primaryimage","url":"https:\/\/sff-camara.com\/wp-content\/uploads\/2025\/02\/Background-3-1.png","contentUrl":"https:\/\/sff-camara.com\/wp-content\/uploads\/2025\/02\/Background-3-1.png","width":1602,"height":621},{"@type":"BreadcrumbList","@id":"https:\/\/sff-camara.com\/es\/noticias\/05-02-conferencia-presencial-puente-de-inversion-latam-iberia-luxemburgo-estrategias-innovacion-y-seguridad-2\/#breadcrumb","itemListElement":[{"@type":"ListItem","position":1,"name":"Home","item":"https:\/\/sff-camara.com\/"},{"@type":"ListItem","position":2,"name":"05\/02 Conferencia presencial \u00abPuente de inversi\u00f3n Latam- Iberia- Luxemburgo: Estrategias, Innovaci\u00f3n y Seguridad\u00bb"}]},{"@type":"WebSite","@id":"https:\/\/sff-camara.com\/#website","url":"https:\/\/sff-camara.com\/","name":"SFF","description":"Spanish Financial Forum in Luxembourg","publisher":{"@id":"https:\/\/sff-camara.com\/#organization"},"potentialAction":[{"@type":"SearchAction","target":{"@type":"EntryPoint","urlTemplate":"https:\/\/sff-camara.com\/?s={search_term_string}"},"query-input":{"@type":"PropertyValueSpecification","valueRequired":true,"valueName":"search_term_string"}}],"inLanguage":"es"},{"@type":"Organization","@id":"https:\/\/sff-camara.com\/#organization","name":"Spanish Financial Forum in Luxembourg","url":"https:\/\/sff-camara.com\/","logo":{"@type":"ImageObject","inLanguage":"es","@id":"https:\/\/sff-camara.com\/#\/schema\/logo\/image\/","url":"https:\/\/sff-camara.com\/wp-content\/uploads\/2023\/02\/cropped-LOGO-1.png","contentUrl":"https:\/\/sff-camara.com\/wp-content\/uploads\/2023\/02\/cropped-LOGO-1.png","width":586,"height":222,"caption":"Spanish Financial Forum in Luxembourg"},"image":{"@id":"https:\/\/sff-camara.com\/#\/schema\/logo\/image\/"},"sameAs":["https:\/\/www.linkedin.com\/company\/camara-oficial-de-comercio-de-espana-en-belgica-y-luxemburgo\/"]},{"@type":"Person","@id":"https:\/\/sff-camara.com\/#\/schema\/person\/3f6aa0560940799df3ef9b9236be91eb","name":"Camara de Comercio","url":"https:\/\/sff-camara.com\/es\/author\/camara\/"}]}},"_links":{"self":[{"href":"https:\/\/sff-camara.com\/es\/wp-json\/wp\/v2\/posts\/15999","targetHints":{"allow":["GET"]}}],"collection":[{"href":"https:\/\/sff-camara.com\/es\/wp-json\/wp\/v2\/posts"}],"about":[{"href":"https:\/\/sff-camara.com\/es\/wp-json\/wp\/v2\/types\/post"}],"author":[{"embeddable":true,"href":"https:\/\/sff-camara.com\/es\/wp-json\/wp\/v2\/users\/4"}],"replies":[{"embeddable":true,"href":"https:\/\/sff-camara.com\/es\/wp-json\/wp\/v2\/comments?post=15999"}],"version-history":[{"count":3,"href":"https:\/\/sff-camara.com\/es\/wp-json\/wp\/v2\/posts\/15999\/revisions"}],"predecessor-version":[{"id":16002,"href":"https:\/\/sff-camara.com\/es\/wp-json\/wp\/v2\/posts\/15999\/revisions\/16002"}],"wp:featuredmedia":[{"embeddable":true,"href":"https:\/\/sff-camara.com\/es\/wp-json\/wp\/v2\/media\/15939"}],"wp:attachment":[{"href":"https:\/\/sff-camara.com\/es\/wp-json\/wp\/v2\/media?parent=15999"}],"wp:term":[{"taxonomy":"category","embeddable":true,"href":"https:\/\/sff-camara.com\/es\/wp-json\/wp\/v2\/categories?post=15999"},{"taxonomy":"post_tag","embeddable":true,"href":"https:\/\/sff-camara.com\/es\/wp-json\/wp\/v2\/tags?post=15999"}],"curies":[{"name":"wp","href":"https:\/\/api.w.org\/{rel}","templated":true}]}}