{"id":15621,"date":"2024-12-11T04:30:09","date_gmt":"2024-12-11T04:30:09","guid":{"rendered":"https:\/\/sff-camara.com\/?p=15621"},"modified":"2024-12-11T06:30:39","modified_gmt":"2024-12-11T06:30:39","slug":"antwort-capital-obtiene-la-licencia-aifm-ampliando-su-oferta-de-inversiones-alternativas","status":"publish","type":"post","link":"https:\/\/sff-camara.com\/es\/sff-magazine-diciembre-2024\/antwort-capital-obtiene-la-licencia-aifm-ampliando-su-oferta-de-inversiones-alternativas\/","title":{"rendered":"Antwort Capital obtiene la licencia AIFM, ampliando su oferta de inversiones alternativas"},"content":{"rendered":"\t\t<div data-elementor-type=\"wp-post\" data-elementor-id=\"15621\" class=\"elementor elementor-15621 elementor-15620\">\n\t\t\t\t\t\t<section class=\" elementor-section elementor-top-section elementor-element elementor-element-f377bdd elementor-section-boxed elementor-section-height-default elementor-section-height-default\" data-id=\"f377bdd\" data-element_type=\"section\" data-e-type=\"section\">\r\n\t\t\t\t\t\t\t\t<div class=\"elementor-container elementor-column-gap-default\">\r\n\t\t\t\t\r\n\t\t\t\t\t\t\t\t<div class=\" elementor-column elementor-col-100 elementor-top-column elementor-element elementor-element-26c6730c \" data-id=\"26c6730c\" data-element_type=\"column\" data-e-type=\"column\">\r\n\r\n\t\t\t\t\r\n\t\t\t\t<div class=\"elementor-widget-wrap elementor-element-populated\">\r\n\t\t\t\t\t\t\t\t\t\t\r\n\t\t\t\t\t\t<div class=\"elementor-element elementor-element-7ba72526 elementor-widget elementor-widget-heading\" data-id=\"7ba72526\" data-element_type=\"widget\" data-e-type=\"widget\" data-widget_type=\"heading.default\">\n\t\t\t\t<div class=\"elementor-widget-container\">\n\t\t\t\t\t<h3 class=\"elementor-heading-title elementor-size-default\">Antwort Capital obtiene la licencia AIFM, ampliando su oferta de inversiones alternativas<\/h3>\t\t\t\t<\/div>\n\t\t\t\t<\/div>\n\t\t\t\t<div class=\"elementor-element elementor-element-22afa2a4 elementor-widget elementor-widget-spacer\" data-id=\"22afa2a4\" data-element_type=\"widget\" data-e-type=\"widget\" data-widget_type=\"spacer.default\">\n\t\t\t\t<div class=\"elementor-widget-container\">\n\t\t\t\t\t\t\t<div class=\"elementor-spacer\">\n\t\t\t<div class=\"elementor-spacer-inner\"><\/div>\n\t\t<\/div>\n\t\t\t\t\t\t<\/div>\n\t\t\t\t<\/div>\n\t\t\t\t<div class=\"elementor-element elementor-element-4f1fdaa8 elementor-widget elementor-widget-text-editor\" data-id=\"4f1fdaa8\" data-element_type=\"widget\" data-e-type=\"widget\" data-widget_type=\"text-editor.default\">\n\t\t\t\t<div class=\"elementor-widget-container\">\n\t\t\t\t\t\t\t\t\t<a href=\"https:\/\/sff-camara.com\/es\/categoria\/sff-magazine-diciembre-2024\/\" rel=\"tag\">SFF Magazine Diciembre 2024<\/a>\t\t\t\t\t\t\t\t<\/div>\n\t\t\t\t<\/div>\n\t\t\t\t<div class=\"elementor-element elementor-element-31767f27 elementor-widget elementor-widget-spacer\" data-id=\"31767f27\" data-element_type=\"widget\" data-e-type=\"widget\" data-widget_type=\"spacer.default\">\n\t\t\t\t<div class=\"elementor-widget-container\">\n\t\t\t\t\t\t\t<div class=\"elementor-spacer\">\n\t\t\t<div class=\"elementor-spacer-inner\"><\/div>\n\t\t<\/div>\n\t\t\t\t\t\t<\/div>\n\t\t\t\t<\/div>\n\t\t\t\t<div class=\"elementor-element elementor-element-4070c3d elementor-widget elementor-widget-image\" data-id=\"4070c3d\" data-element_type=\"widget\" data-e-type=\"widget\" data-widget_type=\"image.default\">\n\t\t\t\t<div class=\"elementor-widget-container\">\n\t\t\t\t\t\t\t\t\t\t\t\t\t\t\t\t<a href=\"https:\/\/www.antwort.lu\" target=\"_blank\">\n\t\t\t\t\t\t\t<img decoding=\"async\" src=\"https:\/\/sff-camara.com\/wp-content\/uploads\/2023\/09\/1646922734649-1-e1701428939240.jpg\" title=\"\" alt=\"\" loading=\"lazy\" \/>\t\t\t\t\t\t\t\t<\/a>\n\t\t\t\t\t\t\t\t\t\t\t\t\t\t\t<\/div>\n\t\t\t\t<\/div>\n\t\t\t\t<div class=\"elementor-element elementor-element-8676ac4 elementor-widget elementor-widget-spacer\" data-id=\"8676ac4\" data-element_type=\"widget\" data-e-type=\"widget\" data-widget_type=\"spacer.default\">\n\t\t\t\t<div class=\"elementor-widget-container\">\n\t\t\t\t\t\t\t<div class=\"elementor-spacer\">\n\t\t\t<div class=\"elementor-spacer-inner\"><\/div>\n\t\t<\/div>\n\t\t\t\t\t\t<\/div>\n\t\t\t\t<\/div>\n\t\t\t\t<div class=\"elementor-element elementor-element-3eef0661 elementor-widget elementor-widget-text-editor\" data-id=\"3eef0661\" data-element_type=\"widget\" data-e-type=\"widget\" data-widget_type=\"text-editor.default\">\n\t\t\t\t<div class=\"elementor-widget-container\">\n\t\t\t\t\t\t\t\t\tTem\u00e1ticas: <a href=\"https:\/\/sff-camara.com\/es\/temticas\/alternative-investment-es\/\" rel=\"tag\">Alternative Investment<\/a>\t\t\t\t\t\t\t\t<\/div>\n\t\t\t\t<\/div>\n\t\t\t\t\t\t<\/div>\r\n\t\t\t\t<\/div>\r\n\t\t\t\t\t\t\t\t<\/div>\r\n\t\t\t<\/section>\r\n\t\t\t\t\t<section class=\" elementor-section elementor-top-section elementor-element elementor-element-4493726 elementor-section-boxed elementor-section-height-default elementor-section-height-default\" data-id=\"4493726\" data-element_type=\"section\" data-e-type=\"section\">\r\n\t\t\t\t\t\t\t\t<div class=\"elementor-container elementor-column-gap-default\">\r\n\t\t\t\t\r\n\t\t\t\t\t\t\t\t<div class=\" elementor-column elementor-col-100 elementor-top-column elementor-element elementor-element-c44f137 \" data-id=\"c44f137\" data-element_type=\"column\" data-e-type=\"column\">\r\n\r\n\t\t\t\t\r\n\t\t\t\t<div class=\"elementor-widget-wrap elementor-element-populated\">\r\n\t\t\t\t\t\t\t\t\t\t\r\n\t\t\t\t\t\t<div class=\"elementor-element elementor-element-24dcd69 elementor-widget elementor-widget-text-editor\" data-id=\"24dcd69\" data-element_type=\"widget\" data-e-type=\"widget\" data-widget_type=\"text-editor.default\">\n\t\t\t\t<div class=\"elementor-widget-container\">\n\t\t\t\t\t\t\t\t\t<h5><b>Ampliando las oportunidades de inversi\u00f3n alternativa<\/b><\/h5>\n<p>Antwort Capital, una plataforma con sede en Luxemburgo especializada en fondos feeder para inversores cualificados, ha alcanzado un hito significativo al obtener su licencia de Gestor de Fondos de Inversi\u00f3n Alternativa (AIFM, por sus siglas en ingl\u00e9s) en julio de 2024. Esta licencia, otorgada por el regulador financiero de Luxemburgo, la Comisi\u00f3n de Vigilancia del Sector Financiero (CSSF), marca un nuevo cap\u00edtulo en el crecimiento de la empresa y refuerza su capacidad para atender a inversores privados cualificados y gestores de patrimonio en toda Europa.<\/p>\n<h5><b>Compromiso con la excelencia<\/b><\/h5>\n<p>Antwort Capital se ha forjado una s\u00f3lida reputaci\u00f3n por su riguroso proceso de selecci\u00f3n de inversiones y su compromiso con los intereses de los inversores en asociaci\u00f3n con socios generales de gran reputaci\u00f3n que abren su cartera de inversores a particulares y gestores de patrimonios a trav\u00e9s de los veh\u00edculos de Antwort. La empresa est\u00e1 especializada en proporcionar acceso a fondos de capital riesgo y fondos inmobiliarios en Europa y Norteam\u00e9rica, con especial atenci\u00f3n a las oportunidades del mid-market.<\/p>\n<p>San Salvador, fundador y socio gerente, destac\u00f3:<br \/>\n\u201cNuestro nuevo estatus AIFM refuerza nuestro compromiso con la excelencia y la transparencia en el \u00e1mbito de las inversiones alternativas. Nos permite alinear a\u00fan m\u00e1s nuestros servicios con las necesidades cambiantes de nuestros inversores, especialmente en un entorno donde los mercados privados siguen ofreciendo oportunidades atractivas para la diversificaci\u00f3n de carteras y un rendimiento potencial superior\u201d.<\/p>\n<h5><b>Ampliando capacidades<\/b><\/h5>\n<p>La licencia AIFM permite a Antwort Capital ampliar su gama de servicios y fortalecer su posici\u00f3n en el sector de las inversiones alternativas. Con este nuevo estatus, la empresa puede ahora gestionar y comercializar fondos de inversi\u00f3n alternativa directamente, ofreciendo una mayor flexibilidad y control sobre sus estrategias de inversi\u00f3n.<\/p>\n<p>San Salvador coment\u00f3 sobre este logro:<br \/>\n\u201cObtener la licencia AIFM es un testimonio de la experiencia y dedicaci\u00f3n de nuestro equipo. Representa un paso significativo en nuestra misi\u00f3n de simplificar el acceso a inversiones alternativas de alta calidad para inversores privados y gestores de patrimonio. Esta licencia nos permitir\u00e1 mejorar nuestra oferta y proporcionar soluciones a\u00fan m\u00e1s personalizadas a nuestros inversores\u201d.<\/p>\n<h5><b>Mirando hacia el futuro<\/b><\/h5>\n<p>Con sus competencias ampliadas, Antwort Capital est\u00e1 bien posicionada para afrontar los retos y oportunidades del panorama de la inversi\u00f3n privada. La empresa sigue centrada en proporcionar acceso a oportunidades prometedoras del mercado privado, aprovechando su experiencia para identificar y asegurar inversiones en empresas bien gestionadas con estrategias claras y ventajas competitivas.San Salvador concluy\u00f3:<br \/>\n\u201cA medida que entramos en esta nueva etapa, estamos emocionados por las posibilidades que se presentan. Nuestra licencia AIFM no solo fortalece nuestro marco operativo, sino que tambi\u00e9n abre puertas a nuevas estrategias de inversi\u00f3n y asociaciones. Esperamos continuar con nuestra trayectoria de crecimiento y ofrecer valor a nuestros inversores en este din\u00e1mico entorno de mercado\u201d.<\/p>\n<h5><b>Sobre Antwort Capital<\/b><\/h5>\n<p>Antwort Capital, que cuenta con una licencia de Gestor de Fondos de Inversi\u00f3n Alternativa (AIFM), es un especialista independiente en fondos feeder con sede en Luxemburgo. La empresa atiende a inversores bien informados, bancos privados, oficinas familiares y asesores financieros independientes, ofreciendo acceso a mercados de capital privado e inmobiliarios a trav\u00e9s de fondos seleccionados cuidadosamente y gestionados por expertos de renombre en un entorno controlado por el riesgo. Para m\u00e1s informaci\u00f3n, visite\u00a0<a href=\"http:\/\/www.antwort.lu\/\">www.antwort.lu<\/a>.<\/p>\n<p>Este logro reafirma el compromiso de Antwort Capital con los m\u00e1s altos est\u00e1ndares en la gesti\u00f3n de fondos y refuerza su posici\u00f3n como un actor clave en el acceso de los inversores privados a inversiones alternativas de calidad institucional.<\/p>\n\t\t\t\t\t\t\t\t<\/div>\n\t\t\t\t<\/div>\n\t\t\t\t\t\t<\/div>\r\n\t\t\t\t<\/div>\r\n\t\t\t\t\t\t\t\t<\/div>\r\n\t\t\t<\/section>\r\n\t\t\t\t\t<section class=\" elementor-section elementor-top-section elementor-element elementor-element-25165ff4 elementor-section-boxed elementor-section-height-default elementor-section-height-default\" data-id=\"25165ff4\" data-element_type=\"section\" data-e-type=\"section\">\r\n\t\t\t\t\t\t\t\t<div class=\"elementor-container elementor-column-gap-default\">\r\n\t\t\t\t\r\n\t\t\t\t\t\t\t\t<div class=\" elementor-column elementor-col-100 elementor-top-column elementor-element elementor-element-40958f15 \" data-id=\"40958f15\" data-element_type=\"column\" data-e-type=\"column\">\r\n\r\n\t\t\t\t\r\n\t\t\t\t<div class=\"elementor-widget-wrap elementor-element-populated\">\r\n\t\t\t\t\t\t\t\t\t\t\r\n\t\t\t\t\t\t<div class=\"elementor-element elementor-element-7b4b8aad elementor-widget elementor-widget-text-editor\" data-id=\"7b4b8aad\" data-element_type=\"widget\" data-e-type=\"widget\" data-widget_type=\"text-editor.default\">\n\t\t\t\t<div class=\"elementor-widget-container\">\n\t\t\t\t\t\t\t\t\t<h5 style=\"text-align: left;\">Compartir esta publicaci\u00f3n<\/h5>\n\t\t\t\t\t\t\t\t<\/div>\n\t\t\t\t<\/div>\n\t\t\t\t<div class=\"elementor-element elementor-element-6f5dd8f0 elementor-widget elementor-widget-udesign_widget_share\" data-id=\"6f5dd8f0\" data-element_type=\"widget\" data-e-type=\"widget\" data-widget_type=\"udesign_widget_share.default\">\n\t\t\t\t<div class=\"elementor-widget-container\">\n\t\t\t\t\t\r\n<div class=\"social-icons\">\r\n\t<a href=\"https:\/\/www.linkedin.com\/shareArticle?mini=true&#038;url=https:\/\/sff-camara.com\/es\/sff-magazine-diciembre-2024\/antwort-capital-obtiene-la-licencia-aifm-ampliando-su-oferta-de-inversiones-alternativas\/&#038;title=Antwort+Capital+obtiene+la+licencia+AIFM%2C+ampliando+su+oferta+de+inversiones+alternativas\" class=\"social-icon framed social-linkedin\" target=\"_blank\" title=\"linkedin\" rel=\"noopener noreferrer\" aria-label=\"Social Icon\"><i class=\"a-icon-linkedin-in\"><\/i><\/a><a href=\"\" class=\"social-icon framed social-whatsapp\" target=\"_blank\" title=\"whatsapp\" rel=\"noopener noreferrer\" aria-label=\"Social Icon\"><i class=\"a-icon-whatsapp\"><\/i><\/a><a href=\"mailto:?subject=Antwort+Capital+obtiene+la+licencia+AIFM%2C+ampliando+su+oferta+de+inversiones+alternativas&#038;body=https:\/\/sff-camara.com\/es\/sff-magazine-diciembre-2024\/antwort-capital-obtiene-la-licencia-aifm-ampliando-su-oferta-de-inversiones-alternativas\/\" class=\"social-icon framed social-email\" target=\"_blank\" title=\"email\" rel=\"noopener noreferrer\" aria-label=\"Social Icon\"><i class=\"a-icon-envelop5\"><\/i><\/a><a href=\"https:\/\/twitter.com\/intent\/tweet?text=Antwort+Capital+obtiene+la+licencia+AIFM%2C+ampliando+su+oferta+de+inversiones+alternativas&#038;url=https:\/\/sff-camara.com\/es\/sff-magazine-diciembre-2024\/antwort-capital-obtiene-la-licencia-aifm-ampliando-su-oferta-de-inversiones-alternativas\/\" class=\"social-icon framed social-twitter\" target=\"_blank\" title=\"x\" rel=\"noopener noreferrer\" aria-label=\"Social Icon\"><i class=\"a-icon-twitter\"><\/i><\/a><a href=\"https:\/\/www.facebook.com\/sharer.php?u=https:\/\/sff-camara.com\/es\/sff-magazine-diciembre-2024\/antwort-capital-obtiene-la-licencia-aifm-ampliando-su-oferta-de-inversiones-alternativas\/\" class=\"social-icon framed social-facebook\" target=\"_blank\" title=\"facebook\" rel=\"noopener noreferrer\" aria-label=\"Social Icon\"><i class=\"a-icon-facebook\"><\/i><\/a><a href=\"https:\/\/plus.google.com\/share?url=https:\/\/sff-camara.com\/es\/sff-magazine-diciembre-2024\/antwort-capital-obtiene-la-licencia-aifm-ampliando-su-oferta-de-inversiones-alternativas\/\" class=\"social-icon framed social-google\" target=\"_blank\" title=\"google\" rel=\"noopener noreferrer\" aria-label=\"Social Icon\"><i class=\"a-icon-google\"><\/i><\/a><a href=\"#\" class=\"social-icon framed social-instagram\" target=\"_blank\" title=\"instagram\" rel=\"noopener noreferrer\" aria-label=\"Social Icon\"><i class=\"a-icon-instagram\"><\/i><\/a><\/div>\r\n\r\n\t\t\t\t<\/div>\n\t\t\t\t<\/div>\n\t\t\t\t\t\t<\/div>\r\n\t\t\t\t<\/div>\r\n\t\t\t\t\t\t\t\t<\/div>\r\n\t\t\t<\/section>\r\n\t\t\t\t\t<section class=\" elementor-section elementor-top-section elementor-element elementor-element-1a7dbdb3 elementor-section-boxed elementor-section-height-default elementor-section-height-default\" data-id=\"1a7dbdb3\" data-element_type=\"section\" data-e-type=\"section\">\r\n\t\t\t\t\t\t\t\t<div class=\"elementor-container elementor-column-gap-default\">\r\n\t\t\t\t\r\n\t\t\t\t\t\t\t\t<div class=\" elementor-column elementor-col-100 elementor-top-column elementor-element elementor-element-12009049 \" data-id=\"12009049\" data-element_type=\"column\" data-e-type=\"column\">\r\n\r\n\t\t\t\t\r\n\t\t\t\t<div class=\"elementor-widget-wrap elementor-element-populated\">\r\n\t\t\t\t\t\t\t\t\t\t\r\n\t\t\t\t\t\t<div class=\"elementor-element elementor-element-5049afac elementor-widget-divider--view-line elementor-widget elementor-widget-divider\" data-id=\"5049afac\" data-element_type=\"widget\" data-e-type=\"widget\" data-widget_type=\"divider.default\">\n\t\t\t\t<div class=\"elementor-widget-container\">\n\t\t\t\t\t\t\t<div class=\"elementor-divider\">\n\t\t\t<span class=\"elementor-divider-separator\">\n\t\t\t\t\t\t<\/span>\n\t\t<\/div>\n\t\t\t\t\t\t<\/div>\n\t\t\t\t<\/div>\n\t\t\t\t<section class=\" elementor-section elementor-inner-section elementor-element elementor-element-26e2d7c0 elementor-section-boxed elementor-section-height-default elementor-section-height-default\" data-id=\"26e2d7c0\" data-element_type=\"section\" data-e-type=\"section\">\r\n\t\t\t\t\t\t\t\t<div class=\"elementor-container elementor-column-gap-default\">\r\n\t\t\t\t\r\n\t\t\t\t\t\t\t\t<div class=\" elementor-column elementor-col-50 elementor-inner-column elementor-element elementor-element-2b9db789 \" data-id=\"2b9db789\" data-element_type=\"column\" data-e-type=\"column\">\r\n\r\n\t\t\t\t\r\n\t\t\t\t<div class=\"elementor-widget-wrap elementor-element-populated\">\r\n\t\t\t\t\t\t\t\t\t\t\r\n\t\t\t\t\t\t<div class=\"elementor-element elementor-element-48b70216 elementor-widget elementor-widget-wp-widget-tag_cloud\" data-id=\"48b70216\" data-element_type=\"widget\" data-e-type=\"widget\" data-widget_type=\"wp-widget-tag_cloud.default\">\n\t\t\t\t<div class=\"elementor-widget-container\">\n\t\t\t\t\t<div class=\"widget widget_tag_cloud widget-collapsible\"><h3 class=\"widget-title\">Buscar publicaciones por tem\u00e1ticas<\/h3><div class=\"tagcloud\"><a href=\"https:\/\/sff-camara.com\/es\/temticas\/activos-digitales\/\" class=\"tag-cloud-link tag-link-302 tag-link-position-1\" style=\"font-size: 11.559322033898pt;\" aria-label=\"Activos Digitales (3 elementos)\">Activos Digitales<span class=\"tag-link-count\"> (3)<\/span><\/a>\n<a href=\"https:\/\/sff-camara.com\/es\/temticas\/alternative-investment-es\/\" class=\"tag-cloud-link tag-link-291 tag-link-position-2\" style=\"font-size: 21.050847457627pt;\" aria-label=\"Alternative Investment (24 elementos)\">Alternative Investment<span class=\"tag-link-count\"> (24)<\/span><\/a>\n<a href=\"https:\/\/sff-camara.com\/es\/temticas\/aml-es\/\" class=\"tag-cloud-link tag-link-266 tag-link-position-3\" style=\"font-size: 8pt;\" aria-label=\"AML (1 elemento)\">AML<span class=\"tag-link-count\"> (1)<\/span><\/a>\n<a href=\"https:\/\/sff-camara.com\/es\/temticas\/arte\/\" class=\"tag-cloud-link tag-link-247 tag-link-position-4\" style=\"font-size: 8pt;\" aria-label=\"Arte (1 elemento)\">Arte<span class=\"tag-link-count\"> (1)<\/span><\/a>\n<a href=\"https:\/\/sff-camara.com\/es\/temticas\/asesoramiento\/\" class=\"tag-cloud-link tag-link-211 tag-link-position-5\" style=\"font-size: 15.118644067797pt;\" aria-label=\"Asesoramiento (7 elementos)\">Asesoramiento<span class=\"tag-link-count\"> (7)<\/span><\/a>\n<a href=\"https:\/\/sff-camara.com\/es\/temticas\/asset-management-es\/\" class=\"tag-cloud-link tag-link-213 tag-link-position-6\" style=\"font-size: 22pt;\" aria-label=\"Asset Management (29 elementos)\">Asset Management<span class=\"tag-link-count\"> (29)<\/span><\/a>\n<a href=\"https:\/\/sff-camara.com\/es\/temticas\/banca-digital\/\" class=\"tag-cloud-link tag-link-164 tag-link-position-7\" style=\"font-size: 15.118644067797pt;\" aria-label=\"Banca Digital (7 elementos)\">Banca Digital<span class=\"tag-link-count\"> (7)<\/span><\/a>\n<a href=\"https:\/\/sff-camara.com\/es\/temticas\/banking-es\/\" class=\"tag-cloud-link tag-link-161 tag-link-position-8\" style=\"font-size: 19.389830508475pt;\" aria-label=\"Banking (17 elementos)\">Banking<span class=\"tag-link-count\"> (17)<\/span><\/a>\n<a href=\"https:\/\/sff-camara.com\/es\/temticas\/capital-riesgo\/\" class=\"tag-cloud-link tag-link-170 tag-link-position-9\" style=\"font-size: 12.745762711864pt;\" aria-label=\"Capital Riesgo (4 elementos)\">Capital Riesgo<span class=\"tag-link-count\"> (4)<\/span><\/a>\n<a href=\"https:\/\/sff-camara.com\/es\/temticas\/compliance-es\/\" class=\"tag-cloud-link tag-link-264 tag-link-position-10\" style=\"font-size: 8pt;\" aria-label=\"Compliance (1 elemento)\">Compliance<span class=\"tag-link-count\"> (1)<\/span><\/a>\n<a href=\"https:\/\/sff-camara.com\/es\/temticas\/consejero-independiente\/\" class=\"tag-cloud-link tag-link-290 tag-link-position-11\" style=\"font-size: 14.525423728814pt;\" aria-label=\"Consejero Independiente (6 elementos)\">Consejero Independiente<span class=\"tag-link-count\"> (6)<\/span><\/a>\n<a href=\"https:\/\/sff-camara.com\/es\/temticas\/criptoactivos\/\" class=\"tag-cloud-link tag-link-175 tag-link-position-12\" style=\"font-size: 11.559322033898pt;\" aria-label=\"Criptoactivos (3 elementos)\">Criptoactivos<span class=\"tag-link-count\"> (3)<\/span><\/a>\n<a href=\"https:\/\/sff-camara.com\/es\/temticas\/distribucion-de-fondos\/\" class=\"tag-cloud-link tag-link-173 tag-link-position-13\" style=\"font-size: 20.576271186441pt;\" aria-label=\"Distribuci\u00f3n de fondos (22 elementos)\">Distribuci\u00f3n de fondos<span class=\"tag-link-count\"> (22)<\/span><\/a>\n<a href=\"https:\/\/sff-camara.com\/es\/temticas\/diversidad\/\" class=\"tag-cloud-link tag-link-278 tag-link-position-14\" style=\"font-size: 15.71186440678pt;\" aria-label=\"Diversidad (8 elementos)\">Diversidad<span class=\"tag-link-count\"> (8)<\/span><\/a>\n<a href=\"https:\/\/sff-camara.com\/es\/temticas\/empresas-familiares\/\" class=\"tag-cloud-link tag-link-269 tag-link-position-15\" style=\"font-size: 12.745762711864pt;\" aria-label=\"Empresas Familiares (4 elementos)\">Empresas Familiares<span class=\"tag-link-count\"> (4)<\/span><\/a>\n<a href=\"https:\/\/sff-camara.com\/es\/temticas\/family-offices-es\/\" class=\"tag-cloud-link tag-link-245 tag-link-position-16\" style=\"font-size: 10.135593220339pt;\" aria-label=\"Family Offices (2 elementos)\">Family Offices<span class=\"tag-link-count\"> (2)<\/span><\/a>\n<a href=\"https:\/\/sff-camara.com\/es\/temticas\/finanzas-sostenibles\/\" class=\"tag-cloud-link tag-link-160 tag-link-position-17\" style=\"font-size: 21.050847457627pt;\" aria-label=\"Finanzas Sostenibles (24 elementos)\">Finanzas Sostenibles<span class=\"tag-link-count\"> (24)<\/span><\/a>\n<a href=\"https:\/\/sff-camara.com\/es\/temticas\/fintech-es\/\" class=\"tag-cloud-link tag-link-163 tag-link-position-18\" style=\"font-size: 16.779661016949pt;\" aria-label=\"Fintech (10 elementos)\">Fintech<span class=\"tag-link-count\"> (10)<\/span><\/a>\n<a href=\"https:\/\/sff-camara.com\/es\/temticas\/gestion-patrimonial\/\" class=\"tag-cloud-link tag-link-176 tag-link-position-19\" style=\"font-size: 17.610169491525pt;\" aria-label=\"Gesti\u00f3n Patrimonial (12 elementos)\">Gesti\u00f3n Patrimonial<span class=\"tag-link-count\"> (12)<\/span><\/a>\n<a href=\"https:\/\/sff-camara.com\/es\/temticas\/gobernanza\/\" class=\"tag-cloud-link tag-link-249 tag-link-position-20\" style=\"font-size: 16.305084745763pt;\" aria-label=\"Gobernanza (9 elementos)\">Gobernanza<span class=\"tag-link-count\"> (9)<\/span><\/a>\n<a href=\"https:\/\/sff-camara.com\/es\/temticas\/hr\/\" class=\"tag-cloud-link tag-link-304 tag-link-position-21\" style=\"font-size: 8pt;\" aria-label=\"HR (1 elemento)\">HR<span class=\"tag-link-count\"> (1)<\/span><\/a>\n<a href=\"https:\/\/sff-camara.com\/es\/temticas\/internacionalizacion\/\" class=\"tag-cloud-link tag-link-280 tag-link-position-22\" style=\"font-size: 8pt;\" aria-label=\"Internacionalizaci\u00f3n (1 elemento)\">Internacionalizaci\u00f3n<span class=\"tag-link-count\"> (1)<\/span><\/a>\n<a href=\"https:\/\/sff-camara.com\/es\/temticas\/inversiones-alternativas\/\" class=\"tag-cloud-link tag-link-297 tag-link-position-23\" style=\"font-size: 11.559322033898pt;\" aria-label=\"Inversiones Alternativas (3 elementos)\">Inversiones Alternativas<span class=\"tag-link-count\"> (3)<\/span><\/a>\n<a href=\"https:\/\/sff-camara.com\/es\/temticas\/latam-es\/\" class=\"tag-cloud-link tag-link-167 tag-link-position-24\" style=\"font-size: 16.305084745763pt;\" aria-label=\"LATAM (9 elementos)\">LATAM<span class=\"tag-link-count\"> (9)<\/span><\/a>\n<a href=\"https:\/\/sff-camara.com\/es\/temticas\/legal-es\/\" class=\"tag-cloud-link tag-link-233 tag-link-position-25\" style=\"font-size: 16.779661016949pt;\" aria-label=\"Legal (10 elementos)\">Legal<span class=\"tag-link-count\"> (10)<\/span><\/a>\n<a href=\"https:\/\/sff-camara.com\/es\/temticas\/mercado-de-capitales\/\" class=\"tag-cloud-link tag-link-309 tag-link-position-26\" style=\"font-size: 8pt;\" aria-label=\"Mercado de Capitales (1 elemento)\">Mercado de Capitales<span class=\"tag-link-count\"> (1)<\/span><\/a>\n<a href=\"https:\/\/sff-camara.com\/es\/temticas\/precios-de-transferencia\/\" class=\"tag-cloud-link tag-link-271 tag-link-position-27\" style=\"font-size: 10.135593220339pt;\" aria-label=\"Precios de Transferencia (2 elementos)\">Precios de Transferencia<span class=\"tag-link-count\"> (2)<\/span><\/a>\n<a href=\"https:\/\/sff-camara.com\/es\/temticas\/real-estate\/\" class=\"tag-cloud-link tag-link-338 tag-link-position-28\" style=\"font-size: 10.135593220339pt;\" aria-label=\"Real Estate (2 elementos)\">Real Estate<span class=\"tag-link-count\"> (2)<\/span><\/a>\n<a href=\"https:\/\/sff-camara.com\/es\/temticas\/reaseguro\/\" class=\"tag-cloud-link tag-link-172 tag-link-position-29\" style=\"font-size: 10.135593220339pt;\" aria-label=\"Reaseguro (2 elementos)\">Reaseguro<span class=\"tag-link-count\"> (2)<\/span><\/a>\n<a href=\"https:\/\/sff-camara.com\/es\/tag\/rrhh\/\" class=\"tag-cloud-link tag-link-178 tag-link-position-30\" style=\"font-size: 16.305084745763pt;\" aria-label=\"RRHH (9 elementos)\">RRHH<span class=\"tag-link-count\"> (9)<\/span><\/a>\n<a href=\"https:\/\/sff-camara.com\/es\/temticas\/seguros\/\" class=\"tag-cloud-link tag-link-180 tag-link-position-31\" style=\"font-size: 10.135593220339pt;\" aria-label=\"Seguros (2 elementos)\">Seguros<span class=\"tag-link-count\"> (2)<\/span><\/a>\n<a href=\"https:\/\/sff-camara.com\/es\/temticas\/seguros-de-vida-unit-linked\/\" class=\"tag-cloud-link tag-link-169 tag-link-position-32\" style=\"font-size: 13.694915254237pt;\" aria-label=\"Seguros de vida Unit-linked (5 elementos)\">Seguros de vida Unit-linked<span class=\"tag-link-count\"> (5)<\/span><\/a>\n<a href=\"https:\/\/sff-camara.com\/es\/temticas\/tax-es\/\" class=\"tag-cloud-link tag-link-162 tag-link-position-33\" style=\"font-size: 19.033898305085pt;\" aria-label=\"Tax (16 elementos)\">Tax<span class=\"tag-link-count\"> (16)<\/span><\/a>\n<a href=\"https:\/\/sff-camara.com\/es\/temticas\/tecnologia\/\" class=\"tag-cloud-link tag-link-231 tag-link-position-34\" style=\"font-size: 14.525423728814pt;\" aria-label=\"Tecnolog\u00eda (6 elementos)\">Tecnolog\u00eda<span class=\"tag-link-count\"> (6)<\/span><\/a>\n<a href=\"https:\/\/sff-camara.com\/es\/temticas\/tendencias\/\" class=\"tag-cloud-link tag-link-223 tag-link-position-35\" style=\"font-size: 20.101694915254pt;\" aria-label=\"Tendencias (20 elementos)\">Tendencias<span class=\"tag-link-count\"> (20)<\/span><\/a>\n<a href=\"https:\/\/sff-camara.com\/es\/temticas\/tic\/\" class=\"tag-cloud-link tag-link-267 tag-link-position-36\" style=\"font-size: 8pt;\" aria-label=\"TIC (1 elemento)\">TIC<span class=\"tag-link-count\"> (1)<\/span><\/a>\n<a href=\"https:\/\/sff-camara.com\/es\/temticas\/ue\/\" class=\"tag-cloud-link tag-link-222 tag-link-position-37\" style=\"font-size: 14.525423728814pt;\" aria-label=\"UE (6 elementos)\">UE<span class=\"tag-link-count\"> (6)<\/span><\/a><\/div>\n<\/div>\t\t\t\t<\/div>\n\t\t\t\t<\/div>\n\t\t\t\t\t\t<\/div>\r\n\t\t\t\t<\/div>\r\n\t\t\t\t\t\t\t\t\t<div class=\" elementor-column elementor-col-50 elementor-inner-column elementor-element elementor-element-7ef6ee0c \" data-id=\"7ef6ee0c\" data-element_type=\"column\" data-e-type=\"column\">\r\n\r\n\t\t\t\t\r\n\t\t\t\t<div class=\"elementor-widget-wrap elementor-element-populated\">\r\n\t\t\t\t\t\t\t\t\t\t\r\n\t\t\t\t\t\t<div class=\"elementor-element elementor-element-58b52e5e elementor-widget elementor-widget-sidebar\" data-id=\"58b52e5e\" data-element_type=\"widget\" data-e-type=\"widget\" data-widget_type=\"sidebar.default\">\n\t\t\t\t<div class=\"elementor-widget-container\">\n\t\t\t\t\t<nav id=\"categories-2\" class=\"widget widget_categories\"><h3 class=\"widget-title\">Buscar por ediciones del SFF Magazine<\/h3><form action=\"https:\/\/sff-camara.com\/es\/\" method=\"get\"><label class=\"screen-reader-text\" for=\"cat\">Buscar por ediciones del SFF Magazine<\/label><select  name='cat' aria-label='Categories to search' id='cat' class='postform'>\n\t<option value='-1'>Elegir la categor\u00eda<\/option>\n\t<option class=\"level-0\" value=\"124\">Noticias&nbsp;&nbsp;(44)<\/option>\n\t<option class=\"level-0\" value=\"159\">SFF Magazine Abril 2021&nbsp;&nbsp;(12)<\/option>\n\t<option class=\"level-0\" value=\"174\">SFF Magazine Abril 2022&nbsp;&nbsp;(8)<\/option>\n\t<option class=\"level-0\" value=\"239\">SFF Magazine Diciembre 2023&nbsp;&nbsp;(8)<\/option>\n\t<option class=\"level-0\" value=\"289\">SFF Magazine Diciembre 2024&nbsp;&nbsp;(12)<\/option>\n\t<option class=\"level-0\" value=\"307\">SFF Magazine Diciembre 2025&nbsp;&nbsp;(6)<\/option>\n\t<option class=\"level-0\" value=\"168\">SFF Magazine Julio 2021&nbsp;&nbsp;(13)<\/option>\n\t<option class=\"level-0\" value=\"177\">SFF Magazine Julio 2022&nbsp;&nbsp;(10)<\/option>\n\t<option class=\"level-0\" value=\"215\">SFF Magazine Junio 2023&nbsp;&nbsp;(7)<\/option>\n\t<option class=\"level-0\" value=\"273\">SFF Magazine Junio 2024&nbsp;&nbsp;(10)<\/option>\n\t<option class=\"level-0\" value=\"296\">SFF Magazine Junio 2025&nbsp;&nbsp;(11)<\/option>\n\t<option class=\"level-0\" value=\"205\">SFF Magazine Marzo 2023&nbsp;&nbsp;(9)<\/option>\n\t<option class=\"level-0\" value=\"257\">SFF Magazine Marzo 2024&nbsp;&nbsp;(13)<\/option>\n\t<option class=\"level-0\" value=\"293\">SFF Magazine Marzo 2025&nbsp;&nbsp;(10)<\/option>\n\t<option class=\"level-0\" value=\"336\">SFF Magazine Marzo 2026&nbsp;&nbsp;(13)<\/option>\n\t<option class=\"level-0\" value=\"171\">SFF Magazine Octubre 2021&nbsp;&nbsp;(11)<\/option>\n\t<option class=\"level-0\" value=\"165\">SFF Magazine Octubre 2022&nbsp;&nbsp;(10)<\/option>\n\t<option class=\"level-0\" value=\"230\">SFF Magazine Septiembre 2023&nbsp;&nbsp;(8)<\/option>\n\t<option class=\"level-0\" value=\"282\">SFF Magazine Septiembre 2024&nbsp;&nbsp;(9)<\/option>\n\t<option class=\"level-0\" value=\"299\">SFF Magazine Septiembre 2025&nbsp;&nbsp;(8)<\/option>\n\t<option class=\"level-0\" value=\"53\">Sin categorizar&nbsp;&nbsp;(8)<\/option>\n<\/select>\n<\/form><script>\n( ( dropdownId ) => {\n\tconst dropdown = document.getElementById( dropdownId );\n\tfunction onSelectChange() {\n\t\tsetTimeout( () => {\n\t\t\tif ( 'escape' === dropdown.dataset.lastkey ) {\n\t\t\t\treturn;\n\t\t\t}\n\t\t\tif ( dropdown.value && parseInt( dropdown.value ) > 0 && dropdown instanceof HTMLSelectElement ) {\n\t\t\t\tdropdown.parentElement.submit();\n\t\t\t}\n\t\t}, 250 );\n\t}\n\tfunction onKeyUp( event ) {\n\t\tif ( 'Escape' === event.key ) {\n\t\t\tdropdown.dataset.lastkey = 'escape';\n\t\t} else {\n\t\t\tdelete dropdown.dataset.lastkey;\n\t\t}\n\t}\n\tfunction onClick() {\n\t\tdelete dropdown.dataset.lastkey;\n\t}\n\tdropdown.addEventListener( 'keyup', onKeyUp );\n\tdropdown.addEventListener( 'click', onClick );\n\tdropdown.addEventListener( 'change', onSelectChange );\n})( \"cat\" );\n\n\/\/# sourceURL=WP_Widget_Categories%3A%3Awidget\n<\/script>\n<\/nav><nav id=\"search-3\" class=\"widget widget_search\"><h3 class=\"widget-title\">Buscar publicaciones<\/h3>\r\n\t<div class=\"search-wrapper  hs-start light-style\">\r\n\t\t\r\n\t\t\t\t<form action=\"https:\/\/sff-camara.com\/es\/\/\" method=\"get\" class=\"input-wrapper\">\r\n\t\t\t<input type=\"hidden\" name=\"post_type\" value=\"post\"\/>\r\n\r\n\t\t\t<input type=\"search\" aria-label=\"Search\" class=\"form-control\" name=\"s\" placeholder=\"\" required=\"\" autocomplete=\"off\">\r\n\r\n\t\t\t\r\n\t\t\t\r\n\t\t\t<button class=\"btn btn-search\" aria-label=\"Search Button\" type=\"submit\">\r\n\t\t\t\t<i class=\"a-icon-search\"><\/i>\r\n\t\t\t<\/button>\r\n\r\n\t\t\t\t\t<div class=\"hs-close\">\r\n\t\t\t\t<a href=\"#\" aria-label=\"Close\">\r\n\t\t\t\t\t<span class=\"close-wrap\">\r\n\t\t\t\t\t\t<span class=\"close-line close-line1\"><\/span>\r\n\t\t\t\t\t\t<span class=\"close-line close-line2\"><\/span>\r\n\t\t\t\t\t<\/span>\r\n\t\t\t\t<\/a>\r\n\t\t\t<\/div>\r\n\t\t\r\n\t\t<\/form>\r\n\t\t\t<\/div>\r\n\r\n\t\t<\/nav>\t\t\t\t<\/div>\n\t\t\t\t<\/div>\n\t\t\t\t\t\t<\/div>\r\n\t\t\t\t<\/div>\r\n\t\t\t\t\t\t\t\t<\/div>\r\n\t\t\t<\/section>\r\n\t\t\t\t\t<div class=\"elementor-element elementor-element-5defc3e7 elementor-widget-divider--view-line elementor-widget elementor-widget-divider\" data-id=\"5defc3e7\" data-element_type=\"widget\" data-e-type=\"widget\" data-widget_type=\"divider.default\">\n\t\t\t\t<div class=\"elementor-widget-container\">\n\t\t\t\t\t\t\t<div class=\"elementor-divider\">\n\t\t\t<span class=\"elementor-divider-separator\">\n\t\t\t\t\t\t<\/span>\n\t\t<\/div>\n\t\t\t\t\t\t<\/div>\n\t\t\t\t<\/div>\n\t\t\t\t<div class=\"elementor-element elementor-element-18f39c75 elementor-widget elementor-widget-spacer\" data-id=\"18f39c75\" data-element_type=\"widget\" data-e-type=\"widget\" data-widget_type=\"spacer.default\">\n\t\t\t\t<div class=\"elementor-widget-container\">\n\t\t\t\t\t\t\t<div class=\"elementor-spacer\">\n\t\t\t<div class=\"elementor-spacer-inner\"><\/div>\n\t\t<\/div>\n\t\t\t\t\t\t<\/div>\n\t\t\t\t<\/div>\n\t\t\t\t<div class=\"elementor-element elementor-element-d210685 elementor-widget elementor-widget-heading\" data-id=\"d210685\" data-element_type=\"widget\" data-e-type=\"widget\" data-widget_type=\"heading.default\">\n\t\t\t\t<div class=\"elementor-widget-container\">\n\t\t\t\t\t<h2 class=\"elementor-heading-title elementor-size-default\">Publicaciones relacionadas<\/h2>\t\t\t\t<\/div>\n\t\t\t\t<\/div>\n\t\t\t\t<div class=\"elementor-element elementor-element-5831fc58 elementor-widget elementor-widget-text-editor\" data-id=\"5831fc58\" data-element_type=\"widget\" data-e-type=\"widget\" data-widget_type=\"text-editor.default\">\n\t\t\t\t<div class=\"elementor-widget-container\">\n\t\t\t\t\t\t\t\t\t<a href=\"https:\/\/sff-camara.com\/es\/categoria\/sff-magazine-diciembre-2024\/\" rel=\"tag\">SFF Magazine Diciembre 2024<\/a>\t\t\t\t\t\t\t\t<\/div>\n\t\t\t\t<\/div>\n\t\t\t\t<div class=\"elementor-element elementor-element-79ec54f3 elementor-widget elementor-widget-spacer\" data-id=\"79ec54f3\" data-element_type=\"widget\" data-e-type=\"widget\" data-widget_type=\"spacer.default\">\n\t\t\t\t<div class=\"elementor-widget-container\">\n\t\t\t\t\t\t\t<div class=\"elementor-spacer\">\n\t\t\t<div class=\"elementor-spacer-inner\"><\/div>\n\t\t<\/div>\n\t\t\t\t\t\t<\/div>\n\t\t\t\t<\/div>\n\t\t\t\t<div class=\"elementor-element elementor-element-46b169be elementor-widget elementor-widget-udesign_widget_posts elementor-widget-theme-post-content\" data-id=\"46b169be\" data-element_type=\"widget\" data-e-type=\"widget\" data-widget_type=\"udesign_widget_posts.default\">\n\t\t\t\t<div class=\"elementor-widget-container\">\n\t\t\t\t\t<div class=\"posts  row cols-lg-3 cols-md-2 cols-sm-2 cols-1 cols-xl-3 slider-wrapper posts row cols-lg-3 cols-md-2 cols-sm-2 cols-1 cols-xl-3\" data-slider-options=\"{&quot;spaceBetween&quot;:30,&quot;loop&quot;:true,&quot;autoplay&quot;:{&quot;delay&quot;:5000,&quot;disableOnInteraction&quot;:false},&quot;effect&quot;:&quot;slide&quot;,&quot;slidesPerView&quot;:3,&quot;breakpoints&quot;:{&quot;2401&quot;:{&quot;slidesPerView&quot;:3},&quot;1440&quot;:{&quot;slidesPerView&quot;:3},&quot;1200&quot;:{&quot;slidesPerView&quot;:3},&quot;992&quot;:{&quot;slidesPerView&quot;:3},&quot;768&quot;:{&quot;slidesPerView&quot;:2},&quot;576&quot;:{&quot;slidesPerView&quot;:2},&quot;0&quot;:{&quot;slidesPerView&quot;:1}},&quot;statusClass&quot;:&quot;slider-dots-default&quot;}\" data-post-type=\"modern\">\r\n<div class=\"post-wrap \" data-post-image=\"alpha-post-medium\">\r\n\r\n\t\r\n\t<article class=\"post-15470 post type-post status-publish format-standard has-post-thumbnail hentry category-sff-magazine-diciembre-2024 tag-consejero-independiente tag-gobernanza post overlay-zoom overlay-dark  post-modern\">\r\n\t\t\t\t\t<figure class=\"post-media\">\r\n\t\t\t\t\t\t\t\t<a href=\"https:\/\/sff-camara.com\/es\/sff-magazine-diciembre-2024\/directores-independientes-y-buena-gobernanza-son-necesarios-los-directores-independientes-y-cuales-son-sus-deberes-y-responsabilidades\/\" aria-label=\"Post Media\">\r\n\t\t\t\t\t<img fetchpriority=\"high\" decoding=\"async\" width=\"600\" height=\"420\" src=\"https:\/\/sff-camara.com\/wp-content\/uploads\/2024\/12\/Simmons-Simmons-Article-600x420.jpeg\" class=\"attachment-alpha-post-medium size-alpha-post-medium wp-post-image\" alt=\"\" srcset=\"https:\/\/sff-camara.com\/wp-content\/uploads\/2024\/12\/Simmons-Simmons-Article-600x420.jpeg 600w, https:\/\/sff-camara.com\/wp-content\/uploads\/2024\/12\/Simmons-Simmons-Article-400x280.jpeg 400w, https:\/\/sff-camara.com\/wp-content\/uploads\/2024\/12\/Simmons-Simmons-Article-570x400.jpeg 570w\" sizes=\"(max-width: 600px) 100vw, 600px\" \/>\t\t\t\t\t\t<figcaption class=\"thumbnail-caption\">\r\n\t\t\t\t\t\t\tConference table and chairs in empty meeting room\t\t\t\t\t\t<\/figcaption>\r\n\t\t\t\t\t\t\t\t\t\t<\/a>\r\n\t\t\t<\/figure>\r\n\t\t\t<div class=\"post-details\">\r\n\t<div class=\"post-meta\">\r\n\t<a class=\"post-date\" href=\"https:\/\/sff-camara.com\/es\/2024\/12\/02\/\">diciembre 2, 2024<\/a>\r\n\r\n\t<\/div>\r\n<h3 class=\"post-title\">\r\n\t<a href=\"https:\/\/sff-camara.com\/es\/sff-magazine-diciembre-2024\/directores-independientes-y-buena-gobernanza-son-necesarios-los-directores-independientes-y-cuales-son-sus-deberes-y-responsabilidades\/\">\r\n\t\tConsejeros independientes y buena gobernanza: \u00bfSon necesarios los directores independientes y cu\u00e1les son sus deberes y responsabilidades?\t<\/a>\r\n<\/h3>\r\n<a href=\"https:\/\/sff-camara.com\/es\/sff-magazine-diciembre-2024\/directores-independientes-y-buena-gobernanza-son-necesarios-los-directores-independientes-y-cuales-son-sus-deberes-y-responsabilidades\/\" class=\"btn btn-link btn-underline btn-primary\">Leer m\u00e1s <i class=\"a-icon-long-arrow-right\"><\/i><\/a><\/div>\r\n\t<\/article>\r\n\r\n\t\r\n<\/div>\r\n\r\n\r\n<div class=\"post-wrap \" data-post-image=\"alpha-post-medium\">\r\n\r\n\t\r\n\t<article class=\"post-15495 post type-post status-publish format-standard has-post-thumbnail hentry category-sff-magazine-diciembre-2024 tag-consejero-independiente tag-gobernanza post overlay-zoom overlay-dark  post-modern\">\r\n\t\t\t\t\t<figure class=\"post-media\">\r\n\t\t\t\t\t\t\t\t<a href=\"https:\/\/sff-camara.com\/es\/sff-magazine-diciembre-2024\/el-papel-de-los-directores-independientes\/\" aria-label=\"Post Media\">\r\n\t\t\t\t\t<img decoding=\"async\" width=\"600\" height=\"420\" src=\"https:\/\/sff-camara.com\/wp-content\/uploads\/2024\/12\/Now-Partners-Article-600x420.jpeg\" class=\"attachment-alpha-post-medium size-alpha-post-medium wp-post-image\" alt=\"\" srcset=\"https:\/\/sff-camara.com\/wp-content\/uploads\/2024\/12\/Now-Partners-Article-600x420.jpeg 600w, https:\/\/sff-camara.com\/wp-content\/uploads\/2024\/12\/Now-Partners-Article-400x280.jpeg 400w, https:\/\/sff-camara.com\/wp-content\/uploads\/2024\/12\/Now-Partners-Article-570x400.jpeg 570w\" sizes=\"(max-width: 600px) 100vw, 600px\" \/>\t\t\t\t\t\t<figcaption class=\"thumbnail-caption\">\r\n\t\t\t\t\t\t\tAudit business concept. Compliance with internal organization financial services regulation, financial examination for business and financial management system.\t\t\t\t\t\t<\/figcaption>\r\n\t\t\t\t\t\t\t\t\t\t<\/a>\r\n\t\t\t<\/figure>\r\n\t\t\t<div class=\"post-details\">\r\n\t<div class=\"post-meta\">\r\n\t<a class=\"post-date\" href=\"https:\/\/sff-camara.com\/es\/2024\/12\/02\/\">diciembre 2, 2024<\/a>\r\n\r\n\t<\/div>\r\n<h3 class=\"post-title\">\r\n\t<a href=\"https:\/\/sff-camara.com\/es\/sff-magazine-diciembre-2024\/el-papel-de-los-directores-independientes\/\">\r\n\t\tEl papel de los consejeros independientes\t<\/a>\r\n<\/h3>\r\n<a href=\"https:\/\/sff-camara.com\/es\/sff-magazine-diciembre-2024\/el-papel-de-los-directores-independientes\/\" class=\"btn btn-link btn-underline btn-primary\">Leer m\u00e1s <i class=\"a-icon-long-arrow-right\"><\/i><\/a><\/div>\r\n\t<\/article>\r\n\r\n\t\r\n<\/div>\r\n\r\n\r\n<div class=\"post-wrap \" data-post-image=\"alpha-post-medium\">\r\n\r\n\t\r\n\t<article class=\"post-15521 post type-post status-publish format-standard has-post-thumbnail hentry category-sff-magazine-diciembre-2024 tag-consejero-independiente tag-gobernanza post overlay-zoom overlay-dark  post-modern\">\r\n\t\t\t\t\t<figure class=\"post-media\">\r\n\t\t\t\t\t\t\t\t<a href=\"https:\/\/sff-camara.com\/es\/sff-magazine-diciembre-2024\/el-rol-del-ila-en-la-promocion-de-la-gobernanza-corporativa-de-excelencia-en-luxemburgo\/\" aria-label=\"Post Media\">\r\n\t\t\t\t\t<img decoding=\"async\" width=\"600\" height=\"420\" src=\"https:\/\/sff-camara.com\/wp-content\/uploads\/2024\/12\/ILA-Article-600x420.jpeg\" class=\"attachment-alpha-post-medium size-alpha-post-medium wp-post-image\" alt=\"\" srcset=\"https:\/\/sff-camara.com\/wp-content\/uploads\/2024\/12\/ILA-Article-600x420.jpeg 600w, https:\/\/sff-camara.com\/wp-content\/uploads\/2024\/12\/ILA-Article-400x280.jpeg 400w, https:\/\/sff-camara.com\/wp-content\/uploads\/2024\/12\/ILA-Article-570x400.jpeg 570w\" sizes=\"(max-width: 600px) 100vw, 600px\" \/>\t\t\t\t\t\t<figcaption class=\"thumbnail-caption\">\r\n\t\t\t\t\t\t\tPanoramic aerial view of Luxembourg in a beautiful summer day, Luxembourg\t\t\t\t\t\t<\/figcaption>\r\n\t\t\t\t\t\t\t\t\t\t<\/a>\r\n\t\t\t<\/figure>\r\n\t\t\t<div class=\"post-details\">\r\n\t<div class=\"post-meta\">\r\n\t<a class=\"post-date\" href=\"https:\/\/sff-camara.com\/es\/2024\/12\/02\/\">diciembre 2, 2024<\/a>\r\n\r\n\t<\/div>\r\n<h3 class=\"post-title\">\r\n\t<a href=\"https:\/\/sff-camara.com\/es\/sff-magazine-diciembre-2024\/el-rol-del-ila-en-la-promocion-de-la-gobernanza-corporativa-de-excelencia-en-luxemburgo\/\">\r\n\t\tEl rol del ILA en la promoci\u00f3n de la gobernanza corporativa de excelencia en Luxemburgo\t<\/a>\r\n<\/h3>\r\n<a href=\"https:\/\/sff-camara.com\/es\/sff-magazine-diciembre-2024\/el-rol-del-ila-en-la-promocion-de-la-gobernanza-corporativa-de-excelencia-en-luxemburgo\/\" class=\"btn btn-link btn-underline btn-primary\">Leer m\u00e1s <i class=\"a-icon-long-arrow-right\"><\/i><\/a><\/div>\r\n\t<\/article>\r\n\r\n\t\r\n<\/div>\r\n\r\n\r\n<div class=\"post-wrap \" data-post-image=\"alpha-post-medium\">\r\n\r\n\t\r\n\t<article class=\"post-15551 post type-post status-publish format-standard has-post-thumbnail hentry category-sff-magazine-diciembre-2024 tag-banking-es post overlay-zoom overlay-dark  post-modern\">\r\n\t\t\t\t\t<figure class=\"post-media\">\r\n\t\t\t\t\t\t\t\t<a href=\"https:\/\/sff-camara.com\/es\/sff-magazine-diciembre-2024\/meet-the-team-indosuez-wealth-management\/\" aria-label=\"Post Media\">\r\n\t\t\t\t\t<img loading=\"lazy\" decoding=\"async\" width=\"600\" height=\"420\" src=\"https:\/\/sff-camara.com\/wp-content\/uploads\/2024\/12\/Unknown-1-600x420.jpeg\" class=\"attachment-alpha-post-medium size-alpha-post-medium wp-post-image\" alt=\"\" srcset=\"https:\/\/sff-camara.com\/wp-content\/uploads\/2024\/12\/Unknown-1-600x420.jpeg 600w, https:\/\/sff-camara.com\/wp-content\/uploads\/2024\/12\/Unknown-1-400x280.jpeg 400w, https:\/\/sff-camara.com\/wp-content\/uploads\/2024\/12\/Unknown-1-570x400.jpeg 570w\" sizes=\"(max-width: 600px) 100vw, 600px\" \/>\t\t\t\t<\/a>\r\n\t\t\t<\/figure>\r\n\t\t\t<div class=\"post-details\">\r\n\t<div class=\"post-meta\">\r\n\t<a class=\"post-date\" href=\"https:\/\/sff-camara.com\/es\/2024\/12\/11\/\">diciembre 11, 2024<\/a>\r\n\r\n\t<\/div>\r\n<h3 class=\"post-title\">\r\n\t<a href=\"https:\/\/sff-camara.com\/es\/sff-magazine-diciembre-2024\/meet-the-team-indosuez-wealth-management\/\">\r\n\t\tMEET THE TEAM &#8211; Indosuez Wealth Management\t<\/a>\r\n<\/h3>\r\n<a href=\"https:\/\/sff-camara.com\/es\/sff-magazine-diciembre-2024\/meet-the-team-indosuez-wealth-management\/\" class=\"btn btn-link btn-underline btn-primary\">Leer m\u00e1s <i class=\"a-icon-long-arrow-right\"><\/i><\/a><\/div>\r\n\t<\/article>\r\n\r\n\t\r\n<\/div>\r\n\r\n\r\n<div class=\"post-wrap \" data-post-image=\"alpha-post-medium\">\r\n\r\n\t\r\n\t<article class=\"post-15574 post type-post status-publish format-standard has-post-thumbnail hentry category-sff-magazine-diciembre-2024 tag-consejero-independiente tag-gobernanza post overlay-zoom overlay-dark  post-modern\">\r\n\t\t\t\t\t<figure class=\"post-media\">\r\n\t\t\t\t\t\t\t\t<a href=\"https:\/\/sff-camara.com\/es\/sff-magazine-diciembre-2024\/la-importancia-de-los-directores-independientes-en-la-prevencion-de-conflictos-de-interes-y-el-apoyo-en-la-toma-de-decisiones-estrategicas\/\" aria-label=\"Post Media\">\r\n\t\t\t\t\t<img loading=\"lazy\" decoding=\"async\" width=\"600\" height=\"420\" src=\"https:\/\/sff-camara.com\/wp-content\/uploads\/2024\/12\/MEBS-Article-600x420.jpeg\" class=\"attachment-alpha-post-medium size-alpha-post-medium wp-post-image\" alt=\"\" srcset=\"https:\/\/sff-camara.com\/wp-content\/uploads\/2024\/12\/MEBS-Article-600x420.jpeg 600w, https:\/\/sff-camara.com\/wp-content\/uploads\/2024\/12\/MEBS-Article-400x280.jpeg 400w, https:\/\/sff-camara.com\/wp-content\/uploads\/2024\/12\/MEBS-Article-570x400.jpeg 570w\" sizes=\"(max-width: 600px) 100vw, 600px\" \/>\t\t\t\t\t\t<figcaption class=\"thumbnail-caption\">\r\n\t\t\t\t\t\t\tDouble exposure image of business people\t\t\t\t\t\t<\/figcaption>\r\n\t\t\t\t\t\t\t\t\t\t<\/a>\r\n\t\t\t<\/figure>\r\n\t\t\t<div class=\"post-details\">\r\n\t<div class=\"post-meta\">\r\n\t<a class=\"post-date\" href=\"https:\/\/sff-camara.com\/es\/2024\/12\/11\/\">diciembre 11, 2024<\/a>\r\n\r\n\t<\/div>\r\n<h3 class=\"post-title\">\r\n\t<a href=\"https:\/\/sff-camara.com\/es\/sff-magazine-diciembre-2024\/la-importancia-de-los-directores-independientes-en-la-prevencion-de-conflictos-de-interes-y-el-apoyo-en-la-toma-de-decisiones-estrategicas\/\">\r\n\t\tLa importancia de los Consejeros Independientes en la prevenci\u00f3n de conflictos de inter\u00e9s y el apoyo en la toma de decisiones estrat\u00e9gicas\t<\/a>\r\n<\/h3>\r\n<a href=\"https:\/\/sff-camara.com\/es\/sff-magazine-diciembre-2024\/la-importancia-de-los-directores-independientes-en-la-prevencion-de-conflictos-de-interes-y-el-apoyo-en-la-toma-de-decisiones-estrategicas\/\" class=\"btn btn-link btn-underline btn-primary\">Leer m\u00e1s <i class=\"a-icon-long-arrow-right\"><\/i><\/a><\/div>\r\n\t<\/article>\r\n\r\n\t\r\n<\/div>\r\n\r\n\r\n<div class=\"post-wrap \" data-post-image=\"alpha-post-medium\">\r\n\r\n\t\r\n\t<article class=\"post-15598 post type-post status-publish format-standard has-post-thumbnail hentry category-sff-magazine-diciembre-2024 tag-diversidad tag-legal-es post overlay-zoom overlay-dark  post-modern\">\r\n\t\t\t\t\t<figure class=\"post-media\">\r\n\t\t\t\t\t\t\t\t<a href=\"https:\/\/sff-camara.com\/es\/sff-magazine-diciembre-2024\/women-who-inspire-finance-berta-blasco-lazaro\/\" aria-label=\"Post Media\">\r\n\t\t\t\t\t<img loading=\"lazy\" decoding=\"async\" width=\"600\" height=\"420\" src=\"https:\/\/sff-camara.com\/wp-content\/uploads\/2024\/12\/Berta-Blasco-Lazaro-600x420.png\" class=\"attachment-alpha-post-medium size-alpha-post-medium wp-post-image\" alt=\"\" srcset=\"https:\/\/sff-camara.com\/wp-content\/uploads\/2024\/12\/Berta-Blasco-Lazaro-600x420.png 600w, https:\/\/sff-camara.com\/wp-content\/uploads\/2024\/12\/Berta-Blasco-Lazaro-400x280.png 400w, https:\/\/sff-camara.com\/wp-content\/uploads\/2024\/12\/Berta-Blasco-Lazaro-570x400.png 570w\" sizes=\"(max-width: 600px) 100vw, 600px\" \/>\t\t\t\t<\/a>\r\n\t\t\t<\/figure>\r\n\t\t\t<div class=\"post-details\">\r\n\t<div class=\"post-meta\">\r\n\t<a class=\"post-date\" href=\"https:\/\/sff-camara.com\/es\/2024\/12\/11\/\">diciembre 11, 2024<\/a>\r\n\r\n\t<\/div>\r\n<h3 class=\"post-title\">\r\n\t<a href=\"https:\/\/sff-camara.com\/es\/sff-magazine-diciembre-2024\/women-who-inspire-finance-berta-blasco-lazaro\/\">\r\n\t\tWomen who inspire: Finance &#8211; Berta Blasco L\u00e1zaro\t<\/a>\r\n<\/h3>\r\n<a href=\"https:\/\/sff-camara.com\/es\/sff-magazine-diciembre-2024\/women-who-inspire-finance-berta-blasco-lazaro\/\" class=\"btn btn-link btn-underline btn-primary\">Leer m\u00e1s <i class=\"a-icon-long-arrow-right\"><\/i><\/a><\/div>\r\n\t<\/article>\r\n\r\n\t\r\n<\/div>\r\n\r\n\r\n<div class=\"post-wrap \" data-post-image=\"alpha-post-medium\">\r\n\r\n\t\r\n\t<article class=\"post-15621 post type-post status-publish format-standard has-post-thumbnail hentry category-sff-magazine-diciembre-2024 tag-alternative-investment-es post overlay-zoom overlay-dark  post-modern\">\r\n\t\t\t\t\t<figure class=\"post-media\">\r\n\t\t\t\t\t\t\t\t<a href=\"https:\/\/sff-camara.com\/es\/sff-magazine-diciembre-2024\/antwort-capital-obtiene-la-licencia-aifm-ampliando-su-oferta-de-inversiones-alternativas\/\" aria-label=\"Post Media\">\r\n\t\t\t\t\t<img loading=\"lazy\" decoding=\"async\" width=\"600\" height=\"420\" src=\"https:\/\/sff-camara.com\/wp-content\/uploads\/2024\/03\/AdobeStock_460677110-600x420.jpeg\" class=\"attachment-alpha-post-medium size-alpha-post-medium wp-post-image\" alt=\"\" srcset=\"https:\/\/sff-camara.com\/wp-content\/uploads\/2024\/03\/AdobeStock_460677110-600x420.jpeg 600w, https:\/\/sff-camara.com\/wp-content\/uploads\/2024\/03\/AdobeStock_460677110-400x280.jpeg 400w, https:\/\/sff-camara.com\/wp-content\/uploads\/2024\/03\/AdobeStock_460677110-570x400.jpeg 570w\" sizes=\"(max-width: 600px) 100vw, 600px\" \/>\t\t\t\t<\/a>\r\n\t\t\t<\/figure>\r\n\t\t\t<div class=\"post-details\">\r\n\t<div class=\"post-meta\">\r\n\t<a class=\"post-date\" href=\"https:\/\/sff-camara.com\/es\/2024\/12\/11\/\">diciembre 11, 2024<\/a>\r\n\r\n\t<\/div>\r\n<h3 class=\"post-title\">\r\n\t<a href=\"https:\/\/sff-camara.com\/es\/sff-magazine-diciembre-2024\/antwort-capital-obtiene-la-licencia-aifm-ampliando-su-oferta-de-inversiones-alternativas\/\">\r\n\t\tAntwort Capital obtiene la licencia AIFM, ampliando su oferta de inversiones alternativas\t<\/a>\r\n<\/h3>\r\n<a href=\"https:\/\/sff-camara.com\/es\/sff-magazine-diciembre-2024\/antwort-capital-obtiene-la-licencia-aifm-ampliando-su-oferta-de-inversiones-alternativas\/\" class=\"btn btn-link btn-underline btn-primary\">Leer m\u00e1s <i class=\"a-icon-long-arrow-right\"><\/i><\/a><\/div>\r\n\t<\/article>\r\n\r\n\t\r\n<\/div>\r\n\r\n\r\n<div class=\"post-wrap \" data-post-image=\"alpha-post-medium\">\r\n\r\n\t\r\n\t<article class=\"post-15630 post type-post status-publish format-standard has-post-thumbnail hentry category-sff-magazine-diciembre-2024 tag-alternative-investment-es post overlay-zoom overlay-dark  post-modern\">\r\n\t\t\t\t\t<figure class=\"post-media\">\r\n\t\t\t\t\t\t\t\t<a href=\"https:\/\/sff-camara.com\/es\/sff-magazine-diciembre-2024\/adepa-completa-con-exito-la-adquisicion-de-fidupar\/\" aria-label=\"Post Media\">\r\n\t\t\t\t\t<img loading=\"lazy\" decoding=\"async\" width=\"600\" height=\"420\" src=\"https:\/\/sff-camara.com\/wp-content\/uploads\/2021\/04\/COMP-ow-angle-photography-of-glass-buildings-2529179-600x420.jpg\" class=\"attachment-alpha-post-medium size-alpha-post-medium wp-post-image\" alt=\"\" srcset=\"https:\/\/sff-camara.com\/wp-content\/uploads\/2021\/04\/COMP-ow-angle-photography-of-glass-buildings-2529179-600x420.jpg 600w, https:\/\/sff-camara.com\/wp-content\/uploads\/2021\/04\/COMP-ow-angle-photography-of-glass-buildings-2529179-400x280.jpg 400w, https:\/\/sff-camara.com\/wp-content\/uploads\/2021\/04\/COMP-ow-angle-photography-of-glass-buildings-2529179-570x400.jpg 570w\" sizes=\"(max-width: 600px) 100vw, 600px\" \/>\t\t\t\t<\/a>\r\n\t\t\t<\/figure>\r\n\t\t\t<div class=\"post-details\">\r\n\t<div class=\"post-meta\">\r\n\t<a class=\"post-date\" href=\"https:\/\/sff-camara.com\/es\/2024\/12\/03\/\">diciembre 3, 2024<\/a>\r\n\r\n\t<\/div>\r\n<h3 class=\"post-title\">\r\n\t<a href=\"https:\/\/sff-camara.com\/es\/sff-magazine-diciembre-2024\/adepa-completa-con-exito-la-adquisicion-de-fidupar\/\">\r\n\t\tADEPA completa con \u00e9xito la adquisici\u00f3n de FIDUPAR\t<\/a>\r\n<\/h3>\r\n<a href=\"https:\/\/sff-camara.com\/es\/sff-magazine-diciembre-2024\/adepa-completa-con-exito-la-adquisicion-de-fidupar\/\" class=\"btn btn-link btn-underline btn-primary\">Leer m\u00e1s <i class=\"a-icon-long-arrow-right\"><\/i><\/a><\/div>\r\n\t<\/article>\r\n\r\n\t\r\n<\/div>\r\n\r\n\r\n<div class=\"post-wrap \" data-post-image=\"alpha-post-medium\">\r\n\r\n\t\r\n\t<article class=\"post-15670 post type-post status-publish format-standard has-post-thumbnail hentry category-sff-magazine-diciembre-2024 tag-distribucion-de-fondos tag-legal-es tag-tendencias tag-ue post overlay-zoom overlay-dark  post-modern\">\r\n\t\t\t\t\t<figure class=\"post-media\">\r\n\t\t\t\t\t\t\t\t<a href=\"https:\/\/sff-camara.com\/es\/sff-magazine-diciembre-2024\/el-impacto-de-la-ola-regulatoria-en-la-estrategia-de-las-entidades-financieras\/\" aria-label=\"Post Media\">\r\n\t\t\t\t\t<img loading=\"lazy\" decoding=\"async\" width=\"600\" height=\"420\" src=\"https:\/\/sff-camara.com\/wp-content\/uploads\/2024\/12\/KPMG-Article-600x420.jpeg\" class=\"attachment-alpha-post-medium size-alpha-post-medium wp-post-image\" alt=\"\" srcset=\"https:\/\/sff-camara.com\/wp-content\/uploads\/2024\/12\/KPMG-Article-600x420.jpeg 600w, https:\/\/sff-camara.com\/wp-content\/uploads\/2024\/12\/KPMG-Article-400x280.jpeg 400w, https:\/\/sff-camara.com\/wp-content\/uploads\/2024\/12\/KPMG-Article-570x400.jpeg 570w\" sizes=\"(max-width: 600px) 100vw, 600px\" \/>\t\t\t\t\t\t<figcaption class=\"thumbnail-caption\">\r\n\t\t\t\t\t\t\tGlowing financial chart showing increasing ROI, with real-world landscape and sunlight effects\t\t\t\t\t\t<\/figcaption>\r\n\t\t\t\t\t\t\t\t\t\t<\/a>\r\n\t\t\t<\/figure>\r\n\t\t\t<div class=\"post-details\">\r\n\t<div class=\"post-meta\">\r\n\t<a class=\"post-date\" href=\"https:\/\/sff-camara.com\/es\/2024\/12\/06\/\">diciembre 6, 2024<\/a>\r\n\r\n\t<\/div>\r\n<h3 class=\"post-title\">\r\n\t<a href=\"https:\/\/sff-camara.com\/es\/sff-magazine-diciembre-2024\/el-impacto-de-la-ola-regulatoria-en-la-estrategia-de-las-entidades-financieras\/\">\r\n\t\tEl impacto de la ola regulatoria en la estrategia de las entidades financieras\t<\/a>\r\n<\/h3>\r\n<a href=\"https:\/\/sff-camara.com\/es\/sff-magazine-diciembre-2024\/el-impacto-de-la-ola-regulatoria-en-la-estrategia-de-las-entidades-financieras\/\" class=\"btn btn-link btn-underline btn-primary\">Leer m\u00e1s <i class=\"a-icon-long-arrow-right\"><\/i><\/a><\/div>\r\n\t<\/article>\r\n\r\n\t\r\n<\/div>\r\n\r\n\r\n<div class=\"post-wrap \" data-post-image=\"alpha-post-medium\">\r\n\r\n\t\r\n\t<article class=\"post-15724 post type-post status-publish format-standard has-post-thumbnail hentry category-sff-magazine-diciembre-2024 tag-consejero-independiente tag-gobernanza post overlay-zoom overlay-dark  post-modern\">\r\n\t\t\t\t\t<figure class=\"post-media\">\r\n\t\t\t\t\t\t\t\t<a href=\"https:\/\/sff-camara.com\/es\/sff-magazine-diciembre-2024\/directores-independientes-pilares-estrategicos-en-un-entorno-de-cambio-y-disrupcion\/\" aria-label=\"Post Media\">\r\n\t\t\t\t\t<img loading=\"lazy\" decoding=\"async\" width=\"600\" height=\"420\" src=\"https:\/\/sff-camara.com\/wp-content\/uploads\/2024\/12\/Maria-Cartagena-Article-600x420.jpeg\" class=\"attachment-alpha-post-medium size-alpha-post-medium wp-post-image\" alt=\"\" srcset=\"https:\/\/sff-camara.com\/wp-content\/uploads\/2024\/12\/Maria-Cartagena-Article-600x420.jpeg 600w, https:\/\/sff-camara.com\/wp-content\/uploads\/2024\/12\/Maria-Cartagena-Article-400x280.jpeg 400w, https:\/\/sff-camara.com\/wp-content\/uploads\/2024\/12\/Maria-Cartagena-Article-570x400.jpeg 570w\" sizes=\"(max-width: 600px) 100vw, 600px\" \/>\t\t\t\t\t\t<figcaption class=\"thumbnail-caption\">\r\n\t\t\t\t\t\t\tCorporate business team and manager in a meeting\t\t\t\t\t\t<\/figcaption>\r\n\t\t\t\t\t\t\t\t\t\t<\/a>\r\n\t\t\t<\/figure>\r\n\t\t\t<div class=\"post-details\">\r\n\t<div class=\"post-meta\">\r\n\t<a class=\"post-date\" href=\"https:\/\/sff-camara.com\/es\/2024\/12\/08\/\">diciembre 8, 2024<\/a>\r\n\r\n\t<\/div>\r\n<h3 class=\"post-title\">\r\n\t<a href=\"https:\/\/sff-camara.com\/es\/sff-magazine-diciembre-2024\/directores-independientes-pilares-estrategicos-en-un-entorno-de-cambio-y-disrupcion\/\">\r\n\t\tConsejeros Independientes: Pilares Estrat\u00e9gicos en un Entorno de Cambio y Disrupci\u00f3n\t<\/a>\r\n<\/h3>\r\n<a href=\"https:\/\/sff-camara.com\/es\/sff-magazine-diciembre-2024\/directores-independientes-pilares-estrategicos-en-un-entorno-de-cambio-y-disrupcion\/\" class=\"btn btn-link btn-underline btn-primary\">Leer m\u00e1s <i class=\"a-icon-long-arrow-right\"><\/i><\/a><\/div>\r\n\t<\/article>\r\n\r\n\t\r\n<\/div>\r\n\r\n\r\n<div class=\"post-wrap \" data-post-image=\"alpha-post-medium\">\r\n\r\n\t\r\n\t<article class=\"post-15744 post type-post status-publish format-standard has-post-thumbnail hentry category-sff-magazine-diciembre-2024 tag-asset-management-es tag-banca-digital tag-banking-es tag-distribucion-de-fondos post overlay-zoom overlay-dark  post-modern\">\r\n\t\t\t\t\t<figure class=\"post-media\">\r\n\t\t\t\t\t\t\t\t<a href=\"https:\/\/sff-camara.com\/es\/sff-magazine-diciembre-2024\/entrevista-con-alberto-del-cid-consejero-delegado-de-inversis\/\" aria-label=\"Post Media\">\r\n\t\t\t\t\t<img loading=\"lazy\" decoding=\"async\" width=\"600\" height=\"420\" src=\"https:\/\/sff-camara.com\/wp-content\/uploads\/2024\/12\/Entrevista-Alberto-del-Cid-600x420.png\" class=\"attachment-alpha-post-medium size-alpha-post-medium wp-post-image\" alt=\"\" srcset=\"https:\/\/sff-camara.com\/wp-content\/uploads\/2024\/12\/Entrevista-Alberto-del-Cid-600x420.png 600w, https:\/\/sff-camara.com\/wp-content\/uploads\/2024\/12\/Entrevista-Alberto-del-Cid-400x280.png 400w, https:\/\/sff-camara.com\/wp-content\/uploads\/2024\/12\/Entrevista-Alberto-del-Cid-570x400.png 570w\" sizes=\"(max-width: 600px) 100vw, 600px\" \/>\t\t\t\t<\/a>\r\n\t\t\t<\/figure>\r\n\t\t\t<div class=\"post-details\">\r\n\t<div class=\"post-meta\">\r\n\t<a class=\"post-date\" href=\"https:\/\/sff-camara.com\/es\/2024\/12\/11\/\">diciembre 11, 2024<\/a>\r\n\r\n\t<\/div>\r\n<h3 class=\"post-title\">\r\n\t<a href=\"https:\/\/sff-camara.com\/es\/sff-magazine-diciembre-2024\/entrevista-con-alberto-del-cid-consejero-delegado-de-inversis\/\">\r\n\t\tEntrevista con Alberto del Cid, Consejero Delegado de Inversis\t<\/a>\r\n<\/h3>\r\n<a href=\"https:\/\/sff-camara.com\/es\/sff-magazine-diciembre-2024\/entrevista-con-alberto-del-cid-consejero-delegado-de-inversis\/\" class=\"btn btn-link btn-underline btn-primary\">Leer m\u00e1s <i class=\"a-icon-long-arrow-right\"><\/i><\/a><\/div>\r\n\t<\/article>\r\n\r\n\t\r\n<\/div>\r\n\r\n\r\n<div class=\"post-wrap \" data-post-image=\"alpha-post-medium\">\r\n\r\n\t\r\n\t<article class=\"post-16353 post type-post status-publish format-standard has-post-thumbnail hentry category-sff-magazine-diciembre-2024 tag-consejero-independiente tag-gobernanza post overlay-zoom overlay-dark  post-modern\">\r\n\t\t\t\t\t<figure class=\"post-media\">\r\n\t\t\t\t\t\t\t\t<a href=\"https:\/\/sff-camara.com\/es\/sff-magazine-diciembre-2024\/consejeros-independientes-y-buena-gobernanza-son-necesarios-los-directores-independientes-y-cuales-son-sus-deberes-y-responsabilidades\/\" aria-label=\"Post Media\">\r\n\t\t\t\t\t<img fetchpriority=\"high\" decoding=\"async\" width=\"600\" height=\"420\" src=\"https:\/\/sff-camara.com\/wp-content\/uploads\/2024\/12\/Simmons-Simmons-Article-600x420.jpeg\" class=\"attachment-alpha-post-medium size-alpha-post-medium wp-post-image\" alt=\"\" srcset=\"https:\/\/sff-camara.com\/wp-content\/uploads\/2024\/12\/Simmons-Simmons-Article-600x420.jpeg 600w, https:\/\/sff-camara.com\/wp-content\/uploads\/2024\/12\/Simmons-Simmons-Article-400x280.jpeg 400w, https:\/\/sff-camara.com\/wp-content\/uploads\/2024\/12\/Simmons-Simmons-Article-570x400.jpeg 570w\" sizes=\"(max-width: 600px) 100vw, 600px\" \/>\t\t\t\t\t\t<figcaption class=\"thumbnail-caption\">\r\n\t\t\t\t\t\t\tConference table and chairs in empty meeting room\t\t\t\t\t\t<\/figcaption>\r\n\t\t\t\t\t\t\t\t\t\t<\/a>\r\n\t\t\t<\/figure>\r\n\t\t\t<div class=\"post-details\">\r\n\t<div class=\"post-meta\">\r\n\t<a class=\"post-date\" href=\"https:\/\/sff-camara.com\/es\/2024\/12\/10\/\">diciembre 10, 2024<\/a>\r\n\r\n\t<\/div>\r\n<h3 class=\"post-title\">\r\n\t<a href=\"https:\/\/sff-camara.com\/es\/sff-magazine-diciembre-2024\/consejeros-independientes-y-buena-gobernanza-son-necesarios-los-directores-independientes-y-cuales-son-sus-deberes-y-responsabilidades\/\">\r\n\t\tConsejeros independientes y buena gobernanza: \u00bfSon necesarios los directores independientes y cu\u00e1les son sus deberes y responsabilidades?\t<\/a>\r\n<\/h3>\r\n<a href=\"https:\/\/sff-camara.com\/es\/sff-magazine-diciembre-2024\/consejeros-independientes-y-buena-gobernanza-son-necesarios-los-directores-independientes-y-cuales-son-sus-deberes-y-responsabilidades\/\" class=\"btn btn-link btn-underline btn-primary\">Leer m\u00e1s <i class=\"a-icon-long-arrow-right\"><\/i><\/a><\/div>\r\n\t<\/article>\r\n\r\n\t\r\n<\/div>\r\n\r\n<\/div>\t\t\t\t<\/div>\n\t\t\t\t<\/div>\n\t\t\t\t<div class=\"elementor-element elementor-element-1457a4cf elementor-widget elementor-widget-spacer\" data-id=\"1457a4cf\" data-element_type=\"widget\" data-e-type=\"widget\" data-widget_type=\"spacer.default\">\n\t\t\t\t<div class=\"elementor-widget-container\">\n\t\t\t\t\t\t\t<div class=\"elementor-spacer\">\n\t\t\t<div class=\"elementor-spacer-inner\"><\/div>\n\t\t<\/div>\n\t\t\t\t\t\t<\/div>\n\t\t\t\t<\/div>\n\t\t\t\t\t\t<\/div>\r\n\t\t\t\t<\/div>\r\n\t\t\t\t\t\t\t\t<\/div>\r\n\t\t\t<\/section>\r\n\t\t\t\t\t<\/div>\n\t\t","protected":false},"excerpt":{"rendered":"<p>Ampliando las oportunidades de inversi\u00f3n alternativa Antwort Capital, una plataforma con sede en Luxemburgo especializada en fondos feeder para inversores cualificados, ha alcanzado un hito significativo al obtener su licencia [&hellip;]<\/p>\n","protected":false},"author":2,"featured_media":13447,"comment_status":"closed","ping_status":"closed","sticky":false,"template":"","format":"standard","meta":{"_acf_changed":false,"_price":"","_stock":"","_tribe_ticket_header":"","_tribe_default_ticket_provider":"","_ticket_start_date":"","_ticket_end_date":"","_tribe_ticket_show_description":"","_tribe_ticket_show_not_going":false,"_tribe_ticket_use_global_stock":"","_tribe_ticket_global_stock_level":"","_global_stock_mode":"","_global_stock_cap":"","_tribe_rsvp_for_event":"","_tribe_ticket_going_count":"","_tribe_ticket_not_going_count":"","_tribe_tickets_list":"[]","_tribe_ticket_has_attendee_info_fields":false,"footnotes":""},"categories":[289],"tags":[291],"class_list":["post-15621","post","type-post","status-publish","format-standard","has-post-thumbnail","hentry","category-sff-magazine-diciembre-2024","tag-alternative-investment-es"],"acf":[],"yoast_head":"<!-- This site is optimized with the Yoast SEO plugin v27.1.1 - https:\/\/yoast.com\/product\/yoast-seo-wordpress\/ -->\n<title>Antwort Capital obtiene la licencia AIFM, ampliando su oferta de inversiones alternativas | SFF<\/title>\n<meta name=\"description\" content=\"Antwort Capital obtiene la licencia de AIFM, mejorando sus servicios de inversi\u00f3n alternativa y ampliando su alcance en los mercados privados desde Luxemburgo.\" \/>\n<meta name=\"robots\" content=\"index, follow, max-snippet:-1, max-image-preview:large, max-video-preview:-1\" \/>\n<link rel=\"canonical\" href=\"https:\/\/sff-camara.com\/es\/sff-magazine-diciembre-2024\/antwort-capital-obtiene-la-licencia-aifm-ampliando-su-oferta-de-inversiones-alternativas\/\" \/>\n<meta property=\"og:locale\" content=\"es_ES\" \/>\n<meta property=\"og:type\" content=\"article\" \/>\n<meta property=\"og:title\" content=\"Antwort Capital obtiene la licencia AIFM, ampliando su oferta de inversiones alternativas | SFF\" \/>\n<meta property=\"og:description\" content=\"Antwort Capital obtiene la licencia de AIFM, mejorando sus servicios de inversi\u00f3n alternativa y ampliando su alcance en los mercados privados desde Luxemburgo.\" \/>\n<meta property=\"og:url\" content=\"https:\/\/sff-camara.com\/es\/sff-magazine-diciembre-2024\/antwort-capital-obtiene-la-licencia-aifm-ampliando-su-oferta-de-inversiones-alternativas\/\" \/>\n<meta property=\"og:site_name\" content=\"SFF\" \/>\n<meta property=\"article:published_time\" content=\"2024-12-11T04:30:09+00:00\" \/>\n<meta property=\"article:modified_time\" content=\"2024-12-11T06:30:39+00:00\" \/>\n<meta property=\"og:image\" content=\"https:\/\/sff-camara.com\/wp-content\/uploads\/2024\/03\/AdobeStock_460677110-scaled.jpeg\" \/>\n\t<meta property=\"og:image:width\" content=\"2560\" \/>\n\t<meta property=\"og:image:height\" content=\"1709\" \/>\n\t<meta property=\"og:image:type\" content=\"image\/jpeg\" \/>\n<meta name=\"author\" content=\"SFF\" \/>\n<meta name=\"twitter:card\" content=\"summary_large_image\" \/>\n<meta name=\"twitter:label1\" content=\"Escrito por\" \/>\n\t<meta name=\"twitter:data1\" content=\"SFF\" \/>\n\t<meta name=\"twitter:label2\" content=\"Tiempo de lectura\" \/>\n\t<meta name=\"twitter:data2\" content=\"4 minutos\" \/>\n<script type=\"application\/ld+json\" class=\"yoast-schema-graph\">{\"@context\":\"https:\/\/schema.org\",\"@graph\":[{\"@type\":\"Article\",\"@id\":\"https:\/\/sff-camara.com\/es\/sff-magazine-diciembre-2024\/antwort-capital-obtiene-la-licencia-aifm-ampliando-su-oferta-de-inversiones-alternativas\/#article\",\"isPartOf\":{\"@id\":\"https:\/\/sff-camara.com\/es\/sff-magazine-diciembre-2024\/antwort-capital-obtiene-la-licencia-aifm-ampliando-su-oferta-de-inversiones-alternativas\/\"},\"author\":{\"name\":\"SFF\",\"@id\":\"https:\/\/sff-camara.com\/#\/schema\/person\/4adb1bc18ccd0824990c909ad888ece9\"},\"headline\":\"Antwort Capital obtiene la licencia AIFM, ampliando su oferta de inversiones alternativas\",\"datePublished\":\"2024-12-11T04:30:09+00:00\",\"dateModified\":\"2024-12-11T06:30:39+00:00\",\"mainEntityOfPage\":{\"@id\":\"https:\/\/sff-camara.com\/es\/sff-magazine-diciembre-2024\/antwort-capital-obtiene-la-licencia-aifm-ampliando-su-oferta-de-inversiones-alternativas\/\"},\"wordCount\":840,\"publisher\":{\"@id\":\"https:\/\/sff-camara.com\/#organization\"},\"image\":{\"@id\":\"https:\/\/sff-camara.com\/es\/sff-magazine-diciembre-2024\/antwort-capital-obtiene-la-licencia-aifm-ampliando-su-oferta-de-inversiones-alternativas\/#primaryimage\"},\"thumbnailUrl\":\"https:\/\/sff-camara.com\/wp-content\/uploads\/2024\/03\/AdobeStock_460677110-scaled.jpeg\",\"keywords\":[\"Alternative Investment\"],\"articleSection\":[\"SFF Magazine Diciembre 2024\"],\"inLanguage\":\"es\"},{\"@type\":\"WebPage\",\"@id\":\"https:\/\/sff-camara.com\/es\/sff-magazine-diciembre-2024\/antwort-capital-obtiene-la-licencia-aifm-ampliando-su-oferta-de-inversiones-alternativas\/\",\"url\":\"https:\/\/sff-camara.com\/es\/sff-magazine-diciembre-2024\/antwort-capital-obtiene-la-licencia-aifm-ampliando-su-oferta-de-inversiones-alternativas\/\",\"name\":\"Antwort Capital obtiene la licencia AIFM, ampliando su oferta de inversiones alternativas | SFF\",\"isPartOf\":{\"@id\":\"https:\/\/sff-camara.com\/#website\"},\"primaryImageOfPage\":{\"@id\":\"https:\/\/sff-camara.com\/es\/sff-magazine-diciembre-2024\/antwort-capital-obtiene-la-licencia-aifm-ampliando-su-oferta-de-inversiones-alternativas\/#primaryimage\"},\"image\":{\"@id\":\"https:\/\/sff-camara.com\/es\/sff-magazine-diciembre-2024\/antwort-capital-obtiene-la-licencia-aifm-ampliando-su-oferta-de-inversiones-alternativas\/#primaryimage\"},\"thumbnailUrl\":\"https:\/\/sff-camara.com\/wp-content\/uploads\/2024\/03\/AdobeStock_460677110-scaled.jpeg\",\"datePublished\":\"2024-12-11T04:30:09+00:00\",\"dateModified\":\"2024-12-11T06:30:39+00:00\",\"description\":\"Antwort Capital obtiene la licencia de AIFM, mejorando sus servicios de inversi\u00f3n alternativa y ampliando su alcance en los mercados privados desde Luxemburgo.\",\"breadcrumb\":{\"@id\":\"https:\/\/sff-camara.com\/es\/sff-magazine-diciembre-2024\/antwort-capital-obtiene-la-licencia-aifm-ampliando-su-oferta-de-inversiones-alternativas\/#breadcrumb\"},\"inLanguage\":\"es\",\"potentialAction\":[{\"@type\":\"ReadAction\",\"target\":[\"https:\/\/sff-camara.com\/es\/sff-magazine-diciembre-2024\/antwort-capital-obtiene-la-licencia-aifm-ampliando-su-oferta-de-inversiones-alternativas\/\"]}]},{\"@type\":\"ImageObject\",\"inLanguage\":\"es\",\"@id\":\"https:\/\/sff-camara.com\/es\/sff-magazine-diciembre-2024\/antwort-capital-obtiene-la-licencia-aifm-ampliando-su-oferta-de-inversiones-alternativas\/#primaryimage\",\"url\":\"https:\/\/sff-camara.com\/wp-content\/uploads\/2024\/03\/AdobeStock_460677110-scaled.jpeg\",\"contentUrl\":\"https:\/\/sff-camara.com\/wp-content\/uploads\/2024\/03\/AdobeStock_460677110-scaled.jpeg\",\"width\":2560,\"height\":1709},{\"@type\":\"BreadcrumbList\",\"@id\":\"https:\/\/sff-camara.com\/es\/sff-magazine-diciembre-2024\/antwort-capital-obtiene-la-licencia-aifm-ampliando-su-oferta-de-inversiones-alternativas\/#breadcrumb\",\"itemListElement\":[{\"@type\":\"ListItem\",\"position\":1,\"name\":\"Home\",\"item\":\"https:\/\/sff-camara.com\/\"},{\"@type\":\"ListItem\",\"position\":2,\"name\":\"Antwort Capital obtiene la licencia AIFM, ampliando su oferta de inversiones alternativas\"}]},{\"@type\":\"WebSite\",\"@id\":\"https:\/\/sff-camara.com\/#website\",\"url\":\"https:\/\/sff-camara.com\/\",\"name\":\"SFF\",\"description\":\"Spanish Financial Forum in Luxembourg\",\"publisher\":{\"@id\":\"https:\/\/sff-camara.com\/#organization\"},\"potentialAction\":[{\"@type\":\"SearchAction\",\"target\":{\"@type\":\"EntryPoint\",\"urlTemplate\":\"https:\/\/sff-camara.com\/?s={search_term_string}\"},\"query-input\":{\"@type\":\"PropertyValueSpecification\",\"valueRequired\":true,\"valueName\":\"search_term_string\"}}],\"inLanguage\":\"es\"},{\"@type\":\"Organization\",\"@id\":\"https:\/\/sff-camara.com\/#organization\",\"name\":\"Spanish Financial Forum in Luxembourg\",\"url\":\"https:\/\/sff-camara.com\/\",\"logo\":{\"@type\":\"ImageObject\",\"inLanguage\":\"es\",\"@id\":\"https:\/\/sff-camara.com\/#\/schema\/logo\/image\/\",\"url\":\"https:\/\/sff-camara.com\/wp-content\/uploads\/2023\/02\/cropped-LOGO-1.png\",\"contentUrl\":\"https:\/\/sff-camara.com\/wp-content\/uploads\/2023\/02\/cropped-LOGO-1.png\",\"width\":586,\"height\":222,\"caption\":\"Spanish Financial Forum in Luxembourg\"},\"image\":{\"@id\":\"https:\/\/sff-camara.com\/#\/schema\/logo\/image\/\"},\"sameAs\":[\"https:\/\/www.linkedin.com\/company\/camara-oficial-de-comercio-de-espana-en-belgica-y-luxemburgo\/\"]},{\"@type\":\"Person\",\"@id\":\"https:\/\/sff-camara.com\/#\/schema\/person\/4adb1bc18ccd0824990c909ad888ece9\",\"name\":\"SFF\",\"url\":\"https:\/\/sff-camara.com\/es\/author\/planinluxadmin\/\"}]}<\/script>\n<!-- \/ Yoast SEO plugin. -->","yoast_head_json":{"title":"Antwort Capital obtiene la licencia AIFM, ampliando su oferta de inversiones alternativas | SFF","description":"Antwort Capital obtiene la licencia de AIFM, mejorando sus servicios de inversi\u00f3n alternativa y ampliando su alcance en los mercados privados desde Luxemburgo.","robots":{"index":"index","follow":"follow","max-snippet":"max-snippet:-1","max-image-preview":"max-image-preview:large","max-video-preview":"max-video-preview:-1"},"canonical":"https:\/\/sff-camara.com\/es\/sff-magazine-diciembre-2024\/antwort-capital-obtiene-la-licencia-aifm-ampliando-su-oferta-de-inversiones-alternativas\/","og_locale":"es_ES","og_type":"article","og_title":"Antwort Capital obtiene la licencia AIFM, ampliando su oferta de inversiones alternativas | SFF","og_description":"Antwort Capital obtiene la licencia de AIFM, mejorando sus servicios de inversi\u00f3n alternativa y ampliando su alcance en los mercados privados desde Luxemburgo.","og_url":"https:\/\/sff-camara.com\/es\/sff-magazine-diciembre-2024\/antwort-capital-obtiene-la-licencia-aifm-ampliando-su-oferta-de-inversiones-alternativas\/","og_site_name":"SFF","article_published_time":"2024-12-11T04:30:09+00:00","article_modified_time":"2024-12-11T06:30:39+00:00","og_image":[{"width":2560,"height":1709,"url":"https:\/\/sff-camara.com\/wp-content\/uploads\/2024\/03\/AdobeStock_460677110-scaled.jpeg","type":"image\/jpeg"}],"author":"SFF","twitter_card":"summary_large_image","twitter_misc":{"Escrito por":"SFF","Tiempo de lectura":"4 minutos"},"schema":{"@context":"https:\/\/schema.org","@graph":[{"@type":"Article","@id":"https:\/\/sff-camara.com\/es\/sff-magazine-diciembre-2024\/antwort-capital-obtiene-la-licencia-aifm-ampliando-su-oferta-de-inversiones-alternativas\/#article","isPartOf":{"@id":"https:\/\/sff-camara.com\/es\/sff-magazine-diciembre-2024\/antwort-capital-obtiene-la-licencia-aifm-ampliando-su-oferta-de-inversiones-alternativas\/"},"author":{"name":"SFF","@id":"https:\/\/sff-camara.com\/#\/schema\/person\/4adb1bc18ccd0824990c909ad888ece9"},"headline":"Antwort Capital obtiene la licencia AIFM, ampliando su oferta de inversiones alternativas","datePublished":"2024-12-11T04:30:09+00:00","dateModified":"2024-12-11T06:30:39+00:00","mainEntityOfPage":{"@id":"https:\/\/sff-camara.com\/es\/sff-magazine-diciembre-2024\/antwort-capital-obtiene-la-licencia-aifm-ampliando-su-oferta-de-inversiones-alternativas\/"},"wordCount":840,"publisher":{"@id":"https:\/\/sff-camara.com\/#organization"},"image":{"@id":"https:\/\/sff-camara.com\/es\/sff-magazine-diciembre-2024\/antwort-capital-obtiene-la-licencia-aifm-ampliando-su-oferta-de-inversiones-alternativas\/#primaryimage"},"thumbnailUrl":"https:\/\/sff-camara.com\/wp-content\/uploads\/2024\/03\/AdobeStock_460677110-scaled.jpeg","keywords":["Alternative Investment"],"articleSection":["SFF Magazine Diciembre 2024"],"inLanguage":"es"},{"@type":"WebPage","@id":"https:\/\/sff-camara.com\/es\/sff-magazine-diciembre-2024\/antwort-capital-obtiene-la-licencia-aifm-ampliando-su-oferta-de-inversiones-alternativas\/","url":"https:\/\/sff-camara.com\/es\/sff-magazine-diciembre-2024\/antwort-capital-obtiene-la-licencia-aifm-ampliando-su-oferta-de-inversiones-alternativas\/","name":"Antwort Capital obtiene la licencia AIFM, ampliando su oferta de inversiones alternativas | SFF","isPartOf":{"@id":"https:\/\/sff-camara.com\/#website"},"primaryImageOfPage":{"@id":"https:\/\/sff-camara.com\/es\/sff-magazine-diciembre-2024\/antwort-capital-obtiene-la-licencia-aifm-ampliando-su-oferta-de-inversiones-alternativas\/#primaryimage"},"image":{"@id":"https:\/\/sff-camara.com\/es\/sff-magazine-diciembre-2024\/antwort-capital-obtiene-la-licencia-aifm-ampliando-su-oferta-de-inversiones-alternativas\/#primaryimage"},"thumbnailUrl":"https:\/\/sff-camara.com\/wp-content\/uploads\/2024\/03\/AdobeStock_460677110-scaled.jpeg","datePublished":"2024-12-11T04:30:09+00:00","dateModified":"2024-12-11T06:30:39+00:00","description":"Antwort Capital obtiene la licencia de AIFM, mejorando sus servicios de inversi\u00f3n alternativa y ampliando su alcance en los mercados privados desde Luxemburgo.","breadcrumb":{"@id":"https:\/\/sff-camara.com\/es\/sff-magazine-diciembre-2024\/antwort-capital-obtiene-la-licencia-aifm-ampliando-su-oferta-de-inversiones-alternativas\/#breadcrumb"},"inLanguage":"es","potentialAction":[{"@type":"ReadAction","target":["https:\/\/sff-camara.com\/es\/sff-magazine-diciembre-2024\/antwort-capital-obtiene-la-licencia-aifm-ampliando-su-oferta-de-inversiones-alternativas\/"]}]},{"@type":"ImageObject","inLanguage":"es","@id":"https:\/\/sff-camara.com\/es\/sff-magazine-diciembre-2024\/antwort-capital-obtiene-la-licencia-aifm-ampliando-su-oferta-de-inversiones-alternativas\/#primaryimage","url":"https:\/\/sff-camara.com\/wp-content\/uploads\/2024\/03\/AdobeStock_460677110-scaled.jpeg","contentUrl":"https:\/\/sff-camara.com\/wp-content\/uploads\/2024\/03\/AdobeStock_460677110-scaled.jpeg","width":2560,"height":1709},{"@type":"BreadcrumbList","@id":"https:\/\/sff-camara.com\/es\/sff-magazine-diciembre-2024\/antwort-capital-obtiene-la-licencia-aifm-ampliando-su-oferta-de-inversiones-alternativas\/#breadcrumb","itemListElement":[{"@type":"ListItem","position":1,"name":"Home","item":"https:\/\/sff-camara.com\/"},{"@type":"ListItem","position":2,"name":"Antwort Capital obtiene la licencia AIFM, ampliando su oferta de inversiones alternativas"}]},{"@type":"WebSite","@id":"https:\/\/sff-camara.com\/#website","url":"https:\/\/sff-camara.com\/","name":"SFF","description":"Spanish Financial Forum in Luxembourg","publisher":{"@id":"https:\/\/sff-camara.com\/#organization"},"potentialAction":[{"@type":"SearchAction","target":{"@type":"EntryPoint","urlTemplate":"https:\/\/sff-camara.com\/?s={search_term_string}"},"query-input":{"@type":"PropertyValueSpecification","valueRequired":true,"valueName":"search_term_string"}}],"inLanguage":"es"},{"@type":"Organization","@id":"https:\/\/sff-camara.com\/#organization","name":"Spanish Financial Forum in Luxembourg","url":"https:\/\/sff-camara.com\/","logo":{"@type":"ImageObject","inLanguage":"es","@id":"https:\/\/sff-camara.com\/#\/schema\/logo\/image\/","url":"https:\/\/sff-camara.com\/wp-content\/uploads\/2023\/02\/cropped-LOGO-1.png","contentUrl":"https:\/\/sff-camara.com\/wp-content\/uploads\/2023\/02\/cropped-LOGO-1.png","width":586,"height":222,"caption":"Spanish Financial Forum in Luxembourg"},"image":{"@id":"https:\/\/sff-camara.com\/#\/schema\/logo\/image\/"},"sameAs":["https:\/\/www.linkedin.com\/company\/camara-oficial-de-comercio-de-espana-en-belgica-y-luxemburgo\/"]},{"@type":"Person","@id":"https:\/\/sff-camara.com\/#\/schema\/person\/4adb1bc18ccd0824990c909ad888ece9","name":"SFF","url":"https:\/\/sff-camara.com\/es\/author\/planinluxadmin\/"}]}},"_links":{"self":[{"href":"https:\/\/sff-camara.com\/es\/wp-json\/wp\/v2\/posts\/15621","targetHints":{"allow":["GET"]}}],"collection":[{"href":"https:\/\/sff-camara.com\/es\/wp-json\/wp\/v2\/posts"}],"about":[{"href":"https:\/\/sff-camara.com\/es\/wp-json\/wp\/v2\/types\/post"}],"author":[{"embeddable":true,"href":"https:\/\/sff-camara.com\/es\/wp-json\/wp\/v2\/users\/2"}],"replies":[{"embeddable":true,"href":"https:\/\/sff-camara.com\/es\/wp-json\/wp\/v2\/comments?post=15621"}],"version-history":[{"count":8,"href":"https:\/\/sff-camara.com\/es\/wp-json\/wp\/v2\/posts\/15621\/revisions"}],"predecessor-version":[{"id":15815,"href":"https:\/\/sff-camara.com\/es\/wp-json\/wp\/v2\/posts\/15621\/revisions\/15815"}],"wp:featuredmedia":[{"embeddable":true,"href":"https:\/\/sff-camara.com\/es\/wp-json\/wp\/v2\/media\/13447"}],"wp:attachment":[{"href":"https:\/\/sff-camara.com\/es\/wp-json\/wp\/v2\/media?parent=15621"}],"wp:term":[{"taxonomy":"category","embeddable":true,"href":"https:\/\/sff-camara.com\/es\/wp-json\/wp\/v2\/categories?post=15621"},{"taxonomy":"post_tag","embeddable":true,"href":"https:\/\/sff-camara.com\/es\/wp-json\/wp\/v2\/tags?post=15621"}],"curies":[{"name":"wp","href":"https:\/\/api.w.org\/{rel}","templated":true}]}}