{"id":13872,"date":"2024-06-05T07:40:14","date_gmt":"2024-06-05T07:40:14","guid":{"rendered":"https:\/\/sff-camara.com\/?p=13872"},"modified":"2024-06-08T13:24:34","modified_gmt":"2024-06-08T13:24:34","slug":"meet-the-team-adepa","status":"publish","type":"post","link":"https:\/\/sff-camara.com\/es\/sff-magazine-junio-2024\/meet-the-team-adepa\/","title":{"rendered":"MEET THE TEAM &#8211; Adepa"},"content":{"rendered":"\t\t<div data-elementor-type=\"wp-post\" data-elementor-id=\"13872\" class=\"elementor elementor-13872 elementor-13871\">\n\t\t\t\t\t\t<section class=\" elementor-section elementor-top-section elementor-element elementor-element-f377bdd elementor-section-boxed elementor-section-height-default elementor-section-height-default\" data-id=\"f377bdd\" data-element_type=\"section\" data-e-type=\"section\">\r\n\t\t\t\t\t\t\t\t<div class=\"elementor-container elementor-column-gap-default\">\r\n\t\t\t\t\r\n\t\t\t\t\t\t\t\t<div class=\" elementor-column elementor-col-100 elementor-top-column elementor-element elementor-element-26c6730c \" data-id=\"26c6730c\" data-element_type=\"column\" data-e-type=\"column\">\r\n\r\n\t\t\t\t\r\n\t\t\t\t<div class=\"elementor-widget-wrap elementor-element-populated\">\r\n\t\t\t\t\t\t\t\t\t\t\r\n\t\t\t\t\t\t<div class=\"elementor-element elementor-element-7ba72526 elementor-widget elementor-widget-heading\" data-id=\"7ba72526\" data-element_type=\"widget\" data-e-type=\"widget\" data-widget_type=\"heading.default\">\n\t\t\t\t<div class=\"elementor-widget-container\">\n\t\t\t\t\t<h3 class=\"elementor-heading-title elementor-size-default\">MEET THE TEAM &#8211; Adepa<\/h3>\t\t\t\t<\/div>\n\t\t\t\t<\/div>\n\t\t\t\t<div class=\"elementor-element elementor-element-22afa2a4 elementor-widget elementor-widget-spacer\" data-id=\"22afa2a4\" data-element_type=\"widget\" data-e-type=\"widget\" data-widget_type=\"spacer.default\">\n\t\t\t\t<div class=\"elementor-widget-container\">\n\t\t\t\t\t\t\t<div class=\"elementor-spacer\">\n\t\t\t<div class=\"elementor-spacer-inner\"><\/div>\n\t\t<\/div>\n\t\t\t\t\t\t<\/div>\n\t\t\t\t<\/div>\n\t\t\t\t<div class=\"elementor-element elementor-element-4f1fdaa8 elementor-widget elementor-widget-text-editor\" data-id=\"4f1fdaa8\" data-element_type=\"widget\" data-e-type=\"widget\" data-widget_type=\"text-editor.default\">\n\t\t\t\t<div class=\"elementor-widget-container\">\n\t\t\t\t\t\t\t\t\t<a href=\"https:\/\/sff-camara.com\/es\/categoria\/sff-magazine-junio-2024\/\" rel=\"tag\">SFF Magazine Junio 2024<\/a>\t\t\t\t\t\t\t\t<\/div>\n\t\t\t\t<\/div>\n\t\t\t\t<div class=\"elementor-element elementor-element-31767f27 elementor-widget elementor-widget-spacer\" data-id=\"31767f27\" data-element_type=\"widget\" data-e-type=\"widget\" data-widget_type=\"spacer.default\">\n\t\t\t\t<div class=\"elementor-widget-container\">\n\t\t\t\t\t\t\t<div class=\"elementor-spacer\">\n\t\t\t<div class=\"elementor-spacer-inner\"><\/div>\n\t\t<\/div>\n\t\t\t\t\t\t<\/div>\n\t\t\t\t<\/div>\n\t\t\t\t<div class=\"elementor-element elementor-element-4070c3d elementor-widget elementor-widget-image\" data-id=\"4070c3d\" data-element_type=\"widget\" data-e-type=\"widget\" data-widget_type=\"image.default\">\n\t\t\t\t<div class=\"elementor-widget-container\">\n\t\t\t\t\t\t\t\t\t\t\t\t\t\t\t\t<a href=\"https:\/\/www.adepa.com\" target=\"_blank\">\n\t\t\t\t\t\t\t<img decoding=\"async\" src=\"https:\/\/sff-camara.com\/wp-content\/uploads\/2023\/01\/ADEPA.jpg\" title=\"\" alt=\"\" loading=\"lazy\" \/>\t\t\t\t\t\t\t\t<\/a>\n\t\t\t\t\t\t\t\t\t\t\t\t\t\t\t<\/div>\n\t\t\t\t<\/div>\n\t\t\t\t<div class=\"elementor-element elementor-element-8676ac4 elementor-widget elementor-widget-spacer\" data-id=\"8676ac4\" data-element_type=\"widget\" data-e-type=\"widget\" data-widget_type=\"spacer.default\">\n\t\t\t\t<div class=\"elementor-widget-container\">\n\t\t\t\t\t\t\t<div class=\"elementor-spacer\">\n\t\t\t<div class=\"elementor-spacer-inner\"><\/div>\n\t\t<\/div>\n\t\t\t\t\t\t<\/div>\n\t\t\t\t<\/div>\n\t\t\t\t<div class=\"elementor-element elementor-element-3eef0661 elementor-widget elementor-widget-text-editor\" data-id=\"3eef0661\" data-element_type=\"widget\" data-e-type=\"widget\" data-widget_type=\"text-editor.default\">\n\t\t\t\t<div class=\"elementor-widget-container\">\n\t\t\t\t\t\t\t\t\tTem\u00e1ticas: <a href=\"https:\/\/sff-camara.com\/es\/temticas\/asset-management-es\/\" rel=\"tag\">Asset Management<\/a>, <a href=\"https:\/\/sff-camara.com\/es\/temticas\/distribucion-de-fondos\/\" rel=\"tag\">Distribuci\u00f3n de fondos<\/a>, <a href=\"https:\/\/sff-camara.com\/es\/temticas\/latam-es\/\" rel=\"tag\">LATAM<\/a>\t\t\t\t\t\t\t\t<\/div>\n\t\t\t\t<\/div>\n\t\t\t\t\t\t<\/div>\r\n\t\t\t\t<\/div>\r\n\t\t\t\t\t\t\t\t<\/div>\r\n\t\t\t<\/section>\r\n\t\t\t\t\t<section class=\" elementor-section elementor-top-section elementor-element elementor-element-4493726 elementor-section-boxed elementor-section-height-default elementor-section-height-default\" data-id=\"4493726\" data-element_type=\"section\" data-e-type=\"section\">\r\n\t\t\t\t\t\t\t\t<div class=\"elementor-container elementor-column-gap-default\">\r\n\t\t\t\t\r\n\t\t\t\t\t\t\t\t<div class=\" elementor-column elementor-col-100 elementor-top-column elementor-element elementor-element-c44f137 \" data-id=\"c44f137\" data-element_type=\"column\" data-e-type=\"column\">\r\n\r\n\t\t\t\t\r\n\t\t\t\t<div class=\"elementor-widget-wrap elementor-element-populated\">\r\n\t\t\t\t\t\t\t\t\t\t\r\n\t\t\t\t\t\t<div class=\"elementor-element elementor-element-3326f45 elementor-widget elementor-widget-text-editor\" data-id=\"3326f45\" data-element_type=\"widget\" data-e-type=\"widget\" data-widget_type=\"text-editor.default\">\n\t\t\t\t<div class=\"elementor-widget-container\">\n\t\t\t\t\t\t\t\t\t<blockquote>\n<p style=\"font-weight: 400;\">Una entrevista con:<\/p>\n<\/blockquote>\n<ul>\n<li>\n<blockquote><p><strong>Francisco Garcia Figueroa<\/strong>, <em>Country Head Luxembourg, Member of the Executive Committee<\/em><\/p><\/blockquote>\n<\/li>\n<li>\n<blockquote><p><strong>Alex Bardaji<\/strong>, <em>Country Head Spain<\/em><\/p><\/blockquote>\n<\/li>\n<li>\n<blockquote><p><strong>Sergio Romero<\/strong>, <em>Business Development Senior Manager<\/em><\/p><\/blockquote>\n<\/li>\n<\/ul>\n\t\t\t\t\t\t\t\t<\/div>\n\t\t\t\t<\/div>\n\t\t\t\t\t\t<\/div>\r\n\t\t\t\t<\/div>\r\n\t\t\t\t\t\t\t\t<\/div>\r\n\t\t\t<\/section>\r\n\t\t\t\t\t<section class=\" elementor-section elementor-top-section elementor-element elementor-element-0df6757 elementor-section-boxed elementor-section-height-default elementor-section-height-default\" data-id=\"0df6757\" data-element_type=\"section\" data-e-type=\"section\">\r\n\t\t\t\t\t\t\t\t<div class=\"elementor-container elementor-column-gap-default\">\r\n\t\t\t\t\r\n\t\t\t\t\t\t\t\t<div class=\" elementor-column elementor-col-100 elementor-top-column elementor-element elementor-element-07bd52e \" data-id=\"07bd52e\" data-element_type=\"column\" data-e-type=\"column\">\r\n\r\n\t\t\t\t\r\n\t\t\t\t<div class=\"elementor-widget-wrap elementor-element-populated\">\r\n\t\t\t\t\t\t\t\t\t\t\r\n\t\t\t\t\t\t<div class=\"elementor-element elementor-element-24dcd69 elementor-widget elementor-widget-text-editor\" data-id=\"24dcd69\" data-element_type=\"widget\" data-e-type=\"widget\" data-widget_type=\"text-editor.default\">\n\t\t\t\t<div class=\"elementor-widget-container\">\n\t\t\t\t\t\t\t\t\t<h5 style=\"font-weight: 400;\"><strong>Hoy en d\u00eda, Adepa es un reconocido proveedor de fondos de inversi\u00f3n y servicios patrimoniales en la industria global de gesti\u00f3n de activos y patrimonios. Francisco, \u00bfpodr\u00edas ofrecernos una visi\u00f3n general de la historia y evoluci\u00f3n de Adepa? En concreto, \u00bfc\u00f3mo empez\u00f3 la empresa, cu\u00e1les fueron algunos de los hitos clave en su desarrollo y qu\u00e9 servicios ofrece Adepa en la actualidad?<\/strong><\/h5>\n<p style=\"font-weight: 400;\"><strong><span style=\"color: #3366ff;\">Francisco<\/span><\/strong>: <strong>Adepa se fund\u00f3 en 1980 en Espa\u00f1a<\/strong> y tiene su <strong>sede en Luxemburgo desde 2006<\/strong>. Se ha convertido en un <strong>socio estrat\u00e9gico global para los gestores de activos y patrimonios<\/strong>, proporcionando un completo conjunto de servicios necesarios para establecer, operar, distribuir, administrar y cumplir con los requisitos reglamentarios para cualquier tipo de estructura de fondos en varias jurisdicciones.<\/p>\n<p style=\"font-weight: 400;\">Nuestra sociedad gestora de fondos de inversi\u00f3n, <strong>Adepa Asset Management S.A.<\/strong>, cuenta con <strong>licencias OICVM y GFIA<\/strong>, y abarca una amplia gama de clases de activos, incluidos fondos de renta variable cotizada, renta fija, inmobiliarios, de capital riesgo, derivados, infraestructuras y deuda privada. <strong>Desde Luxemburgo, la empresa puede dar servicio a promotores de fondos de toda la UE.<\/strong> Tambi\u00e9n tenemos sucursales en Espa\u00f1a e Italia, y filiales en Espa\u00f1a, Italia y Chile, a trav\u00e9s de las cuales <strong>prestamos servicios de administraci\u00f3n de fondos e inversores a empresas de gesti\u00f3n de activos y patrimonios.<\/strong><\/p>\n\t\t\t\t\t\t\t\t<\/div>\n\t\t\t\t<\/div>\n\t\t\t\t\t\t<\/div>\r\n\t\t\t\t<\/div>\r\n\t\t\t\t\t\t\t\t<\/div>\r\n\t\t\t<\/section>\r\n\t\t\t\t\t<section class=\" elementor-section elementor-top-section elementor-element elementor-element-097f22c elementor-section-boxed elementor-section-height-default elementor-section-height-default\" data-id=\"097f22c\" data-element_type=\"section\" data-e-type=\"section\">\r\n\t\t\t\t\t\t\t\t<div class=\"elementor-container elementor-column-gap-default\">\r\n\t\t\t\t\r\n\t\t\t\t\t\t\t\t<div class=\" elementor-column elementor-col-100 elementor-top-column elementor-element elementor-element-dc8377d \" data-id=\"dc8377d\" data-element_type=\"column\" data-e-type=\"column\">\r\n\r\n\t\t\t\t\r\n\t\t\t\t<div class=\"elementor-widget-wrap elementor-element-populated\">\r\n\t\t\t\t\t\t\t\t\t\t\r\n\t\t\t\t\t\t<div class=\"elementor-element elementor-element-90ce82a elementor-widget elementor-widget-text-editor\" data-id=\"90ce82a\" data-element_type=\"widget\" data-e-type=\"widget\" data-widget_type=\"text-editor.default\">\n\t\t\t\t<div class=\"elementor-widget-container\">\n\t\t\t\t\t\t\t\t\t<h5 style=\"font-weight: 400;\"><strong>Usted dirige la oficina luxemburguesa de Adepa. \u00bfPuede contarnos algo m\u00e1s sobre el rol que juega Luxemburgo dentro de la estructura organizativa de Adepa y su actividad all\u00ed?<\/strong><\/h5>\n<p style=\"font-weight: 400;\"><span style=\"color: #3366ff;\"><strong>Francisco<\/strong><\/span>: Luxemburgo es l\u00edder mundial en la domiciliaci\u00f3n y distribuci\u00f3n de fondos de inversi\u00f3n, lo que lo convierte en un centro de operaciones esencial para nuestros clientes, entre los que se incluyen gestoras de fondos y activos, bancos, <em>family offices<\/em>, compa\u00f1\u00edas de seguros y fondos de pensiones. Esta es la raz\u00f3n por la que elegimos Luxemburgo como sede del Grupo Adepa hace casi 20 a\u00f1os, como parte de <strong>nuestra estrategia de internacionalizaci\u00f3n.<\/strong><\/p>\n<p style=\"font-weight: 400;\">La sociedad gestora de fondos de inversi\u00f3n del Grupo tiene su sede aqu\u00ed, donde presta servicios de <em>Management Company<\/em> y AIFM, tanto para estrategias de inversi\u00f3n tradicionales como alternativas, as\u00ed como de <em>Fund Administration<\/em>, <em>Investor Services<\/em> y <em>Corporate Services<\/em>. Nuestro equipo en Luxemburgo cuenta con m\u00e1s de <strong>40 profesionales<\/strong> de varias nacionalidades, lo que aporta diversidad y especializaci\u00f3n a nuestro \u00e1mbito de trabajo.<\/p>\n<p style=\"font-weight: 400;\"><strong>La posici\u00f3n estrat\u00e9gica de Luxemburgo es clave para nuestro desarrollo internacional<\/strong>, ya que nos permite prestar apoyo a clientes de m\u00faltiples pa\u00edses con distintos entornos normativos. Nuestra \u00ab <strong>Estrategia Dual<\/strong> \u00bb se centra en introducirnos en jurisdicciones con industrias de fondos bien establecidas, donde podemos ofrecer servicios integrales adaptados a las necesidades locales, al tiempo que proporcionamos sofisticadas estructuras y soluciones luxemburguesas para iniciativas transfronterizas. Este enfoque nos permite <strong>tender puentes entre los mercados y ofrecer un valor excepcional a nuestros clientes.<\/strong> Nuestra arraigada presencia en el sur de Europa, especialmente en Espa\u00f1a e Italia, as\u00ed como en Latinoam\u00e9rica, subraya nuestro compromiso con estas regiones y nuestra capacidad para satisfacer sus necesidades financieras espec\u00edficas.<\/p>\n\t\t\t\t\t\t\t\t<\/div>\n\t\t\t\t<\/div>\n\t\t\t\t\t\t<\/div>\r\n\t\t\t\t<\/div>\r\n\t\t\t\t\t\t\t\t<\/div>\r\n\t\t\t<\/section>\r\n\t\t\t\t\t<section class=\" elementor-section elementor-top-section elementor-element elementor-element-ddabd3e elementor-section-boxed elementor-section-height-default elementor-section-height-default\" data-id=\"ddabd3e\" data-element_type=\"section\" data-e-type=\"section\">\r\n\t\t\t\t\t\t\t\t<div class=\"elementor-container elementor-column-gap-default\">\r\n\t\t\t\t\r\n\t\t\t\t\t\t\t\t<div class=\" elementor-column elementor-col-100 elementor-top-column elementor-element elementor-element-0e03ec7 \" data-id=\"0e03ec7\" data-element_type=\"column\" data-e-type=\"column\">\r\n\r\n\t\t\t\t\r\n\t\t\t\t<div class=\"elementor-widget-wrap elementor-element-populated\">\r\n\t\t\t\t\t\t\t\t\t\t\r\n\t\t\t\t\t\t<div class=\"elementor-element elementor-element-e7bcb0f elementor-widget elementor-widget-udesign_widget_testimonial_group\" data-id=\"e7bcb0f\" data-element_type=\"widget\" data-e-type=\"widget\" data-widget_type=\"udesign_widget_testimonial_group.default\">\n\t\t\t\t<div class=\"elementor-widget-container\">\n\t\t\t\t\t<div class=\"testimonial-group  row cols-lg-1 cols-md-1 cols-sm-1 cols-1\"><div class=\"widget-testimonial-wrap\"><blockquote class=\"testimonial testimonial-boxed testimonial-aside testimonial-bordered center\" data-rating=\"5\"><div class=\"content\"><p class=\"comment\">\"Nuestra sociedad gestora de fondos de inversi\u00f3n, Adepa Asset Management S.A., cuenta con licencias OICVM y GFIA, y abarca una amplia gama de clases de activos, incluidos fondos de renta variable cotizada, renta fija, inmobiliarios, de capital riesgo, derivados, infraestructuras y deuda privada. Desde Luxemburgo, la empresa puede dar servicio a promotores de fondos de toda la UE. Tambi\u00e9n tenemos sucursales en Espa\u00f1a e Italia, y filiales en Espa\u00f1a, Italia y Chile, a trav\u00e9s de las cuales prestamos servicios de administraci\u00f3n de fondos e inversores a empresas de gesti\u00f3n de activos y patrimonios.\"<\/p><\/div><div class=\"commentor\"><div class=\"avatar img-avatar\"><img decoding=\"async\" width=\"150\" height=\"150\" src=\"https:\/\/sff-camara.com\/wp-content\/uploads\/2024\/05\/Francisco-Garcia-Figueroa-scaled-e1717169572436-150x150.jpg\" class=\"attachment-thumbnail size-thumbnail wp-image-13864\" alt=\"\" \/><\/div><div class=\"commentor-info\"><cite><span class=\"name\">Francisco Garc\u00eda Figueroa<\/span><span class=\"role\">Country Head Luxembourg, Member of the Executive Committee<\/span><\/cite><\/div><\/div><\/blockquote><\/div><\/div>\t\t\t\t<\/div>\n\t\t\t\t<\/div>\n\t\t\t\t\t\t<\/div>\r\n\t\t\t\t<\/div>\r\n\t\t\t\t\t\t\t\t<\/div>\r\n\t\t\t<\/section>\r\n\t\t\t\t\t<section class=\" elementor-section elementor-top-section elementor-element elementor-element-1531222 elementor-section-boxed elementor-section-height-default elementor-section-height-default\" data-id=\"1531222\" data-element_type=\"section\" data-e-type=\"section\">\r\n\t\t\t\t\t\t\t\t<div class=\"elementor-container elementor-column-gap-default\">\r\n\t\t\t\t\r\n\t\t\t\t\t\t\t\t<div class=\" elementor-column elementor-col-100 elementor-top-column elementor-element elementor-element-5e24751 \" data-id=\"5e24751\" data-element_type=\"column\" data-e-type=\"column\">\r\n\r\n\t\t\t\t\r\n\t\t\t\t<div class=\"elementor-widget-wrap elementor-element-populated\">\r\n\t\t\t\t\t\t\t\t\t\t\r\n\t\t\t\t\t\t<div class=\"elementor-element elementor-element-318649e elementor-widget elementor-widget-text-editor\" data-id=\"318649e\" data-element_type=\"widget\" data-e-type=\"widget\" data-widget_type=\"text-editor.default\">\n\t\t\t\t<div class=\"elementor-widget-container\">\n\t\t\t\t\t\t\t\t\t<h5 style=\"font-weight: 400;\"><strong>Alex, usted comenz\u00f3 a trabajar en Luxemburgo hace mucho tiempo. \u00bfHa notado alguna diferencia en c\u00f3mo los gestores de activos espa\u00f1oles se relacionan ahora con Adepa y Luxemburgo en comparaci\u00f3n con aquella \u00e9poca?<\/strong><\/h5>\n<p style=\"font-weight: 400;\"><span style=\"color: #3366ff;\"><strong>Alex<\/strong><\/span>: Absolutamente. Cuando llegu\u00e9 en 2009, nuestro papel con los clientes espa\u00f1oles era principalmente <strong>pedag\u00f3gico<\/strong>, transmitiendo nuestros conocimientos y promoviendo las ventajas del marco normativo luxemburgu\u00e9s para los veh\u00edculos de inversi\u00f3n. <strong>Hoy en d\u00eda, los gestores de activos espa\u00f1oles conocen mucho mejor la normativa de aqu\u00ed, y nuestras conversaciones son m\u00e1s t\u00e9cnicas.<\/strong><\/p>\n<p style=\"font-weight: 400;\">Al principio, algunos gestores de activos estaban muy interesados en establecer sus propias operaciones en Luxemburgo. Sin embargo, pronto se dieron cuenta de que <strong>las exigencias normativas hac\u00edan que la externalizaci\u00f3n de actividades no esenciales fuera esencial para centrarse en su negocio principal y aumentar la eficiencia.<\/strong><\/p>\n<p style=\"font-weight: 400;\">Hoy en d\u00eda, muchas gestoras espa\u00f1olas tienen experiencia gestionando fondos en Luxemburgo y trabajando con proveedores externos. Estos gestores experimentados valoran especialmente el esp\u00edritu emprendedor y empresarial de Adepa, su s\u00f3lida experiencia y la alta calidad de sus servicios, incluso m\u00e1s que nuestra procedencia cultural espa\u00f1ola compartida.<\/p>\n\t\t\t\t\t\t\t\t<\/div>\n\t\t\t\t<\/div>\n\t\t\t\t\t\t<\/div>\r\n\t\t\t\t<\/div>\r\n\t\t\t\t\t\t\t\t<\/div>\r\n\t\t\t<\/section>\r\n\t\t\t\t\t<section class=\" elementor-section elementor-top-section elementor-element elementor-element-1ed14d2 elementor-section-boxed elementor-section-height-default elementor-section-height-default\" data-id=\"1ed14d2\" data-element_type=\"section\" data-e-type=\"section\">\r\n\t\t\t\t\t\t\t\t<div class=\"elementor-container elementor-column-gap-default\">\r\n\t\t\t\t\r\n\t\t\t\t\t\t\t\t<div class=\" elementor-column elementor-col-100 elementor-top-column elementor-element elementor-element-574410f \" data-id=\"574410f\" data-element_type=\"column\" data-e-type=\"column\">\r\n\r\n\t\t\t\t\r\n\t\t\t\t<div class=\"elementor-widget-wrap elementor-element-populated\">\r\n\t\t\t\t\t\t\t\t\t\t\r\n\t\t\t\t\t\t<div class=\"elementor-element elementor-element-0424f61 elementor-widget elementor-widget-text-editor\" data-id=\"0424f61\" data-element_type=\"widget\" data-e-type=\"widget\" data-widget_type=\"text-editor.default\">\n\t\t\t\t<div class=\"elementor-widget-container\">\n\t\t\t\t\t\t\t\t\t<h5 style=\"font-weight: 400;\"><strong>Hoy est\u00e1 de vuelta en Espa\u00f1a, representando a Adepa como Country Head. \u00bfC\u00f3mo est\u00e1 evolucionando la relaci\u00f3n entre Espa\u00f1a y Luxemburgo en los mercados financieros, y c\u00f3mo se relaciona Adepa con ella?<\/strong><\/h5>\n<p style=\"font-weight: 400;\"><span style=\"color: #3366ff;\"><strong>Alex<\/strong><\/span>: Adepa atiende cada vez m\u00e1s a los mismos clientes en ambas jurisdicciones. Nos diferenciamos por apoyar a nuestros clientes en varias jurisdicciones, <strong>actuando como un socio de confianza<\/strong> y ofreciendo un sofisticado paquete de soluciones en paralelo a nuestros principales servicios. <strong>Nuestra misi\u00f3n es apoyar a los clientes de forma integral<\/strong>, permiti\u00e9ndoles centrarse en su trabajo intelectual y en sus decisiones de inversi\u00f3n mientras nosotros nos encargamos del resto.<\/p>\n<p style=\"font-weight: 400;\">Mantenemos conexiones operativas entre pa\u00edses, con gestores de cuentas de clientes y equipos operativos en Espa\u00f1a que apoyan a los clientes tanto localmente como en Luxemburgo. Este enfoque genera sinergias al tiempo que preserva un enfoque local, proporcionando un<strong> robusto<\/strong> <strong>modelo de servicio caracterizado por el esp\u00edritu emprendedor, la flexibilidad y un trato personal.<\/strong><\/p>\n\t\t\t\t\t\t\t\t<\/div>\n\t\t\t\t<\/div>\n\t\t\t\t\t\t<\/div>\r\n\t\t\t\t<\/div>\r\n\t\t\t\t\t\t\t\t<\/div>\r\n\t\t\t<\/section>\r\n\t\t\t\t\t<section class=\" elementor-section elementor-top-section elementor-element elementor-element-054411c elementor-section-boxed elementor-section-height-default elementor-section-height-default\" data-id=\"054411c\" data-element_type=\"section\" data-e-type=\"section\">\r\n\t\t\t\t\t\t\t\t<div class=\"elementor-container elementor-column-gap-default\">\r\n\t\t\t\t\r\n\t\t\t\t\t\t\t\t<div class=\" elementor-column elementor-col-50 elementor-top-column elementor-element elementor-element-a5dce9c \" data-id=\"a5dce9c\" data-element_type=\"column\" data-e-type=\"column\">\r\n\r\n\t\t\t\t\r\n\t\t\t\t<div class=\"elementor-widget-wrap elementor-element-populated\">\r\n\t\t\t\t\t\t\t\t\t\t\r\n\t\t\t\t\t\t<div class=\"elementor-element elementor-element-77513f0 elementor-widget elementor-widget-udesign_widget_testimonial_group\" data-id=\"77513f0\" data-element_type=\"widget\" data-e-type=\"widget\" data-widget_type=\"udesign_widget_testimonial_group.default\">\n\t\t\t\t<div class=\"elementor-widget-container\">\n\t\t\t\t\t<div class=\"testimonial-group  row cols-lg-1 cols-md-1 cols-sm-1 cols-1\"><div class=\"widget-testimonial-wrap\"><blockquote class=\"testimonial testimonial-boxed testimonial-aside testimonial-bordered center\" data-rating=\"5\"><div class=\"content\"><p class=\"comment\">\"Nos diferenciamos por apoyar a nuestros clientes en varias jurisdicciones, actuando como un socio de confianza y ofreciendo un sofisticado paquete de soluciones en paralelo a nuestros principales servicios.\"<\/p><\/div><div class=\"commentor\"><div class=\"avatar img-avatar\"><img decoding=\"async\" width=\"150\" height=\"150\" src=\"https:\/\/sff-camara.com\/wp-content\/uploads\/2024\/05\/Alex-Bardaji-150x150.jpg\" class=\"attachment-thumbnail size-thumbnail wp-image-13862\" alt=\"\" \/><\/div><div class=\"commentor-info\"><cite><span class=\"name\">Alex Bardaji<\/span><span class=\"role\">Country Head Spain<\/span><\/cite><\/div><\/div><\/blockquote><\/div><\/div>\t\t\t\t<\/div>\n\t\t\t\t<\/div>\n\t\t\t\t\t\t<\/div>\r\n\t\t\t\t<\/div>\r\n\t\t\t\t\t\t\t\t\t<div class=\" elementor-column elementor-col-50 elementor-top-column elementor-element elementor-element-f3bf36f \" data-id=\"f3bf36f\" data-element_type=\"column\" data-e-type=\"column\">\r\n\r\n\t\t\t\t\r\n\t\t\t\t<div class=\"elementor-widget-wrap elementor-element-populated\">\r\n\t\t\t\t\t\t\t\t\t\t\r\n\t\t\t\t\t\t<div class=\"elementor-element elementor-element-f686860 elementor-widget elementor-widget-image\" data-id=\"f686860\" data-element_type=\"widget\" data-e-type=\"widget\" data-widget_type=\"image.default\">\n\t\t\t\t<div class=\"elementor-widget-container\">\n\t\t\t\t\t\t\t\t\t\t\t\t\t\t\t<img fetchpriority=\"high\" decoding=\"async\" width=\"1024\" height=\"394\" src=\"https:\/\/sff-camara.com\/wp-content\/uploads\/2024\/05\/ADEPA-Edificio-1024x394.jpeg\" class=\"attachment-large size-large wp-image-13793\" alt=\"\" srcset=\"https:\/\/sff-camara.com\/wp-content\/uploads\/2024\/05\/ADEPA-Edificio-1024x394.jpeg 1024w, https:\/\/sff-camara.com\/wp-content\/uploads\/2024\/05\/ADEPA-Edificio-768x295.jpeg 768w\" sizes=\"(max-width: 1024px) 100vw, 1024px\" \/>\t\t\t\t\t\t\t\t\t\t\t\t\t\t\t<\/div>\n\t\t\t\t<\/div>\n\t\t\t\t\t\t<\/div>\r\n\t\t\t\t<\/div>\r\n\t\t\t\t\t\t\t\t<\/div>\r\n\t\t\t<\/section>\r\n\t\t\t\t\t<section class=\" elementor-section elementor-top-section elementor-element elementor-element-6b90530 elementor-section-boxed elementor-section-height-default elementor-section-height-default\" data-id=\"6b90530\" data-element_type=\"section\" data-e-type=\"section\">\r\n\t\t\t\t\t\t\t\t<div class=\"elementor-container elementor-column-gap-default\">\r\n\t\t\t\t\r\n\t\t\t\t\t\t\t\t<div class=\" elementor-column elementor-col-100 elementor-top-column elementor-element elementor-element-f6396d4 \" data-id=\"f6396d4\" data-element_type=\"column\" data-e-type=\"column\">\r\n\r\n\t\t\t\t\r\n\t\t\t\t<div class=\"elementor-widget-wrap elementor-element-populated\">\r\n\t\t\t\t\t\t\t\t\t\t\r\n\t\t\t\t\t\t<div class=\"elementor-element elementor-element-09070fb elementor-widget elementor-widget-text-editor\" data-id=\"09070fb\" data-element_type=\"widget\" data-e-type=\"widget\" data-widget_type=\"text-editor.default\">\n\t\t\t\t<div class=\"elementor-widget-container\">\n\t\t\t\t\t\t\t\t\t<h5 style=\"font-weight: 400;\"><strong>Sergio, LATAM es un mercado clave para la \u00abEstrategia Dual\u00bb de Adepa. \u00bfPuede describir su enfoque en este mercado y los principales retos a los que se enfrentan los gestores de activos de LATAM cuando buscan en Luxemburgo veh\u00edculos de inversi\u00f3n europeos?<\/strong><\/h5>\n<p style=\"font-weight: 400;\"><span style=\"color: #3366ff;\"><strong>Sergio<\/strong><\/span>: <strong>LATAM ha sido crucial en nuestra estrategia de expansi\u00f3n global<\/strong>. Establecimos una presencia en <strong>Santiago de Chile<\/strong> hace m\u00e1s de seis a\u00f1os y nos expandimos a\u00fan m\u00e1s mediante la adquisici\u00f3n de una importante administradora de fondos local. Esto nos permiti\u00f3 dar servicio a fondos locales no s\u00f3lo en Chile, sino tambi\u00e9n en otros pa\u00edses de LATAM.<\/p>\n<p style=\"font-weight: 400;\">Naturalmente, en l\u00ednea con nuestra misi\u00f3n, <strong>tambi\u00e9n estamos apoyando a los clientes en la expansi\u00f3n de sus negocios en Luxemburgo<\/strong>. Nos dimos cuenta de que los clientes de LATAM, al igual que nuestros clientes espa\u00f1oles, se enfrentan a importantes retos a la hora de crear fondos de inversi\u00f3n en una jurisdicci\u00f3n extranjera como Luxemburgo.<\/p>\n<p style=\"font-weight: 400;\">Elegir el veh\u00edculo de inversi\u00f3n adecuado en una jurisdicci\u00f3n con numerosas alternativas requiere un profundo conocimiento de diversos factores, como las preferencias de los inversores, las pol\u00edticas de inversi\u00f3n y las estrategias de marketing. <strong>El hecho de compartir idioma, cultura y un enfoque centrado en el cliente nos ayuda a guiar a nuestros socios espa\u00f1oles y de LATAM a trav\u00e9s de este complejo proceso.<\/strong><\/p>\n\t\t\t\t\t\t\t\t<\/div>\n\t\t\t\t<\/div>\n\t\t\t\t\t\t<\/div>\r\n\t\t\t\t<\/div>\r\n\t\t\t\t\t\t\t\t<\/div>\r\n\t\t\t<\/section>\r\n\t\t\t\t\t<section class=\" elementor-section elementor-top-section elementor-element elementor-element-76f7f43 elementor-section-boxed elementor-section-height-default elementor-section-height-default\" data-id=\"76f7f43\" data-element_type=\"section\" data-e-type=\"section\">\r\n\t\t\t\t\t\t\t\t<div class=\"elementor-container elementor-column-gap-default\">\r\n\t\t\t\t\r\n\t\t\t\t\t\t\t\t<div class=\" elementor-column elementor-col-66 elementor-top-column elementor-element elementor-element-7cd4d6a \" data-id=\"7cd4d6a\" data-element_type=\"column\" data-e-type=\"column\">\r\n\r\n\t\t\t\t\r\n\t\t\t\t<div class=\"elementor-widget-wrap elementor-element-populated\">\r\n\t\t\t\t\t\t\t\t\t\t\r\n\t\t\t\t\t\t<div class=\"elementor-element elementor-element-f7c2544 elementor-widget elementor-widget-text-editor\" data-id=\"f7c2544\" data-element_type=\"widget\" data-e-type=\"widget\" data-widget_type=\"text-editor.default\">\n\t\t\t\t<div class=\"elementor-widget-container\">\n\t\t\t\t\t\t\t\t\t<h5 style=\"font-weight: 400;\"><strong>Lleg\u00f3 a Luxemburgo hace m\u00e1s de seis a\u00f1os. \u00bfPuede describir su experiencia y los cambios que ha visto en relaci\u00f3n con la comunidad hispanohablante y la actividad empresarial en Luxemburgo?<\/strong><\/h5>\n<p style=\"font-weight: 400;\"><span style=\"color: #3366ff;\"><strong>Sergio<\/strong><\/span>: Si algo puedo decir es \u00bbel tiempo vuela\u00bb, y creo que hablo en nombre de muchos otros expatriados espa\u00f1oles despu\u00e9s de unos a\u00f1os en un ambiente tan diverso e internacional. Me incorpor\u00e9 a Adepa en Luxemburgo a principios de 2018, viniendo de un entorno financiero diferente en Madrid. <strong>El proyecto de Adepa en Luxemburgo, con su perspectiva internacional y a la vez una fuerte orientaci\u00f3n hacia nuestro pa\u00eds de origen, encajaba perfectamente conmigo.<\/strong><\/p>\n<p style=\"font-weight: 400;\">Con el paso de los a\u00f1os, la presencia de la comunidad espa\u00f1ola en Luxemburgo no ha dejado de crecer. Incluso el p\u00e1del se ha puesto de moda en el pa\u00eds. Los esfuerzos de instituciones como la C\u00e1mara de Comercio de Espa\u00f1a y ALFI para aumentar la concienciaci\u00f3n han sido notables, con eventos organizados no s\u00f3lo en Luxemburgo, sino tambi\u00e9n en Espa\u00f1a y LATAM. Apoyando estos eventos y aprovechando nuestras d\u00e9cadas de experiencia en las tres jurisdicciones, <strong>Adepa se ha convertido en una referencia en la industria de servicios de fondos de inversi\u00f3n.<\/strong> En consecuencia, vemos c\u00f3mo se ampl\u00eda nuestra comunidad espa\u00f1ola y de LATAM.<\/p>\n\t\t\t\t\t\t\t\t<\/div>\n\t\t\t\t<\/div>\n\t\t\t\t\t\t<\/div>\r\n\t\t\t\t<\/div>\r\n\t\t\t\t\t\t\t\t\t<div class=\" elementor-column elementor-col-33 elementor-top-column elementor-element elementor-element-d2af040 \" data-id=\"d2af040\" data-element_type=\"column\" data-e-type=\"column\">\r\n\r\n\t\t\t\t\r\n\t\t\t\t<div class=\"elementor-widget-wrap elementor-element-populated\">\r\n\t\t\t\t\t\t\t\t\t\t\r\n\t\t\t\t\t\t<div class=\"elementor-element elementor-element-8bf3513 elementor-widget elementor-widget-udesign_widget_testimonial_group\" data-id=\"8bf3513\" data-element_type=\"widget\" data-e-type=\"widget\" data-widget_type=\"udesign_widget_testimonial_group.default\">\n\t\t\t\t<div class=\"elementor-widget-container\">\n\t\t\t\t\t<div class=\"testimonial-group  row cols-lg-1 cols-md-1 cols-sm-1 cols-1\"><div class=\"widget-testimonial-wrap\"><blockquote class=\"testimonial testimonial-boxed testimonial-aside testimonial-bordered left\" data-rating=\"5\"><div class=\"content\"><p class=\"comment\">\"Elegir el veh\u00edculo de inversi\u00f3n adecuado en una jurisdicci\u00f3n con numerosas alternativas requiere un profundo conocimiento de diversos factores, como las preferencias de los inversores, las pol\u00edticas de inversi\u00f3n y las estrategias de marketing.\"<\/p><\/div><div class=\"commentor\"><div class=\"avatar img-avatar\"><img loading=\"lazy\" decoding=\"async\" width=\"150\" height=\"150\" src=\"https:\/\/sff-camara.com\/wp-content\/uploads\/2024\/05\/Sergio-Romero-150x150.jpg\" class=\"attachment-thumbnail size-thumbnail wp-image-13866\" alt=\"\" \/><\/div><div class=\"commentor-info\"><cite><span class=\"name\">Sergio Romero<\/span><span class=\"role\">Business Development Senior Manager<\/span><\/cite><\/div><\/div><\/blockquote><\/div><\/div>\t\t\t\t<\/div>\n\t\t\t\t<\/div>\n\t\t\t\t\t\t<\/div>\r\n\t\t\t\t<\/div>\r\n\t\t\t\t\t\t\t\t<\/div>\r\n\t\t\t<\/section>\r\n\t\t\t\t\t<section class=\" elementor-section elementor-top-section elementor-element elementor-element-6e0d5c3 elementor-section-boxed elementor-section-height-default elementor-section-height-default\" data-id=\"6e0d5c3\" data-element_type=\"section\" data-e-type=\"section\">\r\n\t\t\t\t\t\t\t\t<div class=\"elementor-container elementor-column-gap-default\">\r\n\t\t\t\t\r\n\t\t\t\t\t\t\t\t<div class=\" elementor-column elementor-col-100 elementor-top-column elementor-element elementor-element-4bca657 \" data-id=\"4bca657\" data-element_type=\"column\" data-e-type=\"column\">\r\n\r\n\t\t\t\t\r\n\t\t\t\t<div class=\"elementor-widget-wrap elementor-element-populated\">\r\n\t\t\t\t\t\t\t\t\t\t\r\n\t\t\t\t\t\t<div class=\"elementor-element elementor-element-36c50b6 elementor-widget-divider--view-line elementor-widget elementor-widget-divider\" data-id=\"36c50b6\" data-element_type=\"widget\" data-e-type=\"widget\" data-widget_type=\"divider.default\">\n\t\t\t\t<div class=\"elementor-widget-container\">\n\t\t\t\t\t\t\t<div class=\"elementor-divider\">\n\t\t\t<span class=\"elementor-divider-separator\">\n\t\t\t\t\t\t<\/span>\n\t\t<\/div>\n\t\t\t\t\t\t<\/div>\n\t\t\t\t<\/div>\n\t\t\t\t<div class=\"elementor-element elementor-element-e90bfd4 elementor-widget elementor-widget-text-editor\" data-id=\"e90bfd4\" data-element_type=\"widget\" data-e-type=\"widget\" data-widget_type=\"text-editor.default\">\n\t\t\t\t<div class=\"elementor-widget-container\">\n\t\t\t\t\t\t\t\t\t<p style=\"font-weight: 400;\">Adepa tiene el firme compromiso de tender puentes entre los mercados financieros mundiales prestando servicios integrales y especializados, y fomentando s\u00f3lidas relaciones internacionales. Los clientes espa\u00f1oles y de LATAM tienen un significado particular para Adepa, reflejando su presencia hist\u00f3rica y su trasfondo cultural compartido. El equipo de Adepa se dedica a apoyar globalmente a los gestores de activos en sus proyectos de negocio, asegurando que puedan concentrarse en su actividad principal.<\/p>\n<p style=\"font-weight: 400;\">Nuestro leitmotiv es \u00ab<em><strong>You carry out the intellectual work and make the investment decision; we take care of the rest<\/strong><\/em>\u00ab.<\/p>\n\t\t\t\t\t\t\t\t<\/div>\n\t\t\t\t<\/div>\n\t\t\t\t\t\t<\/div>\r\n\t\t\t\t<\/div>\r\n\t\t\t\t\t\t\t\t<\/div>\r\n\t\t\t<\/section>\r\n\t\t\t\t\t<section class=\" elementor-section elementor-top-section elementor-element elementor-element-5ebeebf7 elementor-section-boxed elementor-section-height-default elementor-section-height-default\" data-id=\"5ebeebf7\" data-element_type=\"section\" data-e-type=\"section\">\r\n\t\t\t\t\t\t\t\t<div class=\"elementor-container elementor-column-gap-default\">\r\n\t\t\t\t\r\n\t\t\t\t\t\t\t\t<div class=\" elementor-column elementor-col-100 elementor-top-column elementor-element elementor-element-7e2df2c4 \" data-id=\"7e2df2c4\" data-element_type=\"column\" data-e-type=\"column\">\r\n\r\n\t\t\t\t\r\n\t\t\t\t<div class=\"elementor-widget-wrap elementor-element-populated\">\r\n\t\t\t\t\t\t\t\t\t\t\r\n\t\t\t\t\t\t<div class=\"elementor-element elementor-element-75bd40ac elementor-widget elementor-widget-spacer\" data-id=\"75bd40ac\" data-element_type=\"widget\" data-e-type=\"widget\" data-widget_type=\"spacer.default\">\n\t\t\t\t<div class=\"elementor-widget-container\">\n\t\t\t\t\t\t\t<div class=\"elementor-spacer\">\n\t\t\t<div class=\"elementor-spacer-inner\"><\/div>\n\t\t<\/div>\n\t\t\t\t\t\t<\/div>\n\t\t\t\t<\/div>\n\t\t\t\t<div class=\"elementor-element elementor-element-7ba6f86d elementor-widget elementor-widget-heading\" data-id=\"7ba6f86d\" data-element_type=\"widget\" data-e-type=\"widget\" data-widget_type=\"heading.default\">\n\t\t\t\t<div class=\"elementor-widget-container\">\n\t\t\t\t\t<h3 class=\"elementor-heading-title elementor-size-default\">Autores<\/h3>\t\t\t\t<\/div>\n\t\t\t\t<\/div>\n\t\t\t\t\t\t<\/div>\r\n\t\t\t\t<\/div>\r\n\t\t\t\t\t\t\t\t<\/div>\r\n\t\t\t<\/section>\r\n\t\t\t\t\t<section class=\" elementor-section elementor-top-section elementor-element elementor-element-5d40e061 elementor-section-boxed elementor-section-height-default elementor-section-height-default\" data-id=\"5d40e061\" data-element_type=\"section\" data-e-type=\"section\">\r\n\t\t\t\t\t\t\t\t<div class=\"elementor-container elementor-column-gap-default\">\r\n\t\t\t\t\r\n\t\t\t\t\t\t\t\t<div class=\" elementor-column elementor-col-33 elementor-top-column elementor-element elementor-element-11dca03c \" data-id=\"11dca03c\" data-element_type=\"column\" data-e-type=\"column\">\r\n\r\n\t\t\t\t\r\n\t\t\t\t<div class=\"elementor-widget-wrap elementor-element-populated\">\r\n\t\t\t\t\t\t\t\t\t\t\r\n\t\t\t\t\t\t<div class=\"elementor-element elementor-element-34cde8d elementor-widget elementor-widget-image\" data-id=\"34cde8d\" data-element_type=\"widget\" data-e-type=\"widget\" data-widget_type=\"image.default\">\n\t\t\t\t<div class=\"elementor-widget-container\">\n\t\t\t\t\t\t\t\t\t\t\t\t\t\t\t<img loading=\"lazy\" decoding=\"async\" width=\"683\" height=\"1024\" src=\"https:\/\/sff-camara.com\/wp-content\/uploads\/2024\/05\/Francisco-Garcia-Figueroa-683x1024.jpg\" class=\"attachment-large size-large wp-image-13865\" alt=\"\" \/>\t\t\t\t\t\t\t\t\t\t\t\t\t\t\t<\/div>\n\t\t\t\t<\/div>\n\t\t\t\t<div class=\"elementor-element elementor-element-eb74b89 elementor-widget elementor-widget-spacer\" data-id=\"eb74b89\" data-element_type=\"widget\" data-e-type=\"widget\" data-widget_type=\"spacer.default\">\n\t\t\t\t<div class=\"elementor-widget-container\">\n\t\t\t\t\t\t\t<div class=\"elementor-spacer\">\n\t\t\t<div class=\"elementor-spacer-inner\"><\/div>\n\t\t<\/div>\n\t\t\t\t\t\t<\/div>\n\t\t\t\t<\/div>\n\t\t\t\t<div class=\"elementor-element elementor-element-13f6f24 elementor-widget elementor-widget-heading\" data-id=\"13f6f24\" data-element_type=\"widget\" data-e-type=\"widget\" data-widget_type=\"heading.default\">\n\t\t\t\t<div class=\"elementor-widget-container\">\n\t\t\t\t\t<h4 class=\"elementor-heading-title elementor-size-default\">Francisco Garcia Figueroa<\/h4>\t\t\t\t<\/div>\n\t\t\t\t<\/div>\n\t\t\t\t<div class=\"elementor-element elementor-element-7222237 elementor-widget elementor-widget-spacer\" data-id=\"7222237\" data-element_type=\"widget\" data-e-type=\"widget\" data-widget_type=\"spacer.default\">\n\t\t\t\t<div class=\"elementor-widget-container\">\n\t\t\t\t\t\t\t<div class=\"elementor-spacer\">\n\t\t\t<div class=\"elementor-spacer-inner\"><\/div>\n\t\t<\/div>\n\t\t\t\t\t\t<\/div>\n\t\t\t\t<\/div>\n\t\t\t\t<div class=\"elementor-element elementor-element-81458cf elementor-widget elementor-widget-heading\" data-id=\"81458cf\" data-element_type=\"widget\" data-e-type=\"widget\" data-widget_type=\"heading.default\">\n\t\t\t\t<div class=\"elementor-widget-container\">\n\t\t\t\t\t<h6 class=\"elementor-heading-title elementor-size-default\">Country Head Luxembourg, Member of the Executive Committee<\/h6>\t\t\t\t<\/div>\n\t\t\t\t<\/div>\n\t\t\t\t<div class=\"elementor-element elementor-element-cf5d7a5 elementor-widget elementor-widget-heading\" data-id=\"cf5d7a5\" data-element_type=\"widget\" data-e-type=\"widget\" data-widget_type=\"heading.default\">\n\t\t\t\t<div class=\"elementor-widget-container\">\n\t\t\t\t\t<h6 class=\"elementor-heading-title elementor-size-default\">Adepa<\/h6>\t\t\t\t<\/div>\n\t\t\t\t<\/div>\n\t\t\t\t\t\t<\/div>\r\n\t\t\t\t<\/div>\r\n\t\t\t\t\t\t\t\t\t<div class=\" elementor-column elementor-col-33 elementor-top-column elementor-element elementor-element-b4c65d7 \" data-id=\"b4c65d7\" data-element_type=\"column\" data-e-type=\"column\">\r\n\r\n\t\t\t\t\r\n\t\t\t\t<div class=\"elementor-widget-wrap elementor-element-populated\">\r\n\t\t\t\t\t\t\t\t\t\t\r\n\t\t\t\t\t\t<div class=\"elementor-element elementor-element-5365a5a elementor-widget elementor-widget-image\" data-id=\"5365a5a\" data-element_type=\"widget\" data-e-type=\"widget\" data-widget_type=\"image.default\">\n\t\t\t\t<div class=\"elementor-widget-container\">\n\t\t\t\t\t\t\t\t\t\t\t\t\t\t\t<img loading=\"lazy\" decoding=\"async\" width=\"1530\" height=\"1440\" src=\"https:\/\/sff-camara.com\/wp-content\/uploads\/2024\/06\/20200930_153434.jpg\" class=\"attachment-full size-full wp-image-14215\" alt=\"\" srcset=\"https:\/\/sff-camara.com\/wp-content\/uploads\/2024\/06\/20200930_153434.jpg 1530w, https:\/\/sff-camara.com\/wp-content\/uploads\/2024\/06\/20200930_153434-1024x964.jpg 1024w, https:\/\/sff-camara.com\/wp-content\/uploads\/2024\/06\/20200930_153434-768x723.jpg 768w\" sizes=\"(max-width: 1530px) 100vw, 1530px\" \/>\t\t\t\t\t\t\t\t\t\t\t\t\t\t\t<\/div>\n\t\t\t\t<\/div>\n\t\t\t\t<div class=\"elementor-element elementor-element-1d9b13e elementor-widget elementor-widget-spacer\" data-id=\"1d9b13e\" data-element_type=\"widget\" data-e-type=\"widget\" data-widget_type=\"spacer.default\">\n\t\t\t\t<div class=\"elementor-widget-container\">\n\t\t\t\t\t\t\t<div class=\"elementor-spacer\">\n\t\t\t<div class=\"elementor-spacer-inner\"><\/div>\n\t\t<\/div>\n\t\t\t\t\t\t<\/div>\n\t\t\t\t<\/div>\n\t\t\t\t<div class=\"elementor-element elementor-element-19ff807 elementor-widget elementor-widget-heading\" data-id=\"19ff807\" data-element_type=\"widget\" data-e-type=\"widget\" data-widget_type=\"heading.default\">\n\t\t\t\t<div class=\"elementor-widget-container\">\n\t\t\t\t\t<h4 class=\"elementor-heading-title elementor-size-default\">Alex Bardaji<\/h4>\t\t\t\t<\/div>\n\t\t\t\t<\/div>\n\t\t\t\t<div class=\"elementor-element elementor-element-01e962e elementor-widget elementor-widget-spacer\" data-id=\"01e962e\" data-element_type=\"widget\" data-e-type=\"widget\" data-widget_type=\"spacer.default\">\n\t\t\t\t<div class=\"elementor-widget-container\">\n\t\t\t\t\t\t\t<div class=\"elementor-spacer\">\n\t\t\t<div class=\"elementor-spacer-inner\"><\/div>\n\t\t<\/div>\n\t\t\t\t\t\t<\/div>\n\t\t\t\t<\/div>\n\t\t\t\t<div class=\"elementor-element elementor-element-dcba456 elementor-widget elementor-widget-heading\" data-id=\"dcba456\" data-element_type=\"widget\" data-e-type=\"widget\" data-widget_type=\"heading.default\">\n\t\t\t\t<div class=\"elementor-widget-container\">\n\t\t\t\t\t<h6 class=\"elementor-heading-title elementor-size-default\">Country Head Spain<\/h6>\t\t\t\t<\/div>\n\t\t\t\t<\/div>\n\t\t\t\t<div class=\"elementor-element elementor-element-4c722dd elementor-widget elementor-widget-heading\" data-id=\"4c722dd\" data-element_type=\"widget\" data-e-type=\"widget\" data-widget_type=\"heading.default\">\n\t\t\t\t<div class=\"elementor-widget-container\">\n\t\t\t\t\t<h6 class=\"elementor-heading-title elementor-size-default\">Adepa<\/h6>\t\t\t\t<\/div>\n\t\t\t\t<\/div>\n\t\t\t\t\t\t<\/div>\r\n\t\t\t\t<\/div>\r\n\t\t\t\t\t\t\t\t\t<div class=\" elementor-column elementor-col-33 elementor-top-column elementor-element elementor-element-4aa7816 \" data-id=\"4aa7816\" data-element_type=\"column\" data-e-type=\"column\">\r\n\r\n\t\t\t\t\r\n\t\t\t\t<div class=\"elementor-widget-wrap elementor-element-populated\">\r\n\t\t\t\t\t\t\t\t\t\t\r\n\t\t\t\t\t\t<div class=\"elementor-element elementor-element-09b5dd0 elementor-widget elementor-widget-spacer\" data-id=\"09b5dd0\" data-element_type=\"widget\" data-e-type=\"widget\" data-widget_type=\"spacer.default\">\n\t\t\t\t<div class=\"elementor-widget-container\">\n\t\t\t\t\t\t\t<div class=\"elementor-spacer\">\n\t\t\t<div class=\"elementor-spacer-inner\"><\/div>\n\t\t<\/div>\n\t\t\t\t\t\t<\/div>\n\t\t\t\t<\/div>\n\t\t\t\t<div class=\"elementor-element elementor-element-7bde154 elementor-widget elementor-widget-image\" data-id=\"7bde154\" data-element_type=\"widget\" data-e-type=\"widget\" data-widget_type=\"image.default\">\n\t\t\t\t<div class=\"elementor-widget-container\">\n\t\t\t\t\t\t\t\t\t\t\t\t\t\t\t<img loading=\"lazy\" decoding=\"async\" width=\"868\" height=\"1024\" src=\"https:\/\/sff-camara.com\/wp-content\/uploads\/2024\/05\/Sergio-Romero-868x1024.jpg\" class=\"attachment-large size-large wp-image-13867\" alt=\"\" srcset=\"https:\/\/sff-camara.com\/wp-content\/uploads\/2024\/05\/Sergio-Romero-868x1024.jpg 868w, https:\/\/sff-camara.com\/wp-content\/uploads\/2024\/05\/Sergio-Romero-768x907.jpg 768w\" sizes=\"(max-width: 868px) 100vw, 868px\" \/>\t\t\t\t\t\t\t\t\t\t\t\t\t\t\t<\/div>\n\t\t\t\t<\/div>\n\t\t\t\t<div class=\"elementor-element elementor-element-dd2ad97 elementor-widget elementor-widget-spacer\" data-id=\"dd2ad97\" data-element_type=\"widget\" data-e-type=\"widget\" data-widget_type=\"spacer.default\">\n\t\t\t\t<div class=\"elementor-widget-container\">\n\t\t\t\t\t\t\t<div class=\"elementor-spacer\">\n\t\t\t<div class=\"elementor-spacer-inner\"><\/div>\n\t\t<\/div>\n\t\t\t\t\t\t<\/div>\n\t\t\t\t<\/div>\n\t\t\t\t<div class=\"elementor-element elementor-element-77502da elementor-widget elementor-widget-heading\" data-id=\"77502da\" data-element_type=\"widget\" data-e-type=\"widget\" data-widget_type=\"heading.default\">\n\t\t\t\t<div class=\"elementor-widget-container\">\n\t\t\t\t\t<h4 class=\"elementor-heading-title elementor-size-default\">Sergio Romero<\/h4>\t\t\t\t<\/div>\n\t\t\t\t<\/div>\n\t\t\t\t<div class=\"elementor-element elementor-element-c828c0f elementor-widget elementor-widget-spacer\" data-id=\"c828c0f\" data-element_type=\"widget\" data-e-type=\"widget\" data-widget_type=\"spacer.default\">\n\t\t\t\t<div class=\"elementor-widget-container\">\n\t\t\t\t\t\t\t<div class=\"elementor-spacer\">\n\t\t\t<div class=\"elementor-spacer-inner\"><\/div>\n\t\t<\/div>\n\t\t\t\t\t\t<\/div>\n\t\t\t\t<\/div>\n\t\t\t\t<div class=\"elementor-element elementor-element-2a321f0 elementor-widget elementor-widget-heading\" data-id=\"2a321f0\" data-element_type=\"widget\" data-e-type=\"widget\" data-widget_type=\"heading.default\">\n\t\t\t\t<div class=\"elementor-widget-container\">\n\t\t\t\t\t<h6 class=\"elementor-heading-title elementor-size-default\">Business Development Senior Manager<\/h6>\t\t\t\t<\/div>\n\t\t\t\t<\/div>\n\t\t\t\t<div class=\"elementor-element elementor-element-8c0f9b2 elementor-widget elementor-widget-heading\" data-id=\"8c0f9b2\" data-element_type=\"widget\" data-e-type=\"widget\" data-widget_type=\"heading.default\">\n\t\t\t\t<div class=\"elementor-widget-container\">\n\t\t\t\t\t<h6 class=\"elementor-heading-title elementor-size-default\">Adepa<\/h6>\t\t\t\t<\/div>\n\t\t\t\t<\/div>\n\t\t\t\t\t\t<\/div>\r\n\t\t\t\t<\/div>\r\n\t\t\t\t\t\t\t\t<\/div>\r\n\t\t\t<\/section>\r\n\t\t\t\t\t<section class=\" elementor-section elementor-top-section elementor-element elementor-element-4d80d2c3 elementor-section-boxed elementor-section-height-default elementor-section-height-default\" data-id=\"4d80d2c3\" data-element_type=\"section\" data-e-type=\"section\">\r\n\t\t\t\t\t\t\t\t<div class=\"elementor-container elementor-column-gap-default\">\r\n\t\t\t\t\r\n\t\t\t\t\t\t\t\t<div class=\" elementor-column elementor-col-100 elementor-top-column elementor-element elementor-element-640e0eab \" data-id=\"640e0eab\" data-element_type=\"column\" data-e-type=\"column\">\r\n\r\n\t\t\t\t\r\n\t\t\t\t<div class=\"elementor-widget-wrap elementor-element-populated\">\r\n\t\t\t\t\t\t\t\t\t\t\r\n\t\t\t\t\t\t<div class=\"elementor-element elementor-element-4308942b elementor-widget elementor-widget-text-editor\" data-id=\"4308942b\" data-element_type=\"widget\" data-e-type=\"widget\" data-widget_type=\"text-editor.default\">\n\t\t\t\t<div class=\"elementor-widget-container\">\n\t\t\t\t\t\t\t\t\t<h5 style=\"text-align: left;\">Compartir esta publicaci\u00f3n<\/h5>\n\t\t\t\t\t\t\t\t<\/div>\n\t\t\t\t<\/div>\n\t\t\t\t<div class=\"elementor-element elementor-element-5f93b86d elementor-widget elementor-widget-udesign_widget_share\" data-id=\"5f93b86d\" data-element_type=\"widget\" data-e-type=\"widget\" data-widget_type=\"udesign_widget_share.default\">\n\t\t\t\t<div class=\"elementor-widget-container\">\n\t\t\t\t\t\r\n<div class=\"social-icons\">\r\n\t<a href=\"https:\/\/www.linkedin.com\/shareArticle?mini=true&#038;url=https:\/\/sff-camara.com\/es\/sff-magazine-junio-2024\/meet-the-team-adepa\/&#038;title=MEET+THE+TEAM+%26%238211%3B+Adepa\" class=\"social-icon framed social-linkedin\" target=\"_blank\" title=\"linkedin\" rel=\"noopener noreferrer\" aria-label=\"Social Icon\"><i class=\"a-icon-linkedin-in\"><\/i><\/a><a href=\"\" class=\"social-icon framed social-whatsapp\" target=\"_blank\" title=\"whatsapp\" rel=\"noopener noreferrer\" aria-label=\"Social Icon\"><i class=\"a-icon-whatsapp\"><\/i><\/a><a href=\"mailto:?subject=MEET+THE+TEAM+%26%238211%3B+Adepa&#038;body=https:\/\/sff-camara.com\/es\/sff-magazine-junio-2024\/meet-the-team-adepa\/\" class=\"social-icon framed social-email\" target=\"_blank\" title=\"email\" rel=\"noopener noreferrer\" aria-label=\"Social Icon\"><i class=\"a-icon-envelop5\"><\/i><\/a><a href=\"https:\/\/twitter.com\/intent\/tweet?text=MEET+THE+TEAM+%26%238211%3B+Adepa&#038;url=https:\/\/sff-camara.com\/es\/sff-magazine-junio-2024\/meet-the-team-adepa\/\" class=\"social-icon framed social-twitter\" target=\"_blank\" title=\"x\" rel=\"noopener noreferrer\" aria-label=\"Social Icon\"><i class=\"a-icon-twitter\"><\/i><\/a><a href=\"https:\/\/www.facebook.com\/sharer.php?u=https:\/\/sff-camara.com\/es\/sff-magazine-junio-2024\/meet-the-team-adepa\/\" class=\"social-icon framed social-facebook\" target=\"_blank\" title=\"facebook\" rel=\"noopener noreferrer\" aria-label=\"Social Icon\"><i class=\"a-icon-facebook\"><\/i><\/a><a href=\"https:\/\/plus.google.com\/share?url=https:\/\/sff-camara.com\/es\/sff-magazine-junio-2024\/meet-the-team-adepa\/\" class=\"social-icon framed social-google\" target=\"_blank\" title=\"google\" rel=\"noopener noreferrer\" aria-label=\"Social Icon\"><i class=\"a-icon-google\"><\/i><\/a><a href=\"#\" class=\"social-icon framed social-instagram\" target=\"_blank\" title=\"instagram\" rel=\"noopener noreferrer\" aria-label=\"Social Icon\"><i class=\"a-icon-instagram\"><\/i><\/a><\/div>\r\n\r\n\t\t\t\t<\/div>\n\t\t\t\t<\/div>\n\t\t\t\t\t\t<\/div>\r\n\t\t\t\t<\/div>\r\n\t\t\t\t\t\t\t\t<\/div>\r\n\t\t\t<\/section>\r\n\t\t\t\t\t<section class=\" elementor-section elementor-top-section elementor-element elementor-element-1a7dbdb3 elementor-section-boxed elementor-section-height-default elementor-section-height-default\" data-id=\"1a7dbdb3\" data-element_type=\"section\" data-e-type=\"section\">\r\n\t\t\t\t\t\t\t\t<div class=\"elementor-container elementor-column-gap-default\">\r\n\t\t\t\t\r\n\t\t\t\t\t\t\t\t<div class=\" elementor-column elementor-col-100 elementor-top-column elementor-element elementor-element-12009049 \" data-id=\"12009049\" data-element_type=\"column\" data-e-type=\"column\">\r\n\r\n\t\t\t\t\r\n\t\t\t\t<div class=\"elementor-widget-wrap elementor-element-populated\">\r\n\t\t\t\t\t\t\t\t\t\t\r\n\t\t\t\t\t\t<div class=\"elementor-element elementor-element-5049afac elementor-widget-divider--view-line elementor-widget elementor-widget-divider\" data-id=\"5049afac\" data-element_type=\"widget\" data-e-type=\"widget\" data-widget_type=\"divider.default\">\n\t\t\t\t<div class=\"elementor-widget-container\">\n\t\t\t\t\t\t\t<div class=\"elementor-divider\">\n\t\t\t<span class=\"elementor-divider-separator\">\n\t\t\t\t\t\t<\/span>\n\t\t<\/div>\n\t\t\t\t\t\t<\/div>\n\t\t\t\t<\/div>\n\t\t\t\t<section class=\" elementor-section elementor-inner-section elementor-element elementor-element-26e2d7c0 elementor-section-boxed elementor-section-height-default elementor-section-height-default\" data-id=\"26e2d7c0\" data-element_type=\"section\" data-e-type=\"section\">\r\n\t\t\t\t\t\t\t\t<div class=\"elementor-container elementor-column-gap-default\">\r\n\t\t\t\t\r\n\t\t\t\t\t\t\t\t<div class=\" elementor-column elementor-col-50 elementor-inner-column elementor-element elementor-element-2b9db789 \" data-id=\"2b9db789\" data-element_type=\"column\" data-e-type=\"column\">\r\n\r\n\t\t\t\t\r\n\t\t\t\t<div class=\"elementor-widget-wrap elementor-element-populated\">\r\n\t\t\t\t\t\t\t\t\t\t\r\n\t\t\t\t\t\t<div class=\"elementor-element elementor-element-48b70216 elementor-widget elementor-widget-wp-widget-tag_cloud\" data-id=\"48b70216\" data-element_type=\"widget\" data-e-type=\"widget\" data-widget_type=\"wp-widget-tag_cloud.default\">\n\t\t\t\t<div class=\"elementor-widget-container\">\n\t\t\t\t\t<div class=\"widget widget_tag_cloud widget-collapsible\"><h3 class=\"widget-title\">Buscar publicaciones por tem\u00e1ticas<\/h3><div class=\"tagcloud\"><a href=\"https:\/\/sff-camara.com\/es\/temticas\/activos-digitales\/\" class=\"tag-cloud-link tag-link-302 tag-link-position-1\" style=\"font-size: 11.559322033898pt;\" aria-label=\"Activos Digitales (3 elementos)\">Activos Digitales<span class=\"tag-link-count\"> (3)<\/span><\/a>\n<a href=\"https:\/\/sff-camara.com\/es\/temticas\/alternative-investment-es\/\" class=\"tag-cloud-link tag-link-291 tag-link-position-2\" style=\"font-size: 21.050847457627pt;\" aria-label=\"Alternative Investment (24 elementos)\">Alternative Investment<span class=\"tag-link-count\"> (24)<\/span><\/a>\n<a href=\"https:\/\/sff-camara.com\/es\/temticas\/aml-es\/\" class=\"tag-cloud-link tag-link-266 tag-link-position-3\" style=\"font-size: 8pt;\" aria-label=\"AML (1 elemento)\">AML<span class=\"tag-link-count\"> (1)<\/span><\/a>\n<a href=\"https:\/\/sff-camara.com\/es\/temticas\/arte\/\" class=\"tag-cloud-link tag-link-247 tag-link-position-4\" style=\"font-size: 8pt;\" aria-label=\"Arte (1 elemento)\">Arte<span class=\"tag-link-count\"> (1)<\/span><\/a>\n<a href=\"https:\/\/sff-camara.com\/es\/temticas\/asesoramiento\/\" class=\"tag-cloud-link tag-link-211 tag-link-position-5\" style=\"font-size: 15.118644067797pt;\" aria-label=\"Asesoramiento (7 elementos)\">Asesoramiento<span class=\"tag-link-count\"> (7)<\/span><\/a>\n<a href=\"https:\/\/sff-camara.com\/es\/temticas\/asset-management-es\/\" class=\"tag-cloud-link tag-link-213 tag-link-position-6\" style=\"font-size: 22pt;\" aria-label=\"Asset Management (29 elementos)\">Asset Management<span class=\"tag-link-count\"> (29)<\/span><\/a>\n<a href=\"https:\/\/sff-camara.com\/es\/temticas\/banca-digital\/\" class=\"tag-cloud-link tag-link-164 tag-link-position-7\" style=\"font-size: 15.118644067797pt;\" aria-label=\"Banca Digital (7 elementos)\">Banca Digital<span class=\"tag-link-count\"> (7)<\/span><\/a>\n<a href=\"https:\/\/sff-camara.com\/es\/temticas\/banking-es\/\" class=\"tag-cloud-link tag-link-161 tag-link-position-8\" style=\"font-size: 19.389830508475pt;\" aria-label=\"Banking (17 elementos)\">Banking<span class=\"tag-link-count\"> (17)<\/span><\/a>\n<a href=\"https:\/\/sff-camara.com\/es\/temticas\/capital-riesgo\/\" class=\"tag-cloud-link tag-link-170 tag-link-position-9\" style=\"font-size: 12.745762711864pt;\" aria-label=\"Capital Riesgo (4 elementos)\">Capital Riesgo<span class=\"tag-link-count\"> (4)<\/span><\/a>\n<a href=\"https:\/\/sff-camara.com\/es\/temticas\/compliance-es\/\" class=\"tag-cloud-link tag-link-264 tag-link-position-10\" style=\"font-size: 8pt;\" aria-label=\"Compliance (1 elemento)\">Compliance<span class=\"tag-link-count\"> (1)<\/span><\/a>\n<a href=\"https:\/\/sff-camara.com\/es\/temticas\/consejero-independiente\/\" class=\"tag-cloud-link tag-link-290 tag-link-position-11\" style=\"font-size: 14.525423728814pt;\" aria-label=\"Consejero Independiente (6 elementos)\">Consejero Independiente<span class=\"tag-link-count\"> (6)<\/span><\/a>\n<a href=\"https:\/\/sff-camara.com\/es\/temticas\/criptoactivos\/\" class=\"tag-cloud-link tag-link-175 tag-link-position-12\" style=\"font-size: 11.559322033898pt;\" aria-label=\"Criptoactivos (3 elementos)\">Criptoactivos<span class=\"tag-link-count\"> (3)<\/span><\/a>\n<a href=\"https:\/\/sff-camara.com\/es\/temticas\/distribucion-de-fondos\/\" class=\"tag-cloud-link tag-link-173 tag-link-position-13\" style=\"font-size: 20.576271186441pt;\" aria-label=\"Distribuci\u00f3n de fondos (22 elementos)\">Distribuci\u00f3n de fondos<span class=\"tag-link-count\"> (22)<\/span><\/a>\n<a href=\"https:\/\/sff-camara.com\/es\/temticas\/diversidad\/\" class=\"tag-cloud-link tag-link-278 tag-link-position-14\" style=\"font-size: 15.71186440678pt;\" aria-label=\"Diversidad (8 elementos)\">Diversidad<span class=\"tag-link-count\"> (8)<\/span><\/a>\n<a href=\"https:\/\/sff-camara.com\/es\/temticas\/empresas-familiares\/\" class=\"tag-cloud-link tag-link-269 tag-link-position-15\" style=\"font-size: 12.745762711864pt;\" aria-label=\"Empresas Familiares (4 elementos)\">Empresas Familiares<span class=\"tag-link-count\"> (4)<\/span><\/a>\n<a href=\"https:\/\/sff-camara.com\/es\/temticas\/family-offices-es\/\" class=\"tag-cloud-link tag-link-245 tag-link-position-16\" style=\"font-size: 10.135593220339pt;\" aria-label=\"Family Offices (2 elementos)\">Family Offices<span class=\"tag-link-count\"> (2)<\/span><\/a>\n<a href=\"https:\/\/sff-camara.com\/es\/temticas\/finanzas-sostenibles\/\" class=\"tag-cloud-link tag-link-160 tag-link-position-17\" style=\"font-size: 21.050847457627pt;\" aria-label=\"Finanzas Sostenibles (24 elementos)\">Finanzas Sostenibles<span class=\"tag-link-count\"> (24)<\/span><\/a>\n<a href=\"https:\/\/sff-camara.com\/es\/temticas\/fintech-es\/\" class=\"tag-cloud-link tag-link-163 tag-link-position-18\" style=\"font-size: 16.779661016949pt;\" aria-label=\"Fintech (10 elementos)\">Fintech<span class=\"tag-link-count\"> (10)<\/span><\/a>\n<a href=\"https:\/\/sff-camara.com\/es\/temticas\/gestion-patrimonial\/\" class=\"tag-cloud-link tag-link-176 tag-link-position-19\" style=\"font-size: 17.610169491525pt;\" aria-label=\"Gesti\u00f3n Patrimonial (12 elementos)\">Gesti\u00f3n Patrimonial<span class=\"tag-link-count\"> (12)<\/span><\/a>\n<a href=\"https:\/\/sff-camara.com\/es\/temticas\/gobernanza\/\" class=\"tag-cloud-link tag-link-249 tag-link-position-20\" style=\"font-size: 16.305084745763pt;\" aria-label=\"Gobernanza (9 elementos)\">Gobernanza<span class=\"tag-link-count\"> (9)<\/span><\/a>\n<a href=\"https:\/\/sff-camara.com\/es\/temticas\/hr\/\" class=\"tag-cloud-link tag-link-304 tag-link-position-21\" style=\"font-size: 8pt;\" aria-label=\"HR (1 elemento)\">HR<span class=\"tag-link-count\"> (1)<\/span><\/a>\n<a href=\"https:\/\/sff-camara.com\/es\/temticas\/internacionalizacion\/\" class=\"tag-cloud-link tag-link-280 tag-link-position-22\" style=\"font-size: 8pt;\" aria-label=\"Internacionalizaci\u00f3n (1 elemento)\">Internacionalizaci\u00f3n<span class=\"tag-link-count\"> (1)<\/span><\/a>\n<a href=\"https:\/\/sff-camara.com\/es\/temticas\/inversiones-alternativas\/\" class=\"tag-cloud-link tag-link-297 tag-link-position-23\" style=\"font-size: 11.559322033898pt;\" aria-label=\"Inversiones Alternativas (3 elementos)\">Inversiones Alternativas<span class=\"tag-link-count\"> (3)<\/span><\/a>\n<a href=\"https:\/\/sff-camara.com\/es\/temticas\/latam-es\/\" class=\"tag-cloud-link tag-link-167 tag-link-position-24\" style=\"font-size: 16.305084745763pt;\" aria-label=\"LATAM (9 elementos)\">LATAM<span class=\"tag-link-count\"> (9)<\/span><\/a>\n<a href=\"https:\/\/sff-camara.com\/es\/temticas\/legal-es\/\" class=\"tag-cloud-link tag-link-233 tag-link-position-25\" style=\"font-size: 16.779661016949pt;\" aria-label=\"Legal (10 elementos)\">Legal<span class=\"tag-link-count\"> (10)<\/span><\/a>\n<a href=\"https:\/\/sff-camara.com\/es\/temticas\/mercado-de-capitales\/\" class=\"tag-cloud-link tag-link-309 tag-link-position-26\" style=\"font-size: 8pt;\" aria-label=\"Mercado de Capitales (1 elemento)\">Mercado de Capitales<span class=\"tag-link-count\"> (1)<\/span><\/a>\n<a href=\"https:\/\/sff-camara.com\/es\/temticas\/precios-de-transferencia\/\" class=\"tag-cloud-link tag-link-271 tag-link-position-27\" style=\"font-size: 10.135593220339pt;\" aria-label=\"Precios de Transferencia (2 elementos)\">Precios de Transferencia<span class=\"tag-link-count\"> (2)<\/span><\/a>\n<a href=\"https:\/\/sff-camara.com\/es\/temticas\/real-estate\/\" class=\"tag-cloud-link tag-link-338 tag-link-position-28\" style=\"font-size: 10.135593220339pt;\" aria-label=\"Real Estate (2 elementos)\">Real Estate<span class=\"tag-link-count\"> (2)<\/span><\/a>\n<a href=\"https:\/\/sff-camara.com\/es\/temticas\/reaseguro\/\" class=\"tag-cloud-link tag-link-172 tag-link-position-29\" style=\"font-size: 10.135593220339pt;\" aria-label=\"Reaseguro (2 elementos)\">Reaseguro<span class=\"tag-link-count\"> (2)<\/span><\/a>\n<a href=\"https:\/\/sff-camara.com\/es\/tag\/rrhh\/\" class=\"tag-cloud-link tag-link-178 tag-link-position-30\" style=\"font-size: 16.305084745763pt;\" aria-label=\"RRHH (9 elementos)\">RRHH<span class=\"tag-link-count\"> (9)<\/span><\/a>\n<a href=\"https:\/\/sff-camara.com\/es\/temticas\/seguros\/\" class=\"tag-cloud-link tag-link-180 tag-link-position-31\" style=\"font-size: 10.135593220339pt;\" aria-label=\"Seguros (2 elementos)\">Seguros<span class=\"tag-link-count\"> (2)<\/span><\/a>\n<a href=\"https:\/\/sff-camara.com\/es\/temticas\/seguros-de-vida-unit-linked\/\" class=\"tag-cloud-link tag-link-169 tag-link-position-32\" style=\"font-size: 13.694915254237pt;\" aria-label=\"Seguros de vida Unit-linked (5 elementos)\">Seguros de vida Unit-linked<span class=\"tag-link-count\"> (5)<\/span><\/a>\n<a href=\"https:\/\/sff-camara.com\/es\/temticas\/tax-es\/\" class=\"tag-cloud-link tag-link-162 tag-link-position-33\" style=\"font-size: 19.033898305085pt;\" aria-label=\"Tax (16 elementos)\">Tax<span class=\"tag-link-count\"> (16)<\/span><\/a>\n<a href=\"https:\/\/sff-camara.com\/es\/temticas\/tecnologia\/\" class=\"tag-cloud-link tag-link-231 tag-link-position-34\" style=\"font-size: 14.525423728814pt;\" aria-label=\"Tecnolog\u00eda (6 elementos)\">Tecnolog\u00eda<span class=\"tag-link-count\"> (6)<\/span><\/a>\n<a href=\"https:\/\/sff-camara.com\/es\/temticas\/tendencias\/\" class=\"tag-cloud-link tag-link-223 tag-link-position-35\" style=\"font-size: 20.101694915254pt;\" aria-label=\"Tendencias (20 elementos)\">Tendencias<span class=\"tag-link-count\"> (20)<\/span><\/a>\n<a href=\"https:\/\/sff-camara.com\/es\/temticas\/tic\/\" class=\"tag-cloud-link tag-link-267 tag-link-position-36\" style=\"font-size: 8pt;\" aria-label=\"TIC (1 elemento)\">TIC<span class=\"tag-link-count\"> (1)<\/span><\/a>\n<a href=\"https:\/\/sff-camara.com\/es\/temticas\/ue\/\" class=\"tag-cloud-link tag-link-222 tag-link-position-37\" style=\"font-size: 14.525423728814pt;\" aria-label=\"UE (6 elementos)\">UE<span class=\"tag-link-count\"> (6)<\/span><\/a><\/div>\n<\/div>\t\t\t\t<\/div>\n\t\t\t\t<\/div>\n\t\t\t\t\t\t<\/div>\r\n\t\t\t\t<\/div>\r\n\t\t\t\t\t\t\t\t\t<div class=\" elementor-column elementor-col-50 elementor-inner-column elementor-element elementor-element-7ef6ee0c \" data-id=\"7ef6ee0c\" data-element_type=\"column\" data-e-type=\"column\">\r\n\r\n\t\t\t\t\r\n\t\t\t\t<div class=\"elementor-widget-wrap elementor-element-populated\">\r\n\t\t\t\t\t\t\t\t\t\t\r\n\t\t\t\t\t\t<div class=\"elementor-element elementor-element-58b52e5e elementor-widget elementor-widget-sidebar\" data-id=\"58b52e5e\" data-element_type=\"widget\" data-e-type=\"widget\" data-widget_type=\"sidebar.default\">\n\t\t\t\t<div class=\"elementor-widget-container\">\n\t\t\t\t\t<nav id=\"categories-2\" class=\"widget widget_categories\"><h3 class=\"widget-title\">Buscar por ediciones del SFF Magazine<\/h3><form action=\"https:\/\/sff-camara.com\/es\/\" method=\"get\"><label class=\"screen-reader-text\" for=\"cat\">Buscar por ediciones del SFF Magazine<\/label><select  name='cat' aria-label='Categories to search' id='cat' class='postform'>\n\t<option value='-1'>Elegir la categor\u00eda<\/option>\n\t<option class=\"level-0\" value=\"124\">Noticias&nbsp;&nbsp;(44)<\/option>\n\t<option class=\"level-0\" value=\"159\">SFF Magazine Abril 2021&nbsp;&nbsp;(12)<\/option>\n\t<option class=\"level-0\" value=\"174\">SFF Magazine Abril 2022&nbsp;&nbsp;(8)<\/option>\n\t<option class=\"level-0\" value=\"239\">SFF Magazine Diciembre 2023&nbsp;&nbsp;(8)<\/option>\n\t<option class=\"level-0\" value=\"289\">SFF Magazine Diciembre 2024&nbsp;&nbsp;(12)<\/option>\n\t<option class=\"level-0\" value=\"307\">SFF Magazine Diciembre 2025&nbsp;&nbsp;(6)<\/option>\n\t<option class=\"level-0\" value=\"168\">SFF Magazine Julio 2021&nbsp;&nbsp;(13)<\/option>\n\t<option class=\"level-0\" value=\"177\">SFF Magazine Julio 2022&nbsp;&nbsp;(10)<\/option>\n\t<option class=\"level-0\" value=\"215\">SFF Magazine Junio 2023&nbsp;&nbsp;(7)<\/option>\n\t<option class=\"level-0\" value=\"273\">SFF Magazine Junio 2024&nbsp;&nbsp;(10)<\/option>\n\t<option class=\"level-0\" value=\"296\">SFF Magazine Junio 2025&nbsp;&nbsp;(11)<\/option>\n\t<option class=\"level-0\" value=\"205\">SFF Magazine Marzo 2023&nbsp;&nbsp;(9)<\/option>\n\t<option class=\"level-0\" value=\"257\">SFF Magazine Marzo 2024&nbsp;&nbsp;(13)<\/option>\n\t<option class=\"level-0\" value=\"293\">SFF Magazine Marzo 2025&nbsp;&nbsp;(10)<\/option>\n\t<option class=\"level-0\" value=\"336\">SFF Magazine Marzo 2026&nbsp;&nbsp;(13)<\/option>\n\t<option class=\"level-0\" value=\"171\">SFF Magazine Octubre 2021&nbsp;&nbsp;(11)<\/option>\n\t<option class=\"level-0\" value=\"165\">SFF Magazine Octubre 2022&nbsp;&nbsp;(10)<\/option>\n\t<option class=\"level-0\" value=\"230\">SFF Magazine Septiembre 2023&nbsp;&nbsp;(8)<\/option>\n\t<option class=\"level-0\" value=\"282\">SFF Magazine Septiembre 2024&nbsp;&nbsp;(9)<\/option>\n\t<option class=\"level-0\" value=\"299\">SFF Magazine Septiembre 2025&nbsp;&nbsp;(8)<\/option>\n\t<option class=\"level-0\" value=\"53\">Sin categorizar&nbsp;&nbsp;(8)<\/option>\n<\/select>\n<\/form><script>\n( ( dropdownId ) => {\n\tconst dropdown = document.getElementById( dropdownId );\n\tfunction onSelectChange() {\n\t\tsetTimeout( () => {\n\t\t\tif ( 'escape' === dropdown.dataset.lastkey ) {\n\t\t\t\treturn;\n\t\t\t}\n\t\t\tif ( dropdown.value && parseInt( dropdown.value ) > 0 && dropdown instanceof HTMLSelectElement ) {\n\t\t\t\tdropdown.parentElement.submit();\n\t\t\t}\n\t\t}, 250 );\n\t}\n\tfunction onKeyUp( event ) {\n\t\tif ( 'Escape' === event.key ) {\n\t\t\tdropdown.dataset.lastkey = 'escape';\n\t\t} else {\n\t\t\tdelete dropdown.dataset.lastkey;\n\t\t}\n\t}\n\tfunction onClick() {\n\t\tdelete dropdown.dataset.lastkey;\n\t}\n\tdropdown.addEventListener( 'keyup', onKeyUp );\n\tdropdown.addEventListener( 'click', onClick );\n\tdropdown.addEventListener( 'change', onSelectChange );\n})( \"cat\" );\n\n\/\/# sourceURL=WP_Widget_Categories%3A%3Awidget\n<\/script>\n<\/nav><nav id=\"search-3\" class=\"widget widget_search\"><h3 class=\"widget-title\">Buscar publicaciones<\/h3>\r\n\t<div class=\"search-wrapper  hs-start light-style\">\r\n\t\t\r\n\t\t\t\t<form action=\"https:\/\/sff-camara.com\/es\/\/\" method=\"get\" class=\"input-wrapper\">\r\n\t\t\t<input type=\"hidden\" name=\"post_type\" value=\"post\"\/>\r\n\r\n\t\t\t<input type=\"search\" aria-label=\"Search\" class=\"form-control\" name=\"s\" placeholder=\"\" required=\"\" autocomplete=\"off\">\r\n\r\n\t\t\t\r\n\t\t\t\r\n\t\t\t<button class=\"btn btn-search\" aria-label=\"Search Button\" type=\"submit\">\r\n\t\t\t\t<i class=\"a-icon-search\"><\/i>\r\n\t\t\t<\/button>\r\n\r\n\t\t\t\t\t<div class=\"hs-close\">\r\n\t\t\t\t<a href=\"#\" aria-label=\"Close\">\r\n\t\t\t\t\t<span class=\"close-wrap\">\r\n\t\t\t\t\t\t<span class=\"close-line close-line1\"><\/span>\r\n\t\t\t\t\t\t<span class=\"close-line close-line2\"><\/span>\r\n\t\t\t\t\t<\/span>\r\n\t\t\t\t<\/a>\r\n\t\t\t<\/div>\r\n\t\t\r\n\t\t<\/form>\r\n\t\t\t<\/div>\r\n\r\n\t\t<\/nav>\t\t\t\t<\/div>\n\t\t\t\t<\/div>\n\t\t\t\t\t\t<\/div>\r\n\t\t\t\t<\/div>\r\n\t\t\t\t\t\t\t\t<\/div>\r\n\t\t\t<\/section>\r\n\t\t\t\t\t<div class=\"elementor-element elementor-element-5defc3e7 elementor-widget-divider--view-line elementor-widget elementor-widget-divider\" data-id=\"5defc3e7\" data-element_type=\"widget\" data-e-type=\"widget\" data-widget_type=\"divider.default\">\n\t\t\t\t<div class=\"elementor-widget-container\">\n\t\t\t\t\t\t\t<div class=\"elementor-divider\">\n\t\t\t<span class=\"elementor-divider-separator\">\n\t\t\t\t\t\t<\/span>\n\t\t<\/div>\n\t\t\t\t\t\t<\/div>\n\t\t\t\t<\/div>\n\t\t\t\t<div class=\"elementor-element elementor-element-18f39c75 elementor-widget elementor-widget-spacer\" data-id=\"18f39c75\" data-element_type=\"widget\" data-e-type=\"widget\" data-widget_type=\"spacer.default\">\n\t\t\t\t<div class=\"elementor-widget-container\">\n\t\t\t\t\t\t\t<div class=\"elementor-spacer\">\n\t\t\t<div class=\"elementor-spacer-inner\"><\/div>\n\t\t<\/div>\n\t\t\t\t\t\t<\/div>\n\t\t\t\t<\/div>\n\t\t\t\t<div class=\"elementor-element elementor-element-d210685 elementor-widget elementor-widget-heading\" data-id=\"d210685\" data-element_type=\"widget\" data-e-type=\"widget\" data-widget_type=\"heading.default\">\n\t\t\t\t<div class=\"elementor-widget-container\">\n\t\t\t\t\t<h2 class=\"elementor-heading-title elementor-size-default\">Publicaciones relacionadas<\/h2>\t\t\t\t<\/div>\n\t\t\t\t<\/div>\n\t\t\t\t<div class=\"elementor-element elementor-element-5831fc58 elementor-widget elementor-widget-text-editor\" data-id=\"5831fc58\" data-element_type=\"widget\" data-e-type=\"widget\" data-widget_type=\"text-editor.default\">\n\t\t\t\t<div class=\"elementor-widget-container\">\n\t\t\t\t\t\t\t\t\t<a href=\"https:\/\/sff-camara.com\/es\/categoria\/sff-magazine-junio-2024\/\" rel=\"tag\">SFF Magazine Junio 2024<\/a>\t\t\t\t\t\t\t\t<\/div>\n\t\t\t\t<\/div>\n\t\t\t\t<div class=\"elementor-element elementor-element-79ec54f3 elementor-widget elementor-widget-spacer\" data-id=\"79ec54f3\" data-element_type=\"widget\" data-e-type=\"widget\" data-widget_type=\"spacer.default\">\n\t\t\t\t<div class=\"elementor-widget-container\">\n\t\t\t\t\t\t\t<div class=\"elementor-spacer\">\n\t\t\t<div class=\"elementor-spacer-inner\"><\/div>\n\t\t<\/div>\n\t\t\t\t\t\t<\/div>\n\t\t\t\t<\/div>\n\t\t\t\t<div class=\"elementor-element elementor-element-46b169be elementor-widget elementor-widget-udesign_widget_posts elementor-widget-theme-post-content\" data-id=\"46b169be\" data-element_type=\"widget\" data-e-type=\"widget\" data-widget_type=\"udesign_widget_posts.default\">\n\t\t\t\t<div class=\"elementor-widget-container\">\n\t\t\t\t\t<div class=\"posts  row cols-lg-3 cols-md-2 cols-sm-2 cols-1 cols-xl-3 slider-wrapper posts row cols-lg-3 cols-md-2 cols-sm-2 cols-1 cols-xl-3\" data-slider-options=\"{&quot;spaceBetween&quot;:30,&quot;loop&quot;:true,&quot;autoplay&quot;:{&quot;delay&quot;:5000,&quot;disableOnInteraction&quot;:false},&quot;effect&quot;:&quot;slide&quot;,&quot;slidesPerView&quot;:3,&quot;breakpoints&quot;:{&quot;2401&quot;:{&quot;slidesPerView&quot;:3},&quot;1440&quot;:{&quot;slidesPerView&quot;:3},&quot;1200&quot;:{&quot;slidesPerView&quot;:3},&quot;992&quot;:{&quot;slidesPerView&quot;:3},&quot;768&quot;:{&quot;slidesPerView&quot;:2},&quot;576&quot;:{&quot;slidesPerView&quot;:2},&quot;0&quot;:{&quot;slidesPerView&quot;:1}},&quot;statusClass&quot;:&quot;slider-dots-default&quot;}\" data-post-type=\"modern\">\r\n<div class=\"post-wrap \" data-post-image=\"alpha-post-medium\">\r\n\r\n\t\r\n\t<article class=\"post-13809 post type-post status-publish format-standard has-post-thumbnail hentry category-sff-magazine-junio-2024 tag-alternative-investment-es tag-criptoactivos tag-tendencias post overlay-zoom overlay-dark  post-modern\">\r\n\t\t\t\t\t<figure class=\"post-media\">\r\n\t\t\t\t\t\t\t\t<a href=\"https:\/\/sff-camara.com\/es\/sff-magazine-junio-2024\/nuevos-criterios-de-supervision-en-la-inversion-alternativa-en-espana-preguntas-y-respuestas-de-la-cnmv\/\" aria-label=\"Post Media\">\r\n\t\t\t\t\t<img loading=\"lazy\" decoding=\"async\" width=\"600\" height=\"420\" src=\"https:\/\/sff-camara.com\/wp-content\/uploads\/2024\/05\/CNMV-600x420.jpeg\" class=\"attachment-alpha-post-medium size-alpha-post-medium wp-post-image\" alt=\"\" srcset=\"https:\/\/sff-camara.com\/wp-content\/uploads\/2024\/05\/CNMV-600x420.jpeg 600w, https:\/\/sff-camara.com\/wp-content\/uploads\/2024\/05\/CNMV-400x280.jpeg 400w, https:\/\/sff-camara.com\/wp-content\/uploads\/2024\/05\/CNMV-570x400.jpeg 570w\" sizes=\"(max-width: 600px) 100vw, 600px\" \/>\t\t\t\t<\/a>\r\n\t\t\t<\/figure>\r\n\t\t\t<div class=\"post-details\">\r\n\t<div class=\"post-meta\">\r\n\t<a class=\"post-date\" href=\"https:\/\/sff-camara.com\/es\/2024\/06\/05\/\">junio 5, 2024<\/a>\r\n\r\n\t<\/div>\r\n<h3 class=\"post-title\">\r\n\t<a href=\"https:\/\/sff-camara.com\/es\/sff-magazine-junio-2024\/nuevos-criterios-de-supervision-en-la-inversion-alternativa-en-espana-preguntas-y-respuestas-de-la-cnmv\/\">\r\n\t\tNuevos criterios de supervisi\u00f3n en la inversi\u00f3n alternativa en Espa\u00f1a \u2013 Preguntas y Respuestas de la CNMV\t<\/a>\r\n<\/h3>\r\n<a href=\"https:\/\/sff-camara.com\/es\/sff-magazine-junio-2024\/nuevos-criterios-de-supervision-en-la-inversion-alternativa-en-espana-preguntas-y-respuestas-de-la-cnmv\/\" class=\"btn btn-link btn-underline btn-primary\">Leer m\u00e1s <i class=\"a-icon-long-arrow-right\"><\/i><\/a><\/div>\r\n\t<\/article>\r\n\r\n\t\r\n<\/div>\r\n\r\n\r\n<div class=\"post-wrap \" data-post-image=\"alpha-post-medium\">\r\n\r\n\t\r\n\t<article class=\"post-13872 post type-post status-publish format-standard has-post-thumbnail hentry category-sff-magazine-junio-2024 tag-asset-management-es tag-distribucion-de-fondos tag-latam-es post overlay-zoom overlay-dark  post-modern\">\r\n\t\t\t\t\t<figure class=\"post-media\">\r\n\t\t\t\t\t\t\t\t<a href=\"https:\/\/sff-camara.com\/es\/sff-magazine-junio-2024\/meet-the-team-adepa\/\" aria-label=\"Post Media\">\r\n\t\t\t\t\t<img loading=\"lazy\" decoding=\"async\" width=\"600\" height=\"420\" src=\"https:\/\/sff-camara.com\/wp-content\/uploads\/2024\/05\/ADEPA-Meet-the-Team-2-600x420.png\" class=\"attachment-alpha-post-medium size-alpha-post-medium wp-post-image\" alt=\"\" srcset=\"https:\/\/sff-camara.com\/wp-content\/uploads\/2024\/05\/ADEPA-Meet-the-Team-2-600x420.png 600w, https:\/\/sff-camara.com\/wp-content\/uploads\/2024\/05\/ADEPA-Meet-the-Team-2-400x280.png 400w, https:\/\/sff-camara.com\/wp-content\/uploads\/2024\/05\/ADEPA-Meet-the-Team-2-570x400.png 570w\" sizes=\"(max-width: 600px) 100vw, 600px\" \/>\t\t\t\t<\/a>\r\n\t\t\t<\/figure>\r\n\t\t\t<div class=\"post-details\">\r\n\t<div class=\"post-meta\">\r\n\t<a class=\"post-date\" href=\"https:\/\/sff-camara.com\/es\/2024\/06\/05\/\">junio 5, 2024<\/a>\r\n\r\n\t<\/div>\r\n<h3 class=\"post-title\">\r\n\t<a href=\"https:\/\/sff-camara.com\/es\/sff-magazine-junio-2024\/meet-the-team-adepa\/\">\r\n\t\tMEET THE TEAM &#8211; Adepa\t<\/a>\r\n<\/h3>\r\n<a href=\"https:\/\/sff-camara.com\/es\/sff-magazine-junio-2024\/meet-the-team-adepa\/\" class=\"btn btn-link btn-underline btn-primary\">Leer m\u00e1s <i class=\"a-icon-long-arrow-right\"><\/i><\/a><\/div>\r\n\t<\/article>\r\n\r\n\t\r\n<\/div>\r\n\r\n\r\n<div class=\"post-wrap \" data-post-image=\"alpha-post-medium\">\r\n\r\n\t\r\n\t<article class=\"post-13943 post type-post status-publish format-standard has-post-thumbnail hentry category-sff-magazine-junio-2024 tag-banca-digital tag-tendencias tag-ue post overlay-zoom overlay-dark  post-modern\">\r\n\t\t\t\t\t<figure class=\"post-media\">\r\n\t\t\t\t\t\t\t\t<a href=\"https:\/\/sff-camara.com\/es\/sff-magazine-junio-2024\/impulsando-los-pagos-en-la-union-europea-el-impacto-del-reglamento-sobre-pagos-inmediatos\/\" aria-label=\"Post Media\">\r\n\t\t\t\t\t<img loading=\"lazy\" decoding=\"async\" width=\"600\" height=\"420\" src=\"https:\/\/sff-camara.com\/wp-content\/uploads\/2024\/05\/Instant-Payments-600x420.jpeg\" class=\"attachment-alpha-post-medium size-alpha-post-medium wp-post-image\" alt=\"\" srcset=\"https:\/\/sff-camara.com\/wp-content\/uploads\/2024\/05\/Instant-Payments-600x420.jpeg 600w, https:\/\/sff-camara.com\/wp-content\/uploads\/2024\/05\/Instant-Payments-400x280.jpeg 400w, https:\/\/sff-camara.com\/wp-content\/uploads\/2024\/05\/Instant-Payments-570x400.jpeg 570w\" sizes=\"(max-width: 600px) 100vw, 600px\" \/>\t\t\t\t\t\t<figcaption class=\"thumbnail-caption\">\r\n\t\t\t\t\t\t\tFinTech Money Transfer: Currency Exchange on Mobile. AI\t\t\t\t\t\t<\/figcaption>\r\n\t\t\t\t\t\t\t\t\t\t<\/a>\r\n\t\t\t<\/figure>\r\n\t\t\t<div class=\"post-details\">\r\n\t<div class=\"post-meta\">\r\n\t<a class=\"post-date\" href=\"https:\/\/sff-camara.com\/es\/2024\/06\/05\/\">junio 5, 2024<\/a>\r\n\r\n\t<\/div>\r\n<h3 class=\"post-title\">\r\n\t<a href=\"https:\/\/sff-camara.com\/es\/sff-magazine-junio-2024\/impulsando-los-pagos-en-la-union-europea-el-impacto-del-reglamento-sobre-pagos-inmediatos\/\">\r\n\t\tImpulsando los pagos en la Uni\u00f3n Europea: el impacto del Reglamento sobre Pagos Inmediatos\t<\/a>\r\n<\/h3>\r\n<a href=\"https:\/\/sff-camara.com\/es\/sff-magazine-junio-2024\/impulsando-los-pagos-en-la-union-europea-el-impacto-del-reglamento-sobre-pagos-inmediatos\/\" class=\"btn btn-link btn-underline btn-primary\">Leer m\u00e1s <i class=\"a-icon-long-arrow-right\"><\/i><\/a><\/div>\r\n\t<\/article>\r\n\r\n\t\r\n<\/div>\r\n\r\n\r\n<div class=\"post-wrap \" data-post-image=\"alpha-post-medium\">\r\n\r\n\t\r\n\t<article class=\"post-13970 post type-post status-publish format-standard has-post-thumbnail hentry category-sff-magazine-junio-2024 tag-tax-es tag-tendencias tag-ue post overlay-zoom overlay-dark  post-modern\">\r\n\t\t\t\t\t<figure class=\"post-media\">\r\n\t\t\t\t\t\t\t\t<a href=\"https:\/\/sff-camara.com\/es\/sff-magazine-junio-2024\/mayor-reglamentacion-y-armonizacion-en-la-union-europea\/\" aria-label=\"Post Media\">\r\n\t\t\t\t\t<img loading=\"lazy\" decoding=\"async\" width=\"600\" height=\"420\" src=\"https:\/\/sff-camara.com\/wp-content\/uploads\/2024\/05\/Global-Financial-Industry-Trends-600x420.jpeg\" class=\"attachment-alpha-post-medium size-alpha-post-medium wp-post-image\" alt=\"\" srcset=\"https:\/\/sff-camara.com\/wp-content\/uploads\/2024\/05\/Global-Financial-Industry-Trends-600x420.jpeg 600w, https:\/\/sff-camara.com\/wp-content\/uploads\/2024\/05\/Global-Financial-Industry-Trends-400x280.jpeg 400w, https:\/\/sff-camara.com\/wp-content\/uploads\/2024\/05\/Global-Financial-Industry-Trends-570x400.jpeg 570w\" sizes=\"(max-width: 600px) 100vw, 600px\" \/>\t\t\t\t<\/a>\r\n\t\t\t<\/figure>\r\n\t\t\t<div class=\"post-details\">\r\n\t<div class=\"post-meta\">\r\n\t<a class=\"post-date\" href=\"https:\/\/sff-camara.com\/es\/2024\/06\/05\/\">junio 5, 2024<\/a>\r\n\r\n\t<\/div>\r\n<h3 class=\"post-title\">\r\n\t<a href=\"https:\/\/sff-camara.com\/es\/sff-magazine-junio-2024\/mayor-reglamentacion-y-armonizacion-en-la-union-europea\/\">\r\n\t\tMayor reglamentaci\u00f3n y armonizaci\u00f3n en la Uni\u00f3n Europea\t<\/a>\r\n<\/h3>\r\n<a href=\"https:\/\/sff-camara.com\/es\/sff-magazine-junio-2024\/mayor-reglamentacion-y-armonizacion-en-la-union-europea\/\" class=\"btn btn-link btn-underline btn-primary\">Leer m\u00e1s <i class=\"a-icon-long-arrow-right\"><\/i><\/a><\/div>\r\n\t<\/article>\r\n\r\n\t\r\n<\/div>\r\n\r\n\r\n<div class=\"post-wrap \" data-post-image=\"alpha-post-medium\">\r\n\r\n\t\r\n\t<article class=\"post-14012 post type-post status-publish format-standard has-post-thumbnail hentry category-sff-magazine-junio-2024 tag-asset-management-es post overlay-zoom overlay-dark  post-modern\">\r\n\t\t\t\t\t<figure class=\"post-media\">\r\n\t\t\t\t\t\t\t\t<a href=\"https:\/\/sff-camara.com\/es\/sff-magazine-junio-2024\/caceis-lider-del-sector-y-socio-clave-de-prestacion-de-servicios-a-escala-mundial\/\" aria-label=\"Post Media\">\r\n\t\t\t\t\t<img loading=\"lazy\" decoding=\"async\" width=\"600\" height=\"420\" src=\"https:\/\/sff-camara.com\/wp-content\/uploads\/2024\/05\/CACEIS-600x420.jpeg\" class=\"attachment-alpha-post-medium size-alpha-post-medium wp-post-image\" alt=\"\" srcset=\"https:\/\/sff-camara.com\/wp-content\/uploads\/2024\/05\/CACEIS-600x420.jpeg 600w, https:\/\/sff-camara.com\/wp-content\/uploads\/2024\/05\/CACEIS-400x280.jpeg 400w, https:\/\/sff-camara.com\/wp-content\/uploads\/2024\/05\/CACEIS-570x400.jpeg 570w\" sizes=\"(max-width: 600px) 100vw, 600px\" \/>\t\t\t\t<\/a>\r\n\t\t\t<\/figure>\r\n\t\t\t<div class=\"post-details\">\r\n\t<div class=\"post-meta\">\r\n\t<a class=\"post-date\" href=\"https:\/\/sff-camara.com\/es\/2024\/06\/05\/\">junio 5, 2024<\/a>\r\n\r\n\t<\/div>\r\n<h3 class=\"post-title\">\r\n\t<a href=\"https:\/\/sff-camara.com\/es\/sff-magazine-junio-2024\/caceis-lider-del-sector-y-socio-clave-de-prestacion-de-servicios-a-escala-mundial\/\">\r\n\t\tCACEIS &#8211; l\u00edder del sector y socio clave de prestaci\u00f3n de servicios a escala mundial\t<\/a>\r\n<\/h3>\r\n<a href=\"https:\/\/sff-camara.com\/es\/sff-magazine-junio-2024\/caceis-lider-del-sector-y-socio-clave-de-prestacion-de-servicios-a-escala-mundial\/\" class=\"btn btn-link btn-underline btn-primary\">Leer m\u00e1s <i class=\"a-icon-long-arrow-right\"><\/i><\/a><\/div>\r\n\t<\/article>\r\n\r\n\t\r\n<\/div>\r\n\r\n\r\n<div class=\"post-wrap \" data-post-image=\"alpha-post-medium\">\r\n\r\n\t\r\n\t<article class=\"post-14041 post type-post status-publish format-standard has-post-thumbnail hentry category-sff-magazine-junio-2024 tag-asset-management-es tag-distribucion-de-fondos post overlay-zoom overlay-dark  post-modern\">\r\n\t\t\t\t\t<figure class=\"post-media\">\r\n\t\t\t\t\t\t\t\t<a href=\"https:\/\/sff-camara.com\/es\/sff-magazine-junio-2024\/caixabank-am-celebrando-30-anos-de-excelencia-financiera\/\" aria-label=\"Post Media\">\r\n\t\t\t\t\t<img loading=\"lazy\" decoding=\"async\" width=\"600\" height=\"420\" src=\"https:\/\/sff-camara.com\/wp-content\/uploads\/2024\/06\/Caixabank-AM-Luxembourg-600x420.jpg\" class=\"attachment-alpha-post-medium size-alpha-post-medium wp-post-image\" alt=\"\" srcset=\"https:\/\/sff-camara.com\/wp-content\/uploads\/2024\/06\/Caixabank-AM-Luxembourg-600x420.jpg 600w, https:\/\/sff-camara.com\/wp-content\/uploads\/2024\/06\/Caixabank-AM-Luxembourg-400x280.jpg 400w, https:\/\/sff-camara.com\/wp-content\/uploads\/2024\/06\/Caixabank-AM-Luxembourg-570x400.jpg 570w\" sizes=\"(max-width: 600px) 100vw, 600px\" \/>\t\t\t\t<\/a>\r\n\t\t\t<\/figure>\r\n\t\t\t<div class=\"post-details\">\r\n\t<div class=\"post-meta\">\r\n\t<a class=\"post-date\" href=\"https:\/\/sff-camara.com\/es\/2024\/06\/05\/\">junio 5, 2024<\/a>\r\n\r\n\t<\/div>\r\n<h3 class=\"post-title\">\r\n\t<a href=\"https:\/\/sff-camara.com\/es\/sff-magazine-junio-2024\/caixabank-am-celebrando-30-anos-de-excelencia-financiera\/\">\r\n\t\tCaixaBank AM &#8211; Celebrando 30 a\u00f1os de Excelencia Financiera\t<\/a>\r\n<\/h3>\r\n<a href=\"https:\/\/sff-camara.com\/es\/sff-magazine-junio-2024\/caixabank-am-celebrando-30-anos-de-excelencia-financiera\/\" class=\"btn btn-link btn-underline btn-primary\">Leer m\u00e1s <i class=\"a-icon-long-arrow-right\"><\/i><\/a><\/div>\r\n\t<\/article>\r\n\r\n\t\r\n<\/div>\r\n\r\n\r\n<div class=\"post-wrap \" data-post-image=\"alpha-post-medium\">\r\n\r\n\t\r\n\t<article class=\"post-14068 post type-post status-publish format-standard has-post-thumbnail hentry category-sff-magazine-junio-2024 tag-alternative-investment-es tag-distribucion-de-fondos tag-tecnologia post overlay-zoom overlay-dark  post-modern\">\r\n\t\t\t\t\t<figure class=\"post-media\">\r\n\t\t\t\t\t\t\t\t<a href=\"https:\/\/sff-camara.com\/es\/sff-magazine-junio-2024\/inversis-un-modelo-unico-en-servicios-de-valores-llega-a-luxemburgo\/\" aria-label=\"Post Media\">\r\n\t\t\t\t\t<img loading=\"lazy\" decoding=\"async\" width=\"600\" height=\"420\" src=\"https:\/\/sff-camara.com\/wp-content\/uploads\/2024\/05\/Luxembourg-Inversis-600x420.jpeg\" class=\"attachment-alpha-post-medium size-alpha-post-medium wp-post-image\" alt=\"\" srcset=\"https:\/\/sff-camara.com\/wp-content\/uploads\/2024\/05\/Luxembourg-Inversis-600x420.jpeg 600w, https:\/\/sff-camara.com\/wp-content\/uploads\/2024\/05\/Luxembourg-Inversis-400x280.jpeg 400w, https:\/\/sff-camara.com\/wp-content\/uploads\/2024\/05\/Luxembourg-Inversis-570x400.jpeg 570w\" sizes=\"(max-width: 600px) 100vw, 600px\" \/>\t\t\t\t\t\t<figcaption class=\"thumbnail-caption\">\r\n\t\t\t\t\t\t\tLUXEMBOURG, LUXEMBOURG - JUNE 17, 2015: Old Bridge - Passerelle Bridge Or Luxembourg Viaduct In Luxembourg.\t\t\t\t\t\t<\/figcaption>\r\n\t\t\t\t\t\t\t\t\t\t<\/a>\r\n\t\t\t<\/figure>\r\n\t\t\t<div class=\"post-details\">\r\n\t<div class=\"post-meta\">\r\n\t<a class=\"post-date\" href=\"https:\/\/sff-camara.com\/es\/2024\/06\/02\/\">junio 2, 2024<\/a>\r\n\r\n\t<\/div>\r\n<h3 class=\"post-title\">\r\n\t<a href=\"https:\/\/sff-camara.com\/es\/sff-magazine-junio-2024\/inversis-un-modelo-unico-en-servicios-de-valores-llega-a-luxemburgo\/\">\r\n\t\tInversis, un modelo \u00fanico en servicios de valores llega a Luxemburgo\t<\/a>\r\n<\/h3>\r\n<a href=\"https:\/\/sff-camara.com\/es\/sff-magazine-junio-2024\/inversis-un-modelo-unico-en-servicios-de-valores-llega-a-luxemburgo\/\" class=\"btn btn-link btn-underline btn-primary\">Leer m\u00e1s <i class=\"a-icon-long-arrow-right\"><\/i><\/a><\/div>\r\n\t<\/article>\r\n\r\n\t\r\n<\/div>\r\n\r\n\r\n<div class=\"post-wrap \" data-post-image=\"alpha-post-medium\">\r\n\r\n\t\r\n\t<article class=\"post-14097 post type-post status-publish format-standard has-post-thumbnail hentry category-sff-magazine-junio-2024 tag-diversidad tag-fintech-es tag-tecnologia post overlay-zoom overlay-dark  post-modern\">\r\n\t\t\t\t\t<figure class=\"post-media\">\r\n\t\t\t\t\t\t\t\t<a href=\"https:\/\/sff-camara.com\/es\/sff-magazine-junio-2024\/women-who-inspire-finance-veronica-martinez\/\" aria-label=\"Post Media\">\r\n\t\t\t\t\t<img loading=\"lazy\" decoding=\"async\" width=\"600\" height=\"420\" src=\"https:\/\/sff-camara.com\/wp-content\/uploads\/2024\/05\/Women-who-Inspire-Veronica-Martinez-600x420.png\" class=\"attachment-alpha-post-medium size-alpha-post-medium wp-post-image\" alt=\"\" srcset=\"https:\/\/sff-camara.com\/wp-content\/uploads\/2024\/05\/Women-who-Inspire-Veronica-Martinez-600x420.png 600w, https:\/\/sff-camara.com\/wp-content\/uploads\/2024\/05\/Women-who-Inspire-Veronica-Martinez-400x280.png 400w, https:\/\/sff-camara.com\/wp-content\/uploads\/2024\/05\/Women-who-Inspire-Veronica-Martinez-570x400.png 570w\" sizes=\"(max-width: 600px) 100vw, 600px\" \/>\t\t\t\t<\/a>\r\n\t\t\t<\/figure>\r\n\t\t\t<div class=\"post-details\">\r\n\t<div class=\"post-meta\">\r\n\t<a class=\"post-date\" href=\"https:\/\/sff-camara.com\/es\/2024\/06\/05\/\">junio 5, 2024<\/a>\r\n\r\n\t<\/div>\r\n<h3 class=\"post-title\">\r\n\t<a href=\"https:\/\/sff-camara.com\/es\/sff-magazine-junio-2024\/women-who-inspire-finance-veronica-martinez\/\">\r\n\t\tWomen who inspire: Finance &#8211; Ver\u00f3nica Mart\u00ednez\t<\/a>\r\n<\/h3>\r\n<a href=\"https:\/\/sff-camara.com\/es\/sff-magazine-junio-2024\/women-who-inspire-finance-veronica-martinez\/\" class=\"btn btn-link btn-underline btn-primary\">Leer m\u00e1s <i class=\"a-icon-long-arrow-right\"><\/i><\/a><\/div>\r\n\t<\/article>\r\n\r\n\t\r\n<\/div>\r\n\r\n\r\n<div class=\"post-wrap \" data-post-image=\"alpha-post-medium\">\r\n\r\n\t\r\n\t<article class=\"post-14288 post type-post status-publish format-standard has-post-thumbnail hentry category-sff-magazine-junio-2024 tag-asesoramiento tag-internacionalizacion post overlay-zoom overlay-dark  post-modern\">\r\n\t\t\t\t\t<figure class=\"post-media\">\r\n\t\t\t\t\t\t\t\t<a href=\"https:\/\/sff-camara.com\/es\/sff-magazine-junio-2024\/entrevista-con-maria-ortiz-aguilar-consejera-economica-y-comercial-de-la-embajada-de-espana-en-belgica-y-luxemburgo\/\" aria-label=\"Post Media\">\r\n\t\t\t\t\t<img loading=\"lazy\" decoding=\"async\" width=\"600\" height=\"420\" src=\"https:\/\/sff-camara.com\/wp-content\/uploads\/2024\/05\/Interview-Maria-Ortiz-Aguilar-600x420.png\" class=\"attachment-alpha-post-medium size-alpha-post-medium wp-post-image\" alt=\"\" srcset=\"https:\/\/sff-camara.com\/wp-content\/uploads\/2024\/05\/Interview-Maria-Ortiz-Aguilar-600x420.png 600w, https:\/\/sff-camara.com\/wp-content\/uploads\/2024\/05\/Interview-Maria-Ortiz-Aguilar-400x280.png 400w, https:\/\/sff-camara.com\/wp-content\/uploads\/2024\/05\/Interview-Maria-Ortiz-Aguilar-570x400.png 570w\" sizes=\"(max-width: 600px) 100vw, 600px\" \/>\t\t\t\t<\/a>\r\n\t\t\t<\/figure>\r\n\t\t\t<div class=\"post-details\">\r\n\t<div class=\"post-meta\">\r\n\t<a class=\"post-date\" href=\"https:\/\/sff-camara.com\/es\/2024\/06\/05\/\">junio 5, 2024<\/a>\r\n\r\n\t<\/div>\r\n<h3 class=\"post-title\">\r\n\t<a href=\"https:\/\/sff-camara.com\/es\/sff-magazine-junio-2024\/entrevista-con-maria-ortiz-aguilar-consejera-economica-y-comercial-de-la-embajada-de-espana-en-belgica-y-luxemburgo\/\">\r\n\t\tEntrevista con Mar\u00eda Ort\u00edz Aguilar, Consejera Econ\u00f3mica y Comercial de la Embajada de Espa\u00f1a en B\u00e9lgica y Luxemburgo\t<\/a>\r\n<\/h3>\r\n<a href=\"https:\/\/sff-camara.com\/es\/sff-magazine-junio-2024\/entrevista-con-maria-ortiz-aguilar-consejera-economica-y-comercial-de-la-embajada-de-espana-en-belgica-y-luxemburgo\/\" class=\"btn btn-link btn-underline btn-primary\">Leer m\u00e1s <i class=\"a-icon-long-arrow-right\"><\/i><\/a><\/div>\r\n\t<\/article>\r\n\r\n\t\r\n<\/div>\r\n\r\n\r\n<div class=\"post-wrap \" data-post-image=\"alpha-post-medium\">\r\n\r\n\t\r\n\t<article class=\"post-15339 post type-post status-publish format-standard has-post-thumbnail hentry category-noticias category-sff-magazine-junio-2024 category-sin-categorizar post overlay-zoom overlay-dark  post-modern\">\r\n\t\t\t\t\t<figure class=\"post-media\">\r\n\t\t\t\t\t\t\t\t<a href=\"https:\/\/sff-camara.com\/es\/noticias\/ya-esta-disponible-la-edicion-de-marzo-2024-del-sff-magazine-2\/\" aria-label=\"Post Media\">\r\n\t\t\t\t\t<img loading=\"lazy\" decoding=\"async\" width=\"600\" height=\"340\" src=\"https:\/\/sff-camara.com\/wp-content\/uploads\/2024\/11\/SFF-Magazine-June-2024-banner-600x340.png\" class=\"attachment-alpha-post-medium size-alpha-post-medium wp-post-image\" alt=\"\" \/>\t\t\t\t<\/a>\r\n\t\t\t<\/figure>\r\n\t\t\t<div class=\"post-details\">\r\n\t<div class=\"post-meta\">\r\n\t<a class=\"post-date\" href=\"https:\/\/sff-camara.com\/es\/2024\/06\/06\/\">junio 6, 2024<\/a>\r\n\r\n\t<\/div>\r\n<h3 class=\"post-title\">\r\n\t<a href=\"https:\/\/sff-camara.com\/es\/noticias\/ya-esta-disponible-la-edicion-de-marzo-2024-del-sff-magazine-2\/\">\r\n\t\tYa est\u00e1 disponible la edici\u00f3n de junio 2024 del SFF Magazine\t<\/a>\r\n<\/h3>\r\n<a href=\"https:\/\/sff-camara.com\/es\/noticias\/ya-esta-disponible-la-edicion-de-marzo-2024-del-sff-magazine-2\/\" class=\"btn btn-link btn-underline btn-primary\">Leer m\u00e1s <i class=\"a-icon-long-arrow-right\"><\/i><\/a><\/div>\r\n\t<\/article>\r\n\r\n\t\r\n<\/div>\r\n\r\n<\/div>\t\t\t\t<\/div>\n\t\t\t\t<\/div>\n\t\t\t\t<div class=\"elementor-element elementor-element-1457a4cf elementor-widget elementor-widget-spacer\" data-id=\"1457a4cf\" data-element_type=\"widget\" data-e-type=\"widget\" data-widget_type=\"spacer.default\">\n\t\t\t\t<div class=\"elementor-widget-container\">\n\t\t\t\t\t\t\t<div class=\"elementor-spacer\">\n\t\t\t<div class=\"elementor-spacer-inner\"><\/div>\n\t\t<\/div>\n\t\t\t\t\t\t<\/div>\n\t\t\t\t<\/div>\n\t\t\t\t\t\t<\/div>\r\n\t\t\t\t<\/div>\r\n\t\t\t\t\t\t\t\t<\/div>\r\n\t\t\t<\/section>\r\n\t\t\t\t\t<\/div>\n\t\t","protected":false},"excerpt":{"rendered":"<p>Una entrevista con: Francisco Garcia Figueroa, Country Head Luxembourg, Member of the Executive Committee Alex Bardaji, Country Head Spain Sergio Romero, Business Development Senior Manager Hoy en d\u00eda, Adepa es [&hellip;]<\/p>\n","protected":false},"author":2,"featured_media":13801,"comment_status":"closed","ping_status":"closed","sticky":false,"template":"","format":"standard","meta":{"_acf_changed":false,"_price":"","_stock":"","_tribe_ticket_header":"","_tribe_default_ticket_provider":"","_ticket_start_date":"","_ticket_end_date":"","_tribe_ticket_show_description":"","_tribe_ticket_show_not_going":false,"_tribe_ticket_use_global_stock":"","_tribe_ticket_global_stock_level":"","_global_stock_mode":"","_global_stock_cap":"","_tribe_rsvp_for_event":"","_tribe_ticket_going_count":"","_tribe_ticket_not_going_count":"","_tribe_tickets_list":"[]","_tribe_ticket_has_attendee_info_fields":false,"footnotes":""},"categories":[273],"tags":[213,173,167],"class_list":["post-13872","post","type-post","status-publish","format-standard","has-post-thumbnail","hentry","category-sff-magazine-junio-2024","tag-asset-management-es","tag-distribucion-de-fondos","tag-latam-es"],"acf":[],"yoast_head":"<!-- This site is optimized with the Yoast SEO plugin v27.1.1 - https:\/\/yoast.com\/product\/yoast-seo-wordpress\/ -->\n<title>MEET THE TEAM - Adepa | SFF<\/title>\n<meta name=\"description\" content=\"Adepa se fund\u00f3 en 1980 en Espa\u00f1a y tiene su sede en Luxemburgo desde 2006. Se ha convertido en un socio estrat\u00e9gico global para los gestores de activos y patrimonios, proporcionando un completo conjunto de servicios necesarios para establecer, operar, distribuir, administrar y cumplir con los requisitos reglamentarios para cualquier tipo de estructura de fondos en varias jurisdicciones.\" \/>\n<meta name=\"robots\" content=\"index, follow, max-snippet:-1, max-image-preview:large, max-video-preview:-1\" \/>\n<link rel=\"canonical\" href=\"https:\/\/sff-camara.com\/sff-magazine-june-2024\/meet-the-team-adepa\/\" \/>\n<meta property=\"og:locale\" content=\"es_ES\" \/>\n<meta property=\"og:type\" content=\"article\" \/>\n<meta property=\"og:title\" content=\"MEET THE TEAM - Adepa | SFF\" \/>\n<meta property=\"og:description\" content=\"Adepa se fund\u00f3 en 1980 en Espa\u00f1a y tiene su sede en Luxemburgo desde 2006. Se ha convertido en un socio estrat\u00e9gico global para los gestores de activos y patrimonios, proporcionando un completo conjunto de servicios necesarios para establecer, operar, distribuir, administrar y cumplir con los requisitos reglamentarios para cualquier tipo de estructura de fondos en varias jurisdicciones.\" \/>\n<meta property=\"og:url\" content=\"https:\/\/sff-camara.com\/sff-magazine-june-2024\/meet-the-team-adepa\/\" \/>\n<meta property=\"og:site_name\" content=\"SFF\" \/>\n<meta property=\"article:published_time\" content=\"2024-06-05T07:40:14+00:00\" \/>\n<meta property=\"article:modified_time\" content=\"2024-06-08T13:24:34+00:00\" \/>\n<meta property=\"og:image\" content=\"https:\/\/sff-camara.com\/wp-content\/uploads\/2024\/05\/ADEPA-Meet-the-Team-2.png\" \/>\n\t<meta property=\"og:image:width\" content=\"1936\" \/>\n\t<meta property=\"og:image:height\" content=\"1291\" \/>\n\t<meta property=\"og:image:type\" content=\"image\/png\" \/>\n<meta name=\"author\" content=\"SFF\" \/>\n<meta name=\"twitter:card\" content=\"summary_large_image\" \/>\n<meta name=\"twitter:label1\" content=\"Escrito por\" \/>\n\t<meta name=\"twitter:data1\" content=\"SFF\" \/>\n\t<meta name=\"twitter:label2\" content=\"Tiempo de lectura\" \/>\n\t<meta name=\"twitter:data2\" content=\"9 minutos\" \/>\n<script type=\"application\/ld+json\" class=\"yoast-schema-graph\">{\"@context\":\"https:\/\/schema.org\",\"@graph\":[{\"@type\":\"Article\",\"@id\":\"https:\/\/sff-camara.com\/sff-magazine-june-2024\/meet-the-team-adepa\/#article\",\"isPartOf\":{\"@id\":\"https:\/\/sff-camara.com\/sff-magazine-june-2024\/meet-the-team-adepa\/\"},\"author\":{\"name\":\"SFF\",\"@id\":\"https:\/\/sff-camara.com\/#\/schema\/person\/4adb1bc18ccd0824990c909ad888ece9\"},\"headline\":\"MEET THE TEAM &#8211; Adepa\",\"datePublished\":\"2024-06-05T07:40:14+00:00\",\"dateModified\":\"2024-06-08T13:24:34+00:00\",\"mainEntityOfPage\":{\"@id\":\"https:\/\/sff-camara.com\/sff-magazine-june-2024\/meet-the-team-adepa\/\"},\"wordCount\":1851,\"publisher\":{\"@id\":\"https:\/\/sff-camara.com\/#organization\"},\"image\":{\"@id\":\"https:\/\/sff-camara.com\/sff-magazine-june-2024\/meet-the-team-adepa\/#primaryimage\"},\"thumbnailUrl\":\"https:\/\/sff-camara.com\/wp-content\/uploads\/2024\/05\/ADEPA-Meet-the-Team-2.png\",\"keywords\":[\"Asset Management\",\"Distribuci\u00f3n de fondos\",\"LATAM\"],\"articleSection\":[\"SFF Magazine Junio 2024\"],\"inLanguage\":\"es\"},{\"@type\":\"WebPage\",\"@id\":\"https:\/\/sff-camara.com\/sff-magazine-june-2024\/meet-the-team-adepa\/\",\"url\":\"https:\/\/sff-camara.com\/sff-magazine-june-2024\/meet-the-team-adepa\/\",\"name\":\"MEET THE TEAM - Adepa | SFF\",\"isPartOf\":{\"@id\":\"https:\/\/sff-camara.com\/#website\"},\"primaryImageOfPage\":{\"@id\":\"https:\/\/sff-camara.com\/sff-magazine-june-2024\/meet-the-team-adepa\/#primaryimage\"},\"image\":{\"@id\":\"https:\/\/sff-camara.com\/sff-magazine-june-2024\/meet-the-team-adepa\/#primaryimage\"},\"thumbnailUrl\":\"https:\/\/sff-camara.com\/wp-content\/uploads\/2024\/05\/ADEPA-Meet-the-Team-2.png\",\"datePublished\":\"2024-06-05T07:40:14+00:00\",\"dateModified\":\"2024-06-08T13:24:34+00:00\",\"description\":\"Adepa se fund\u00f3 en 1980 en Espa\u00f1a y tiene su sede en Luxemburgo desde 2006. Se ha convertido en un socio estrat\u00e9gico global para los gestores de activos y patrimonios, proporcionando un completo conjunto de servicios necesarios para establecer, operar, distribuir, administrar y cumplir con los requisitos reglamentarios para cualquier tipo de estructura de fondos en varias jurisdicciones.\",\"breadcrumb\":{\"@id\":\"https:\/\/sff-camara.com\/sff-magazine-june-2024\/meet-the-team-adepa\/#breadcrumb\"},\"inLanguage\":\"es\",\"potentialAction\":[{\"@type\":\"ReadAction\",\"target\":[\"https:\/\/sff-camara.com\/sff-magazine-june-2024\/meet-the-team-adepa\/\"]}]},{\"@type\":\"ImageObject\",\"inLanguage\":\"es\",\"@id\":\"https:\/\/sff-camara.com\/sff-magazine-june-2024\/meet-the-team-adepa\/#primaryimage\",\"url\":\"https:\/\/sff-camara.com\/wp-content\/uploads\/2024\/05\/ADEPA-Meet-the-Team-2.png\",\"contentUrl\":\"https:\/\/sff-camara.com\/wp-content\/uploads\/2024\/05\/ADEPA-Meet-the-Team-2.png\",\"width\":1936,\"height\":1291},{\"@type\":\"BreadcrumbList\",\"@id\":\"https:\/\/sff-camara.com\/sff-magazine-june-2024\/meet-the-team-adepa\/#breadcrumb\",\"itemListElement\":[{\"@type\":\"ListItem\",\"position\":1,\"name\":\"Home\",\"item\":\"https:\/\/sff-camara.com\/\"},{\"@type\":\"ListItem\",\"position\":2,\"name\":\"MEET THE TEAM &#8211; Adepa\"}]},{\"@type\":\"WebSite\",\"@id\":\"https:\/\/sff-camara.com\/#website\",\"url\":\"https:\/\/sff-camara.com\/\",\"name\":\"SFF\",\"description\":\"Spanish Financial Forum in Luxembourg\",\"publisher\":{\"@id\":\"https:\/\/sff-camara.com\/#organization\"},\"potentialAction\":[{\"@type\":\"SearchAction\",\"target\":{\"@type\":\"EntryPoint\",\"urlTemplate\":\"https:\/\/sff-camara.com\/?s={search_term_string}\"},\"query-input\":{\"@type\":\"PropertyValueSpecification\",\"valueRequired\":true,\"valueName\":\"search_term_string\"}}],\"inLanguage\":\"es\"},{\"@type\":\"Organization\",\"@id\":\"https:\/\/sff-camara.com\/#organization\",\"name\":\"Spanish Financial Forum in Luxembourg\",\"url\":\"https:\/\/sff-camara.com\/\",\"logo\":{\"@type\":\"ImageObject\",\"inLanguage\":\"es\",\"@id\":\"https:\/\/sff-camara.com\/#\/schema\/logo\/image\/\",\"url\":\"https:\/\/sff-camara.com\/wp-content\/uploads\/2023\/02\/cropped-LOGO-1.png\",\"contentUrl\":\"https:\/\/sff-camara.com\/wp-content\/uploads\/2023\/02\/cropped-LOGO-1.png\",\"width\":586,\"height\":222,\"caption\":\"Spanish Financial Forum in Luxembourg\"},\"image\":{\"@id\":\"https:\/\/sff-camara.com\/#\/schema\/logo\/image\/\"},\"sameAs\":[\"https:\/\/www.linkedin.com\/company\/camara-oficial-de-comercio-de-espana-en-belgica-y-luxemburgo\/\"]},{\"@type\":\"Person\",\"@id\":\"https:\/\/sff-camara.com\/#\/schema\/person\/4adb1bc18ccd0824990c909ad888ece9\",\"name\":\"SFF\",\"url\":\"https:\/\/sff-camara.com\/es\/author\/planinluxadmin\/\"}]}<\/script>\n<!-- \/ Yoast SEO plugin. -->","yoast_head_json":{"title":"MEET THE TEAM - Adepa | SFF","description":"Adepa se fund\u00f3 en 1980 en Espa\u00f1a y tiene su sede en Luxemburgo desde 2006. Se ha convertido en un socio estrat\u00e9gico global para los gestores de activos y patrimonios, proporcionando un completo conjunto de servicios necesarios para establecer, operar, distribuir, administrar y cumplir con los requisitos reglamentarios para cualquier tipo de estructura de fondos en varias jurisdicciones.","robots":{"index":"index","follow":"follow","max-snippet":"max-snippet:-1","max-image-preview":"max-image-preview:large","max-video-preview":"max-video-preview:-1"},"canonical":"https:\/\/sff-camara.com\/sff-magazine-june-2024\/meet-the-team-adepa\/","og_locale":"es_ES","og_type":"article","og_title":"MEET THE TEAM - Adepa | SFF","og_description":"Adepa se fund\u00f3 en 1980 en Espa\u00f1a y tiene su sede en Luxemburgo desde 2006. Se ha convertido en un socio estrat\u00e9gico global para los gestores de activos y patrimonios, proporcionando un completo conjunto de servicios necesarios para establecer, operar, distribuir, administrar y cumplir con los requisitos reglamentarios para cualquier tipo de estructura de fondos en varias jurisdicciones.","og_url":"https:\/\/sff-camara.com\/sff-magazine-june-2024\/meet-the-team-adepa\/","og_site_name":"SFF","article_published_time":"2024-06-05T07:40:14+00:00","article_modified_time":"2024-06-08T13:24:34+00:00","og_image":[{"width":1936,"height":1291,"url":"https:\/\/sff-camara.com\/wp-content\/uploads\/2024\/05\/ADEPA-Meet-the-Team-2.png","type":"image\/png"}],"author":"SFF","twitter_card":"summary_large_image","twitter_misc":{"Escrito por":"SFF","Tiempo de lectura":"9 minutos"},"schema":{"@context":"https:\/\/schema.org","@graph":[{"@type":"Article","@id":"https:\/\/sff-camara.com\/sff-magazine-june-2024\/meet-the-team-adepa\/#article","isPartOf":{"@id":"https:\/\/sff-camara.com\/sff-magazine-june-2024\/meet-the-team-adepa\/"},"author":{"name":"SFF","@id":"https:\/\/sff-camara.com\/#\/schema\/person\/4adb1bc18ccd0824990c909ad888ece9"},"headline":"MEET THE TEAM &#8211; Adepa","datePublished":"2024-06-05T07:40:14+00:00","dateModified":"2024-06-08T13:24:34+00:00","mainEntityOfPage":{"@id":"https:\/\/sff-camara.com\/sff-magazine-june-2024\/meet-the-team-adepa\/"},"wordCount":1851,"publisher":{"@id":"https:\/\/sff-camara.com\/#organization"},"image":{"@id":"https:\/\/sff-camara.com\/sff-magazine-june-2024\/meet-the-team-adepa\/#primaryimage"},"thumbnailUrl":"https:\/\/sff-camara.com\/wp-content\/uploads\/2024\/05\/ADEPA-Meet-the-Team-2.png","keywords":["Asset Management","Distribuci\u00f3n de fondos","LATAM"],"articleSection":["SFF Magazine Junio 2024"],"inLanguage":"es"},{"@type":"WebPage","@id":"https:\/\/sff-camara.com\/sff-magazine-june-2024\/meet-the-team-adepa\/","url":"https:\/\/sff-camara.com\/sff-magazine-june-2024\/meet-the-team-adepa\/","name":"MEET THE TEAM - Adepa | SFF","isPartOf":{"@id":"https:\/\/sff-camara.com\/#website"},"primaryImageOfPage":{"@id":"https:\/\/sff-camara.com\/sff-magazine-june-2024\/meet-the-team-adepa\/#primaryimage"},"image":{"@id":"https:\/\/sff-camara.com\/sff-magazine-june-2024\/meet-the-team-adepa\/#primaryimage"},"thumbnailUrl":"https:\/\/sff-camara.com\/wp-content\/uploads\/2024\/05\/ADEPA-Meet-the-Team-2.png","datePublished":"2024-06-05T07:40:14+00:00","dateModified":"2024-06-08T13:24:34+00:00","description":"Adepa se fund\u00f3 en 1980 en Espa\u00f1a y tiene su sede en Luxemburgo desde 2006. Se ha convertido en un socio estrat\u00e9gico global para los gestores de activos y patrimonios, proporcionando un completo conjunto de servicios necesarios para establecer, operar, distribuir, administrar y cumplir con los requisitos reglamentarios para cualquier tipo de estructura de fondos en varias jurisdicciones.","breadcrumb":{"@id":"https:\/\/sff-camara.com\/sff-magazine-june-2024\/meet-the-team-adepa\/#breadcrumb"},"inLanguage":"es","potentialAction":[{"@type":"ReadAction","target":["https:\/\/sff-camara.com\/sff-magazine-june-2024\/meet-the-team-adepa\/"]}]},{"@type":"ImageObject","inLanguage":"es","@id":"https:\/\/sff-camara.com\/sff-magazine-june-2024\/meet-the-team-adepa\/#primaryimage","url":"https:\/\/sff-camara.com\/wp-content\/uploads\/2024\/05\/ADEPA-Meet-the-Team-2.png","contentUrl":"https:\/\/sff-camara.com\/wp-content\/uploads\/2024\/05\/ADEPA-Meet-the-Team-2.png","width":1936,"height":1291},{"@type":"BreadcrumbList","@id":"https:\/\/sff-camara.com\/sff-magazine-june-2024\/meet-the-team-adepa\/#breadcrumb","itemListElement":[{"@type":"ListItem","position":1,"name":"Home","item":"https:\/\/sff-camara.com\/"},{"@type":"ListItem","position":2,"name":"MEET THE TEAM &#8211; Adepa"}]},{"@type":"WebSite","@id":"https:\/\/sff-camara.com\/#website","url":"https:\/\/sff-camara.com\/","name":"SFF","description":"Spanish Financial Forum in Luxembourg","publisher":{"@id":"https:\/\/sff-camara.com\/#organization"},"potentialAction":[{"@type":"SearchAction","target":{"@type":"EntryPoint","urlTemplate":"https:\/\/sff-camara.com\/?s={search_term_string}"},"query-input":{"@type":"PropertyValueSpecification","valueRequired":true,"valueName":"search_term_string"}}],"inLanguage":"es"},{"@type":"Organization","@id":"https:\/\/sff-camara.com\/#organization","name":"Spanish Financial Forum in Luxembourg","url":"https:\/\/sff-camara.com\/","logo":{"@type":"ImageObject","inLanguage":"es","@id":"https:\/\/sff-camara.com\/#\/schema\/logo\/image\/","url":"https:\/\/sff-camara.com\/wp-content\/uploads\/2023\/02\/cropped-LOGO-1.png","contentUrl":"https:\/\/sff-camara.com\/wp-content\/uploads\/2023\/02\/cropped-LOGO-1.png","width":586,"height":222,"caption":"Spanish Financial Forum in Luxembourg"},"image":{"@id":"https:\/\/sff-camara.com\/#\/schema\/logo\/image\/"},"sameAs":["https:\/\/www.linkedin.com\/company\/camara-oficial-de-comercio-de-espana-en-belgica-y-luxemburgo\/"]},{"@type":"Person","@id":"https:\/\/sff-camara.com\/#\/schema\/person\/4adb1bc18ccd0824990c909ad888ece9","name":"SFF","url":"https:\/\/sff-camara.com\/es\/author\/planinluxadmin\/"}]}},"_links":{"self":[{"href":"https:\/\/sff-camara.com\/es\/wp-json\/wp\/v2\/posts\/13872","targetHints":{"allow":["GET"]}}],"collection":[{"href":"https:\/\/sff-camara.com\/es\/wp-json\/wp\/v2\/posts"}],"about":[{"href":"https:\/\/sff-camara.com\/es\/wp-json\/wp\/v2\/types\/post"}],"author":[{"embeddable":true,"href":"https:\/\/sff-camara.com\/es\/wp-json\/wp\/v2\/users\/2"}],"replies":[{"embeddable":true,"href":"https:\/\/sff-camara.com\/es\/wp-json\/wp\/v2\/comments?post=13872"}],"version-history":[{"count":15,"href":"https:\/\/sff-camara.com\/es\/wp-json\/wp\/v2\/posts\/13872\/revisions"}],"predecessor-version":[{"id":14556,"href":"https:\/\/sff-camara.com\/es\/wp-json\/wp\/v2\/posts\/13872\/revisions\/14556"}],"wp:featuredmedia":[{"embeddable":true,"href":"https:\/\/sff-camara.com\/es\/wp-json\/wp\/v2\/media\/13801"}],"wp:attachment":[{"href":"https:\/\/sff-camara.com\/es\/wp-json\/wp\/v2\/media?parent=13872"}],"wp:term":[{"taxonomy":"category","embeddable":true,"href":"https:\/\/sff-camara.com\/es\/wp-json\/wp\/v2\/categories?post=13872"},{"taxonomy":"post_tag","embeddable":true,"href":"https:\/\/sff-camara.com\/es\/wp-json\/wp\/v2\/tags?post=13872"}],"curies":[{"name":"wp","href":"https:\/\/api.w.org\/{rel}","templated":true}]}}