{"id":13523,"date":"2024-03-06T07:00:35","date_gmt":"2024-03-06T07:00:35","guid":{"rendered":"https:\/\/sff-camara.com\/?p=13523"},"modified":"2024-03-07T10:25:05","modified_gmt":"2024-03-07T10:25:05","slug":"entrevista-con-jose-luis-blanco-director-general-ejecutivo-del-instituto-de-la-empresa-familiar","status":"publish","type":"post","link":"https:\/\/sff-camara.com\/es\/sff-magazine-marzo-2024\/entrevista-con-jose-luis-blanco-director-general-ejecutivo-del-instituto-de-la-empresa-familiar\/","title":{"rendered":"Entrevista con Jos\u00e9 Luis Blanco, Director General Ejecutivo del Instituto de la Empresa Familiar"},"content":{"rendered":"\t\t<div data-elementor-type=\"wp-post\" data-elementor-id=\"13523\" class=\"elementor elementor-13523 elementor-13522\">\n\t\t\t\t\t\t<section class=\" elementor-section elementor-top-section elementor-element elementor-element-f377bdd elementor-section-boxed elementor-section-height-default elementor-section-height-default\" data-id=\"f377bdd\" data-element_type=\"section\" data-e-type=\"section\">\r\n\t\t\t\t\t\t\t\t<div class=\"elementor-container elementor-column-gap-default\">\r\n\t\t\t\t\r\n\t\t\t\t\t\t\t\t<div class=\" elementor-column elementor-col-100 elementor-top-column elementor-element elementor-element-26c6730c \" data-id=\"26c6730c\" data-element_type=\"column\" data-e-type=\"column\">\r\n\r\n\t\t\t\t\r\n\t\t\t\t<div class=\"elementor-widget-wrap elementor-element-populated\">\r\n\t\t\t\t\t\t\t\t\t\t\r\n\t\t\t\t\t\t<div class=\"elementor-element elementor-element-7ba72526 elementor-widget elementor-widget-heading\" data-id=\"7ba72526\" data-element_type=\"widget\" data-e-type=\"widget\" data-widget_type=\"heading.default\">\n\t\t\t\t<div class=\"elementor-widget-container\">\n\t\t\t\t\t<h3 class=\"elementor-heading-title elementor-size-default\">Entrevista con Jos\u00e9 Luis Blanco, Director General Ejecutivo del Instituto de la Empresa Familiar<\/h3>\t\t\t\t<\/div>\n\t\t\t\t<\/div>\n\t\t\t\t<div class=\"elementor-element elementor-element-22afa2a4 elementor-widget elementor-widget-spacer\" data-id=\"22afa2a4\" data-element_type=\"widget\" data-e-type=\"widget\" data-widget_type=\"spacer.default\">\n\t\t\t\t<div class=\"elementor-widget-container\">\n\t\t\t\t\t\t\t<div class=\"elementor-spacer\">\n\t\t\t<div class=\"elementor-spacer-inner\"><\/div>\n\t\t<\/div>\n\t\t\t\t\t\t<\/div>\n\t\t\t\t<\/div>\n\t\t\t\t<div class=\"elementor-element elementor-element-4f1fdaa8 elementor-widget elementor-widget-text-editor\" data-id=\"4f1fdaa8\" data-element_type=\"widget\" data-e-type=\"widget\" data-widget_type=\"text-editor.default\">\n\t\t\t\t<div class=\"elementor-widget-container\">\n\t\t\t\t\t\t\t\t\t<a href=\"https:\/\/sff-camara.com\/es\/categoria\/sff-magazine-marzo-2024\/\" rel=\"tag\">SFF Magazine Marzo 2024<\/a>\t\t\t\t\t\t\t\t<\/div>\n\t\t\t\t<\/div>\n\t\t\t\t<div class=\"elementor-element elementor-element-aa938f1 elementor-widget elementor-widget-image\" data-id=\"aa938f1\" data-element_type=\"widget\" data-e-type=\"widget\" data-widget_type=\"image.default\">\n\t\t\t\t<div class=\"elementor-widget-container\">\n\t\t\t\t\t\t\t\t\t\t\t\t\t\t\t\t<a href=\"https:\/\/www.iefamiliar.com\" target=\"_blank\">\n\t\t\t\t\t\t\t<img decoding=\"async\" width=\"300\" height=\"111\" src=\"https:\/\/sff-camara.com\/wp-content\/uploads\/2024\/03\/IEF-Logo-300x111.png\" class=\"attachment-medium size-medium wp-image-13519\" alt=\"\" \/>\t\t\t\t\t\t\t\t<\/a>\n\t\t\t\t\t\t\t\t\t\t\t\t\t\t\t<\/div>\n\t\t\t\t<\/div>\n\t\t\t\t<div class=\"elementor-element elementor-element-3eef0661 elementor-widget elementor-widget-text-editor\" data-id=\"3eef0661\" data-element_type=\"widget\" data-e-type=\"widget\" data-widget_type=\"text-editor.default\">\n\t\t\t\t<div class=\"elementor-widget-container\">\n\t\t\t\t\t\t\t\t\tTem\u00e1ticas: <a href=\"https:\/\/sff-camara.com\/es\/temticas\/empresas-familiares\/\" rel=\"tag\">Empresas Familiares<\/a>, <a href=\"https:\/\/sff-camara.com\/es\/temticas\/tendencias\/\" rel=\"tag\">Tendencias<\/a>\t\t\t\t\t\t\t\t<\/div>\n\t\t\t\t<\/div>\n\t\t\t\t\t\t<\/div>\r\n\t\t\t\t<\/div>\r\n\t\t\t\t\t\t\t\t<\/div>\r\n\t\t\t<\/section>\r\n\t\t\t\t\t<section class=\" elementor-section elementor-top-section elementor-element elementor-element-82869f4 elementor-section-boxed elementor-section-height-default elementor-section-height-default\" data-id=\"82869f4\" data-element_type=\"section\" data-e-type=\"section\">\r\n\t\t\t\t\t\t\t\t<div class=\"elementor-container elementor-column-gap-default\">\r\n\t\t\t\t\r\n\t\t\t\t\t\t\t\t<div class=\" elementor-column elementor-col-50 elementor-top-column elementor-element elementor-element-ba2e497 \" data-id=\"ba2e497\" data-element_type=\"column\" data-e-type=\"column\">\r\n\r\n\t\t\t\t\r\n\t\t\t\t<div class=\"elementor-widget-wrap elementor-element-populated\">\r\n\t\t\t\t\t\t\t\t\t\t\r\n\t\t\t\t\t\t<div class=\"elementor-element elementor-element-c159c64 elementor-widget elementor-widget-image\" data-id=\"c159c64\" data-element_type=\"widget\" data-e-type=\"widget\" data-widget_type=\"image.default\">\n\t\t\t\t<div class=\"elementor-widget-container\">\n\t\t\t\t\t\t\t\t\t\t\t\t\t\t\t<img fetchpriority=\"high\" decoding=\"async\" width=\"768\" height=\"531\" src=\"https:\/\/sff-camara.com\/wp-content\/uploads\/2024\/03\/Foto-JLB.jpg\" class=\"attachment-large size-large wp-image-13480\" alt=\"\" \/>\t\t\t\t\t\t\t\t\t\t\t\t\t\t\t<\/div>\n\t\t\t\t<\/div>\n\t\t\t\t\t\t<\/div>\r\n\t\t\t\t<\/div>\r\n\t\t\t\t\t\t\t\t\t<div class=\" elementor-column elementor-col-50 elementor-top-column elementor-element elementor-element-b79cebe \" data-id=\"b79cebe\" data-element_type=\"column\" data-e-type=\"column\">\r\n\r\n\t\t\t\t\r\n\t\t\t\t<div class=\"elementor-widget-wrap elementor-element-populated\">\r\n\t\t\t\t\t\t\t\t\t\t\r\n\t\t\t\t\t\t<div class=\"elementor-element elementor-element-07b143d elementor-widget elementor-widget-text-editor\" data-id=\"07b143d\" data-element_type=\"widget\" data-e-type=\"widget\" data-widget_type=\"text-editor.default\">\n\t\t\t\t<div class=\"elementor-widget-container\">\n\t\t\t\t\t\t\t\t\t<p><strong>Jos\u00e9 Luis Blanco<\/strong> es <strong>abogado<\/strong> de formaci\u00f3n. Se licenci\u00f3 en Derecho en la Universidad Aut\u00f3noma de Barcelona y, con posterioridad obtuvo su graduaci\u00f3n como Master of Laws en la facultad de Derecho de la Universidad de Yale (LLM Yale \u201c86\u201d).<\/p>\n<p>Su trayectoria profesional se inici\u00f3 en Arthur Andersen, firma de la que fue socio mundial. Form\u00f3 parte del Comit\u00e9 de integraci\u00f3n entre Arthur Andersen y Garrigues que dio lugar a Garrigues y Andersen.<span class=\"Apple-converted-space\">\u00a0<\/span><\/p>\n<p>En el a\u00f1o 1999 se incorpor\u00f3 a Cuatrecasas como coordinador nacional de fusiones y adquisiciones.<\/p>\n<p>En el a\u00f1o 2007 fund\u00f3 en Espa\u00f1a Latham &amp; Watkins, firma de la que fue Managing Partner hasta 2017, a\u00f1o en que pas\u00f3 a la condici\u00f3n de Retired Partner de la firma.<\/p>\n<p><strong>En el a\u00f1o 2020 se incorpor\u00f3 a Instituto de la Empresa Familiar (IEF) como Director General Ejecutivo.<\/strong><\/p>\n<p>Adem\u00e1s de esta responsabilidad profesional, sigue ejerciendo como abogado asesorando a compa\u00f1\u00edas en operaciones estrat\u00e9gicas y en situaciones especiales. Tambi\u00e9n act\u00faa como \u00e1rbitro en procedimientos nacionales e internacionales relacionados con las fusiones y adquisiciones.<\/p>\n\t\t\t\t\t\t\t\t<\/div>\n\t\t\t\t<\/div>\n\t\t\t\t\t\t<\/div>\r\n\t\t\t\t<\/div>\r\n\t\t\t\t\t\t\t\t<\/div>\r\n\t\t\t<\/section>\r\n\t\t\t\t\t<section class=\" elementor-section elementor-top-section elementor-element elementor-element-2aa080d elementor-section-boxed elementor-section-height-default elementor-section-height-default\" data-id=\"2aa080d\" data-element_type=\"section\" data-e-type=\"section\">\r\n\t\t\t\t\t\t\t\t<div class=\"elementor-container elementor-column-gap-default\">\r\n\t\t\t\t\r\n\t\t\t\t\t\t\t\t<div class=\" elementor-column elementor-col-100 elementor-top-column elementor-element elementor-element-e477e8d \" data-id=\"e477e8d\" data-element_type=\"column\" data-e-type=\"column\">\r\n\r\n\t\t\t\t\r\n\t\t\t\t<div class=\"elementor-widget-wrap elementor-element-populated\">\r\n\t\t\t\t\t\t\t\t\t\t\r\n\t\t\t\t\t\t<div class=\"elementor-element elementor-element-9d844e2 elementor-widget-divider--view-line elementor-widget elementor-widget-divider\" data-id=\"9d844e2\" data-element_type=\"widget\" data-e-type=\"widget\" data-widget_type=\"divider.default\">\n\t\t\t\t<div class=\"elementor-widget-container\">\n\t\t\t\t\t\t\t<div class=\"elementor-divider\">\n\t\t\t<span class=\"elementor-divider-separator\">\n\t\t\t\t\t\t<\/span>\n\t\t<\/div>\n\t\t\t\t\t\t<\/div>\n\t\t\t\t<\/div>\n\t\t\t\t\t\t<\/div>\r\n\t\t\t\t<\/div>\r\n\t\t\t\t\t\t\t\t<\/div>\r\n\t\t\t<\/section>\r\n\t\t\t\t\t<section class=\" elementor-section elementor-top-section elementor-element elementor-element-5d2da3a elementor-section-boxed elementor-section-height-default elementor-section-height-default\" data-id=\"5d2da3a\" data-element_type=\"section\" data-e-type=\"section\">\r\n\t\t\t\t\t\t\t\t<div class=\"elementor-container elementor-column-gap-default\">\r\n\t\t\t\t\r\n\t\t\t\t\t\t\t\t<div class=\" elementor-column elementor-col-66 elementor-top-column elementor-element elementor-element-3fd8acf \" data-id=\"3fd8acf\" data-element_type=\"column\" data-e-type=\"column\">\r\n\r\n\t\t\t\t\r\n\t\t\t\t<div class=\"elementor-widget-wrap elementor-element-populated\">\r\n\t\t\t\t\t\t\t\t\t\t\r\n\t\t\t\t\t\t<div class=\"elementor-element elementor-element-c3bac4b elementor-widget elementor-widget-text-editor\" data-id=\"c3bac4b\" data-element_type=\"widget\" data-e-type=\"widget\" data-widget_type=\"text-editor.default\">\n\t\t\t\t<div class=\"elementor-widget-container\">\n\t\t\t\t\t\t\t\t\t<h4><b>Desde su fundaci\u00f3n en 1992, el Instituto de la Empresa Familiar (IEF) se ha consolidado como una de las principales organizaciones empresariales en Espa\u00f1a. \u00bfCu\u00e1l es su estructura organizativa, qu\u00e9 objetivos persigue y qu\u00e9 valor a\u00f1adido aporta a sus miembros?<\/b><\/h4>\n<p>El IEF es una <b>asociaci\u00f3n sin \u00e1nimo de lucro<\/b> formada por un <i>numerus clausus<\/i> de <b>cien socios que agrupa a las empresas familiares m\u00e1s importantes de Espa\u00f1a<\/b>.<\/p>\n<p>La labor del IEF se centra e dos \u00e1mbitos principales. En primer lugar, <b>promover las mejores pr\u00e1cticas<\/b> <b>en el seno de las empresas familiares<\/b> con el objetivo de fomentar el mejor gobierno corporativo y las actuaciones necesarias para hacer frente a los desaf\u00edos espec\u00edficos de las empresas familiares tales como el relevo generacional, la integraci\u00f3n de las diferentes ramas familiares en el proyecto empresarial, entre otras.<\/p>\n<p>En segundo lugar, el IEF tiene como misi\u00f3n <b>prestigiar a las empresas familiares<\/b> y procurar que la sociedad pueda conocer y valorar todo lo que representan como veh\u00edculo de integraci\u00f3n de las personas en la sociedad y como instrumento de progreso y prosperidad.<\/p>\n\t\t\t\t\t\t\t\t<\/div>\n\t\t\t\t<\/div>\n\t\t\t\t\t\t<\/div>\r\n\t\t\t\t<\/div>\r\n\t\t\t\t\t\t\t\t\t<div class=\" elementor-column elementor-col-33 elementor-top-column elementor-element elementor-element-ccf808b \" data-id=\"ccf808b\" data-element_type=\"column\" data-e-type=\"column\">\r\n\r\n\t\t\t\t\r\n\t\t\t\t<div class=\"elementor-widget-wrap elementor-element-populated\">\r\n\t\t\t\t\t\t\t\t\t\t\r\n\t\t\t\t\t\t<div class=\"elementor-element elementor-element-b349c2f elementor-widget elementor-widget-text-editor\" data-id=\"b349c2f\" data-element_type=\"widget\" data-e-type=\"widget\" data-widget_type=\"text-editor.default\">\n\t\t\t\t<div class=\"elementor-widget-container\">\n\t\t\t\t\t\t\t\t\t<blockquote>\n<h4>\u00abEl IEF es una <b>asociaci\u00f3n sin \u00e1nimo de lucro<\/b> formada por un <i>numerus clausus<\/i> de <b>cien socios que agrupa a las empresas familiares m\u00e1s importantes de Espa\u00f1a<\/b>.\u00bb<\/h4>\n<\/blockquote>\n\t\t\t\t\t\t\t\t<\/div>\n\t\t\t\t<\/div>\n\t\t\t\t\t\t<\/div>\r\n\t\t\t\t<\/div>\r\n\t\t\t\t\t\t\t\t<\/div>\r\n\t\t\t<\/section>\r\n\t\t\t\t\t<section class=\" elementor-section elementor-top-section elementor-element elementor-element-4493726 elementor-section-boxed elementor-section-height-default elementor-section-height-default\" data-id=\"4493726\" data-element_type=\"section\" data-e-type=\"section\">\r\n\t\t\t\t\t\t\t\t<div class=\"elementor-container elementor-column-gap-default\">\r\n\t\t\t\t\r\n\t\t\t\t\t\t\t\t<div class=\" elementor-column elementor-col-100 elementor-top-column elementor-element elementor-element-c44f137 \" data-id=\"c44f137\" data-element_type=\"column\" data-e-type=\"column\">\r\n\r\n\t\t\t\t\r\n\t\t\t\t<div class=\"elementor-widget-wrap elementor-element-populated\">\r\n\t\t\t\t\t\t\t\t\t\t\r\n\t\t\t\t\t\t<div class=\"elementor-element elementor-element-3326f45 elementor-widget elementor-widget-text-editor\" data-id=\"3326f45\" data-element_type=\"widget\" data-e-type=\"widget\" data-widget_type=\"text-editor.default\">\n\t\t\t\t<div class=\"elementor-widget-container\">\n\t\t\t\t\t\t\t\t\t<h4><b>\u00bfC\u00f3mo colabora el Instituto con otras instituciones y organizaciones para fortalecer el ecosistema de empresas familiares? \u00bfQu\u00e9 beneficios aporta la creaci\u00f3n de redes y alianzas en este contexto?<\/b><\/h4>\n<p>Estas actuaciones las desarrolla el IEF en coordinaci\u00f3n con las <b>dieciocho Asociaciones Territoriales<\/b> (AATT) con las que est\u00e1 vinculado, presentes en toda la geograf\u00eda espa\u00f1ola y a las que est\u00e1n afiliadas casi dos mil empresas familiares.<\/p>\n<p>As\u00ed, el IEF y las dieciocho AATT, desde el m\u00e1ximo respeto a su autonom\u00eda, trabaja conjuntamente en la persecuci\u00f3n de los objetivos compartidos.<\/p>\n<p>En el desarrollo de esa tarea, <b>el IEF y las AATT colaboran con instituciones acad\u00e9micas, p\u00fablicas y privadas para profundizar en el mejor conocimiento de la realidad de las empresas familiares y en el an\u00e1lisis y estudio de sus problem\u00e1ticas principales<\/b>.<\/p>\n<p>A modo de ejemplo, cabe citar la \u201c<b>Red de C\u00e1tedras<\/b>\u201d que agrupa a treinta y nueve instituciones universitarias que disponen de centros especializados en la empresa familiar.<\/p>\n<p>Adem\u00e1s, el IEF, junto con el <b>IESE,<\/b> han puesto en marcha el <b>foro de reflexi\u00f3n sobre la empresa familiar<\/b> que, con car\u00e1cter anual, revisa cuestiones de m\u00e1ximo inter\u00e9s para las empresas familiares con la participaci\u00f3n de acad\u00e9micos y empresarios.<\/p>\n<p>Otros \u00e1mbitos de colaboraci\u00f3n institucional incluyen el desarrollo de un foro sobre empresa familiar y mercado de capitales, en colaboraci\u00f3n con la Comisi\u00f3n Nacional de Mercado de Valores (CNMV), Bolsas y Mercados y firmas profesionales de primer nivel que aborda las principales cuestiones relacionadas con el acceso y la permanencia de la empresa familiar en los mercados de capitales.<\/p>\n<p>Finalmente <b>el IEF es el representante espa\u00f1ol en el <i>European Family Businesses<\/i> (EFB) y en el <i>Family Business Network<\/i> (FBN)<\/b>, organizaciones empresariales de alcance internacional de los que ha sido activo promotor y miembro comprometido.<\/p>\n\t\t\t\t\t\t\t\t<\/div>\n\t\t\t\t<\/div>\n\t\t\t\t\t\t<\/div>\r\n\t\t\t\t<\/div>\r\n\t\t\t\t\t\t\t\t<\/div>\r\n\t\t\t<\/section>\r\n\t\t\t\t\t<section class=\" elementor-section elementor-top-section elementor-element elementor-element-fac67f7 elementor-section-boxed elementor-section-height-default elementor-section-height-default\" data-id=\"fac67f7\" data-element_type=\"section\" data-e-type=\"section\">\r\n\t\t\t\t\t\t\t\t<div class=\"elementor-container elementor-column-gap-default\">\r\n\t\t\t\t\r\n\t\t\t\t\t\t\t\t<div class=\" elementor-column elementor-col-100 elementor-top-column elementor-element elementor-element-7f840b5 \" data-id=\"7f840b5\" data-element_type=\"column\" data-e-type=\"column\">\r\n\r\n\t\t\t\t\r\n\t\t\t\t<div class=\"elementor-widget-wrap elementor-element-populated\">\r\n\t\t\t\t\t\t\t\t\t\t\r\n\t\t\t\t\t\t<div class=\"elementor-element elementor-element-7b0c72b elementor-widget elementor-widget-text-editor\" data-id=\"7b0c72b\" data-element_type=\"widget\" data-e-type=\"widget\" data-widget_type=\"text-editor.default\">\n\t\t\t\t<div class=\"elementor-widget-container\">\n\t\t\t\t\t\t\t\t\t<blockquote>\n<h4>\u00abEl IEF es el representante espa\u00f1ol en el <i>European Family Businesses<\/i> (EFB) y en el <i>Family Business Network<\/i> (FBN), organizaciones empresariales de alcance internacional de los que ha sido activo promotor y miembro comprometido.\u00bb<\/h4>\n<\/blockquote>\n\t\t\t\t\t\t\t\t<\/div>\n\t\t\t\t<\/div>\n\t\t\t\t\t\t<\/div>\r\n\t\t\t\t<\/div>\r\n\t\t\t\t\t\t\t\t<\/div>\r\n\t\t\t<\/section>\r\n\t\t\t\t\t<section class=\" elementor-section elementor-top-section elementor-element elementor-element-9e37549 elementor-section-boxed elementor-section-height-default elementor-section-height-default\" data-id=\"9e37549\" data-element_type=\"section\" data-e-type=\"section\">\r\n\t\t\t\t\t\t\t\t<div class=\"elementor-container elementor-column-gap-default\">\r\n\t\t\t\t\r\n\t\t\t\t\t\t\t\t<div class=\" elementor-column elementor-col-100 elementor-top-column elementor-element elementor-element-04785e7 \" data-id=\"04785e7\" data-element_type=\"column\" data-e-type=\"column\">\r\n\r\n\t\t\t\t\r\n\t\t\t\t<div class=\"elementor-widget-wrap elementor-element-populated\">\r\n\t\t\t\t\t\t\t\t\t\t\r\n\t\t\t\t\t\t<div class=\"elementor-element elementor-element-685ebce elementor-widget elementor-widget-text-editor\" data-id=\"685ebce\" data-element_type=\"widget\" data-e-type=\"widget\" data-widget_type=\"text-editor.default\">\n\t\t\t\t<div class=\"elementor-widget-container\">\n\t\t\t\t\t\t\t\t\t<h4><b>En Espa\u00f1a, las empresas privadas familiares representan casi el 90% del tejido empresarial. \u00bfQu\u00e9 valor aporta este colectivo al conjunto de la econom\u00eda espa\u00f1ol?<span class=\"Apple-converted-space\">\u00a0<\/span><\/b><b>\u00a0<\/b><\/h4>\n<p>Espa\u00f1a es uno de los pa\u00edses del mundo cuyo tejido empresarial muestra mayor presencia de empresas familiares.<\/p>\n<p><b>En Espa\u00f1a las empresas familiares han protagonizado un ejemplo extraordinario de crecimiento, modernizaci\u00f3n y desarrollo<\/b>.<span class=\"Apple-converted-space\">\u00a0<\/span><\/p>\n<p>Buena parte de la transformaci\u00f3n y el crecimiento de Espa\u00f1a en los \u00faltimos 45 a\u00f1os transcurridos desde la Constituci\u00f3n de 1978 se explican y se entienden mejor cuando se constata el extraordinario impulso de las empresas familiares han transmitido a nuestra econom\u00eda y a nuestra sociedad.<\/p>\n<p>Sin perder el arraigo en nuestro pa\u00eds, <b>las empresas familiares espa\u00f1olas compiten hoy exitosamente en todo el mundo<\/b>, demostrando la capacidad de innovaci\u00f3n y el compromiso con los clientes y con las demandas de la sociedad que justifican su \u00e9xito internacional.<\/p>\n\t\t\t\t\t\t\t\t<\/div>\n\t\t\t\t<\/div>\n\t\t\t\t\t\t<\/div>\r\n\t\t\t\t<\/div>\r\n\t\t\t\t\t\t\t\t<\/div>\r\n\t\t\t<\/section>\r\n\t\t\t\t\t<section class=\" elementor-section elementor-top-section elementor-element elementor-element-83cb2d8 elementor-section-boxed elementor-section-height-default elementor-section-height-default\" data-id=\"83cb2d8\" data-element_type=\"section\" data-e-type=\"section\">\r\n\t\t\t\t\t\t\t\t<div class=\"elementor-container elementor-column-gap-default\">\r\n\t\t\t\t\r\n\t\t\t\t\t\t\t\t<div class=\" elementor-column elementor-col-100 elementor-top-column elementor-element elementor-element-2f6fca1 \" data-id=\"2f6fca1\" data-element_type=\"column\" data-e-type=\"column\">\r\n\r\n\t\t\t\t\r\n\t\t\t\t<div class=\"elementor-widget-wrap elementor-element-populated\">\r\n\t\t\t\t\t\t\t\t\t\t\r\n\t\t\t\t\t\t<div class=\"elementor-element elementor-element-ee31f3c elementor-widget elementor-widget-text-editor\" data-id=\"ee31f3c\" data-element_type=\"widget\" data-e-type=\"widget\" data-widget_type=\"text-editor.default\">\n\t\t\t\t<div class=\"elementor-widget-container\">\n\t\t\t\t\t\t\t\t\t<h4><b>En el \u00e1mbito internacional, \u00bfCu\u00e1les son los principales sectores en los que la empresa familiar espa\u00f1ola se ha conseguido posicionar m\u00e1s all\u00e1 de sus fronteras?<\/b><\/h4>\n<p><b>La empresa familiar espa\u00f1ola ha obtenido una presencia internacional en la pr\u00e1ctica totalidad de los sectores.<\/b> Incluso en aquellos sectores que aparentemente guardan mayor relaci\u00f3n con el territorio y la geograf\u00eda espa\u00f1ola, como pudiera ser el caso del turismo, las empresas familiares del sector han protagonizado un claro ejemplo de internacionalizaci\u00f3n, con inversiones en otros destinos tur\u00edsticos en Am\u00e9rica, \u00c1frica\u00a0 y Europa, aportando muy valiosas modalidades de gesti\u00f3n.<\/p>\n<p>Encontramos ejemplos de empresa familiar en posiciones de <b>liderazgo en el sector textil, en el de las infraestructuras, en los componentes de la automoci\u00f3n, en el transporte terrestre y mar\u00edtimo, en la ingenier\u00eda, el sector de alimentaci\u00f3n y bebidas, el de los productos de belleza y moda<\/b>, entre otros muchos.<span class=\"Apple-converted-space\">\u00a0<\/span><\/p>\n\t\t\t\t\t\t\t\t<\/div>\n\t\t\t\t<\/div>\n\t\t\t\t\t\t<\/div>\r\n\t\t\t\t<\/div>\r\n\t\t\t\t\t\t\t\t<\/div>\r\n\t\t\t<\/section>\r\n\t\t\t\t\t<section class=\" elementor-section elementor-top-section elementor-element elementor-element-b3aacbe elementor-section-boxed elementor-section-height-default elementor-section-height-default\" data-id=\"b3aacbe\" data-element_type=\"section\" data-e-type=\"section\">\r\n\t\t\t\t\t\t\t\t<div class=\"elementor-container elementor-column-gap-default\">\r\n\t\t\t\t\r\n\t\t\t\t\t\t\t\t<div class=\" elementor-column elementor-col-66 elementor-top-column elementor-element elementor-element-b99e91c \" data-id=\"b99e91c\" data-element_type=\"column\" data-e-type=\"column\">\r\n\r\n\t\t\t\t\r\n\t\t\t\t<div class=\"elementor-widget-wrap elementor-element-populated\">\r\n\t\t\t\t\t\t\t\t\t\t\r\n\t\t\t\t\t\t<div class=\"elementor-element elementor-element-159f7e8 elementor-widget elementor-widget-text-editor\" data-id=\"159f7e8\" data-element_type=\"widget\" data-e-type=\"widget\" data-widget_type=\"text-editor.default\">\n\t\t\t\t<div class=\"elementor-widget-container\">\n\t\t\t\t\t\t\t\t\t<h4><b>Algunos estudios reflejan que el principal objetivo estrat\u00e9gico de las empresas familiares es \u201cgarantizar la supervivencia de la empresa\u201d, por delante de la obtenci\u00f3n de beneficios que suele caracterizar a las empresas no familiares. Bajo su punto de vista, \u00bfqu\u00e9 factores determinan que una empresa familiar sobreviva en el tiempo?<\/b><\/h4>\n<p>En un contexto caracterizado por las continuas innovaciones tecnol\u00f3gicas y donde la mayor parte de las 100 compa\u00f1\u00edas con mayor capitalizaci\u00f3n burs\u00e1til del mundo apenas exist\u00edan hace tan s\u00f3lo 10-15 a\u00f1os, <b>la media de longevidad de las empresas del IEF es de ochenta a\u00f1os<\/b>. La perdurabilidad de cualquier empresa debe hacer frente a enormes desaf\u00edos.<\/p>\n<p>Para las empresas familiares el reto es de mayor calado, puesto que deben hacer frente a los desaf\u00edos preservando el control de la familiar. Hemos podido comprobar, a trav\u00e9s de estudios recientes, que <b>las empresas familiares tienen un alto grado de eficiencia en la gesti\u00f3n de la innovaci\u00f3n, tanto en aspectos tecnol\u00f3gicos como en la renovaci\u00f3n y adaptaci\u00f3n de procesos.<\/b> Una de las labores que m\u00e1s interesan al IEF pasa, precisamente, por facilitar que las empresas familiares pongan en com\u00fan sus respectivas experiencias para afrontar los retos que plantean no s\u00f3lo los mercados y la competencia, sino, tambi\u00e9n, <b>la incorporaci\u00f3n de las nuevas generaciones y el relevo en el liderazgo en la gesti\u00f3n.<\/b> Sin menospreciar la importancia de esos retos, el progreso y la mejora experimentada por las empresas familiares miembros del IEF en esta materia sirve como ejemplo para todo nuestro tejido empresarial.<\/p>\n\t\t\t\t\t\t\t\t<\/div>\n\t\t\t\t<\/div>\n\t\t\t\t\t\t<\/div>\r\n\t\t\t\t<\/div>\r\n\t\t\t\t\t\t\t\t\t<div class=\" elementor-column elementor-col-33 elementor-top-column elementor-element elementor-element-0b472cc \" data-id=\"0b472cc\" data-element_type=\"column\" data-e-type=\"column\">\r\n\r\n\t\t\t\t\r\n\t\t\t\t<div class=\"elementor-widget-wrap elementor-element-populated\">\r\n\t\t\t\t\t\t\t\t\t\t\r\n\t\t\t\t\t\t<div class=\"elementor-element elementor-element-4211712 elementor-widget elementor-widget-text-editor\" data-id=\"4211712\" data-element_type=\"widget\" data-e-type=\"widget\" data-widget_type=\"text-editor.default\">\n\t\t\t\t<div class=\"elementor-widget-container\">\n\t\t\t\t\t\t\t\t\t<blockquote>\n<h4>\u00abHemos podido comprobar, a trav\u00e9s de estudios recientes, que <b>las empresas familiares tienen un alto grado de eficiencia en la gesti\u00f3n de la innovaci\u00f3n, tanto en aspectos tecnol\u00f3gicos como en la renovaci\u00f3n y adaptaci\u00f3n de procesos.<\/b> Una de las labores que m\u00e1s interesan al IEF pasa, precisamente, por facilitar que las empresas familiares pongan en com\u00fan sus respectivas experiencias para afrontar los retos que plantean no s\u00f3lo los mercados y la competencia, sino, tambi\u00e9n, <b>la incorporaci\u00f3n de las nuevas generaciones y el relevo en el liderazgo en la gesti\u00f3n.\u00bb<\/b><\/h4>\n<\/blockquote>\n\t\t\t\t\t\t\t\t<\/div>\n\t\t\t\t<\/div>\n\t\t\t\t\t\t<\/div>\r\n\t\t\t\t<\/div>\r\n\t\t\t\t\t\t\t\t<\/div>\r\n\t\t\t<\/section>\r\n\t\t\t\t\t<section class=\" elementor-section elementor-top-section elementor-element elementor-element-62ff7ee elementor-section-boxed elementor-section-height-default elementor-section-height-default\" data-id=\"62ff7ee\" data-element_type=\"section\" data-e-type=\"section\">\r\n\t\t\t\t\t\t\t\t<div class=\"elementor-container elementor-column-gap-default\">\r\n\t\t\t\t\r\n\t\t\t\t\t\t\t\t<div class=\" elementor-column elementor-col-100 elementor-top-column elementor-element elementor-element-7c5ed65 \" data-id=\"7c5ed65\" data-element_type=\"column\" data-e-type=\"column\">\r\n\r\n\t\t\t\t\r\n\t\t\t\t<div class=\"elementor-widget-wrap elementor-element-populated\">\r\n\t\t\t\t\t\t\t\t\t\t\r\n\t\t\t\t\t\t<div class=\"elementor-element elementor-element-863ee0a elementor-widget elementor-widget-text-editor\" data-id=\"863ee0a\" data-element_type=\"widget\" data-e-type=\"widget\" data-widget_type=\"text-editor.default\">\n\t\t\t\t<div class=\"elementor-widget-container\">\n\t\t\t\t\t\t\t\t\t<h4><b>Transformaci\u00f3n digital, sostenibilidad, internacionalizaci\u00f3n, nuevas generaciones\u2026Desde su perspectiva y experiencia, \u00bfcu\u00e1les son los principales retos que en estos momentos afrontan los asociados del IEF y la empresa familiar en general?<\/b><\/h4>\n<p>Las caracter\u00edsticas principales del momento presente es que todas las cuestiones que se plantean en esta pregunta deben afrontarse simult\u00e1neamente. Sin caer en la autocomplacencia, <b>creo que los miembros del IEF han sabido afrontar con rigor y diligencia la necesidad de internacionalizaci\u00f3n imprescindible para competir en una econom\u00eda globalizada.<\/b> Este esfuerzo de internacionalizaci\u00f3n es imposible sin incorporar a los procesos productivos las herramientas propias de la econom\u00eda digital. Y las exigencias de nuestra sociedad hacen que la sostenibilidad forme parte necesaria de la definici\u00f3n de los modelos de negocio competitivos.<\/p>\n<p>La irrupci\u00f3n de las nuevas generaciones en la gesti\u00f3n de las empresas familiares est\u00e1 contribuyendo decisivamente a la adopci\u00f3n e impulso de todas esas pr\u00e1cticas con gran ambici\u00f3n y eficacia.<\/p>\n<p>Las empresas familiares espa\u00f1olas de hoy son, con mucha diferencia, las mejores empresas de las que ha disfrutado Espa\u00f1a en su historia. <b>Precisamente por la conciencia y el compromiso en seguir mejorando en todos estos \u00e1mbitos, podemos sentirnos muy orgullosos de la realidad de las empresa familiares de hoy.<\/b><\/p>\n\t\t\t\t\t\t\t\t<\/div>\n\t\t\t\t<\/div>\n\t\t\t\t\t\t<\/div>\r\n\t\t\t\t<\/div>\r\n\t\t\t\t\t\t\t\t<\/div>\r\n\t\t\t<\/section>\r\n\t\t\t\t\t<section class=\" elementor-section elementor-top-section elementor-element elementor-element-6ca27c08 elementor-section-boxed elementor-section-height-default elementor-section-height-default\" data-id=\"6ca27c08\" data-element_type=\"section\" data-e-type=\"section\">\r\n\t\t\t\t\t\t\t\t<div class=\"elementor-container elementor-column-gap-default\">\r\n\t\t\t\t\r\n\t\t\t\t\t\t\t\t<div class=\" elementor-column elementor-col-100 elementor-top-column elementor-element elementor-element-6301e132 \" data-id=\"6301e132\" data-element_type=\"column\" data-e-type=\"column\">\r\n\r\n\t\t\t\t\r\n\t\t\t\t<div class=\"elementor-widget-wrap elementor-element-populated\">\r\n\t\t\t\t\t\t\t\t\t\t\r\n\t\t\t\t\t\t<div class=\"elementor-element elementor-element-226b7269 elementor-widget elementor-widget-text-editor\" data-id=\"226b7269\" data-element_type=\"widget\" data-e-type=\"widget\" data-widget_type=\"text-editor.default\">\n\t\t\t\t<div class=\"elementor-widget-container\">\n\t\t\t\t\t\t\t\t\t<h5 style=\"text-align: left;\">Compartir esta publicaci\u00f3n<\/h5>\n\t\t\t\t\t\t\t\t<\/div>\n\t\t\t\t<\/div>\n\t\t\t\t<div class=\"elementor-element elementor-element-30afa1c9 elementor-widget elementor-widget-udesign_widget_share\" data-id=\"30afa1c9\" data-element_type=\"widget\" data-e-type=\"widget\" data-widget_type=\"udesign_widget_share.default\">\n\t\t\t\t<div class=\"elementor-widget-container\">\n\t\t\t\t\t\r\n<div class=\"social-icons\">\r\n\t<a href=\"https:\/\/www.linkedin.com\/shareArticle?mini=true&#038;url=https:\/\/sff-camara.com\/es\/sff-magazine-marzo-2024\/entrevista-con-jose-luis-blanco-director-general-ejecutivo-del-instituto-de-la-empresa-familiar\/&#038;title=Entrevista+con+Jos%C3%A9+Luis+Blanco%2C+Director+General+Ejecutivo+del+Instituto+de+la+Empresa+Familiar\" class=\"social-icon framed social-linkedin\" target=\"_blank\" title=\"linkedin\" rel=\"noopener noreferrer\" aria-label=\"Social Icon\"><i class=\"a-icon-linkedin-in\"><\/i><\/a><a href=\"\" class=\"social-icon framed social-whatsapp\" target=\"_blank\" title=\"whatsapp\" rel=\"noopener noreferrer\" aria-label=\"Social Icon\"><i class=\"a-icon-whatsapp\"><\/i><\/a><a href=\"mailto:?subject=Entrevista+con+Jos%C3%A9+Luis+Blanco%2C+Director+General+Ejecutivo+del+Instituto+de+la+Empresa+Familiar&#038;body=https:\/\/sff-camara.com\/es\/sff-magazine-marzo-2024\/entrevista-con-jose-luis-blanco-director-general-ejecutivo-del-instituto-de-la-empresa-familiar\/\" class=\"social-icon framed social-email\" target=\"_blank\" title=\"email\" rel=\"noopener noreferrer\" aria-label=\"Social Icon\"><i class=\"a-icon-envelop5\"><\/i><\/a><a href=\"https:\/\/twitter.com\/intent\/tweet?text=Entrevista+con+Jos%C3%A9+Luis+Blanco%2C+Director+General+Ejecutivo+del+Instituto+de+la+Empresa+Familiar&#038;url=https:\/\/sff-camara.com\/es\/sff-magazine-marzo-2024\/entrevista-con-jose-luis-blanco-director-general-ejecutivo-del-instituto-de-la-empresa-familiar\/\" class=\"social-icon framed social-twitter\" target=\"_blank\" title=\"x\" rel=\"noopener noreferrer\" aria-label=\"Social Icon\"><i class=\"a-icon-twitter\"><\/i><\/a><a href=\"https:\/\/www.facebook.com\/sharer.php?u=https:\/\/sff-camara.com\/es\/sff-magazine-marzo-2024\/entrevista-con-jose-luis-blanco-director-general-ejecutivo-del-instituto-de-la-empresa-familiar\/\" class=\"social-icon framed social-facebook\" target=\"_blank\" title=\"facebook\" rel=\"noopener noreferrer\" aria-label=\"Social Icon\"><i class=\"a-icon-facebook\"><\/i><\/a><a href=\"https:\/\/plus.google.com\/share?url=https:\/\/sff-camara.com\/es\/sff-magazine-marzo-2024\/entrevista-con-jose-luis-blanco-director-general-ejecutivo-del-instituto-de-la-empresa-familiar\/\" class=\"social-icon framed social-google\" target=\"_blank\" title=\"google\" rel=\"noopener noreferrer\" aria-label=\"Social Icon\"><i class=\"a-icon-google\"><\/i><\/a><a href=\"#\" class=\"social-icon framed social-instagram\" target=\"_blank\" title=\"instagram\" rel=\"noopener noreferrer\" aria-label=\"Social Icon\"><i class=\"a-icon-instagram\"><\/i><\/a><\/div>\r\n\r\n\t\t\t\t<\/div>\n\t\t\t\t<\/div>\n\t\t\t\t\t\t<\/div>\r\n\t\t\t\t<\/div>\r\n\t\t\t\t\t\t\t\t<\/div>\r\n\t\t\t<\/section>\r\n\t\t\t\t\t<section class=\" elementor-section elementor-top-section elementor-element elementor-element-1a7dbdb3 elementor-section-boxed elementor-section-height-default elementor-section-height-default\" data-id=\"1a7dbdb3\" data-element_type=\"section\" data-e-type=\"section\">\r\n\t\t\t\t\t\t\t\t<div class=\"elementor-container elementor-column-gap-default\">\r\n\t\t\t\t\r\n\t\t\t\t\t\t\t\t<div class=\" elementor-column elementor-col-100 elementor-top-column elementor-element elementor-element-12009049 \" data-id=\"12009049\" data-element_type=\"column\" data-e-type=\"column\">\r\n\r\n\t\t\t\t\r\n\t\t\t\t<div class=\"elementor-widget-wrap elementor-element-populated\">\r\n\t\t\t\t\t\t\t\t\t\t\r\n\t\t\t\t\t\t<div class=\"elementor-element elementor-element-5049afac elementor-widget-divider--view-line elementor-widget elementor-widget-divider\" data-id=\"5049afac\" data-element_type=\"widget\" data-e-type=\"widget\" data-widget_type=\"divider.default\">\n\t\t\t\t<div class=\"elementor-widget-container\">\n\t\t\t\t\t\t\t<div class=\"elementor-divider\">\n\t\t\t<span class=\"elementor-divider-separator\">\n\t\t\t\t\t\t<\/span>\n\t\t<\/div>\n\t\t\t\t\t\t<\/div>\n\t\t\t\t<\/div>\n\t\t\t\t<section class=\" elementor-section elementor-inner-section elementor-element elementor-element-26e2d7c0 elementor-section-boxed elementor-section-height-default elementor-section-height-default\" data-id=\"26e2d7c0\" data-element_type=\"section\" data-e-type=\"section\">\r\n\t\t\t\t\t\t\t\t<div class=\"elementor-container elementor-column-gap-default\">\r\n\t\t\t\t\r\n\t\t\t\t\t\t\t\t<div class=\" elementor-column elementor-col-50 elementor-inner-column elementor-element elementor-element-2b9db789 \" data-id=\"2b9db789\" data-element_type=\"column\" data-e-type=\"column\">\r\n\r\n\t\t\t\t\r\n\t\t\t\t<div class=\"elementor-widget-wrap elementor-element-populated\">\r\n\t\t\t\t\t\t\t\t\t\t\r\n\t\t\t\t\t\t<div class=\"elementor-element elementor-element-48b70216 elementor-widget elementor-widget-wp-widget-tag_cloud\" data-id=\"48b70216\" data-element_type=\"widget\" data-e-type=\"widget\" data-widget_type=\"wp-widget-tag_cloud.default\">\n\t\t\t\t<div class=\"elementor-widget-container\">\n\t\t\t\t\t<div class=\"widget widget_tag_cloud widget-collapsible\"><h3 class=\"widget-title\">Buscar publicaciones por tem\u00e1ticas<\/h3><div class=\"tagcloud\"><a href=\"https:\/\/sff-camara.com\/es\/temticas\/activos-digitales\/\" class=\"tag-cloud-link tag-link-302 tag-link-position-1\" style=\"font-size: 11.559322033898pt;\" aria-label=\"Activos Digitales (3 elementos)\">Activos Digitales<span class=\"tag-link-count\"> (3)<\/span><\/a>\n<a href=\"https:\/\/sff-camara.com\/es\/temticas\/alternative-investment-es\/\" class=\"tag-cloud-link tag-link-291 tag-link-position-2\" style=\"font-size: 21.050847457627pt;\" aria-label=\"Alternative Investment (24 elementos)\">Alternative Investment<span class=\"tag-link-count\"> (24)<\/span><\/a>\n<a href=\"https:\/\/sff-camara.com\/es\/temticas\/aml-es\/\" class=\"tag-cloud-link tag-link-266 tag-link-position-3\" style=\"font-size: 8pt;\" aria-label=\"AML (1 elemento)\">AML<span class=\"tag-link-count\"> (1)<\/span><\/a>\n<a href=\"https:\/\/sff-camara.com\/es\/temticas\/arte\/\" class=\"tag-cloud-link tag-link-247 tag-link-position-4\" style=\"font-size: 8pt;\" aria-label=\"Arte (1 elemento)\">Arte<span class=\"tag-link-count\"> (1)<\/span><\/a>\n<a href=\"https:\/\/sff-camara.com\/es\/temticas\/asesoramiento\/\" class=\"tag-cloud-link tag-link-211 tag-link-position-5\" style=\"font-size: 15.118644067797pt;\" aria-label=\"Asesoramiento (7 elementos)\">Asesoramiento<span class=\"tag-link-count\"> (7)<\/span><\/a>\n<a href=\"https:\/\/sff-camara.com\/es\/temticas\/asset-management-es\/\" class=\"tag-cloud-link tag-link-213 tag-link-position-6\" style=\"font-size: 22pt;\" aria-label=\"Asset Management (29 elementos)\">Asset Management<span class=\"tag-link-count\"> (29)<\/span><\/a>\n<a href=\"https:\/\/sff-camara.com\/es\/temticas\/banca-digital\/\" class=\"tag-cloud-link tag-link-164 tag-link-position-7\" style=\"font-size: 15.118644067797pt;\" aria-label=\"Banca Digital (7 elementos)\">Banca Digital<span class=\"tag-link-count\"> (7)<\/span><\/a>\n<a href=\"https:\/\/sff-camara.com\/es\/temticas\/banking-es\/\" class=\"tag-cloud-link tag-link-161 tag-link-position-8\" style=\"font-size: 19.389830508475pt;\" aria-label=\"Banking (17 elementos)\">Banking<span class=\"tag-link-count\"> (17)<\/span><\/a>\n<a href=\"https:\/\/sff-camara.com\/es\/temticas\/capital-riesgo\/\" class=\"tag-cloud-link tag-link-170 tag-link-position-9\" style=\"font-size: 12.745762711864pt;\" aria-label=\"Capital Riesgo (4 elementos)\">Capital Riesgo<span class=\"tag-link-count\"> (4)<\/span><\/a>\n<a href=\"https:\/\/sff-camara.com\/es\/temticas\/compliance-es\/\" class=\"tag-cloud-link tag-link-264 tag-link-position-10\" style=\"font-size: 8pt;\" aria-label=\"Compliance (1 elemento)\">Compliance<span class=\"tag-link-count\"> (1)<\/span><\/a>\n<a href=\"https:\/\/sff-camara.com\/es\/temticas\/consejero-independiente\/\" class=\"tag-cloud-link tag-link-290 tag-link-position-11\" style=\"font-size: 14.525423728814pt;\" aria-label=\"Consejero Independiente (6 elementos)\">Consejero Independiente<span class=\"tag-link-count\"> (6)<\/span><\/a>\n<a href=\"https:\/\/sff-camara.com\/es\/temticas\/criptoactivos\/\" class=\"tag-cloud-link tag-link-175 tag-link-position-12\" style=\"font-size: 11.559322033898pt;\" aria-label=\"Criptoactivos (3 elementos)\">Criptoactivos<span class=\"tag-link-count\"> (3)<\/span><\/a>\n<a href=\"https:\/\/sff-camara.com\/es\/temticas\/distribucion-de-fondos\/\" class=\"tag-cloud-link tag-link-173 tag-link-position-13\" style=\"font-size: 20.576271186441pt;\" aria-label=\"Distribuci\u00f3n de fondos (22 elementos)\">Distribuci\u00f3n de fondos<span class=\"tag-link-count\"> (22)<\/span><\/a>\n<a href=\"https:\/\/sff-camara.com\/es\/temticas\/diversidad\/\" class=\"tag-cloud-link tag-link-278 tag-link-position-14\" style=\"font-size: 15.71186440678pt;\" aria-label=\"Diversidad (8 elementos)\">Diversidad<span class=\"tag-link-count\"> (8)<\/span><\/a>\n<a href=\"https:\/\/sff-camara.com\/es\/temticas\/empresas-familiares\/\" class=\"tag-cloud-link tag-link-269 tag-link-position-15\" style=\"font-size: 12.745762711864pt;\" aria-label=\"Empresas Familiares (4 elementos)\">Empresas Familiares<span class=\"tag-link-count\"> (4)<\/span><\/a>\n<a href=\"https:\/\/sff-camara.com\/es\/temticas\/family-offices-es\/\" class=\"tag-cloud-link tag-link-245 tag-link-position-16\" style=\"font-size: 10.135593220339pt;\" aria-label=\"Family Offices (2 elementos)\">Family Offices<span class=\"tag-link-count\"> (2)<\/span><\/a>\n<a href=\"https:\/\/sff-camara.com\/es\/temticas\/finanzas-sostenibles\/\" class=\"tag-cloud-link tag-link-160 tag-link-position-17\" style=\"font-size: 21.050847457627pt;\" aria-label=\"Finanzas Sostenibles (24 elementos)\">Finanzas Sostenibles<span class=\"tag-link-count\"> (24)<\/span><\/a>\n<a href=\"https:\/\/sff-camara.com\/es\/temticas\/fintech-es\/\" class=\"tag-cloud-link tag-link-163 tag-link-position-18\" style=\"font-size: 16.779661016949pt;\" aria-label=\"Fintech (10 elementos)\">Fintech<span class=\"tag-link-count\"> (10)<\/span><\/a>\n<a href=\"https:\/\/sff-camara.com\/es\/temticas\/gestion-patrimonial\/\" class=\"tag-cloud-link tag-link-176 tag-link-position-19\" style=\"font-size: 17.610169491525pt;\" aria-label=\"Gesti\u00f3n Patrimonial (12 elementos)\">Gesti\u00f3n Patrimonial<span class=\"tag-link-count\"> (12)<\/span><\/a>\n<a href=\"https:\/\/sff-camara.com\/es\/temticas\/gobernanza\/\" class=\"tag-cloud-link tag-link-249 tag-link-position-20\" style=\"font-size: 16.305084745763pt;\" aria-label=\"Gobernanza (9 elementos)\">Gobernanza<span class=\"tag-link-count\"> (9)<\/span><\/a>\n<a href=\"https:\/\/sff-camara.com\/es\/temticas\/hr\/\" class=\"tag-cloud-link tag-link-304 tag-link-position-21\" style=\"font-size: 8pt;\" aria-label=\"HR (1 elemento)\">HR<span class=\"tag-link-count\"> (1)<\/span><\/a>\n<a href=\"https:\/\/sff-camara.com\/es\/temticas\/internacionalizacion\/\" class=\"tag-cloud-link tag-link-280 tag-link-position-22\" style=\"font-size: 8pt;\" aria-label=\"Internacionalizaci\u00f3n (1 elemento)\">Internacionalizaci\u00f3n<span class=\"tag-link-count\"> (1)<\/span><\/a>\n<a href=\"https:\/\/sff-camara.com\/es\/temticas\/inversiones-alternativas\/\" class=\"tag-cloud-link tag-link-297 tag-link-position-23\" style=\"font-size: 11.559322033898pt;\" aria-label=\"Inversiones Alternativas (3 elementos)\">Inversiones Alternativas<span class=\"tag-link-count\"> (3)<\/span><\/a>\n<a href=\"https:\/\/sff-camara.com\/es\/temticas\/latam-es\/\" class=\"tag-cloud-link tag-link-167 tag-link-position-24\" style=\"font-size: 16.305084745763pt;\" aria-label=\"LATAM (9 elementos)\">LATAM<span class=\"tag-link-count\"> (9)<\/span><\/a>\n<a href=\"https:\/\/sff-camara.com\/es\/temticas\/legal-es\/\" class=\"tag-cloud-link tag-link-233 tag-link-position-25\" style=\"font-size: 16.779661016949pt;\" aria-label=\"Legal (10 elementos)\">Legal<span class=\"tag-link-count\"> (10)<\/span><\/a>\n<a href=\"https:\/\/sff-camara.com\/es\/temticas\/mercado-de-capitales\/\" class=\"tag-cloud-link tag-link-309 tag-link-position-26\" style=\"font-size: 8pt;\" aria-label=\"Mercado de Capitales (1 elemento)\">Mercado de Capitales<span class=\"tag-link-count\"> (1)<\/span><\/a>\n<a href=\"https:\/\/sff-camara.com\/es\/temticas\/precios-de-transferencia\/\" class=\"tag-cloud-link tag-link-271 tag-link-position-27\" style=\"font-size: 10.135593220339pt;\" aria-label=\"Precios de Transferencia (2 elementos)\">Precios de Transferencia<span class=\"tag-link-count\"> (2)<\/span><\/a>\n<a href=\"https:\/\/sff-camara.com\/es\/temticas\/real-estate\/\" class=\"tag-cloud-link tag-link-338 tag-link-position-28\" style=\"font-size: 10.135593220339pt;\" aria-label=\"Real Estate (2 elementos)\">Real Estate<span class=\"tag-link-count\"> (2)<\/span><\/a>\n<a href=\"https:\/\/sff-camara.com\/es\/temticas\/reaseguro\/\" class=\"tag-cloud-link tag-link-172 tag-link-position-29\" style=\"font-size: 10.135593220339pt;\" aria-label=\"Reaseguro (2 elementos)\">Reaseguro<span class=\"tag-link-count\"> (2)<\/span><\/a>\n<a href=\"https:\/\/sff-camara.com\/es\/tag\/rrhh\/\" class=\"tag-cloud-link tag-link-178 tag-link-position-30\" style=\"font-size: 16.305084745763pt;\" aria-label=\"RRHH (9 elementos)\">RRHH<span class=\"tag-link-count\"> (9)<\/span><\/a>\n<a href=\"https:\/\/sff-camara.com\/es\/temticas\/seguros\/\" class=\"tag-cloud-link tag-link-180 tag-link-position-31\" style=\"font-size: 10.135593220339pt;\" aria-label=\"Seguros (2 elementos)\">Seguros<span class=\"tag-link-count\"> (2)<\/span><\/a>\n<a href=\"https:\/\/sff-camara.com\/es\/temticas\/seguros-de-vida-unit-linked\/\" class=\"tag-cloud-link tag-link-169 tag-link-position-32\" style=\"font-size: 13.694915254237pt;\" aria-label=\"Seguros de vida Unit-linked (5 elementos)\">Seguros de vida Unit-linked<span class=\"tag-link-count\"> (5)<\/span><\/a>\n<a href=\"https:\/\/sff-camara.com\/es\/temticas\/tax-es\/\" class=\"tag-cloud-link tag-link-162 tag-link-position-33\" style=\"font-size: 19.033898305085pt;\" aria-label=\"Tax (16 elementos)\">Tax<span class=\"tag-link-count\"> (16)<\/span><\/a>\n<a href=\"https:\/\/sff-camara.com\/es\/temticas\/tecnologia\/\" class=\"tag-cloud-link tag-link-231 tag-link-position-34\" style=\"font-size: 14.525423728814pt;\" aria-label=\"Tecnolog\u00eda (6 elementos)\">Tecnolog\u00eda<span class=\"tag-link-count\"> (6)<\/span><\/a>\n<a href=\"https:\/\/sff-camara.com\/es\/temticas\/tendencias\/\" class=\"tag-cloud-link tag-link-223 tag-link-position-35\" style=\"font-size: 20.101694915254pt;\" aria-label=\"Tendencias (20 elementos)\">Tendencias<span class=\"tag-link-count\"> (20)<\/span><\/a>\n<a href=\"https:\/\/sff-camara.com\/es\/temticas\/tic\/\" class=\"tag-cloud-link tag-link-267 tag-link-position-36\" style=\"font-size: 8pt;\" aria-label=\"TIC (1 elemento)\">TIC<span class=\"tag-link-count\"> (1)<\/span><\/a>\n<a href=\"https:\/\/sff-camara.com\/es\/temticas\/ue\/\" class=\"tag-cloud-link tag-link-222 tag-link-position-37\" style=\"font-size: 14.525423728814pt;\" aria-label=\"UE (6 elementos)\">UE<span class=\"tag-link-count\"> (6)<\/span><\/a><\/div>\n<\/div>\t\t\t\t<\/div>\n\t\t\t\t<\/div>\n\t\t\t\t\t\t<\/div>\r\n\t\t\t\t<\/div>\r\n\t\t\t\t\t\t\t\t\t<div class=\" elementor-column elementor-col-50 elementor-inner-column elementor-element elementor-element-7ef6ee0c \" data-id=\"7ef6ee0c\" data-element_type=\"column\" data-e-type=\"column\">\r\n\r\n\t\t\t\t\r\n\t\t\t\t<div class=\"elementor-widget-wrap elementor-element-populated\">\r\n\t\t\t\t\t\t\t\t\t\t\r\n\t\t\t\t\t\t<div class=\"elementor-element elementor-element-58b52e5e elementor-widget elementor-widget-sidebar\" data-id=\"58b52e5e\" data-element_type=\"widget\" data-e-type=\"widget\" data-widget_type=\"sidebar.default\">\n\t\t\t\t<div class=\"elementor-widget-container\">\n\t\t\t\t\t<nav id=\"categories-2\" class=\"widget widget_categories\"><h3 class=\"widget-title\">Buscar por ediciones del SFF Magazine<\/h3><form action=\"https:\/\/sff-camara.com\/es\/\" method=\"get\"><label class=\"screen-reader-text\" for=\"cat\">Buscar por ediciones del SFF Magazine<\/label><select  name='cat' aria-label='Categories to search' id='cat' class='postform'>\n\t<option value='-1'>Elegir la categor\u00eda<\/option>\n\t<option class=\"level-0\" value=\"124\">Noticias&nbsp;&nbsp;(44)<\/option>\n\t<option class=\"level-0\" value=\"159\">SFF Magazine Abril 2021&nbsp;&nbsp;(12)<\/option>\n\t<option class=\"level-0\" value=\"174\">SFF Magazine Abril 2022&nbsp;&nbsp;(8)<\/option>\n\t<option class=\"level-0\" value=\"239\">SFF Magazine Diciembre 2023&nbsp;&nbsp;(8)<\/option>\n\t<option class=\"level-0\" value=\"289\">SFF Magazine Diciembre 2024&nbsp;&nbsp;(12)<\/option>\n\t<option class=\"level-0\" value=\"307\">SFF Magazine Diciembre 2025&nbsp;&nbsp;(6)<\/option>\n\t<option class=\"level-0\" value=\"168\">SFF Magazine Julio 2021&nbsp;&nbsp;(13)<\/option>\n\t<option class=\"level-0\" value=\"177\">SFF Magazine Julio 2022&nbsp;&nbsp;(10)<\/option>\n\t<option class=\"level-0\" value=\"215\">SFF Magazine Junio 2023&nbsp;&nbsp;(7)<\/option>\n\t<option class=\"level-0\" value=\"273\">SFF Magazine Junio 2024&nbsp;&nbsp;(10)<\/option>\n\t<option class=\"level-0\" value=\"296\">SFF Magazine Junio 2025&nbsp;&nbsp;(11)<\/option>\n\t<option class=\"level-0\" value=\"205\">SFF Magazine Marzo 2023&nbsp;&nbsp;(9)<\/option>\n\t<option class=\"level-0\" value=\"257\">SFF Magazine Marzo 2024&nbsp;&nbsp;(13)<\/option>\n\t<option class=\"level-0\" value=\"293\">SFF Magazine Marzo 2025&nbsp;&nbsp;(10)<\/option>\n\t<option class=\"level-0\" value=\"336\">SFF Magazine Marzo 2026&nbsp;&nbsp;(13)<\/option>\n\t<option class=\"level-0\" value=\"171\">SFF Magazine Octubre 2021&nbsp;&nbsp;(11)<\/option>\n\t<option class=\"level-0\" value=\"165\">SFF Magazine Octubre 2022&nbsp;&nbsp;(10)<\/option>\n\t<option class=\"level-0\" value=\"230\">SFF Magazine Septiembre 2023&nbsp;&nbsp;(8)<\/option>\n\t<option class=\"level-0\" value=\"282\">SFF Magazine Septiembre 2024&nbsp;&nbsp;(9)<\/option>\n\t<option class=\"level-0\" value=\"299\">SFF Magazine Septiembre 2025&nbsp;&nbsp;(8)<\/option>\n\t<option class=\"level-0\" value=\"53\">Sin categorizar&nbsp;&nbsp;(8)<\/option>\n<\/select>\n<\/form><script>\n( ( dropdownId ) => {\n\tconst dropdown = document.getElementById( dropdownId );\n\tfunction onSelectChange() {\n\t\tsetTimeout( () => {\n\t\t\tif ( 'escape' === dropdown.dataset.lastkey ) {\n\t\t\t\treturn;\n\t\t\t}\n\t\t\tif ( dropdown.value && parseInt( dropdown.value ) > 0 && dropdown instanceof HTMLSelectElement ) {\n\t\t\t\tdropdown.parentElement.submit();\n\t\t\t}\n\t\t}, 250 );\n\t}\n\tfunction onKeyUp( event ) {\n\t\tif ( 'Escape' === event.key ) {\n\t\t\tdropdown.dataset.lastkey = 'escape';\n\t\t} else {\n\t\t\tdelete dropdown.dataset.lastkey;\n\t\t}\n\t}\n\tfunction onClick() {\n\t\tdelete dropdown.dataset.lastkey;\n\t}\n\tdropdown.addEventListener( 'keyup', onKeyUp );\n\tdropdown.addEventListener( 'click', onClick );\n\tdropdown.addEventListener( 'change', onSelectChange );\n})( \"cat\" );\n\n\/\/# sourceURL=WP_Widget_Categories%3A%3Awidget\n<\/script>\n<\/nav><nav id=\"search-3\" class=\"widget widget_search\"><h3 class=\"widget-title\">Buscar publicaciones<\/h3>\r\n\t<div class=\"search-wrapper  hs-start light-style\">\r\n\t\t\r\n\t\t\t\t<form action=\"https:\/\/sff-camara.com\/es\/\/\" method=\"get\" class=\"input-wrapper\">\r\n\t\t\t<input type=\"hidden\" name=\"post_type\" value=\"post\"\/>\r\n\r\n\t\t\t<input type=\"search\" aria-label=\"Search\" class=\"form-control\" name=\"s\" placeholder=\"\" required=\"\" autocomplete=\"off\">\r\n\r\n\t\t\t\r\n\t\t\t\r\n\t\t\t<button class=\"btn btn-search\" aria-label=\"Search Button\" type=\"submit\">\r\n\t\t\t\t<i class=\"a-icon-search\"><\/i>\r\n\t\t\t<\/button>\r\n\r\n\t\t\t\t\t<div class=\"hs-close\">\r\n\t\t\t\t<a href=\"#\" aria-label=\"Close\">\r\n\t\t\t\t\t<span class=\"close-wrap\">\r\n\t\t\t\t\t\t<span class=\"close-line close-line1\"><\/span>\r\n\t\t\t\t\t\t<span class=\"close-line close-line2\"><\/span>\r\n\t\t\t\t\t<\/span>\r\n\t\t\t\t<\/a>\r\n\t\t\t<\/div>\r\n\t\t\r\n\t\t<\/form>\r\n\t\t\t<\/div>\r\n\r\n\t\t<\/nav>\t\t\t\t<\/div>\n\t\t\t\t<\/div>\n\t\t\t\t\t\t<\/div>\r\n\t\t\t\t<\/div>\r\n\t\t\t\t\t\t\t\t<\/div>\r\n\t\t\t<\/section>\r\n\t\t\t\t\t<div class=\"elementor-element elementor-element-5defc3e7 elementor-widget-divider--view-line elementor-widget elementor-widget-divider\" data-id=\"5defc3e7\" data-element_type=\"widget\" data-e-type=\"widget\" data-widget_type=\"divider.default\">\n\t\t\t\t<div class=\"elementor-widget-container\">\n\t\t\t\t\t\t\t<div class=\"elementor-divider\">\n\t\t\t<span class=\"elementor-divider-separator\">\n\t\t\t\t\t\t<\/span>\n\t\t<\/div>\n\t\t\t\t\t\t<\/div>\n\t\t\t\t<\/div>\n\t\t\t\t<div class=\"elementor-element elementor-element-18f39c75 elementor-widget elementor-widget-spacer\" data-id=\"18f39c75\" data-element_type=\"widget\" data-e-type=\"widget\" data-widget_type=\"spacer.default\">\n\t\t\t\t<div class=\"elementor-widget-container\">\n\t\t\t\t\t\t\t<div class=\"elementor-spacer\">\n\t\t\t<div class=\"elementor-spacer-inner\"><\/div>\n\t\t<\/div>\n\t\t\t\t\t\t<\/div>\n\t\t\t\t<\/div>\n\t\t\t\t<div class=\"elementor-element elementor-element-d210685 elementor-widget elementor-widget-heading\" data-id=\"d210685\" data-element_type=\"widget\" data-e-type=\"widget\" data-widget_type=\"heading.default\">\n\t\t\t\t<div class=\"elementor-widget-container\">\n\t\t\t\t\t<h2 class=\"elementor-heading-title elementor-size-default\">Publicaciones relacionadas<\/h2>\t\t\t\t<\/div>\n\t\t\t\t<\/div>\n\t\t\t\t<div class=\"elementor-element elementor-element-5831fc58 elementor-widget elementor-widget-text-editor\" data-id=\"5831fc58\" data-element_type=\"widget\" data-e-type=\"widget\" data-widget_type=\"text-editor.default\">\n\t\t\t\t<div class=\"elementor-widget-container\">\n\t\t\t\t\t\t\t\t\t<a href=\"https:\/\/sff-camara.com\/es\/categoria\/sff-magazine-marzo-2024\/\" rel=\"tag\">SFF Magazine Marzo 2024<\/a>\t\t\t\t\t\t\t\t<\/div>\n\t\t\t\t<\/div>\n\t\t\t\t<div class=\"elementor-element elementor-element-79ec54f3 elementor-widget elementor-widget-spacer\" data-id=\"79ec54f3\" data-element_type=\"widget\" data-e-type=\"widget\" data-widget_type=\"spacer.default\">\n\t\t\t\t<div class=\"elementor-widget-container\">\n\t\t\t\t\t\t\t<div class=\"elementor-spacer\">\n\t\t\t<div class=\"elementor-spacer-inner\"><\/div>\n\t\t<\/div>\n\t\t\t\t\t\t<\/div>\n\t\t\t\t<\/div>\n\t\t\t\t<div class=\"elementor-element elementor-element-46b169be elementor-widget elementor-widget-udesign_widget_posts elementor-widget-theme-post-content\" data-id=\"46b169be\" data-element_type=\"widget\" data-e-type=\"widget\" data-widget_type=\"udesign_widget_posts.default\">\n\t\t\t\t<div class=\"elementor-widget-container\">\n\t\t\t\t\t<div class=\"posts  row cols-lg-3 cols-md-2 cols-sm-2 cols-1 cols-xl-3 slider-wrapper posts row cols-lg-3 cols-md-2 cols-sm-2 cols-1 cols-xl-3\" data-slider-options=\"{&quot;spaceBetween&quot;:30,&quot;loop&quot;:true,&quot;autoplay&quot;:{&quot;delay&quot;:5000,&quot;disableOnInteraction&quot;:false},&quot;effect&quot;:&quot;slide&quot;,&quot;slidesPerView&quot;:3,&quot;breakpoints&quot;:{&quot;2401&quot;:{&quot;slidesPerView&quot;:3},&quot;1440&quot;:{&quot;slidesPerView&quot;:3},&quot;1200&quot;:{&quot;slidesPerView&quot;:3},&quot;992&quot;:{&quot;slidesPerView&quot;:3},&quot;768&quot;:{&quot;slidesPerView&quot;:2},&quot;576&quot;:{&quot;slidesPerView&quot;:2},&quot;0&quot;:{&quot;slidesPerView&quot;:1}},&quot;statusClass&quot;:&quot;slider-dots-default&quot;}\" data-post-type=\"modern\">\r\n<div class=\"post-wrap \" data-post-image=\"alpha-post-medium\">\r\n\r\n\t\r\n\t<article class=\"post-12806 post type-post status-publish format-standard has-post-thumbnail hentry category-sff-magazine-marzo-2024 tag-seguros-de-vida-unit-linked post overlay-zoom overlay-dark  post-modern\">\r\n\t\t\t\t\t<figure class=\"post-media\">\r\n\t\t\t\t\t\t\t\t<a href=\"https:\/\/sff-camara.com\/es\/sff-magazine-marzo-2024\/ventajas-principales-del-unit-linked-luxemburgues-para-residentes-espanoles\/\" aria-label=\"Post Media\">\r\n\t\t\t\t\t<img decoding=\"async\" width=\"600\" height=\"420\" src=\"https:\/\/sff-camara.com\/wp-content\/uploads\/2024\/02\/Madrid-Unit-linked-insurance-600x420.jpeg\" class=\"attachment-alpha-post-medium size-alpha-post-medium wp-post-image\" alt=\"\" srcset=\"https:\/\/sff-camara.com\/wp-content\/uploads\/2024\/02\/Madrid-Unit-linked-insurance-600x420.jpeg 600w, https:\/\/sff-camara.com\/wp-content\/uploads\/2024\/02\/Madrid-Unit-linked-insurance-400x280.jpeg 400w, https:\/\/sff-camara.com\/wp-content\/uploads\/2024\/02\/Madrid-Unit-linked-insurance-570x400.jpeg 570w\" sizes=\"(max-width: 600px) 100vw, 600px\" \/>\t\t\t\t<\/a>\r\n\t\t\t<\/figure>\r\n\t\t\t<div class=\"post-details\">\r\n\t<div class=\"post-meta\">\r\n\t<a class=\"post-date\" href=\"https:\/\/sff-camara.com\/es\/2024\/02\/06\/\">febrero 6, 2024<\/a>\r\n\r\n\t<\/div>\r\n<h3 class=\"post-title\">\r\n\t<a href=\"https:\/\/sff-camara.com\/es\/sff-magazine-marzo-2024\/ventajas-principales-del-unit-linked-luxemburgues-para-residentes-espanoles\/\">\r\n\t\tVentajas principales del unit-linked luxemburgu\u00e9s para residentes espa\u00f1oles\t<\/a>\r\n<\/h3>\r\n<a href=\"https:\/\/sff-camara.com\/es\/sff-magazine-marzo-2024\/ventajas-principales-del-unit-linked-luxemburgues-para-residentes-espanoles\/\" class=\"btn btn-link btn-underline btn-primary\">Leer m\u00e1s <i class=\"a-icon-long-arrow-right\"><\/i><\/a><\/div>\r\n\t<\/article>\r\n\r\n\t\r\n<\/div>\r\n\r\n\r\n<div class=\"post-wrap \" data-post-image=\"alpha-post-medium\">\r\n\r\n\t\r\n\t<article class=\"post-12863 post type-post status-publish format-standard has-post-thumbnail hentry category-sff-magazine-marzo-2024 tag-asesoramiento tag-gestion-patrimonial post overlay-zoom overlay-dark  post-modern\">\r\n\t\t\t\t\t<figure class=\"post-media\">\r\n\t\t\t\t\t\t\t\t<a href=\"https:\/\/sff-camara.com\/es\/sff-magazine-marzo-2024\/maximizando-luxemburgo-y-su-potencial-en-la-estructuracion-patrimonial-para-las-empresas-familiares-la-alternativa-raif\/\" aria-label=\"Post Media\">\r\n\t\t\t\t\t<img loading=\"lazy\" decoding=\"async\" width=\"600\" height=\"420\" src=\"https:\/\/sff-camara.com\/wp-content\/uploads\/2024\/02\/Wealth-Management-600x420.jpeg\" class=\"attachment-alpha-post-medium size-alpha-post-medium wp-post-image\" alt=\"\" srcset=\"https:\/\/sff-camara.com\/wp-content\/uploads\/2024\/02\/Wealth-Management-600x420.jpeg 600w, https:\/\/sff-camara.com\/wp-content\/uploads\/2024\/02\/Wealth-Management-400x280.jpeg 400w, https:\/\/sff-camara.com\/wp-content\/uploads\/2024\/02\/Wealth-Management-570x400.jpeg 570w\" sizes=\"(max-width: 600px) 100vw, 600px\" \/>\t\t\t\t<\/a>\r\n\t\t\t<\/figure>\r\n\t\t\t<div class=\"post-details\">\r\n\t<div class=\"post-meta\">\r\n\t<a class=\"post-date\" href=\"https:\/\/sff-camara.com\/es\/2024\/02\/06\/\">febrero 6, 2024<\/a>\r\n\r\n\t<\/div>\r\n<h3 class=\"post-title\">\r\n\t<a href=\"https:\/\/sff-camara.com\/es\/sff-magazine-marzo-2024\/maximizando-luxemburgo-y-su-potencial-en-la-estructuracion-patrimonial-para-las-empresas-familiares-la-alternativa-raif\/\">\r\n\t\tMaximizando Luxemburgo y su potencial en la estructuraci\u00f3n patrimonial para las empresas familiares: La alternativa RAIF\t<\/a>\r\n<\/h3>\r\n<a href=\"https:\/\/sff-camara.com\/es\/sff-magazine-marzo-2024\/maximizando-luxemburgo-y-su-potencial-en-la-estructuracion-patrimonial-para-las-empresas-familiares-la-alternativa-raif\/\" class=\"btn btn-link btn-underline btn-primary\">Leer m\u00e1s <i class=\"a-icon-long-arrow-right\"><\/i><\/a><\/div>\r\n\t<\/article>\r\n\r\n\t\r\n<\/div>\r\n\r\n\r\n<div class=\"post-wrap \" data-post-image=\"alpha-post-medium\">\r\n\r\n\t\r\n\t<article class=\"post-12897 post type-post status-publish format-standard has-post-thumbnail hentry category-sff-magazine-marzo-2024 tag-asesoramiento tag-banking-es tag-empresas-familiares tag-gestion-patrimonial post overlay-zoom overlay-dark  post-modern\">\r\n\t\t\t\t\t<figure class=\"post-media\">\r\n\t\t\t\t\t\t\t\t<a href=\"https:\/\/sff-camara.com\/es\/sff-magazine-marzo-2024\/la-gestion-patrimonial-de-las-empresas-familiares\/\" aria-label=\"Post Media\">\r\n\t\t\t\t\t<img loading=\"lazy\" decoding=\"async\" width=\"600\" height=\"420\" src=\"https:\/\/sff-camara.com\/wp-content\/uploads\/2024\/02\/Family-businesses-600x420.jpeg\" class=\"attachment-alpha-post-medium size-alpha-post-medium wp-post-image\" alt=\"\" srcset=\"https:\/\/sff-camara.com\/wp-content\/uploads\/2024\/02\/Family-businesses-600x420.jpeg 600w, https:\/\/sff-camara.com\/wp-content\/uploads\/2024\/02\/Family-businesses-400x280.jpeg 400w, https:\/\/sff-camara.com\/wp-content\/uploads\/2024\/02\/Family-businesses-570x400.jpeg 570w\" sizes=\"(max-width: 600px) 100vw, 600px\" \/>\t\t\t\t<\/a>\r\n\t\t\t<\/figure>\r\n\t\t\t<div class=\"post-details\">\r\n\t<div class=\"post-meta\">\r\n\t<a class=\"post-date\" href=\"https:\/\/sff-camara.com\/es\/2024\/02\/06\/\">febrero 6, 2024<\/a>\r\n\r\n\t<\/div>\r\n<h3 class=\"post-title\">\r\n\t<a href=\"https:\/\/sff-camara.com\/es\/sff-magazine-marzo-2024\/la-gestion-patrimonial-de-las-empresas-familiares\/\">\r\n\t\tLa Gesti\u00f3n Patrimonial de las Empresas Familiares\t<\/a>\r\n<\/h3>\r\n<a href=\"https:\/\/sff-camara.com\/es\/sff-magazine-marzo-2024\/la-gestion-patrimonial-de-las-empresas-familiares\/\" class=\"btn btn-link btn-underline btn-primary\">Leer m\u00e1s <i class=\"a-icon-long-arrow-right\"><\/i><\/a><\/div>\r\n\t<\/article>\r\n\r\n\t\r\n<\/div>\r\n\r\n\r\n<div class=\"post-wrap \" data-post-image=\"alpha-post-medium\">\r\n\r\n\t\r\n\t<article class=\"post-12946 post type-post status-publish format-standard has-post-thumbnail hentry category-sff-magazine-marzo-2024 tag-asesoramiento tag-compliance-es post overlay-zoom overlay-dark  post-modern\">\r\n\t\t\t\t\t<figure class=\"post-media\">\r\n\t\t\t\t\t\t\t\t<a href=\"https:\/\/sff-camara.com\/es\/sff-magazine-marzo-2024\/ds-compliance-se-convierte-en-ds-advisory-services\/\" aria-label=\"Post Media\">\r\n\t\t\t\t\t<img loading=\"lazy\" decoding=\"async\" width=\"600\" height=\"420\" src=\"https:\/\/sff-camara.com\/wp-content\/uploads\/2024\/02\/DS-Advisory-Services-4-600x420.png\" class=\"attachment-alpha-post-medium size-alpha-post-medium wp-post-image\" alt=\"\" srcset=\"https:\/\/sff-camara.com\/wp-content\/uploads\/2024\/02\/DS-Advisory-Services-4-600x420.png 600w, https:\/\/sff-camara.com\/wp-content\/uploads\/2024\/02\/DS-Advisory-Services-4-400x280.png 400w, https:\/\/sff-camara.com\/wp-content\/uploads\/2024\/02\/DS-Advisory-Services-4-570x400.png 570w\" sizes=\"(max-width: 600px) 100vw, 600px\" \/>\t\t\t\t<\/a>\r\n\t\t\t<\/figure>\r\n\t\t\t<div class=\"post-details\">\r\n\t<div class=\"post-meta\">\r\n\t<a class=\"post-date\" href=\"https:\/\/sff-camara.com\/es\/2024\/03\/06\/\">marzo 6, 2024<\/a>\r\n\r\n\t<\/div>\r\n<h3 class=\"post-title\">\r\n\t<a href=\"https:\/\/sff-camara.com\/es\/sff-magazine-marzo-2024\/ds-compliance-se-convierte-en-ds-advisory-services\/\">\r\n\t\tDS Compliance se convierte en DS Advisory services\t<\/a>\r\n<\/h3>\r\n<a href=\"https:\/\/sff-camara.com\/es\/sff-magazine-marzo-2024\/ds-compliance-se-convierte-en-ds-advisory-services\/\" class=\"btn btn-link btn-underline btn-primary\">Leer m\u00e1s <i class=\"a-icon-long-arrow-right\"><\/i><\/a><\/div>\r\n\t<\/article>\r\n\r\n\t\r\n<\/div>\r\n\r\n\r\n<div class=\"post-wrap \" data-post-image=\"alpha-post-medium\">\r\n\r\n\t\r\n\t<article class=\"post-12971 post type-post status-publish format-standard has-post-thumbnail hentry category-noticias category-sff-magazine-marzo-2024 post overlay-zoom overlay-dark  post-modern\">\r\n\t\t\t\t\t<figure class=\"post-media\">\r\n\t\t\t\t\t\t\t\t<a href=\"https:\/\/sff-camara.com\/es\/noticias\/alfi-roadshow-en-madrid\/\" aria-label=\"Post Media\">\r\n\t\t\t\t\t<img loading=\"lazy\" decoding=\"async\" width=\"600\" height=\"420\" src=\"https:\/\/sff-camara.com\/wp-content\/uploads\/2024\/02\/Madrid24-swapcard-600x263-1-600x420.png\" class=\"attachment-alpha-post-medium size-alpha-post-medium wp-post-image\" alt=\"\" srcset=\"https:\/\/sff-camara.com\/wp-content\/uploads\/2024\/02\/Madrid24-swapcard-600x263-1-600x420.png 600w, https:\/\/sff-camara.com\/wp-content\/uploads\/2024\/02\/Madrid24-swapcard-600x263-1-400x280.png 400w, https:\/\/sff-camara.com\/wp-content\/uploads\/2024\/02\/Madrid24-swapcard-600x263-1-570x400.png 570w\" sizes=\"(max-width: 600px) 100vw, 600px\" \/>\t\t\t\t<\/a>\r\n\t\t\t<\/figure>\r\n\t\t\t<div class=\"post-details\">\r\n\t<div class=\"post-meta\">\r\n\t<a class=\"post-date\" href=\"https:\/\/sff-camara.com\/es\/2024\/03\/06\/\">marzo 6, 2024<\/a>\r\n\r\n\t<\/div>\r\n<h3 class=\"post-title\">\r\n\t<a href=\"https:\/\/sff-camara.com\/es\/noticias\/alfi-roadshow-en-madrid\/\">\r\n\t\tALFI Roadshow en Madrid\t<\/a>\r\n<\/h3>\r\n<a href=\"https:\/\/sff-camara.com\/es\/noticias\/alfi-roadshow-en-madrid\/\" class=\"btn btn-link btn-underline btn-primary\">Leer m\u00e1s <i class=\"a-icon-long-arrow-right\"><\/i><\/a><\/div>\r\n\t<\/article>\r\n\r\n\t\r\n<\/div>\r\n\r\n\r\n<div class=\"post-wrap \" data-post-image=\"alpha-post-medium\">\r\n\r\n\t\r\n\t<article class=\"post-13040 post type-post status-publish format-standard has-post-thumbnail hentry category-sff-magazine-marzo-2024 tag-tax-es tag-tendencias post overlay-zoom overlay-dark  post-modern\">\r\n\t\t\t\t\t<figure class=\"post-media\">\r\n\t\t\t\t\t\t\t\t<a href=\"https:\/\/sff-camara.com\/es\/sff-magazine-marzo-2024\/por-que-estructurar-su-estrategia-de-endeudamiento-a-traves-de-un-vehiculo-de-titulizacion-en-el-gran-ducado-de-luxemburgo\/\" aria-label=\"Post Media\">\r\n\t\t\t\t\t<img loading=\"lazy\" decoding=\"async\" width=\"600\" height=\"420\" src=\"https:\/\/sff-camara.com\/wp-content\/uploads\/2024\/03\/AdobeStock_460677110-600x420.jpeg\" class=\"attachment-alpha-post-medium size-alpha-post-medium wp-post-image\" alt=\"\" srcset=\"https:\/\/sff-camara.com\/wp-content\/uploads\/2024\/03\/AdobeStock_460677110-600x420.jpeg 600w, https:\/\/sff-camara.com\/wp-content\/uploads\/2024\/03\/AdobeStock_460677110-400x280.jpeg 400w, https:\/\/sff-camara.com\/wp-content\/uploads\/2024\/03\/AdobeStock_460677110-570x400.jpeg 570w\" sizes=\"(max-width: 600px) 100vw, 600px\" \/>\t\t\t\t<\/a>\r\n\t\t\t<\/figure>\r\n\t\t\t<div class=\"post-details\">\r\n\t<div class=\"post-meta\">\r\n\t<a class=\"post-date\" href=\"https:\/\/sff-camara.com\/es\/2024\/03\/06\/\">marzo 6, 2024<\/a>\r\n\r\n\t<\/div>\r\n<h3 class=\"post-title\">\r\n\t<a href=\"https:\/\/sff-camara.com\/es\/sff-magazine-marzo-2024\/por-que-estructurar-su-estrategia-de-endeudamiento-a-traves-de-un-vehiculo-de-titulizacion-en-el-gran-ducado-de-luxemburgo\/\">\r\n\t\t\u00bfPor qu\u00e9 estructurar su estrategia de endeudamiento a trav\u00e9s de un veh\u00edculo de titulizaci\u00f3n en el Gran Ducado de Luxemburgo?\t<\/a>\r\n<\/h3>\r\n<a href=\"https:\/\/sff-camara.com\/es\/sff-magazine-marzo-2024\/por-que-estructurar-su-estrategia-de-endeudamiento-a-traves-de-un-vehiculo-de-titulizacion-en-el-gran-ducado-de-luxemburgo\/\" class=\"btn btn-link btn-underline btn-primary\">Leer m\u00e1s <i class=\"a-icon-long-arrow-right\"><\/i><\/a><\/div>\r\n\t<\/article>\r\n\r\n\t\r\n<\/div>\r\n\r\n\r\n<div class=\"post-wrap \" data-post-image=\"alpha-post-medium\">\r\n\r\n\t\r\n\t<article class=\"post-13104 post type-post status-publish format-standard has-post-thumbnail hentry category-sff-magazine-marzo-2024 tag-empresas-familiares tag-family-offices-es tag-precios-de-transferencia tag-tax-es tag-tendencias post overlay-zoom overlay-dark  post-modern\">\r\n\t\t\t\t\t<figure class=\"post-media\">\r\n\t\t\t\t\t\t\t\t<a href=\"https:\/\/sff-camara.com\/es\/sff-magazine-marzo-2024\/precios-de-transferencia-en-family-offices-navegando-el-cambio-generacional\/\" aria-label=\"Post Media\">\r\n\t\t\t\t\t<img loading=\"lazy\" decoding=\"async\" width=\"600\" height=\"420\" src=\"https:\/\/sff-camara.com\/wp-content\/uploads\/2024\/02\/Luxembourg-600x420.jpeg\" class=\"attachment-alpha-post-medium size-alpha-post-medium wp-post-image\" alt=\"\" srcset=\"https:\/\/sff-camara.com\/wp-content\/uploads\/2024\/02\/Luxembourg-600x420.jpeg 600w, https:\/\/sff-camara.com\/wp-content\/uploads\/2024\/02\/Luxembourg-400x280.jpeg 400w, https:\/\/sff-camara.com\/wp-content\/uploads\/2024\/02\/Luxembourg-570x400.jpeg 570w\" sizes=\"(max-width: 600px) 100vw, 600px\" \/>\t\t\t\t\t\t<figcaption class=\"thumbnail-caption\">\r\n\t\t\t\t\t\t\tModern architecture in financial district Kirchberg at sunset. Luxembourg. . High quality photo\t\t\t\t\t\t<\/figcaption>\r\n\t\t\t\t\t\t\t\t\t\t<\/a>\r\n\t\t\t<\/figure>\r\n\t\t\t<div class=\"post-details\">\r\n\t<div class=\"post-meta\">\r\n\t<a class=\"post-date\" href=\"https:\/\/sff-camara.com\/es\/2024\/03\/06\/\">marzo 6, 2024<\/a>\r\n\r\n\t<\/div>\r\n<h3 class=\"post-title\">\r\n\t<a href=\"https:\/\/sff-camara.com\/es\/sff-magazine-marzo-2024\/precios-de-transferencia-en-family-offices-navegando-el-cambio-generacional\/\">\r\n\t\tPrecios de Transferencia en Family Offices: Navegando el Cambio Generacional\t<\/a>\r\n<\/h3>\r\n<a href=\"https:\/\/sff-camara.com\/es\/sff-magazine-marzo-2024\/precios-de-transferencia-en-family-offices-navegando-el-cambio-generacional\/\" class=\"btn btn-link btn-underline btn-primary\">Leer m\u00e1s <i class=\"a-icon-long-arrow-right\"><\/i><\/a><\/div>\r\n\t<\/article>\r\n\r\n\t\r\n<\/div>\r\n\r\n\r\n<div class=\"post-wrap \" data-post-image=\"alpha-post-medium\">\r\n\r\n\t\r\n\t<article class=\"post-13158 post type-post status-publish format-standard has-post-thumbnail hentry category-sff-magazine-marzo-2024 tag-tax-es tag-tic post overlay-zoom overlay-dark  post-modern\">\r\n\t\t\t\t\t<figure class=\"post-media\">\r\n\t\t\t\t\t\t\t\t<a href=\"https:\/\/sff-camara.com\/es\/sff-magazine-marzo-2024\/nuevos-requisitos-en-materia-de-ciberseguridad-vision-general-del-reglamento-dora\/\" aria-label=\"Post Media\">\r\n\t\t\t\t\t<img loading=\"lazy\" decoding=\"async\" width=\"600\" height=\"420\" src=\"https:\/\/sff-camara.com\/wp-content\/uploads\/2024\/03\/DORA-Regulation-600x420.png\" class=\"attachment-alpha-post-medium size-alpha-post-medium wp-post-image\" alt=\"\" srcset=\"https:\/\/sff-camara.com\/wp-content\/uploads\/2024\/03\/DORA-Regulation-600x420.png 600w, https:\/\/sff-camara.com\/wp-content\/uploads\/2024\/03\/DORA-Regulation-400x280.png 400w, https:\/\/sff-camara.com\/wp-content\/uploads\/2024\/03\/DORA-Regulation-570x400.png 570w\" sizes=\"(max-width: 600px) 100vw, 600px\" \/>\t\t\t\t<\/a>\r\n\t\t\t<\/figure>\r\n\t\t\t<div class=\"post-details\">\r\n\t<div class=\"post-meta\">\r\n\t<a class=\"post-date\" href=\"https:\/\/sff-camara.com\/es\/2024\/03\/06\/\">marzo 6, 2024<\/a>\r\n\r\n\t<\/div>\r\n<h3 class=\"post-title\">\r\n\t<a href=\"https:\/\/sff-camara.com\/es\/sff-magazine-marzo-2024\/nuevos-requisitos-en-materia-de-ciberseguridad-vision-general-del-reglamento-dora\/\">\r\n\t\tNuevos requisitos en materia de ciberseguridad: Visi\u00f3n general del Reglamento DORA\t<\/a>\r\n<\/h3>\r\n<a href=\"https:\/\/sff-camara.com\/es\/sff-magazine-marzo-2024\/nuevos-requisitos-en-materia-de-ciberseguridad-vision-general-del-reglamento-dora\/\" class=\"btn btn-link btn-underline btn-primary\">Leer m\u00e1s <i class=\"a-icon-long-arrow-right\"><\/i><\/a><\/div>\r\n\t<\/article>\r\n\r\n\t\r\n<\/div>\r\n\r\n\r\n<div class=\"post-wrap \" data-post-image=\"alpha-post-medium\">\r\n\r\n\t\r\n\t<article class=\"post-13334 post type-post status-publish format-standard has-post-thumbnail hentry category-sff-magazine-marzo-2024 tag-asset-management-es tag-distribucion-de-fondos post overlay-zoom overlay-dark  post-modern\">\r\n\t\t\t\t\t<figure class=\"post-media\">\r\n\t\t\t\t\t\t\t\t<a href=\"https:\/\/sff-camara.com\/es\/sff-magazine-marzo-2024\/meet-the-team-andbank-asset-management-luxembourg\/\" aria-label=\"Post Media\">\r\n\t\t\t\t\t<img loading=\"lazy\" decoding=\"async\" width=\"600\" height=\"420\" src=\"https:\/\/sff-camara.com\/wp-content\/uploads\/2024\/03\/andbank-luxembourg-enseigne-600x420.jpeg\" class=\"attachment-alpha-post-medium size-alpha-post-medium wp-post-image\" alt=\"\" srcset=\"https:\/\/sff-camara.com\/wp-content\/uploads\/2024\/03\/andbank-luxembourg-enseigne-600x420.jpeg 600w, https:\/\/sff-camara.com\/wp-content\/uploads\/2024\/03\/andbank-luxembourg-enseigne-400x280.jpeg 400w, https:\/\/sff-camara.com\/wp-content\/uploads\/2024\/03\/andbank-luxembourg-enseigne-570x400.jpeg 570w\" sizes=\"(max-width: 600px) 100vw, 600px\" \/>\t\t\t\t<\/a>\r\n\t\t\t<\/figure>\r\n\t\t\t<div class=\"post-details\">\r\n\t<div class=\"post-meta\">\r\n\t<a class=\"post-date\" href=\"https:\/\/sff-camara.com\/es\/2024\/03\/06\/\">marzo 6, 2024<\/a>\r\n\r\n\t<\/div>\r\n<h3 class=\"post-title\">\r\n\t<a href=\"https:\/\/sff-camara.com\/es\/sff-magazine-marzo-2024\/meet-the-team-andbank-asset-management-luxembourg\/\">\r\n\t\tMEET THE TEAM &#8211; Andbank Asset Management Luxembourg\t<\/a>\r\n<\/h3>\r\n<a href=\"https:\/\/sff-camara.com\/es\/sff-magazine-marzo-2024\/meet-the-team-andbank-asset-management-luxembourg\/\" class=\"btn btn-link btn-underline btn-primary\">Leer m\u00e1s <i class=\"a-icon-long-arrow-right\"><\/i><\/a><\/div>\r\n\t<\/article>\r\n\r\n\t\r\n<\/div>\r\n\r\n\r\n<div class=\"post-wrap \" data-post-image=\"alpha-post-medium\">\r\n\r\n\t\r\n\t<article class=\"post-13382 post type-post status-publish format-standard has-post-thumbnail hentry category-sff-magazine-marzo-2024 tag-asset-management-es tag-distribucion-de-fondos post overlay-zoom overlay-dark  post-modern\">\r\n\t\t\t\t\t<figure class=\"post-media\">\r\n\t\t\t\t\t\t\t\t<a href=\"https:\/\/sff-camara.com\/es\/sff-magazine-marzo-2024\/el-grupo-caixabank-am-evoluciona-su-modelo-de-gestion-de-alternativos-liquidos-con-delegacion-de-mandatos-a-terceras-gestoras-internacionales-para-su-servicio-de-gestion-discrecional-de-las-carteras-m\/\" aria-label=\"Post Media\">\r\n\t\t\t\t\t<img loading=\"lazy\" decoding=\"async\" width=\"600\" height=\"420\" src=\"https:\/\/sff-camara.com\/wp-content\/uploads\/2024\/03\/oficina-caixabank-am-con-el-logotipo-en-la-pared-600x420.jpg\" class=\"attachment-alpha-post-medium size-alpha-post-medium wp-post-image\" alt=\"\" srcset=\"https:\/\/sff-camara.com\/wp-content\/uploads\/2024\/03\/oficina-caixabank-am-con-el-logotipo-en-la-pared-600x420.jpg 600w, https:\/\/sff-camara.com\/wp-content\/uploads\/2024\/03\/oficina-caixabank-am-con-el-logotipo-en-la-pared-400x280.jpg 400w, https:\/\/sff-camara.com\/wp-content\/uploads\/2024\/03\/oficina-caixabank-am-con-el-logotipo-en-la-pared-570x400.jpg 570w\" sizes=\"(max-width: 600px) 100vw, 600px\" \/>\t\t\t\t<\/a>\r\n\t\t\t<\/figure>\r\n\t\t\t<div class=\"post-details\">\r\n\t<div class=\"post-meta\">\r\n\t<a class=\"post-date\" href=\"https:\/\/sff-camara.com\/es\/2024\/03\/06\/\">marzo 6, 2024<\/a>\r\n\r\n\t<\/div>\r\n<h3 class=\"post-title\">\r\n\t<a href=\"https:\/\/sff-camara.com\/es\/sff-magazine-marzo-2024\/el-grupo-caixabank-am-evoluciona-su-modelo-de-gestion-de-alternativos-liquidos-con-delegacion-de-mandatos-a-terceras-gestoras-internacionales-para-su-servicio-de-gestion-discrecional-de-las-carteras-m\/\">\r\n\t\tEl Grupo CaixaBank AM evoluciona su modelo de gesti\u00f3n de alternativos l\u00edquidos con delegaci\u00f3n de mandatos a terceras gestoras internacionales para su servicio de gesti\u00f3n discrecional de las Carteras Master\t<\/a>\r\n<\/h3>\r\n<a href=\"https:\/\/sff-camara.com\/es\/sff-magazine-marzo-2024\/el-grupo-caixabank-am-evoluciona-su-modelo-de-gestion-de-alternativos-liquidos-con-delegacion-de-mandatos-a-terceras-gestoras-internacionales-para-su-servicio-de-gestion-discrecional-de-las-carteras-m\/\" class=\"btn btn-link btn-underline btn-primary\">Leer m\u00e1s <i class=\"a-icon-long-arrow-right\"><\/i><\/a><\/div>\r\n\t<\/article>\r\n\r\n\t\r\n<\/div>\r\n\r\n\r\n<div class=\"post-wrap \" data-post-image=\"alpha-post-medium\">\r\n\r\n\t\r\n\t<article class=\"post-13484 post type-post status-publish format-standard has-post-thumbnail hentry category-sff-magazine-marzo-2024 tag-alternative-investment-es tag-aml-es tag-tendencias post overlay-zoom overlay-dark  post-modern\">\r\n\t\t\t\t\t<figure class=\"post-media\">\r\n\t\t\t\t\t\t\t\t<a href=\"https:\/\/sff-camara.com\/es\/sff-magazine-marzo-2024\/aml-ctf-perspectivas-regulatorias-y-analisis-de-tendencias\/\" aria-label=\"Post Media\">\r\n\t\t\t\t\t<img loading=\"lazy\" decoding=\"async\" width=\"600\" height=\"420\" src=\"https:\/\/sff-camara.com\/wp-content\/uploads\/2024\/03\/AML-600x420.jpeg\" class=\"attachment-alpha-post-medium size-alpha-post-medium wp-post-image\" alt=\"\" srcset=\"https:\/\/sff-camara.com\/wp-content\/uploads\/2024\/03\/AML-600x420.jpeg 600w, https:\/\/sff-camara.com\/wp-content\/uploads\/2024\/03\/AML-400x280.jpeg 400w, https:\/\/sff-camara.com\/wp-content\/uploads\/2024\/03\/AML-570x400.jpeg 570w\" sizes=\"(max-width: 600px) 100vw, 600px\" \/>\t\t\t\t\t\t<figcaption class=\"thumbnail-caption\">\r\n\t\t\t\t\t\t\tAML Anti Money Laundering Financial Bank Business Concept. judge in a courtroom using laptop and tablet with AML anti money laundering icon on virtual icon\t\t\t\t\t\t<\/figcaption>\r\n\t\t\t\t\t\t\t\t\t\t<\/a>\r\n\t\t\t<\/figure>\r\n\t\t\t<div class=\"post-details\">\r\n\t<div class=\"post-meta\">\r\n\t<a class=\"post-date\" href=\"https:\/\/sff-camara.com\/es\/2024\/03\/06\/\">marzo 6, 2024<\/a>\r\n\r\n\t<\/div>\r\n<h3 class=\"post-title\">\r\n\t<a href=\"https:\/\/sff-camara.com\/es\/sff-magazine-marzo-2024\/aml-ctf-perspectivas-regulatorias-y-analisis-de-tendencias\/\">\r\n\t\tAML\/CTF: perspectivas regulatorias y an\u00e1lisis de tendencias\t<\/a>\r\n<\/h3>\r\n<a href=\"https:\/\/sff-camara.com\/es\/sff-magazine-marzo-2024\/aml-ctf-perspectivas-regulatorias-y-analisis-de-tendencias\/\" class=\"btn btn-link btn-underline btn-primary\">Leer m\u00e1s <i class=\"a-icon-long-arrow-right\"><\/i><\/a><\/div>\r\n\t<\/article>\r\n\r\n\t\r\n<\/div>\r\n\r\n\r\n<div class=\"post-wrap \" data-post-image=\"alpha-post-medium\">\r\n\r\n\t\r\n\t<article class=\"post-13523 post type-post status-publish format-standard has-post-thumbnail hentry category-sff-magazine-marzo-2024 tag-empresas-familiares tag-tendencias post overlay-zoom overlay-dark  post-modern\">\r\n\t\t\t\t\t<figure class=\"post-media\">\r\n\t\t\t\t\t\t\t\t<a href=\"https:\/\/sff-camara.com\/es\/sff-magazine-marzo-2024\/entrevista-con-jose-luis-blanco-director-general-ejecutivo-del-instituto-de-la-empresa-familiar\/\" aria-label=\"Post Media\">\r\n\t\t\t\t\t<img loading=\"lazy\" decoding=\"async\" width=\"600\" height=\"420\" src=\"https:\/\/sff-camara.com\/wp-content\/uploads\/2024\/03\/IEF-2-600x420.png\" class=\"attachment-alpha-post-medium size-alpha-post-medium wp-post-image\" alt=\"\" srcset=\"https:\/\/sff-camara.com\/wp-content\/uploads\/2024\/03\/IEF-2-600x420.png 600w, https:\/\/sff-camara.com\/wp-content\/uploads\/2024\/03\/IEF-2-400x280.png 400w, https:\/\/sff-camara.com\/wp-content\/uploads\/2024\/03\/IEF-2-570x400.png 570w\" sizes=\"(max-width: 600px) 100vw, 600px\" \/>\t\t\t\t<\/a>\r\n\t\t\t<\/figure>\r\n\t\t\t<div class=\"post-details\">\r\n\t<div class=\"post-meta\">\r\n\t<a class=\"post-date\" href=\"https:\/\/sff-camara.com\/es\/2024\/03\/06\/\">marzo 6, 2024<\/a>\r\n\r\n\t<\/div>\r\n<h3 class=\"post-title\">\r\n\t<a href=\"https:\/\/sff-camara.com\/es\/sff-magazine-marzo-2024\/entrevista-con-jose-luis-blanco-director-general-ejecutivo-del-instituto-de-la-empresa-familiar\/\">\r\n\t\tEntrevista con Jos\u00e9 Luis Blanco, Director General Ejecutivo del Instituto de la Empresa Familiar\t<\/a>\r\n<\/h3>\r\n<a href=\"https:\/\/sff-camara.com\/es\/sff-magazine-marzo-2024\/entrevista-con-jose-luis-blanco-director-general-ejecutivo-del-instituto-de-la-empresa-familiar\/\" class=\"btn btn-link btn-underline btn-primary\">Leer m\u00e1s <i class=\"a-icon-long-arrow-right\"><\/i><\/a><\/div>\r\n\t<\/article>\r\n\r\n\t\r\n<\/div>\r\n\r\n\r\n<div class=\"post-wrap \" data-post-image=\"alpha-post-medium\">\r\n\r\n\t\r\n\t<article class=\"post-13751 post type-post status-publish format-standard has-post-thumbnail hentry category-noticias category-sff-magazine-marzo-2024 post overlay-zoom overlay-dark  post-modern\">\r\n\t\t\t\t\t<figure class=\"post-media\">\r\n\t\t\t\t\t\t\t\t<a href=\"https:\/\/sff-camara.com\/es\/noticias\/celebrada-la-formacion-sff-learning-solutions-precios-de-transferencia-para-estructuras-de-family-office\/\" aria-label=\"Post Media\">\r\n\t\t\t\t\t<img loading=\"lazy\" decoding=\"async\" width=\"600\" height=\"420\" src=\"https:\/\/sff-camara.com\/wp-content\/uploads\/2024\/05\/ImportedPhoto_1714137943387-600x420.jpg\" class=\"attachment-alpha-post-medium size-alpha-post-medium wp-post-image\" alt=\"\" srcset=\"https:\/\/sff-camara.com\/wp-content\/uploads\/2024\/05\/ImportedPhoto_1714137943387-600x420.jpg 600w, https:\/\/sff-camara.com\/wp-content\/uploads\/2024\/05\/ImportedPhoto_1714137943387-400x280.jpg 400w, https:\/\/sff-camara.com\/wp-content\/uploads\/2024\/05\/ImportedPhoto_1714137943387-570x400.jpg 570w\" sizes=\"(max-width: 600px) 100vw, 600px\" \/>\t\t\t\t<\/a>\r\n\t\t\t<\/figure>\r\n\t\t\t<div class=\"post-details\">\r\n\t<div class=\"post-meta\">\r\n\t<a class=\"post-date\" href=\"https:\/\/sff-camara.com\/es\/2024\/05\/02\/\">mayo 2, 2024<\/a>\r\n\r\n\t<\/div>\r\n<h3 class=\"post-title\">\r\n\t<a href=\"https:\/\/sff-camara.com\/es\/noticias\/celebrada-la-formacion-sff-learning-solutions-precios-de-transferencia-para-estructuras-de-family-office\/\">\r\n\t\tCelebrada la formaci\u00f3n \u201cSFF Learning Solutions: Precios de Transferencia para Estructuras de Family Office\u201d\t<\/a>\r\n<\/h3>\r\n<a href=\"https:\/\/sff-camara.com\/es\/noticias\/celebrada-la-formacion-sff-learning-solutions-precios-de-transferencia-para-estructuras-de-family-office\/\" class=\"btn btn-link btn-underline btn-primary\">Leer m\u00e1s <i class=\"a-icon-long-arrow-right\"><\/i><\/a><\/div>\r\n\t<\/article>\r\n\r\n\t\r\n<\/div>\r\n\r\n<\/div>\t\t\t\t<\/div>\n\t\t\t\t<\/div>\n\t\t\t\t<div class=\"elementor-element elementor-element-1457a4cf elementor-widget elementor-widget-spacer\" data-id=\"1457a4cf\" data-element_type=\"widget\" data-e-type=\"widget\" data-widget_type=\"spacer.default\">\n\t\t\t\t<div class=\"elementor-widget-container\">\n\t\t\t\t\t\t\t<div class=\"elementor-spacer\">\n\t\t\t<div class=\"elementor-spacer-inner\"><\/div>\n\t\t<\/div>\n\t\t\t\t\t\t<\/div>\n\t\t\t\t<\/div>\n\t\t\t\t\t\t<\/div>\r\n\t\t\t\t<\/div>\r\n\t\t\t\t\t\t\t\t<\/div>\r\n\t\t\t<\/section>\r\n\t\t\t\t\t<\/div>\n\t\t","protected":false},"excerpt":{"rendered":"<p>Jos\u00e9 Luis Blanco es abogado de formaci\u00f3n. Se licenci\u00f3 en Derecho en la Universidad Aut\u00f3noma de Barcelona y, con posterioridad obtuvo su graduaci\u00f3n como Master of Laws en la facultad [&hellip;]<\/p>\n","protected":false},"author":2,"featured_media":13521,"comment_status":"closed","ping_status":"closed","sticky":false,"template":"","format":"standard","meta":{"_acf_changed":false,"_price":"","_stock":"","_tribe_ticket_header":"","_tribe_default_ticket_provider":"","_ticket_start_date":"","_ticket_end_date":"","_tribe_ticket_show_description":"","_tribe_ticket_show_not_going":false,"_tribe_ticket_use_global_stock":"","_tribe_ticket_global_stock_level":"","_global_stock_mode":"","_global_stock_cap":"","_tribe_rsvp_for_event":"","_tribe_ticket_going_count":"","_tribe_ticket_not_going_count":"","_tribe_tickets_list":"[]","_tribe_ticket_has_attendee_info_fields":false,"footnotes":""},"categories":[257],"tags":[269,223],"class_list":["post-13523","post","type-post","status-publish","format-standard","has-post-thumbnail","hentry","category-sff-magazine-marzo-2024","tag-empresas-familiares","tag-tendencias"],"acf":[],"yoast_head":"<!-- This site is optimized with the Yoast SEO plugin v27.1.1 - https:\/\/yoast.com\/product\/yoast-seo-wordpress\/ -->\n<title>Entrevista con Jos\u00e9 Luis Blanco, Director General Ejecutivo del Instituto de la Empresa Familiar | SFF<\/title>\n<meta name=\"description\" content=\"El IEF es una asociaci\u00f3n sin \u00e1nimo de lucro formada por un numerus clausus de cien socios que agrupa a las empresas familiares m\u00e1s importantes de Espa\u00f1a.\" \/>\n<meta name=\"robots\" content=\"index, follow, max-snippet:-1, max-image-preview:large, max-video-preview:-1\" \/>\n<link rel=\"canonical\" href=\"https:\/\/sff-camara.com\/es\/sff-magazine-marzo-2024\/entrevista-con-jose-luis-blanco-director-general-ejecutivo-del-instituto-de-la-empresa-familiar\/\" \/>\n<meta property=\"og:locale\" content=\"es_ES\" \/>\n<meta property=\"og:type\" content=\"article\" \/>\n<meta property=\"og:title\" content=\"Entrevista con Jos\u00e9 Luis Blanco, Director General Ejecutivo del Instituto de la Empresa Familiar | SFF\" \/>\n<meta property=\"og:description\" content=\"El IEF es una asociaci\u00f3n sin \u00e1nimo de lucro formada por un numerus clausus de cien socios que agrupa a las empresas familiares m\u00e1s importantes de Espa\u00f1a.\" \/>\n<meta property=\"og:url\" content=\"https:\/\/sff-camara.com\/es\/sff-magazine-marzo-2024\/entrevista-con-jose-luis-blanco-director-general-ejecutivo-del-instituto-de-la-empresa-familiar\/\" \/>\n<meta property=\"og:site_name\" content=\"SFF\" \/>\n<meta property=\"article:published_time\" content=\"2024-03-06T07:00:35+00:00\" \/>\n<meta property=\"article:modified_time\" content=\"2024-03-07T10:25:05+00:00\" \/>\n<meta property=\"og:image\" content=\"https:\/\/sff-camara.com\/wp-content\/uploads\/2024\/03\/IEF-2.png\" \/>\n\t<meta property=\"og:image:width\" content=\"2560\" \/>\n\t<meta property=\"og:image:height\" content=\"1528\" \/>\n\t<meta property=\"og:image:type\" content=\"image\/png\" \/>\n<meta name=\"author\" content=\"SFF\" \/>\n<meta name=\"twitter:card\" content=\"summary_large_image\" \/>\n<meta name=\"twitter:label1\" content=\"Escrito por\" \/>\n\t<meta name=\"twitter:data1\" content=\"SFF\" \/>\n\t<meta name=\"twitter:label2\" content=\"Tiempo de lectura\" \/>\n\t<meta name=\"twitter:data2\" content=\"9 minutos\" \/>\n<script type=\"application\/ld+json\" class=\"yoast-schema-graph\">{\"@context\":\"https:\/\/schema.org\",\"@graph\":[{\"@type\":\"Article\",\"@id\":\"https:\/\/sff-camara.com\/es\/sff-magazine-marzo-2024\/entrevista-con-jose-luis-blanco-director-general-ejecutivo-del-instituto-de-la-empresa-familiar\/#article\",\"isPartOf\":{\"@id\":\"https:\/\/sff-camara.com\/es\/sff-magazine-marzo-2024\/entrevista-con-jose-luis-blanco-director-general-ejecutivo-del-instituto-de-la-empresa-familiar\/\"},\"author\":{\"name\":\"SFF\",\"@id\":\"https:\/\/sff-camara.com\/#\/schema\/person\/4adb1bc18ccd0824990c909ad888ece9\"},\"headline\":\"Entrevista con Jos\u00e9 Luis Blanco, Director General Ejecutivo del Instituto de la Empresa Familiar\",\"datePublished\":\"2024-03-06T07:00:35+00:00\",\"dateModified\":\"2024-03-07T10:25:05+00:00\",\"mainEntityOfPage\":{\"@id\":\"https:\/\/sff-camara.com\/es\/sff-magazine-marzo-2024\/entrevista-con-jose-luis-blanco-director-general-ejecutivo-del-instituto-de-la-empresa-familiar\/\"},\"wordCount\":1871,\"publisher\":{\"@id\":\"https:\/\/sff-camara.com\/#organization\"},\"image\":{\"@id\":\"https:\/\/sff-camara.com\/es\/sff-magazine-marzo-2024\/entrevista-con-jose-luis-blanco-director-general-ejecutivo-del-instituto-de-la-empresa-familiar\/#primaryimage\"},\"thumbnailUrl\":\"https:\/\/sff-camara.com\/wp-content\/uploads\/2024\/03\/IEF-2.png\",\"keywords\":[\"Empresas Familiares\",\"Tendencias\"],\"articleSection\":[\"SFF Magazine Marzo 2024\"],\"inLanguage\":\"es\"},{\"@type\":\"WebPage\",\"@id\":\"https:\/\/sff-camara.com\/es\/sff-magazine-marzo-2024\/entrevista-con-jose-luis-blanco-director-general-ejecutivo-del-instituto-de-la-empresa-familiar\/\",\"url\":\"https:\/\/sff-camara.com\/es\/sff-magazine-marzo-2024\/entrevista-con-jose-luis-blanco-director-general-ejecutivo-del-instituto-de-la-empresa-familiar\/\",\"name\":\"Entrevista con Jos\u00e9 Luis Blanco, Director General Ejecutivo del Instituto de la Empresa Familiar | SFF\",\"isPartOf\":{\"@id\":\"https:\/\/sff-camara.com\/#website\"},\"primaryImageOfPage\":{\"@id\":\"https:\/\/sff-camara.com\/es\/sff-magazine-marzo-2024\/entrevista-con-jose-luis-blanco-director-general-ejecutivo-del-instituto-de-la-empresa-familiar\/#primaryimage\"},\"image\":{\"@id\":\"https:\/\/sff-camara.com\/es\/sff-magazine-marzo-2024\/entrevista-con-jose-luis-blanco-director-general-ejecutivo-del-instituto-de-la-empresa-familiar\/#primaryimage\"},\"thumbnailUrl\":\"https:\/\/sff-camara.com\/wp-content\/uploads\/2024\/03\/IEF-2.png\",\"datePublished\":\"2024-03-06T07:00:35+00:00\",\"dateModified\":\"2024-03-07T10:25:05+00:00\",\"description\":\"El IEF es una asociaci\u00f3n sin \u00e1nimo de lucro formada por un numerus clausus de cien socios que agrupa a las empresas familiares m\u00e1s importantes de Espa\u00f1a.\",\"breadcrumb\":{\"@id\":\"https:\/\/sff-camara.com\/es\/sff-magazine-marzo-2024\/entrevista-con-jose-luis-blanco-director-general-ejecutivo-del-instituto-de-la-empresa-familiar\/#breadcrumb\"},\"inLanguage\":\"es\",\"potentialAction\":[{\"@type\":\"ReadAction\",\"target\":[\"https:\/\/sff-camara.com\/es\/sff-magazine-marzo-2024\/entrevista-con-jose-luis-blanco-director-general-ejecutivo-del-instituto-de-la-empresa-familiar\/\"]}]},{\"@type\":\"ImageObject\",\"inLanguage\":\"es\",\"@id\":\"https:\/\/sff-camara.com\/es\/sff-magazine-marzo-2024\/entrevista-con-jose-luis-blanco-director-general-ejecutivo-del-instituto-de-la-empresa-familiar\/#primaryimage\",\"url\":\"https:\/\/sff-camara.com\/wp-content\/uploads\/2024\/03\/IEF-2.png\",\"contentUrl\":\"https:\/\/sff-camara.com\/wp-content\/uploads\/2024\/03\/IEF-2.png\",\"width\":2560,\"height\":1528},{\"@type\":\"BreadcrumbList\",\"@id\":\"https:\/\/sff-camara.com\/es\/sff-magazine-marzo-2024\/entrevista-con-jose-luis-blanco-director-general-ejecutivo-del-instituto-de-la-empresa-familiar\/#breadcrumb\",\"itemListElement\":[{\"@type\":\"ListItem\",\"position\":1,\"name\":\"Home\",\"item\":\"https:\/\/sff-camara.com\/\"},{\"@type\":\"ListItem\",\"position\":2,\"name\":\"Entrevista con Jos\u00e9 Luis Blanco, Director General Ejecutivo del Instituto de la Empresa Familiar\"}]},{\"@type\":\"WebSite\",\"@id\":\"https:\/\/sff-camara.com\/#website\",\"url\":\"https:\/\/sff-camara.com\/\",\"name\":\"SFF\",\"description\":\"Spanish Financial Forum in Luxembourg\",\"publisher\":{\"@id\":\"https:\/\/sff-camara.com\/#organization\"},\"potentialAction\":[{\"@type\":\"SearchAction\",\"target\":{\"@type\":\"EntryPoint\",\"urlTemplate\":\"https:\/\/sff-camara.com\/?s={search_term_string}\"},\"query-input\":{\"@type\":\"PropertyValueSpecification\",\"valueRequired\":true,\"valueName\":\"search_term_string\"}}],\"inLanguage\":\"es\"},{\"@type\":\"Organization\",\"@id\":\"https:\/\/sff-camara.com\/#organization\",\"name\":\"Spanish Financial Forum in Luxembourg\",\"url\":\"https:\/\/sff-camara.com\/\",\"logo\":{\"@type\":\"ImageObject\",\"inLanguage\":\"es\",\"@id\":\"https:\/\/sff-camara.com\/#\/schema\/logo\/image\/\",\"url\":\"https:\/\/sff-camara.com\/wp-content\/uploads\/2023\/02\/cropped-LOGO-1.png\",\"contentUrl\":\"https:\/\/sff-camara.com\/wp-content\/uploads\/2023\/02\/cropped-LOGO-1.png\",\"width\":586,\"height\":222,\"caption\":\"Spanish Financial Forum in Luxembourg\"},\"image\":{\"@id\":\"https:\/\/sff-camara.com\/#\/schema\/logo\/image\/\"},\"sameAs\":[\"https:\/\/www.linkedin.com\/company\/camara-oficial-de-comercio-de-espana-en-belgica-y-luxemburgo\/\"]},{\"@type\":\"Person\",\"@id\":\"https:\/\/sff-camara.com\/#\/schema\/person\/4adb1bc18ccd0824990c909ad888ece9\",\"name\":\"SFF\",\"url\":\"https:\/\/sff-camara.com\/es\/author\/planinluxadmin\/\"}]}<\/script>\n<!-- \/ Yoast SEO plugin. -->","yoast_head_json":{"title":"Entrevista con Jos\u00e9 Luis Blanco, Director General Ejecutivo del Instituto de la Empresa Familiar | SFF","description":"El IEF es una asociaci\u00f3n sin \u00e1nimo de lucro formada por un numerus clausus de cien socios que agrupa a las empresas familiares m\u00e1s importantes de Espa\u00f1a.","robots":{"index":"index","follow":"follow","max-snippet":"max-snippet:-1","max-image-preview":"max-image-preview:large","max-video-preview":"max-video-preview:-1"},"canonical":"https:\/\/sff-camara.com\/es\/sff-magazine-marzo-2024\/entrevista-con-jose-luis-blanco-director-general-ejecutivo-del-instituto-de-la-empresa-familiar\/","og_locale":"es_ES","og_type":"article","og_title":"Entrevista con Jos\u00e9 Luis Blanco, Director General Ejecutivo del Instituto de la Empresa Familiar | SFF","og_description":"El IEF es una asociaci\u00f3n sin \u00e1nimo de lucro formada por un numerus clausus de cien socios que agrupa a las empresas familiares m\u00e1s importantes de Espa\u00f1a.","og_url":"https:\/\/sff-camara.com\/es\/sff-magazine-marzo-2024\/entrevista-con-jose-luis-blanco-director-general-ejecutivo-del-instituto-de-la-empresa-familiar\/","og_site_name":"SFF","article_published_time":"2024-03-06T07:00:35+00:00","article_modified_time":"2024-03-07T10:25:05+00:00","og_image":[{"width":2560,"height":1528,"url":"https:\/\/sff-camara.com\/wp-content\/uploads\/2024\/03\/IEF-2.png","type":"image\/png"}],"author":"SFF","twitter_card":"summary_large_image","twitter_misc":{"Escrito por":"SFF","Tiempo de lectura":"9 minutos"},"schema":{"@context":"https:\/\/schema.org","@graph":[{"@type":"Article","@id":"https:\/\/sff-camara.com\/es\/sff-magazine-marzo-2024\/entrevista-con-jose-luis-blanco-director-general-ejecutivo-del-instituto-de-la-empresa-familiar\/#article","isPartOf":{"@id":"https:\/\/sff-camara.com\/es\/sff-magazine-marzo-2024\/entrevista-con-jose-luis-blanco-director-general-ejecutivo-del-instituto-de-la-empresa-familiar\/"},"author":{"name":"SFF","@id":"https:\/\/sff-camara.com\/#\/schema\/person\/4adb1bc18ccd0824990c909ad888ece9"},"headline":"Entrevista con Jos\u00e9 Luis Blanco, Director General Ejecutivo del Instituto de la Empresa Familiar","datePublished":"2024-03-06T07:00:35+00:00","dateModified":"2024-03-07T10:25:05+00:00","mainEntityOfPage":{"@id":"https:\/\/sff-camara.com\/es\/sff-magazine-marzo-2024\/entrevista-con-jose-luis-blanco-director-general-ejecutivo-del-instituto-de-la-empresa-familiar\/"},"wordCount":1871,"publisher":{"@id":"https:\/\/sff-camara.com\/#organization"},"image":{"@id":"https:\/\/sff-camara.com\/es\/sff-magazine-marzo-2024\/entrevista-con-jose-luis-blanco-director-general-ejecutivo-del-instituto-de-la-empresa-familiar\/#primaryimage"},"thumbnailUrl":"https:\/\/sff-camara.com\/wp-content\/uploads\/2024\/03\/IEF-2.png","keywords":["Empresas Familiares","Tendencias"],"articleSection":["SFF Magazine Marzo 2024"],"inLanguage":"es"},{"@type":"WebPage","@id":"https:\/\/sff-camara.com\/es\/sff-magazine-marzo-2024\/entrevista-con-jose-luis-blanco-director-general-ejecutivo-del-instituto-de-la-empresa-familiar\/","url":"https:\/\/sff-camara.com\/es\/sff-magazine-marzo-2024\/entrevista-con-jose-luis-blanco-director-general-ejecutivo-del-instituto-de-la-empresa-familiar\/","name":"Entrevista con Jos\u00e9 Luis Blanco, Director General Ejecutivo del Instituto de la Empresa Familiar | SFF","isPartOf":{"@id":"https:\/\/sff-camara.com\/#website"},"primaryImageOfPage":{"@id":"https:\/\/sff-camara.com\/es\/sff-magazine-marzo-2024\/entrevista-con-jose-luis-blanco-director-general-ejecutivo-del-instituto-de-la-empresa-familiar\/#primaryimage"},"image":{"@id":"https:\/\/sff-camara.com\/es\/sff-magazine-marzo-2024\/entrevista-con-jose-luis-blanco-director-general-ejecutivo-del-instituto-de-la-empresa-familiar\/#primaryimage"},"thumbnailUrl":"https:\/\/sff-camara.com\/wp-content\/uploads\/2024\/03\/IEF-2.png","datePublished":"2024-03-06T07:00:35+00:00","dateModified":"2024-03-07T10:25:05+00:00","description":"El IEF es una asociaci\u00f3n sin \u00e1nimo de lucro formada por un numerus clausus de cien socios que agrupa a las empresas familiares m\u00e1s importantes de Espa\u00f1a.","breadcrumb":{"@id":"https:\/\/sff-camara.com\/es\/sff-magazine-marzo-2024\/entrevista-con-jose-luis-blanco-director-general-ejecutivo-del-instituto-de-la-empresa-familiar\/#breadcrumb"},"inLanguage":"es","potentialAction":[{"@type":"ReadAction","target":["https:\/\/sff-camara.com\/es\/sff-magazine-marzo-2024\/entrevista-con-jose-luis-blanco-director-general-ejecutivo-del-instituto-de-la-empresa-familiar\/"]}]},{"@type":"ImageObject","inLanguage":"es","@id":"https:\/\/sff-camara.com\/es\/sff-magazine-marzo-2024\/entrevista-con-jose-luis-blanco-director-general-ejecutivo-del-instituto-de-la-empresa-familiar\/#primaryimage","url":"https:\/\/sff-camara.com\/wp-content\/uploads\/2024\/03\/IEF-2.png","contentUrl":"https:\/\/sff-camara.com\/wp-content\/uploads\/2024\/03\/IEF-2.png","width":2560,"height":1528},{"@type":"BreadcrumbList","@id":"https:\/\/sff-camara.com\/es\/sff-magazine-marzo-2024\/entrevista-con-jose-luis-blanco-director-general-ejecutivo-del-instituto-de-la-empresa-familiar\/#breadcrumb","itemListElement":[{"@type":"ListItem","position":1,"name":"Home","item":"https:\/\/sff-camara.com\/"},{"@type":"ListItem","position":2,"name":"Entrevista con Jos\u00e9 Luis Blanco, Director General Ejecutivo del Instituto de la Empresa Familiar"}]},{"@type":"WebSite","@id":"https:\/\/sff-camara.com\/#website","url":"https:\/\/sff-camara.com\/","name":"SFF","description":"Spanish Financial Forum in Luxembourg","publisher":{"@id":"https:\/\/sff-camara.com\/#organization"},"potentialAction":[{"@type":"SearchAction","target":{"@type":"EntryPoint","urlTemplate":"https:\/\/sff-camara.com\/?s={search_term_string}"},"query-input":{"@type":"PropertyValueSpecification","valueRequired":true,"valueName":"search_term_string"}}],"inLanguage":"es"},{"@type":"Organization","@id":"https:\/\/sff-camara.com\/#organization","name":"Spanish Financial Forum in Luxembourg","url":"https:\/\/sff-camara.com\/","logo":{"@type":"ImageObject","inLanguage":"es","@id":"https:\/\/sff-camara.com\/#\/schema\/logo\/image\/","url":"https:\/\/sff-camara.com\/wp-content\/uploads\/2023\/02\/cropped-LOGO-1.png","contentUrl":"https:\/\/sff-camara.com\/wp-content\/uploads\/2023\/02\/cropped-LOGO-1.png","width":586,"height":222,"caption":"Spanish Financial Forum in Luxembourg"},"image":{"@id":"https:\/\/sff-camara.com\/#\/schema\/logo\/image\/"},"sameAs":["https:\/\/www.linkedin.com\/company\/camara-oficial-de-comercio-de-espana-en-belgica-y-luxemburgo\/"]},{"@type":"Person","@id":"https:\/\/sff-camara.com\/#\/schema\/person\/4adb1bc18ccd0824990c909ad888ece9","name":"SFF","url":"https:\/\/sff-camara.com\/es\/author\/planinluxadmin\/"}]}},"_links":{"self":[{"href":"https:\/\/sff-camara.com\/es\/wp-json\/wp\/v2\/posts\/13523","targetHints":{"allow":["GET"]}}],"collection":[{"href":"https:\/\/sff-camara.com\/es\/wp-json\/wp\/v2\/posts"}],"about":[{"href":"https:\/\/sff-camara.com\/es\/wp-json\/wp\/v2\/types\/post"}],"author":[{"embeddable":true,"href":"https:\/\/sff-camara.com\/es\/wp-json\/wp\/v2\/users\/2"}],"replies":[{"embeddable":true,"href":"https:\/\/sff-camara.com\/es\/wp-json\/wp\/v2\/comments?post=13523"}],"version-history":[{"count":8,"href":"https:\/\/sff-camara.com\/es\/wp-json\/wp\/v2\/posts\/13523\/revisions"}],"predecessor-version":[{"id":13715,"href":"https:\/\/sff-camara.com\/es\/wp-json\/wp\/v2\/posts\/13523\/revisions\/13715"}],"wp:featuredmedia":[{"embeddable":true,"href":"https:\/\/sff-camara.com\/es\/wp-json\/wp\/v2\/media\/13521"}],"wp:attachment":[{"href":"https:\/\/sff-camara.com\/es\/wp-json\/wp\/v2\/media?parent=13523"}],"wp:term":[{"taxonomy":"category","embeddable":true,"href":"https:\/\/sff-camara.com\/es\/wp-json\/wp\/v2\/categories?post=13523"},{"taxonomy":"post_tag","embeddable":true,"href":"https:\/\/sff-camara.com\/es\/wp-json\/wp\/v2\/tags?post=13523"}],"curies":[{"name":"wp","href":"https:\/\/api.w.org\/{rel}","templated":true}]}}