{"id":13158,"date":"2024-03-06T07:10:48","date_gmt":"2024-03-06T07:10:48","guid":{"rendered":"https:\/\/sff-camara.com\/?p=13158"},"modified":"2024-03-06T10:22:32","modified_gmt":"2024-03-06T10:22:32","slug":"nuevos-requisitos-en-materia-de-ciberseguridad-vision-general-del-reglamento-dora","status":"publish","type":"post","link":"https:\/\/sff-camara.com\/es\/sff-magazine-marzo-2024\/nuevos-requisitos-en-materia-de-ciberseguridad-vision-general-del-reglamento-dora\/","title":{"rendered":"Nuevos requisitos en materia de ciberseguridad: Visi\u00f3n general del Reglamento DORA"},"content":{"rendered":"\t\t<div data-elementor-type=\"wp-post\" data-elementor-id=\"13158\" class=\"elementor elementor-13158 elementor-13157\">\n\t\t\t\t\t\t<section class=\" elementor-section elementor-top-section elementor-element elementor-element-f377bdd elementor-section-boxed elementor-section-height-default elementor-section-height-default\" data-id=\"f377bdd\" data-element_type=\"section\" data-e-type=\"section\">\r\n\t\t\t\t\t\t\t\t<div class=\"elementor-container elementor-column-gap-default\">\r\n\t\t\t\t\r\n\t\t\t\t\t\t\t\t<div class=\" elementor-column elementor-col-100 elementor-top-column elementor-element elementor-element-26c6730c \" data-id=\"26c6730c\" data-element_type=\"column\" data-e-type=\"column\">\r\n\r\n\t\t\t\t\r\n\t\t\t\t<div class=\"elementor-widget-wrap elementor-element-populated\">\r\n\t\t\t\t\t\t\t\t\t\t\r\n\t\t\t\t\t\t<div class=\"elementor-element elementor-element-7ba72526 elementor-widget elementor-widget-heading\" data-id=\"7ba72526\" data-element_type=\"widget\" data-e-type=\"widget\" data-widget_type=\"heading.default\">\n\t\t\t\t<div class=\"elementor-widget-container\">\n\t\t\t\t\t<h3 class=\"elementor-heading-title elementor-size-default\">Nuevos requisitos en materia de ciberseguridad: Visi\u00f3n general del Reglamento DORA<\/h3>\t\t\t\t<\/div>\n\t\t\t\t<\/div>\n\t\t\t\t<div class=\"elementor-element elementor-element-22afa2a4 elementor-widget elementor-widget-spacer\" data-id=\"22afa2a4\" data-element_type=\"widget\" data-e-type=\"widget\" data-widget_type=\"spacer.default\">\n\t\t\t\t<div class=\"elementor-widget-container\">\n\t\t\t\t\t\t\t<div class=\"elementor-spacer\">\n\t\t\t<div class=\"elementor-spacer-inner\"><\/div>\n\t\t<\/div>\n\t\t\t\t\t\t<\/div>\n\t\t\t\t<\/div>\n\t\t\t\t<div class=\"elementor-element elementor-element-4f1fdaa8 elementor-widget elementor-widget-text-editor\" data-id=\"4f1fdaa8\" data-element_type=\"widget\" data-e-type=\"widget\" data-widget_type=\"text-editor.default\">\n\t\t\t\t<div class=\"elementor-widget-container\">\n\t\t\t\t\t\t\t\t\t<a href=\"https:\/\/sff-camara.com\/es\/categoria\/sff-magazine-marzo-2024\/\" rel=\"tag\">SFF Magazine Marzo 2024<\/a>\t\t\t\t\t\t\t\t<\/div>\n\t\t\t\t<\/div>\n\t\t\t\t<div class=\"elementor-element elementor-element-31767f27 elementor-widget elementor-widget-spacer\" data-id=\"31767f27\" data-element_type=\"widget\" data-e-type=\"widget\" data-widget_type=\"spacer.default\">\n\t\t\t\t<div class=\"elementor-widget-container\">\n\t\t\t\t\t\t\t<div class=\"elementor-spacer\">\n\t\t\t<div class=\"elementor-spacer-inner\"><\/div>\n\t\t<\/div>\n\t\t\t\t\t\t<\/div>\n\t\t\t\t<\/div>\n\t\t\t\t<div class=\"elementor-element elementor-element-4070c3d elementor-widget elementor-widget-image\" data-id=\"4070c3d\" data-element_type=\"widget\" data-e-type=\"widget\" data-widget_type=\"image.default\">\n\t\t\t\t<div class=\"elementor-widget-container\">\n\t\t\t\t\t\t\t\t\t\t\t\t\t\t\t\t<a href=\"https:\/\/www.bakermckenzie.com\/en\/locations\/emea\/luxembourg\" target=\"_blank\">\n\t\t\t\t\t\t\t<img decoding=\"async\" width=\"300\" height=\"104\" src=\"https:\/\/sff-camara.com\/wp-content\/uploads\/2022\/12\/bakerlogo_new-300x104-1.png\" class=\"attachment-medium size-medium wp-image-4203\" alt=\"\" \/>\t\t\t\t\t\t\t\t<\/a>\n\t\t\t\t\t\t\t\t\t\t\t\t\t\t\t<\/div>\n\t\t\t\t<\/div>\n\t\t\t\t<div class=\"elementor-element elementor-element-8676ac4 elementor-widget elementor-widget-spacer\" data-id=\"8676ac4\" data-element_type=\"widget\" data-e-type=\"widget\" data-widget_type=\"spacer.default\">\n\t\t\t\t<div class=\"elementor-widget-container\">\n\t\t\t\t\t\t\t<div class=\"elementor-spacer\">\n\t\t\t<div class=\"elementor-spacer-inner\"><\/div>\n\t\t<\/div>\n\t\t\t\t\t\t<\/div>\n\t\t\t\t<\/div>\n\t\t\t\t<div class=\"elementor-element elementor-element-3eef0661 elementor-widget elementor-widget-text-editor\" data-id=\"3eef0661\" data-element_type=\"widget\" data-e-type=\"widget\" data-widget_type=\"text-editor.default\">\n\t\t\t\t<div class=\"elementor-widget-container\">\n\t\t\t\t\t\t\t\t\tTem\u00e1ticas: <a href=\"https:\/\/sff-camara.com\/es\/temticas\/tax-es\/\" rel=\"tag\">Tax<\/a>, <a href=\"https:\/\/sff-camara.com\/es\/temticas\/tic\/\" rel=\"tag\">TIC<\/a>\t\t\t\t\t\t\t\t<\/div>\n\t\t\t\t<\/div>\n\t\t\t\t\t\t<\/div>\r\n\t\t\t\t<\/div>\r\n\t\t\t\t\t\t\t\t<\/div>\r\n\t\t\t<\/section>\r\n\t\t\t\t\t<section class=\" elementor-section elementor-top-section elementor-element elementor-element-4493726 elementor-section-boxed elementor-section-height-default elementor-section-height-default\" data-id=\"4493726\" data-element_type=\"section\" data-e-type=\"section\">\r\n\t\t\t\t\t\t\t\t<div class=\"elementor-container elementor-column-gap-default\">\r\n\t\t\t\t\r\n\t\t\t\t\t\t\t\t<div class=\" elementor-column elementor-col-100 elementor-top-column elementor-element elementor-element-c44f137 \" data-id=\"c44f137\" data-element_type=\"column\" data-e-type=\"column\">\r\n\r\n\t\t\t\t\r\n\t\t\t\t<div class=\"elementor-widget-wrap elementor-element-populated\">\r\n\t\t\t\t\t\t\t\t\t\t\r\n\t\t\t\t\t\t<div class=\"elementor-element elementor-element-3326f45 elementor-widget elementor-widget-text-editor\" data-id=\"3326f45\" data-element_type=\"widget\" data-e-type=\"widget\" data-widget_type=\"text-editor.default\">\n\t\t\t\t<div class=\"elementor-widget-container\">\n\t\t\t\t\t\t\t\t\t<h5><b>Introducci\u00f3n<\/b><\/h5>\n<p>El 16 de enero de 2023 entr\u00f3 en vigor el <a href=\"https:\/\/eur-lex.europa.eu\/legal-content\/EN\/TXT\/?uri=CELEX%3A32022R2554\">Reglamento 2022\/2554 del Parlamento Europeo y del Consejo, de 14 de diciembre de 2022, sobre la resiliencia operativa digital en el sector financiero<\/a> (\u00ab<b>DORA<\/b>\u00bb o \u00ab<b>Reglamento<\/b>\u00ab). Las entidades financieras y los proveedores terceros de servicios de tecnolog\u00edas de la informaci\u00f3n y la comunicaci\u00f3n (\u00ab<b>TIC<\/b>\u00ab) tienen hasta el 17 de enero de 2025 para cumplir con \u00a0DORA antes de que comience su aplicaci\u00f3n.\u00a0<span class=\"Apple-converted-space\">\u00a0<\/span><\/p>\n<p>La Uni\u00f3n Europea est\u00e1 prestando especial atenci\u00f3n a la digitalizaci\u00f3n del sector financiero y al consiguiente aumento de los riesgos para la seguridad. Esto ha dado lugar a la aplicaci\u00f3n de un marco normativo armonizado en materia de ciberseguridad.<span class=\"Apple-converted-space\">\u00a0<\/span><\/p>\n<p>El objetivo general de DORA es reforzar la resistencia operativa digital del sector financiero de la UE y garantizar que este \u00faltimo siga siendo resiliente tras una perturbaci\u00f3n operativa grave.<span class=\"Apple-converted-space\">\u00a0<\/span><\/p>\n<p>Para ello, \u00a0DORA racionaliza y actualiza las normas existentes, pero tambi\u00e9n impone nuevas obligaciones tanto a las entidades financieras como a los proveedores terceros de servicios esenciales para reforzar la seguridad de los sistemas inform\u00e1ticos que utilizan y garantizar que se recuperan de cualquier amenaza relacionada con las TIC.<span class=\"Apple-converted-space\">\u00a0<\/span><\/p>\n<p>Las entidades financieras deben empezar a realizar su evaluaci\u00f3n de deficiencias bas\u00e1ndose en el Reglamento y en las normas t\u00e9cnicas de regulaci\u00f3n (\u00ab<b>NTR<\/b>\u00ab) que han publicado las Autoridades Europeas de Supervisi\u00f3n (AES), es decir, la ABE, la AESPJ y la AEVM, el 17 de enero de 2024.<\/p>\n\t\t\t\t\t\t\t\t<\/div>\n\t\t\t\t<\/div>\n\t\t\t\t\t\t<\/div>\r\n\t\t\t\t<\/div>\r\n\t\t\t\t\t\t\t\t<\/div>\r\n\t\t\t<\/section>\r\n\t\t\t\t\t<section class=\" elementor-section elementor-top-section elementor-element elementor-element-59a5240 elementor-section-boxed elementor-section-height-default elementor-section-height-default\" data-id=\"59a5240\" data-element_type=\"section\" data-e-type=\"section\">\r\n\t\t\t\t\t\t\t\t<div class=\"elementor-container elementor-column-gap-default\">\r\n\t\t\t\t\r\n\t\t\t\t\t\t\t\t<div class=\" elementor-column elementor-col-50 elementor-top-column elementor-element elementor-element-7e4c030 \" data-id=\"7e4c030\" data-element_type=\"column\" data-e-type=\"column\">\r\n\r\n\t\t\t\t\r\n\t\t\t\t<div class=\"elementor-widget-wrap elementor-element-populated\">\r\n\t\t\t\t\t\t\t\t\t\t\r\n\t\t\t\t\t\t<div class=\"elementor-element elementor-element-24dcd69 elementor-widget elementor-widget-text-editor\" data-id=\"24dcd69\" data-element_type=\"widget\" data-e-type=\"widget\" data-widget_type=\"text-editor.default\">\n\t\t\t\t<div class=\"elementor-widget-container\">\n\t\t\t\t\t\t\t\t\t<h5><b>\u00bfCu\u00e1les son las claves de DORA? \u00bfA qui\u00e9n se aplica este reglamento?<\/b><\/h5>\n<p><span style=\"color: #993366;\"><b>(1) \u00c1mbito de aplicaci\u00f3n de DORA<span class=\"Apple-converted-space\">\u00a0<\/span><\/b><\/span><\/p>\n<p>DORA abarca una amplia variedad de entidades financieras reguladas a nivel de la UE, incluidas las entidades de cr\u00e9dito y las empresas de servicios de inversi\u00f3n, las entidades de pago y de dinero electr\u00f3nico, las entidades de contrapartida central y de registro de operaciones, los gestores de fondos de inversion alternativos, las empresas e intermediarios de (re)seguros, los proveedores de servicios de criptoactivos, y los emisores y proveedores de servicios de<i> crowdfunding<\/i>.<\/p>\n<p>Aunque la mayor\u00eda de estas entidades ya est\u00e1n sujetas a alg\u00fan tipo de normativa de ciberseguridad en la UE, \u00a0DORA ampl\u00eda significativamente el alcance de esta normativa y se aplicar\u00e1 a la mayor\u00eda de las actividades empresariales de una entidad que se considere dentro del \u00e1mbito de aplicaci\u00f3n en la UE.<\/p>\n<p>Adem\u00e1s, las AES podr\u00e1n designar \u00abproveedores terceros de servicios TIC esenciales\u00bb bas\u00e1ndose en criterios preestablecidos y en el potencial impacto sist\u00e9mico que podr\u00edan causar si sufrieran un fallo operativo de gran envergadura.<\/p>\n\t\t\t\t\t\t\t\t<\/div>\n\t\t\t\t<\/div>\n\t\t\t\t\t\t<\/div>\r\n\t\t\t\t<\/div>\r\n\t\t\t\t\t\t\t\t\t<div class=\" elementor-column elementor-col-50 elementor-top-column elementor-element elementor-element-ac18ebe elementor-hidden-tablet \" data-id=\"ac18ebe\" data-element_type=\"column\" data-e-type=\"column\">\r\n\r\n\t\t\t\t\r\n\t\t\t\t<div class=\"elementor-widget-wrap elementor-element-populated\">\r\n\t\t\t\t\t\t\t\t\t\t\r\n\t\t\t\t\t\t<div class=\"elementor-element elementor-element-0ddfbbb elementor-widget elementor-widget-image\" data-id=\"0ddfbbb\" data-element_type=\"widget\" data-e-type=\"widget\" data-widget_type=\"image.default\">\n\t\t\t\t<div class=\"elementor-widget-container\">\n\t\t\t\t\t\t\t\t\t\t\t\t\t\t\t<img fetchpriority=\"high\" decoding=\"async\" width=\"1024\" height=\"611\" src=\"https:\/\/sff-camara.com\/wp-content\/uploads\/2024\/03\/DORA-Regulation-1024x611.png\" class=\"attachment-large size-large wp-image-13147\" alt=\"\" srcset=\"https:\/\/sff-camara.com\/wp-content\/uploads\/2024\/03\/DORA-Regulation-1024x611.png 1024w, https:\/\/sff-camara.com\/wp-content\/uploads\/2024\/03\/DORA-Regulation-768x458.png 768w\" sizes=\"(max-width: 1024px) 100vw, 1024px\" \/>\t\t\t\t\t\t\t\t\t\t\t\t\t\t\t<\/div>\n\t\t\t\t<\/div>\n\t\t\t\t\t\t<\/div>\r\n\t\t\t\t<\/div>\r\n\t\t\t\t\t\t\t\t<\/div>\r\n\t\t\t<\/section>\r\n\t\t\t\t\t<section class=\" elementor-section elementor-top-section elementor-element elementor-element-83cb2d8 elementor-section-boxed elementor-section-height-default elementor-section-height-default\" data-id=\"83cb2d8\" data-element_type=\"section\" data-e-type=\"section\">\r\n\t\t\t\t\t\t\t\t<div class=\"elementor-container elementor-column-gap-default\">\r\n\t\t\t\t\r\n\t\t\t\t\t\t\t\t<div class=\" elementor-column elementor-col-100 elementor-top-column elementor-element elementor-element-2f6fca1 \" data-id=\"2f6fca1\" data-element_type=\"column\" data-e-type=\"column\">\r\n\r\n\t\t\t\t\r\n\t\t\t\t<div class=\"elementor-widget-wrap elementor-element-populated\">\r\n\t\t\t\t\t\t\t\t\t\t\r\n\t\t\t\t\t\t<div class=\"elementor-element elementor-element-ee31f3c elementor-widget elementor-widget-text-editor\" data-id=\"ee31f3c\" data-element_type=\"widget\" data-e-type=\"widget\" data-widget_type=\"text-editor.default\">\n\t\t\t\t<div class=\"elementor-widget-container\">\n\t\t\t\t\t\t\t\t\t<p><span style=\"color: #993366;\"><b>(2) Principales disposiciones de DORA<\/b><\/span><\/p>\n<p>DORA exige a todas las entidades financieras reguladas en la UE que garanticen que pueden resistir todo tipo de perturbaciones y amenazas relacionadas con las TIC.<span class=\"Apple-converted-space\">\u00a0<\/span><\/p>\n<p>Esto implica la aplicaci\u00f3n de medidas en los siguientes \u00e1mbitos fundamentales, que se denominan los cinco pilares de la resiliencia:<\/p>\n\t\t\t\t\t\t\t\t<\/div>\n\t\t\t\t<\/div>\n\t\t\t\t<section class=\" elementor-section elementor-inner-section elementor-element elementor-element-ba07a7f elementor-section-boxed elementor-section-height-default elementor-section-height-default\" data-id=\"ba07a7f\" data-element_type=\"section\" data-e-type=\"section\">\r\n\t\t\t\t\t\t\t\t<div class=\"elementor-container elementor-column-gap-default\">\r\n\t\t\t\t\r\n\t\t\t\t\t\t\t\t<div class=\" elementor-column elementor-col-50 elementor-inner-column elementor-element elementor-element-b55f943 \" data-id=\"b55f943\" data-element_type=\"column\" data-e-type=\"column\">\r\n\r\n\t\t\t\t\r\n\t\t\t\t<div class=\"elementor-widget-wrap\">\r\n\t\t\t\t\t\t\t\t\t\t\r\n\t\t\t\t\t\t\t\t<\/div>\r\n\t\t\t\t<\/div>\r\n\t\t\t\t\t\t\t\t\t<div class=\" elementor-column elementor-col-50 elementor-inner-column elementor-element elementor-element-9793d60 \" data-id=\"9793d60\" data-element_type=\"column\" data-e-type=\"column\">\r\n\r\n\t\t\t\t\r\n\t\t\t\t<div class=\"elementor-widget-wrap elementor-element-populated\">\r\n\t\t\t\t\t\t\t\t\t\t\r\n\t\t\t\t\t\t<div class=\"elementor-element elementor-element-cf78c17 elementor-widget elementor-widget-text-editor\" data-id=\"cf78c17\" data-element_type=\"widget\" data-e-type=\"widget\" data-widget_type=\"text-editor.default\">\n\t\t\t\t<div class=\"elementor-widget-container\">\n\t\t\t\t\t\t\t\t\t<p><b>a)<\/b>\u00a0\u00a0\u00a0\u00a0 <b>Gesti\u00f3n de riesgos de las TIC<\/b>. El primer pilar se refiere a la adopci\u00f3n de un marco integral de gesti\u00f3n de riesgos y gobernanza de las TIC para hacer frente a la evoluci\u00f3n de los riesgos digitales. En particular, las entidades financieras deber\u00e1n garantizar que su documentaci\u00f3n en materia de TIC (procedimientos, pol\u00edticas, controles, herramientas) cumple los requisitos de DORA. A este respecto, el Reglamento exige que el marco de gesti\u00f3n de riesgos de las TIC abarque la identificaci\u00f3n, protecci\u00f3n y detecci\u00f3n de los riesgos de las TIC y establezca mecanismos que permitan aprender de los incidentes externos e internos.\u00a0<span class=\"Apple-converted-space\">\u00a0<\/span><\/p>\n<p>La gobernanza de las TIC tambi\u00e9n deber\u00e1 adaptarse. El Reglamento exige expl\u00edcitamente que los miembros del \u00f3rgano de direcci\u00f3n de la entidad financiera se mantengan activamente al d\u00eda con los conocimientos y competencias suficientes para comprender y evaluar el riesgo de TIC y su impacto en las operaciones de la entidad financiera, incluso siguiendo regularmente una formaci\u00f3n espec\u00edfica acorde con el riesgo de TIC que se est\u00e9 gestionando. Adem\u00e1s, los miembros del \u00f3rgano de direcci\u00f3n deben desempe\u00f1ar un papel activo y central en la direcci\u00f3n y adaptaci\u00f3n a DORA del marco de riesgo de TIC de la entidad y de la estrategia general de resiliencia digital.<\/p>\n<p><b>b)<\/b>\u00a0\u00a0\u00a0 <b>Gesti\u00f3n y notificaci\u00f3n de incidentes relacionados con las TIC<\/b>. El segundo pilar se refiere a la gesti\u00f3n y notificaci\u00f3n de incidentes relacionados con las TIC. Las entidades financieras utilizar\u00e1n un procedimiento simplificado para registrar y clasificar los incidentes relacionados con las TIC y notificar los incidentes importantes a las autoridades.<span class=\"Apple-converted-space\">\u00a0<\/span><\/p>\n<p>Esto minimiza el posible impacto de las amenazas cibern\u00e9ticas en la confianza del consumidor y la estabilidad financiera, garantizando una respuesta r\u00e1pida y coordinada.<span class=\"Apple-converted-space\">\u00a0<\/span><\/p>\n<p>DORA tambi\u00e9n establece requisitos para notificar, voluntariamente, a las autoridades competentes una ciberamenaza importante. <span class=\"Apple-converted-space\">\u00a0<\/span><\/p>\n<p><b>c)<\/b>\u00a0\u00a0\u00a0\u00a0 <b>Pruebas de resiliencia operativa digital<\/b>. El tercer pilar exige que las instituciones financieras realicen peri\u00f3dicamente evaluaciones, como evaluaciones de vulnerabilidad, pruebas de intrusi\u00f3n y ejercicios basados en distintos escenarios.<span class=\"Apple-converted-space\">\u00a0<\/span><\/p>\n<p>Todos los sistemas y procesos esenciales ser\u00e1n sometidos a pruebas rigurosas y exhaustivas por parte de DORA para garantizar que pueden resistir y recuperarse de las perturbaciones operativas.<\/p>\n<p><b>d)<\/b>\u00a0\u00a0\u00a0 <b>Estrategia para el riesgo de terceros en el \u00e1mbito de las TIC<\/b>. Se imponen obligaciones a las entidades financieras que adoptar\u00e1n y revisar\u00e1n peri\u00f3dicamente una estrategia para evaluar regularmente los riesgos procedentes de proveedores terceros de servicios de TIC, incluidos los servicios en la nube.<span class=\"Apple-converted-space\">\u00a0<\/span><\/p>\n<p>La estrategia sobre el riesgo de terceros en materia de TIC incluir\u00e1 una pol\u00edtica sobre el uso de servicios de TIC que presten apoyo a \u00abfunciones cr\u00edticas o importantes\u00bb prestados por proveedores terceros de servicios de TIC.<span class=\"Apple-converted-space\">\u00a0<\/span><\/p>\n<p>Adem\u00e1s, las organizaciones financieras deben asegurarse de que sus proveedores terceros cumplen los mismos requisitos exigentes de resiliencia operativa. Esto implica llevar a cabo la diligencia debida, supervisar el rendimiento y asegurarse de que los acuerdos contractuales contengan cl\u00e1usulas que obliguen al cumplimiento de los requisitos de DORA.<\/p>\n<p>Se mantendr\u00e1 un registro de la informaci\u00f3n relacionada con todos los acuerdos contractuales sobre el uso de servicios de TIC.<\/p>\n<p><b>e)<\/b>\u00a0\u00a0\u00a0\u00a0 <b>Intercambio de informaci\u00f3n e inteligencia<\/b>. El quinto pilar prev\u00e9 la posibilidad, con car\u00e1cter opcional, de que las entidades financieras intercambien informaci\u00f3n e inteligencia sobre ciberamenazas, mejorando la capacidad global del sector financiero para identificar, responder y reducir los riesgos de las TIC.<\/p>\n\t\t\t\t\t\t\t\t<\/div>\n\t\t\t\t<\/div>\n\t\t\t\t\t\t<\/div>\r\n\t\t\t\t<\/div>\r\n\t\t\t\t\t\t\t\t<\/div>\r\n\t\t\t<\/section>\r\n\t\t\t\t\t\t\t<\/div>\r\n\t\t\t\t<\/div>\r\n\t\t\t\t\t\t\t\t<\/div>\r\n\t\t\t<\/section>\r\n\t\t\t\t\t<section class=\" elementor-section elementor-top-section elementor-element elementor-element-cc347fa elementor-section-boxed elementor-section-height-default elementor-section-height-default\" data-id=\"cc347fa\" data-element_type=\"section\" data-e-type=\"section\" data-settings=\"{&quot;background_background&quot;:&quot;classic&quot;}\">\r\n\t\t\t\t\t\t\t\t<div class=\"elementor-container elementor-column-gap-default\">\r\n\t\t\t\t\r\n\t\t\t\t\t\t\t\t<div class=\" elementor-column elementor-col-100 elementor-top-column elementor-element elementor-element-5b0c532 \" data-id=\"5b0c532\" data-element_type=\"column\" data-e-type=\"column\" data-settings=\"{&quot;background_background&quot;:&quot;classic&quot;}\">\r\n\r\n\t\t\t\t\r\n\t\t\t\t<div class=\"elementor-widget-wrap elementor-element-populated\">\r\n\t\t\t\t\t\t\t\t\t\t\r\n\t\t\t\t\t\t<div class=\"elementor-element elementor-element-016018d elementor-widget elementor-widget-text-editor\" data-id=\"016018d\" data-element_type=\"widget\" data-e-type=\"widget\" data-widget_type=\"text-editor.default\">\n\t\t\t\t<div class=\"elementor-widget-container\">\n\t\t\t\t\t\t\t\t\t<h4 style=\"text-align: center;\">\u00abDORA abarca una amplia variedad de entidades financieras reguladas a nivel de la UE, incluidas las entidades de cr\u00e9dito y las empresas de servicios de inversi\u00f3n, las entidades de pago y de dinero electr\u00f3nico, las entidades de contrapartida central y de registro de operaciones, los gestores de fondos de inversion alternativos, las empresas e intermediarios de (re)seguros, los proveedores de servicios de criptoactivos, y los emisores y proveedores de servicios de<i> crowdfunding<\/i>.\u00bb<\/h4>\n\t\t\t\t\t\t\t\t<\/div>\n\t\t\t\t<\/div>\n\t\t\t\t\t\t<\/div>\r\n\t\t\t\t<\/div>\r\n\t\t\t\t\t\t\t\t<\/div>\r\n\t\t\t<\/section>\r\n\t\t\t\t\t<section class=\" elementor-section elementor-top-section elementor-element elementor-element-abc6b3e elementor-section-boxed elementor-section-height-default elementor-section-height-default\" data-id=\"abc6b3e\" data-element_type=\"section\" data-e-type=\"section\">\r\n\t\t\t\t\t\t\t\t<div class=\"elementor-container elementor-column-gap-default\">\r\n\t\t\t\t\r\n\t\t\t\t\t\t\t\t<div class=\" elementor-column elementor-col-100 elementor-top-column elementor-element elementor-element-59978d2 \" data-id=\"59978d2\" data-element_type=\"column\" data-e-type=\"column\">\r\n\r\n\t\t\t\t\r\n\t\t\t\t<div class=\"elementor-widget-wrap elementor-element-populated\">\r\n\t\t\t\t\t\t\t\t\t\t\r\n\t\t\t\t\t\t<div class=\"elementor-element elementor-element-bfd8e70 elementor-widget elementor-widget-text-editor\" data-id=\"bfd8e70\" data-element_type=\"widget\" data-e-type=\"widget\" data-widget_type=\"text-editor.default\">\n\t\t\t\t<div class=\"elementor-widget-container\">\n\t\t\t\t\t\t\t\t\t<p><span style=\"color: #993366;\"><b>(3) Normas t\u00e9cnicas de DORA recientemente publicadas<\/b><\/span><\/p>\n<p>Las AES han recibido el mandato de desarrollar conjuntamente varios instrumentos normativos, que complementar\u00e1n los pilares de DORA.\u00a0<span class=\"Apple-converted-space\">\u00a0<\/span><\/p>\n<p>A este respecto y como se ha indicado anteriormente, el 17 de enero de 2024, las AES publicaron el primer conjunto de proyectos de normas t\u00e9cnicas de regulaci\u00f3n (NTR) y una nueva norma t\u00e9cnica de ejecuci\u00f3n (NTE), que representan directrices que las partes interesadas deben cumplir para concretar los requisitos de DORA.<span class=\"Apple-converted-space\">\u00a0<\/span><\/p>\n<p>Las NTR y las NTE abarcan los siguientes aspectos:<\/p>\n\t\t\t\t\t\t\t\t<\/div>\n\t\t\t\t<\/div>\n\t\t\t\t<section class=\" elementor-section elementor-inner-section elementor-element elementor-element-b642eaf elementor-section-boxed elementor-section-height-default elementor-section-height-default\" data-id=\"b642eaf\" data-element_type=\"section\" data-e-type=\"section\">\r\n\t\t\t\t\t\t\t\t<div class=\"elementor-container elementor-column-gap-default\">\r\n\t\t\t\t\r\n\t\t\t\t\t\t\t\t<div class=\" elementor-column elementor-col-50 elementor-inner-column elementor-element elementor-element-738ea51 \" data-id=\"738ea51\" data-element_type=\"column\" data-e-type=\"column\">\r\n\r\n\t\t\t\t\r\n\t\t\t\t<div class=\"elementor-widget-wrap\">\r\n\t\t\t\t\t\t\t\t\t\t\r\n\t\t\t\t\t\t\t\t<\/div>\r\n\t\t\t\t<\/div>\r\n\t\t\t\t\t\t\t\t\t<div class=\" elementor-column elementor-col-50 elementor-inner-column elementor-element elementor-element-640b40b \" data-id=\"640b40b\" data-element_type=\"column\" data-e-type=\"column\">\r\n\r\n\t\t\t\t\r\n\t\t\t\t<div class=\"elementor-widget-wrap elementor-element-populated\">\r\n\t\t\t\t\t\t\t\t\t\t\r\n\t\t\t\t\t\t<div class=\"elementor-element elementor-element-a815744 elementor-widget elementor-widget-text-editor\" data-id=\"a815744\" data-element_type=\"widget\" data-e-type=\"widget\" data-widget_type=\"text-editor.default\">\n\t\t\t\t<div class=\"elementor-widget-container\">\n\t\t\t\t\t\t\t\t\t<p><b>a)<\/b>\u00a0\u00a0\u00a0\u00a0 <b>NTR sobre el marco de gesti\u00f3n de riesgos de las TIC y sobre un marco simplificado de gesti\u00f3n de riesgos de las TIC<\/b><\/p>\n<p>Las normas reglamentarias esbozadas en este documento especifican los criterios espec\u00edficos expuestos en los art\u00edculos 15 y 16.3 de DORA.<span class=\"Apple-converted-space\">\u00a0<\/span><\/p>\n<p>Estos criterios se refieren a las directrices y procedimientos para salvaguardar, prevenir, identificar y responder a los riesgos de las TIC en el \u00e1mbito de la gesti\u00f3n.<span class=\"Apple-converted-space\">\u00a0<\/span><\/p>\n<p>Las normas destacan los componentes esenciales a los que deben atenerse las instituciones financieras que operan bajo el r\u00e9gimen simplificado y que poseen menores niveles de escalabilidad, riesgo, tama\u00f1o y complejidad. Establecen un marco simplificado para la gesti\u00f3n de los riesgos de las TIC, haciendo hincapi\u00e9 en los principios de proporcionalidad y en un enfoque basado en el riesgo.<\/p>\n<p>El marco de las TIC est\u00e1 regulado por las NTR, que exigen un conjunto exhaustivo de 20 pol\u00edticas y procedimientos que abarcan \u00e1mbitos como la gesti\u00f3n de activos de TIC, el cifrado y los controles criptogr\u00e1ficos, la gesti\u00f3n de proyectos de TIC, la adquisici\u00f3n, el desarrollo y el mantenimiento de sistemas de TIC, la seguridad f\u00edsica y medioambiental, los recursos humanos, la gesti\u00f3n de identidades, el control de accesos, la gesti\u00f3n de incidentes relacionados con las TIC y la continuidad de las actividades de TIC.<span class=\"Apple-converted-space\">\u00a0<\/span><\/p>\n<p>El 17 de julio de 2024 se publicar\u00e1n normas t\u00e9cnicas adicionales para la comprobaci\u00f3n avanzada de los sistemas de TIC mediante pruebas de penetraci\u00f3n basadas en amenazas.<span class=\"Apple-converted-space\">\u00a0<\/span><\/p>\n<p>Adem\u00e1s, las AES podr\u00e1n considerar la posibilidad de elaborar nuevas directrices en los \u00e1mbitos que se han suprimido por el momento de las NTR, as\u00ed como sobre aspectos de seguridad derivados de los servicios en la nube.<span class=\"Apple-converted-space\">\u00a0<\/span><\/p>\n<p><b>b)<\/b>\u00a0\u00a0\u00a0 <b>NTR sobre los criterios de clasificaci\u00f3n de los incidentes relacionados con las TIC<span class=\"Apple-converted-space\">\u00a0<\/span><\/b><\/p>\n<p>Estas nuevas NTR especifican los criterios para la clasificaci\u00f3n de incidentes graves relacionados con las TIC, incluido el enfoque para la clasificaci\u00f3n de incidentes graves, los umbrales de materialidad de cada criterio de clasificaci\u00f3n, los criterios y umbrales de materialidad para determinar las ciberamenazas significativas, los criterios para que las autoridades competentes eval\u00faen la relevancia de los incidentes para las autoridades competentes de otros Estados miembros, y los detalles de los incidentes que deben compartirse a este respecto.<span class=\"Apple-converted-space\">\u00a0<\/span><\/p>\n<p>Estas NTR tambi\u00e9n establecen una lista de siete criterios de clasificaci\u00f3n para determinar si un incidente constituye un \u00abincidente importante relacionado con las TIC\u00bb, as\u00ed como umbrales que detallan la importancia relativa de cada criterio. Los criterios son los siguientes: clientes y contrapartidas financieras afectados, impacto en la reputaci\u00f3n, extensi\u00f3n geogr\u00e1fica, duraci\u00f3n y tiempo de inactividad del servicio, p\u00e9rdidas de datos, servicios esenciales afectados e impacto econ\u00f3mico.<span class=\"Apple-converted-space\">\u00a0<\/span><\/p>\n<p>Los detalles del proyecto de plantillas de notificaci\u00f3n de incidentes se publicar\u00e1n el 17 de julio de 2024.<\/p>\n<p><b>c)<\/b>\u00a0\u00a0\u00a0\u00a0 <b>NTR para especificar la pol\u00edtica relativa a los servicios de TIC de apoyo a funciones cr\u00edticas o importantes prestados por proveedores de servicios de TIC externos.<\/b><\/p>\n<p>Estas nuevas NTR especifican partes de los acuerdos de gobernanza, gesti\u00f3n de riesgos y marco de control interno que las entidades financieras deben establecer en relaci\u00f3n con el uso de proveedores de servicios de TIC externos. Su objetivo es garantizar que las organizaciones financieras mantengan la autoridad sobre sus riesgos operativos, la seguridad de los datos y la continuidad de la actividad durante la vigencia de sus acuerdos contractuales con estos proveedores terceros de servicios de TIC.<span class=\"Apple-converted-space\">\u00a0<\/span><\/p>\n<p>Se centran en los acuerdos contractuales con terceros proveedores de servicios de TIC (intragrupo).\u00a0 El proyecto de NTR se ha elaborado teniendo en cuenta las especificaciones ya existentes que figuran en las Directrices sobre acuerdos de externalizaci\u00f3n publicadas por las AES y otras especificaciones pertinentes que figuran en las Directrices de la ABE sobre las TIC y la gesti\u00f3n de los riesgos de seguridad.<\/p>\n<p>El 17 de julio de 2024 se publicar\u00e1n otras normas t\u00e9cnicas sobre c\u00f3mo evaluar a los proveedores de servicios de TIC en el contexto de la subcontrataci\u00f3n de \u00abfunciones cr\u00edticas o importantes\u00bb, as\u00ed como sobre c\u00f3mo llevar a cabo la supervisi\u00f3n de los proveedores de servicios de TIC identificados como esenciales.<\/p>\n<p><b>d)<\/b>\u00a0\u00a0\u00a0 <b>Normas T\u00e9cnicas de Ejecuci\u00f3n (NTE) para establecer las plantillas del registro de informaci\u00f3n<\/b><\/p>\n<p>Las plantillas proporcionadas establecen el marco para un registro de subcontrataci\u00f3n de TIC que las entidades financieras deben mantener y actualizar peri\u00f3dicamente en relaci\u00f3n con sus acuerdos contractuales con terceros proveedores de servicios de TIC.<span class=\"Apple-converted-space\">\u00a0<\/span><\/p>\n<p>El registro de subcontrataci\u00f3n de TIC desempe\u00f1ar\u00e1 un papel fundamental en la gesti\u00f3n de los riesgos de los proveedores de servicios externos de TIC para las entidades financieras y ser\u00e1 utilizado por las autoridades competentes para supervisar el cumplimiento de \u00a0DORA e identificar a los proveedores de servicios externos de TIC esenciales sujetos a la supervisi\u00f3n de \u00a0DORA. El establecimiento de este registro requerir\u00e1 un esfuerzo significativo para muchas empresas, ya sea introduciendo nuevas herramientas o realizando amplias modificaciones en los sistemas existentes.<\/p>\n\t\t\t\t\t\t\t\t<\/div>\n\t\t\t\t<\/div>\n\t\t\t\t\t\t<\/div>\r\n\t\t\t\t<\/div>\r\n\t\t\t\t\t\t\t\t<\/div>\r\n\t\t\t<\/section>\r\n\t\t\t\t\t\t\t<\/div>\r\n\t\t\t\t<\/div>\r\n\t\t\t\t\t\t\t\t<\/div>\r\n\t\t\t<\/section>\r\n\t\t\t\t\t<section class=\" elementor-section elementor-top-section elementor-element elementor-element-80ea6be elementor-section-boxed elementor-section-height-default elementor-section-height-default\" data-id=\"80ea6be\" data-element_type=\"section\" data-e-type=\"section\">\r\n\t\t\t\t\t\t\t\t<div class=\"elementor-container elementor-column-gap-default\">\r\n\t\t\t\t\r\n\t\t\t\t\t\t\t\t<div class=\" elementor-column elementor-col-66 elementor-top-column elementor-element elementor-element-1f03fa1 \" data-id=\"1f03fa1\" data-element_type=\"column\" data-e-type=\"column\">\r\n\r\n\t\t\t\t\r\n\t\t\t\t<div class=\"elementor-widget-wrap elementor-element-populated\">\r\n\t\t\t\t\t\t\t\t\t\t\r\n\t\t\t\t\t\t<div class=\"elementor-element elementor-element-b78bf4d elementor-widget elementor-widget-text-editor\" data-id=\"b78bf4d\" data-element_type=\"widget\" data-e-type=\"widget\" data-widget_type=\"text-editor.default\">\n\t\t\t\t<div class=\"elementor-widget-container\">\n\t\t\t\t\t\t\t\t\t<p>Las AES presentar\u00e1n el proyecto final de RTS a la Comisi\u00f3n Europea para su adopci\u00f3n. Tras su adopci\u00f3n en forma de Reglamento Delegado de la Comisi\u00f3n, se someter\u00e1 al examen del Parlamento Europeo y del Consejo antes de su publicaci\u00f3n en el Diario Oficial de la Uni\u00f3n Europea. La fecha prevista de aplicaci\u00f3n de estas NTR es el 17 de enero de 2025.<\/p>\n<p><span style=\"color: #993366;\"><b>(4) Aplicaci\u00f3n en Luxemburgo<\/b><\/span><\/p>\n<p>El 4 de agosto de 2023, se present\u00f3 al Parlamento luxemburgu\u00e9s (<i>Chambre des D\u00e9put\u00e9s<\/i>) el proyecto de ley n\u00ba 8291<sup>1<\/sup> (\u00abProyecto de Ley\u00bb).<span class=\"Apple-converted-space\">\u00a0<\/span><\/p>\n<p>Considerando que las disposiciones del Reglamento ser\u00e1n directamente aplicables en el Derecho luxemburgu\u00e9s a partir del 17 de enero de 2025, los principales objetivos del Proyecto de Ley se limitan a lo siguiente:<\/p>\n\t\t\t\t\t\t\t\t<\/div>\n\t\t\t\t<\/div>\n\t\t\t\t<section class=\" elementor-section elementor-inner-section elementor-element elementor-element-72b69b5 elementor-section-boxed elementor-section-height-default elementor-section-height-default\" data-id=\"72b69b5\" data-element_type=\"section\" data-e-type=\"section\">\r\n\t\t\t\t\t\t\t\t<div class=\"elementor-container elementor-column-gap-default\">\r\n\t\t\t\t\r\n\t\t\t\t\t\t\t\t<div class=\" elementor-column elementor-col-50 elementor-inner-column elementor-element elementor-element-e21e13d \" data-id=\"e21e13d\" data-element_type=\"column\" data-e-type=\"column\">\r\n\r\n\t\t\t\t\r\n\t\t\t\t<div class=\"elementor-widget-wrap\">\r\n\t\t\t\t\t\t\t\t\t\t\r\n\t\t\t\t\t\t\t\t<\/div>\r\n\t\t\t\t<\/div>\r\n\t\t\t\t\t\t\t\t\t<div class=\" elementor-column elementor-col-50 elementor-inner-column elementor-element elementor-element-21dc172 \" data-id=\"21dc172\" data-element_type=\"column\" data-e-type=\"column\">\r\n\r\n\t\t\t\t\r\n\t\t\t\t<div class=\"elementor-widget-wrap elementor-element-populated\">\r\n\t\t\t\t\t\t\t\t\t\t\r\n\t\t\t\t\t\t<div class=\"elementor-element elementor-element-e43ea4a elementor-widget elementor-widget-text-editor\" data-id=\"e43ea4a\" data-element_type=\"widget\" data-e-type=\"widget\" data-widget_type=\"text-editor.default\">\n\t\t\t\t<div class=\"elementor-widget-container\">\n\t\t\t\t\t\t\t\t\t<p>a) Designar a las autoridades luxemburguesas competentes responsables de velar por la aplicaci\u00f3n del Reglamento por parte de las entidades incluidas en el \u00e1mbito de aplicaci\u00f3n sujetas a su supervisi\u00f3n, a saber, la <i>Commission de Surveillance du Secteur Financier<\/i> (CSSF) y el <i>Commissariat aux Assurances<\/i> (CAA).<\/p>\n<p>b) Dotar a la CSSF y al CAA de los poderes de supervisi\u00f3n e investigaci\u00f3n necesarios para el desempe\u00f1o de sus funciones.<\/p>\n<p>c) Establecer un sistema adecuado de sanciones y otras medidas administrativas.<span class=\"Apple-converted-space\">\u00a0<\/span><\/p>\n\t\t\t\t\t\t\t\t<\/div>\n\t\t\t\t<\/div>\n\t\t\t\t\t\t<\/div>\r\n\t\t\t\t<\/div>\r\n\t\t\t\t\t\t\t\t<\/div>\r\n\t\t\t<\/section>\r\n\t\t\t\t\t\t\t<\/div>\r\n\t\t\t\t<\/div>\r\n\t\t\t\t\t\t\t\t\t<div class=\" elementor-column elementor-col-33 elementor-top-column elementor-element elementor-element-465bc9a \" data-id=\"465bc9a\" data-element_type=\"column\" data-e-type=\"column\">\r\n\r\n\t\t\t\t\r\n\t\t\t\t<div class=\"elementor-widget-wrap elementor-element-populated\">\r\n\t\t\t\t\t\t\t\t\t\t\r\n\t\t\t\t\t\t<div class=\"elementor-element elementor-element-8e56576 elementor-widget elementor-widget-text-editor\" data-id=\"8e56576\" data-element_type=\"widget\" data-e-type=\"widget\" data-widget_type=\"text-editor.default\">\n\t\t\t\t<div class=\"elementor-widget-container\">\n\t\t\t\t\t\t\t\t\t<blockquote>\n<h4>\u00abLas AES presentar\u00e1n el proyecto final de RTS a la Comisi\u00f3n Europea para su adopci\u00f3n. Tras su adopci\u00f3n en forma de Reglamento Delegado de la Comisi\u00f3n, se someter\u00e1 al examen del Parlamento Europeo y del Consejo antes de su publicaci\u00f3n en el Diario Oficial de la Uni\u00f3n Europea. La fecha prevista de aplicaci\u00f3n de estas NTR es el 17 de enero de 2025.\u00bb<\/h4>\n<\/blockquote>\n\t\t\t\t\t\t\t\t<\/div>\n\t\t\t\t<\/div>\n\t\t\t\t\t\t<\/div>\r\n\t\t\t\t<\/div>\r\n\t\t\t\t\t\t\t\t<\/div>\r\n\t\t\t<\/section>\r\n\t\t\t\t\t<section class=\" elementor-section elementor-top-section elementor-element elementor-element-c3dfd56 elementor-section-boxed elementor-section-height-default elementor-section-height-default\" data-id=\"c3dfd56\" data-element_type=\"section\" data-e-type=\"section\">\r\n\t\t\t\t\t\t\t\t<div class=\"elementor-container elementor-column-gap-default\">\r\n\t\t\t\t\r\n\t\t\t\t\t\t\t\t<div class=\" elementor-column elementor-col-100 elementor-top-column elementor-element elementor-element-a7a67f8 \" data-id=\"a7a67f8\" data-element_type=\"column\" data-e-type=\"column\">\r\n\r\n\t\t\t\t\r\n\t\t\t\t<div class=\"elementor-widget-wrap elementor-element-populated\">\r\n\t\t\t\t\t\t\t\t\t\t\r\n\t\t\t\t\t\t<div class=\"elementor-element elementor-element-141b519 elementor-widget elementor-widget-text-editor\" data-id=\"141b519\" data-element_type=\"widget\" data-e-type=\"widget\" data-widget_type=\"text-editor.default\">\n\t\t\t\t<div class=\"elementor-widget-container\">\n\t\t\t\t\t\t\t\t\t<p>Sobre la base del Proyecto de Ley en su versi\u00f3n actual, la CSSF y la CAA estar\u00e1n especialmente facultadas para pronunciar, dentro de los l\u00edmites de sus respectivas competencias, sanciones espec\u00edficas contra las personas sujetas a su respectiva supervisi\u00f3n si se infringen determinadas disposiciones de DORA.<\/p>\n<p>Adem\u00e1s de implementar \u00a0DORA, el Proyecto de Ley transpone a la legislaci\u00f3n luxemburguesa la Directiva (UE) 2022\/2556 de 14 de diciembre de 2022 (\u00abDirectiva de modificaci\u00f3n de DORA\u00bb), que modifica directivas europeas espec\u00edficas del sector financiero para implementar requisitos de resiliencia digital y seguridad de las TIC.<\/p>\n<p>En este sentido, el Proyecto de Ley introduce modificaciones puntuales en nueve leyes luxemburguesas relacionadas con el sector financiero, como son la ley de 5 de abril de 1993 sobre el sector financiero (modificada) (\u00abLFS\u00bb); la ley de 10 de noviembre de 2009 sobre servicios de pago (modificada) (\u00abLPS\u00bb); la ley de 17 de diciembre de 2010 sobre organismos de inversi\u00f3n colectiva (modificada); la ley de 12 de julio de 2013 sobre gestores de fondos de inversi\u00f3n alternativos (modificada); y la ley de 7 de diciembre de 2015 sobre el sector asegurador (modificada).<\/p>\n\t\t\t\t\t\t\t\t<\/div>\n\t\t\t\t<\/div>\n\t\t\t\t\t\t<\/div>\r\n\t\t\t\t<\/div>\r\n\t\t\t\t\t\t\t\t<\/div>\r\n\t\t\t<\/section>\r\n\t\t\t\t\t<section class=\" elementor-section elementor-top-section elementor-element elementor-element-209782a elementor-section-boxed elementor-section-height-default elementor-section-height-default\" data-id=\"209782a\" data-element_type=\"section\" data-e-type=\"section\" data-settings=\"{&quot;background_background&quot;:&quot;classic&quot;}\">\r\n\t\t\t\t\t\t\t\t<div class=\"elementor-container elementor-column-gap-default\">\r\n\t\t\t\t\r\n\t\t\t\t\t\t\t\t<div class=\" elementor-column elementor-col-100 elementor-top-column elementor-element elementor-element-148aa92 \" data-id=\"148aa92\" data-element_type=\"column\" data-e-type=\"column\" data-settings=\"{&quot;background_background&quot;:&quot;classic&quot;}\">\r\n\r\n\t\t\t\t\r\n\t\t\t\t<div class=\"elementor-widget-wrap elementor-element-populated\">\r\n\t\t\t\t\t\t\t\t\t\t\r\n\t\t\t\t\t\t<div class=\"elementor-element elementor-element-b814bd4 elementor-widget elementor-widget-text-editor\" data-id=\"b814bd4\" data-element_type=\"widget\" data-e-type=\"widget\" data-widget_type=\"text-editor.default\">\n\t\t\t\t<div class=\"elementor-widget-container\">\n\t\t\t\t\t\t\t\t\t<h4 style=\"text-align: center;\">\u00abSobre la base del Proyecto de Ley en su versi\u00f3n actual, la CSSF y la CAA estar\u00e1n especialmente facultadas para pronunciar, dentro de los l\u00edmites de sus respectivas competencias, sanciones espec\u00edficas contra las personas sujetas a su respectiva supervisi\u00f3n si se infringen determinadas disposiciones de DORA.\u00bb<\/h4>\n\t\t\t\t\t\t\t\t<\/div>\n\t\t\t\t<\/div>\n\t\t\t\t\t\t<\/div>\r\n\t\t\t\t<\/div>\r\n\t\t\t\t\t\t\t\t<\/div>\r\n\t\t\t<\/section>\r\n\t\t\t\t\t<section class=\" elementor-section elementor-top-section elementor-element elementor-element-7b894af elementor-section-boxed elementor-section-height-default elementor-section-height-default\" data-id=\"7b894af\" data-element_type=\"section\" data-e-type=\"section\">\r\n\t\t\t\t\t\t\t\t<div class=\"elementor-container elementor-column-gap-default\">\r\n\t\t\t\t\r\n\t\t\t\t\t\t\t\t<div class=\" elementor-column elementor-col-100 elementor-top-column elementor-element elementor-element-2fc07fa \" data-id=\"2fc07fa\" data-element_type=\"column\" data-e-type=\"column\">\r\n\r\n\t\t\t\t\r\n\t\t\t\t<div class=\"elementor-widget-wrap elementor-element-populated\">\r\n\t\t\t\t\t\t\t\t\t\t\r\n\t\t\t\t\t\t<div class=\"elementor-element elementor-element-e14b9cd elementor-widget elementor-widget-text-editor\" data-id=\"e14b9cd\" data-element_type=\"widget\" data-e-type=\"widget\" data-widget_type=\"text-editor.default\">\n\t\t\t\t<div class=\"elementor-widget-container\">\n\t\t\t\t\t\t\t\t\t<p><span style=\"color: #993366;\"><b>(5)\u00a0 Implicaciones pr\u00e1cticas: \u00bfQu\u00e9 significa \u00a0DORA para las entidades financieras luxemburguesas?<\/b><\/span><\/p>\n\t\t\t\t\t\t\t\t<\/div>\n\t\t\t\t<\/div>\n\t\t\t\t<section class=\" elementor-section elementor-inner-section elementor-element elementor-element-06e8b99 elementor-section-boxed elementor-section-height-default elementor-section-height-default\" data-id=\"06e8b99\" data-element_type=\"section\" data-e-type=\"section\">\r\n\t\t\t\t\t\t\t\t<div class=\"elementor-container elementor-column-gap-default\">\r\n\t\t\t\t\r\n\t\t\t\t\t\t\t\t<div class=\" elementor-column elementor-col-50 elementor-inner-column elementor-element elementor-element-9589a2c \" data-id=\"9589a2c\" data-element_type=\"column\" data-e-type=\"column\">\r\n\r\n\t\t\t\t\r\n\t\t\t\t<div class=\"elementor-widget-wrap\">\r\n\t\t\t\t\t\t\t\t\t\t\r\n\t\t\t\t\t\t\t\t<\/div>\r\n\t\t\t\t<\/div>\r\n\t\t\t\t\t\t\t\t\t<div class=\" elementor-column elementor-col-50 elementor-inner-column elementor-element elementor-element-abd7010 \" data-id=\"abd7010\" data-element_type=\"column\" data-e-type=\"column\">\r\n\r\n\t\t\t\t\r\n\t\t\t\t<div class=\"elementor-widget-wrap elementor-element-populated\">\r\n\t\t\t\t\t\t\t\t\t\t\r\n\t\t\t\t\t\t<div class=\"elementor-element elementor-element-7c5c21a elementor-widget elementor-widget-text-editor\" data-id=\"7c5c21a\" data-element_type=\"widget\" data-e-type=\"widget\" data-widget_type=\"text-editor.default\">\n\t\t\t\t<div class=\"elementor-widget-container\">\n\t\t\t\t\t\t\t\t\t<p><b>a) Acuerdos de externalizaci\u00f3n<\/b><\/p>\n<p>En febrero de 2019, la Autoridad Bancaria Europea (ABE) public\u00f3 directrices revisadas sobre acuerdos de externalizaci\u00f3n, que fueron integradas por la CSSF en su pr\u00e1ctica administrativa y enfoque normativo mediante la Circular CSSF 22\/806 sobre acuerdos de externalizaci\u00f3n de 22 de abril de 2022 (\u00ab<b>Circular CSSF 22\/806<\/b>\u00ab).\u00a0<span class=\"Apple-converted-space\">\u00a0<\/span><\/p>\n<p>Dada la aplicaci\u00f3n de DORA y la transposici\u00f3n de la Directiva a la legislaci\u00f3n nacional de Luxemburgo, cabe esperar que la Circular CSSF 22\/806 se vea afectada. De hecho, los acuerdos de externalizaci\u00f3n deber\u00e1n cumplir en todo momento los requisitos organizativos para la externalizaci\u00f3n de conformidad con las disposiciones de la LFS y la LPS.<span class=\"Apple-converted-space\">\u00a0<\/span><\/p>\n<p>Dado que estas dos leyes se modificar\u00e1n para incorporar\/seguir el nuevo r\u00e9gimen de DORA, en \u00faltima instancia significa que la mencionada Circular CSSF 22\/806 tambi\u00e9n requerir\u00e1 una revisi\u00f3n.<span class=\"Apple-converted-space\">\u00a0<\/span><\/p>\n<p>Aun as\u00ed, las entidades pertinentes que actualmente siguen las normas de externalizaci\u00f3n implementadas en la Circular CSSF 22\/806 tendr\u00e1n cierto grado de tranquilidad al saber que ya habr\u00e1 elementos significativos de cumplimiento.<span class=\"Apple-converted-space\">\u00a0<\/span><\/p>\n<p><b>b)<\/b>\u00a0\u00a0\u00a0 <b>\u00a0Impacto en la contrataci\u00f3n con terceros<\/b><\/p>\n<p>La aplicaci\u00f3n de DORA es amplia. No s\u00f3lo se aplica a los acuerdos de externalizaci\u00f3n, sino tambi\u00e9n a los servicios de TIC en su conjunto.<span class=\"Apple-converted-space\">\u00a0<\/span><\/p>\n<p>En la pr\u00e1ctica, este \u00e1mbito de aplicaci\u00f3n m\u00e1s amplio significa que las entidades de servicios financieros que ya han completado un proyecto para cumplir con las directrices reglamentarias sobre externalizaci\u00f3n tendr\u00e1n que revisar aquellos servicios que no se consideraban externalizaci\u00f3n pero que entrar\u00e1n en la definici\u00f3n de servicios TIC de DORA.<span class=\"Apple-converted-space\">\u00a0<\/span><\/p>\n<p>A continuaci\u00f3n, tendr\u00e1n que evaluar esos contratos en relaci\u00f3n con los requisitos contractuales de DORA.<\/p>\n<p>Para todos los contratos que impliquen a una entidad financiera y a terceros proveedores de servicios de TIC sobre el uso de servicios de TIC, \u00a0DORA establece requisitos contractuales, con normas m\u00e1s estrictas aplicables a los proveedores que apoyan \u00ab<strong>funciones esenciales o importantes<\/strong>\u00ab. El art\u00edculo 3 de DORA define las funciones de la siguiente manera:<span class=\"Apple-converted-space\">\u00a0<\/span><\/p>\n<p><i>\u00abcuya perturbaci\u00f3n afectar\u00eda significativamente al rendimiento financiero de una entidad financiera o a la solidez o continuidad de sus servicios y actividades o cuya interrupci\u00f3n o ejecuci\u00f3n defectuosa o fallida afectar\u00eda significativamente al cumplimiento continuado de una entidad financiera con las condiciones y obligaciones de su autorizaci\u00f3n, o con sus dem\u00e1s obligaciones con arreglo al Derecho aplicable en materia de servicios financieros\u00bb.<\/i><\/p>\n<p>Esto afectar\u00e1 tanto a los contratos nuevos como a los ya existentes. Los derechos y obligaciones de la entidad financiera y del proveedor de servicios de TIC deben establecerse expresamente en los contratos pertinentes, que deben constar por escrito.<span class=\"Apple-converted-space\">\u00a0<\/span><\/p>\n<p>Los criterios contractuales de DORA siguen de cerca las Directrices de la ABE para los contratos de externalizaci\u00f3n mencionadas anteriormente. Varias cl\u00e1usulas, como las siguientes, le resultar\u00e1n familiares:<\/p>\n<ul>\n<li>Una lista exhaustiva de especificaciones contractuales (por ejemplo, descripci\u00f3n de los servicios, lugares de prestaci\u00f3n de los servicios y almacenamiento y tratamiento de datos).<\/li>\n<li>Requisitos para incluir derechos de rescisi\u00f3n espec\u00edficos.<\/li>\n<li>Obligaciones del proveedor de TIC de, entre otras cosas, cumplir las normas adecuadas de seguridad de la informaci\u00f3n.<\/li>\n<li>Disposiciones para garantizar el acceso, la recuperaci\u00f3n y la devoluci\u00f3n de los datos en caso de insolvencia, resoluci\u00f3n o interrupci\u00f3n de las operaciones del proveedor de TIC, o en caso de rescisi\u00f3n del contrato.<\/li>\n<\/ul>\n<p>DORA va un paso m\u00e1s all\u00e1 y exige la incorporaci\u00f3n de nuevas disposiciones contractuales (por ejemplo, los proveedores de TIC deber\u00e1n ofrecer asistencia \u00absin coste adicional o a un coste que se determine a priori\u00bb cuando surjan problemas espec\u00edficos relacionados con las TIC que repercutan en el servicio).<\/p>\n<p><b>c)<\/b>\u00a0\u00a0\u00a0\u00a0 <b>\u00abProveedores terceros de servicios TIC esenciales\u00bb.<\/b><\/p>\n<p>Como se ha indicado anteriormente, las AES estar\u00e1n facultadas para examinar a los proveedores terceros de servicios de TIC sobre la base de los criterios especificados en el art\u00edculo 31 de DORA y clasificarlos como \u00bb esenciales \u00bb en caso necesario, en funci\u00f3n de varios factores, entre ellos los siguientes<\/p>\n<ul>\n<li>El posible impacto sistem\u00e1tico en la prestaci\u00f3n de servicios financieros en caso de fallo a gran escala.<\/li>\n<li>El tipo y la importancia de las entidades que dependen del proveedor.<\/li>\n<li>La facilidad de sustituci\u00f3n del proveedor.<\/li>\n<\/ul>\n<p>Cuando el proveedor de servicios externos de TIC pertenezca a un grupo, los criterios antes mencionados se considerar\u00e1n en relaci\u00f3n con los servicios de TIC prestados por el grupo en su conjunto.<\/p>\n<p>Para cada proveedor de servicios terceros de TIC esencial, se designar\u00e1 a una de las AES como \u00ab<strong>supervisor principal<\/strong>\u00ab. Los poderes del Supervisor Principal con arreglo al art\u00edculo 35, apartado 1, de DORA incluyen los siguientes derechos:<\/p>\n<ul>\n<li>Solicitar toda la informaci\u00f3n y documentaci\u00f3n que considere necesaria para el desempe\u00f1o de sus funciones.<\/li>\n<li>Realizar investigaciones generales e inspecciones (in situ).<\/li>\n<li>Solicitar informes al t\u00e9rmino de las actividades de supervisi\u00f3n.<\/li>\n<li>Formular recomendaciones, por ejemplo, sobre requisitos de seguridad y calidad de las TIC o sobre subcontrataci\u00f3n.<\/li>\n<\/ul>\n<p>El supervisor principal notificar\u00e1 al proveedor de servicios de TIC a terceros el resultado de la evaluaci\u00f3n que conduzca a su designaci\u00f3n como \u00abproveedores terceros esenciales de servicios de TIC\u00bb.<span class=\"Apple-converted-space\">\u00a0<\/span><\/p>\n<p>Tras designar a un proveedor tercero de servicios de TIC como esencial, las AES, a trav\u00e9s del Comit\u00e9 Mixto<sup>2<\/sup>, notificar\u00e1n al proveedor tercero de servicios de TIC dicha designaci\u00f3n y la fecha a partir de la cual estar\u00e1 efectivamente sujeto a las actividades de supervisi\u00f3n.<span class=\"Apple-converted-space\">\u00a0<\/span><\/p>\n<p>Dicha fecha de inicio no podr\u00e1 ser posterior a un mes despu\u00e9s de la notificaci\u00f3n. El proveedor tercero de servicios de TIC notificar\u00e1 a las entidades financieras a las que preste servicios su designaci\u00f3n como esenciales.<\/p>\n\t\t\t\t\t\t\t\t<\/div>\n\t\t\t\t<\/div>\n\t\t\t\t\t\t<\/div>\r\n\t\t\t\t<\/div>\r\n\t\t\t\t\t\t\t\t<\/div>\r\n\t\t\t<\/section>\r\n\t\t\t\t\t\t\t<\/div>\r\n\t\t\t\t<\/div>\r\n\t\t\t\t\t\t\t\t<\/div>\r\n\t\t\t<\/section>\r\n\t\t\t\t\t<section class=\" elementor-section elementor-top-section elementor-element elementor-element-f7b686b elementor-section-boxed elementor-section-height-default elementor-section-height-default\" data-id=\"f7b686b\" data-element_type=\"section\" data-e-type=\"section\">\r\n\t\t\t\t\t\t\t\t<div class=\"elementor-container elementor-column-gap-default\">\r\n\t\t\t\t\r\n\t\t\t\t\t\t\t\t<div class=\" elementor-column elementor-col-100 elementor-top-column elementor-element elementor-element-f7d195c \" data-id=\"f7d195c\" data-element_type=\"column\" data-e-type=\"column\">\r\n\r\n\t\t\t\t\r\n\t\t\t\t<div class=\"elementor-widget-wrap elementor-element-populated\">\r\n\t\t\t\t\t\t\t\t\t\t\r\n\t\t\t\t\t\t<div class=\"elementor-element elementor-element-5bf1805 elementor-widget elementor-widget-text-editor\" data-id=\"5bf1805\" data-element_type=\"widget\" data-e-type=\"widget\" data-widget_type=\"text-editor.default\">\n\t\t\t\t<div class=\"elementor-widget-container\">\n\t\t\t\t\t\t\t\t\t<p><span style=\"color: #993366;\"><b>Conclusi\u00f3n<\/b><\/span><\/p>\n<p>Aunque la mayor\u00eda de las instituciones financieras ya est\u00e1n sujetas a alg\u00fan tipo de normativa de ciberseguridad en la UE y en Luxemburgo (por ejemplo, la NIS 1 y la pr\u00f3xima NIS 2), \u00a0DORA ampl\u00eda significativamente el alcance de estas normativas y se aplicar\u00e1 al menos a algunas de sus actividades empresariales en la UE.\u00a0<span class=\"Apple-converted-space\">\u00a0<\/span><\/p>\n<p>Por ello, recomendamos encarecidamente a las entidades financieras que lleven a cabo lo siguiente:<\/p>\n<p>a) Revisar las medidas de seguridad t\u00e9cnicas y organizativas existentes (incluidos sistemas, protocolos y herramientas) en relaci\u00f3n con los requisitos de DORA.<span class=\"Apple-converted-space\">\u00a0<\/span><\/p>\n<p>b) Determinar en qu\u00e9 medida pueden aprovecharse o actualizarse los procesos y procedimientos actuales.<\/p>\n<p>c) Integrar los requisitos de gesti\u00f3n de riesgos de las TIC de DORA en un marco de riesgos organizativos m\u00e1s amplio.<\/p>\n<p>d) Implicar a las partes interesadas de toda la empresa, incluidos los departamentos jur\u00eddicos, de cumplimiento normativo y de inform\u00e1tica, con la supervisi\u00f3n \u00faltima del Consejo de Administraci\u00f3n.<\/p>\n\t\t\t\t\t\t\t\t<\/div>\n\t\t\t\t<\/div>\n\t\t\t\t\t\t<\/div>\r\n\t\t\t\t<\/div>\r\n\t\t\t\t\t\t\t\t<\/div>\r\n\t\t\t<\/section>\r\n\t\t\t\t\t<section class=\" elementor-section elementor-top-section elementor-element elementor-element-54f1fb69 elementor-section-boxed elementor-section-height-default elementor-section-height-default\" data-id=\"54f1fb69\" data-element_type=\"section\" data-e-type=\"section\">\r\n\t\t\t\t\t\t\t\t<div class=\"elementor-container elementor-column-gap-default\">\r\n\t\t\t\t\r\n\t\t\t\t\t\t\t\t<div class=\" elementor-column elementor-col-100 elementor-top-column elementor-element elementor-element-5168cad9 \" data-id=\"5168cad9\" data-element_type=\"column\" data-e-type=\"column\">\r\n\r\n\t\t\t\t\r\n\t\t\t\t<div class=\"elementor-widget-wrap elementor-element-populated\">\r\n\t\t\t\t\t\t\t\t\t\t\r\n\t\t\t\t\t\t<div class=\"elementor-element elementor-element-a9a31a3 elementor-widget-divider--view-line elementor-widget elementor-widget-divider\" data-id=\"a9a31a3\" data-element_type=\"widget\" data-e-type=\"widget\" data-widget_type=\"divider.default\">\n\t\t\t\t<div class=\"elementor-widget-container\">\n\t\t\t\t\t\t\t<div class=\"elementor-divider\">\n\t\t\t<span class=\"elementor-divider-separator\">\n\t\t\t\t\t\t<\/span>\n\t\t<\/div>\n\t\t\t\t\t\t<\/div>\n\t\t\t\t<\/div>\n\t\t\t\t<div class=\"elementor-element elementor-element-547f25f2 elementor-widget elementor-widget-text-editor\" data-id=\"547f25f2\" data-element_type=\"widget\" data-e-type=\"widget\" data-widget_type=\"text-editor.default\">\n\t\t\t\t<div class=\"elementor-widget-container\">\n\t\t\t\t\t\t\t\t\t<p>[1] <strong>Proyecto de ley n\u00ba 8291<\/strong> destinado a:<strong> (i)<\/strong> transponer el Reglamento (UE) 2022\/2554, de 14 de diciembre de 2022, sobre la resistencia operativa digital del sector financiero y por el que se modifican los Reglamentos (CE) n.\u00ba 1060\/2009, (UE) n.\u00ba 648\/2012, (UE) n.\u00ba 600\/2014, (UE) n.\u00ba 909\/2014 y (UE) 2016\/1011; <strong>(ii)<\/strong> la transposici\u00f3n de la Directiva (UE) 2022\/2556, de 14 de diciembre de 2022, por la que se modifican las Directivas 2009\/65\/CE, 2009\/138\/CE, 2011\/61\/UE, 2013\/36\/UE, 2014\/59\/UE, 2014\/65\/UE, (UE) 2015\/2366 y (UE) 2016\/2341 en lo que respecta a la resiliencia operativa digital del sector financiero; <strong>(iii)<\/strong> la modificaci\u00f3n de (a) la ley modificada de 5 de abril de 1993 sobre el sector financiero; (b) la ley modificada de 13 de julio de 2005 sobre organismos de previsi\u00f3n para la jubilaci\u00f3n en forma de SEPCAV y ASSEP; (c) la ley modificada de 10 de noviembre de 2009 sobre los servicios de pago; (d) la ley modificada de 17 de diciembre de 2010 sobre los organismos de inversi\u00f3n colectiva; (e) la ley modificada de 12 de julio de 2013 sobre los gestores de fondos de inversi\u00f3n alternativos; (f) la ley modificada de 7 de diciembre de 2015 sobre el sector de los seguros; (g) la ley modificada de 18 de diciembre de 2015 sobre la quiebra de entidades de cr\u00e9dito y de determinadas empresas de inversi\u00f3n; (h) la ley modificada de 30 de mayo de 2018 sobre los mercados de instrumentos financieros; (i) la ley modificada de 16 de julio de 2019 sobre la aplicaci\u00f3n de la normativa europea en el \u00e1mbito de los servicios financieros.<span class=\"Apple-converted-space\">\u00a0<\/span><\/p>\n<p>[2] \u00ab<strong>Comit\u00e9 Mixto<\/strong>\u00ab: el comit\u00e9 a que se refiere el art\u00edculo 54 de los Reglamentos (UE) n\u00ba 1093\/2010, (UE) n\u00ba 1094\/2010 y (UE) n\u00ba 1095\/2010.<\/p>\n\t\t\t\t\t\t\t\t<\/div>\n\t\t\t\t<\/div>\n\t\t\t\t<div class=\"elementor-element elementor-element-232466e8 elementor-widget-divider--view-line elementor-widget elementor-widget-divider\" data-id=\"232466e8\" data-element_type=\"widget\" data-e-type=\"widget\" data-widget_type=\"divider.default\">\n\t\t\t\t<div class=\"elementor-widget-container\">\n\t\t\t\t\t\t\t<div class=\"elementor-divider\">\n\t\t\t<span class=\"elementor-divider-separator\">\n\t\t\t\t\t\t<\/span>\n\t\t<\/div>\n\t\t\t\t\t\t<\/div>\n\t\t\t\t<\/div>\n\t\t\t\t\t\t<\/div>\r\n\t\t\t\t<\/div>\r\n\t\t\t\t\t\t\t\t<\/div>\r\n\t\t\t<\/section>\r\n\t\t\t\t\t<section class=\" elementor-section elementor-top-section elementor-element elementor-element-5ebeebf7 elementor-section-boxed elementor-section-height-default elementor-section-height-default\" data-id=\"5ebeebf7\" data-element_type=\"section\" data-e-type=\"section\">\r\n\t\t\t\t\t\t\t\t<div class=\"elementor-container elementor-column-gap-default\">\r\n\t\t\t\t\r\n\t\t\t\t\t\t\t\t<div class=\" elementor-column elementor-col-100 elementor-top-column elementor-element elementor-element-7e2df2c4 \" data-id=\"7e2df2c4\" data-element_type=\"column\" data-e-type=\"column\">\r\n\r\n\t\t\t\t\r\n\t\t\t\t<div class=\"elementor-widget-wrap elementor-element-populated\">\r\n\t\t\t\t\t\t\t\t\t\t\r\n\t\t\t\t\t\t<div class=\"elementor-element elementor-element-75bd40ac elementor-widget elementor-widget-spacer\" data-id=\"75bd40ac\" data-element_type=\"widget\" data-e-type=\"widget\" data-widget_type=\"spacer.default\">\n\t\t\t\t<div class=\"elementor-widget-container\">\n\t\t\t\t\t\t\t<div class=\"elementor-spacer\">\n\t\t\t<div class=\"elementor-spacer-inner\"><\/div>\n\t\t<\/div>\n\t\t\t\t\t\t<\/div>\n\t\t\t\t<\/div>\n\t\t\t\t<div class=\"elementor-element elementor-element-7ba6f86d elementor-widget elementor-widget-heading\" data-id=\"7ba6f86d\" data-element_type=\"widget\" data-e-type=\"widget\" data-widget_type=\"heading.default\">\n\t\t\t\t<div class=\"elementor-widget-container\">\n\t\t\t\t\t<h3 class=\"elementor-heading-title elementor-size-default\">Autores<\/h3>\t\t\t\t<\/div>\n\t\t\t\t<\/div>\n\t\t\t\t\t\t<\/div>\r\n\t\t\t\t<\/div>\r\n\t\t\t\t\t\t\t\t<\/div>\r\n\t\t\t<\/section>\r\n\t\t\t\t\t<section class=\" elementor-section elementor-top-section elementor-element elementor-element-5d40e061 elementor-section-boxed elementor-section-height-default elementor-section-height-default\" data-id=\"5d40e061\" data-element_type=\"section\" data-e-type=\"section\">\r\n\t\t\t\t\t\t\t\t<div class=\"elementor-container elementor-column-gap-default\">\r\n\t\t\t\t\r\n\t\t\t\t\t\t\t\t<div class=\" elementor-column elementor-col-33 elementor-top-column elementor-element elementor-element-11dca03c \" data-id=\"11dca03c\" data-element_type=\"column\" data-e-type=\"column\">\r\n\r\n\t\t\t\t\r\n\t\t\t\t<div class=\"elementor-widget-wrap elementor-element-populated\">\r\n\t\t\t\t\t\t\t\t\t\t\r\n\t\t\t\t\t\t<div class=\"elementor-element elementor-element-5365a5a elementor-widget elementor-widget-image\" data-id=\"5365a5a\" data-element_type=\"widget\" data-e-type=\"widget\" data-widget_type=\"image.default\">\n\t\t\t\t<div class=\"elementor-widget-container\">\n\t\t\t\t\t\t\t\t\t\t\t\t\t\t\t<img decoding=\"async\" width=\"411\" height=\"622\" src=\"https:\/\/sff-camara.com\/wp-content\/uploads\/2024\/03\/Jean-Francois-TRAPP_BF-RE-e1709314585655.png\" class=\"attachment-large size-large wp-image-13156\" alt=\"\" \/>\t\t\t\t\t\t\t\t\t\t\t\t\t\t\t<\/div>\n\t\t\t\t<\/div>\n\t\t\t\t<div class=\"elementor-element elementor-element-dd2ad97 elementor-widget elementor-widget-spacer\" data-id=\"dd2ad97\" data-element_type=\"widget\" data-e-type=\"widget\" data-widget_type=\"spacer.default\">\n\t\t\t\t<div class=\"elementor-widget-container\">\n\t\t\t\t\t\t\t<div class=\"elementor-spacer\">\n\t\t\t<div class=\"elementor-spacer-inner\"><\/div>\n\t\t<\/div>\n\t\t\t\t\t\t<\/div>\n\t\t\t\t<\/div>\n\t\t\t\t<div class=\"elementor-element elementor-element-13f6f24 elementor-widget elementor-widget-heading\" data-id=\"13f6f24\" data-element_type=\"widget\" data-e-type=\"widget\" data-widget_type=\"heading.default\">\n\t\t\t\t<div class=\"elementor-widget-container\">\n\t\t\t\t\t<h4 class=\"elementor-heading-title elementor-size-default\">Jean-Fran\u00e7ois Trapp<\/h4>\t\t\t\t<\/div>\n\t\t\t\t<\/div>\n\t\t\t\t<div class=\"elementor-element elementor-element-01e962e elementor-widget elementor-widget-spacer\" data-id=\"01e962e\" data-element_type=\"widget\" data-e-type=\"widget\" data-widget_type=\"spacer.default\">\n\t\t\t\t<div class=\"elementor-widget-container\">\n\t\t\t\t\t\t\t<div class=\"elementor-spacer\">\n\t\t\t<div class=\"elementor-spacer-inner\"><\/div>\n\t\t<\/div>\n\t\t\t\t\t\t<\/div>\n\t\t\t\t<\/div>\n\t\t\t\t<div class=\"elementor-element elementor-element-81458cf elementor-widget elementor-widget-heading\" data-id=\"81458cf\" data-element_type=\"widget\" data-e-type=\"widget\" data-widget_type=\"heading.default\">\n\t\t\t\t<div class=\"elementor-widget-container\">\n\t\t\t\t\t<h6 class=\"elementor-heading-title elementor-size-default\">Partner<\/h6>\t\t\t\t<\/div>\n\t\t\t\t<\/div>\n\t\t\t\t<div class=\"elementor-element elementor-element-cf5d7a5 elementor-widget elementor-widget-heading\" data-id=\"cf5d7a5\" data-element_type=\"widget\" data-e-type=\"widget\" data-widget_type=\"heading.default\">\n\t\t\t\t<div class=\"elementor-widget-container\">\n\t\t\t\t\t<h6 class=\"elementor-heading-title elementor-size-default\">Baker &amp; McKenzie<\/h6>\t\t\t\t<\/div>\n\t\t\t\t<\/div>\n\t\t\t\t\t\t<\/div>\r\n\t\t\t\t<\/div>\r\n\t\t\t\t\t\t\t\t\t<div class=\" elementor-column elementor-col-33 elementor-top-column elementor-element elementor-element-b4c65d7 \" data-id=\"b4c65d7\" data-element_type=\"column\" data-e-type=\"column\">\r\n\r\n\t\t\t\t\r\n\t\t\t\t<div class=\"elementor-widget-wrap elementor-element-populated\">\r\n\t\t\t\t\t\t\t\t\t\t\r\n\t\t\t\t\t\t<div class=\"elementor-element elementor-element-218c87d elementor-widget elementor-widget-image\" data-id=\"218c87d\" data-element_type=\"widget\" data-e-type=\"widget\" data-widget_type=\"image.default\">\n\t\t\t\t<div class=\"elementor-widget-container\">\n\t\t\t\t\t\t\t\t\t\t\t\t\t\t\t<img loading=\"lazy\" decoding=\"async\" width=\"600\" height=\"750\" src=\"https:\/\/sff-camara.com\/wp-content\/uploads\/2024\/03\/Ana-Vazquez_BF-RE.jpg\" class=\"attachment-large size-large wp-image-13154\" alt=\"\" \/>\t\t\t\t\t\t\t\t\t\t\t\t\t\t\t<\/div>\n\t\t\t\t<\/div>\n\t\t\t\t<div class=\"elementor-element elementor-element-5017459 elementor-widget elementor-widget-spacer\" data-id=\"5017459\" data-element_type=\"widget\" data-e-type=\"widget\" data-widget_type=\"spacer.default\">\n\t\t\t\t<div class=\"elementor-widget-container\">\n\t\t\t\t\t\t\t<div class=\"elementor-spacer\">\n\t\t\t<div class=\"elementor-spacer-inner\"><\/div>\n\t\t<\/div>\n\t\t\t\t\t\t<\/div>\n\t\t\t\t<\/div>\n\t\t\t\t<div class=\"elementor-element elementor-element-828fc13 elementor-widget elementor-widget-heading\" data-id=\"828fc13\" data-element_type=\"widget\" data-e-type=\"widget\" data-widget_type=\"heading.default\">\n\t\t\t\t<div class=\"elementor-widget-container\">\n\t\t\t\t\t<h4 class=\"elementor-heading-title elementor-size-default\">Ana Vazquez<\/h4>\t\t\t\t<\/div>\n\t\t\t\t<\/div>\n\t\t\t\t<div class=\"elementor-element elementor-element-5ff95b6 elementor-widget elementor-widget-spacer\" data-id=\"5ff95b6\" data-element_type=\"widget\" data-e-type=\"widget\" data-widget_type=\"spacer.default\">\n\t\t\t\t<div class=\"elementor-widget-container\">\n\t\t\t\t\t\t\t<div class=\"elementor-spacer\">\n\t\t\t<div class=\"elementor-spacer-inner\"><\/div>\n\t\t<\/div>\n\t\t\t\t\t\t<\/div>\n\t\t\t\t<\/div>\n\t\t\t\t<div class=\"elementor-element elementor-element-da09a05 elementor-widget elementor-widget-heading\" data-id=\"da09a05\" data-element_type=\"widget\" data-e-type=\"widget\" data-widget_type=\"heading.default\">\n\t\t\t\t<div class=\"elementor-widget-container\">\n\t\t\t\t\t<h6 class=\"elementor-heading-title elementor-size-default\">Director<\/h6>\t\t\t\t<\/div>\n\t\t\t\t<\/div>\n\t\t\t\t<div class=\"elementor-element elementor-element-c7bbf02 elementor-widget elementor-widget-heading\" data-id=\"c7bbf02\" data-element_type=\"widget\" data-e-type=\"widget\" data-widget_type=\"heading.default\">\n\t\t\t\t<div class=\"elementor-widget-container\">\n\t\t\t\t\t<h6 class=\"elementor-heading-title elementor-size-default\">Baker &amp; McKenzie<\/h6>\t\t\t\t<\/div>\n\t\t\t\t<\/div>\n\t\t\t\t\t\t<\/div>\r\n\t\t\t\t<\/div>\r\n\t\t\t\t\t\t\t\t\t<div class=\" elementor-column elementor-col-33 elementor-top-column elementor-element elementor-element-4aa7816 elementor-hidden-tablet elementor-hidden-mobile \" data-id=\"4aa7816\" data-element_type=\"column\" data-e-type=\"column\">\r\n\r\n\t\t\t\t\r\n\t\t\t\t<div class=\"elementor-widget-wrap elementor-element-populated\">\r\n\t\t\t\t\t\t\t\t\t\t\r\n\t\t\t\t\t\t<div class=\"elementor-element elementor-element-09b5dd0 elementor-widget elementor-widget-spacer\" data-id=\"09b5dd0\" data-element_type=\"widget\" data-e-type=\"widget\" data-widget_type=\"spacer.default\">\n\t\t\t\t<div class=\"elementor-widget-container\">\n\t\t\t\t\t\t\t<div class=\"elementor-spacer\">\n\t\t\t<div class=\"elementor-spacer-inner\"><\/div>\n\t\t<\/div>\n\t\t\t\t\t\t<\/div>\n\t\t\t\t<\/div>\n\t\t\t\t\t\t<\/div>\r\n\t\t\t\t<\/div>\r\n\t\t\t\t\t\t\t\t<\/div>\r\n\t\t\t<\/section>\r\n\t\t\t\t\t<section class=\" elementor-section elementor-top-section elementor-element elementor-element-4d80d2c3 elementor-section-boxed elementor-section-height-default elementor-section-height-default\" data-id=\"4d80d2c3\" data-element_type=\"section\" data-e-type=\"section\">\r\n\t\t\t\t\t\t\t\t<div class=\"elementor-container elementor-column-gap-default\">\r\n\t\t\t\t\r\n\t\t\t\t\t\t\t\t<div class=\" elementor-column elementor-col-100 elementor-top-column elementor-element elementor-element-640e0eab \" data-id=\"640e0eab\" data-element_type=\"column\" data-e-type=\"column\">\r\n\r\n\t\t\t\t\r\n\t\t\t\t<div class=\"elementor-widget-wrap elementor-element-populated\">\r\n\t\t\t\t\t\t\t\t\t\t\r\n\t\t\t\t\t\t<div class=\"elementor-element elementor-element-4308942b elementor-widget elementor-widget-text-editor\" data-id=\"4308942b\" data-element_type=\"widget\" data-e-type=\"widget\" data-widget_type=\"text-editor.default\">\n\t\t\t\t<div class=\"elementor-widget-container\">\n\t\t\t\t\t\t\t\t\t<h5 style=\"text-align: left;\">Compartir esta publicaci\u00f3n<\/h5>\n\t\t\t\t\t\t\t\t<\/div>\n\t\t\t\t<\/div>\n\t\t\t\t<div class=\"elementor-element elementor-element-5f93b86d elementor-widget elementor-widget-udesign_widget_share\" data-id=\"5f93b86d\" data-element_type=\"widget\" data-e-type=\"widget\" data-widget_type=\"udesign_widget_share.default\">\n\t\t\t\t<div class=\"elementor-widget-container\">\n\t\t\t\t\t\r\n<div class=\"social-icons\">\r\n\t<a href=\"https:\/\/www.linkedin.com\/shareArticle?mini=true&#038;url=https:\/\/sff-camara.com\/es\/sff-magazine-marzo-2024\/nuevos-requisitos-en-materia-de-ciberseguridad-vision-general-del-reglamento-dora\/&#038;title=Nuevos+requisitos+en+materia+de+ciberseguridad%3A+Visi%C3%B3n+general+del+Reglamento+DORA\" class=\"social-icon framed social-linkedin\" target=\"_blank\" title=\"linkedin\" rel=\"noopener noreferrer\" aria-label=\"Social Icon\"><i class=\"a-icon-linkedin-in\"><\/i><\/a><a href=\"\" class=\"social-icon framed social-whatsapp\" target=\"_blank\" title=\"whatsapp\" rel=\"noopener noreferrer\" aria-label=\"Social Icon\"><i class=\"a-icon-whatsapp\"><\/i><\/a><a href=\"mailto:?subject=Nuevos+requisitos+en+materia+de+ciberseguridad%3A+Visi%C3%B3n+general+del+Reglamento+DORA&#038;body=https:\/\/sff-camara.com\/es\/sff-magazine-marzo-2024\/nuevos-requisitos-en-materia-de-ciberseguridad-vision-general-del-reglamento-dora\/\" class=\"social-icon framed social-email\" target=\"_blank\" title=\"email\" rel=\"noopener noreferrer\" aria-label=\"Social Icon\"><i class=\"a-icon-envelop5\"><\/i><\/a><a href=\"https:\/\/twitter.com\/intent\/tweet?text=Nuevos+requisitos+en+materia+de+ciberseguridad%3A+Visi%C3%B3n+general+del+Reglamento+DORA&#038;url=https:\/\/sff-camara.com\/es\/sff-magazine-marzo-2024\/nuevos-requisitos-en-materia-de-ciberseguridad-vision-general-del-reglamento-dora\/\" class=\"social-icon framed social-twitter\" target=\"_blank\" title=\"x\" rel=\"noopener noreferrer\" aria-label=\"Social Icon\"><i class=\"a-icon-twitter\"><\/i><\/a><a href=\"https:\/\/www.facebook.com\/sharer.php?u=https:\/\/sff-camara.com\/es\/sff-magazine-marzo-2024\/nuevos-requisitos-en-materia-de-ciberseguridad-vision-general-del-reglamento-dora\/\" class=\"social-icon framed social-facebook\" target=\"_blank\" title=\"facebook\" rel=\"noopener noreferrer\" aria-label=\"Social Icon\"><i class=\"a-icon-facebook\"><\/i><\/a><a href=\"https:\/\/plus.google.com\/share?url=https:\/\/sff-camara.com\/es\/sff-magazine-marzo-2024\/nuevos-requisitos-en-materia-de-ciberseguridad-vision-general-del-reglamento-dora\/\" class=\"social-icon framed social-google\" target=\"_blank\" title=\"google\" rel=\"noopener noreferrer\" aria-label=\"Social Icon\"><i class=\"a-icon-google\"><\/i><\/a><a href=\"#\" class=\"social-icon framed social-instagram\" target=\"_blank\" title=\"instagram\" rel=\"noopener noreferrer\" aria-label=\"Social Icon\"><i class=\"a-icon-instagram\"><\/i><\/a><\/div>\r\n\r\n\t\t\t\t<\/div>\n\t\t\t\t<\/div>\n\t\t\t\t\t\t<\/div>\r\n\t\t\t\t<\/div>\r\n\t\t\t\t\t\t\t\t<\/div>\r\n\t\t\t<\/section>\r\n\t\t\t\t\t<section class=\" elementor-section elementor-top-section elementor-element elementor-element-1a7dbdb3 elementor-section-boxed elementor-section-height-default elementor-section-height-default\" data-id=\"1a7dbdb3\" data-element_type=\"section\" data-e-type=\"section\">\r\n\t\t\t\t\t\t\t\t<div class=\"elementor-container elementor-column-gap-default\">\r\n\t\t\t\t\r\n\t\t\t\t\t\t\t\t<div class=\" elementor-column elementor-col-100 elementor-top-column elementor-element elementor-element-12009049 \" data-id=\"12009049\" data-element_type=\"column\" data-e-type=\"column\">\r\n\r\n\t\t\t\t\r\n\t\t\t\t<div class=\"elementor-widget-wrap elementor-element-populated\">\r\n\t\t\t\t\t\t\t\t\t\t\r\n\t\t\t\t\t\t<div class=\"elementor-element elementor-element-5049afac elementor-widget-divider--view-line elementor-widget elementor-widget-divider\" data-id=\"5049afac\" data-element_type=\"widget\" data-e-type=\"widget\" data-widget_type=\"divider.default\">\n\t\t\t\t<div class=\"elementor-widget-container\">\n\t\t\t\t\t\t\t<div class=\"elementor-divider\">\n\t\t\t<span class=\"elementor-divider-separator\">\n\t\t\t\t\t\t<\/span>\n\t\t<\/div>\n\t\t\t\t\t\t<\/div>\n\t\t\t\t<\/div>\n\t\t\t\t<section class=\" elementor-section elementor-inner-section elementor-element elementor-element-26e2d7c0 elementor-section-boxed elementor-section-height-default elementor-section-height-default\" data-id=\"26e2d7c0\" data-element_type=\"section\" data-e-type=\"section\">\r\n\t\t\t\t\t\t\t\t<div class=\"elementor-container elementor-column-gap-default\">\r\n\t\t\t\t\r\n\t\t\t\t\t\t\t\t<div class=\" elementor-column elementor-col-50 elementor-inner-column elementor-element elementor-element-2b9db789 \" data-id=\"2b9db789\" data-element_type=\"column\" data-e-type=\"column\">\r\n\r\n\t\t\t\t\r\n\t\t\t\t<div class=\"elementor-widget-wrap elementor-element-populated\">\r\n\t\t\t\t\t\t\t\t\t\t\r\n\t\t\t\t\t\t<div class=\"elementor-element elementor-element-48b70216 elementor-widget elementor-widget-wp-widget-tag_cloud\" data-id=\"48b70216\" data-element_type=\"widget\" data-e-type=\"widget\" data-widget_type=\"wp-widget-tag_cloud.default\">\n\t\t\t\t<div class=\"elementor-widget-container\">\n\t\t\t\t\t<div class=\"widget widget_tag_cloud widget-collapsible\"><h3 class=\"widget-title\">Buscar publicaciones por tem\u00e1ticas<\/h3><div class=\"tagcloud\"><a href=\"https:\/\/sff-camara.com\/es\/temticas\/activos-digitales\/\" class=\"tag-cloud-link tag-link-302 tag-link-position-1\" style=\"font-size: 11.559322033898pt;\" aria-label=\"Activos Digitales (3 elementos)\">Activos Digitales<span class=\"tag-link-count\"> (3)<\/span><\/a>\n<a href=\"https:\/\/sff-camara.com\/es\/temticas\/alternative-investment-es\/\" class=\"tag-cloud-link tag-link-291 tag-link-position-2\" style=\"font-size: 21.050847457627pt;\" aria-label=\"Alternative Investment (24 elementos)\">Alternative Investment<span class=\"tag-link-count\"> (24)<\/span><\/a>\n<a href=\"https:\/\/sff-camara.com\/es\/temticas\/aml-es\/\" class=\"tag-cloud-link tag-link-266 tag-link-position-3\" style=\"font-size: 8pt;\" aria-label=\"AML (1 elemento)\">AML<span class=\"tag-link-count\"> (1)<\/span><\/a>\n<a href=\"https:\/\/sff-camara.com\/es\/temticas\/arte\/\" class=\"tag-cloud-link tag-link-247 tag-link-position-4\" style=\"font-size: 8pt;\" aria-label=\"Arte (1 elemento)\">Arte<span class=\"tag-link-count\"> (1)<\/span><\/a>\n<a href=\"https:\/\/sff-camara.com\/es\/temticas\/asesoramiento\/\" class=\"tag-cloud-link tag-link-211 tag-link-position-5\" style=\"font-size: 15.118644067797pt;\" aria-label=\"Asesoramiento (7 elementos)\">Asesoramiento<span class=\"tag-link-count\"> (7)<\/span><\/a>\n<a href=\"https:\/\/sff-camara.com\/es\/temticas\/asset-management-es\/\" class=\"tag-cloud-link tag-link-213 tag-link-position-6\" style=\"font-size: 22pt;\" aria-label=\"Asset Management (29 elementos)\">Asset Management<span class=\"tag-link-count\"> (29)<\/span><\/a>\n<a href=\"https:\/\/sff-camara.com\/es\/temticas\/banca-digital\/\" class=\"tag-cloud-link tag-link-164 tag-link-position-7\" style=\"font-size: 15.118644067797pt;\" aria-label=\"Banca Digital (7 elementos)\">Banca Digital<span class=\"tag-link-count\"> (7)<\/span><\/a>\n<a href=\"https:\/\/sff-camara.com\/es\/temticas\/banking-es\/\" class=\"tag-cloud-link tag-link-161 tag-link-position-8\" style=\"font-size: 19.389830508475pt;\" aria-label=\"Banking (17 elementos)\">Banking<span class=\"tag-link-count\"> (17)<\/span><\/a>\n<a href=\"https:\/\/sff-camara.com\/es\/temticas\/capital-riesgo\/\" class=\"tag-cloud-link tag-link-170 tag-link-position-9\" style=\"font-size: 12.745762711864pt;\" aria-label=\"Capital Riesgo (4 elementos)\">Capital Riesgo<span class=\"tag-link-count\"> (4)<\/span><\/a>\n<a href=\"https:\/\/sff-camara.com\/es\/temticas\/compliance-es\/\" class=\"tag-cloud-link tag-link-264 tag-link-position-10\" style=\"font-size: 8pt;\" aria-label=\"Compliance (1 elemento)\">Compliance<span class=\"tag-link-count\"> (1)<\/span><\/a>\n<a href=\"https:\/\/sff-camara.com\/es\/temticas\/consejero-independiente\/\" class=\"tag-cloud-link tag-link-290 tag-link-position-11\" style=\"font-size: 14.525423728814pt;\" aria-label=\"Consejero Independiente (6 elementos)\">Consejero Independiente<span class=\"tag-link-count\"> (6)<\/span><\/a>\n<a href=\"https:\/\/sff-camara.com\/es\/temticas\/criptoactivos\/\" class=\"tag-cloud-link tag-link-175 tag-link-position-12\" style=\"font-size: 11.559322033898pt;\" aria-label=\"Criptoactivos (3 elementos)\">Criptoactivos<span class=\"tag-link-count\"> (3)<\/span><\/a>\n<a href=\"https:\/\/sff-camara.com\/es\/temticas\/distribucion-de-fondos\/\" class=\"tag-cloud-link tag-link-173 tag-link-position-13\" style=\"font-size: 20.576271186441pt;\" aria-label=\"Distribuci\u00f3n de fondos (22 elementos)\">Distribuci\u00f3n de fondos<span class=\"tag-link-count\"> (22)<\/span><\/a>\n<a href=\"https:\/\/sff-camara.com\/es\/temticas\/diversidad\/\" class=\"tag-cloud-link tag-link-278 tag-link-position-14\" style=\"font-size: 15.71186440678pt;\" aria-label=\"Diversidad (8 elementos)\">Diversidad<span class=\"tag-link-count\"> (8)<\/span><\/a>\n<a href=\"https:\/\/sff-camara.com\/es\/temticas\/empresas-familiares\/\" class=\"tag-cloud-link tag-link-269 tag-link-position-15\" style=\"font-size: 12.745762711864pt;\" aria-label=\"Empresas Familiares (4 elementos)\">Empresas Familiares<span class=\"tag-link-count\"> (4)<\/span><\/a>\n<a href=\"https:\/\/sff-camara.com\/es\/temticas\/family-offices-es\/\" class=\"tag-cloud-link tag-link-245 tag-link-position-16\" style=\"font-size: 10.135593220339pt;\" aria-label=\"Family Offices (2 elementos)\">Family Offices<span class=\"tag-link-count\"> (2)<\/span><\/a>\n<a href=\"https:\/\/sff-camara.com\/es\/temticas\/finanzas-sostenibles\/\" class=\"tag-cloud-link tag-link-160 tag-link-position-17\" style=\"font-size: 21.050847457627pt;\" aria-label=\"Finanzas Sostenibles (24 elementos)\">Finanzas Sostenibles<span class=\"tag-link-count\"> (24)<\/span><\/a>\n<a href=\"https:\/\/sff-camara.com\/es\/temticas\/fintech-es\/\" class=\"tag-cloud-link tag-link-163 tag-link-position-18\" style=\"font-size: 16.779661016949pt;\" aria-label=\"Fintech (10 elementos)\">Fintech<span class=\"tag-link-count\"> (10)<\/span><\/a>\n<a href=\"https:\/\/sff-camara.com\/es\/temticas\/gestion-patrimonial\/\" class=\"tag-cloud-link tag-link-176 tag-link-position-19\" style=\"font-size: 17.610169491525pt;\" aria-label=\"Gesti\u00f3n Patrimonial (12 elementos)\">Gesti\u00f3n Patrimonial<span class=\"tag-link-count\"> (12)<\/span><\/a>\n<a href=\"https:\/\/sff-camara.com\/es\/temticas\/gobernanza\/\" class=\"tag-cloud-link tag-link-249 tag-link-position-20\" style=\"font-size: 16.305084745763pt;\" aria-label=\"Gobernanza (9 elementos)\">Gobernanza<span class=\"tag-link-count\"> (9)<\/span><\/a>\n<a href=\"https:\/\/sff-camara.com\/es\/temticas\/hr\/\" class=\"tag-cloud-link tag-link-304 tag-link-position-21\" style=\"font-size: 8pt;\" aria-label=\"HR (1 elemento)\">HR<span class=\"tag-link-count\"> (1)<\/span><\/a>\n<a href=\"https:\/\/sff-camara.com\/es\/temticas\/internacionalizacion\/\" class=\"tag-cloud-link tag-link-280 tag-link-position-22\" style=\"font-size: 8pt;\" aria-label=\"Internacionalizaci\u00f3n (1 elemento)\">Internacionalizaci\u00f3n<span class=\"tag-link-count\"> (1)<\/span><\/a>\n<a href=\"https:\/\/sff-camara.com\/es\/temticas\/inversiones-alternativas\/\" class=\"tag-cloud-link tag-link-297 tag-link-position-23\" style=\"font-size: 11.559322033898pt;\" aria-label=\"Inversiones Alternativas (3 elementos)\">Inversiones Alternativas<span class=\"tag-link-count\"> (3)<\/span><\/a>\n<a href=\"https:\/\/sff-camara.com\/es\/temticas\/latam-es\/\" class=\"tag-cloud-link tag-link-167 tag-link-position-24\" style=\"font-size: 16.305084745763pt;\" aria-label=\"LATAM (9 elementos)\">LATAM<span class=\"tag-link-count\"> (9)<\/span><\/a>\n<a href=\"https:\/\/sff-camara.com\/es\/temticas\/legal-es\/\" class=\"tag-cloud-link tag-link-233 tag-link-position-25\" style=\"font-size: 16.779661016949pt;\" aria-label=\"Legal (10 elementos)\">Legal<span class=\"tag-link-count\"> (10)<\/span><\/a>\n<a href=\"https:\/\/sff-camara.com\/es\/temticas\/mercado-de-capitales\/\" class=\"tag-cloud-link tag-link-309 tag-link-position-26\" style=\"font-size: 8pt;\" aria-label=\"Mercado de Capitales (1 elemento)\">Mercado de Capitales<span class=\"tag-link-count\"> (1)<\/span><\/a>\n<a href=\"https:\/\/sff-camara.com\/es\/temticas\/precios-de-transferencia\/\" class=\"tag-cloud-link tag-link-271 tag-link-position-27\" style=\"font-size: 10.135593220339pt;\" aria-label=\"Precios de Transferencia (2 elementos)\">Precios de Transferencia<span class=\"tag-link-count\"> (2)<\/span><\/a>\n<a href=\"https:\/\/sff-camara.com\/es\/temticas\/real-estate\/\" class=\"tag-cloud-link tag-link-338 tag-link-position-28\" style=\"font-size: 10.135593220339pt;\" aria-label=\"Real Estate (2 elementos)\">Real Estate<span class=\"tag-link-count\"> (2)<\/span><\/a>\n<a href=\"https:\/\/sff-camara.com\/es\/temticas\/reaseguro\/\" class=\"tag-cloud-link tag-link-172 tag-link-position-29\" style=\"font-size: 10.135593220339pt;\" aria-label=\"Reaseguro (2 elementos)\">Reaseguro<span class=\"tag-link-count\"> (2)<\/span><\/a>\n<a href=\"https:\/\/sff-camara.com\/es\/tag\/rrhh\/\" class=\"tag-cloud-link tag-link-178 tag-link-position-30\" style=\"font-size: 16.305084745763pt;\" aria-label=\"RRHH (9 elementos)\">RRHH<span class=\"tag-link-count\"> (9)<\/span><\/a>\n<a href=\"https:\/\/sff-camara.com\/es\/temticas\/seguros\/\" class=\"tag-cloud-link tag-link-180 tag-link-position-31\" style=\"font-size: 10.135593220339pt;\" aria-label=\"Seguros (2 elementos)\">Seguros<span class=\"tag-link-count\"> (2)<\/span><\/a>\n<a href=\"https:\/\/sff-camara.com\/es\/temticas\/seguros-de-vida-unit-linked\/\" class=\"tag-cloud-link tag-link-169 tag-link-position-32\" style=\"font-size: 13.694915254237pt;\" aria-label=\"Seguros de vida Unit-linked (5 elementos)\">Seguros de vida Unit-linked<span class=\"tag-link-count\"> (5)<\/span><\/a>\n<a href=\"https:\/\/sff-camara.com\/es\/temticas\/tax-es\/\" class=\"tag-cloud-link tag-link-162 tag-link-position-33\" style=\"font-size: 19.033898305085pt;\" aria-label=\"Tax (16 elementos)\">Tax<span class=\"tag-link-count\"> (16)<\/span><\/a>\n<a href=\"https:\/\/sff-camara.com\/es\/temticas\/tecnologia\/\" class=\"tag-cloud-link tag-link-231 tag-link-position-34\" style=\"font-size: 14.525423728814pt;\" aria-label=\"Tecnolog\u00eda (6 elementos)\">Tecnolog\u00eda<span class=\"tag-link-count\"> (6)<\/span><\/a>\n<a href=\"https:\/\/sff-camara.com\/es\/temticas\/tendencias\/\" class=\"tag-cloud-link tag-link-223 tag-link-position-35\" style=\"font-size: 20.101694915254pt;\" aria-label=\"Tendencias (20 elementos)\">Tendencias<span class=\"tag-link-count\"> (20)<\/span><\/a>\n<a href=\"https:\/\/sff-camara.com\/es\/temticas\/tic\/\" class=\"tag-cloud-link tag-link-267 tag-link-position-36\" style=\"font-size: 8pt;\" aria-label=\"TIC (1 elemento)\">TIC<span class=\"tag-link-count\"> (1)<\/span><\/a>\n<a href=\"https:\/\/sff-camara.com\/es\/temticas\/ue\/\" class=\"tag-cloud-link tag-link-222 tag-link-position-37\" style=\"font-size: 14.525423728814pt;\" aria-label=\"UE (6 elementos)\">UE<span class=\"tag-link-count\"> (6)<\/span><\/a><\/div>\n<\/div>\t\t\t\t<\/div>\n\t\t\t\t<\/div>\n\t\t\t\t\t\t<\/div>\r\n\t\t\t\t<\/div>\r\n\t\t\t\t\t\t\t\t\t<div class=\" elementor-column elementor-col-50 elementor-inner-column elementor-element elementor-element-7ef6ee0c \" data-id=\"7ef6ee0c\" data-element_type=\"column\" data-e-type=\"column\">\r\n\r\n\t\t\t\t\r\n\t\t\t\t<div class=\"elementor-widget-wrap elementor-element-populated\">\r\n\t\t\t\t\t\t\t\t\t\t\r\n\t\t\t\t\t\t<div class=\"elementor-element elementor-element-58b52e5e elementor-widget elementor-widget-sidebar\" data-id=\"58b52e5e\" data-element_type=\"widget\" data-e-type=\"widget\" data-widget_type=\"sidebar.default\">\n\t\t\t\t<div class=\"elementor-widget-container\">\n\t\t\t\t\t<nav id=\"categories-2\" class=\"widget widget_categories\"><h3 class=\"widget-title\">Buscar por ediciones del SFF Magazine<\/h3><form action=\"https:\/\/sff-camara.com\/es\/\" method=\"get\"><label class=\"screen-reader-text\" for=\"cat\">Buscar por ediciones del SFF Magazine<\/label><select  name='cat' aria-label='Categories to search' id='cat' class='postform'>\n\t<option value='-1'>Elegir la categor\u00eda<\/option>\n\t<option class=\"level-0\" value=\"124\">Noticias&nbsp;&nbsp;(44)<\/option>\n\t<option class=\"level-0\" value=\"159\">SFF Magazine Abril 2021&nbsp;&nbsp;(12)<\/option>\n\t<option class=\"level-0\" value=\"174\">SFF Magazine Abril 2022&nbsp;&nbsp;(8)<\/option>\n\t<option class=\"level-0\" value=\"239\">SFF Magazine Diciembre 2023&nbsp;&nbsp;(8)<\/option>\n\t<option class=\"level-0\" value=\"289\">SFF Magazine Diciembre 2024&nbsp;&nbsp;(12)<\/option>\n\t<option class=\"level-0\" value=\"307\">SFF Magazine Diciembre 2025&nbsp;&nbsp;(6)<\/option>\n\t<option class=\"level-0\" value=\"168\">SFF Magazine Julio 2021&nbsp;&nbsp;(13)<\/option>\n\t<option class=\"level-0\" value=\"177\">SFF Magazine Julio 2022&nbsp;&nbsp;(10)<\/option>\n\t<option class=\"level-0\" value=\"215\">SFF Magazine Junio 2023&nbsp;&nbsp;(7)<\/option>\n\t<option class=\"level-0\" value=\"273\">SFF Magazine Junio 2024&nbsp;&nbsp;(10)<\/option>\n\t<option class=\"level-0\" value=\"296\">SFF Magazine Junio 2025&nbsp;&nbsp;(11)<\/option>\n\t<option class=\"level-0\" value=\"205\">SFF Magazine Marzo 2023&nbsp;&nbsp;(9)<\/option>\n\t<option class=\"level-0\" value=\"257\">SFF Magazine Marzo 2024&nbsp;&nbsp;(13)<\/option>\n\t<option class=\"level-0\" value=\"293\">SFF Magazine Marzo 2025&nbsp;&nbsp;(10)<\/option>\n\t<option class=\"level-0\" value=\"336\">SFF Magazine Marzo 2026&nbsp;&nbsp;(13)<\/option>\n\t<option class=\"level-0\" value=\"171\">SFF Magazine Octubre 2021&nbsp;&nbsp;(11)<\/option>\n\t<option class=\"level-0\" value=\"165\">SFF Magazine Octubre 2022&nbsp;&nbsp;(10)<\/option>\n\t<option class=\"level-0\" value=\"230\">SFF Magazine Septiembre 2023&nbsp;&nbsp;(8)<\/option>\n\t<option class=\"level-0\" value=\"282\">SFF Magazine Septiembre 2024&nbsp;&nbsp;(9)<\/option>\n\t<option class=\"level-0\" value=\"299\">SFF Magazine Septiembre 2025&nbsp;&nbsp;(8)<\/option>\n\t<option class=\"level-0\" value=\"53\">Sin categorizar&nbsp;&nbsp;(8)<\/option>\n<\/select>\n<\/form><script>\n( ( dropdownId ) => {\n\tconst dropdown = document.getElementById( dropdownId );\n\tfunction onSelectChange() {\n\t\tsetTimeout( () => {\n\t\t\tif ( 'escape' === dropdown.dataset.lastkey ) {\n\t\t\t\treturn;\n\t\t\t}\n\t\t\tif ( dropdown.value && parseInt( dropdown.value ) > 0 && dropdown instanceof HTMLSelectElement ) {\n\t\t\t\tdropdown.parentElement.submit();\n\t\t\t}\n\t\t}, 250 );\n\t}\n\tfunction onKeyUp( event ) {\n\t\tif ( 'Escape' === event.key ) {\n\t\t\tdropdown.dataset.lastkey = 'escape';\n\t\t} else {\n\t\t\tdelete dropdown.dataset.lastkey;\n\t\t}\n\t}\n\tfunction onClick() {\n\t\tdelete dropdown.dataset.lastkey;\n\t}\n\tdropdown.addEventListener( 'keyup', onKeyUp );\n\tdropdown.addEventListener( 'click', onClick );\n\tdropdown.addEventListener( 'change', onSelectChange );\n})( \"cat\" );\n\n\/\/# sourceURL=WP_Widget_Categories%3A%3Awidget\n<\/script>\n<\/nav><nav id=\"search-3\" class=\"widget widget_search\"><h3 class=\"widget-title\">Buscar publicaciones<\/h3>\r\n\t<div class=\"search-wrapper  hs-start light-style\">\r\n\t\t\r\n\t\t\t\t<form action=\"https:\/\/sff-camara.com\/es\/\/\" method=\"get\" class=\"input-wrapper\">\r\n\t\t\t<input type=\"hidden\" name=\"post_type\" value=\"post\"\/>\r\n\r\n\t\t\t<input type=\"search\" aria-label=\"Search\" class=\"form-control\" name=\"s\" placeholder=\"\" required=\"\" autocomplete=\"off\">\r\n\r\n\t\t\t\r\n\t\t\t\r\n\t\t\t<button class=\"btn btn-search\" aria-label=\"Search Button\" type=\"submit\">\r\n\t\t\t\t<i class=\"a-icon-search\"><\/i>\r\n\t\t\t<\/button>\r\n\r\n\t\t\t\t\t<div class=\"hs-close\">\r\n\t\t\t\t<a href=\"#\" aria-label=\"Close\">\r\n\t\t\t\t\t<span class=\"close-wrap\">\r\n\t\t\t\t\t\t<span class=\"close-line close-line1\"><\/span>\r\n\t\t\t\t\t\t<span class=\"close-line close-line2\"><\/span>\r\n\t\t\t\t\t<\/span>\r\n\t\t\t\t<\/a>\r\n\t\t\t<\/div>\r\n\t\t\r\n\t\t<\/form>\r\n\t\t\t<\/div>\r\n\r\n\t\t<\/nav>\t\t\t\t<\/div>\n\t\t\t\t<\/div>\n\t\t\t\t\t\t<\/div>\r\n\t\t\t\t<\/div>\r\n\t\t\t\t\t\t\t\t<\/div>\r\n\t\t\t<\/section>\r\n\t\t\t\t\t<div class=\"elementor-element elementor-element-5defc3e7 elementor-widget-divider--view-line elementor-widget elementor-widget-divider\" data-id=\"5defc3e7\" data-element_type=\"widget\" data-e-type=\"widget\" data-widget_type=\"divider.default\">\n\t\t\t\t<div class=\"elementor-widget-container\">\n\t\t\t\t\t\t\t<div class=\"elementor-divider\">\n\t\t\t<span class=\"elementor-divider-separator\">\n\t\t\t\t\t\t<\/span>\n\t\t<\/div>\n\t\t\t\t\t\t<\/div>\n\t\t\t\t<\/div>\n\t\t\t\t<div class=\"elementor-element elementor-element-18f39c75 elementor-widget elementor-widget-spacer\" data-id=\"18f39c75\" data-element_type=\"widget\" data-e-type=\"widget\" data-widget_type=\"spacer.default\">\n\t\t\t\t<div class=\"elementor-widget-container\">\n\t\t\t\t\t\t\t<div class=\"elementor-spacer\">\n\t\t\t<div class=\"elementor-spacer-inner\"><\/div>\n\t\t<\/div>\n\t\t\t\t\t\t<\/div>\n\t\t\t\t<\/div>\n\t\t\t\t<div class=\"elementor-element elementor-element-d210685 elementor-widget elementor-widget-heading\" data-id=\"d210685\" data-element_type=\"widget\" data-e-type=\"widget\" data-widget_type=\"heading.default\">\n\t\t\t\t<div class=\"elementor-widget-container\">\n\t\t\t\t\t<h2 class=\"elementor-heading-title elementor-size-default\">Publicaciones relacionadas<\/h2>\t\t\t\t<\/div>\n\t\t\t\t<\/div>\n\t\t\t\t<div class=\"elementor-element elementor-element-5831fc58 elementor-widget elementor-widget-text-editor\" data-id=\"5831fc58\" data-element_type=\"widget\" data-e-type=\"widget\" data-widget_type=\"text-editor.default\">\n\t\t\t\t<div class=\"elementor-widget-container\">\n\t\t\t\t\t\t\t\t\t<a href=\"https:\/\/sff-camara.com\/es\/categoria\/sff-magazine-marzo-2024\/\" rel=\"tag\">SFF Magazine Marzo 2024<\/a>\t\t\t\t\t\t\t\t<\/div>\n\t\t\t\t<\/div>\n\t\t\t\t<div class=\"elementor-element elementor-element-79ec54f3 elementor-widget elementor-widget-spacer\" data-id=\"79ec54f3\" data-element_type=\"widget\" data-e-type=\"widget\" data-widget_type=\"spacer.default\">\n\t\t\t\t<div class=\"elementor-widget-container\">\n\t\t\t\t\t\t\t<div class=\"elementor-spacer\">\n\t\t\t<div class=\"elementor-spacer-inner\"><\/div>\n\t\t<\/div>\n\t\t\t\t\t\t<\/div>\n\t\t\t\t<\/div>\n\t\t\t\t<div class=\"elementor-element elementor-element-46b169be elementor-widget elementor-widget-udesign_widget_posts elementor-widget-theme-post-content\" data-id=\"46b169be\" data-element_type=\"widget\" data-e-type=\"widget\" data-widget_type=\"udesign_widget_posts.default\">\n\t\t\t\t<div class=\"elementor-widget-container\">\n\t\t\t\t\t<div class=\"posts  row cols-lg-3 cols-md-2 cols-sm-2 cols-1 cols-xl-3 slider-wrapper posts row cols-lg-3 cols-md-2 cols-sm-2 cols-1 cols-xl-3\" data-slider-options=\"{&quot;spaceBetween&quot;:30,&quot;loop&quot;:true,&quot;autoplay&quot;:{&quot;delay&quot;:5000,&quot;disableOnInteraction&quot;:false},&quot;effect&quot;:&quot;slide&quot;,&quot;slidesPerView&quot;:3,&quot;breakpoints&quot;:{&quot;2401&quot;:{&quot;slidesPerView&quot;:3},&quot;1440&quot;:{&quot;slidesPerView&quot;:3},&quot;1200&quot;:{&quot;slidesPerView&quot;:3},&quot;992&quot;:{&quot;slidesPerView&quot;:3},&quot;768&quot;:{&quot;slidesPerView&quot;:2},&quot;576&quot;:{&quot;slidesPerView&quot;:2},&quot;0&quot;:{&quot;slidesPerView&quot;:1}},&quot;statusClass&quot;:&quot;slider-dots-default&quot;}\" data-post-type=\"modern\">\r\n<div class=\"post-wrap \" data-post-image=\"alpha-post-medium\">\r\n\r\n\t\r\n\t<article class=\"post-12806 post type-post status-publish format-standard has-post-thumbnail hentry category-sff-magazine-marzo-2024 tag-seguros-de-vida-unit-linked post overlay-zoom overlay-dark  post-modern\">\r\n\t\t\t\t\t<figure class=\"post-media\">\r\n\t\t\t\t\t\t\t\t<a href=\"https:\/\/sff-camara.com\/es\/sff-magazine-marzo-2024\/ventajas-principales-del-unit-linked-luxemburgues-para-residentes-espanoles\/\" aria-label=\"Post Media\">\r\n\t\t\t\t\t<img loading=\"lazy\" decoding=\"async\" width=\"600\" height=\"420\" src=\"https:\/\/sff-camara.com\/wp-content\/uploads\/2024\/02\/Madrid-Unit-linked-insurance-600x420.jpeg\" class=\"attachment-alpha-post-medium size-alpha-post-medium wp-post-image\" alt=\"\" srcset=\"https:\/\/sff-camara.com\/wp-content\/uploads\/2024\/02\/Madrid-Unit-linked-insurance-600x420.jpeg 600w, https:\/\/sff-camara.com\/wp-content\/uploads\/2024\/02\/Madrid-Unit-linked-insurance-400x280.jpeg 400w, https:\/\/sff-camara.com\/wp-content\/uploads\/2024\/02\/Madrid-Unit-linked-insurance-570x400.jpeg 570w\" sizes=\"(max-width: 600px) 100vw, 600px\" \/>\t\t\t\t<\/a>\r\n\t\t\t<\/figure>\r\n\t\t\t<div class=\"post-details\">\r\n\t<div class=\"post-meta\">\r\n\t<a class=\"post-date\" href=\"https:\/\/sff-camara.com\/es\/2024\/02\/06\/\">febrero 6, 2024<\/a>\r\n\r\n\t<\/div>\r\n<h3 class=\"post-title\">\r\n\t<a href=\"https:\/\/sff-camara.com\/es\/sff-magazine-marzo-2024\/ventajas-principales-del-unit-linked-luxemburgues-para-residentes-espanoles\/\">\r\n\t\tVentajas principales del unit-linked luxemburgu\u00e9s para residentes espa\u00f1oles\t<\/a>\r\n<\/h3>\r\n<a href=\"https:\/\/sff-camara.com\/es\/sff-magazine-marzo-2024\/ventajas-principales-del-unit-linked-luxemburgues-para-residentes-espanoles\/\" class=\"btn btn-link btn-underline btn-primary\">Leer m\u00e1s <i class=\"a-icon-long-arrow-right\"><\/i><\/a><\/div>\r\n\t<\/article>\r\n\r\n\t\r\n<\/div>\r\n\r\n\r\n<div class=\"post-wrap \" data-post-image=\"alpha-post-medium\">\r\n\r\n\t\r\n\t<article class=\"post-12863 post type-post status-publish format-standard has-post-thumbnail hentry category-sff-magazine-marzo-2024 tag-asesoramiento tag-gestion-patrimonial post overlay-zoom overlay-dark  post-modern\">\r\n\t\t\t\t\t<figure class=\"post-media\">\r\n\t\t\t\t\t\t\t\t<a href=\"https:\/\/sff-camara.com\/es\/sff-magazine-marzo-2024\/maximizando-luxemburgo-y-su-potencial-en-la-estructuracion-patrimonial-para-las-empresas-familiares-la-alternativa-raif\/\" aria-label=\"Post Media\">\r\n\t\t\t\t\t<img loading=\"lazy\" decoding=\"async\" width=\"600\" height=\"420\" src=\"https:\/\/sff-camara.com\/wp-content\/uploads\/2024\/02\/Wealth-Management-600x420.jpeg\" class=\"attachment-alpha-post-medium size-alpha-post-medium wp-post-image\" alt=\"\" srcset=\"https:\/\/sff-camara.com\/wp-content\/uploads\/2024\/02\/Wealth-Management-600x420.jpeg 600w, https:\/\/sff-camara.com\/wp-content\/uploads\/2024\/02\/Wealth-Management-400x280.jpeg 400w, https:\/\/sff-camara.com\/wp-content\/uploads\/2024\/02\/Wealth-Management-570x400.jpeg 570w\" sizes=\"(max-width: 600px) 100vw, 600px\" \/>\t\t\t\t<\/a>\r\n\t\t\t<\/figure>\r\n\t\t\t<div class=\"post-details\">\r\n\t<div class=\"post-meta\">\r\n\t<a class=\"post-date\" href=\"https:\/\/sff-camara.com\/es\/2024\/02\/06\/\">febrero 6, 2024<\/a>\r\n\r\n\t<\/div>\r\n<h3 class=\"post-title\">\r\n\t<a href=\"https:\/\/sff-camara.com\/es\/sff-magazine-marzo-2024\/maximizando-luxemburgo-y-su-potencial-en-la-estructuracion-patrimonial-para-las-empresas-familiares-la-alternativa-raif\/\">\r\n\t\tMaximizando Luxemburgo y su potencial en la estructuraci\u00f3n patrimonial para las empresas familiares: La alternativa RAIF\t<\/a>\r\n<\/h3>\r\n<a href=\"https:\/\/sff-camara.com\/es\/sff-magazine-marzo-2024\/maximizando-luxemburgo-y-su-potencial-en-la-estructuracion-patrimonial-para-las-empresas-familiares-la-alternativa-raif\/\" class=\"btn btn-link btn-underline btn-primary\">Leer m\u00e1s <i class=\"a-icon-long-arrow-right\"><\/i><\/a><\/div>\r\n\t<\/article>\r\n\r\n\t\r\n<\/div>\r\n\r\n\r\n<div class=\"post-wrap \" data-post-image=\"alpha-post-medium\">\r\n\r\n\t\r\n\t<article class=\"post-12897 post type-post status-publish format-standard has-post-thumbnail hentry category-sff-magazine-marzo-2024 tag-asesoramiento tag-banking-es tag-empresas-familiares tag-gestion-patrimonial post overlay-zoom overlay-dark  post-modern\">\r\n\t\t\t\t\t<figure class=\"post-media\">\r\n\t\t\t\t\t\t\t\t<a href=\"https:\/\/sff-camara.com\/es\/sff-magazine-marzo-2024\/la-gestion-patrimonial-de-las-empresas-familiares\/\" aria-label=\"Post Media\">\r\n\t\t\t\t\t<img loading=\"lazy\" decoding=\"async\" width=\"600\" height=\"420\" src=\"https:\/\/sff-camara.com\/wp-content\/uploads\/2024\/02\/Family-businesses-600x420.jpeg\" class=\"attachment-alpha-post-medium size-alpha-post-medium wp-post-image\" alt=\"\" srcset=\"https:\/\/sff-camara.com\/wp-content\/uploads\/2024\/02\/Family-businesses-600x420.jpeg 600w, https:\/\/sff-camara.com\/wp-content\/uploads\/2024\/02\/Family-businesses-400x280.jpeg 400w, https:\/\/sff-camara.com\/wp-content\/uploads\/2024\/02\/Family-businesses-570x400.jpeg 570w\" sizes=\"(max-width: 600px) 100vw, 600px\" \/>\t\t\t\t<\/a>\r\n\t\t\t<\/figure>\r\n\t\t\t<div class=\"post-details\">\r\n\t<div class=\"post-meta\">\r\n\t<a class=\"post-date\" href=\"https:\/\/sff-camara.com\/es\/2024\/02\/06\/\">febrero 6, 2024<\/a>\r\n\r\n\t<\/div>\r\n<h3 class=\"post-title\">\r\n\t<a href=\"https:\/\/sff-camara.com\/es\/sff-magazine-marzo-2024\/la-gestion-patrimonial-de-las-empresas-familiares\/\">\r\n\t\tLa Gesti\u00f3n Patrimonial de las Empresas Familiares\t<\/a>\r\n<\/h3>\r\n<a href=\"https:\/\/sff-camara.com\/es\/sff-magazine-marzo-2024\/la-gestion-patrimonial-de-las-empresas-familiares\/\" class=\"btn btn-link btn-underline btn-primary\">Leer m\u00e1s <i class=\"a-icon-long-arrow-right\"><\/i><\/a><\/div>\r\n\t<\/article>\r\n\r\n\t\r\n<\/div>\r\n\r\n\r\n<div class=\"post-wrap \" data-post-image=\"alpha-post-medium\">\r\n\r\n\t\r\n\t<article class=\"post-12946 post type-post status-publish format-standard has-post-thumbnail hentry category-sff-magazine-marzo-2024 tag-asesoramiento tag-compliance-es post overlay-zoom overlay-dark  post-modern\">\r\n\t\t\t\t\t<figure class=\"post-media\">\r\n\t\t\t\t\t\t\t\t<a href=\"https:\/\/sff-camara.com\/es\/sff-magazine-marzo-2024\/ds-compliance-se-convierte-en-ds-advisory-services\/\" aria-label=\"Post Media\">\r\n\t\t\t\t\t<img loading=\"lazy\" decoding=\"async\" width=\"600\" height=\"420\" src=\"https:\/\/sff-camara.com\/wp-content\/uploads\/2024\/02\/DS-Advisory-Services-4-600x420.png\" class=\"attachment-alpha-post-medium size-alpha-post-medium wp-post-image\" alt=\"\" srcset=\"https:\/\/sff-camara.com\/wp-content\/uploads\/2024\/02\/DS-Advisory-Services-4-600x420.png 600w, https:\/\/sff-camara.com\/wp-content\/uploads\/2024\/02\/DS-Advisory-Services-4-400x280.png 400w, https:\/\/sff-camara.com\/wp-content\/uploads\/2024\/02\/DS-Advisory-Services-4-570x400.png 570w\" sizes=\"(max-width: 600px) 100vw, 600px\" \/>\t\t\t\t<\/a>\r\n\t\t\t<\/figure>\r\n\t\t\t<div class=\"post-details\">\r\n\t<div class=\"post-meta\">\r\n\t<a class=\"post-date\" href=\"https:\/\/sff-camara.com\/es\/2024\/03\/06\/\">marzo 6, 2024<\/a>\r\n\r\n\t<\/div>\r\n<h3 class=\"post-title\">\r\n\t<a href=\"https:\/\/sff-camara.com\/es\/sff-magazine-marzo-2024\/ds-compliance-se-convierte-en-ds-advisory-services\/\">\r\n\t\tDS Compliance se convierte en DS Advisory services\t<\/a>\r\n<\/h3>\r\n<a href=\"https:\/\/sff-camara.com\/es\/sff-magazine-marzo-2024\/ds-compliance-se-convierte-en-ds-advisory-services\/\" class=\"btn btn-link btn-underline btn-primary\">Leer m\u00e1s <i class=\"a-icon-long-arrow-right\"><\/i><\/a><\/div>\r\n\t<\/article>\r\n\r\n\t\r\n<\/div>\r\n\r\n\r\n<div class=\"post-wrap \" data-post-image=\"alpha-post-medium\">\r\n\r\n\t\r\n\t<article class=\"post-12971 post type-post status-publish format-standard has-post-thumbnail hentry category-noticias category-sff-magazine-marzo-2024 post overlay-zoom overlay-dark  post-modern\">\r\n\t\t\t\t\t<figure class=\"post-media\">\r\n\t\t\t\t\t\t\t\t<a href=\"https:\/\/sff-camara.com\/es\/noticias\/alfi-roadshow-en-madrid\/\" aria-label=\"Post Media\">\r\n\t\t\t\t\t<img loading=\"lazy\" decoding=\"async\" width=\"600\" height=\"420\" src=\"https:\/\/sff-camara.com\/wp-content\/uploads\/2024\/02\/Madrid24-swapcard-600x263-1-600x420.png\" class=\"attachment-alpha-post-medium size-alpha-post-medium wp-post-image\" alt=\"\" srcset=\"https:\/\/sff-camara.com\/wp-content\/uploads\/2024\/02\/Madrid24-swapcard-600x263-1-600x420.png 600w, https:\/\/sff-camara.com\/wp-content\/uploads\/2024\/02\/Madrid24-swapcard-600x263-1-400x280.png 400w, https:\/\/sff-camara.com\/wp-content\/uploads\/2024\/02\/Madrid24-swapcard-600x263-1-570x400.png 570w\" sizes=\"(max-width: 600px) 100vw, 600px\" \/>\t\t\t\t<\/a>\r\n\t\t\t<\/figure>\r\n\t\t\t<div class=\"post-details\">\r\n\t<div class=\"post-meta\">\r\n\t<a class=\"post-date\" href=\"https:\/\/sff-camara.com\/es\/2024\/03\/06\/\">marzo 6, 2024<\/a>\r\n\r\n\t<\/div>\r\n<h3 class=\"post-title\">\r\n\t<a href=\"https:\/\/sff-camara.com\/es\/noticias\/alfi-roadshow-en-madrid\/\">\r\n\t\tALFI Roadshow en Madrid\t<\/a>\r\n<\/h3>\r\n<a href=\"https:\/\/sff-camara.com\/es\/noticias\/alfi-roadshow-en-madrid\/\" class=\"btn btn-link btn-underline btn-primary\">Leer m\u00e1s <i class=\"a-icon-long-arrow-right\"><\/i><\/a><\/div>\r\n\t<\/article>\r\n\r\n\t\r\n<\/div>\r\n\r\n\r\n<div class=\"post-wrap \" data-post-image=\"alpha-post-medium\">\r\n\r\n\t\r\n\t<article class=\"post-13040 post type-post status-publish format-standard has-post-thumbnail hentry category-sff-magazine-marzo-2024 tag-tax-es tag-tendencias post overlay-zoom overlay-dark  post-modern\">\r\n\t\t\t\t\t<figure class=\"post-media\">\r\n\t\t\t\t\t\t\t\t<a href=\"https:\/\/sff-camara.com\/es\/sff-magazine-marzo-2024\/por-que-estructurar-su-estrategia-de-endeudamiento-a-traves-de-un-vehiculo-de-titulizacion-en-el-gran-ducado-de-luxemburgo\/\" aria-label=\"Post Media\">\r\n\t\t\t\t\t<img loading=\"lazy\" decoding=\"async\" width=\"600\" height=\"420\" src=\"https:\/\/sff-camara.com\/wp-content\/uploads\/2024\/03\/AdobeStock_460677110-600x420.jpeg\" class=\"attachment-alpha-post-medium size-alpha-post-medium wp-post-image\" alt=\"\" srcset=\"https:\/\/sff-camara.com\/wp-content\/uploads\/2024\/03\/AdobeStock_460677110-600x420.jpeg 600w, https:\/\/sff-camara.com\/wp-content\/uploads\/2024\/03\/AdobeStock_460677110-400x280.jpeg 400w, https:\/\/sff-camara.com\/wp-content\/uploads\/2024\/03\/AdobeStock_460677110-570x400.jpeg 570w\" sizes=\"(max-width: 600px) 100vw, 600px\" \/>\t\t\t\t<\/a>\r\n\t\t\t<\/figure>\r\n\t\t\t<div class=\"post-details\">\r\n\t<div class=\"post-meta\">\r\n\t<a class=\"post-date\" href=\"https:\/\/sff-camara.com\/es\/2024\/03\/06\/\">marzo 6, 2024<\/a>\r\n\r\n\t<\/div>\r\n<h3 class=\"post-title\">\r\n\t<a href=\"https:\/\/sff-camara.com\/es\/sff-magazine-marzo-2024\/por-que-estructurar-su-estrategia-de-endeudamiento-a-traves-de-un-vehiculo-de-titulizacion-en-el-gran-ducado-de-luxemburgo\/\">\r\n\t\t\u00bfPor qu\u00e9 estructurar su estrategia de endeudamiento a trav\u00e9s de un veh\u00edculo de titulizaci\u00f3n en el Gran Ducado de Luxemburgo?\t<\/a>\r\n<\/h3>\r\n<a href=\"https:\/\/sff-camara.com\/es\/sff-magazine-marzo-2024\/por-que-estructurar-su-estrategia-de-endeudamiento-a-traves-de-un-vehiculo-de-titulizacion-en-el-gran-ducado-de-luxemburgo\/\" class=\"btn btn-link btn-underline btn-primary\">Leer m\u00e1s <i class=\"a-icon-long-arrow-right\"><\/i><\/a><\/div>\r\n\t<\/article>\r\n\r\n\t\r\n<\/div>\r\n\r\n\r\n<div class=\"post-wrap \" data-post-image=\"alpha-post-medium\">\r\n\r\n\t\r\n\t<article class=\"post-13104 post type-post status-publish format-standard has-post-thumbnail hentry category-sff-magazine-marzo-2024 tag-empresas-familiares tag-family-offices-es tag-precios-de-transferencia tag-tax-es tag-tendencias post overlay-zoom overlay-dark  post-modern\">\r\n\t\t\t\t\t<figure class=\"post-media\">\r\n\t\t\t\t\t\t\t\t<a href=\"https:\/\/sff-camara.com\/es\/sff-magazine-marzo-2024\/precios-de-transferencia-en-family-offices-navegando-el-cambio-generacional\/\" aria-label=\"Post Media\">\r\n\t\t\t\t\t<img loading=\"lazy\" decoding=\"async\" width=\"600\" height=\"420\" src=\"https:\/\/sff-camara.com\/wp-content\/uploads\/2024\/02\/Luxembourg-600x420.jpeg\" class=\"attachment-alpha-post-medium size-alpha-post-medium wp-post-image\" alt=\"\" srcset=\"https:\/\/sff-camara.com\/wp-content\/uploads\/2024\/02\/Luxembourg-600x420.jpeg 600w, https:\/\/sff-camara.com\/wp-content\/uploads\/2024\/02\/Luxembourg-400x280.jpeg 400w, https:\/\/sff-camara.com\/wp-content\/uploads\/2024\/02\/Luxembourg-570x400.jpeg 570w\" sizes=\"(max-width: 600px) 100vw, 600px\" \/>\t\t\t\t\t\t<figcaption class=\"thumbnail-caption\">\r\n\t\t\t\t\t\t\tModern architecture in financial district Kirchberg at sunset. Luxembourg. . High quality photo\t\t\t\t\t\t<\/figcaption>\r\n\t\t\t\t\t\t\t\t\t\t<\/a>\r\n\t\t\t<\/figure>\r\n\t\t\t<div class=\"post-details\">\r\n\t<div class=\"post-meta\">\r\n\t<a class=\"post-date\" href=\"https:\/\/sff-camara.com\/es\/2024\/03\/06\/\">marzo 6, 2024<\/a>\r\n\r\n\t<\/div>\r\n<h3 class=\"post-title\">\r\n\t<a href=\"https:\/\/sff-camara.com\/es\/sff-magazine-marzo-2024\/precios-de-transferencia-en-family-offices-navegando-el-cambio-generacional\/\">\r\n\t\tPrecios de Transferencia en Family Offices: Navegando el Cambio Generacional\t<\/a>\r\n<\/h3>\r\n<a href=\"https:\/\/sff-camara.com\/es\/sff-magazine-marzo-2024\/precios-de-transferencia-en-family-offices-navegando-el-cambio-generacional\/\" class=\"btn btn-link btn-underline btn-primary\">Leer m\u00e1s <i class=\"a-icon-long-arrow-right\"><\/i><\/a><\/div>\r\n\t<\/article>\r\n\r\n\t\r\n<\/div>\r\n\r\n\r\n<div class=\"post-wrap \" data-post-image=\"alpha-post-medium\">\r\n\r\n\t\r\n\t<article class=\"post-13158 post type-post status-publish format-standard has-post-thumbnail hentry category-sff-magazine-marzo-2024 tag-tax-es tag-tic post overlay-zoom overlay-dark  post-modern\">\r\n\t\t\t\t\t<figure class=\"post-media\">\r\n\t\t\t\t\t\t\t\t<a href=\"https:\/\/sff-camara.com\/es\/sff-magazine-marzo-2024\/nuevos-requisitos-en-materia-de-ciberseguridad-vision-general-del-reglamento-dora\/\" aria-label=\"Post Media\">\r\n\t\t\t\t\t<img loading=\"lazy\" decoding=\"async\" width=\"600\" height=\"420\" src=\"https:\/\/sff-camara.com\/wp-content\/uploads\/2024\/03\/DORA-Regulation-600x420.png\" class=\"attachment-alpha-post-medium size-alpha-post-medium wp-post-image\" alt=\"\" srcset=\"https:\/\/sff-camara.com\/wp-content\/uploads\/2024\/03\/DORA-Regulation-600x420.png 600w, https:\/\/sff-camara.com\/wp-content\/uploads\/2024\/03\/DORA-Regulation-400x280.png 400w, https:\/\/sff-camara.com\/wp-content\/uploads\/2024\/03\/DORA-Regulation-570x400.png 570w\" sizes=\"(max-width: 600px) 100vw, 600px\" \/>\t\t\t\t<\/a>\r\n\t\t\t<\/figure>\r\n\t\t\t<div class=\"post-details\">\r\n\t<div class=\"post-meta\">\r\n\t<a class=\"post-date\" href=\"https:\/\/sff-camara.com\/es\/2024\/03\/06\/\">marzo 6, 2024<\/a>\r\n\r\n\t<\/div>\r\n<h3 class=\"post-title\">\r\n\t<a href=\"https:\/\/sff-camara.com\/es\/sff-magazine-marzo-2024\/nuevos-requisitos-en-materia-de-ciberseguridad-vision-general-del-reglamento-dora\/\">\r\n\t\tNuevos requisitos en materia de ciberseguridad: Visi\u00f3n general del Reglamento DORA\t<\/a>\r\n<\/h3>\r\n<a href=\"https:\/\/sff-camara.com\/es\/sff-magazine-marzo-2024\/nuevos-requisitos-en-materia-de-ciberseguridad-vision-general-del-reglamento-dora\/\" class=\"btn btn-link btn-underline btn-primary\">Leer m\u00e1s <i class=\"a-icon-long-arrow-right\"><\/i><\/a><\/div>\r\n\t<\/article>\r\n\r\n\t\r\n<\/div>\r\n\r\n\r\n<div class=\"post-wrap \" data-post-image=\"alpha-post-medium\">\r\n\r\n\t\r\n\t<article class=\"post-13334 post type-post status-publish format-standard has-post-thumbnail hentry category-sff-magazine-marzo-2024 tag-asset-management-es tag-distribucion-de-fondos post overlay-zoom overlay-dark  post-modern\">\r\n\t\t\t\t\t<figure class=\"post-media\">\r\n\t\t\t\t\t\t\t\t<a href=\"https:\/\/sff-camara.com\/es\/sff-magazine-marzo-2024\/meet-the-team-andbank-asset-management-luxembourg\/\" aria-label=\"Post Media\">\r\n\t\t\t\t\t<img loading=\"lazy\" decoding=\"async\" width=\"600\" height=\"420\" src=\"https:\/\/sff-camara.com\/wp-content\/uploads\/2024\/03\/andbank-luxembourg-enseigne-600x420.jpeg\" class=\"attachment-alpha-post-medium size-alpha-post-medium wp-post-image\" alt=\"\" srcset=\"https:\/\/sff-camara.com\/wp-content\/uploads\/2024\/03\/andbank-luxembourg-enseigne-600x420.jpeg 600w, https:\/\/sff-camara.com\/wp-content\/uploads\/2024\/03\/andbank-luxembourg-enseigne-400x280.jpeg 400w, https:\/\/sff-camara.com\/wp-content\/uploads\/2024\/03\/andbank-luxembourg-enseigne-570x400.jpeg 570w\" sizes=\"(max-width: 600px) 100vw, 600px\" \/>\t\t\t\t<\/a>\r\n\t\t\t<\/figure>\r\n\t\t\t<div class=\"post-details\">\r\n\t<div class=\"post-meta\">\r\n\t<a class=\"post-date\" href=\"https:\/\/sff-camara.com\/es\/2024\/03\/06\/\">marzo 6, 2024<\/a>\r\n\r\n\t<\/div>\r\n<h3 class=\"post-title\">\r\n\t<a href=\"https:\/\/sff-camara.com\/es\/sff-magazine-marzo-2024\/meet-the-team-andbank-asset-management-luxembourg\/\">\r\n\t\tMEET THE TEAM &#8211; Andbank Asset Management Luxembourg\t<\/a>\r\n<\/h3>\r\n<a href=\"https:\/\/sff-camara.com\/es\/sff-magazine-marzo-2024\/meet-the-team-andbank-asset-management-luxembourg\/\" class=\"btn btn-link btn-underline btn-primary\">Leer m\u00e1s <i class=\"a-icon-long-arrow-right\"><\/i><\/a><\/div>\r\n\t<\/article>\r\n\r\n\t\r\n<\/div>\r\n\r\n\r\n<div class=\"post-wrap \" data-post-image=\"alpha-post-medium\">\r\n\r\n\t\r\n\t<article class=\"post-13382 post type-post status-publish format-standard has-post-thumbnail hentry category-sff-magazine-marzo-2024 tag-asset-management-es tag-distribucion-de-fondos post overlay-zoom overlay-dark  post-modern\">\r\n\t\t\t\t\t<figure class=\"post-media\">\r\n\t\t\t\t\t\t\t\t<a href=\"https:\/\/sff-camara.com\/es\/sff-magazine-marzo-2024\/el-grupo-caixabank-am-evoluciona-su-modelo-de-gestion-de-alternativos-liquidos-con-delegacion-de-mandatos-a-terceras-gestoras-internacionales-para-su-servicio-de-gestion-discrecional-de-las-carteras-m\/\" aria-label=\"Post Media\">\r\n\t\t\t\t\t<img loading=\"lazy\" decoding=\"async\" width=\"600\" height=\"420\" src=\"https:\/\/sff-camara.com\/wp-content\/uploads\/2024\/03\/oficina-caixabank-am-con-el-logotipo-en-la-pared-600x420.jpg\" class=\"attachment-alpha-post-medium size-alpha-post-medium wp-post-image\" alt=\"\" srcset=\"https:\/\/sff-camara.com\/wp-content\/uploads\/2024\/03\/oficina-caixabank-am-con-el-logotipo-en-la-pared-600x420.jpg 600w, https:\/\/sff-camara.com\/wp-content\/uploads\/2024\/03\/oficina-caixabank-am-con-el-logotipo-en-la-pared-400x280.jpg 400w, https:\/\/sff-camara.com\/wp-content\/uploads\/2024\/03\/oficina-caixabank-am-con-el-logotipo-en-la-pared-570x400.jpg 570w\" sizes=\"(max-width: 600px) 100vw, 600px\" \/>\t\t\t\t<\/a>\r\n\t\t\t<\/figure>\r\n\t\t\t<div class=\"post-details\">\r\n\t<div class=\"post-meta\">\r\n\t<a class=\"post-date\" href=\"https:\/\/sff-camara.com\/es\/2024\/03\/06\/\">marzo 6, 2024<\/a>\r\n\r\n\t<\/div>\r\n<h3 class=\"post-title\">\r\n\t<a href=\"https:\/\/sff-camara.com\/es\/sff-magazine-marzo-2024\/el-grupo-caixabank-am-evoluciona-su-modelo-de-gestion-de-alternativos-liquidos-con-delegacion-de-mandatos-a-terceras-gestoras-internacionales-para-su-servicio-de-gestion-discrecional-de-las-carteras-m\/\">\r\n\t\tEl Grupo CaixaBank AM evoluciona su modelo de gesti\u00f3n de alternativos l\u00edquidos con delegaci\u00f3n de mandatos a terceras gestoras internacionales para su servicio de gesti\u00f3n discrecional de las Carteras Master\t<\/a>\r\n<\/h3>\r\n<a href=\"https:\/\/sff-camara.com\/es\/sff-magazine-marzo-2024\/el-grupo-caixabank-am-evoluciona-su-modelo-de-gestion-de-alternativos-liquidos-con-delegacion-de-mandatos-a-terceras-gestoras-internacionales-para-su-servicio-de-gestion-discrecional-de-las-carteras-m\/\" class=\"btn btn-link btn-underline btn-primary\">Leer m\u00e1s <i class=\"a-icon-long-arrow-right\"><\/i><\/a><\/div>\r\n\t<\/article>\r\n\r\n\t\r\n<\/div>\r\n\r\n\r\n<div class=\"post-wrap \" data-post-image=\"alpha-post-medium\">\r\n\r\n\t\r\n\t<article class=\"post-13484 post type-post status-publish format-standard has-post-thumbnail hentry category-sff-magazine-marzo-2024 tag-alternative-investment-es tag-aml-es tag-tendencias post overlay-zoom overlay-dark  post-modern\">\r\n\t\t\t\t\t<figure class=\"post-media\">\r\n\t\t\t\t\t\t\t\t<a href=\"https:\/\/sff-camara.com\/es\/sff-magazine-marzo-2024\/aml-ctf-perspectivas-regulatorias-y-analisis-de-tendencias\/\" aria-label=\"Post Media\">\r\n\t\t\t\t\t<img loading=\"lazy\" decoding=\"async\" width=\"600\" height=\"420\" src=\"https:\/\/sff-camara.com\/wp-content\/uploads\/2024\/03\/AML-600x420.jpeg\" class=\"attachment-alpha-post-medium size-alpha-post-medium wp-post-image\" alt=\"\" srcset=\"https:\/\/sff-camara.com\/wp-content\/uploads\/2024\/03\/AML-600x420.jpeg 600w, https:\/\/sff-camara.com\/wp-content\/uploads\/2024\/03\/AML-400x280.jpeg 400w, https:\/\/sff-camara.com\/wp-content\/uploads\/2024\/03\/AML-570x400.jpeg 570w\" sizes=\"(max-width: 600px) 100vw, 600px\" \/>\t\t\t\t\t\t<figcaption class=\"thumbnail-caption\">\r\n\t\t\t\t\t\t\tAML Anti Money Laundering Financial Bank Business Concept. judge in a courtroom using laptop and tablet with AML anti money laundering icon on virtual icon\t\t\t\t\t\t<\/figcaption>\r\n\t\t\t\t\t\t\t\t\t\t<\/a>\r\n\t\t\t<\/figure>\r\n\t\t\t<div class=\"post-details\">\r\n\t<div class=\"post-meta\">\r\n\t<a class=\"post-date\" href=\"https:\/\/sff-camara.com\/es\/2024\/03\/06\/\">marzo 6, 2024<\/a>\r\n\r\n\t<\/div>\r\n<h3 class=\"post-title\">\r\n\t<a href=\"https:\/\/sff-camara.com\/es\/sff-magazine-marzo-2024\/aml-ctf-perspectivas-regulatorias-y-analisis-de-tendencias\/\">\r\n\t\tAML\/CTF: perspectivas regulatorias y an\u00e1lisis de tendencias\t<\/a>\r\n<\/h3>\r\n<a href=\"https:\/\/sff-camara.com\/es\/sff-magazine-marzo-2024\/aml-ctf-perspectivas-regulatorias-y-analisis-de-tendencias\/\" class=\"btn btn-link btn-underline btn-primary\">Leer m\u00e1s <i class=\"a-icon-long-arrow-right\"><\/i><\/a><\/div>\r\n\t<\/article>\r\n\r\n\t\r\n<\/div>\r\n\r\n\r\n<div class=\"post-wrap \" data-post-image=\"alpha-post-medium\">\r\n\r\n\t\r\n\t<article class=\"post-13523 post type-post status-publish format-standard has-post-thumbnail hentry category-sff-magazine-marzo-2024 tag-empresas-familiares tag-tendencias post overlay-zoom overlay-dark  post-modern\">\r\n\t\t\t\t\t<figure class=\"post-media\">\r\n\t\t\t\t\t\t\t\t<a href=\"https:\/\/sff-camara.com\/es\/sff-magazine-marzo-2024\/entrevista-con-jose-luis-blanco-director-general-ejecutivo-del-instituto-de-la-empresa-familiar\/\" aria-label=\"Post Media\">\r\n\t\t\t\t\t<img loading=\"lazy\" decoding=\"async\" width=\"600\" height=\"420\" src=\"https:\/\/sff-camara.com\/wp-content\/uploads\/2024\/03\/IEF-2-600x420.png\" class=\"attachment-alpha-post-medium size-alpha-post-medium wp-post-image\" alt=\"\" srcset=\"https:\/\/sff-camara.com\/wp-content\/uploads\/2024\/03\/IEF-2-600x420.png 600w, https:\/\/sff-camara.com\/wp-content\/uploads\/2024\/03\/IEF-2-400x280.png 400w, https:\/\/sff-camara.com\/wp-content\/uploads\/2024\/03\/IEF-2-570x400.png 570w\" sizes=\"(max-width: 600px) 100vw, 600px\" \/>\t\t\t\t<\/a>\r\n\t\t\t<\/figure>\r\n\t\t\t<div class=\"post-details\">\r\n\t<div class=\"post-meta\">\r\n\t<a class=\"post-date\" href=\"https:\/\/sff-camara.com\/es\/2024\/03\/06\/\">marzo 6, 2024<\/a>\r\n\r\n\t<\/div>\r\n<h3 class=\"post-title\">\r\n\t<a href=\"https:\/\/sff-camara.com\/es\/sff-magazine-marzo-2024\/entrevista-con-jose-luis-blanco-director-general-ejecutivo-del-instituto-de-la-empresa-familiar\/\">\r\n\t\tEntrevista con Jos\u00e9 Luis Blanco, Director General Ejecutivo del Instituto de la Empresa Familiar\t<\/a>\r\n<\/h3>\r\n<a href=\"https:\/\/sff-camara.com\/es\/sff-magazine-marzo-2024\/entrevista-con-jose-luis-blanco-director-general-ejecutivo-del-instituto-de-la-empresa-familiar\/\" class=\"btn btn-link btn-underline btn-primary\">Leer m\u00e1s <i class=\"a-icon-long-arrow-right\"><\/i><\/a><\/div>\r\n\t<\/article>\r\n\r\n\t\r\n<\/div>\r\n\r\n\r\n<div class=\"post-wrap \" data-post-image=\"alpha-post-medium\">\r\n\r\n\t\r\n\t<article class=\"post-13751 post type-post status-publish format-standard has-post-thumbnail hentry category-noticias category-sff-magazine-marzo-2024 post overlay-zoom overlay-dark  post-modern\">\r\n\t\t\t\t\t<figure class=\"post-media\">\r\n\t\t\t\t\t\t\t\t<a href=\"https:\/\/sff-camara.com\/es\/noticias\/celebrada-la-formacion-sff-learning-solutions-precios-de-transferencia-para-estructuras-de-family-office\/\" aria-label=\"Post Media\">\r\n\t\t\t\t\t<img loading=\"lazy\" decoding=\"async\" width=\"600\" height=\"420\" src=\"https:\/\/sff-camara.com\/wp-content\/uploads\/2024\/05\/ImportedPhoto_1714137943387-600x420.jpg\" class=\"attachment-alpha-post-medium size-alpha-post-medium wp-post-image\" alt=\"\" srcset=\"https:\/\/sff-camara.com\/wp-content\/uploads\/2024\/05\/ImportedPhoto_1714137943387-600x420.jpg 600w, https:\/\/sff-camara.com\/wp-content\/uploads\/2024\/05\/ImportedPhoto_1714137943387-400x280.jpg 400w, https:\/\/sff-camara.com\/wp-content\/uploads\/2024\/05\/ImportedPhoto_1714137943387-570x400.jpg 570w\" sizes=\"(max-width: 600px) 100vw, 600px\" \/>\t\t\t\t<\/a>\r\n\t\t\t<\/figure>\r\n\t\t\t<div class=\"post-details\">\r\n\t<div class=\"post-meta\">\r\n\t<a class=\"post-date\" href=\"https:\/\/sff-camara.com\/es\/2024\/05\/02\/\">mayo 2, 2024<\/a>\r\n\r\n\t<\/div>\r\n<h3 class=\"post-title\">\r\n\t<a href=\"https:\/\/sff-camara.com\/es\/noticias\/celebrada-la-formacion-sff-learning-solutions-precios-de-transferencia-para-estructuras-de-family-office\/\">\r\n\t\tCelebrada la formaci\u00f3n \u201cSFF Learning Solutions: Precios de Transferencia para Estructuras de Family Office\u201d\t<\/a>\r\n<\/h3>\r\n<a href=\"https:\/\/sff-camara.com\/es\/noticias\/celebrada-la-formacion-sff-learning-solutions-precios-de-transferencia-para-estructuras-de-family-office\/\" class=\"btn btn-link btn-underline btn-primary\">Leer m\u00e1s <i class=\"a-icon-long-arrow-right\"><\/i><\/a><\/div>\r\n\t<\/article>\r\n\r\n\t\r\n<\/div>\r\n\r\n<\/div>\t\t\t\t<\/div>\n\t\t\t\t<\/div>\n\t\t\t\t<div class=\"elementor-element elementor-element-1457a4cf elementor-widget elementor-widget-spacer\" data-id=\"1457a4cf\" data-element_type=\"widget\" data-e-type=\"widget\" data-widget_type=\"spacer.default\">\n\t\t\t\t<div class=\"elementor-widget-container\">\n\t\t\t\t\t\t\t<div class=\"elementor-spacer\">\n\t\t\t<div class=\"elementor-spacer-inner\"><\/div>\n\t\t<\/div>\n\t\t\t\t\t\t<\/div>\n\t\t\t\t<\/div>\n\t\t\t\t\t\t<\/div>\r\n\t\t\t\t<\/div>\r\n\t\t\t\t\t\t\t\t<\/div>\r\n\t\t\t<\/section>\r\n\t\t\t\t\t<\/div>\n\t\t","protected":false},"excerpt":{"rendered":"<p>Introducci\u00f3n El 16 de enero de 2023 entr\u00f3 en vigor el Reglamento 2022\/2554 del Parlamento Europeo y del Consejo, de 14 de diciembre de 2022, sobre la resiliencia operativa digital [&hellip;]<\/p>\n","protected":false},"author":2,"featured_media":13147,"comment_status":"closed","ping_status":"closed","sticky":false,"template":"","format":"standard","meta":{"_acf_changed":false,"_price":"","_stock":"","_tribe_ticket_header":"","_tribe_default_ticket_provider":"","_ticket_start_date":"","_ticket_end_date":"","_tribe_ticket_show_description":"","_tribe_ticket_show_not_going":false,"_tribe_ticket_use_global_stock":"","_tribe_ticket_global_stock_level":"","_global_stock_mode":"","_global_stock_cap":"","_tribe_rsvp_for_event":"","_tribe_ticket_going_count":"","_tribe_ticket_not_going_count":"","_tribe_tickets_list":"[]","_tribe_ticket_has_attendee_info_fields":false,"footnotes":""},"categories":[257],"tags":[162,267],"class_list":["post-13158","post","type-post","status-publish","format-standard","has-post-thumbnail","hentry","category-sff-magazine-marzo-2024","tag-tax-es","tag-tic"],"acf":[],"yoast_head":"<!-- This site is optimized with the Yoast SEO plugin v27.1.1 - https:\/\/yoast.com\/product\/yoast-seo-wordpress\/ -->\n<title>Nuevos requisitos en materia de ciberseguridad: Visi\u00f3n general del Reglamento DORA | SFF<\/title>\n<meta name=\"description\" content=\"La Uni\u00f3n Europea est\u00e1 prestando especial atenci\u00f3n a la digitalizaci\u00f3n del sector financiero y al consiguiente aumento de los riesgos para la seguridad. Esto ha dado lugar a la aplicaci\u00f3n de un marco normativo armonizado en materia de ciberseguridad.\" \/>\n<meta name=\"robots\" content=\"index, follow, max-snippet:-1, max-image-preview:large, max-video-preview:-1\" \/>\n<link rel=\"canonical\" href=\"https:\/\/sff-camara.com\/es\/sff-magazine-marzo-2024\/nuevos-requisitos-en-materia-de-ciberseguridad-vision-general-del-reglamento-dora\/\" \/>\n<meta property=\"og:locale\" content=\"es_ES\" \/>\n<meta property=\"og:type\" content=\"article\" \/>\n<meta property=\"og:title\" content=\"Nuevos requisitos en materia de ciberseguridad: Visi\u00f3n general del Reglamento DORA | SFF\" \/>\n<meta property=\"og:description\" content=\"La Uni\u00f3n Europea est\u00e1 prestando especial atenci\u00f3n a la digitalizaci\u00f3n del sector financiero y al consiguiente aumento de los riesgos para la seguridad. Esto ha dado lugar a la aplicaci\u00f3n de un marco normativo armonizado en materia de ciberseguridad.\" \/>\n<meta property=\"og:url\" content=\"https:\/\/sff-camara.com\/es\/sff-magazine-marzo-2024\/nuevos-requisitos-en-materia-de-ciberseguridad-vision-general-del-reglamento-dora\/\" \/>\n<meta property=\"og:site_name\" content=\"SFF\" \/>\n<meta property=\"article:published_time\" content=\"2024-03-06T07:10:48+00:00\" \/>\n<meta property=\"article:modified_time\" content=\"2024-03-06T10:22:32+00:00\" \/>\n<meta property=\"og:image\" content=\"https:\/\/sff-camara.com\/wp-content\/uploads\/2024\/03\/DORA-Regulation-1024x611.png\" \/>\n\t<meta property=\"og:image:width\" content=\"1024\" \/>\n\t<meta property=\"og:image:height\" content=\"611\" \/>\n\t<meta property=\"og:image:type\" content=\"image\/png\" \/>\n<meta name=\"author\" content=\"SFF\" \/>\n<meta name=\"twitter:card\" content=\"summary_large_image\" \/>\n<meta name=\"twitter:label1\" content=\"Escrito por\" \/>\n\t<meta name=\"twitter:data1\" content=\"SFF\" \/>\n\t<meta name=\"twitter:label2\" content=\"Tiempo de lectura\" \/>\n\t<meta name=\"twitter:data2\" content=\"21 minutos\" \/>\n<script type=\"application\/ld+json\" class=\"yoast-schema-graph\">{\"@context\":\"https:\/\/schema.org\",\"@graph\":[{\"@type\":\"Article\",\"@id\":\"https:\/\/sff-camara.com\/es\/sff-magazine-marzo-2024\/nuevos-requisitos-en-materia-de-ciberseguridad-vision-general-del-reglamento-dora\/#article\",\"isPartOf\":{\"@id\":\"https:\/\/sff-camara.com\/es\/sff-magazine-marzo-2024\/nuevos-requisitos-en-materia-de-ciberseguridad-vision-general-del-reglamento-dora\/\"},\"author\":{\"name\":\"SFF\",\"@id\":\"https:\/\/sff-camara.com\/#\/schema\/person\/4adb1bc18ccd0824990c909ad888ece9\"},\"headline\":\"Nuevos requisitos en materia de ciberseguridad: Visi\u00f3n general del Reglamento DORA\",\"datePublished\":\"2024-03-06T07:10:48+00:00\",\"dateModified\":\"2024-03-06T10:22:32+00:00\",\"mainEntityOfPage\":{\"@id\":\"https:\/\/sff-camara.com\/es\/sff-magazine-marzo-2024\/nuevos-requisitos-en-materia-de-ciberseguridad-vision-general-del-reglamento-dora\/\"},\"wordCount\":4255,\"publisher\":{\"@id\":\"https:\/\/sff-camara.com\/#organization\"},\"image\":{\"@id\":\"https:\/\/sff-camara.com\/es\/sff-magazine-marzo-2024\/nuevos-requisitos-en-materia-de-ciberseguridad-vision-general-del-reglamento-dora\/#primaryimage\"},\"thumbnailUrl\":\"https:\/\/sff-camara.com\/wp-content\/uploads\/2024\/03\/DORA-Regulation.png\",\"keywords\":[\"Tax\",\"TIC\"],\"articleSection\":[\"SFF Magazine Marzo 2024\"],\"inLanguage\":\"es\"},{\"@type\":\"WebPage\",\"@id\":\"https:\/\/sff-camara.com\/es\/sff-magazine-marzo-2024\/nuevos-requisitos-en-materia-de-ciberseguridad-vision-general-del-reglamento-dora\/\",\"url\":\"https:\/\/sff-camara.com\/es\/sff-magazine-marzo-2024\/nuevos-requisitos-en-materia-de-ciberseguridad-vision-general-del-reglamento-dora\/\",\"name\":\"Nuevos requisitos en materia de ciberseguridad: Visi\u00f3n general del Reglamento DORA | SFF\",\"isPartOf\":{\"@id\":\"https:\/\/sff-camara.com\/#website\"},\"primaryImageOfPage\":{\"@id\":\"https:\/\/sff-camara.com\/es\/sff-magazine-marzo-2024\/nuevos-requisitos-en-materia-de-ciberseguridad-vision-general-del-reglamento-dora\/#primaryimage\"},\"image\":{\"@id\":\"https:\/\/sff-camara.com\/es\/sff-magazine-marzo-2024\/nuevos-requisitos-en-materia-de-ciberseguridad-vision-general-del-reglamento-dora\/#primaryimage\"},\"thumbnailUrl\":\"https:\/\/sff-camara.com\/wp-content\/uploads\/2024\/03\/DORA-Regulation.png\",\"datePublished\":\"2024-03-06T07:10:48+00:00\",\"dateModified\":\"2024-03-06T10:22:32+00:00\",\"description\":\"La Uni\u00f3n Europea est\u00e1 prestando especial atenci\u00f3n a la digitalizaci\u00f3n del sector financiero y al consiguiente aumento de los riesgos para la seguridad. Esto ha dado lugar a la aplicaci\u00f3n de un marco normativo armonizado en materia de ciberseguridad.\",\"breadcrumb\":{\"@id\":\"https:\/\/sff-camara.com\/es\/sff-magazine-marzo-2024\/nuevos-requisitos-en-materia-de-ciberseguridad-vision-general-del-reglamento-dora\/#breadcrumb\"},\"inLanguage\":\"es\",\"potentialAction\":[{\"@type\":\"ReadAction\",\"target\":[\"https:\/\/sff-camara.com\/es\/sff-magazine-marzo-2024\/nuevos-requisitos-en-materia-de-ciberseguridad-vision-general-del-reglamento-dora\/\"]}]},{\"@type\":\"ImageObject\",\"inLanguage\":\"es\",\"@id\":\"https:\/\/sff-camara.com\/es\/sff-magazine-marzo-2024\/nuevos-requisitos-en-materia-de-ciberseguridad-vision-general-del-reglamento-dora\/#primaryimage\",\"url\":\"https:\/\/sff-camara.com\/wp-content\/uploads\/2024\/03\/DORA-Regulation.png\",\"contentUrl\":\"https:\/\/sff-camara.com\/wp-content\/uploads\/2024\/03\/DORA-Regulation.png\",\"width\":2560,\"height\":1528},{\"@type\":\"BreadcrumbList\",\"@id\":\"https:\/\/sff-camara.com\/es\/sff-magazine-marzo-2024\/nuevos-requisitos-en-materia-de-ciberseguridad-vision-general-del-reglamento-dora\/#breadcrumb\",\"itemListElement\":[{\"@type\":\"ListItem\",\"position\":1,\"name\":\"Home\",\"item\":\"https:\/\/sff-camara.com\/\"},{\"@type\":\"ListItem\",\"position\":2,\"name\":\"Nuevos requisitos en materia de ciberseguridad: Visi\u00f3n general del Reglamento DORA\"}]},{\"@type\":\"WebSite\",\"@id\":\"https:\/\/sff-camara.com\/#website\",\"url\":\"https:\/\/sff-camara.com\/\",\"name\":\"SFF\",\"description\":\"Spanish Financial Forum in Luxembourg\",\"publisher\":{\"@id\":\"https:\/\/sff-camara.com\/#organization\"},\"potentialAction\":[{\"@type\":\"SearchAction\",\"target\":{\"@type\":\"EntryPoint\",\"urlTemplate\":\"https:\/\/sff-camara.com\/?s={search_term_string}\"},\"query-input\":{\"@type\":\"PropertyValueSpecification\",\"valueRequired\":true,\"valueName\":\"search_term_string\"}}],\"inLanguage\":\"es\"},{\"@type\":\"Organization\",\"@id\":\"https:\/\/sff-camara.com\/#organization\",\"name\":\"Spanish Financial Forum in Luxembourg\",\"url\":\"https:\/\/sff-camara.com\/\",\"logo\":{\"@type\":\"ImageObject\",\"inLanguage\":\"es\",\"@id\":\"https:\/\/sff-camara.com\/#\/schema\/logo\/image\/\",\"url\":\"https:\/\/sff-camara.com\/wp-content\/uploads\/2023\/02\/cropped-LOGO-1.png\",\"contentUrl\":\"https:\/\/sff-camara.com\/wp-content\/uploads\/2023\/02\/cropped-LOGO-1.png\",\"width\":586,\"height\":222,\"caption\":\"Spanish Financial Forum in Luxembourg\"},\"image\":{\"@id\":\"https:\/\/sff-camara.com\/#\/schema\/logo\/image\/\"},\"sameAs\":[\"https:\/\/www.linkedin.com\/company\/camara-oficial-de-comercio-de-espana-en-belgica-y-luxemburgo\/\"]},{\"@type\":\"Person\",\"@id\":\"https:\/\/sff-camara.com\/#\/schema\/person\/4adb1bc18ccd0824990c909ad888ece9\",\"name\":\"SFF\",\"url\":\"https:\/\/sff-camara.com\/es\/author\/planinluxadmin\/\"}]}<\/script>\n<!-- \/ Yoast SEO plugin. -->","yoast_head_json":{"title":"Nuevos requisitos en materia de ciberseguridad: Visi\u00f3n general del Reglamento DORA | SFF","description":"La Uni\u00f3n Europea est\u00e1 prestando especial atenci\u00f3n a la digitalizaci\u00f3n del sector financiero y al consiguiente aumento de los riesgos para la seguridad. Esto ha dado lugar a la aplicaci\u00f3n de un marco normativo armonizado en materia de ciberseguridad.","robots":{"index":"index","follow":"follow","max-snippet":"max-snippet:-1","max-image-preview":"max-image-preview:large","max-video-preview":"max-video-preview:-1"},"canonical":"https:\/\/sff-camara.com\/es\/sff-magazine-marzo-2024\/nuevos-requisitos-en-materia-de-ciberseguridad-vision-general-del-reglamento-dora\/","og_locale":"es_ES","og_type":"article","og_title":"Nuevos requisitos en materia de ciberseguridad: Visi\u00f3n general del Reglamento DORA | SFF","og_description":"La Uni\u00f3n Europea est\u00e1 prestando especial atenci\u00f3n a la digitalizaci\u00f3n del sector financiero y al consiguiente aumento de los riesgos para la seguridad. Esto ha dado lugar a la aplicaci\u00f3n de un marco normativo armonizado en materia de ciberseguridad.","og_url":"https:\/\/sff-camara.com\/es\/sff-magazine-marzo-2024\/nuevos-requisitos-en-materia-de-ciberseguridad-vision-general-del-reglamento-dora\/","og_site_name":"SFF","article_published_time":"2024-03-06T07:10:48+00:00","article_modified_time":"2024-03-06T10:22:32+00:00","og_image":[{"width":1024,"height":611,"url":"https:\/\/sff-camara.com\/wp-content\/uploads\/2024\/03\/DORA-Regulation-1024x611.png","type":"image\/png"}],"author":"SFF","twitter_card":"summary_large_image","twitter_misc":{"Escrito por":"SFF","Tiempo de lectura":"21 minutos"},"schema":{"@context":"https:\/\/schema.org","@graph":[{"@type":"Article","@id":"https:\/\/sff-camara.com\/es\/sff-magazine-marzo-2024\/nuevos-requisitos-en-materia-de-ciberseguridad-vision-general-del-reglamento-dora\/#article","isPartOf":{"@id":"https:\/\/sff-camara.com\/es\/sff-magazine-marzo-2024\/nuevos-requisitos-en-materia-de-ciberseguridad-vision-general-del-reglamento-dora\/"},"author":{"name":"SFF","@id":"https:\/\/sff-camara.com\/#\/schema\/person\/4adb1bc18ccd0824990c909ad888ece9"},"headline":"Nuevos requisitos en materia de ciberseguridad: Visi\u00f3n general del Reglamento DORA","datePublished":"2024-03-06T07:10:48+00:00","dateModified":"2024-03-06T10:22:32+00:00","mainEntityOfPage":{"@id":"https:\/\/sff-camara.com\/es\/sff-magazine-marzo-2024\/nuevos-requisitos-en-materia-de-ciberseguridad-vision-general-del-reglamento-dora\/"},"wordCount":4255,"publisher":{"@id":"https:\/\/sff-camara.com\/#organization"},"image":{"@id":"https:\/\/sff-camara.com\/es\/sff-magazine-marzo-2024\/nuevos-requisitos-en-materia-de-ciberseguridad-vision-general-del-reglamento-dora\/#primaryimage"},"thumbnailUrl":"https:\/\/sff-camara.com\/wp-content\/uploads\/2024\/03\/DORA-Regulation.png","keywords":["Tax","TIC"],"articleSection":["SFF Magazine Marzo 2024"],"inLanguage":"es"},{"@type":"WebPage","@id":"https:\/\/sff-camara.com\/es\/sff-magazine-marzo-2024\/nuevos-requisitos-en-materia-de-ciberseguridad-vision-general-del-reglamento-dora\/","url":"https:\/\/sff-camara.com\/es\/sff-magazine-marzo-2024\/nuevos-requisitos-en-materia-de-ciberseguridad-vision-general-del-reglamento-dora\/","name":"Nuevos requisitos en materia de ciberseguridad: Visi\u00f3n general del Reglamento DORA | SFF","isPartOf":{"@id":"https:\/\/sff-camara.com\/#website"},"primaryImageOfPage":{"@id":"https:\/\/sff-camara.com\/es\/sff-magazine-marzo-2024\/nuevos-requisitos-en-materia-de-ciberseguridad-vision-general-del-reglamento-dora\/#primaryimage"},"image":{"@id":"https:\/\/sff-camara.com\/es\/sff-magazine-marzo-2024\/nuevos-requisitos-en-materia-de-ciberseguridad-vision-general-del-reglamento-dora\/#primaryimage"},"thumbnailUrl":"https:\/\/sff-camara.com\/wp-content\/uploads\/2024\/03\/DORA-Regulation.png","datePublished":"2024-03-06T07:10:48+00:00","dateModified":"2024-03-06T10:22:32+00:00","description":"La Uni\u00f3n Europea est\u00e1 prestando especial atenci\u00f3n a la digitalizaci\u00f3n del sector financiero y al consiguiente aumento de los riesgos para la seguridad. Esto ha dado lugar a la aplicaci\u00f3n de un marco normativo armonizado en materia de ciberseguridad.","breadcrumb":{"@id":"https:\/\/sff-camara.com\/es\/sff-magazine-marzo-2024\/nuevos-requisitos-en-materia-de-ciberseguridad-vision-general-del-reglamento-dora\/#breadcrumb"},"inLanguage":"es","potentialAction":[{"@type":"ReadAction","target":["https:\/\/sff-camara.com\/es\/sff-magazine-marzo-2024\/nuevos-requisitos-en-materia-de-ciberseguridad-vision-general-del-reglamento-dora\/"]}]},{"@type":"ImageObject","inLanguage":"es","@id":"https:\/\/sff-camara.com\/es\/sff-magazine-marzo-2024\/nuevos-requisitos-en-materia-de-ciberseguridad-vision-general-del-reglamento-dora\/#primaryimage","url":"https:\/\/sff-camara.com\/wp-content\/uploads\/2024\/03\/DORA-Regulation.png","contentUrl":"https:\/\/sff-camara.com\/wp-content\/uploads\/2024\/03\/DORA-Regulation.png","width":2560,"height":1528},{"@type":"BreadcrumbList","@id":"https:\/\/sff-camara.com\/es\/sff-magazine-marzo-2024\/nuevos-requisitos-en-materia-de-ciberseguridad-vision-general-del-reglamento-dora\/#breadcrumb","itemListElement":[{"@type":"ListItem","position":1,"name":"Home","item":"https:\/\/sff-camara.com\/"},{"@type":"ListItem","position":2,"name":"Nuevos requisitos en materia de ciberseguridad: Visi\u00f3n general del Reglamento DORA"}]},{"@type":"WebSite","@id":"https:\/\/sff-camara.com\/#website","url":"https:\/\/sff-camara.com\/","name":"SFF","description":"Spanish Financial Forum in Luxembourg","publisher":{"@id":"https:\/\/sff-camara.com\/#organization"},"potentialAction":[{"@type":"SearchAction","target":{"@type":"EntryPoint","urlTemplate":"https:\/\/sff-camara.com\/?s={search_term_string}"},"query-input":{"@type":"PropertyValueSpecification","valueRequired":true,"valueName":"search_term_string"}}],"inLanguage":"es"},{"@type":"Organization","@id":"https:\/\/sff-camara.com\/#organization","name":"Spanish Financial Forum in Luxembourg","url":"https:\/\/sff-camara.com\/","logo":{"@type":"ImageObject","inLanguage":"es","@id":"https:\/\/sff-camara.com\/#\/schema\/logo\/image\/","url":"https:\/\/sff-camara.com\/wp-content\/uploads\/2023\/02\/cropped-LOGO-1.png","contentUrl":"https:\/\/sff-camara.com\/wp-content\/uploads\/2023\/02\/cropped-LOGO-1.png","width":586,"height":222,"caption":"Spanish Financial Forum in Luxembourg"},"image":{"@id":"https:\/\/sff-camara.com\/#\/schema\/logo\/image\/"},"sameAs":["https:\/\/www.linkedin.com\/company\/camara-oficial-de-comercio-de-espana-en-belgica-y-luxemburgo\/"]},{"@type":"Person","@id":"https:\/\/sff-camara.com\/#\/schema\/person\/4adb1bc18ccd0824990c909ad888ece9","name":"SFF","url":"https:\/\/sff-camara.com\/es\/author\/planinluxadmin\/"}]}},"_links":{"self":[{"href":"https:\/\/sff-camara.com\/es\/wp-json\/wp\/v2\/posts\/13158","targetHints":{"allow":["GET"]}}],"collection":[{"href":"https:\/\/sff-camara.com\/es\/wp-json\/wp\/v2\/posts"}],"about":[{"href":"https:\/\/sff-camara.com\/es\/wp-json\/wp\/v2\/types\/post"}],"author":[{"embeddable":true,"href":"https:\/\/sff-camara.com\/es\/wp-json\/wp\/v2\/users\/2"}],"replies":[{"embeddable":true,"href":"https:\/\/sff-camara.com\/es\/wp-json\/wp\/v2\/comments?post=13158"}],"version-history":[{"count":6,"href":"https:\/\/sff-camara.com\/es\/wp-json\/wp\/v2\/posts\/13158\/revisions"}],"predecessor-version":[{"id":13618,"href":"https:\/\/sff-camara.com\/es\/wp-json\/wp\/v2\/posts\/13158\/revisions\/13618"}],"wp:featuredmedia":[{"embeddable":true,"href":"https:\/\/sff-camara.com\/es\/wp-json\/wp\/v2\/media\/13147"}],"wp:attachment":[{"href":"https:\/\/sff-camara.com\/es\/wp-json\/wp\/v2\/media?parent=13158"}],"wp:term":[{"taxonomy":"category","embeddable":true,"href":"https:\/\/sff-camara.com\/es\/wp-json\/wp\/v2\/categories?post=13158"},{"taxonomy":"post_tag","embeddable":true,"href":"https:\/\/sff-camara.com\/es\/wp-json\/wp\/v2\/tags?post=13158"}],"curies":[{"name":"wp","href":"https:\/\/api.w.org\/{rel}","templated":true}]}}